{"id":329153,"date":"2025-12-05T12:27:15","date_gmt":"2025-12-05T10:27:15","guid":{"rendered":"https:\/\/www.monaco-tribune.com\/2025\/12\/prince-albert-ii-surrounded-by-stars-at-fifth-festival-des-etoiles-monte-carlo\/"},"modified":"2025-12-05T12:32:16","modified_gmt":"2025-12-05T10:32:16","slug":"prince-albert-ii-surrounded-by-stars-at-fifth-festival-des-etoiles-monte-carlo","status":"publish","type":"post","link":"https:\/\/www.monaco-tribune.com\/en\/2025\/12\/prince-albert-ii-surrounded-by-stars-at-fifth-festival-des-etoiles-monte-carlo\/","title":{"rendered":"Prince Albert II surrounded by stars at fifth Festival des \u00c9toil\u00e9s Monte-Carlo"},"content":{"rendered":"\n<p><strong>On 29 November, the fifth edition of the Festival des \u00c9toil\u00e9s (Festival of the Michelin-starred) Monte-Carlo wrapped up with a gala dinner bringing together the SBM group\u2019s leading chefs.<\/strong><\/p>\n\n\n\n<p>Last weekend, 250 guests truly had stars in their eyes: the Salle des \u00c9toiles at the Sporting Monte-Carlo hosted the traditional closing dinner of the Festival des \u00c9toil\u00e9s on Saturday evening. Wearing a black tuxedo and bow tie, Prince Albert II attended alongside Louis Ducruet and his wife <a href=\"https:\/\/www.monaco-tribune.com\/en\/2025\/09\/at-32-marie-ducruet-sees-motherhood-as-an-entrepreneurial-driving-force\/\">Marie Ducruet<\/a>, Pauline Ducruet and Camille Gottlieb for the anniversary edition.<\/p>\n\n\n\n<p>Chefs Alain Ducasse, Emmanuel Pilon, Yannick All\u00e9no, Marcel Ravin, Domenico d\u2019Antonio and Dominique Lory pulled out all the stops to present a seven-course menu. <a href=\"https:\/\/www.monaco-tribune.com\/en\/2025\/07\/cedric-grolet-in-monaco-what-looks-good-brings-people-in-what-tastes-good-brings-them-back\/\">Pastry chef C\u00e9dric Grolet<\/a> joined the brigade this year to unveil an XXL Saint-Honor\u00e9 for dessert.<\/p>\n\n\n\n<figure class=\"wp-block-gallery has-nested-images columns-1 is-cropped wp-block-gallery-1 is-layout-flex wp-block-gallery-is-layout-flex\">\n<figure class=\"wp-block-image size-large\"><img loading=\"lazy\" decoding=\"async\" width=\"1024\" height=\"791\" data-id=\"328769\" src=\"https:\/\/www.monaco-tribune.com\/wp-content\/uploads\/2025\/12\/festival-des-etoiles-monte-carlo-2025-5eme-anniversaire-chef-marcel-ravin-entoure-de-son-equipe-@monte-carlo-sbm-19-grande-1024x791.jpeg\" alt=\"\" class=\"wp-image-328769\" srcset=\"https:\/\/www.monaco-tribune.com\/wp-content\/uploads\/2025\/12\/festival-des-etoiles-monte-carlo-2025-5eme-anniversaire-chef-marcel-ravin-entoure-de-son-equipe-@monte-carlo-sbm-19-grande-1024x791.jpeg 1024w, https:\/\/www.monaco-tribune.com\/wp-content\/uploads\/2025\/12\/festival-des-etoiles-monte-carlo-2025-5eme-anniversaire-chef-marcel-ravin-entoure-de-son-equipe-@monte-carlo-sbm-19-grande-388x300.jpeg 388w, https:\/\/www.monaco-tribune.com\/wp-content\/uploads\/2025\/12\/festival-des-etoiles-monte-carlo-2025-5eme-anniversaire-chef-marcel-ravin-entoure-de-son-equipe-@monte-carlo-sbm-19-grande.jpeg 1280w\" sizes=\"auto, (max-width: 1024px) 100vw, 1024px\" \/><\/figure>\n\n\n\n<figure class=\"wp-block-image size-large\"><img loading=\"lazy\" decoding=\"async\" width=\"1024\" height=\"760\" data-id=\"328773\" src=\"https:\/\/www.monaco-tribune.com\/wp-content\/uploads\/2025\/12\/festival-des-etoiles-monte-carlo-2025-5eme-anniversaire-chef-yannick-alleno-entoure-de-son-equipe-@monte-carlo-sbm29-grande-1024x760.jpeg\" alt=\"Le chef Yannick All\u00e9no entour\u00e9 de son \u00e9quipe \u00a9 MCSBM\" class=\"wp-image-328773\" srcset=\"https:\/\/www.monaco-tribune.com\/wp-content\/uploads\/2025\/12\/festival-des-etoiles-monte-carlo-2025-5eme-anniversaire-chef-yannick-alleno-entoure-de-son-equipe-@monte-carlo-sbm29-grande-1024x760.jpeg 1024w, https:\/\/www.monaco-tribune.com\/wp-content\/uploads\/2025\/12\/festival-des-etoiles-monte-carlo-2025-5eme-anniversaire-chef-yannick-alleno-entoure-de-son-equipe-@monte-carlo-sbm29-grande-404x300.jpeg 404w, https:\/\/www.monaco-tribune.com\/wp-content\/uploads\/2025\/12\/festival-des-etoiles-monte-carlo-2025-5eme-anniversaire-chef-yannick-alleno-entoure-de-son-equipe-@monte-carlo-sbm29-grande.jpeg 1280w\" sizes=\"auto, (max-width: 1024px) 100vw, 1024px\" \/><figcaption class=\"wp-element-caption\"><em>Chef Yannick All\u00e9no with his team<\/em> \u00a9 MCSBM<\/figcaption><\/figure>\n\n\n\n<figure class=\"wp-block-image size-large\"><img loading=\"lazy\" decoding=\"async\" width=\"842\" height=\"1024\" data-id=\"328777\" src=\"https:\/\/www.monaco-tribune.com\/wp-content\/uploads\/2025\/12\/festival-des-etoiles-monte-carlo-2025-5eme-anniversaire-pavyllon-monte-carlo-@monte-carlo-sbm-52-grande-842x1024.jpeg\" alt=\"\" class=\"wp-image-328777\" srcset=\"https:\/\/www.monaco-tribune.com\/wp-content\/uploads\/2025\/12\/festival-des-etoiles-monte-carlo-2025-5eme-anniversaire-pavyllon-monte-carlo-@monte-carlo-sbm-52-grande-842x1024.jpeg 842w, https:\/\/www.monaco-tribune.com\/wp-content\/uploads\/2025\/12\/festival-des-etoiles-monte-carlo-2025-5eme-anniversaire-pavyllon-monte-carlo-@monte-carlo-sbm-52-grande-247x300.jpeg 247w, https:\/\/www.monaco-tribune.com\/wp-content\/uploads\/2025\/12\/festival-des-etoiles-monte-carlo-2025-5eme-anniversaire-pavyllon-monte-carlo-@monte-carlo-sbm-52-grande.jpeg 1052w\" sizes=\"auto, (max-width: 842px) 100vw, 842px\" \/><\/figure>\n\n\n\n<figure class=\"wp-block-image size-large\"><img loading=\"lazy\" decoding=\"async\" width=\"1024\" height=\"683\" data-id=\"328765\" src=\"https:\/\/www.monaco-tribune.com\/wp-content\/uploads\/2025\/12\/festival-des-etoiles-monte-carlo-2025-5eme-anniversaire-chef-cedric-grolet-et-le-saint-honore-xxl-@monte-carlo-sbm-17-grande-1024x683.jpeg\" alt=\"C\u00e9dric Grolet et son dessert XXL \u00a9 MCSBM\" class=\"wp-image-328765\" srcset=\"https:\/\/www.monaco-tribune.com\/wp-content\/uploads\/2025\/12\/festival-des-etoiles-monte-carlo-2025-5eme-anniversaire-chef-cedric-grolet-et-le-saint-honore-xxl-@monte-carlo-sbm-17-grande-1024x683.jpeg 1024w, https:\/\/www.monaco-tribune.com\/wp-content\/uploads\/2025\/12\/festival-des-etoiles-monte-carlo-2025-5eme-anniversaire-chef-cedric-grolet-et-le-saint-honore-xxl-@monte-carlo-sbm-17-grande-450x300.jpeg 450w, https:\/\/www.monaco-tribune.com\/wp-content\/uploads\/2025\/12\/festival-des-etoiles-monte-carlo-2025-5eme-anniversaire-chef-cedric-grolet-et-le-saint-honore-xxl-@monte-carlo-sbm-17-grande.jpeg 1280w\" sizes=\"auto, (max-width: 1024px) 100vw, 1024px\" \/><figcaption class=\"wp-element-caption\"><em>C\u00e9dric Grolet and his XXL dessert<\/em> \u00a9 MCSBM<\/figcaption><\/figure>\n<\/figure>\n\n\n\n<h2 class=\"wp-block-heading\" id=\"h-a-festival-marked-by-exquisite-dinners\">A festival marked by exquisite dinners<\/h2>\n\n\n\n<p>Since its April launch at Le Grill with Dominique Lory and Pierre Gagnaire, this fifth edition has included several four-hands dinners across the group&#8217;s establishments. Albert Adri\u00e0 at Le Louis XV, Davide Oldani at Pavyllon, Anne-Sophie Pic at Blue Bay and Hirotaka Wada at L\u2019Abysse all featured on this year\u2019s programme.<\/p>\n\n\n\n<figure class=\"wp-block-embed is-type-wp-embed is-provider-monaco-tribune wp-block-embed-monaco-tribune\"><div class=\"wp-block-embed__wrapper\">\n<blockquote class=\"wp-embedded-content\" data-secret=\"kwo4nkJQa4\"><a href=\"https:\/\/www.monaco-tribune.com\/en\/2025\/05\/marcel-ravin-crowned-chef-of-the-year-at-hotel-lodge-awards-2025\/\">Marcel Ravin crowned Chef of the Year at Hotel &#038; Lodge Awards 2025<\/a><\/blockquote><iframe class=\"wp-embedded-content\" sandbox=\"allow-scripts\" security=\"restricted\" style=\"position: absolute; visibility: hidden;\" title=\"&#8220;Marcel Ravin crowned Chef of the Year at Hotel &#038; Lodge Awards 2025&#8221; &#8212; Monaco Tribune\" src=\"https:\/\/www.monaco-tribune.com\/en\/2025\/05\/marcel-ravin-crowned-chef-of-the-year-at-hotel-lodge-awards-2025\/embed\/#?secret=dgJRuGmMxx#?secret=kwo4nkJQa4\" data-secret=\"kwo4nkJQa4\" width=\"500\" height=\"282\" frameborder=\"0\" marginwidth=\"0\" marginheight=\"0\" scrolling=\"no\"><\/iframe>\n<\/div><\/figure>\n\n\n\n<p>The Monte-Carlo Soci\u00e9t\u00e9 des Bains de Mer group <a href=\"https:\/\/www.monaco-tribune.com\/en\/2025\/05\/financial-results-record-year-for-sbm\/\">now claims ten Michelin stars<\/a>, up from seven at previous editions, thanks to the opening of new restaurants.<\/p>\n\n\n\n<h2 class=\"wp-block-heading\" id=\"h-a-blend-of-gastronomy-and-live-performance\">A blend of gastronomy and live performance<\/h2>\n\n\n\n<p>The evening combined haute cuisine with entertainment. Performances by the children\u2019s choir of the International School of Monaco, dancer Desislava Kancheva, and the duo Marc Emmanuel Zanoli and Claire Teyssi\u00e8re punctuated the meal before Divas on the Floor brought the festivities to a close. The sixth edition has already been announced for 2026.<\/p>\n\n\n\n<figure class=\"wp-block-gallery has-nested-images columns-1 is-cropped wp-block-gallery-2 is-layout-flex wp-block-gallery-is-layout-flex\">\n<figure class=\"wp-block-image size-large\"><img loading=\"lazy\" decoding=\"async\" width=\"1024\" height=\"683\" data-id=\"328789\" src=\"https:\/\/www.monaco-tribune.com\/wp-content\/uploads\/2025\/12\/festival-des-etoiles-monte-carlo-2025-5eme-anniversaire-@monte-carlo-sbm-20-grande-1024x683.jpeg\" alt=\"\" class=\"wp-image-328789\" srcset=\"https:\/\/www.monaco-tribune.com\/wp-content\/uploads\/2025\/12\/festival-des-etoiles-monte-carlo-2025-5eme-anniversaire-@monte-carlo-sbm-20-grande-1024x683.jpeg 1024w, https:\/\/www.monaco-tribune.com\/wp-content\/uploads\/2025\/12\/festival-des-etoiles-monte-carlo-2025-5eme-anniversaire-@monte-carlo-sbm-20-grande-450x300.jpeg 450w, https:\/\/www.monaco-tribune.com\/wp-content\/uploads\/2025\/12\/festival-des-etoiles-monte-carlo-2025-5eme-anniversaire-@monte-carlo-sbm-20-grande.jpeg 1280w\" sizes=\"auto, (max-width: 1024px) 100vw, 1024px\" \/><\/figure>\n\n\n\n<figure class=\"wp-block-image size-large\"><img loading=\"lazy\" decoding=\"async\" width=\"1024\" height=\"683\" data-id=\"328795\" src=\"https:\/\/www.monaco-tribune.com\/wp-content\/uploads\/2025\/12\/festival-des-etoiles-monte-carlo-2025-5eme-anniversaire-@monte-carlo-sbm-7-grande-1024x683.jpeg\" alt=\"\" class=\"wp-image-328795\" srcset=\"https:\/\/www.monaco-tribune.com\/wp-content\/uploads\/2025\/12\/festival-des-etoiles-monte-carlo-2025-5eme-anniversaire-@monte-carlo-sbm-7-grande-1024x683.jpeg 1024w, https:\/\/www.monaco-tribune.com\/wp-content\/uploads\/2025\/12\/festival-des-etoiles-monte-carlo-2025-5eme-anniversaire-@monte-carlo-sbm-7-grande-450x300.jpeg 450w, https:\/\/www.monaco-tribune.com\/wp-content\/uploads\/2025\/12\/festival-des-etoiles-monte-carlo-2025-5eme-anniversaire-@monte-carlo-sbm-7-grande.jpeg 1280w\" sizes=\"auto, (max-width: 1024px) 100vw, 1024px\" \/><\/figure>\n\n\n\n<figure class=\"wp-block-image size-large\"><img loading=\"lazy\" decoding=\"async\" width=\"1024\" height=\"642\" data-id=\"328781\" src=\"https:\/\/www.monaco-tribune.com\/wp-content\/uploads\/2025\/12\/festival-des-etoiles-monte-carlo-2025-5eme-anniversaire-@monte-carlo-sbm-1-grande-1024x642.jpeg\" alt=\"\" class=\"wp-image-328781\" srcset=\"https:\/\/www.monaco-tribune.com\/wp-content\/uploads\/2025\/12\/festival-des-etoiles-monte-carlo-2025-5eme-anniversaire-@monte-carlo-sbm-1-grande-1024x642.jpeg 1024w, https:\/\/www.monaco-tribune.com\/wp-content\/uploads\/2025\/12\/festival-des-etoiles-monte-carlo-2025-5eme-anniversaire-@monte-carlo-sbm-1-grande-478x300.jpeg 478w, https:\/\/www.monaco-tribune.com\/wp-content\/uploads\/2025\/12\/festival-des-etoiles-monte-carlo-2025-5eme-anniversaire-@monte-carlo-sbm-1-grande.jpeg 1280w\" sizes=\"auto, (max-width: 1024px) 100vw, 1024px\" \/><figcaption class=\"wp-element-caption\">\u00a9 MCSBM<\/figcaption><\/figure>\n<\/figure>\n","protected":false},"excerpt":{"rendered":"<p>On 29 November, the fifth edition of the Festival des \u00c9toil\u00e9s (Festival of the Michelin-starred) Monte-Carlo wrapped up with a [&hellip;]<\/p>\n","protected":false},"author":21,"featured_media":328762,"comment_status":"closed","ping_status":"closed","sticky":false,"template":"","format":"standard","meta":{"_acf_changed":false,"footnotes":""},"categories":[1825,243,251],"tags":[2830],"post_sectags":[4457],"post_format":[2462],"class_list":["post-329153","post","type-post","status-publish","format-standard","has-post-thumbnail","hentry","category-editors-choice","category-news","category-whats-on","tag-prince-albert-ii-en-2","sectag-festival-des-etoiles-en","format-photos-en"],"acf":[],"yoast_head":"<!-- This site is optimized with the Yoast SEO Premium plugin v26.8 (Yoast SEO v27.5) - https:\/\/yoast.com\/product\/yoast-seo-premium-wordpress\/ -->\n<title>Prince Albert II surrounded by stars at fifth Festival des \u00c9toil\u00e9s Monte-Carlo<\/title>\n<meta name=\"description\" content=\"On 29 November, the fifth edition of the Festival des \u00c9toil\u00e9s (Festival of the Michelin-starred) Monte-Carlo wrapped up with a gala dinner bringing\" \/>\n<meta name=\"robots\" content=\"index, follow, max-snippet:-1, max-image-preview:large, max-video-preview:-1\" \/>\n<link rel=\"canonical\" href=\"https:\/\/www.monaco-tribune.com\/en\/2025\/12\/prince-albert-ii-surrounded-by-stars-at-fifth-festival-des-etoiles-monte-carlo\/\" \/>\n<meta property=\"og:locale\" content=\"en_US\" \/>\n<meta property=\"og:type\" content=\"article\" \/>\n<meta property=\"og:title\" content=\"Prince Albert II surrounded by stars at fifth Festival des \u00c9toil\u00e9s Monte-Carlo - Monaco Tribune\" \/>\n<meta property=\"og:description\" content=\"On 29 November, the fifth edition of the Festival des \u00c9toil\u00e9s (Festival of the Michelin-starred) Monte-Carlo wrapped up with a gala dinner bringing\" \/>\n<meta property=\"og:url\" content=\"https:\/\/www.monaco-tribune.com\/en\/2025\/12\/prince-albert-ii-surrounded-by-stars-at-fifth-festival-des-etoiles-monte-carlo\/\" \/>\n<meta property=\"og:site_name\" content=\"Monaco Tribune\" \/>\n<meta property=\"article:publisher\" content=\"https:\/\/www.facebook.com\/MonacoTribune\" \/>\n<meta property=\"article:published_time\" content=\"2025-12-05T10:27:15+00:00\" \/>\n<meta property=\"article:modified_time\" content=\"2025-12-05T10:32:16+00:00\" \/>\n<meta property=\"og:image\" content=\"https:\/\/www.monaco-tribune.com\/wp-content\/uploads\/2025\/12\/gala-de-cloture-festival-des-etoiles-monte-carlo-@monte-carlo-sbm-4-grande.jpeg\" \/>\n\t<meta property=\"og:image:width\" content=\"1280\" \/>\n\t<meta property=\"og:image:height\" content=\"853\" \/>\n\t<meta property=\"og:image:type\" content=\"image\/jpeg\" \/>\n<meta name=\"author\" content=\"Monaco Tribune\" \/>\n<meta name=\"twitter:card\" content=\"summary_large_image\" \/>\n<meta name=\"twitter:creator\" content=\"@MonacoTribune\" \/>\n<meta name=\"twitter:site\" content=\"@MonacoTribune\" \/>\n<script type=\"application\/ld+json\" class=\"yoast-schema-graph\">{\"@context\":\"https:\\\/\\\/schema.org\",\"@graph\":[{\"@type\":\"NewsArticle\",\"@id\":\"https:\\\/\\\/www.monaco-tribune.com\\\/en\\\/2025\\\/12\\\/prince-albert-ii-surrounded-by-stars-at-fifth-festival-des-etoiles-monte-carlo\\\/#article\",\"isPartOf\":{\"@id\":\"https:\\\/\\\/www.monaco-tribune.com\\\/en\\\/2025\\\/12\\\/prince-albert-ii-surrounded-by-stars-at-fifth-festival-des-etoiles-monte-carlo\\\/\"},\"author\":{\"name\":\"Monaco Tribune\",\"@id\":\"https:\\\/\\\/www.monaco-tribune.com\\\/en\\\/#\\\/schema\\\/person\\\/8f6ed8c063276e2397589eda5b7a2f2d\"},\"headline\":\"Prince Albert II surrounded by stars at fifth Festival des \u00c9toil\u00e9s Monte-Carlo\",\"datePublished\":\"2025-12-05T10:27:15+00:00\",\"dateModified\":\"2025-12-05T10:32:16+00:00\",\"mainEntityOfPage\":{\"@id\":\"https:\\\/\\\/www.monaco-tribune.com\\\/en\\\/2025\\\/12\\\/prince-albert-ii-surrounded-by-stars-at-fifth-festival-des-etoiles-monte-carlo\\\/\"},\"wordCount\":316,\"publisher\":{\"@id\":\"https:\\\/\\\/www.monaco-tribune.com\\\/en\\\/#organization\"},\"image\":{\"@id\":\"https:\\\/\\\/www.monaco-tribune.com\\\/en\\\/2025\\\/12\\\/prince-albert-ii-surrounded-by-stars-at-fifth-festival-des-etoiles-monte-carlo\\\/#primaryimage\"},\"thumbnailUrl\":\"https:\\\/\\\/www.monaco-tribune.com\\\/wp-content\\\/uploads\\\/2025\\\/12\\\/gala-de-cloture-festival-des-etoiles-monte-carlo-@monte-carlo-sbm-4-grande.jpeg\",\"keywords\":[\"Prince Albert II\"],\"articleSection\":[\"Editor&#039;s choice\",\"News\",\"What&#039;s on\"],\"inLanguage\":\"en-US\",\"copyrightYear\":\"2025\",\"copyrightHolder\":{\"@id\":\"https:\\\/\\\/www.monaco-tribune.com\\\/#organization\"}},{\"@type\":\"WebPage\",\"@id\":\"https:\\\/\\\/www.monaco-tribune.com\\\/en\\\/2025\\\/12\\\/prince-albert-ii-surrounded-by-stars-at-fifth-festival-des-etoiles-monte-carlo\\\/\",\"url\":\"https:\\\/\\\/www.monaco-tribune.com\\\/en\\\/2025\\\/12\\\/prince-albert-ii-surrounded-by-stars-at-fifth-festival-des-etoiles-monte-carlo\\\/\",\"name\":\"Prince Albert II surrounded by stars at fifth Festival des \u00c9toil\u00e9s Monte-Carlo\",\"isPartOf\":{\"@id\":\"https:\\\/\\\/www.monaco-tribune.com\\\/en\\\/#website\"},\"primaryImageOfPage\":{\"@id\":\"https:\\\/\\\/www.monaco-tribune.com\\\/en\\\/2025\\\/12\\\/prince-albert-ii-surrounded-by-stars-at-fifth-festival-des-etoiles-monte-carlo\\\/#primaryimage\"},\"image\":{\"@id\":\"https:\\\/\\\/www.monaco-tribune.com\\\/en\\\/2025\\\/12\\\/prince-albert-ii-surrounded-by-stars-at-fifth-festival-des-etoiles-monte-carlo\\\/#primaryimage\"},\"thumbnailUrl\":\"https:\\\/\\\/www.monaco-tribune.com\\\/wp-content\\\/uploads\\\/2025\\\/12\\\/gala-de-cloture-festival-des-etoiles-monte-carlo-@monte-carlo-sbm-4-grande.jpeg\",\"datePublished\":\"2025-12-05T10:27:15+00:00\",\"dateModified\":\"2025-12-05T10:32:16+00:00\",\"description\":\"On 29 November, the fifth edition of the Festival des \u00c9toil\u00e9s (Festival of the Michelin-starred) Monte-Carlo wrapped up with a gala dinner bringing\",\"breadcrumb\":{\"@id\":\"https:\\\/\\\/www.monaco-tribune.com\\\/en\\\/2025\\\/12\\\/prince-albert-ii-surrounded-by-stars-at-fifth-festival-des-etoiles-monte-carlo\\\/#breadcrumb\"},\"inLanguage\":\"en-US\",\"potentialAction\":[{\"@type\":\"ReadAction\",\"target\":[\"https:\\\/\\\/www.monaco-tribune.com\\\/en\\\/2025\\\/12\\\/prince-albert-ii-surrounded-by-stars-at-fifth-festival-des-etoiles-monte-carlo\\\/\"]}]},{\"@type\":\"ImageObject\",\"inLanguage\":\"en-US\",\"@id\":\"https:\\\/\\\/www.monaco-tribune.com\\\/en\\\/2025\\\/12\\\/prince-albert-ii-surrounded-by-stars-at-fifth-festival-des-etoiles-monte-carlo\\\/#primaryimage\",\"url\":\"https:\\\/\\\/www.monaco-tribune.com\\\/wp-content\\\/uploads\\\/2025\\\/12\\\/gala-de-cloture-festival-des-etoiles-monte-carlo-@monte-carlo-sbm-4-grande.jpeg\",\"contentUrl\":\"https:\\\/\\\/www.monaco-tribune.com\\\/wp-content\\\/uploads\\\/2025\\\/12\\\/gala-de-cloture-festival-des-etoiles-monte-carlo-@monte-carlo-sbm-4-grande.jpeg\",\"width\":1280,\"height\":853,\"caption\":\"Prince Albert II surrounded by members of the Princely Family and the chefs at the Festival des \u00c9toil\u00e9s closing gala \u00a9 Monte-Carlo Soci\u00e9t\u00e9 des Bains de Mer\"},{\"@type\":\"BreadcrumbList\",\"@id\":\"https:\\\/\\\/www.monaco-tribune.com\\\/en\\\/2025\\\/12\\\/prince-albert-ii-surrounded-by-stars-at-fifth-festival-des-etoiles-monte-carlo\\\/#breadcrumb\",\"itemListElement\":[{\"@type\":\"ListItem\",\"position\":1,\"name\":\"Accueil\",\"item\":\"https:\\\/\\\/www.monaco-tribune.com\\\/en\\\/\"},{\"@type\":\"ListItem\",\"position\":2,\"name\":\"Prince Albert II surrounded by stars at fifth Festival des \u00c9toil\u00e9s Monte-Carlo\"}]},{\"@type\":\"WebSite\",\"@id\":\"https:\\\/\\\/www.monaco-tribune.com\\\/en\\\/#website\",\"url\":\"https:\\\/\\\/www.monaco-tribune.com\\\/en\\\/\",\"name\":\"Monaco Tribune\",\"description\":\"Monaco : actualit\u00e9s \u00e9conomiques, politiques, culturelles et sportives de Monaco et de la French Riviera.\",\"publisher\":{\"@id\":\"https:\\\/\\\/www.monaco-tribune.com\\\/en\\\/#organization\"},\"potentialAction\":[{\"@type\":\"SearchAction\",\"target\":{\"@type\":\"EntryPoint\",\"urlTemplate\":\"https:\\\/\\\/www.monaco-tribune.com\\\/en\\\/?s={search_term_string}\"},\"query-input\":{\"@type\":\"PropertyValueSpecification\",\"valueRequired\":true,\"valueName\":\"search_term_string\"}}],\"inLanguage\":\"en-US\"},{\"@type\":\"Organization\",\"@id\":\"https:\\\/\\\/www.monaco-tribune.com\\\/en\\\/#organization\",\"name\":\"Monaco Tribune\",\"url\":\"https:\\\/\\\/www.monaco-tribune.com\\\/en\\\/\",\"logo\":{\"@type\":\"ImageObject\",\"inLanguage\":\"en-US\",\"@id\":\"https:\\\/\\\/www.monaco-tribune.com\\\/en\\\/#\\\/schema\\\/logo\\\/image\\\/\",\"url\":\"https:\\\/\\\/www.monaco-tribune.com\\\/wp-content\\\/uploads\\\/2022\\\/11\\\/logo-monaco-tribune.png\",\"contentUrl\":\"https:\\\/\\\/www.monaco-tribune.com\\\/wp-content\\\/uploads\\\/2022\\\/11\\\/logo-monaco-tribune.png\",\"width\":1548,\"height\":600,\"caption\":\"Monaco Tribune\"},\"image\":{\"@id\":\"https:\\\/\\\/www.monaco-tribune.com\\\/en\\\/#\\\/schema\\\/logo\\\/image\\\/\"},\"sameAs\":[\"https:\\\/\\\/www.facebook.com\\\/MonacoTribune\",\"https:\\\/\\\/x.com\\\/MonacoTribune\",\"https:\\\/\\\/www.instagram.com\\\/monacotribune\\\/\",\"https:\\\/\\\/www.linkedin.com\\\/company\\\/monaco-tribune\",\"https:\\\/\\\/www.youtube.com\\\/channel\\\/UCHle1MnG6hw1y4lWKijVbMA\"]},{\"@type\":\"Person\",\"@id\":\"https:\\\/\\\/www.monaco-tribune.com\\\/en\\\/#\\\/schema\\\/person\\\/8f6ed8c063276e2397589eda5b7a2f2d\",\"name\":\"Monaco Tribune\",\"image\":{\"@type\":\"ImageObject\",\"inLanguage\":\"en-US\",\"@id\":\"https:\\\/\\\/secure.gravatar.com\\\/avatar\\\/3010e6c5d6c8056ec1c25228fe68ea089879e5ae0de884e0247744ee988aaf6a?s=96&d=mm&r=g\",\"url\":\"https:\\\/\\\/secure.gravatar.com\\\/avatar\\\/3010e6c5d6c8056ec1c25228fe68ea089879e5ae0de884e0247744ee988aaf6a?s=96&d=mm&r=g\",\"contentUrl\":\"https:\\\/\\\/secure.gravatar.com\\\/avatar\\\/3010e6c5d6c8056ec1c25228fe68ea089879e5ae0de884e0247744ee988aaf6a?s=96&d=mm&r=g\",\"caption\":\"Monaco Tribune\"},\"url\":\"https:\\\/\\\/www.monaco-tribune.com\\\/en\\\/author\\\/monaco-tribune\\\/\"}]}<\/script>\n<!-- \/ Yoast SEO Premium plugin. -->","yoast_head_json":{"title":"Prince Albert II surrounded by stars at fifth Festival des \u00c9toil\u00e9s Monte-Carlo","description":"On 29 November, the fifth edition of the Festival des \u00c9toil\u00e9s (Festival of the Michelin-starred) Monte-Carlo wrapped up with a gala dinner bringing","robots":{"index":"index","follow":"follow","max-snippet":"max-snippet:-1","max-image-preview":"max-image-preview:large","max-video-preview":"max-video-preview:-1"},"canonical":"https:\/\/www.monaco-tribune.com\/en\/2025\/12\/prince-albert-ii-surrounded-by-stars-at-fifth-festival-des-etoiles-monte-carlo\/","og_locale":"en_US","og_type":"article","og_title":"Prince Albert II surrounded by stars at fifth Festival des \u00c9toil\u00e9s Monte-Carlo - Monaco Tribune","og_description":"On 29 November, the fifth edition of the Festival des \u00c9toil\u00e9s (Festival of the Michelin-starred) Monte-Carlo wrapped up with a gala dinner bringing","og_url":"https:\/\/www.monaco-tribune.com\/en\/2025\/12\/prince-albert-ii-surrounded-by-stars-at-fifth-festival-des-etoiles-monte-carlo\/","og_site_name":"Monaco Tribune","article_publisher":"https:\/\/www.facebook.com\/MonacoTribune","article_published_time":"2025-12-05T10:27:15+00:00","article_modified_time":"2025-12-05T10:32:16+00:00","og_image":[{"width":1280,"height":853,"url":"https:\/\/www.monaco-tribune.com\/wp-content\/uploads\/2025\/12\/gala-de-cloture-festival-des-etoiles-monte-carlo-@monte-carlo-sbm-4-grande.jpeg","type":"image\/jpeg"}],"author":"Monaco Tribune","twitter_card":"summary_large_image","twitter_creator":"@MonacoTribune","twitter_site":"@MonacoTribune","schema":{"@context":"https:\/\/schema.org","@graph":[{"@type":"NewsArticle","@id":"https:\/\/www.monaco-tribune.com\/en\/2025\/12\/prince-albert-ii-surrounded-by-stars-at-fifth-festival-des-etoiles-monte-carlo\/#article","isPartOf":{"@id":"https:\/\/www.monaco-tribune.com\/en\/2025\/12\/prince-albert-ii-surrounded-by-stars-at-fifth-festival-des-etoiles-monte-carlo\/"},"author":{"name":"Monaco Tribune","@id":"https:\/\/www.monaco-tribune.com\/en\/#\/schema\/person\/8f6ed8c063276e2397589eda5b7a2f2d"},"headline":"Prince Albert II surrounded by stars at fifth Festival des \u00c9toil\u00e9s Monte-Carlo","datePublished":"2025-12-05T10:27:15+00:00","dateModified":"2025-12-05T10:32:16+00:00","mainEntityOfPage":{"@id":"https:\/\/www.monaco-tribune.com\/en\/2025\/12\/prince-albert-ii-surrounded-by-stars-at-fifth-festival-des-etoiles-monte-carlo\/"},"wordCount":316,"publisher":{"@id":"https:\/\/www.monaco-tribune.com\/en\/#organization"},"image":{"@id":"https:\/\/www.monaco-tribune.com\/en\/2025\/12\/prince-albert-ii-surrounded-by-stars-at-fifth-festival-des-etoiles-monte-carlo\/#primaryimage"},"thumbnailUrl":"https:\/\/www.monaco-tribune.com\/wp-content\/uploads\/2025\/12\/gala-de-cloture-festival-des-etoiles-monte-carlo-@monte-carlo-sbm-4-grande.jpeg","keywords":["Prince Albert II"],"articleSection":["Editor&#039;s choice","News","What&#039;s on"],"inLanguage":"en-US","copyrightYear":"2025","copyrightHolder":{"@id":"https:\/\/www.monaco-tribune.com\/#organization"}},{"@type":"WebPage","@id":"https:\/\/www.monaco-tribune.com\/en\/2025\/12\/prince-albert-ii-surrounded-by-stars-at-fifth-festival-des-etoiles-monte-carlo\/","url":"https:\/\/www.monaco-tribune.com\/en\/2025\/12\/prince-albert-ii-surrounded-by-stars-at-fifth-festival-des-etoiles-monte-carlo\/","name":"Prince Albert II surrounded by stars at fifth Festival des \u00c9toil\u00e9s Monte-Carlo","isPartOf":{"@id":"https:\/\/www.monaco-tribune.com\/en\/#website"},"primaryImageOfPage":{"@id":"https:\/\/www.monaco-tribune.com\/en\/2025\/12\/prince-albert-ii-surrounded-by-stars-at-fifth-festival-des-etoiles-monte-carlo\/#primaryimage"},"image":{"@id":"https:\/\/www.monaco-tribune.com\/en\/2025\/12\/prince-albert-ii-surrounded-by-stars-at-fifth-festival-des-etoiles-monte-carlo\/#primaryimage"},"thumbnailUrl":"https:\/\/www.monaco-tribune.com\/wp-content\/uploads\/2025\/12\/gala-de-cloture-festival-des-etoiles-monte-carlo-@monte-carlo-sbm-4-grande.jpeg","datePublished":"2025-12-05T10:27:15+00:00","dateModified":"2025-12-05T10:32:16+00:00","description":"On 29 November, the fifth edition of the Festival des \u00c9toil\u00e9s (Festival of the Michelin-starred) Monte-Carlo wrapped up with a gala dinner bringing","breadcrumb":{"@id":"https:\/\/www.monaco-tribune.com\/en\/2025\/12\/prince-albert-ii-surrounded-by-stars-at-fifth-festival-des-etoiles-monte-carlo\/#breadcrumb"},"inLanguage":"en-US","potentialAction":[{"@type":"ReadAction","target":["https:\/\/www.monaco-tribune.com\/en\/2025\/12\/prince-albert-ii-surrounded-by-stars-at-fifth-festival-des-etoiles-monte-carlo\/"]}]},{"@type":"ImageObject","inLanguage":"en-US","@id":"https:\/\/www.monaco-tribune.com\/en\/2025\/12\/prince-albert-ii-surrounded-by-stars-at-fifth-festival-des-etoiles-monte-carlo\/#primaryimage","url":"https:\/\/www.monaco-tribune.com\/wp-content\/uploads\/2025\/12\/gala-de-cloture-festival-des-etoiles-monte-carlo-@monte-carlo-sbm-4-grande.jpeg","contentUrl":"https:\/\/www.monaco-tribune.com\/wp-content\/uploads\/2025\/12\/gala-de-cloture-festival-des-etoiles-monte-carlo-@monte-carlo-sbm-4-grande.jpeg","width":1280,"height":853,"caption":"Prince Albert II surrounded by members of the Princely Family and the chefs at the Festival des \u00c9toil\u00e9s closing gala \u00a9 Monte-Carlo Soci\u00e9t\u00e9 des Bains de Mer"},{"@type":"BreadcrumbList","@id":"https:\/\/www.monaco-tribune.com\/en\/2025\/12\/prince-albert-ii-surrounded-by-stars-at-fifth-festival-des-etoiles-monte-carlo\/#breadcrumb","itemListElement":[{"@type":"ListItem","position":1,"name":"Accueil","item":"https:\/\/www.monaco-tribune.com\/en\/"},{"@type":"ListItem","position":2,"name":"Prince Albert II surrounded by stars at fifth Festival des \u00c9toil\u00e9s Monte-Carlo"}]},{"@type":"WebSite","@id":"https:\/\/www.monaco-tribune.com\/en\/#website","url":"https:\/\/www.monaco-tribune.com\/en\/","name":"Monaco Tribune","description":"Monaco : actualit\u00e9s \u00e9conomiques, politiques, culturelles et sportives de Monaco et de la French Riviera.","publisher":{"@id":"https:\/\/www.monaco-tribune.com\/en\/#organization"},"potentialAction":[{"@type":"SearchAction","target":{"@type":"EntryPoint","urlTemplate":"https:\/\/www.monaco-tribune.com\/en\/?s={search_term_string}"},"query-input":{"@type":"PropertyValueSpecification","valueRequired":true,"valueName":"search_term_string"}}],"inLanguage":"en-US"},{"@type":"Organization","@id":"https:\/\/www.monaco-tribune.com\/en\/#organization","name":"Monaco Tribune","url":"https:\/\/www.monaco-tribune.com\/en\/","logo":{"@type":"ImageObject","inLanguage":"en-US","@id":"https:\/\/www.monaco-tribune.com\/en\/#\/schema\/logo\/image\/","url":"https:\/\/www.monaco-tribune.com\/wp-content\/uploads\/2022\/11\/logo-monaco-tribune.png","contentUrl":"https:\/\/www.monaco-tribune.com\/wp-content\/uploads\/2022\/11\/logo-monaco-tribune.png","width":1548,"height":600,"caption":"Monaco Tribune"},"image":{"@id":"https:\/\/www.monaco-tribune.com\/en\/#\/schema\/logo\/image\/"},"sameAs":["https:\/\/www.facebook.com\/MonacoTribune","https:\/\/x.com\/MonacoTribune","https:\/\/www.instagram.com\/monacotribune\/","https:\/\/www.linkedin.com\/company\/monaco-tribune","https:\/\/www.youtube.com\/channel\/UCHle1MnG6hw1y4lWKijVbMA"]},{"@type":"Person","@id":"https:\/\/www.monaco-tribune.com\/en\/#\/schema\/person\/8f6ed8c063276e2397589eda5b7a2f2d","name":"Monaco Tribune","image":{"@type":"ImageObject","inLanguage":"en-US","@id":"https:\/\/secure.gravatar.com\/avatar\/3010e6c5d6c8056ec1c25228fe68ea089879e5ae0de884e0247744ee988aaf6a?s=96&d=mm&r=g","url":"https:\/\/secure.gravatar.com\/avatar\/3010e6c5d6c8056ec1c25228fe68ea089879e5ae0de884e0247744ee988aaf6a?s=96&d=mm&r=g","contentUrl":"https:\/\/secure.gravatar.com\/avatar\/3010e6c5d6c8056ec1c25228fe68ea089879e5ae0de884e0247744ee988aaf6a?s=96&d=mm&r=g","caption":"Monaco Tribune"},"url":"https:\/\/www.monaco-tribune.com\/en\/author\/monaco-tribune\/"}]}},"_links":{"self":[{"href":"https:\/\/www.monaco-tribune.com\/en\/wp-json\/wp\/v2\/posts\/329153","targetHints":{"allow":["GET"]}}],"collection":[{"href":"https:\/\/www.monaco-tribune.com\/en\/wp-json\/wp\/v2\/posts"}],"about":[{"href":"https:\/\/www.monaco-tribune.com\/en\/wp-json\/wp\/v2\/types\/post"}],"author":[{"embeddable":true,"href":"https:\/\/www.monaco-tribune.com\/en\/wp-json\/wp\/v2\/users\/21"}],"replies":[{"embeddable":true,"href":"https:\/\/www.monaco-tribune.com\/en\/wp-json\/wp\/v2\/comments?post=329153"}],"version-history":[{"count":4,"href":"https:\/\/www.monaco-tribune.com\/en\/wp-json\/wp\/v2\/posts\/329153\/revisions"}],"predecessor-version":[{"id":329159,"href":"https:\/\/www.monaco-tribune.com\/en\/wp-json\/wp\/v2\/posts\/329153\/revisions\/329159"}],"wp:featuredmedia":[{"embeddable":true,"href":"https:\/\/www.monaco-tribune.com\/en\/wp-json\/wp\/v2\/media\/328762"}],"wp:attachment":[{"href":"https:\/\/www.monaco-tribune.com\/en\/wp-json\/wp\/v2\/media?parent=329153"}],"wp:term":[{"taxonomy":"category","embeddable":true,"href":"https:\/\/www.monaco-tribune.com\/en\/wp-json\/wp\/v2\/categories?post=329153"},{"taxonomy":"post_tag","embeddable":true,"href":"https:\/\/www.monaco-tribune.com\/en\/wp-json\/wp\/v2\/tags?post=329153"},{"taxonomy":"sectag","embeddable":true,"href":"https:\/\/www.monaco-tribune.com\/en\/wp-json\/wp\/v2\/post_sectags?post=329153"},{"taxonomy":"format","embeddable":true,"href":"https:\/\/www.monaco-tribune.com\/en\/wp-json\/wp\/v2\/post_format?post=329153"}],"curies":[{"name":"wp","href":"https:\/\/api.w.org\/{rel}","templated":true}]}}