{"id":329277,"date":"2025-12-06T00:52:08","date_gmt":"2025-12-05T22:52:08","guid":{"rendered":"https:\/\/www.monaco-tribune.com\/?p=329277"},"modified":"2025-12-06T00:52:10","modified_gmt":"2025-12-05T22:52:10","slug":"ligue-1-as-monaco-suffers-disappointing-defeat-vs-brest","status":"publish","type":"post","link":"https:\/\/www.monaco-tribune.com\/en\/2025\/12\/ligue-1-as-monaco-suffers-disappointing-defeat-vs-brest\/","title":{"rendered":"Ligue 1: AS Monaco defeated in Brest despite a strong second-half reaction"},"content":{"rendered":"\n<p><strong>AS Monaco failed to carry their momentum from their statement <a href=\"https:\/\/www.monaco-tribune.com\/en\/2025\/11\/ligue-1-prestigious-victory-for-as-monaco-and-paul-pogba-against-paris-saint-germain\/\">victory over Paris Saint-Germain<\/a> last weekend, as they fell to a frustrating 1-0 defeat against Brest at the Stade Francis-Le Bl\u00e9 on Friday night. The loss is a disappointing setback for Les Mon\u00e9gasques, who squandered the opportunity to build on their morale-boosting win.<\/strong><\/p>\n\n\n\n<h2 class=\"wp-block-heading\" id=\"h-the-match\">The match<\/h2>\n\n\n\n<p>Heading into the fixture, S\u00e9bastien Pocognoli faced many selection dilemmas with Thilo Kehrer and Denis Zakaria sidelined through suspension, while Folarin Balogun, Ansu Fati and George Ilenikhena remained unavailable due to injury. Undeterred by these absences, the Belgian tactician maintained his 4-2-3-1 system, deploying Jordan Teze in central defence alongside Mohammed Salisu. Mamadou Coulibaly and Mika Biereth were recalled to the starting XI as well.<\/p>\n\n\n<div class=\"wp-block-image\">\n<figure class=\"aligncenter size-full\"><img loading=\"lazy\" decoding=\"async\" width=\"1000\" height=\"1000\" src=\"https:\/\/www.monaco-tribune.com\/wp-content\/uploads\/2025\/12\/team-asm-brest.jpg\" alt=\"\" class=\"wp-image-329304\" srcset=\"https:\/\/www.monaco-tribune.com\/wp-content\/uploads\/2025\/12\/team-asm-brest.jpg 1000w, https:\/\/www.monaco-tribune.com\/wp-content\/uploads\/2025\/12\/team-asm-brest-300x300.jpg 300w\" sizes=\"auto, (max-width: 1000px) 100vw, 1000px\" \/><figcaption class=\"wp-element-caption\"><em>\u00a9 AS Monaco<\/em><\/figcaption><\/figure>\n<\/div>\n\n\n<p>The match began at a blistering pace despite the blustery conditions, with both sides pushing forward from the opening whistle. Daouda Guindo (5&#8242;) and R\u00e9my Labeau Lascary (14&#8242;) tested their luck from distance, while Biereth fired a shot from a tight angle moments later. The end-to-end action continued, and it took an excellent one-on-one save from Luk\u00e1\u0161 Hr\u00e1deck\u00fd to deny Brest&#8217;s number 14 in the 20th minute.<\/p>\n\n\n<div class=\"wp-block-image\">\n<figure class=\"aligncenter size-large\"><img loading=\"lazy\" decoding=\"async\" width=\"1024\" height=\"576\" src=\"https:\/\/www.monaco-tribune.com\/wp-content\/uploads\/2025\/12\/asm-brest-biereth-1-1024x576.jpg\" alt=\"\" class=\"wp-image-329320\" srcset=\"https:\/\/www.monaco-tribune.com\/wp-content\/uploads\/2025\/12\/asm-brest-biereth-1-1024x576.jpg 1024w, https:\/\/www.monaco-tribune.com\/wp-content\/uploads\/2025\/12\/asm-brest-biereth-1-534x300.jpg 534w, https:\/\/www.monaco-tribune.com\/wp-content\/uploads\/2025\/12\/asm-brest-biereth-1.jpg 1366w\" sizes=\"auto, (max-width: 1024px) 100vw, 1024px\" \/><figcaption class=\"wp-element-caption\"><em>\u00a9 AS Monaco<\/em><\/figcaption><\/figure>\n<\/div>\n\n\n<p>Hr\u00e1deck\u00fd produced another vital stop to parry Ludovic Ajorque&#8217;s attempt, but the rebound fell kindly for Kamory Doumbia to head home the opener (1-0, 28&#8242;). Monaco responded quickly, with Aleksandr Golovin&#8217;s header denied by Gr\u00e9goire Coudert (34&#8242;) before Biereth blasted narrowly wide (38&#8242;). Takumi Minamino then came agonisingly close to levelling, rattling the woodwork with his strike (39&#8242;).<\/p>\n\n\n\n<p>Behind at the break, Monaco were almost caught out again when Guindo&#8217;s thunderous effort struck the crossbar (54&#8242;). The game shifted not long after as Ajorque saw red for a nasty tackle on Lamine Camara (60&#8242;). Despite the man advantage, Monaco struggled to capitalise, with Minamino firing a half-volley off target (61&#8242;).<\/p>\n\n\n<div class=\"wp-block-image\">\n<figure class=\"aligncenter size-large\"><img loading=\"lazy\" decoding=\"async\" width=\"1024\" height=\"574\" src=\"https:\/\/www.monaco-tribune.com\/wp-content\/uploads\/2025\/12\/asm-brest-red-1024x574.jpg\" alt=\"\" class=\"wp-image-329312\" srcset=\"https:\/\/www.monaco-tribune.com\/wp-content\/uploads\/2025\/12\/asm-brest-red-1024x574.jpg 1024w, https:\/\/www.monaco-tribune.com\/wp-content\/uploads\/2025\/12\/asm-brest-red-535x300.jpg 535w, https:\/\/www.monaco-tribune.com\/wp-content\/uploads\/2025\/12\/asm-brest-red.jpg 1160w\" sizes=\"auto, (max-width: 1024px) 100vw, 1024px\" \/><figcaption class=\"wp-element-caption\"><em>\u00a9 AS Monaco<\/em><\/figcaption><\/figure>\n<\/div>\n\n\n<p>Pocognoli reacted with a double substitution, introducing Paul Pogba and Stanis Idumbo (69&#8242;), before sending on Paris Brunner and Lucas Michal (77&#8242;). The visitors ramped up the pressure and earned multiple set pieces, but Salisu could only find the post with his header (79&#8242;).<\/p>\n\n\n\n<p>The hosts threatened on the counter late on, though Mama Bald\u00e9&#8217;s header drifted wide (93&#8242;) in what proved to be the game&#8217;s final chance. Monaco ultimately succumbed to a slender 1-0 defeat and will aim to return to winning ways on Tuesday vs Galatasaray at the Stade Louis-II in the Champions League.<\/p>\n\n\n\n<h2 class=\"wp-block-heading\" id=\"h-pocognoli-s-debrief\">Pocognoli\u2019s debrief<\/h2>\n\n\n\n<p>&#8220;I think the players fought hard and gave their all from the first minute to the last. We lacked technical precision and quality in front of goal. The first half was evenly matched; we created some good opportunities against a deep-lying Brest defence, even though they pressed us high up the pitch. We managed to break through their lines as we intended to do to create chances. With a one-man advantage, we hoped to create more opportunities, but that wasn&#8217;t the case. So, it&#8217;s inevitably disappointing,&#8221; explained the ASM manager.<\/p>\n\n\n\n<p>&#8220;The performance was below our expectations, but I take away some positives from the collective attitude; the players didn&#8217;t give up and weren&#8217;t resigned. We then rushed things to get the ball in the right place at the end and lost our structure. I don&#8217;t have much to say about their effort; they tried to implement what we wanted to do, but we lacked the finishing touch. The way we conceded the goal is also disappointing because we&#8217;ve been focused on that this week.&#8221;<\/p>\n\n\n\n<h2 class=\"wp-block-heading\" id=\"h-key-stats\">Key Stats<\/h2>\n\n\n\n<p>By the numbers, the fact ASM held the ascendancy in terms of shots inside the box (8 to 4), touches in the opposition box (19 to 11), possession (59% to 41%) and passes in the opposition half (220 to 115) illustrates aptly why losing this one is a tough pill to swallow for the Principality club.<\/p>\n\n\n<div class=\"wp-block-image\">\n<figure class=\"aligncenter size-large\"><img loading=\"lazy\" decoding=\"async\" width=\"1024\" height=\"574\" src=\"https:\/\/www.monaco-tribune.com\/wp-content\/uploads\/2025\/12\/aerial-asm-brest-1024x574.jpg\" alt=\"\" class=\"wp-image-329316\" srcset=\"https:\/\/www.monaco-tribune.com\/wp-content\/uploads\/2025\/12\/aerial-asm-brest-1024x574.jpg 1024w, https:\/\/www.monaco-tribune.com\/wp-content\/uploads\/2025\/12\/aerial-asm-brest-535x300.jpg 535w, https:\/\/www.monaco-tribune.com\/wp-content\/uploads\/2025\/12\/aerial-asm-brest.jpg 1160w\" sizes=\"auto, (max-width: 1024px) 100vw, 1024px\" \/><figcaption class=\"wp-element-caption\"><em>\u00a9 AS Monaco<\/em><\/figcaption><\/figure>\n<\/div>\n\n\n<h2 class=\"wp-block-heading\" id=\"h-bounce-back-needed\">Bounce back needed<\/h2>\n\n\n\n<p>Monaco have little time to dwell on this result with a crucial week ahead, as they also take on Marseille next Sunday following the aforementioned European clash with Galatasaray.<\/p>\n","protected":false},"excerpt":{"rendered":"<p>AS Monaco failed to carry their momentum from their statement victory over Paris Saint-Germain last weekend, as they fell to [&hellip;]<\/p>\n","protected":false},"author":18,"featured_media":329278,"comment_status":"closed","ping_status":"closed","sticky":false,"template":"","format":"standard","meta":{"_acf_changed":false,"footnotes":""},"categories":[243,257],"tags":[761],"post_sectags":[],"post_format":[2466],"class_list":["post-329277","post","type-post","status-publish","format-standard","has-post-thumbnail","hentry","category-news","category-sports-en","tag-as-monaco-en","format-review"],"acf":[],"yoast_head":"<!-- This site is optimized with the Yoast SEO Premium plugin v26.8 (Yoast SEO v27.5) - https:\/\/yoast.com\/product\/yoast-seo-premium-wordpress\/ -->\n<title>Ligue 1: AS Monaco defeated in Brest despite a strong second-half reaction<\/title>\n<meta name=\"description\" content=\"AS Monaco failed to carry their momentum from their statement victory over Paris Saint-Germain last weekend, as they fell to a frustrating 1-0 defeat\" \/>\n<meta name=\"robots\" content=\"index, follow, max-snippet:-1, max-image-preview:large, max-video-preview:-1\" \/>\n<link rel=\"canonical\" href=\"https:\/\/www.monaco-tribune.com\/en\/2025\/12\/ligue-1-as-monaco-suffers-disappointing-defeat-vs-brest\/\" \/>\n<meta property=\"og:locale\" content=\"en_US\" \/>\n<meta property=\"og:type\" content=\"article\" \/>\n<meta property=\"og:title\" content=\"Ligue 1: AS Monaco defeated in Brest despite a strong second-half reaction - Monaco Tribune\" \/>\n<meta property=\"og:description\" content=\"AS Monaco failed to carry their momentum from their statement victory over Paris Saint-Germain last weekend, as they fell to a frustrating 1-0 defeat\" \/>\n<meta property=\"og:url\" content=\"https:\/\/www.monaco-tribune.com\/en\/2025\/12\/ligue-1-as-monaco-suffers-disappointing-defeat-vs-brest\/\" \/>\n<meta property=\"og:site_name\" content=\"Monaco Tribune\" \/>\n<meta property=\"article:publisher\" content=\"https:\/\/www.facebook.com\/MonacoTribune\" \/>\n<meta property=\"article:published_time\" content=\"2025-12-05T22:52:08+00:00\" \/>\n<meta property=\"article:modified_time\" content=\"2025-12-05T22:52:10+00:00\" \/>\n<meta property=\"og:image\" content=\"https:\/\/www.monaco-tribune.com\/wp-content\/uploads\/2025\/12\/post-asm.jpg\" \/>\n\t<meta property=\"og:image:width\" content=\"1160\" \/>\n\t<meta property=\"og:image:height\" content=\"650\" \/>\n\t<meta property=\"og:image:type\" content=\"image\/jpeg\" \/>\n<meta name=\"author\" content=\"Edward Stratmann\" \/>\n<meta name=\"twitter:card\" content=\"summary_large_image\" \/>\n<meta name=\"twitter:creator\" content=\"@MonacoTribune\" \/>\n<meta name=\"twitter:site\" content=\"@MonacoTribune\" \/>\n<script type=\"application\/ld+json\" class=\"yoast-schema-graph\">{\"@context\":\"https:\\\/\\\/schema.org\",\"@graph\":[{\"@type\":\"NewsArticle\",\"@id\":\"https:\\\/\\\/www.monaco-tribune.com\\\/en\\\/2025\\\/12\\\/ligue-1-as-monaco-suffers-disappointing-defeat-vs-brest\\\/#article\",\"isPartOf\":{\"@id\":\"https:\\\/\\\/www.monaco-tribune.com\\\/en\\\/2025\\\/12\\\/ligue-1-as-monaco-suffers-disappointing-defeat-vs-brest\\\/\"},\"author\":{\"name\":\"Edward Stratmann\",\"@id\":\"https:\\\/\\\/www.monaco-tribune.com\\\/en\\\/#\\\/schema\\\/person\\\/a62f3291a12757084f4c9c1a7e2054a9\"},\"headline\":\"Ligue 1: AS Monaco defeated in Brest despite a strong second-half reaction\",\"datePublished\":\"2025-12-05T22:52:08+00:00\",\"dateModified\":\"2025-12-05T22:52:10+00:00\",\"mainEntityOfPage\":{\"@id\":\"https:\\\/\\\/www.monaco-tribune.com\\\/en\\\/2025\\\/12\\\/ligue-1-as-monaco-suffers-disappointing-defeat-vs-brest\\\/\"},\"wordCount\":677,\"publisher\":{\"@id\":\"https:\\\/\\\/www.monaco-tribune.com\\\/en\\\/#organization\"},\"image\":{\"@id\":\"https:\\\/\\\/www.monaco-tribune.com\\\/en\\\/2025\\\/12\\\/ligue-1-as-monaco-suffers-disappointing-defeat-vs-brest\\\/#primaryimage\"},\"thumbnailUrl\":\"https:\\\/\\\/www.monaco-tribune.com\\\/wp-content\\\/uploads\\\/2025\\\/12\\\/post-asm.jpg\",\"keywords\":[\"AS Monaco\"],\"articleSection\":[\"News\",\"Sports\"],\"inLanguage\":\"en-US\",\"copyrightYear\":\"2025\",\"copyrightHolder\":{\"@id\":\"https:\\\/\\\/www.monaco-tribune.com\\\/#organization\"}},{\"@type\":\"WebPage\",\"@id\":\"https:\\\/\\\/www.monaco-tribune.com\\\/en\\\/2025\\\/12\\\/ligue-1-as-monaco-suffers-disappointing-defeat-vs-brest\\\/\",\"url\":\"https:\\\/\\\/www.monaco-tribune.com\\\/en\\\/2025\\\/12\\\/ligue-1-as-monaco-suffers-disappointing-defeat-vs-brest\\\/\",\"name\":\"Ligue 1: AS Monaco defeated in Brest despite a strong second-half reaction\",\"isPartOf\":{\"@id\":\"https:\\\/\\\/www.monaco-tribune.com\\\/en\\\/#website\"},\"primaryImageOfPage\":{\"@id\":\"https:\\\/\\\/www.monaco-tribune.com\\\/en\\\/2025\\\/12\\\/ligue-1-as-monaco-suffers-disappointing-defeat-vs-brest\\\/#primaryimage\"},\"image\":{\"@id\":\"https:\\\/\\\/www.monaco-tribune.com\\\/en\\\/2025\\\/12\\\/ligue-1-as-monaco-suffers-disappointing-defeat-vs-brest\\\/#primaryimage\"},\"thumbnailUrl\":\"https:\\\/\\\/www.monaco-tribune.com\\\/wp-content\\\/uploads\\\/2025\\\/12\\\/post-asm.jpg\",\"datePublished\":\"2025-12-05T22:52:08+00:00\",\"dateModified\":\"2025-12-05T22:52:10+00:00\",\"description\":\"AS Monaco failed to carry their momentum from their statement victory over Paris Saint-Germain last weekend, as they fell to a frustrating 1-0 defeat\",\"breadcrumb\":{\"@id\":\"https:\\\/\\\/www.monaco-tribune.com\\\/en\\\/2025\\\/12\\\/ligue-1-as-monaco-suffers-disappointing-defeat-vs-brest\\\/#breadcrumb\"},\"inLanguage\":\"en-US\",\"potentialAction\":[{\"@type\":\"ReadAction\",\"target\":[\"https:\\\/\\\/www.monaco-tribune.com\\\/en\\\/2025\\\/12\\\/ligue-1-as-monaco-suffers-disappointing-defeat-vs-brest\\\/\"]}]},{\"@type\":\"ImageObject\",\"inLanguage\":\"en-US\",\"@id\":\"https:\\\/\\\/www.monaco-tribune.com\\\/en\\\/2025\\\/12\\\/ligue-1-as-monaco-suffers-disappointing-defeat-vs-brest\\\/#primaryimage\",\"url\":\"https:\\\/\\\/www.monaco-tribune.com\\\/wp-content\\\/uploads\\\/2025\\\/12\\\/post-asm.jpg\",\"contentUrl\":\"https:\\\/\\\/www.monaco-tribune.com\\\/wp-content\\\/uploads\\\/2025\\\/12\\\/post-asm.jpg\",\"width\":1160,\"height\":650,\"caption\":\"\u00a9 AS Monaco\"},{\"@type\":\"BreadcrumbList\",\"@id\":\"https:\\\/\\\/www.monaco-tribune.com\\\/en\\\/2025\\\/12\\\/ligue-1-as-monaco-suffers-disappointing-defeat-vs-brest\\\/#breadcrumb\",\"itemListElement\":[{\"@type\":\"ListItem\",\"position\":1,\"name\":\"Accueil\",\"item\":\"https:\\\/\\\/www.monaco-tribune.com\\\/en\\\/\"},{\"@type\":\"ListItem\",\"position\":2,\"name\":\"Ligue 1: AS Monaco defeated in Brest despite a strong second-half reaction\"}]},{\"@type\":\"WebSite\",\"@id\":\"https:\\\/\\\/www.monaco-tribune.com\\\/en\\\/#website\",\"url\":\"https:\\\/\\\/www.monaco-tribune.com\\\/en\\\/\",\"name\":\"Monaco Tribune\",\"description\":\"Monaco : actualit\u00e9s \u00e9conomiques, politiques, culturelles et sportives de Monaco et de la French Riviera.\",\"publisher\":{\"@id\":\"https:\\\/\\\/www.monaco-tribune.com\\\/en\\\/#organization\"},\"potentialAction\":[{\"@type\":\"SearchAction\",\"target\":{\"@type\":\"EntryPoint\",\"urlTemplate\":\"https:\\\/\\\/www.monaco-tribune.com\\\/en\\\/?s={search_term_string}\"},\"query-input\":{\"@type\":\"PropertyValueSpecification\",\"valueRequired\":true,\"valueName\":\"search_term_string\"}}],\"inLanguage\":\"en-US\"},{\"@type\":\"Organization\",\"@id\":\"https:\\\/\\\/www.monaco-tribune.com\\\/en\\\/#organization\",\"name\":\"Monaco Tribune\",\"url\":\"https:\\\/\\\/www.monaco-tribune.com\\\/en\\\/\",\"logo\":{\"@type\":\"ImageObject\",\"inLanguage\":\"en-US\",\"@id\":\"https:\\\/\\\/www.monaco-tribune.com\\\/en\\\/#\\\/schema\\\/logo\\\/image\\\/\",\"url\":\"https:\\\/\\\/www.monaco-tribune.com\\\/wp-content\\\/uploads\\\/2022\\\/11\\\/logo-monaco-tribune.png\",\"contentUrl\":\"https:\\\/\\\/www.monaco-tribune.com\\\/wp-content\\\/uploads\\\/2022\\\/11\\\/logo-monaco-tribune.png\",\"width\":1548,\"height\":600,\"caption\":\"Monaco Tribune\"},\"image\":{\"@id\":\"https:\\\/\\\/www.monaco-tribune.com\\\/en\\\/#\\\/schema\\\/logo\\\/image\\\/\"},\"sameAs\":[\"https:\\\/\\\/www.facebook.com\\\/MonacoTribune\",\"https:\\\/\\\/x.com\\\/MonacoTribune\",\"https:\\\/\\\/www.instagram.com\\\/monacotribune\\\/\",\"https:\\\/\\\/www.linkedin.com\\\/company\\\/monaco-tribune\",\"https:\\\/\\\/www.youtube.com\\\/channel\\\/UCHle1MnG6hw1y4lWKijVbMA\"]},{\"@type\":\"Person\",\"@id\":\"https:\\\/\\\/www.monaco-tribune.com\\\/en\\\/#\\\/schema\\\/person\\\/a62f3291a12757084f4c9c1a7e2054a9\",\"name\":\"Edward Stratmann\",\"image\":{\"@type\":\"ImageObject\",\"inLanguage\":\"en-US\",\"@id\":\"https:\\\/\\\/secure.gravatar.com\\\/avatar\\\/fed0463fc9124570b2804f2d3e39edabdb8b2dc066140fc68e1fde625e8c2d82?s=96&d=mm&r=g\",\"url\":\"https:\\\/\\\/secure.gravatar.com\\\/avatar\\\/fed0463fc9124570b2804f2d3e39edabdb8b2dc066140fc68e1fde625e8c2d82?s=96&d=mm&r=g\",\"contentUrl\":\"https:\\\/\\\/secure.gravatar.com\\\/avatar\\\/fed0463fc9124570b2804f2d3e39edabdb8b2dc066140fc68e1fde625e8c2d82?s=96&d=mm&r=g\",\"caption\":\"Edward Stratmann\"},\"sameAs\":[\"@adNL@min\"],\"url\":\"https:\\\/\\\/www.monaco-tribune.com\\\/en\\\/author\\\/edward-stratmann\\\/\"}]}<\/script>\n<!-- \/ Yoast SEO Premium plugin. -->","yoast_head_json":{"title":"Ligue 1: AS Monaco defeated in Brest despite a strong second-half reaction","description":"AS Monaco failed to carry their momentum from their statement victory over Paris Saint-Germain last weekend, as they fell to a frustrating 1-0 defeat","robots":{"index":"index","follow":"follow","max-snippet":"max-snippet:-1","max-image-preview":"max-image-preview:large","max-video-preview":"max-video-preview:-1"},"canonical":"https:\/\/www.monaco-tribune.com\/en\/2025\/12\/ligue-1-as-monaco-suffers-disappointing-defeat-vs-brest\/","og_locale":"en_US","og_type":"article","og_title":"Ligue 1: AS Monaco defeated in Brest despite a strong second-half reaction - Monaco Tribune","og_description":"AS Monaco failed to carry their momentum from their statement victory over Paris Saint-Germain last weekend, as they fell to a frustrating 1-0 defeat","og_url":"https:\/\/www.monaco-tribune.com\/en\/2025\/12\/ligue-1-as-monaco-suffers-disappointing-defeat-vs-brest\/","og_site_name":"Monaco Tribune","article_publisher":"https:\/\/www.facebook.com\/MonacoTribune","article_published_time":"2025-12-05T22:52:08+00:00","article_modified_time":"2025-12-05T22:52:10+00:00","og_image":[{"width":1160,"height":650,"url":"https:\/\/www.monaco-tribune.com\/wp-content\/uploads\/2025\/12\/post-asm.jpg","type":"image\/jpeg"}],"author":"Edward Stratmann","twitter_card":"summary_large_image","twitter_creator":"@MonacoTribune","twitter_site":"@MonacoTribune","schema":{"@context":"https:\/\/schema.org","@graph":[{"@type":"NewsArticle","@id":"https:\/\/www.monaco-tribune.com\/en\/2025\/12\/ligue-1-as-monaco-suffers-disappointing-defeat-vs-brest\/#article","isPartOf":{"@id":"https:\/\/www.monaco-tribune.com\/en\/2025\/12\/ligue-1-as-monaco-suffers-disappointing-defeat-vs-brest\/"},"author":{"name":"Edward Stratmann","@id":"https:\/\/www.monaco-tribune.com\/en\/#\/schema\/person\/a62f3291a12757084f4c9c1a7e2054a9"},"headline":"Ligue 1: AS Monaco defeated in Brest despite a strong second-half reaction","datePublished":"2025-12-05T22:52:08+00:00","dateModified":"2025-12-05T22:52:10+00:00","mainEntityOfPage":{"@id":"https:\/\/www.monaco-tribune.com\/en\/2025\/12\/ligue-1-as-monaco-suffers-disappointing-defeat-vs-brest\/"},"wordCount":677,"publisher":{"@id":"https:\/\/www.monaco-tribune.com\/en\/#organization"},"image":{"@id":"https:\/\/www.monaco-tribune.com\/en\/2025\/12\/ligue-1-as-monaco-suffers-disappointing-defeat-vs-brest\/#primaryimage"},"thumbnailUrl":"https:\/\/www.monaco-tribune.com\/wp-content\/uploads\/2025\/12\/post-asm.jpg","keywords":["AS Monaco"],"articleSection":["News","Sports"],"inLanguage":"en-US","copyrightYear":"2025","copyrightHolder":{"@id":"https:\/\/www.monaco-tribune.com\/#organization"}},{"@type":"WebPage","@id":"https:\/\/www.monaco-tribune.com\/en\/2025\/12\/ligue-1-as-monaco-suffers-disappointing-defeat-vs-brest\/","url":"https:\/\/www.monaco-tribune.com\/en\/2025\/12\/ligue-1-as-monaco-suffers-disappointing-defeat-vs-brest\/","name":"Ligue 1: AS Monaco defeated in Brest despite a strong second-half reaction","isPartOf":{"@id":"https:\/\/www.monaco-tribune.com\/en\/#website"},"primaryImageOfPage":{"@id":"https:\/\/www.monaco-tribune.com\/en\/2025\/12\/ligue-1-as-monaco-suffers-disappointing-defeat-vs-brest\/#primaryimage"},"image":{"@id":"https:\/\/www.monaco-tribune.com\/en\/2025\/12\/ligue-1-as-monaco-suffers-disappointing-defeat-vs-brest\/#primaryimage"},"thumbnailUrl":"https:\/\/www.monaco-tribune.com\/wp-content\/uploads\/2025\/12\/post-asm.jpg","datePublished":"2025-12-05T22:52:08+00:00","dateModified":"2025-12-05T22:52:10+00:00","description":"AS Monaco failed to carry their momentum from their statement victory over Paris Saint-Germain last weekend, as they fell to a frustrating 1-0 defeat","breadcrumb":{"@id":"https:\/\/www.monaco-tribune.com\/en\/2025\/12\/ligue-1-as-monaco-suffers-disappointing-defeat-vs-brest\/#breadcrumb"},"inLanguage":"en-US","potentialAction":[{"@type":"ReadAction","target":["https:\/\/www.monaco-tribune.com\/en\/2025\/12\/ligue-1-as-monaco-suffers-disappointing-defeat-vs-brest\/"]}]},{"@type":"ImageObject","inLanguage":"en-US","@id":"https:\/\/www.monaco-tribune.com\/en\/2025\/12\/ligue-1-as-monaco-suffers-disappointing-defeat-vs-brest\/#primaryimage","url":"https:\/\/www.monaco-tribune.com\/wp-content\/uploads\/2025\/12\/post-asm.jpg","contentUrl":"https:\/\/www.monaco-tribune.com\/wp-content\/uploads\/2025\/12\/post-asm.jpg","width":1160,"height":650,"caption":"\u00a9 AS Monaco"},{"@type":"BreadcrumbList","@id":"https:\/\/www.monaco-tribune.com\/en\/2025\/12\/ligue-1-as-monaco-suffers-disappointing-defeat-vs-brest\/#breadcrumb","itemListElement":[{"@type":"ListItem","position":1,"name":"Accueil","item":"https:\/\/www.monaco-tribune.com\/en\/"},{"@type":"ListItem","position":2,"name":"Ligue 1: AS Monaco defeated in Brest despite a strong second-half reaction"}]},{"@type":"WebSite","@id":"https:\/\/www.monaco-tribune.com\/en\/#website","url":"https:\/\/www.monaco-tribune.com\/en\/","name":"Monaco Tribune","description":"Monaco : actualit\u00e9s \u00e9conomiques, politiques, culturelles et sportives de Monaco et de la French Riviera.","publisher":{"@id":"https:\/\/www.monaco-tribune.com\/en\/#organization"},"potentialAction":[{"@type":"SearchAction","target":{"@type":"EntryPoint","urlTemplate":"https:\/\/www.monaco-tribune.com\/en\/?s={search_term_string}"},"query-input":{"@type":"PropertyValueSpecification","valueRequired":true,"valueName":"search_term_string"}}],"inLanguage":"en-US"},{"@type":"Organization","@id":"https:\/\/www.monaco-tribune.com\/en\/#organization","name":"Monaco Tribune","url":"https:\/\/www.monaco-tribune.com\/en\/","logo":{"@type":"ImageObject","inLanguage":"en-US","@id":"https:\/\/www.monaco-tribune.com\/en\/#\/schema\/logo\/image\/","url":"https:\/\/www.monaco-tribune.com\/wp-content\/uploads\/2022\/11\/logo-monaco-tribune.png","contentUrl":"https:\/\/www.monaco-tribune.com\/wp-content\/uploads\/2022\/11\/logo-monaco-tribune.png","width":1548,"height":600,"caption":"Monaco Tribune"},"image":{"@id":"https:\/\/www.monaco-tribune.com\/en\/#\/schema\/logo\/image\/"},"sameAs":["https:\/\/www.facebook.com\/MonacoTribune","https:\/\/x.com\/MonacoTribune","https:\/\/www.instagram.com\/monacotribune\/","https:\/\/www.linkedin.com\/company\/monaco-tribune","https:\/\/www.youtube.com\/channel\/UCHle1MnG6hw1y4lWKijVbMA"]},{"@type":"Person","@id":"https:\/\/www.monaco-tribune.com\/en\/#\/schema\/person\/a62f3291a12757084f4c9c1a7e2054a9","name":"Edward Stratmann","image":{"@type":"ImageObject","inLanguage":"en-US","@id":"https:\/\/secure.gravatar.com\/avatar\/fed0463fc9124570b2804f2d3e39edabdb8b2dc066140fc68e1fde625e8c2d82?s=96&d=mm&r=g","url":"https:\/\/secure.gravatar.com\/avatar\/fed0463fc9124570b2804f2d3e39edabdb8b2dc066140fc68e1fde625e8c2d82?s=96&d=mm&r=g","contentUrl":"https:\/\/secure.gravatar.com\/avatar\/fed0463fc9124570b2804f2d3e39edabdb8b2dc066140fc68e1fde625e8c2d82?s=96&d=mm&r=g","caption":"Edward Stratmann"},"sameAs":["@adNL@min"],"url":"https:\/\/www.monaco-tribune.com\/en\/author\/edward-stratmann\/"}]}},"_links":{"self":[{"href":"https:\/\/www.monaco-tribune.com\/en\/wp-json\/wp\/v2\/posts\/329277","targetHints":{"allow":["GET"]}}],"collection":[{"href":"https:\/\/www.monaco-tribune.com\/en\/wp-json\/wp\/v2\/posts"}],"about":[{"href":"https:\/\/www.monaco-tribune.com\/en\/wp-json\/wp\/v2\/types\/post"}],"author":[{"embeddable":true,"href":"https:\/\/www.monaco-tribune.com\/en\/wp-json\/wp\/v2\/users\/18"}],"replies":[{"embeddable":true,"href":"https:\/\/www.monaco-tribune.com\/en\/wp-json\/wp\/v2\/comments?post=329277"}],"version-history":[{"count":7,"href":"https:\/\/www.monaco-tribune.com\/en\/wp-json\/wp\/v2\/posts\/329277\/revisions"}],"predecessor-version":[{"id":329346,"href":"https:\/\/www.monaco-tribune.com\/en\/wp-json\/wp\/v2\/posts\/329277\/revisions\/329346"}],"wp:featuredmedia":[{"embeddable":true,"href":"https:\/\/www.monaco-tribune.com\/en\/wp-json\/wp\/v2\/media\/329278"}],"wp:attachment":[{"href":"https:\/\/www.monaco-tribune.com\/en\/wp-json\/wp\/v2\/media?parent=329277"}],"wp:term":[{"taxonomy":"category","embeddable":true,"href":"https:\/\/www.monaco-tribune.com\/en\/wp-json\/wp\/v2\/categories?post=329277"},{"taxonomy":"post_tag","embeddable":true,"href":"https:\/\/www.monaco-tribune.com\/en\/wp-json\/wp\/v2\/tags?post=329277"},{"taxonomy":"sectag","embeddable":true,"href":"https:\/\/www.monaco-tribune.com\/en\/wp-json\/wp\/v2\/post_sectags?post=329277"},{"taxonomy":"format","embeddable":true,"href":"https:\/\/www.monaco-tribune.com\/en\/wp-json\/wp\/v2\/post_format?post=329277"}],"curies":[{"name":"wp","href":"https:\/\/api.w.org\/{rel}","templated":true}]}}