{"id":329338,"date":"2025-12-05T23:55:27","date_gmt":"2025-12-05T21:55:27","guid":{"rendered":"https:\/\/www.monaco-tribune.com\/2025\/12\/prince-albert-ii-and-princess-charlene-share-anniversary-luncheon-with-senior-citizens\/"},"modified":"2025-12-06T07:39:03","modified_gmt":"2025-12-06T05:39:03","slug":"prince-albert-ii-and-princess-charlene-share-anniversary-luncheon-with-senior-citizens","status":"publish","type":"post","link":"https:\/\/www.monaco-tribune.com\/en\/2025\/12\/prince-albert-ii-and-princess-charlene-share-anniversary-luncheon-with-senior-citizens\/","title":{"rendered":"Prince Albert II and Princess Charlene share anniversary luncheon with senior citizens"},"content":{"rendered":"\n<p><strong>The Princely Couple enjoyed a moment of conviviality with retirees from the Principality&#8217;s\u00a0<em>Amicale des A\u00een\u00e9s Mon\u00e9gasques<\/em> during their 75th anniversary luncheon held at the M\u00e9ridien Beach Plaza.<\/strong><\/p>\n\n<h2 class=\"wp-block-heading\" id=\"h-une-tradition-de-soutien-aux-aines\">A tradition of supporting seniors<\/h2>\n\n<p><p class=\"font-claude-response-body break-words whitespace-normal \">On Thursday, the Princely Couple accepted the invitation from the <em>Amicale des A\u00een\u00e9s Mon\u00e9gasques<\/em>, which is celebrating its seventy-fifth anniversary this year. Placed under the honorary presidency of the Sovereign Prince, this association founded in 1950 represents far more than a simple gathering place for Monegasque retirees.<\/p><\/p>\n\n<figure class=\"wp-block-gallery has-nested-images columns-1 is-cropped wp-block-gallery-1 is-layout-flex wp-block-gallery-is-layout-flex\">\n<figure class=\"wp-block-image size-large\"><img loading=\"lazy\" decoding=\"async\" width=\"1024\" height=\"907\" data-id=\"329299\" src=\"https:\/\/www.monaco-tribune.com\/wp-content\/uploads\/2025\/12\/princesse-charlene-prince-albert-monaco-1024x907.jpg\" alt=\"\" class=\"wp-image-329299\" srcset=\"https:\/\/www.monaco-tribune.com\/wp-content\/uploads\/2025\/12\/princesse-charlene-prince-albert-monaco-1024x907.jpg 1024w, https:\/\/www.monaco-tribune.com\/wp-content\/uploads\/2025\/12\/princesse-charlene-prince-albert-monaco-339x300.jpg 339w, https:\/\/www.monaco-tribune.com\/wp-content\/uploads\/2025\/12\/princesse-charlene-prince-albert-monaco.jpg 1179w\" sizes=\"auto, (max-width: 1024px) 100vw, 1024px\" \/><figcaption class=\"wp-element-caption\">\u00a9 Micha\u00ebl Alesi \/ Prince&#8217;s Palace<\/figcaption><\/figure>\n\n\n\n<figure class=\"wp-block-image size-large\"><img loading=\"lazy\" decoding=\"async\" width=\"1024\" height=\"683\" data-id=\"329295\" src=\"https:\/\/www.monaco-tribune.com\/wp-content\/uploads\/2025\/12\/princesse-charlene-prince-albert-monaco-gateau-1024x683.jpg\" alt=\"\" class=\"wp-image-329295\" srcset=\"https:\/\/www.monaco-tribune.com\/wp-content\/uploads\/2025\/12\/princesse-charlene-prince-albert-monaco-gateau-1024x683.jpg 1024w, https:\/\/www.monaco-tribune.com\/wp-content\/uploads\/2025\/12\/princesse-charlene-prince-albert-monaco-gateau-450x300.jpg 450w, https:\/\/www.monaco-tribune.com\/wp-content\/uploads\/2025\/12\/princesse-charlene-prince-albert-monaco-gateau.jpg 1200w\" sizes=\"auto, (max-width: 1024px) 100vw, 1024px\" \/><figcaption class=\"wp-element-caption\">\u00a9 Micha\u00ebl Alesi \/ Prince&#8217;s Palace<\/figcaption><\/figure>\n\n\n\n<figure class=\"wp-block-image size-large\"><img loading=\"lazy\" decoding=\"async\" width=\"1024\" height=\"610\" data-id=\"329291\" src=\"https:\/\/www.monaco-tribune.com\/wp-content\/uploads\/2025\/12\/princesse-charlene-prince-albert-monaco-aines-1024x610.jpg\" alt=\"\" class=\"wp-image-329291\" srcset=\"https:\/\/www.monaco-tribune.com\/wp-content\/uploads\/2025\/12\/princesse-charlene-prince-albert-monaco-aines-1024x610.jpg 1024w, https:\/\/www.monaco-tribune.com\/wp-content\/uploads\/2025\/12\/princesse-charlene-prince-albert-monaco-aines-504x300.jpg 504w, https:\/\/www.monaco-tribune.com\/wp-content\/uploads\/2025\/12\/princesse-charlene-prince-albert-monaco-aines.jpg 1179w\" sizes=\"auto, (max-width: 1024px) 100vw, 1024px\" \/><figcaption class=\"wp-element-caption\">\u00a9 Micha\u00ebl Alesi \/ Prince&#8217;s Palace<\/figcaption><\/figure>\n\n\n\n<figure class=\"wp-block-image size-large\"><img loading=\"lazy\" decoding=\"async\" width=\"1024\" height=\"985\" data-id=\"329287\" src=\"https:\/\/www.monaco-tribune.com\/wp-content\/uploads\/2025\/12\/princesse-charlene-monaco-1024x985.jpg\" alt=\"\" class=\"wp-image-329287\" srcset=\"https:\/\/www.monaco-tribune.com\/wp-content\/uploads\/2025\/12\/princesse-charlene-monaco-1024x985.jpg 1024w, https:\/\/www.monaco-tribune.com\/wp-content\/uploads\/2025\/12\/princesse-charlene-monaco-312x300.jpg 312w, https:\/\/www.monaco-tribune.com\/wp-content\/uploads\/2025\/12\/princesse-charlene-monaco.jpg 1179w\" sizes=\"auto, (max-width: 1024px) 100vw, 1024px\" \/><figcaption class=\"wp-element-caption\">\u00a9 Micha\u00ebl Alesi \/ Prince&#8217;s Palace<\/figcaption><\/figure>\n<\/figure>\n\n<h2 class=\"wp-block-heading\" id=\"h-des-valeurs-partagees\">Shared values<\/h2>\n\n<p>Prince Albert II and Princess Charlene&#8217;s commitment to this organisation reflects their deep attachment to the values of social connection and intergenerational solidarity. The association supports women from age 55 and men from age 60, offering cultural outings, gastronomic meals, and moments of sharing throughout the year.<\/p>\n\n<h2 class=\"wp-block-heading\" id=\"h-un-soutien-precieux\">Invaluable support<\/h2>\n\n<p>With 360 members, including three centenarians, the association led by Michelle Brigolle works daily for the wellbeing of seniors. From Epiphany cakes to Christmas gifts, and prestigious meals at the Automobile Club de Monaco, each initiative aims to maintain this social fabric so dear to the Principality&#8217;s retirees.<\/p>\n\n<p>This luncheon at the M\u00e9ridien Beach Plaza provided an opportunity for the Prince and the Princess to celebrate this milestone alongside those who embody Monaco&#8217;s living memory.<\/p>\n","protected":false},"excerpt":{"rendered":"<p>The Princely Couple enjoyed a moment of conviviality with retirees from the Principality&#8217;s\u00a0Amicale des A\u00een\u00e9s Mon\u00e9gasques during their 75th anniversary [&hellip;]<\/p>\n","protected":false},"author":21,"featured_media":329284,"comment_status":"closed","ping_status":"closed","sticky":false,"template":"","format":"standard","meta":{"_acf_changed":false,"footnotes":""},"categories":[1825,243,254],"tags":[2832],"post_sectags":[],"post_format":[2462],"class_list":["post-329338","post","type-post","status-publish","format-standard","has-post-thumbnail","hentry","category-editors-choice","category-news","category-people-en","tag-princess-charlene-en","format-photos-en"],"acf":[],"yoast_head":"<!-- This site is optimized with the Yoast SEO Premium plugin v27.5 (Yoast SEO v27.5) - https:\/\/yoast.com\/product\/yoast-seo-premium-wordpress\/ -->\n<title>Prince Albert II and Princess Charlene share anniversary luncheon with senior citizens<\/title>\n<meta name=\"description\" content=\"The Princely Couple enjoyed a moment of conviviality with retirees from the Principality&#039;s\u00a0Amicale des A\u00een\u00e9s Mon\u00e9gasques during their 75th anniversary\" \/>\n<meta name=\"robots\" content=\"index, follow, max-snippet:-1, max-image-preview:large, max-video-preview:-1\" \/>\n<link rel=\"canonical\" href=\"https:\/\/www.monaco-tribune.com\/en\/2025\/12\/prince-albert-ii-and-princess-charlene-share-anniversary-luncheon-with-senior-citizens\/\" \/>\n<meta property=\"og:locale\" content=\"en_US\" \/>\n<meta property=\"og:type\" content=\"article\" \/>\n<meta property=\"og:title\" content=\"Prince Albert II and Princess Charlene share anniversary luncheon with senior citizens - Monaco Tribune\" \/>\n<meta property=\"og:description\" content=\"The Princely Couple enjoyed a moment of conviviality with retirees from the Principality&#039;s\u00a0Amicale des A\u00een\u00e9s Mon\u00e9gasques during their 75th anniversary\" \/>\n<meta property=\"og:url\" content=\"https:\/\/www.monaco-tribune.com\/en\/2025\/12\/prince-albert-ii-and-princess-charlene-share-anniversary-luncheon-with-senior-citizens\/\" \/>\n<meta property=\"og:site_name\" content=\"Monaco Tribune\" \/>\n<meta property=\"article:publisher\" content=\"https:\/\/www.facebook.com\/MonacoTribune\" \/>\n<meta property=\"article:published_time\" content=\"2025-12-05T21:55:27+00:00\" \/>\n<meta property=\"article:modified_time\" content=\"2025-12-06T05:39:03+00:00\" \/>\n<meta property=\"og:image\" content=\"https:\/\/www.monaco-tribune.com\/wp-content\/uploads\/2025\/12\/prince-albert-monaco.jpg\" \/>\n\t<meta property=\"og:image:width\" content=\"1200\" \/>\n\t<meta property=\"og:image:height\" content=\"800\" \/>\n\t<meta property=\"og:image:type\" content=\"image\/jpeg\" \/>\n<meta name=\"author\" content=\"Monaco Tribune\" \/>\n<meta name=\"twitter:card\" content=\"summary_large_image\" \/>\n<meta name=\"twitter:creator\" content=\"@MonacoTribune\" \/>\n<meta name=\"twitter:site\" content=\"@MonacoTribune\" \/>\n<script type=\"application\/ld+json\" class=\"yoast-schema-graph\">{\"@context\":\"https:\\\/\\\/schema.org\",\"@graph\":[{\"@type\":\"NewsArticle\",\"@id\":\"https:\\\/\\\/www.monaco-tribune.com\\\/en\\\/2025\\\/12\\\/prince-albert-ii-and-princess-charlene-share-anniversary-luncheon-with-senior-citizens\\\/#article\",\"isPartOf\":{\"@id\":\"https:\\\/\\\/www.monaco-tribune.com\\\/en\\\/2025\\\/12\\\/prince-albert-ii-and-princess-charlene-share-anniversary-luncheon-with-senior-citizens\\\/\"},\"author\":{\"name\":\"Monaco Tribune\",\"@id\":\"https:\\\/\\\/www.monaco-tribune.com\\\/en\\\/#\\\/schema\\\/person\\\/8f6ed8c063276e2397589eda5b7a2f2d\"},\"headline\":\"Prince Albert II and Princess Charlene share anniversary luncheon with senior citizens\",\"datePublished\":\"2025-12-05T21:55:27+00:00\",\"dateModified\":\"2025-12-06T05:39:03+00:00\",\"mainEntityOfPage\":{\"@id\":\"https:\\\/\\\/www.monaco-tribune.com\\\/en\\\/2025\\\/12\\\/prince-albert-ii-and-princess-charlene-share-anniversary-luncheon-with-senior-citizens\\\/\"},\"wordCount\":250,\"publisher\":{\"@id\":\"https:\\\/\\\/www.monaco-tribune.com\\\/en\\\/#organization\"},\"image\":{\"@id\":\"https:\\\/\\\/www.monaco-tribune.com\\\/en\\\/2025\\\/12\\\/prince-albert-ii-and-princess-charlene-share-anniversary-luncheon-with-senior-citizens\\\/#primaryimage\"},\"thumbnailUrl\":\"https:\\\/\\\/www.monaco-tribune.com\\\/wp-content\\\/uploads\\\/2025\\\/12\\\/prince-albert-monaco.jpg\",\"keywords\":[\"Princess Charlene\"],\"articleSection\":[\"Editor&#039;s choice\",\"News\",\"Princely Family\"],\"inLanguage\":\"en-US\",\"copyrightYear\":\"2025\",\"copyrightHolder\":{\"@id\":\"https:\\\/\\\/www.monaco-tribune.com\\\/#organization\"}},{\"@type\":\"WebPage\",\"@id\":\"https:\\\/\\\/www.monaco-tribune.com\\\/en\\\/2025\\\/12\\\/prince-albert-ii-and-princess-charlene-share-anniversary-luncheon-with-senior-citizens\\\/\",\"url\":\"https:\\\/\\\/www.monaco-tribune.com\\\/en\\\/2025\\\/12\\\/prince-albert-ii-and-princess-charlene-share-anniversary-luncheon-with-senior-citizens\\\/\",\"name\":\"Prince Albert II and Princess Charlene share anniversary luncheon with senior citizens\",\"isPartOf\":{\"@id\":\"https:\\\/\\\/www.monaco-tribune.com\\\/en\\\/#website\"},\"primaryImageOfPage\":{\"@id\":\"https:\\\/\\\/www.monaco-tribune.com\\\/en\\\/2025\\\/12\\\/prince-albert-ii-and-princess-charlene-share-anniversary-luncheon-with-senior-citizens\\\/#primaryimage\"},\"image\":{\"@id\":\"https:\\\/\\\/www.monaco-tribune.com\\\/en\\\/2025\\\/12\\\/prince-albert-ii-and-princess-charlene-share-anniversary-luncheon-with-senior-citizens\\\/#primaryimage\"},\"thumbnailUrl\":\"https:\\\/\\\/www.monaco-tribune.com\\\/wp-content\\\/uploads\\\/2025\\\/12\\\/prince-albert-monaco.jpg\",\"datePublished\":\"2025-12-05T21:55:27+00:00\",\"dateModified\":\"2025-12-06T05:39:03+00:00\",\"description\":\"The Princely Couple enjoyed a moment of conviviality with retirees from the Principality's\u00a0Amicale des A\u00een\u00e9s Mon\u00e9gasques during their 75th anniversary\",\"breadcrumb\":{\"@id\":\"https:\\\/\\\/www.monaco-tribune.com\\\/en\\\/2025\\\/12\\\/prince-albert-ii-and-princess-charlene-share-anniversary-luncheon-with-senior-citizens\\\/#breadcrumb\"},\"inLanguage\":\"en-US\",\"potentialAction\":[{\"@type\":\"ReadAction\",\"target\":[\"https:\\\/\\\/www.monaco-tribune.com\\\/en\\\/2025\\\/12\\\/prince-albert-ii-and-princess-charlene-share-anniversary-luncheon-with-senior-citizens\\\/\"]}]},{\"@type\":\"ImageObject\",\"inLanguage\":\"en-US\",\"@id\":\"https:\\\/\\\/www.monaco-tribune.com\\\/en\\\/2025\\\/12\\\/prince-albert-ii-and-princess-charlene-share-anniversary-luncheon-with-senior-citizens\\\/#primaryimage\",\"url\":\"https:\\\/\\\/www.monaco-tribune.com\\\/wp-content\\\/uploads\\\/2025\\\/12\\\/prince-albert-monaco.jpg\",\"contentUrl\":\"https:\\\/\\\/www.monaco-tribune.com\\\/wp-content\\\/uploads\\\/2025\\\/12\\\/prince-albert-monaco.jpg\",\"width\":1200,\"height\":800,\"caption\":\"The Amicale des A\u00een\u00e9s Mon\u00e9gasques celebrates its 75th anniversary \u00a9 Micha\u00ebl Alesi \\\/ Prince's Palace\"},{\"@type\":\"BreadcrumbList\",\"@id\":\"https:\\\/\\\/www.monaco-tribune.com\\\/en\\\/2025\\\/12\\\/prince-albert-ii-and-princess-charlene-share-anniversary-luncheon-with-senior-citizens\\\/#breadcrumb\",\"itemListElement\":[{\"@type\":\"ListItem\",\"position\":1,\"name\":\"Accueil\",\"item\":\"https:\\\/\\\/www.monaco-tribune.com\\\/en\\\/\"},{\"@type\":\"ListItem\",\"position\":2,\"name\":\"Prince Albert II and Princess Charlene share anniversary luncheon with senior citizens\"}]},{\"@type\":\"WebSite\",\"@id\":\"https:\\\/\\\/www.monaco-tribune.com\\\/en\\\/#website\",\"url\":\"https:\\\/\\\/www.monaco-tribune.com\\\/en\\\/\",\"name\":\"Monaco Tribune\",\"description\":\"Monaco : actualit\u00e9s \u00e9conomiques, politiques, culturelles et sportives de Monaco et de la French Riviera.\",\"publisher\":{\"@id\":\"https:\\\/\\\/www.monaco-tribune.com\\\/en\\\/#organization\"},\"potentialAction\":[{\"@type\":\"SearchAction\",\"target\":{\"@type\":\"EntryPoint\",\"urlTemplate\":\"https:\\\/\\\/www.monaco-tribune.com\\\/en\\\/?s={search_term_string}\"},\"query-input\":{\"@type\":\"PropertyValueSpecification\",\"valueRequired\":true,\"valueName\":\"search_term_string\"}}],\"inLanguage\":\"en-US\"},{\"@type\":\"Organization\",\"@id\":\"https:\\\/\\\/www.monaco-tribune.com\\\/en\\\/#organization\",\"name\":\"Monaco Tribune\",\"url\":\"https:\\\/\\\/www.monaco-tribune.com\\\/en\\\/\",\"logo\":{\"@type\":\"ImageObject\",\"inLanguage\":\"en-US\",\"@id\":\"https:\\\/\\\/www.monaco-tribune.com\\\/en\\\/#\\\/schema\\\/logo\\\/image\\\/\",\"url\":\"https:\\\/\\\/www.monaco-tribune.com\\\/wp-content\\\/uploads\\\/2022\\\/11\\\/logo-monaco-tribune.png\",\"contentUrl\":\"https:\\\/\\\/www.monaco-tribune.com\\\/wp-content\\\/uploads\\\/2022\\\/11\\\/logo-monaco-tribune.png\",\"width\":1548,\"height\":600,\"caption\":\"Monaco Tribune\"},\"image\":{\"@id\":\"https:\\\/\\\/www.monaco-tribune.com\\\/en\\\/#\\\/schema\\\/logo\\\/image\\\/\"},\"sameAs\":[\"https:\\\/\\\/www.facebook.com\\\/MonacoTribune\",\"https:\\\/\\\/x.com\\\/MonacoTribune\",\"https:\\\/\\\/www.instagram.com\\\/monacotribune\\\/\",\"https:\\\/\\\/www.linkedin.com\\\/company\\\/monaco-tribune\",\"https:\\\/\\\/www.youtube.com\\\/channel\\\/UCHle1MnG6hw1y4lWKijVbMA\"]},{\"@type\":\"Person\",\"@id\":\"https:\\\/\\\/www.monaco-tribune.com\\\/en\\\/#\\\/schema\\\/person\\\/8f6ed8c063276e2397589eda5b7a2f2d\",\"name\":\"Monaco Tribune\",\"image\":{\"@type\":\"ImageObject\",\"inLanguage\":\"en-US\",\"@id\":\"https:\\\/\\\/secure.gravatar.com\\\/avatar\\\/3010e6c5d6c8056ec1c25228fe68ea089879e5ae0de884e0247744ee988aaf6a?s=96&d=mm&r=g\",\"url\":\"https:\\\/\\\/secure.gravatar.com\\\/avatar\\\/3010e6c5d6c8056ec1c25228fe68ea089879e5ae0de884e0247744ee988aaf6a?s=96&d=mm&r=g\",\"contentUrl\":\"https:\\\/\\\/secure.gravatar.com\\\/avatar\\\/3010e6c5d6c8056ec1c25228fe68ea089879e5ae0de884e0247744ee988aaf6a?s=96&d=mm&r=g\",\"caption\":\"Monaco Tribune\"},\"url\":\"https:\\\/\\\/www.monaco-tribune.com\\\/en\\\/author\\\/monaco-tribune\\\/\"}]}<\/script>\n<!-- \/ Yoast SEO Premium plugin. -->","yoast_head_json":{"title":"Prince Albert II and Princess Charlene share anniversary luncheon with senior citizens","description":"The Princely Couple enjoyed a moment of conviviality with retirees from the Principality's\u00a0Amicale des A\u00een\u00e9s Mon\u00e9gasques during their 75th anniversary","robots":{"index":"index","follow":"follow","max-snippet":"max-snippet:-1","max-image-preview":"max-image-preview:large","max-video-preview":"max-video-preview:-1"},"canonical":"https:\/\/www.monaco-tribune.com\/en\/2025\/12\/prince-albert-ii-and-princess-charlene-share-anniversary-luncheon-with-senior-citizens\/","og_locale":"en_US","og_type":"article","og_title":"Prince Albert II and Princess Charlene share anniversary luncheon with senior citizens - Monaco Tribune","og_description":"The Princely Couple enjoyed a moment of conviviality with retirees from the Principality's\u00a0Amicale des A\u00een\u00e9s Mon\u00e9gasques during their 75th anniversary","og_url":"https:\/\/www.monaco-tribune.com\/en\/2025\/12\/prince-albert-ii-and-princess-charlene-share-anniversary-luncheon-with-senior-citizens\/","og_site_name":"Monaco Tribune","article_publisher":"https:\/\/www.facebook.com\/MonacoTribune","article_published_time":"2025-12-05T21:55:27+00:00","article_modified_time":"2025-12-06T05:39:03+00:00","og_image":[{"width":1200,"height":800,"url":"https:\/\/www.monaco-tribune.com\/wp-content\/uploads\/2025\/12\/prince-albert-monaco.jpg","type":"image\/jpeg"}],"author":"Monaco Tribune","twitter_card":"summary_large_image","twitter_creator":"@MonacoTribune","twitter_site":"@MonacoTribune","schema":{"@context":"https:\/\/schema.org","@graph":[{"@type":"NewsArticle","@id":"https:\/\/www.monaco-tribune.com\/en\/2025\/12\/prince-albert-ii-and-princess-charlene-share-anniversary-luncheon-with-senior-citizens\/#article","isPartOf":{"@id":"https:\/\/www.monaco-tribune.com\/en\/2025\/12\/prince-albert-ii-and-princess-charlene-share-anniversary-luncheon-with-senior-citizens\/"},"author":{"name":"Monaco Tribune","@id":"https:\/\/www.monaco-tribune.com\/en\/#\/schema\/person\/8f6ed8c063276e2397589eda5b7a2f2d"},"headline":"Prince Albert II and Princess Charlene share anniversary luncheon with senior citizens","datePublished":"2025-12-05T21:55:27+00:00","dateModified":"2025-12-06T05:39:03+00:00","mainEntityOfPage":{"@id":"https:\/\/www.monaco-tribune.com\/en\/2025\/12\/prince-albert-ii-and-princess-charlene-share-anniversary-luncheon-with-senior-citizens\/"},"wordCount":250,"publisher":{"@id":"https:\/\/www.monaco-tribune.com\/en\/#organization"},"image":{"@id":"https:\/\/www.monaco-tribune.com\/en\/2025\/12\/prince-albert-ii-and-princess-charlene-share-anniversary-luncheon-with-senior-citizens\/#primaryimage"},"thumbnailUrl":"https:\/\/www.monaco-tribune.com\/wp-content\/uploads\/2025\/12\/prince-albert-monaco.jpg","keywords":["Princess Charlene"],"articleSection":["Editor&#039;s choice","News","Princely Family"],"inLanguage":"en-US","copyrightYear":"2025","copyrightHolder":{"@id":"https:\/\/www.monaco-tribune.com\/#organization"}},{"@type":"WebPage","@id":"https:\/\/www.monaco-tribune.com\/en\/2025\/12\/prince-albert-ii-and-princess-charlene-share-anniversary-luncheon-with-senior-citizens\/","url":"https:\/\/www.monaco-tribune.com\/en\/2025\/12\/prince-albert-ii-and-princess-charlene-share-anniversary-luncheon-with-senior-citizens\/","name":"Prince Albert II and Princess Charlene share anniversary luncheon with senior citizens","isPartOf":{"@id":"https:\/\/www.monaco-tribune.com\/en\/#website"},"primaryImageOfPage":{"@id":"https:\/\/www.monaco-tribune.com\/en\/2025\/12\/prince-albert-ii-and-princess-charlene-share-anniversary-luncheon-with-senior-citizens\/#primaryimage"},"image":{"@id":"https:\/\/www.monaco-tribune.com\/en\/2025\/12\/prince-albert-ii-and-princess-charlene-share-anniversary-luncheon-with-senior-citizens\/#primaryimage"},"thumbnailUrl":"https:\/\/www.monaco-tribune.com\/wp-content\/uploads\/2025\/12\/prince-albert-monaco.jpg","datePublished":"2025-12-05T21:55:27+00:00","dateModified":"2025-12-06T05:39:03+00:00","description":"The Princely Couple enjoyed a moment of conviviality with retirees from the Principality's\u00a0Amicale des A\u00een\u00e9s Mon\u00e9gasques during their 75th anniversary","breadcrumb":{"@id":"https:\/\/www.monaco-tribune.com\/en\/2025\/12\/prince-albert-ii-and-princess-charlene-share-anniversary-luncheon-with-senior-citizens\/#breadcrumb"},"inLanguage":"en-US","potentialAction":[{"@type":"ReadAction","target":["https:\/\/www.monaco-tribune.com\/en\/2025\/12\/prince-albert-ii-and-princess-charlene-share-anniversary-luncheon-with-senior-citizens\/"]}]},{"@type":"ImageObject","inLanguage":"en-US","@id":"https:\/\/www.monaco-tribune.com\/en\/2025\/12\/prince-albert-ii-and-princess-charlene-share-anniversary-luncheon-with-senior-citizens\/#primaryimage","url":"https:\/\/www.monaco-tribune.com\/wp-content\/uploads\/2025\/12\/prince-albert-monaco.jpg","contentUrl":"https:\/\/www.monaco-tribune.com\/wp-content\/uploads\/2025\/12\/prince-albert-monaco.jpg","width":1200,"height":800,"caption":"The Amicale des A\u00een\u00e9s Mon\u00e9gasques celebrates its 75th anniversary \u00a9 Micha\u00ebl Alesi \/ Prince's Palace"},{"@type":"BreadcrumbList","@id":"https:\/\/www.monaco-tribune.com\/en\/2025\/12\/prince-albert-ii-and-princess-charlene-share-anniversary-luncheon-with-senior-citizens\/#breadcrumb","itemListElement":[{"@type":"ListItem","position":1,"name":"Accueil","item":"https:\/\/www.monaco-tribune.com\/en\/"},{"@type":"ListItem","position":2,"name":"Prince Albert II and Princess Charlene share anniversary luncheon with senior citizens"}]},{"@type":"WebSite","@id":"https:\/\/www.monaco-tribune.com\/en\/#website","url":"https:\/\/www.monaco-tribune.com\/en\/","name":"Monaco Tribune","description":"Monaco : actualit\u00e9s \u00e9conomiques, politiques, culturelles et sportives de Monaco et de la French Riviera.","publisher":{"@id":"https:\/\/www.monaco-tribune.com\/en\/#organization"},"potentialAction":[{"@type":"SearchAction","target":{"@type":"EntryPoint","urlTemplate":"https:\/\/www.monaco-tribune.com\/en\/?s={search_term_string}"},"query-input":{"@type":"PropertyValueSpecification","valueRequired":true,"valueName":"search_term_string"}}],"inLanguage":"en-US"},{"@type":"Organization","@id":"https:\/\/www.monaco-tribune.com\/en\/#organization","name":"Monaco Tribune","url":"https:\/\/www.monaco-tribune.com\/en\/","logo":{"@type":"ImageObject","inLanguage":"en-US","@id":"https:\/\/www.monaco-tribune.com\/en\/#\/schema\/logo\/image\/","url":"https:\/\/www.monaco-tribune.com\/wp-content\/uploads\/2022\/11\/logo-monaco-tribune.png","contentUrl":"https:\/\/www.monaco-tribune.com\/wp-content\/uploads\/2022\/11\/logo-monaco-tribune.png","width":1548,"height":600,"caption":"Monaco Tribune"},"image":{"@id":"https:\/\/www.monaco-tribune.com\/en\/#\/schema\/logo\/image\/"},"sameAs":["https:\/\/www.facebook.com\/MonacoTribune","https:\/\/x.com\/MonacoTribune","https:\/\/www.instagram.com\/monacotribune\/","https:\/\/www.linkedin.com\/company\/monaco-tribune","https:\/\/www.youtube.com\/channel\/UCHle1MnG6hw1y4lWKijVbMA"]},{"@type":"Person","@id":"https:\/\/www.monaco-tribune.com\/en\/#\/schema\/person\/8f6ed8c063276e2397589eda5b7a2f2d","name":"Monaco Tribune","image":{"@type":"ImageObject","inLanguage":"en-US","@id":"https:\/\/secure.gravatar.com\/avatar\/3010e6c5d6c8056ec1c25228fe68ea089879e5ae0de884e0247744ee988aaf6a?s=96&d=mm&r=g","url":"https:\/\/secure.gravatar.com\/avatar\/3010e6c5d6c8056ec1c25228fe68ea089879e5ae0de884e0247744ee988aaf6a?s=96&d=mm&r=g","contentUrl":"https:\/\/secure.gravatar.com\/avatar\/3010e6c5d6c8056ec1c25228fe68ea089879e5ae0de884e0247744ee988aaf6a?s=96&d=mm&r=g","caption":"Monaco Tribune"},"url":"https:\/\/www.monaco-tribune.com\/en\/author\/monaco-tribune\/"}]}},"_links":{"self":[{"href":"https:\/\/www.monaco-tribune.com\/en\/wp-json\/wp\/v2\/posts\/329338","targetHints":{"allow":["GET"]}}],"collection":[{"href":"https:\/\/www.monaco-tribune.com\/en\/wp-json\/wp\/v2\/posts"}],"about":[{"href":"https:\/\/www.monaco-tribune.com\/en\/wp-json\/wp\/v2\/types\/post"}],"author":[{"embeddable":true,"href":"https:\/\/www.monaco-tribune.com\/en\/wp-json\/wp\/v2\/users\/21"}],"replies":[{"embeddable":true,"href":"https:\/\/www.monaco-tribune.com\/en\/wp-json\/wp\/v2\/comments?post=329338"}],"version-history":[{"count":4,"href":"https:\/\/www.monaco-tribune.com\/en\/wp-json\/wp\/v2\/posts\/329338\/revisions"}],"predecessor-version":[{"id":329348,"href":"https:\/\/www.monaco-tribune.com\/en\/wp-json\/wp\/v2\/posts\/329338\/revisions\/329348"}],"wp:featuredmedia":[{"embeddable":true,"href":"https:\/\/www.monaco-tribune.com\/en\/wp-json\/wp\/v2\/media\/329284"}],"wp:attachment":[{"href":"https:\/\/www.monaco-tribune.com\/en\/wp-json\/wp\/v2\/media?parent=329338"}],"wp:term":[{"taxonomy":"category","embeddable":true,"href":"https:\/\/www.monaco-tribune.com\/en\/wp-json\/wp\/v2\/categories?post=329338"},{"taxonomy":"post_tag","embeddable":true,"href":"https:\/\/www.monaco-tribune.com\/en\/wp-json\/wp\/v2\/tags?post=329338"},{"taxonomy":"sectag","embeddable":true,"href":"https:\/\/www.monaco-tribune.com\/en\/wp-json\/wp\/v2\/post_sectags?post=329338"},{"taxonomy":"format","embeddable":true,"href":"https:\/\/www.monaco-tribune.com\/en\/wp-json\/wp\/v2\/post_format?post=329338"}],"curies":[{"name":"wp","href":"https:\/\/api.w.org\/{rel}","templated":true}]}}