{"id":329435,"date":"2025-12-07T14:06:34","date_gmt":"2025-12-07T12:06:34","guid":{"rendered":"https:\/\/www.monaco-tribune.com\/2025\/12\/the-princely-family-of-monaco-unveils-their-greeting-card-with-a-surprise-four-legged-guest\/"},"modified":"2026-01-06T13:28:59","modified_gmt":"2026-01-06T11:28:59","slug":"the-princely-family-of-monaco-unveils-their-greeting-card-with-a-surprise-four-legged-guest","status":"publish","type":"post","link":"https:\/\/www.monaco-tribune.com\/en\/2025\/12\/the-princely-family-of-monaco-unveils-their-greeting-card-with-a-surprise-four-legged-guest\/","title":{"rendered":"The Princely Family of Monaco unveils their greeting card with a surprise four-legged guest"},"content":{"rendered":"\n<p><p class=\"font-claude-response-body break-words whitespace-normal \"><strong>Prince Albert II, Princess Charlene and Twins Jacques and Gabriella shared their traditional Christmas photo this Sunday, December 7th, with a notable appearance by Harley, the Princess&#8217;s faithful companion.<\/strong><\/p><\/p>\n\n<p>On the official Instagram account of the Prince&#8217;s Palace, the Princely Family unveiled their greeting card in an atmosphere of warmth and elegance. &#8220;The Princely Family is pleased to share their greeting card with you,&#8221; reads the caption published in French, English, Italian and also <a href=\"https:\/\/www.monaco-tribune.com\/en\/2025\/09\/learn-monegasque-a-practical-guide-to-studying-the-language-of-the-principality\/\">Monegasque<\/a>: &#8220;A Famiya principesca gh\u2019\u00e0 u piej\u00e8 de spart\u00ec cun vui a so\u2019 cartulina d\u2019aug\u00fcri.&#8221;<\/p>\n<div class=\"wp-block-image\">\n<figure class=\"aligncenter size-large is-resized\"><img loading=\"lazy\" decoding=\"async\" width=\"768\" height=\"1024\" src=\"https:\/\/www.monaco-tribune.com\/wp-content\/uploads\/2025\/12\/carte-de-voeux-famille-princiere-de-monaco-768x1024.jpg\" alt=\"\" class=\"wp-image-329424\" style=\"width:767px;height:auto\" srcset=\"https:\/\/www.monaco-tribune.com\/wp-content\/uploads\/2025\/12\/carte-de-voeux-famille-princiere-de-monaco-768x1024.jpg 768w, https:\/\/www.monaco-tribune.com\/wp-content\/uploads\/2025\/12\/carte-de-voeux-famille-princiere-de-monaco-225x300.jpg 225w, https:\/\/www.monaco-tribune.com\/wp-content\/uploads\/2025\/12\/carte-de-voeux-famille-princiere-de-monaco.jpg 1536w\" sizes=\"auto, (max-width: 768px) 100vw, 768px\" \/><figcaption class=\"wp-element-caption\"><em>The official greeting card of the Princely Family of Monaco \u00a9 Vanessa von Zitzewitz \/ Princely Palace<\/em><\/figcaption><\/figure>\n<\/div>\n<p>In a beautifully decorated living room for the holidays, with a crackling fireplace, festive lights and a majestic Christmas tree adorned with midnight blue and gold baubles, the Princely Couple and their children pose in a decidedly festive ambiance. Seated on a blue velvet sofa, Princess Charlene appears radiant in a long grey dress with a pleated drape.<\/p>\n\n<h2 class=\"wp-block-heading\" id=\"h-harley-l-invite-surprise-qui-vole-la-vedette\"><strong>Harley, the surprise guest who steals the show<\/strong><\/h2>\n\n<p>A faithful companion the Princess Charlene rarely parts with, Harley, her chihuahua, slipped between his mistress and Princess Gabriella to feature on this greeting card. The little dog recently <a href=\"https:\/\/www.monaco-tribune.com\/en\/2025\/11\/princess-charlene-and-harley-come-together-for-a-cause-at-the-rokethon\/\">made a splash at the Rokethon<\/a>, where he accompanied Princess Charlene during this charity event, confirming his status as a full member of the family.<\/p>\n\n<blockquote class=\"wp-embedded-content\" data-secret=\"pnPyBFvCFT\"><a href=\"https:\/\/www.monaco-tribune.com\/en\/2025\/12\/prince-albert-ii-princess-charlene-and-the-princely-twins-inaugurate-monacos-christmas-village\/\">Prince Albert II, Princess Charlene and the Princely Twins inaugurate Monaco&#8217;s Christmas Village<\/a><\/blockquote><iframe class=\"wp-embedded-content\" sandbox=\"allow-scripts\" security=\"restricted\" style=\"position: absolute; visibility: hidden;\" title=\"&#8220;Prince Albert II, Princess Charlene and the Princely Twins inaugurate Monaco&#8217;s Christmas Village&#8221; &#8212; Monaco Tribune\" src=\"https:\/\/www.monaco-tribune.com\/en\/2025\/12\/prince-albert-ii-princess-charlene-and-the-princely-twins-inaugurate-monacos-christmas-village\/embed\/#?secret=g0OuadInCx#?secret=pnPyBFvCFT\" data-secret=\"pnPyBFvCFT\" width=\"500\" height=\"282\" frameborder=\"0\" marginwidth=\"0\" marginheight=\"0\" scrolling=\"no\"><\/iframe>\n\n<h2 class=\"wp-block-heading\" id=\"h-l-oeil-expert-de-vanessa-von-zitzewitz\"><strong>The expert eye of Vanessa von Zitzewitz<\/strong><\/h2>\n\n<p>This photograph bears the signature of <a href=\"https:\/\/www.monaco-tribune.com\/en\/2023\/07\/vanessa-von-zitzewitz-the-photographer-who-captured-michael-schumacher-and-princess-charlene\/\">Vanessa von Zitzewitz<\/a>, a German photographer residing in the Principality. The artist who immortalised Michael Schumacher and has collaborated several times with the Princely Family had already produced a remarkable series of portraits with Princess Charlene, one of which adorned her Instagram profile photo. Prince Albert II had praised her work during the exhibition in 2023 she dedicated to the German driver at Sotheby&#8217;s Monaco.<\/p>\n\n<p>This greeting card comes just days before the Twins&#8217; eleventh birthday, who will celebrate turning 11 on December 10th.<\/p>\n","protected":false},"excerpt":{"rendered":"<p>Prince Albert II, Princess Charlene and Twins Jacques and Gabriella shared their traditional Christmas photo this Sunday, December 7th, with [&hellip;]<\/p>\n","protected":false},"author":21,"featured_media":329430,"comment_status":"closed","ping_status":"closed","sticky":false,"template":"","format":"standard","meta":{"_acf_changed":false,"footnotes":""},"categories":[1825,243,254],"tags":[2830],"post_sectags":[],"post_format":[2462],"class_list":["post-329435","post","type-post","status-publish","format-standard","has-post-thumbnail","hentry","category-editors-choice","category-news","category-people-en","tag-prince-albert-ii-en-2","format-photos-en"],"acf":[],"yoast_head":"<!-- This site is optimized with the Yoast SEO Premium plugin v26.8 (Yoast SEO v27.5) - https:\/\/yoast.com\/product\/yoast-seo-premium-wordpress\/ -->\n<title>The Princely Family of Monaco unveils their greeting card with a surprise four-legged guest<\/title>\n<meta name=\"description\" content=\"Prince Albert II, Princess Charlene and Twins Jacques and Gabriella shared their traditional Christmas photo this Sunday, December 7th, with a notable\" \/>\n<meta name=\"robots\" content=\"index, follow, max-snippet:-1, max-image-preview:large, max-video-preview:-1\" \/>\n<link rel=\"canonical\" href=\"https:\/\/www.monaco-tribune.com\/en\/2025\/12\/the-princely-family-of-monaco-unveils-their-greeting-card-with-a-surprise-four-legged-guest\/\" \/>\n<meta property=\"og:locale\" content=\"en_US\" \/>\n<meta property=\"og:type\" content=\"article\" \/>\n<meta property=\"og:title\" content=\"The Princely Family of Monaco unveils their greeting card with a surprise four-legged guest - Monaco Tribune\" \/>\n<meta property=\"og:description\" content=\"Prince Albert II, Princess Charlene and Twins Jacques and Gabriella shared their traditional Christmas photo this Sunday, December 7th, with a notable\" \/>\n<meta property=\"og:url\" content=\"https:\/\/www.monaco-tribune.com\/en\/2025\/12\/the-princely-family-of-monaco-unveils-their-greeting-card-with-a-surprise-four-legged-guest\/\" \/>\n<meta property=\"og:site_name\" content=\"Monaco Tribune\" \/>\n<meta property=\"article:publisher\" content=\"https:\/\/www.facebook.com\/MonacoTribune\" \/>\n<meta property=\"article:published_time\" content=\"2025-12-07T12:06:34+00:00\" \/>\n<meta property=\"article:modified_time\" content=\"2026-01-06T11:28:59+00:00\" \/>\n<meta property=\"og:image\" content=\"https:\/\/www.monaco-tribune.com\/wp-content\/uploads\/2025\/12\/carte-de-voeux-famille-princiere-de-monaco-1.jpg\" \/>\n\t<meta property=\"og:image:width\" content=\"1536\" \/>\n\t<meta property=\"og:image:height\" content=\"895\" \/>\n\t<meta property=\"og:image:type\" content=\"image\/jpeg\" \/>\n<meta name=\"author\" content=\"Monaco Tribune\" \/>\n<meta name=\"twitter:card\" content=\"summary_large_image\" \/>\n<meta name=\"twitter:creator\" content=\"@MonacoTribune\" \/>\n<meta name=\"twitter:site\" content=\"@MonacoTribune\" \/>\n<script type=\"application\/ld+json\" class=\"yoast-schema-graph\">{\"@context\":\"https:\\\/\\\/schema.org\",\"@graph\":[{\"@type\":\"NewsArticle\",\"@id\":\"https:\\\/\\\/www.monaco-tribune.com\\\/en\\\/2025\\\/12\\\/the-princely-family-of-monaco-unveils-their-greeting-card-with-a-surprise-four-legged-guest\\\/#article\",\"isPartOf\":{\"@id\":\"https:\\\/\\\/www.monaco-tribune.com\\\/en\\\/2025\\\/12\\\/the-princely-family-of-monaco-unveils-their-greeting-card-with-a-surprise-four-legged-guest\\\/\"},\"author\":{\"name\":\"Monaco Tribune\",\"@id\":\"https:\\\/\\\/www.monaco-tribune.com\\\/en\\\/#\\\/schema\\\/person\\\/8f6ed8c063276e2397589eda5b7a2f2d\"},\"headline\":\"The Princely Family of Monaco unveils their greeting card with a surprise four-legged guest\",\"datePublished\":\"2025-12-07T12:06:34+00:00\",\"dateModified\":\"2026-01-06T11:28:59+00:00\",\"mainEntityOfPage\":{\"@id\":\"https:\\\/\\\/www.monaco-tribune.com\\\/en\\\/2025\\\/12\\\/the-princely-family-of-monaco-unveils-their-greeting-card-with-a-surprise-four-legged-guest\\\/\"},\"wordCount\":344,\"publisher\":{\"@id\":\"https:\\\/\\\/www.monaco-tribune.com\\\/en\\\/#organization\"},\"image\":{\"@id\":\"https:\\\/\\\/www.monaco-tribune.com\\\/en\\\/2025\\\/12\\\/the-princely-family-of-monaco-unveils-their-greeting-card-with-a-surprise-four-legged-guest\\\/#primaryimage\"},\"thumbnailUrl\":\"https:\\\/\\\/www.monaco-tribune.com\\\/wp-content\\\/uploads\\\/2025\\\/12\\\/carte-de-voeux-famille-princiere-de-monaco-1.jpg\",\"keywords\":[\"Prince Albert II\"],\"articleSection\":[\"Editor&#039;s choice\",\"News\",\"Princely Family\"],\"inLanguage\":\"en-US\",\"copyrightYear\":\"2025\",\"copyrightHolder\":{\"@id\":\"https:\\\/\\\/www.monaco-tribune.com\\\/#organization\"}},{\"@type\":\"WebPage\",\"@id\":\"https:\\\/\\\/www.monaco-tribune.com\\\/en\\\/2025\\\/12\\\/the-princely-family-of-monaco-unveils-their-greeting-card-with-a-surprise-four-legged-guest\\\/\",\"url\":\"https:\\\/\\\/www.monaco-tribune.com\\\/en\\\/2025\\\/12\\\/the-princely-family-of-monaco-unveils-their-greeting-card-with-a-surprise-four-legged-guest\\\/\",\"name\":\"The Princely Family of Monaco unveils their greeting card with a surprise four-legged guest\",\"isPartOf\":{\"@id\":\"https:\\\/\\\/www.monaco-tribune.com\\\/en\\\/#website\"},\"primaryImageOfPage\":{\"@id\":\"https:\\\/\\\/www.monaco-tribune.com\\\/en\\\/2025\\\/12\\\/the-princely-family-of-monaco-unveils-their-greeting-card-with-a-surprise-four-legged-guest\\\/#primaryimage\"},\"image\":{\"@id\":\"https:\\\/\\\/www.monaco-tribune.com\\\/en\\\/2025\\\/12\\\/the-princely-family-of-monaco-unveils-their-greeting-card-with-a-surprise-four-legged-guest\\\/#primaryimage\"},\"thumbnailUrl\":\"https:\\\/\\\/www.monaco-tribune.com\\\/wp-content\\\/uploads\\\/2025\\\/12\\\/carte-de-voeux-famille-princiere-de-monaco-1.jpg\",\"datePublished\":\"2025-12-07T12:06:34+00:00\",\"dateModified\":\"2026-01-06T11:28:59+00:00\",\"description\":\"Prince Albert II, Princess Charlene and Twins Jacques and Gabriella shared their traditional Christmas photo this Sunday, December 7th, with a notable\",\"breadcrumb\":{\"@id\":\"https:\\\/\\\/www.monaco-tribune.com\\\/en\\\/2025\\\/12\\\/the-princely-family-of-monaco-unveils-their-greeting-card-with-a-surprise-four-legged-guest\\\/#breadcrumb\"},\"inLanguage\":\"en-US\",\"potentialAction\":[{\"@type\":\"ReadAction\",\"target\":[\"https:\\\/\\\/www.monaco-tribune.com\\\/en\\\/2025\\\/12\\\/the-princely-family-of-monaco-unveils-their-greeting-card-with-a-surprise-four-legged-guest\\\/\"]}]},{\"@type\":\"ImageObject\",\"inLanguage\":\"en-US\",\"@id\":\"https:\\\/\\\/www.monaco-tribune.com\\\/en\\\/2025\\\/12\\\/the-princely-family-of-monaco-unveils-their-greeting-card-with-a-surprise-four-legged-guest\\\/#primaryimage\",\"url\":\"https:\\\/\\\/www.monaco-tribune.com\\\/wp-content\\\/uploads\\\/2025\\\/12\\\/carte-de-voeux-famille-princiere-de-monaco-1.jpg\",\"contentUrl\":\"https:\\\/\\\/www.monaco-tribune.com\\\/wp-content\\\/uploads\\\/2025\\\/12\\\/carte-de-voeux-famille-princiere-de-monaco-1.jpg\",\"width\":1536,\"height\":895,\"caption\":\"\u00a9 Vanessa von Zitzewitz \\\/ Palais Princier\"},{\"@type\":\"BreadcrumbList\",\"@id\":\"https:\\\/\\\/www.monaco-tribune.com\\\/en\\\/2025\\\/12\\\/the-princely-family-of-monaco-unveils-their-greeting-card-with-a-surprise-four-legged-guest\\\/#breadcrumb\",\"itemListElement\":[{\"@type\":\"ListItem\",\"position\":1,\"name\":\"Accueil\",\"item\":\"https:\\\/\\\/www.monaco-tribune.com\\\/en\\\/\"},{\"@type\":\"ListItem\",\"position\":2,\"name\":\"The Princely Family of Monaco unveils their greeting card with a surprise four-legged guest\"}]},{\"@type\":\"WebSite\",\"@id\":\"https:\\\/\\\/www.monaco-tribune.com\\\/en\\\/#website\",\"url\":\"https:\\\/\\\/www.monaco-tribune.com\\\/en\\\/\",\"name\":\"Monaco Tribune\",\"description\":\"Monaco : actualit\u00e9s \u00e9conomiques, politiques, culturelles et sportives de Monaco et de la French Riviera.\",\"publisher\":{\"@id\":\"https:\\\/\\\/www.monaco-tribune.com\\\/en\\\/#organization\"},\"potentialAction\":[{\"@type\":\"SearchAction\",\"target\":{\"@type\":\"EntryPoint\",\"urlTemplate\":\"https:\\\/\\\/www.monaco-tribune.com\\\/en\\\/?s={search_term_string}\"},\"query-input\":{\"@type\":\"PropertyValueSpecification\",\"valueRequired\":true,\"valueName\":\"search_term_string\"}}],\"inLanguage\":\"en-US\"},{\"@type\":\"Organization\",\"@id\":\"https:\\\/\\\/www.monaco-tribune.com\\\/en\\\/#organization\",\"name\":\"Monaco Tribune\",\"url\":\"https:\\\/\\\/www.monaco-tribune.com\\\/en\\\/\",\"logo\":{\"@type\":\"ImageObject\",\"inLanguage\":\"en-US\",\"@id\":\"https:\\\/\\\/www.monaco-tribune.com\\\/en\\\/#\\\/schema\\\/logo\\\/image\\\/\",\"url\":\"https:\\\/\\\/www.monaco-tribune.com\\\/wp-content\\\/uploads\\\/2022\\\/11\\\/logo-monaco-tribune.png\",\"contentUrl\":\"https:\\\/\\\/www.monaco-tribune.com\\\/wp-content\\\/uploads\\\/2022\\\/11\\\/logo-monaco-tribune.png\",\"width\":1548,\"height\":600,\"caption\":\"Monaco Tribune\"},\"image\":{\"@id\":\"https:\\\/\\\/www.monaco-tribune.com\\\/en\\\/#\\\/schema\\\/logo\\\/image\\\/\"},\"sameAs\":[\"https:\\\/\\\/www.facebook.com\\\/MonacoTribune\",\"https:\\\/\\\/x.com\\\/MonacoTribune\",\"https:\\\/\\\/www.instagram.com\\\/monacotribune\\\/\",\"https:\\\/\\\/www.linkedin.com\\\/company\\\/monaco-tribune\",\"https:\\\/\\\/www.youtube.com\\\/channel\\\/UCHle1MnG6hw1y4lWKijVbMA\"]},{\"@type\":\"Person\",\"@id\":\"https:\\\/\\\/www.monaco-tribune.com\\\/en\\\/#\\\/schema\\\/person\\\/8f6ed8c063276e2397589eda5b7a2f2d\",\"name\":\"Monaco Tribune\",\"image\":{\"@type\":\"ImageObject\",\"inLanguage\":\"en-US\",\"@id\":\"https:\\\/\\\/secure.gravatar.com\\\/avatar\\\/3010e6c5d6c8056ec1c25228fe68ea089879e5ae0de884e0247744ee988aaf6a?s=96&d=mm&r=g\",\"url\":\"https:\\\/\\\/secure.gravatar.com\\\/avatar\\\/3010e6c5d6c8056ec1c25228fe68ea089879e5ae0de884e0247744ee988aaf6a?s=96&d=mm&r=g\",\"contentUrl\":\"https:\\\/\\\/secure.gravatar.com\\\/avatar\\\/3010e6c5d6c8056ec1c25228fe68ea089879e5ae0de884e0247744ee988aaf6a?s=96&d=mm&r=g\",\"caption\":\"Monaco Tribune\"},\"url\":\"https:\\\/\\\/www.monaco-tribune.com\\\/en\\\/author\\\/monaco-tribune\\\/\"}]}<\/script>\n<!-- \/ Yoast SEO Premium plugin. -->","yoast_head_json":{"title":"The Princely Family of Monaco unveils their greeting card with a surprise four-legged guest","description":"Prince Albert II, Princess Charlene and Twins Jacques and Gabriella shared their traditional Christmas photo this Sunday, December 7th, with a notable","robots":{"index":"index","follow":"follow","max-snippet":"max-snippet:-1","max-image-preview":"max-image-preview:large","max-video-preview":"max-video-preview:-1"},"canonical":"https:\/\/www.monaco-tribune.com\/en\/2025\/12\/the-princely-family-of-monaco-unveils-their-greeting-card-with-a-surprise-four-legged-guest\/","og_locale":"en_US","og_type":"article","og_title":"The Princely Family of Monaco unveils their greeting card with a surprise four-legged guest - Monaco Tribune","og_description":"Prince Albert II, Princess Charlene and Twins Jacques and Gabriella shared their traditional Christmas photo this Sunday, December 7th, with a notable","og_url":"https:\/\/www.monaco-tribune.com\/en\/2025\/12\/the-princely-family-of-monaco-unveils-their-greeting-card-with-a-surprise-four-legged-guest\/","og_site_name":"Monaco Tribune","article_publisher":"https:\/\/www.facebook.com\/MonacoTribune","article_published_time":"2025-12-07T12:06:34+00:00","article_modified_time":"2026-01-06T11:28:59+00:00","og_image":[{"width":1536,"height":895,"url":"https:\/\/www.monaco-tribune.com\/wp-content\/uploads\/2025\/12\/carte-de-voeux-famille-princiere-de-monaco-1.jpg","type":"image\/jpeg"}],"author":"Monaco Tribune","twitter_card":"summary_large_image","twitter_creator":"@MonacoTribune","twitter_site":"@MonacoTribune","schema":{"@context":"https:\/\/schema.org","@graph":[{"@type":"NewsArticle","@id":"https:\/\/www.monaco-tribune.com\/en\/2025\/12\/the-princely-family-of-monaco-unveils-their-greeting-card-with-a-surprise-four-legged-guest\/#article","isPartOf":{"@id":"https:\/\/www.monaco-tribune.com\/en\/2025\/12\/the-princely-family-of-monaco-unveils-their-greeting-card-with-a-surprise-four-legged-guest\/"},"author":{"name":"Monaco Tribune","@id":"https:\/\/www.monaco-tribune.com\/en\/#\/schema\/person\/8f6ed8c063276e2397589eda5b7a2f2d"},"headline":"The Princely Family of Monaco unveils their greeting card with a surprise four-legged guest","datePublished":"2025-12-07T12:06:34+00:00","dateModified":"2026-01-06T11:28:59+00:00","mainEntityOfPage":{"@id":"https:\/\/www.monaco-tribune.com\/en\/2025\/12\/the-princely-family-of-monaco-unveils-their-greeting-card-with-a-surprise-four-legged-guest\/"},"wordCount":344,"publisher":{"@id":"https:\/\/www.monaco-tribune.com\/en\/#organization"},"image":{"@id":"https:\/\/www.monaco-tribune.com\/en\/2025\/12\/the-princely-family-of-monaco-unveils-their-greeting-card-with-a-surprise-four-legged-guest\/#primaryimage"},"thumbnailUrl":"https:\/\/www.monaco-tribune.com\/wp-content\/uploads\/2025\/12\/carte-de-voeux-famille-princiere-de-monaco-1.jpg","keywords":["Prince Albert II"],"articleSection":["Editor&#039;s choice","News","Princely Family"],"inLanguage":"en-US","copyrightYear":"2025","copyrightHolder":{"@id":"https:\/\/www.monaco-tribune.com\/#organization"}},{"@type":"WebPage","@id":"https:\/\/www.monaco-tribune.com\/en\/2025\/12\/the-princely-family-of-monaco-unveils-their-greeting-card-with-a-surprise-four-legged-guest\/","url":"https:\/\/www.monaco-tribune.com\/en\/2025\/12\/the-princely-family-of-monaco-unveils-their-greeting-card-with-a-surprise-four-legged-guest\/","name":"The Princely Family of Monaco unveils their greeting card with a surprise four-legged guest","isPartOf":{"@id":"https:\/\/www.monaco-tribune.com\/en\/#website"},"primaryImageOfPage":{"@id":"https:\/\/www.monaco-tribune.com\/en\/2025\/12\/the-princely-family-of-monaco-unveils-their-greeting-card-with-a-surprise-four-legged-guest\/#primaryimage"},"image":{"@id":"https:\/\/www.monaco-tribune.com\/en\/2025\/12\/the-princely-family-of-monaco-unveils-their-greeting-card-with-a-surprise-four-legged-guest\/#primaryimage"},"thumbnailUrl":"https:\/\/www.monaco-tribune.com\/wp-content\/uploads\/2025\/12\/carte-de-voeux-famille-princiere-de-monaco-1.jpg","datePublished":"2025-12-07T12:06:34+00:00","dateModified":"2026-01-06T11:28:59+00:00","description":"Prince Albert II, Princess Charlene and Twins Jacques and Gabriella shared their traditional Christmas photo this Sunday, December 7th, with a notable","breadcrumb":{"@id":"https:\/\/www.monaco-tribune.com\/en\/2025\/12\/the-princely-family-of-monaco-unveils-their-greeting-card-with-a-surprise-four-legged-guest\/#breadcrumb"},"inLanguage":"en-US","potentialAction":[{"@type":"ReadAction","target":["https:\/\/www.monaco-tribune.com\/en\/2025\/12\/the-princely-family-of-monaco-unveils-their-greeting-card-with-a-surprise-four-legged-guest\/"]}]},{"@type":"ImageObject","inLanguage":"en-US","@id":"https:\/\/www.monaco-tribune.com\/en\/2025\/12\/the-princely-family-of-monaco-unveils-their-greeting-card-with-a-surprise-four-legged-guest\/#primaryimage","url":"https:\/\/www.monaco-tribune.com\/wp-content\/uploads\/2025\/12\/carte-de-voeux-famille-princiere-de-monaco-1.jpg","contentUrl":"https:\/\/www.monaco-tribune.com\/wp-content\/uploads\/2025\/12\/carte-de-voeux-famille-princiere-de-monaco-1.jpg","width":1536,"height":895,"caption":"\u00a9 Vanessa von Zitzewitz \/ Palais Princier"},{"@type":"BreadcrumbList","@id":"https:\/\/www.monaco-tribune.com\/en\/2025\/12\/the-princely-family-of-monaco-unveils-their-greeting-card-with-a-surprise-four-legged-guest\/#breadcrumb","itemListElement":[{"@type":"ListItem","position":1,"name":"Accueil","item":"https:\/\/www.monaco-tribune.com\/en\/"},{"@type":"ListItem","position":2,"name":"The Princely Family of Monaco unveils their greeting card with a surprise four-legged guest"}]},{"@type":"WebSite","@id":"https:\/\/www.monaco-tribune.com\/en\/#website","url":"https:\/\/www.monaco-tribune.com\/en\/","name":"Monaco Tribune","description":"Monaco : actualit\u00e9s \u00e9conomiques, politiques, culturelles et sportives de Monaco et de la French Riviera.","publisher":{"@id":"https:\/\/www.monaco-tribune.com\/en\/#organization"},"potentialAction":[{"@type":"SearchAction","target":{"@type":"EntryPoint","urlTemplate":"https:\/\/www.monaco-tribune.com\/en\/?s={search_term_string}"},"query-input":{"@type":"PropertyValueSpecification","valueRequired":true,"valueName":"search_term_string"}}],"inLanguage":"en-US"},{"@type":"Organization","@id":"https:\/\/www.monaco-tribune.com\/en\/#organization","name":"Monaco Tribune","url":"https:\/\/www.monaco-tribune.com\/en\/","logo":{"@type":"ImageObject","inLanguage":"en-US","@id":"https:\/\/www.monaco-tribune.com\/en\/#\/schema\/logo\/image\/","url":"https:\/\/www.monaco-tribune.com\/wp-content\/uploads\/2022\/11\/logo-monaco-tribune.png","contentUrl":"https:\/\/www.monaco-tribune.com\/wp-content\/uploads\/2022\/11\/logo-monaco-tribune.png","width":1548,"height":600,"caption":"Monaco Tribune"},"image":{"@id":"https:\/\/www.monaco-tribune.com\/en\/#\/schema\/logo\/image\/"},"sameAs":["https:\/\/www.facebook.com\/MonacoTribune","https:\/\/x.com\/MonacoTribune","https:\/\/www.instagram.com\/monacotribune\/","https:\/\/www.linkedin.com\/company\/monaco-tribune","https:\/\/www.youtube.com\/channel\/UCHle1MnG6hw1y4lWKijVbMA"]},{"@type":"Person","@id":"https:\/\/www.monaco-tribune.com\/en\/#\/schema\/person\/8f6ed8c063276e2397589eda5b7a2f2d","name":"Monaco Tribune","image":{"@type":"ImageObject","inLanguage":"en-US","@id":"https:\/\/secure.gravatar.com\/avatar\/3010e6c5d6c8056ec1c25228fe68ea089879e5ae0de884e0247744ee988aaf6a?s=96&d=mm&r=g","url":"https:\/\/secure.gravatar.com\/avatar\/3010e6c5d6c8056ec1c25228fe68ea089879e5ae0de884e0247744ee988aaf6a?s=96&d=mm&r=g","contentUrl":"https:\/\/secure.gravatar.com\/avatar\/3010e6c5d6c8056ec1c25228fe68ea089879e5ae0de884e0247744ee988aaf6a?s=96&d=mm&r=g","caption":"Monaco Tribune"},"url":"https:\/\/www.monaco-tribune.com\/en\/author\/monaco-tribune\/"}]}},"_links":{"self":[{"href":"https:\/\/www.monaco-tribune.com\/en\/wp-json\/wp\/v2\/posts\/329435","targetHints":{"allow":["GET"]}}],"collection":[{"href":"https:\/\/www.monaco-tribune.com\/en\/wp-json\/wp\/v2\/posts"}],"about":[{"href":"https:\/\/www.monaco-tribune.com\/en\/wp-json\/wp\/v2\/types\/post"}],"author":[{"embeddable":true,"href":"https:\/\/www.monaco-tribune.com\/en\/wp-json\/wp\/v2\/users\/21"}],"replies":[{"embeddable":true,"href":"https:\/\/www.monaco-tribune.com\/en\/wp-json\/wp\/v2\/comments?post=329435"}],"version-history":[{"count":10,"href":"https:\/\/www.monaco-tribune.com\/en\/wp-json\/wp\/v2\/posts\/329435\/revisions"}],"predecessor-version":[{"id":333585,"href":"https:\/\/www.monaco-tribune.com\/en\/wp-json\/wp\/v2\/posts\/329435\/revisions\/333585"}],"wp:featuredmedia":[{"embeddable":true,"href":"https:\/\/www.monaco-tribune.com\/en\/wp-json\/wp\/v2\/media\/329430"}],"wp:attachment":[{"href":"https:\/\/www.monaco-tribune.com\/en\/wp-json\/wp\/v2\/media?parent=329435"}],"wp:term":[{"taxonomy":"category","embeddable":true,"href":"https:\/\/www.monaco-tribune.com\/en\/wp-json\/wp\/v2\/categories?post=329435"},{"taxonomy":"post_tag","embeddable":true,"href":"https:\/\/www.monaco-tribune.com\/en\/wp-json\/wp\/v2\/tags?post=329435"},{"taxonomy":"sectag","embeddable":true,"href":"https:\/\/www.monaco-tribune.com\/en\/wp-json\/wp\/v2\/post_sectags?post=329435"},{"taxonomy":"format","embeddable":true,"href":"https:\/\/www.monaco-tribune.com\/en\/wp-json\/wp\/v2\/post_format?post=329435"}],"curies":[{"name":"wp","href":"https:\/\/api.w.org\/{rel}","templated":true}]}}