{"id":336618,"date":"2026-01-28T12:43:37","date_gmt":"2026-01-28T10:43:37","guid":{"rendered":"https:\/\/www.monaco-tribune.com\/2026\/01\/large-crowds-turn-out-alongside-the-princely-family-to-celebrate-saint-devota\/"},"modified":"2026-01-28T12:43:38","modified_gmt":"2026-01-28T10:43:38","slug":"large-crowds-turn-out-alongside-the-princely-family-to-celebrate-saint-devota","status":"publish","type":"post","link":"https:\/\/www.monaco-tribune.com\/en\/2026\/01\/large-crowds-turn-out-alongside-the-princely-family-to-celebrate-saint-devota\/","title":{"rendered":"Large crowds turn out alongside the Princely Family to celebrate Saint Devota"},"content":{"rendered":"\n<p><strong>On Monday 26 January, large numbers of Mon\u00e9gasques gathered at Port Hercule to watch the Princely Family celebrate Saint Devota.<\/strong><\/p>\n\n<p>The thermometer showed chilly winter temperatures, but that did not deter the faithful. From 5 p.m. onwards, wrapped up in coats and scarves, they took up positions all around the port to attend the celebrations.<\/p>\n\n<p>Saint Devota is the patron saint of Monaco and of the Princely Family. According to tradition, the fourth-century Christian martyr was placed in a boat after her death in Corsica. A dove is said to have guided the vessel to the shores of Monaco. Each year, the lighting of a symbolic boat keeps the legend alive.<\/p>\n<div class=\"wp-block-image\">\n<figure class=\"aligncenter size-large\"><img loading=\"lazy\" decoding=\"async\" width=\"1024\" height=\"683\" src=\"https:\/\/www.monaco-tribune.com\/wp-content\/uploads\/2026\/01\/sainte-devote-prince-albert-ii-monaco-2-1024x683.jpg\" alt=\"\" class=\"wp-image-336292\" srcset=\"https:\/\/www.monaco-tribune.com\/wp-content\/uploads\/2026\/01\/sainte-devote-prince-albert-ii-monaco-2-1024x683.jpg 1024w, https:\/\/www.monaco-tribune.com\/wp-content\/uploads\/2026\/01\/sainte-devote-prince-albert-ii-monaco-2-450x300.jpg 450w, https:\/\/www.monaco-tribune.com\/wp-content\/uploads\/2026\/01\/sainte-devote-prince-albert-ii-monaco-2.jpg 1440w\" sizes=\"auto, (max-width: 1024px) 100vw, 1024px\" \/><figcaption class=\"wp-element-caption\"><em>\u00a9 Communication Department \/ St\u00e9phane Danna <\/em><\/figcaption><\/figure>\n<\/div>\n<p>Prince Albert II, Princess Charlene, Hereditary Prince Jacques and Princess Gabriella presided over the celebrations. <a href=\"https:\/\/www.monaco-tribune.com\/en\/2026\/01\/in-pictures-monacos-princely-twins-jacques-and-gabriella-light-the-sainte-devote-boat\/\">The Princely Twins had the honour of setting light to the boat<\/a>, the most eagerly anticipated moment of the evening.<\/p>\n\n<h2 class=\"wp-block-heading\" id=\"h-l-enthousiasme-palpable-du-public\">A palpable sense of enthusiasm among the public<\/h2>\n\n<p>Well before the official start, the first spectators had already taken their places at Port Hercule. Many were discovering the event for the first time. Nadine was one of these newcomers. She left Nice in the late afternoon so as not to miss any of the festivities. Arriving among the earliest attendees, she explained that she had made the journey especially for this religious celebration, which she had never seen before. Deeply religious, she was keen to attend an event that combines faith and Mon\u00e9gasque tradition.<\/p>\n<div class=\"wp-block-image\">\n<figure class=\"aligncenter size-large\"><img loading=\"lazy\" decoding=\"async\" width=\"1024\" height=\"683\" src=\"https:\/\/www.monaco-tribune.com\/wp-content\/uploads\/2026\/01\/sainte-devote-prince-albert-ii-monaco-9-1024x683.jpg\" alt=\"\" class=\"wp-image-336316\" srcset=\"https:\/\/www.monaco-tribune.com\/wp-content\/uploads\/2026\/01\/sainte-devote-prince-albert-ii-monaco-9-1024x683.jpg 1024w, https:\/\/www.monaco-tribune.com\/wp-content\/uploads\/2026\/01\/sainte-devote-prince-albert-ii-monaco-9-450x300.jpg 450w, https:\/\/www.monaco-tribune.com\/wp-content\/uploads\/2026\/01\/sainte-devote-prince-albert-ii-monaco-9.jpg 2048w\" sizes=\"auto, (max-width: 1024px) 100vw, 1024px\" \/><figcaption class=\"wp-element-caption\"><em>\u00a9 Communication Department \/ St\u00e9phane Danna<\/em><\/figcaption><\/figure>\n<\/div>\n<p>Paolo, by contrast, knows Saint Devota well. Each year, he tries not to miss the occasion. That evening, it was the music that drew him to the port. His curiosity was piqued and he let himself be carried along by the atmosphere. He finds the celebration \u201c<em>very beautiful and well organised<\/em>\u201d, even if he admits he is not sure he will stay until 7 p.m. Valentina was also attending the celebrations for the first time. The young girl, who goes to school in Monaco, insisted that her family come along. Her father decided to arrive early and stand right at the front: \u201c<em>It\u2019s better to be at the front when she\u2019s so small, and to wait. She was really eager to come, so we came!<\/em>\u201d he explains. Above all, the little girl was waiting to see the flames rise from the boat.<\/p>\n\n<p class=\"related\"><a href=\"https:\/\/www.monaco-tribune.com\/en\/2023\/01\/do-you-know-the-legends-about-monaco\/\">Do you know the legends about Monaco?<\/a><\/p>\n\n<p>Antoine, meanwhile, never misses the festivities: \u201c<em>I\u2019ve been going since I was little, out of tradition. I\u2019m not Catholic. It\u2019s just the traditional side that interests me. And also because I\u2019m superstitious,<\/em>\u201d he confides. This year, he was particularly excited by the announcement of the drone show. But his favourite moment remains unchanged: the lighting of the boat. With an amused smile, he adds: \u201c<em>I\u2019m not a pyromaniac, but I think it\u2019s beautiful!<\/em>\u201d<\/p>\n\n<h2 class=\"wp-block-heading\" id=\"h-la-barque-embrasee-moment-phare-de-la-celebration\">The burning of the boat, the highlight of the celebration<\/h2>\n\n<p>The evening began with a mass celebrated by the Archbishop of Monaco at the Church of Saint Devota. The Princely Family then arrived to the applause of the crowd. Prince Jacques and Princess Gabriella subsequently set light to the symbolic boat, torches in hand. Flames rose into the night amid the cheers of the public, as traditional songs echoed around the port.<\/p>\n<div class=\"wp-block-image\">\n<figure class=\"aligncenter size-large\"><img loading=\"lazy\" decoding=\"async\" width=\"1024\" height=\"683\" src=\"https:\/\/www.monaco-tribune.com\/wp-content\/uploads\/2026\/01\/sainte-devote-prince-albert-ii-monaco-1024x683.jpg\" alt=\"\" class=\"wp-image-336328\" srcset=\"https:\/\/www.monaco-tribune.com\/wp-content\/uploads\/2026\/01\/sainte-devote-prince-albert-ii-monaco-1024x683.jpg 1024w, https:\/\/www.monaco-tribune.com\/wp-content\/uploads\/2026\/01\/sainte-devote-prince-albert-ii-monaco-450x300.jpg 450w, https:\/\/www.monaco-tribune.com\/wp-content\/uploads\/2026\/01\/sainte-devote-prince-albert-ii-monaco.jpg 1440w\" sizes=\"auto, (max-width: 1024px) 100vw, 1024px\" \/><figcaption class=\"wp-element-caption\"><em>\u00a9 Communication Department \/ St\u00e9phane Danna<\/em><\/figcaption><\/figure>\n<\/div>\n<p class=\"related\"><a href=\"https:\/\/www.monaco-tribune.com\/en\/2025\/09\/learn-monegasque-a-practical-guide-to-studying-the-language-of-the-principality\/\">Learn Monegasque: a practical guide to studying the Principality\u2019s language<\/a><\/p>\n\n<p>A drone display lit up the Monegasque sky, illuminating the story of the saint. The Princely Family brought the evening to a close by greeting members of the public.<\/p>\n<blockquote class=\"instagram-media\" data-instgrm-permalink=\"https:\/\/www.instagram.com\/reel\/DT_HiKngHsS\/?utm_source=ig_embed&amp;utm_campaign=loading\" data-instgrm-version=\"14\" style=\" background:#FFF; border:0; border-radius:3px; box-shadow:0 0 1px 0 rgba(0,0,0,0.5),0 1px 10px 0 rgba(0,0,0,0.15); margin: 1px; max-width:540px; min-width:326px; padding:0; width:99.375%; width:-webkit-calc(100% - 2px); width:calc(100% - 2px);\">\n<div style=\"padding:16px;\"> <a href=\"https:\/\/www.instagram.com\/reel\/DT_HiKngHsS\/?utm_source=ig_embed&amp;utm_campaign=loading\" style=\" background:#FFFFFF; line-height:0; padding:0 0; text-align:center; text-decoration:none; width:100%;\" target=\"_blank\"> <\/p>\n<div style=\" display: flex; flex-direction: row; align-items: center;\">\n<div style=\"background-color: #F4F4F4; border-radius: 50%; flex-grow: 0; height: 40px; margin-right: 14px; width: 40px;\"><\/div>\n<div style=\"display: flex; flex-direction: column; flex-grow: 1; justify-content: center;\">\n<div style=\" background-color: #F4F4F4; border-radius: 4px; flex-grow: 0; height: 14px; margin-bottom: 6px; width: 100px;\"><\/div>\n<div style=\" background-color: #F4F4F4; border-radius: 4px; flex-grow: 0; height: 14px; width: 60px;\"><\/div>\n<\/div>\n<\/div>\n<div style=\"padding: 19% 0;\"><\/div>\n<div style=\"display:block; height:50px; margin:0 auto 12px; width:50px;\"><svg width=\"50px\" height=\"50px\" viewBox=\"0 0 60 60\" version=\"1.1\" xmlns=\"https:\/\/www.w3.org\/2000\/svg\" xmlns:xlink=\"https:\/\/www.w3.org\/1999\/xlink\"><g stroke=\"none\" stroke-width=\"1\" fill=\"none\" fill-rule=\"evenodd\"><g transform=\"translate(-511.000000, -20.000000)\" fill=\"#000000\"><g><path d=\"M556.869,30.41 C554.814,30.41 553.148,32.076 553.148,34.131 C553.148,36.186 554.814,37.852 556.869,37.852 C558.924,37.852 560.59,36.186 560.59,34.131 C560.59,32.076 558.924,30.41 556.869,30.41 M541,60.657 C535.114,60.657 530.342,55.887 530.342,50 C530.342,44.114 535.114,39.342 541,39.342 C546.887,39.342 551.658,44.114 551.658,50 C551.658,55.887 546.887,60.657 541,60.657 M541,33.886 C532.1,33.886 524.886,41.1 524.886,50 C524.886,58.899 532.1,66.113 541,66.113 C549.9,66.113 557.115,58.899 557.115,50 C557.115,41.1 549.9,33.886 541,33.886 M565.378,62.101 C565.244,65.022 564.756,66.606 564.346,67.663 C563.803,69.06 563.154,70.057 562.106,71.106 C561.058,72.155 560.06,72.803 558.662,73.347 C557.607,73.757 556.021,74.244 553.102,74.378 C549.944,74.521 548.997,74.552 541,74.552 C533.003,74.552 532.056,74.521 528.898,74.378 C525.979,74.244 524.393,73.757 523.338,73.347 C521.94,72.803 520.942,72.155 519.894,71.106 C518.846,70.057 518.197,69.06 517.654,67.663 C517.244,66.606 516.755,65.022 516.623,62.101 C516.479,58.943 516.448,57.996 516.448,50 C516.448,42.003 516.479,41.056 516.623,37.899 C516.755,34.978 517.244,33.391 517.654,32.338 C518.197,30.938 518.846,29.942 519.894,28.894 C520.942,27.846 521.94,27.196 523.338,26.654 C524.393,26.244 525.979,25.756 528.898,25.623 C532.057,25.479 533.004,25.448 541,25.448 C548.997,25.448 549.943,25.479 553.102,25.623 C556.021,25.756 557.607,26.244 558.662,26.654 C560.06,27.196 561.058,27.846 562.106,28.894 C563.154,29.942 563.803,30.938 564.346,32.338 C564.756,33.391 565.244,34.978 565.378,37.899 C565.522,41.056 565.552,42.003 565.552,50 C565.552,57.996 565.522,58.943 565.378,62.101 M570.82,37.631 C570.674,34.438 570.167,32.258 569.425,30.349 C568.659,28.377 567.633,26.702 565.965,25.035 C564.297,23.368 562.623,22.342 560.652,21.575 C558.743,20.834 556.562,20.326 553.369,20.18 C550.169,20.033 549.148,20 541,20 C532.853,20 531.831,20.033 528.631,20.18 C525.438,20.326 523.257,20.834 521.349,21.575 C519.376,22.342 517.703,23.368 516.035,25.035 C514.368,26.702 513.342,28.377 512.574,30.349 C511.834,32.258 511.326,34.438 511.181,37.631 C511.035,40.831 511,41.851 511,50 C511,58.147 511.035,59.17 511.181,62.369 C511.326,65.562 511.834,67.743 512.574,69.651 C513.342,71.625 514.368,73.296 516.035,74.965 C517.703,76.634 519.376,77.658 521.349,78.425 C523.257,79.167 525.438,79.673 528.631,79.82 C531.831,79.965 532.853,80.001 541,80.001 C549.148,80.001 550.169,79.965 553.369,79.82 C556.562,79.673 558.743,79.167 560.652,78.425 C562.623,77.658 564.297,76.634 565.965,74.965 C567.633,73.296 568.659,71.625 569.425,69.651 C570.167,67.743 570.674,65.562 570.82,62.369 C570.966,59.17 571,58.147 571,50 C571,41.851 570.966,40.831 570.82,37.631\"><\/path><\/g><\/g><\/g><\/svg><\/div>\n<div style=\"padding-top: 8px;\">\n<div style=\" color:#3897f0; font-family:Arial,sans-serif; font-size:14px; font-style:normal; font-weight:550; line-height:18px;\">Voir cette publication sur Instagram<\/div>\n<\/div>\n<div style=\"padding: 12.5% 0;\"><\/div>\n<div style=\"display: flex; flex-direction: row; margin-bottom: 14px; align-items: center;\">\n<div>\n<div style=\"background-color: #F4F4F4; border-radius: 50%; height: 12.5px; width: 12.5px; transform: translateX(0px) translateY(7px);\"><\/div>\n<div style=\"background-color: #F4F4F4; height: 12.5px; transform: rotate(-45deg) translateX(3px) translateY(1px); width: 12.5px; flex-grow: 0; margin-right: 14px; margin-left: 2px;\"><\/div>\n<div style=\"background-color: #F4F4F4; border-radius: 50%; height: 12.5px; width: 12.5px; transform: translateX(9px) translateY(-18px);\"><\/div>\n<\/div>\n<div style=\"margin-left: 8px;\">\n<div style=\" background-color: #F4F4F4; border-radius: 50%; flex-grow: 0; height: 20px; width: 20px;\"><\/div>\n<div style=\" width: 0; height: 0; border-top: 2px solid transparent; border-left: 6px solid #f4f4f4; border-bottom: 2px solid transparent; transform: translateX(16px) translateY(-4px) rotate(30deg)\"><\/div>\n<\/div>\n<div style=\"margin-left: auto;\">\n<div style=\" width: 0px; border-top: 8px solid #F4F4F4; border-right: 8px solid transparent; transform: translateY(16px);\"><\/div>\n<div style=\" background-color: #F4F4F4; flex-grow: 0; height: 12px; width: 16px; transform: translateY(-4px);\"><\/div>\n<div style=\" width: 0; height: 0; border-top: 8px solid #F4F4F4; border-left: 8px solid transparent; transform: translateY(-4px) translateX(8px);\"><\/div>\n<\/div>\n<\/div>\n<div style=\"display: flex; flex-direction: column; flex-grow: 1; justify-content: center; margin-bottom: 24px;\">\n<div style=\" background-color: #F4F4F4; border-radius: 4px; flex-grow: 0; height: 14px; margin-bottom: 6px; width: 224px;\"><\/div>\n<div style=\" background-color: #F4F4F4; border-radius: 4px; flex-grow: 0; height: 14px; width: 144px;\"><\/div>\n<\/div>\n<p><\/a><\/p>\n<p style=\" color:#c9c8cd; font-family:Arial,sans-serif; font-size:14px; line-height:17px; margin-bottom:0; margin-top:8px; overflow:hidden; padding:8px 0 7px; text-align:center; text-overflow:ellipsis; white-space:nowrap;\"><a href=\"https:\/\/www.instagram.com\/reel\/DT_HiKngHsS\/?utm_source=ig_embed&amp;utm_campaign=loading\" style=\" color:#c9c8cd; font-family:Arial,sans-serif; font-size:14px; font-style:normal; font-weight:normal; line-height:17px; text-decoration:none;\" target=\"_blank\">Une publication partag\u00e9e par Monaco Tribune (@monacotribune)<\/a><\/p>\n<\/div>\n<\/blockquote>\n<p><script async src=\"\/\/www.instagram.com\/embed.js\"><\/script><\/p>\n\n<h2 class=\"wp-block-heading\" id=\"h-les-festivites-se-sont-poursuivies-ce-mardi\"><strong>Celebrations continued on Tuesday<\/strong><\/h2>\n\n<p>The festivities in honour of Saint Devota continued on Tuesday 27 January. At 10 a.m., Mon\u00e9gasques gathered at Monaco Cathedral for the pontifical mass presided over by Cardinal Pierbattista Pizzaballa, Latin Patriarch of Jerusalem. This was followed by a procession of the relics through the Rock.<\/p>\n\n<p>At 6.30 p.m., a candlelit spiritual concert was held at Monaco Cathedral. The Sart\u00e8ne Choir and the Choir of the Papal Chapel of Assisi performed together, accompanied by musicians from the Rainier III Academy, in a programme devoted to Corsican chant and classical holy music.<\/p>\n\n<figure class=\"wp-block-embed is-type-video is-provider-youtube wp-block-embed-youtube wp-embed-aspect-16-9 wp-has-aspect-ratio\"><div class=\"wp-block-embed__wrapper\">\r\n<iframe title=\"Sainte-D\u00e9vote 2026 : revivez la traditionnelle c\u00e9r\u00e9monie Mon\u00e9gasque avec la Famille Princi\u00e8re \ud83c\uddf2\ud83c\udde8\" width=\"500\" height=\"281\" src=\"https:\/\/www.youtube.com\/embed\/eAGaMQAULxc?feature=oembed\" frameborder=\"0\" allow=\"accelerometer; autoplay; clipboard-write; encrypted-media; gyroscope; picture-in-picture; web-share\" referrerpolicy=\"strict-origin-when-cross-origin\" allowfullscreen><\/iframe>\r\n<\/div><\/figure><br>\n","protected":false},"excerpt":{"rendered":"<p>On Monday 26 January, large numbers of Mon\u00e9gasques gathered at Port Hercule to watch the Princely Family celebrate Saint Devota. [&hellip;]<\/p>\n","protected":false},"author":80,"featured_media":336432,"comment_status":"closed","ping_status":"closed","sticky":false,"template":"","format":"standard","meta":{"_acf_changed":false,"footnotes":""},"categories":[243,254],"tags":[2830],"post_sectags":[4773],"post_format":[2468],"class_list":["post-336618","post","type-post","status-publish","format-standard","has-post-thumbnail","hentry","category-news","category-people-en","tag-prince-albert-ii-en-2","sectag-saint-devota-en","format-story"],"acf":[],"yoast_head":"<!-- This site is optimized with the Yoast SEO Premium plugin v26.8 (Yoast SEO v27.5) - https:\/\/yoast.com\/product\/yoast-seo-premium-wordpress\/ -->\n<title>Large crowds turn out alongside the Princely Family to celebrate Saint Devota<\/title>\n<meta name=\"description\" content=\"On Monday 26 January, large numbers of Mon\u00e9gasques gathered at Port Hercule to watch the Princely Family celebrate Saint Devota. The thermometer showed\" \/>\n<meta name=\"robots\" content=\"index, follow, max-snippet:-1, max-image-preview:large, max-video-preview:-1\" \/>\n<link rel=\"canonical\" href=\"https:\/\/www.monaco-tribune.com\/en\/2026\/01\/large-crowds-turn-out-alongside-the-princely-family-to-celebrate-saint-devota\/\" \/>\n<meta property=\"og:locale\" content=\"en_US\" \/>\n<meta property=\"og:type\" content=\"article\" \/>\n<meta property=\"og:title\" content=\"Large crowds turn out alongside the Princely Family to celebrate Saint Devota - Monaco Tribune\" \/>\n<meta property=\"og:description\" content=\"On Monday 26 January, large numbers of Mon\u00e9gasques gathered at Port Hercule to watch the Princely Family celebrate Saint Devota. The thermometer showed\" \/>\n<meta property=\"og:url\" content=\"https:\/\/www.monaco-tribune.com\/en\/2026\/01\/large-crowds-turn-out-alongside-the-princely-family-to-celebrate-saint-devota\/\" \/>\n<meta property=\"og:site_name\" content=\"Monaco Tribune\" \/>\n<meta property=\"article:publisher\" content=\"https:\/\/www.facebook.com\/MonacoTribune\" \/>\n<meta property=\"article:published_time\" content=\"2026-01-28T10:43:37+00:00\" \/>\n<meta property=\"article:modified_time\" content=\"2026-01-28T10:43:38+00:00\" \/>\n<meta property=\"og:image\" content=\"https:\/\/www.monaco-tribune.com\/wp-content\/uploads\/2026\/01\/famille-princiere.jpg\" \/>\n\t<meta property=\"og:image:width\" content=\"2048\" \/>\n\t<meta property=\"og:image:height\" content=\"1366\" \/>\n\t<meta property=\"og:image:type\" content=\"image\/jpeg\" \/>\n<meta name=\"author\" content=\"Estelle Imbert\" \/>\n<meta name=\"twitter:card\" content=\"summary_large_image\" \/>\n<meta name=\"twitter:creator\" content=\"@MonacoTribune\" \/>\n<meta name=\"twitter:site\" content=\"@MonacoTribune\" \/>\n<script type=\"application\/ld+json\" class=\"yoast-schema-graph\">{\"@context\":\"https:\\\/\\\/schema.org\",\"@graph\":[{\"@type\":\"NewsArticle\",\"@id\":\"https:\\\/\\\/www.monaco-tribune.com\\\/en\\\/2026\\\/01\\\/large-crowds-turn-out-alongside-the-princely-family-to-celebrate-saint-devota\\\/#article\",\"isPartOf\":{\"@id\":\"https:\\\/\\\/www.monaco-tribune.com\\\/en\\\/2026\\\/01\\\/large-crowds-turn-out-alongside-the-princely-family-to-celebrate-saint-devota\\\/\"},\"author\":{\"name\":\"Estelle Imbert\",\"@id\":\"https:\\\/\\\/www.monaco-tribune.com\\\/en\\\/#\\\/schema\\\/person\\\/55ce91a070ff78e15ec1817376669bf4\"},\"headline\":\"Large crowds turn out alongside the Princely Family to celebrate Saint Devota\",\"datePublished\":\"2026-01-28T10:43:37+00:00\",\"dateModified\":\"2026-01-28T10:43:38+00:00\",\"mainEntityOfPage\":{\"@id\":\"https:\\\/\\\/www.monaco-tribune.com\\\/en\\\/2026\\\/01\\\/large-crowds-turn-out-alongside-the-princely-family-to-celebrate-saint-devota\\\/\"},\"wordCount\":726,\"publisher\":{\"@id\":\"https:\\\/\\\/www.monaco-tribune.com\\\/en\\\/#organization\"},\"image\":{\"@id\":\"https:\\\/\\\/www.monaco-tribune.com\\\/en\\\/2026\\\/01\\\/large-crowds-turn-out-alongside-the-princely-family-to-celebrate-saint-devota\\\/#primaryimage\"},\"thumbnailUrl\":\"https:\\\/\\\/www.monaco-tribune.com\\\/wp-content\\\/uploads\\\/2026\\\/01\\\/famille-princiere.jpg\",\"keywords\":[\"Prince Albert II\"],\"articleSection\":[\"News\",\"Princely Family\"],\"inLanguage\":\"en-US\",\"copyrightYear\":\"2026\",\"copyrightHolder\":{\"@id\":\"https:\\\/\\\/www.monaco-tribune.com\\\/#organization\"}},{\"@type\":\"WebPage\",\"@id\":\"https:\\\/\\\/www.monaco-tribune.com\\\/en\\\/2026\\\/01\\\/large-crowds-turn-out-alongside-the-princely-family-to-celebrate-saint-devota\\\/\",\"url\":\"https:\\\/\\\/www.monaco-tribune.com\\\/en\\\/2026\\\/01\\\/large-crowds-turn-out-alongside-the-princely-family-to-celebrate-saint-devota\\\/\",\"name\":\"Large crowds turn out alongside the Princely Family to celebrate Saint Devota\",\"isPartOf\":{\"@id\":\"https:\\\/\\\/www.monaco-tribune.com\\\/en\\\/#website\"},\"primaryImageOfPage\":{\"@id\":\"https:\\\/\\\/www.monaco-tribune.com\\\/en\\\/2026\\\/01\\\/large-crowds-turn-out-alongside-the-princely-family-to-celebrate-saint-devota\\\/#primaryimage\"},\"image\":{\"@id\":\"https:\\\/\\\/www.monaco-tribune.com\\\/en\\\/2026\\\/01\\\/large-crowds-turn-out-alongside-the-princely-family-to-celebrate-saint-devota\\\/#primaryimage\"},\"thumbnailUrl\":\"https:\\\/\\\/www.monaco-tribune.com\\\/wp-content\\\/uploads\\\/2026\\\/01\\\/famille-princiere.jpg\",\"datePublished\":\"2026-01-28T10:43:37+00:00\",\"dateModified\":\"2026-01-28T10:43:38+00:00\",\"description\":\"On Monday 26 January, large numbers of Mon\u00e9gasques gathered at Port Hercule to watch the Princely Family celebrate Saint Devota. The thermometer showed\",\"breadcrumb\":{\"@id\":\"https:\\\/\\\/www.monaco-tribune.com\\\/en\\\/2026\\\/01\\\/large-crowds-turn-out-alongside-the-princely-family-to-celebrate-saint-devota\\\/#breadcrumb\"},\"inLanguage\":\"en-US\",\"potentialAction\":[{\"@type\":\"ReadAction\",\"target\":[\"https:\\\/\\\/www.monaco-tribune.com\\\/en\\\/2026\\\/01\\\/large-crowds-turn-out-alongside-the-princely-family-to-celebrate-saint-devota\\\/\"]}]},{\"@type\":\"ImageObject\",\"inLanguage\":\"en-US\",\"@id\":\"https:\\\/\\\/www.monaco-tribune.com\\\/en\\\/2026\\\/01\\\/large-crowds-turn-out-alongside-the-princely-family-to-celebrate-saint-devota\\\/#primaryimage\",\"url\":\"https:\\\/\\\/www.monaco-tribune.com\\\/wp-content\\\/uploads\\\/2026\\\/01\\\/famille-princiere.jpg\",\"contentUrl\":\"https:\\\/\\\/www.monaco-tribune.com\\\/wp-content\\\/uploads\\\/2026\\\/01\\\/famille-princiere.jpg\",\"width\":2048,\"height\":1366,\"caption\":\"The evening concluded with the Princely Family greeting and shaking hands with members of the public \u00a9 Communication Department \\\/ St\u00e9phane Danna\"},{\"@type\":\"BreadcrumbList\",\"@id\":\"https:\\\/\\\/www.monaco-tribune.com\\\/en\\\/2026\\\/01\\\/large-crowds-turn-out-alongside-the-princely-family-to-celebrate-saint-devota\\\/#breadcrumb\",\"itemListElement\":[{\"@type\":\"ListItem\",\"position\":1,\"name\":\"Accueil\",\"item\":\"https:\\\/\\\/www.monaco-tribune.com\\\/en\\\/\"},{\"@type\":\"ListItem\",\"position\":2,\"name\":\"Large crowds turn out alongside the Princely Family to celebrate Saint Devota\"}]},{\"@type\":\"WebSite\",\"@id\":\"https:\\\/\\\/www.monaco-tribune.com\\\/en\\\/#website\",\"url\":\"https:\\\/\\\/www.monaco-tribune.com\\\/en\\\/\",\"name\":\"Monaco Tribune\",\"description\":\"Monaco : actualit\u00e9s \u00e9conomiques, politiques, culturelles et sportives de Monaco et de la French Riviera.\",\"publisher\":{\"@id\":\"https:\\\/\\\/www.monaco-tribune.com\\\/en\\\/#organization\"},\"potentialAction\":[{\"@type\":\"SearchAction\",\"target\":{\"@type\":\"EntryPoint\",\"urlTemplate\":\"https:\\\/\\\/www.monaco-tribune.com\\\/en\\\/?s={search_term_string}\"},\"query-input\":{\"@type\":\"PropertyValueSpecification\",\"valueRequired\":true,\"valueName\":\"search_term_string\"}}],\"inLanguage\":\"en-US\"},{\"@type\":\"Organization\",\"@id\":\"https:\\\/\\\/www.monaco-tribune.com\\\/en\\\/#organization\",\"name\":\"Monaco Tribune\",\"url\":\"https:\\\/\\\/www.monaco-tribune.com\\\/en\\\/\",\"logo\":{\"@type\":\"ImageObject\",\"inLanguage\":\"en-US\",\"@id\":\"https:\\\/\\\/www.monaco-tribune.com\\\/en\\\/#\\\/schema\\\/logo\\\/image\\\/\",\"url\":\"https:\\\/\\\/www.monaco-tribune.com\\\/wp-content\\\/uploads\\\/2022\\\/11\\\/logo-monaco-tribune.png\",\"contentUrl\":\"https:\\\/\\\/www.monaco-tribune.com\\\/wp-content\\\/uploads\\\/2022\\\/11\\\/logo-monaco-tribune.png\",\"width\":1548,\"height\":600,\"caption\":\"Monaco Tribune\"},\"image\":{\"@id\":\"https:\\\/\\\/www.monaco-tribune.com\\\/en\\\/#\\\/schema\\\/logo\\\/image\\\/\"},\"sameAs\":[\"https:\\\/\\\/www.facebook.com\\\/MonacoTribune\",\"https:\\\/\\\/x.com\\\/MonacoTribune\",\"https:\\\/\\\/www.instagram.com\\\/monacotribune\\\/\",\"https:\\\/\\\/www.linkedin.com\\\/company\\\/monaco-tribune\",\"https:\\\/\\\/www.youtube.com\\\/channel\\\/UCHle1MnG6hw1y4lWKijVbMA\"]},{\"@type\":\"Person\",\"@id\":\"https:\\\/\\\/www.monaco-tribune.com\\\/en\\\/#\\\/schema\\\/person\\\/55ce91a070ff78e15ec1817376669bf4\",\"name\":\"Estelle Imbert\",\"image\":{\"@type\":\"ImageObject\",\"inLanguage\":\"en-US\",\"@id\":\"https:\\\/\\\/secure.gravatar.com\\\/avatar\\\/d2e1a3840b1138a669d04f6292bbd810f7f730844d7a28a8e8c4c6da40e79852?s=96&d=mm&r=g\",\"url\":\"https:\\\/\\\/secure.gravatar.com\\\/avatar\\\/d2e1a3840b1138a669d04f6292bbd810f7f730844d7a28a8e8c4c6da40e79852?s=96&d=mm&r=g\",\"contentUrl\":\"https:\\\/\\\/secure.gravatar.com\\\/avatar\\\/d2e1a3840b1138a669d04f6292bbd810f7f730844d7a28a8e8c4c6da40e79852?s=96&d=mm&r=g\",\"caption\":\"Estelle Imbert\"},\"url\":\"https:\\\/\\\/www.monaco-tribune.com\\\/en\\\/author\\\/estelleimbert\\\/\"}]}<\/script>\n<!-- \/ Yoast SEO Premium plugin. -->","yoast_head_json":{"title":"Large crowds turn out alongside the Princely Family to celebrate Saint Devota","description":"On Monday 26 January, large numbers of Mon\u00e9gasques gathered at Port Hercule to watch the Princely Family celebrate Saint Devota. The thermometer showed","robots":{"index":"index","follow":"follow","max-snippet":"max-snippet:-1","max-image-preview":"max-image-preview:large","max-video-preview":"max-video-preview:-1"},"canonical":"https:\/\/www.monaco-tribune.com\/en\/2026\/01\/large-crowds-turn-out-alongside-the-princely-family-to-celebrate-saint-devota\/","og_locale":"en_US","og_type":"article","og_title":"Large crowds turn out alongside the Princely Family to celebrate Saint Devota - Monaco Tribune","og_description":"On Monday 26 January, large numbers of Mon\u00e9gasques gathered at Port Hercule to watch the Princely Family celebrate Saint Devota. The thermometer showed","og_url":"https:\/\/www.monaco-tribune.com\/en\/2026\/01\/large-crowds-turn-out-alongside-the-princely-family-to-celebrate-saint-devota\/","og_site_name":"Monaco Tribune","article_publisher":"https:\/\/www.facebook.com\/MonacoTribune","article_published_time":"2026-01-28T10:43:37+00:00","article_modified_time":"2026-01-28T10:43:38+00:00","og_image":[{"width":2048,"height":1366,"url":"https:\/\/www.monaco-tribune.com\/wp-content\/uploads\/2026\/01\/famille-princiere.jpg","type":"image\/jpeg"}],"author":"Estelle Imbert","twitter_card":"summary_large_image","twitter_creator":"@MonacoTribune","twitter_site":"@MonacoTribune","schema":{"@context":"https:\/\/schema.org","@graph":[{"@type":"NewsArticle","@id":"https:\/\/www.monaco-tribune.com\/en\/2026\/01\/large-crowds-turn-out-alongside-the-princely-family-to-celebrate-saint-devota\/#article","isPartOf":{"@id":"https:\/\/www.monaco-tribune.com\/en\/2026\/01\/large-crowds-turn-out-alongside-the-princely-family-to-celebrate-saint-devota\/"},"author":{"name":"Estelle Imbert","@id":"https:\/\/www.monaco-tribune.com\/en\/#\/schema\/person\/55ce91a070ff78e15ec1817376669bf4"},"headline":"Large crowds turn out alongside the Princely Family to celebrate Saint Devota","datePublished":"2026-01-28T10:43:37+00:00","dateModified":"2026-01-28T10:43:38+00:00","mainEntityOfPage":{"@id":"https:\/\/www.monaco-tribune.com\/en\/2026\/01\/large-crowds-turn-out-alongside-the-princely-family-to-celebrate-saint-devota\/"},"wordCount":726,"publisher":{"@id":"https:\/\/www.monaco-tribune.com\/en\/#organization"},"image":{"@id":"https:\/\/www.monaco-tribune.com\/en\/2026\/01\/large-crowds-turn-out-alongside-the-princely-family-to-celebrate-saint-devota\/#primaryimage"},"thumbnailUrl":"https:\/\/www.monaco-tribune.com\/wp-content\/uploads\/2026\/01\/famille-princiere.jpg","keywords":["Prince Albert II"],"articleSection":["News","Princely Family"],"inLanguage":"en-US","copyrightYear":"2026","copyrightHolder":{"@id":"https:\/\/www.monaco-tribune.com\/#organization"}},{"@type":"WebPage","@id":"https:\/\/www.monaco-tribune.com\/en\/2026\/01\/large-crowds-turn-out-alongside-the-princely-family-to-celebrate-saint-devota\/","url":"https:\/\/www.monaco-tribune.com\/en\/2026\/01\/large-crowds-turn-out-alongside-the-princely-family-to-celebrate-saint-devota\/","name":"Large crowds turn out alongside the Princely Family to celebrate Saint Devota","isPartOf":{"@id":"https:\/\/www.monaco-tribune.com\/en\/#website"},"primaryImageOfPage":{"@id":"https:\/\/www.monaco-tribune.com\/en\/2026\/01\/large-crowds-turn-out-alongside-the-princely-family-to-celebrate-saint-devota\/#primaryimage"},"image":{"@id":"https:\/\/www.monaco-tribune.com\/en\/2026\/01\/large-crowds-turn-out-alongside-the-princely-family-to-celebrate-saint-devota\/#primaryimage"},"thumbnailUrl":"https:\/\/www.monaco-tribune.com\/wp-content\/uploads\/2026\/01\/famille-princiere.jpg","datePublished":"2026-01-28T10:43:37+00:00","dateModified":"2026-01-28T10:43:38+00:00","description":"On Monday 26 January, large numbers of Mon\u00e9gasques gathered at Port Hercule to watch the Princely Family celebrate Saint Devota. The thermometer showed","breadcrumb":{"@id":"https:\/\/www.monaco-tribune.com\/en\/2026\/01\/large-crowds-turn-out-alongside-the-princely-family-to-celebrate-saint-devota\/#breadcrumb"},"inLanguage":"en-US","potentialAction":[{"@type":"ReadAction","target":["https:\/\/www.monaco-tribune.com\/en\/2026\/01\/large-crowds-turn-out-alongside-the-princely-family-to-celebrate-saint-devota\/"]}]},{"@type":"ImageObject","inLanguage":"en-US","@id":"https:\/\/www.monaco-tribune.com\/en\/2026\/01\/large-crowds-turn-out-alongside-the-princely-family-to-celebrate-saint-devota\/#primaryimage","url":"https:\/\/www.monaco-tribune.com\/wp-content\/uploads\/2026\/01\/famille-princiere.jpg","contentUrl":"https:\/\/www.monaco-tribune.com\/wp-content\/uploads\/2026\/01\/famille-princiere.jpg","width":2048,"height":1366,"caption":"The evening concluded with the Princely Family greeting and shaking hands with members of the public \u00a9 Communication Department \/ St\u00e9phane Danna"},{"@type":"BreadcrumbList","@id":"https:\/\/www.monaco-tribune.com\/en\/2026\/01\/large-crowds-turn-out-alongside-the-princely-family-to-celebrate-saint-devota\/#breadcrumb","itemListElement":[{"@type":"ListItem","position":1,"name":"Accueil","item":"https:\/\/www.monaco-tribune.com\/en\/"},{"@type":"ListItem","position":2,"name":"Large crowds turn out alongside the Princely Family to celebrate Saint Devota"}]},{"@type":"WebSite","@id":"https:\/\/www.monaco-tribune.com\/en\/#website","url":"https:\/\/www.monaco-tribune.com\/en\/","name":"Monaco Tribune","description":"Monaco : actualit\u00e9s \u00e9conomiques, politiques, culturelles et sportives de Monaco et de la French Riviera.","publisher":{"@id":"https:\/\/www.monaco-tribune.com\/en\/#organization"},"potentialAction":[{"@type":"SearchAction","target":{"@type":"EntryPoint","urlTemplate":"https:\/\/www.monaco-tribune.com\/en\/?s={search_term_string}"},"query-input":{"@type":"PropertyValueSpecification","valueRequired":true,"valueName":"search_term_string"}}],"inLanguage":"en-US"},{"@type":"Organization","@id":"https:\/\/www.monaco-tribune.com\/en\/#organization","name":"Monaco Tribune","url":"https:\/\/www.monaco-tribune.com\/en\/","logo":{"@type":"ImageObject","inLanguage":"en-US","@id":"https:\/\/www.monaco-tribune.com\/en\/#\/schema\/logo\/image\/","url":"https:\/\/www.monaco-tribune.com\/wp-content\/uploads\/2022\/11\/logo-monaco-tribune.png","contentUrl":"https:\/\/www.monaco-tribune.com\/wp-content\/uploads\/2022\/11\/logo-monaco-tribune.png","width":1548,"height":600,"caption":"Monaco Tribune"},"image":{"@id":"https:\/\/www.monaco-tribune.com\/en\/#\/schema\/logo\/image\/"},"sameAs":["https:\/\/www.facebook.com\/MonacoTribune","https:\/\/x.com\/MonacoTribune","https:\/\/www.instagram.com\/monacotribune\/","https:\/\/www.linkedin.com\/company\/monaco-tribune","https:\/\/www.youtube.com\/channel\/UCHle1MnG6hw1y4lWKijVbMA"]},{"@type":"Person","@id":"https:\/\/www.monaco-tribune.com\/en\/#\/schema\/person\/55ce91a070ff78e15ec1817376669bf4","name":"Estelle Imbert","image":{"@type":"ImageObject","inLanguage":"en-US","@id":"https:\/\/secure.gravatar.com\/avatar\/d2e1a3840b1138a669d04f6292bbd810f7f730844d7a28a8e8c4c6da40e79852?s=96&d=mm&r=g","url":"https:\/\/secure.gravatar.com\/avatar\/d2e1a3840b1138a669d04f6292bbd810f7f730844d7a28a8e8c4c6da40e79852?s=96&d=mm&r=g","contentUrl":"https:\/\/secure.gravatar.com\/avatar\/d2e1a3840b1138a669d04f6292bbd810f7f730844d7a28a8e8c4c6da40e79852?s=96&d=mm&r=g","caption":"Estelle Imbert"},"url":"https:\/\/www.monaco-tribune.com\/en\/author\/estelleimbert\/"}]}},"_links":{"self":[{"href":"https:\/\/www.monaco-tribune.com\/en\/wp-json\/wp\/v2\/posts\/336618","targetHints":{"allow":["GET"]}}],"collection":[{"href":"https:\/\/www.monaco-tribune.com\/en\/wp-json\/wp\/v2\/posts"}],"about":[{"href":"https:\/\/www.monaco-tribune.com\/en\/wp-json\/wp\/v2\/types\/post"}],"author":[{"embeddable":true,"href":"https:\/\/www.monaco-tribune.com\/en\/wp-json\/wp\/v2\/users\/80"}],"replies":[{"embeddable":true,"href":"https:\/\/www.monaco-tribune.com\/en\/wp-json\/wp\/v2\/comments?post=336618"}],"version-history":[{"count":1,"href":"https:\/\/www.monaco-tribune.com\/en\/wp-json\/wp\/v2\/posts\/336618\/revisions"}],"predecessor-version":[{"id":336619,"href":"https:\/\/www.monaco-tribune.com\/en\/wp-json\/wp\/v2\/posts\/336618\/revisions\/336619"}],"wp:featuredmedia":[{"embeddable":true,"href":"https:\/\/www.monaco-tribune.com\/en\/wp-json\/wp\/v2\/media\/336432"}],"wp:attachment":[{"href":"https:\/\/www.monaco-tribune.com\/en\/wp-json\/wp\/v2\/media?parent=336618"}],"wp:term":[{"taxonomy":"category","embeddable":true,"href":"https:\/\/www.monaco-tribune.com\/en\/wp-json\/wp\/v2\/categories?post=336618"},{"taxonomy":"post_tag","embeddable":true,"href":"https:\/\/www.monaco-tribune.com\/en\/wp-json\/wp\/v2\/tags?post=336618"},{"taxonomy":"sectag","embeddable":true,"href":"https:\/\/www.monaco-tribune.com\/en\/wp-json\/wp\/v2\/post_sectags?post=336618"},{"taxonomy":"format","embeddable":true,"href":"https:\/\/www.monaco-tribune.com\/en\/wp-json\/wp\/v2\/post_format?post=336618"}],"curies":[{"name":"wp","href":"https:\/\/api.w.org\/{rel}","templated":true}]}}