{"id":347737,"date":"2026-04-27T08:04:29","date_gmt":"2026-04-27T06:04:29","guid":{"rendered":"https:\/\/www.monaco-tribune.com\/2026\/04\/photos-inside-prince-albert-iis-greece-visit\/"},"modified":"2026-04-27T08:04:35","modified_gmt":"2026-04-27T06:04:35","slug":"photos-inside-prince-albert-iis-greece-visit","status":"publish","type":"post","link":"https:\/\/www.monaco-tribune.com\/en\/2026\/04\/photos-inside-prince-albert-iis-greece-visit\/","title":{"rendered":"Photos: Inside Prince Albert II&#8217;s Greece visit"},"content":{"rendered":"\n<p><strong>The Prince travelled to Greece on 21 and 22 April for an official visit focusing on diplomacy, the environment and culture.<\/strong><\/p>\n\n<p>Prince Albert II began his trip on 21 April with a series of meetings with the highest Greek authorities. Discussions with Prime Minister Kyri\u00e1kos Mitsot\u00e1kis focused on renewable energy and marine protected areas in the Mediterranean. The President of the Republic, Konstant\u00ednos Taso\u00falas, praised the Sovereign\u2019s commitment to environmental issues, with both heads of state agreeing on the need for collective action against microplastic pollution and for the conservation of endangered species.<\/p>\n\n<blockquote class=\"wp-embedded-content\" data-secret=\"AWhD4JFrwX\"><a href=\"https:\/\/www.monaco-tribune.com\/en\/2026\/03\/sir-stelios-foundation-donates-e10-million-to-healthcare-on-small-greek-islands\/\">Sir Stelios Foundation donates \u20ac10 million to healthcare on small Greek islands<\/a><\/blockquote><iframe class=\"wp-embedded-content\" sandbox=\"allow-scripts\" security=\"restricted\" style=\"position: absolute; visibility: hidden;\" title=\"&#8220;Sir Stelios Foundation donates \u20ac10 million to healthcare on small Greek islands&#8221; &#8212; Monaco Tribune\" src=\"https:\/\/www.monaco-tribune.com\/en\/2026\/03\/sir-stelios-foundation-donates-e10-million-to-healthcare-on-small-greek-islands\/embed\/#?secret=yF4F414EuU#?secret=AWhD4JFrwX\" data-secret=\"AWhD4JFrwX\" width=\"500\" height=\"282\" frameborder=\"0\" marginwidth=\"0\" marginheight=\"0\" scrolling=\"no\"><\/iframe>\n\n<p>At City Hall, the Mayor of Athens, H\u00e1ris Do\u00fakas, presented the Prince with the City\u2019s medal in recognition of his commitment to international dialogue and the environment.<\/p>\n\n<figure class=\"wp-block-gallery has-nested-images columns-2 is-cropped wp-block-gallery-1 is-layout-flex wp-block-gallery-is-layout-flex\">\n<figure class=\"wp-block-image size-large\"><img loading=\"lazy\" decoding=\"async\" width=\"819\" height=\"1024\" data-id=\"347489\" src=\"https:\/\/www.monaco-tribune.com\/wp-content\/uploads\/2026\/04\/prince-albert-grece-8-grande-819x1024.jpeg\" alt=\"\" class=\"wp-image-347489\" srcset=\"https:\/\/www.monaco-tribune.com\/wp-content\/uploads\/2026\/04\/prince-albert-grece-8-grande-819x1024.jpeg 819w, https:\/\/www.monaco-tribune.com\/wp-content\/uploads\/2026\/04\/prince-albert-grece-8-grande-240x300.jpeg 240w, https:\/\/www.monaco-tribune.com\/wp-content\/uploads\/2026\/04\/prince-albert-grece-8-grande.jpeg 1024w\" sizes=\"auto, (max-width: 819px) 100vw, 819px\" \/><\/figure>\n\n\n\n<figure class=\"wp-block-image size-large\"><img loading=\"lazy\" decoding=\"async\" width=\"819\" height=\"1024\" data-id=\"347485\" src=\"https:\/\/www.monaco-tribune.com\/wp-content\/uploads\/2026\/04\/prince-albert-grece-6-grande-819x1024.jpeg\" alt=\"\" class=\"wp-image-347485\" srcset=\"https:\/\/www.monaco-tribune.com\/wp-content\/uploads\/2026\/04\/prince-albert-grece-6-grande-819x1024.jpeg 819w, https:\/\/www.monaco-tribune.com\/wp-content\/uploads\/2026\/04\/prince-albert-grece-6-grande-240x300.jpeg 240w, https:\/\/www.monaco-tribune.com\/wp-content\/uploads\/2026\/04\/prince-albert-grece-6-grande.jpeg 1024w\" sizes=\"auto, (max-width: 819px) 100vw, 819px\" \/><\/figure>\n\n\n\n<figure class=\"wp-block-image size-large\"><img loading=\"lazy\" decoding=\"async\" width=\"819\" height=\"1024\" data-id=\"347501\" src=\"https:\/\/www.monaco-tribune.com\/wp-content\/uploads\/2026\/04\/prince-albert-grece-7-grande-819x1024.jpeg\" alt=\"\" class=\"wp-image-347501\" srcset=\"https:\/\/www.monaco-tribune.com\/wp-content\/uploads\/2026\/04\/prince-albert-grece-7-grande-819x1024.jpeg 819w, https:\/\/www.monaco-tribune.com\/wp-content\/uploads\/2026\/04\/prince-albert-grece-7-grande-240x300.jpeg 240w, https:\/\/www.monaco-tribune.com\/wp-content\/uploads\/2026\/04\/prince-albert-grece-7-grande.jpeg 1024w\" sizes=\"auto, (max-width: 819px) 100vw, 819px\" \/><\/figure>\n\n\n\n<figure class=\"wp-block-image size-large\"><img loading=\"lazy\" decoding=\"async\" width=\"819\" height=\"1024\" data-id=\"347469\" src=\"https:\/\/www.monaco-tribune.com\/wp-content\/uploads\/2026\/04\/prince-albert-grece-grande-1-819x1024.jpeg\" alt=\"\" class=\"wp-image-347469\" srcset=\"https:\/\/www.monaco-tribune.com\/wp-content\/uploads\/2026\/04\/prince-albert-grece-grande-1-819x1024.jpeg 819w, https:\/\/www.monaco-tribune.com\/wp-content\/uploads\/2026\/04\/prince-albert-grece-grande-1-240x300.jpeg 240w, https:\/\/www.monaco-tribune.com\/wp-content\/uploads\/2026\/04\/prince-albert-grece-grande-1.jpeg 1024w\" sizes=\"auto, (max-width: 819px) 100vw, 819px\" \/><figcaption class=\"wp-element-caption\">The President of the Hellenic Republic, Konstant\u00ednos Taso\u00falas<\/figcaption><\/figure>\n<figcaption class=\"blocks-gallery-caption wp-element-caption\">\u00a9 Fr\u00e9d\u00e9ric Nebinger \/ Prince&#8217;s Palace<\/figcaption><\/figure>\n\n<h2 class=\"wp-block-heading\" id=\"h-un-consulat-et-un-olivier\">A consulate and an olive tree<\/h2>\n\n<p>The Sovereign visited the extensive Ellinikon urban development project, whose Yacht Club, currently under construction, is aiming for the \u201cLa Belle Classe Destinations\u201d certification from the Monaco Yacht Club. He then inaugurated the Consulate of Monaco in Greece alongside Honorary Consul Vassili Apostolopoulos, Minister for Foreign Affairs Isabelle Berro-Amade\u00ef and Deputy Prime Minister Kostis Hatzidakis. Archbishop Ieronymos II blessed the premises. In his speech, the Prince highlighted the close ties between Monaco and Greece, two countries united by the Mediterranean and shared values, before an olive tree was planted at the entrance to the Consulate to seal this friendship.<\/p>\n\n<figure class=\"wp-block-gallery has-nested-images columns-2 is-cropped wp-block-gallery-2 is-layout-flex wp-block-gallery-is-layout-flex\">\n<figure class=\"wp-block-image size-large\"><img loading=\"lazy\" decoding=\"async\" width=\"818\" height=\"1024\" data-id=\"347465\" src=\"https:\/\/www.monaco-tribune.com\/wp-content\/uploads\/2026\/04\/prince-albert-grece-grande-818x1024.jpeg\" alt=\"\" class=\"wp-image-347465\" srcset=\"https:\/\/www.monaco-tribune.com\/wp-content\/uploads\/2026\/04\/prince-albert-grece-grande-818x1024.jpeg 818w, https:\/\/www.monaco-tribune.com\/wp-content\/uploads\/2026\/04\/prince-albert-grece-grande-240x300.jpeg 240w, https:\/\/www.monaco-tribune.com\/wp-content\/uploads\/2026\/04\/prince-albert-grece-grande.jpeg 1023w\" sizes=\"auto, (max-width: 818px) 100vw, 818px\" \/><\/figure>\n\n\n\n<figure class=\"wp-block-image size-large\"><img loading=\"lazy\" decoding=\"async\" width=\"819\" height=\"1024\" data-id=\"347497\" src=\"https:\/\/www.monaco-tribune.com\/wp-content\/uploads\/2026\/04\/prince-albert-grece-10-grande-819x1024.jpeg\" alt=\"\" class=\"wp-image-347497\" srcset=\"https:\/\/www.monaco-tribune.com\/wp-content\/uploads\/2026\/04\/prince-albert-grece-10-grande-819x1024.jpeg 819w, https:\/\/www.monaco-tribune.com\/wp-content\/uploads\/2026\/04\/prince-albert-grece-10-grande-240x300.jpeg 240w, https:\/\/www.monaco-tribune.com\/wp-content\/uploads\/2026\/04\/prince-albert-grece-10-grande.jpeg 1024w\" sizes=\"auto, (max-width: 819px) 100vw, 819px\" \/><\/figure>\n\n\n\n<figure class=\"wp-block-image size-large\"><img loading=\"lazy\" decoding=\"async\" width=\"819\" height=\"1024\" data-id=\"347493\" src=\"https:\/\/www.monaco-tribune.com\/wp-content\/uploads\/2026\/04\/prince-albert-grece-9-grande-819x1024.jpeg\" alt=\"\" class=\"wp-image-347493\" srcset=\"https:\/\/www.monaco-tribune.com\/wp-content\/uploads\/2026\/04\/prince-albert-grece-9-grande-819x1024.jpeg 819w, https:\/\/www.monaco-tribune.com\/wp-content\/uploads\/2026\/04\/prince-albert-grece-9-grande-240x300.jpeg 240w, https:\/\/www.monaco-tribune.com\/wp-content\/uploads\/2026\/04\/prince-albert-grece-9-grande.jpeg 1024w\" sizes=\"auto, (max-width: 819px) 100vw, 819px\" \/><\/figure>\n\n\n\n<figure class=\"wp-block-image size-large\"><img loading=\"lazy\" decoding=\"async\" width=\"819\" height=\"1024\" data-id=\"347473\" src=\"https:\/\/www.monaco-tribune.com\/wp-content\/uploads\/2026\/04\/prince-albert-grece-2-grande-819x1024.jpeg\" alt=\"\" class=\"wp-image-347473\" srcset=\"https:\/\/www.monaco-tribune.com\/wp-content\/uploads\/2026\/04\/prince-albert-grece-2-grande-819x1024.jpeg 819w, https:\/\/www.monaco-tribune.com\/wp-content\/uploads\/2026\/04\/prince-albert-grece-2-grande-240x300.jpeg 240w, https:\/\/www.monaco-tribune.com\/wp-content\/uploads\/2026\/04\/prince-albert-grece-2-grande.jpeg 1024w\" sizes=\"auto, (max-width: 819px) 100vw, 819px\" \/><\/figure>\n\n\n\n<figure class=\"wp-block-image size-large\"><img loading=\"lazy\" decoding=\"async\" width=\"818\" height=\"1024\" data-id=\"347477\" src=\"https:\/\/www.monaco-tribune.com\/wp-content\/uploads\/2026\/04\/prince-albert-grece-3-grande-818x1024.jpeg\" alt=\"\" class=\"wp-image-347477\" srcset=\"https:\/\/www.monaco-tribune.com\/wp-content\/uploads\/2026\/04\/prince-albert-grece-3-grande-818x1024.jpeg 818w, https:\/\/www.monaco-tribune.com\/wp-content\/uploads\/2026\/04\/prince-albert-grece-3-grande-240x300.jpeg 240w, https:\/\/www.monaco-tribune.com\/wp-content\/uploads\/2026\/04\/prince-albert-grece-3-grande.jpeg 1023w\" sizes=\"auto, (max-width: 818px) 100vw, 818px\" \/><\/figure>\n<figcaption class=\"blocks-gallery-caption wp-element-caption\">\u00a9 Fr\u00e9d\u00e9ric Nebinger \/ Prince&#8217;s Palace<\/figcaption><\/figure>\n\n<h2 class=\"wp-block-heading\" id=\"h-cap-sur-delphes\">Heading to Delphi<\/h2>\n\n<p>The following day, Prince Albert II attended the Delphi Economic Forum, where he delivered a speech at the opening session of this international gathering dedicated to major contemporary challenges. On the sidelines of the Forum, he held talks with Estonian President Alar Karis, Albanian Prime Minister Edi Rama and the European Commissioner for Fisheries and Oceans, Kostas Kadis. The Prince concluded his visit to Greece at the museum on the archaeological site of Delphi, a major centre of Greek cultural heritage.<\/p>\n\n<figure class=\"wp-block-gallery has-nested-images columns-2 is-cropped wp-block-gallery-3 is-layout-flex wp-block-gallery-is-layout-flex\">\n<figure class=\"wp-block-image size-large\"><img loading=\"lazy\" decoding=\"async\" width=\"512\" height=\"640\" data-id=\"347518\" src=\"https:\/\/www.monaco-tribune.com\/wp-content\/uploads\/2026\/04\/delphes-prince-moyenne.jpeg\" alt=\"\" class=\"wp-image-347518\" srcset=\"https:\/\/www.monaco-tribune.com\/wp-content\/uploads\/2026\/04\/delphes-prince-moyenne.jpeg 512w, https:\/\/www.monaco-tribune.com\/wp-content\/uploads\/2026\/04\/delphes-prince-moyenne-240x300.jpeg 240w\" sizes=\"auto, (max-width: 512px) 100vw, 512px\" \/><\/figure>\n\n\n\n<figure class=\"wp-block-image size-large\"><img loading=\"lazy\" decoding=\"async\" width=\"512\" height=\"640\" data-id=\"347522\" src=\"https:\/\/www.monaco-tribune.com\/wp-content\/uploads\/2026\/04\/delphes-prince-3-moyenne.jpeg\" alt=\"\" class=\"wp-image-347522\" srcset=\"https:\/\/www.monaco-tribune.com\/wp-content\/uploads\/2026\/04\/delphes-prince-3-moyenne.jpeg 512w, https:\/\/www.monaco-tribune.com\/wp-content\/uploads\/2026\/04\/delphes-prince-3-moyenne-240x300.jpeg 240w\" sizes=\"auto, (max-width: 512px) 100vw, 512px\" \/><\/figure>\n\n\n\n<figure class=\"wp-block-image size-large\"><img loading=\"lazy\" decoding=\"async\" width=\"512\" height=\"640\" data-id=\"347526\" src=\"https:\/\/www.monaco-tribune.com\/wp-content\/uploads\/2026\/04\/delphes-prince-4-moyenne.jpeg\" alt=\"\" class=\"wp-image-347526\" srcset=\"https:\/\/www.monaco-tribune.com\/wp-content\/uploads\/2026\/04\/delphes-prince-4-moyenne.jpeg 512w, https:\/\/www.monaco-tribune.com\/wp-content\/uploads\/2026\/04\/delphes-prince-4-moyenne-240x300.jpeg 240w\" sizes=\"auto, (max-width: 512px) 100vw, 512px\" \/><\/figure>\n\n\n\n<figure class=\"wp-block-image size-large\"><img loading=\"lazy\" decoding=\"async\" width=\"512\" height=\"640\" data-id=\"347530\" src=\"https:\/\/www.monaco-tribune.com\/wp-content\/uploads\/2026\/04\/delphes-prince-5-moyenne.jpeg\" alt=\"\" class=\"wp-image-347530\" srcset=\"https:\/\/www.monaco-tribune.com\/wp-content\/uploads\/2026\/04\/delphes-prince-5-moyenne.jpeg 512w, https:\/\/www.monaco-tribune.com\/wp-content\/uploads\/2026\/04\/delphes-prince-5-moyenne-240x300.jpeg 240w\" sizes=\"auto, (max-width: 512px) 100vw, 512px\" \/><\/figure>\n\n\n\n<figure class=\"wp-block-image size-large\"><img loading=\"lazy\" decoding=\"async\" width=\"512\" height=\"640\" data-id=\"347534\" src=\"https:\/\/www.monaco-tribune.com\/wp-content\/uploads\/2026\/04\/delphes-prince2-moyenne.jpeg\" alt=\"\" class=\"wp-image-347534\" srcset=\"https:\/\/www.monaco-tribune.com\/wp-content\/uploads\/2026\/04\/delphes-prince2-moyenne.jpeg 512w, https:\/\/www.monaco-tribune.com\/wp-content\/uploads\/2026\/04\/delphes-prince2-moyenne-240x300.jpeg 240w\" sizes=\"auto, (max-width: 512px) 100vw, 512px\" \/><\/figure>\n<figcaption class=\"blocks-gallery-caption wp-element-caption\">\u00a9 Fr\u00e9d\u00e9ric Nebinger \/ Prince&#8217;s Palace<\/figcaption><\/figure>\n","protected":false},"excerpt":{"rendered":"<p>The Prince travelled to Greece on 21 and 22 April for an official visit focusing on diplomacy, the environment and [&hellip;]<\/p>\n","protected":false},"author":21,"featured_media":347512,"comment_status":"closed","ping_status":"closed","sticky":false,"template":"","format":"standard","meta":{"_acf_changed":false,"footnotes":""},"categories":[1825,243,254],"tags":[2830],"post_sectags":[5378],"post_format":[2465],"class_list":["post-347737","post","type-post","status-publish","format-standard","has-post-thumbnail","hentry","category-editors-choice","category-news","category-people-en","tag-prince-albert-ii-en-2","sectag-culture-en","format-in-brief"],"acf":[],"yoast_head":"<!-- This site is optimized with the Yoast SEO Premium plugin v26.8 (Yoast SEO v27.5) - https:\/\/yoast.com\/product\/yoast-seo-premium-wordpress\/ -->\n<title>Photos: Inside Prince Albert II&#039;s Greece visit<\/title>\n<meta name=\"description\" content=\"The Prince travelled to Greece on 21 and 22 April for an official visit focusing on diplomacy, the environment and culture. Prince Albert II began his\" \/>\n<meta name=\"robots\" content=\"index, follow, max-snippet:-1, max-image-preview:large, max-video-preview:-1\" \/>\n<link rel=\"canonical\" href=\"https:\/\/www.monaco-tribune.com\/en\/2026\/04\/photos-inside-prince-albert-iis-greece-visit\/\" \/>\n<meta property=\"og:locale\" content=\"en_US\" \/>\n<meta property=\"og:type\" content=\"article\" \/>\n<meta property=\"og:title\" content=\"Photos: Inside Prince Albert II&#039;s Greece visit - Monaco Tribune\" \/>\n<meta property=\"og:description\" content=\"The Prince travelled to Greece on 21 and 22 April for an official visit focusing on diplomacy, the environment and culture. Prince Albert II began his\" \/>\n<meta property=\"og:url\" content=\"https:\/\/www.monaco-tribune.com\/en\/2026\/04\/photos-inside-prince-albert-iis-greece-visit\/\" \/>\n<meta property=\"og:site_name\" content=\"Monaco Tribune\" \/>\n<meta property=\"article:publisher\" content=\"https:\/\/www.facebook.com\/MonacoTribune\" \/>\n<meta property=\"article:published_time\" content=\"2026-04-27T06:04:29+00:00\" \/>\n<meta property=\"article:modified_time\" content=\"2026-04-27T06:04:35+00:00\" \/>\n<meta property=\"og:image\" content=\"https:\/\/www.monaco-tribune.com\/wp-content\/uploads\/2026\/04\/prince-grece-delphes.jpg\" \/>\n\t<meta property=\"og:image:width\" content=\"1440\" \/>\n\t<meta property=\"og:image:height\" content=\"818\" \/>\n\t<meta property=\"og:image:type\" content=\"image\/jpeg\" \/>\n<meta name=\"author\" content=\"Monaco Tribune\" \/>\n<meta name=\"twitter:card\" content=\"summary_large_image\" \/>\n<meta name=\"twitter:creator\" content=\"@MonacoTribune\" \/>\n<meta name=\"twitter:site\" content=\"@MonacoTribune\" \/>\n<script type=\"application\/ld+json\" class=\"yoast-schema-graph\">{\"@context\":\"https:\\\/\\\/schema.org\",\"@graph\":[{\"@type\":\"NewsArticle\",\"@id\":\"https:\\\/\\\/www.monaco-tribune.com\\\/en\\\/2026\\\/04\\\/photos-inside-prince-albert-iis-greece-visit\\\/#article\",\"isPartOf\":{\"@id\":\"https:\\\/\\\/www.monaco-tribune.com\\\/en\\\/2026\\\/04\\\/photos-inside-prince-albert-iis-greece-visit\\\/\"},\"author\":{\"name\":\"Monaco Tribune\",\"@id\":\"https:\\\/\\\/www.monaco-tribune.com\\\/en\\\/#\\\/schema\\\/person\\\/8f6ed8c063276e2397589eda5b7a2f2d\"},\"headline\":\"Photos: Inside Prince Albert II&#8217;s Greece visit\",\"datePublished\":\"2026-04-27T06:04:29+00:00\",\"dateModified\":\"2026-04-27T06:04:35+00:00\",\"mainEntityOfPage\":{\"@id\":\"https:\\\/\\\/www.monaco-tribune.com\\\/en\\\/2026\\\/04\\\/photos-inside-prince-albert-iis-greece-visit\\\/\"},\"wordCount\":360,\"publisher\":{\"@id\":\"https:\\\/\\\/www.monaco-tribune.com\\\/en\\\/#organization\"},\"image\":{\"@id\":\"https:\\\/\\\/www.monaco-tribune.com\\\/en\\\/2026\\\/04\\\/photos-inside-prince-albert-iis-greece-visit\\\/#primaryimage\"},\"thumbnailUrl\":\"https:\\\/\\\/www.monaco-tribune.com\\\/wp-content\\\/uploads\\\/2026\\\/04\\\/prince-grece-delphes.jpg\",\"keywords\":[\"Prince Albert II\"],\"articleSection\":[\"Editor&#039;s choice\",\"News\",\"Princely Family\"],\"inLanguage\":\"en-US\",\"copyrightYear\":\"2026\",\"copyrightHolder\":{\"@id\":\"https:\\\/\\\/www.monaco-tribune.com\\\/#organization\"}},{\"@type\":\"WebPage\",\"@id\":\"https:\\\/\\\/www.monaco-tribune.com\\\/en\\\/2026\\\/04\\\/photos-inside-prince-albert-iis-greece-visit\\\/\",\"url\":\"https:\\\/\\\/www.monaco-tribune.com\\\/en\\\/2026\\\/04\\\/photos-inside-prince-albert-iis-greece-visit\\\/\",\"name\":\"Photos: Inside Prince Albert II's Greece visit\",\"isPartOf\":{\"@id\":\"https:\\\/\\\/www.monaco-tribune.com\\\/en\\\/#website\"},\"primaryImageOfPage\":{\"@id\":\"https:\\\/\\\/www.monaco-tribune.com\\\/en\\\/2026\\\/04\\\/photos-inside-prince-albert-iis-greece-visit\\\/#primaryimage\"},\"image\":{\"@id\":\"https:\\\/\\\/www.monaco-tribune.com\\\/en\\\/2026\\\/04\\\/photos-inside-prince-albert-iis-greece-visit\\\/#primaryimage\"},\"thumbnailUrl\":\"https:\\\/\\\/www.monaco-tribune.com\\\/wp-content\\\/uploads\\\/2026\\\/04\\\/prince-grece-delphes.jpg\",\"datePublished\":\"2026-04-27T06:04:29+00:00\",\"dateModified\":\"2026-04-27T06:04:35+00:00\",\"description\":\"The Prince travelled to Greece on 21 and 22 April for an official visit focusing on diplomacy, the environment and culture. Prince Albert II began his\",\"breadcrumb\":{\"@id\":\"https:\\\/\\\/www.monaco-tribune.com\\\/en\\\/2026\\\/04\\\/photos-inside-prince-albert-iis-greece-visit\\\/#breadcrumb\"},\"inLanguage\":\"en-US\",\"potentialAction\":[{\"@type\":\"ReadAction\",\"target\":[\"https:\\\/\\\/www.monaco-tribune.com\\\/en\\\/2026\\\/04\\\/photos-inside-prince-albert-iis-greece-visit\\\/\"]}]},{\"@type\":\"ImageObject\",\"inLanguage\":\"en-US\",\"@id\":\"https:\\\/\\\/www.monaco-tribune.com\\\/en\\\/2026\\\/04\\\/photos-inside-prince-albert-iis-greece-visit\\\/#primaryimage\",\"url\":\"https:\\\/\\\/www.monaco-tribune.com\\\/wp-content\\\/uploads\\\/2026\\\/04\\\/prince-grece-delphes.jpg\",\"contentUrl\":\"https:\\\/\\\/www.monaco-tribune.com\\\/wp-content\\\/uploads\\\/2026\\\/04\\\/prince-grece-delphes.jpg\",\"width\":1440,\"height\":818,\"caption\":\"Prince Albert II concluded his official visit to Greece in Delphi \u00a9 Fr\u00e9d\u00e9ric Nebinger \\\/ Prince\u2019s Palace\"},{\"@type\":\"BreadcrumbList\",\"@id\":\"https:\\\/\\\/www.monaco-tribune.com\\\/en\\\/2026\\\/04\\\/photos-inside-prince-albert-iis-greece-visit\\\/#breadcrumb\",\"itemListElement\":[{\"@type\":\"ListItem\",\"position\":1,\"name\":\"Accueil\",\"item\":\"https:\\\/\\\/www.monaco-tribune.com\\\/en\\\/\"},{\"@type\":\"ListItem\",\"position\":2,\"name\":\"Photos: Inside Prince Albert II&#8217;s Greece visit\"}]},{\"@type\":\"WebSite\",\"@id\":\"https:\\\/\\\/www.monaco-tribune.com\\\/en\\\/#website\",\"url\":\"https:\\\/\\\/www.monaco-tribune.com\\\/en\\\/\",\"name\":\"Monaco Tribune\",\"description\":\"Monaco : actualit\u00e9s \u00e9conomiques, politiques, culturelles et sportives de Monaco et de la French Riviera.\",\"publisher\":{\"@id\":\"https:\\\/\\\/www.monaco-tribune.com\\\/en\\\/#organization\"},\"potentialAction\":[{\"@type\":\"SearchAction\",\"target\":{\"@type\":\"EntryPoint\",\"urlTemplate\":\"https:\\\/\\\/www.monaco-tribune.com\\\/en\\\/?s={search_term_string}\"},\"query-input\":{\"@type\":\"PropertyValueSpecification\",\"valueRequired\":true,\"valueName\":\"search_term_string\"}}],\"inLanguage\":\"en-US\"},{\"@type\":\"Organization\",\"@id\":\"https:\\\/\\\/www.monaco-tribune.com\\\/en\\\/#organization\",\"name\":\"Monaco Tribune\",\"url\":\"https:\\\/\\\/www.monaco-tribune.com\\\/en\\\/\",\"logo\":{\"@type\":\"ImageObject\",\"inLanguage\":\"en-US\",\"@id\":\"https:\\\/\\\/www.monaco-tribune.com\\\/en\\\/#\\\/schema\\\/logo\\\/image\\\/\",\"url\":\"https:\\\/\\\/www.monaco-tribune.com\\\/wp-content\\\/uploads\\\/2022\\\/11\\\/logo-monaco-tribune.png\",\"contentUrl\":\"https:\\\/\\\/www.monaco-tribune.com\\\/wp-content\\\/uploads\\\/2022\\\/11\\\/logo-monaco-tribune.png\",\"width\":1548,\"height\":600,\"caption\":\"Monaco Tribune\"},\"image\":{\"@id\":\"https:\\\/\\\/www.monaco-tribune.com\\\/en\\\/#\\\/schema\\\/logo\\\/image\\\/\"},\"sameAs\":[\"https:\\\/\\\/www.facebook.com\\\/MonacoTribune\",\"https:\\\/\\\/x.com\\\/MonacoTribune\",\"https:\\\/\\\/www.instagram.com\\\/monacotribune\\\/\",\"https:\\\/\\\/www.linkedin.com\\\/company\\\/monaco-tribune\",\"https:\\\/\\\/www.youtube.com\\\/channel\\\/UCHle1MnG6hw1y4lWKijVbMA\"]},{\"@type\":\"Person\",\"@id\":\"https:\\\/\\\/www.monaco-tribune.com\\\/en\\\/#\\\/schema\\\/person\\\/8f6ed8c063276e2397589eda5b7a2f2d\",\"name\":\"Monaco Tribune\",\"image\":{\"@type\":\"ImageObject\",\"inLanguage\":\"en-US\",\"@id\":\"https:\\\/\\\/secure.gravatar.com\\\/avatar\\\/3010e6c5d6c8056ec1c25228fe68ea089879e5ae0de884e0247744ee988aaf6a?s=96&d=mm&r=g\",\"url\":\"https:\\\/\\\/secure.gravatar.com\\\/avatar\\\/3010e6c5d6c8056ec1c25228fe68ea089879e5ae0de884e0247744ee988aaf6a?s=96&d=mm&r=g\",\"contentUrl\":\"https:\\\/\\\/secure.gravatar.com\\\/avatar\\\/3010e6c5d6c8056ec1c25228fe68ea089879e5ae0de884e0247744ee988aaf6a?s=96&d=mm&r=g\",\"caption\":\"Monaco Tribune\"},\"url\":\"https:\\\/\\\/www.monaco-tribune.com\\\/en\\\/author\\\/monaco-tribune\\\/\"}]}<\/script>\n<!-- \/ Yoast SEO Premium plugin. -->","yoast_head_json":{"title":"Photos: Inside Prince Albert II's Greece visit","description":"The Prince travelled to Greece on 21 and 22 April for an official visit focusing on diplomacy, the environment and culture. Prince Albert II began his","robots":{"index":"index","follow":"follow","max-snippet":"max-snippet:-1","max-image-preview":"max-image-preview:large","max-video-preview":"max-video-preview:-1"},"canonical":"https:\/\/www.monaco-tribune.com\/en\/2026\/04\/photos-inside-prince-albert-iis-greece-visit\/","og_locale":"en_US","og_type":"article","og_title":"Photos: Inside Prince Albert II's Greece visit - Monaco Tribune","og_description":"The Prince travelled to Greece on 21 and 22 April for an official visit focusing on diplomacy, the environment and culture. Prince Albert II began his","og_url":"https:\/\/www.monaco-tribune.com\/en\/2026\/04\/photos-inside-prince-albert-iis-greece-visit\/","og_site_name":"Monaco Tribune","article_publisher":"https:\/\/www.facebook.com\/MonacoTribune","article_published_time":"2026-04-27T06:04:29+00:00","article_modified_time":"2026-04-27T06:04:35+00:00","og_image":[{"width":1440,"height":818,"url":"https:\/\/www.monaco-tribune.com\/wp-content\/uploads\/2026\/04\/prince-grece-delphes.jpg","type":"image\/jpeg"}],"author":"Monaco Tribune","twitter_card":"summary_large_image","twitter_creator":"@MonacoTribune","twitter_site":"@MonacoTribune","schema":{"@context":"https:\/\/schema.org","@graph":[{"@type":"NewsArticle","@id":"https:\/\/www.monaco-tribune.com\/en\/2026\/04\/photos-inside-prince-albert-iis-greece-visit\/#article","isPartOf":{"@id":"https:\/\/www.monaco-tribune.com\/en\/2026\/04\/photos-inside-prince-albert-iis-greece-visit\/"},"author":{"name":"Monaco Tribune","@id":"https:\/\/www.monaco-tribune.com\/en\/#\/schema\/person\/8f6ed8c063276e2397589eda5b7a2f2d"},"headline":"Photos: Inside Prince Albert II&#8217;s Greece visit","datePublished":"2026-04-27T06:04:29+00:00","dateModified":"2026-04-27T06:04:35+00:00","mainEntityOfPage":{"@id":"https:\/\/www.monaco-tribune.com\/en\/2026\/04\/photos-inside-prince-albert-iis-greece-visit\/"},"wordCount":360,"publisher":{"@id":"https:\/\/www.monaco-tribune.com\/en\/#organization"},"image":{"@id":"https:\/\/www.monaco-tribune.com\/en\/2026\/04\/photos-inside-prince-albert-iis-greece-visit\/#primaryimage"},"thumbnailUrl":"https:\/\/www.monaco-tribune.com\/wp-content\/uploads\/2026\/04\/prince-grece-delphes.jpg","keywords":["Prince Albert II"],"articleSection":["Editor&#039;s choice","News","Princely Family"],"inLanguage":"en-US","copyrightYear":"2026","copyrightHolder":{"@id":"https:\/\/www.monaco-tribune.com\/#organization"}},{"@type":"WebPage","@id":"https:\/\/www.monaco-tribune.com\/en\/2026\/04\/photos-inside-prince-albert-iis-greece-visit\/","url":"https:\/\/www.monaco-tribune.com\/en\/2026\/04\/photos-inside-prince-albert-iis-greece-visit\/","name":"Photos: Inside Prince Albert II's Greece visit","isPartOf":{"@id":"https:\/\/www.monaco-tribune.com\/en\/#website"},"primaryImageOfPage":{"@id":"https:\/\/www.monaco-tribune.com\/en\/2026\/04\/photos-inside-prince-albert-iis-greece-visit\/#primaryimage"},"image":{"@id":"https:\/\/www.monaco-tribune.com\/en\/2026\/04\/photos-inside-prince-albert-iis-greece-visit\/#primaryimage"},"thumbnailUrl":"https:\/\/www.monaco-tribune.com\/wp-content\/uploads\/2026\/04\/prince-grece-delphes.jpg","datePublished":"2026-04-27T06:04:29+00:00","dateModified":"2026-04-27T06:04:35+00:00","description":"The Prince travelled to Greece on 21 and 22 April for an official visit focusing on diplomacy, the environment and culture. Prince Albert II began his","breadcrumb":{"@id":"https:\/\/www.monaco-tribune.com\/en\/2026\/04\/photos-inside-prince-albert-iis-greece-visit\/#breadcrumb"},"inLanguage":"en-US","potentialAction":[{"@type":"ReadAction","target":["https:\/\/www.monaco-tribune.com\/en\/2026\/04\/photos-inside-prince-albert-iis-greece-visit\/"]}]},{"@type":"ImageObject","inLanguage":"en-US","@id":"https:\/\/www.monaco-tribune.com\/en\/2026\/04\/photos-inside-prince-albert-iis-greece-visit\/#primaryimage","url":"https:\/\/www.monaco-tribune.com\/wp-content\/uploads\/2026\/04\/prince-grece-delphes.jpg","contentUrl":"https:\/\/www.monaco-tribune.com\/wp-content\/uploads\/2026\/04\/prince-grece-delphes.jpg","width":1440,"height":818,"caption":"Prince Albert II concluded his official visit to Greece in Delphi \u00a9 Fr\u00e9d\u00e9ric Nebinger \/ Prince\u2019s Palace"},{"@type":"BreadcrumbList","@id":"https:\/\/www.monaco-tribune.com\/en\/2026\/04\/photos-inside-prince-albert-iis-greece-visit\/#breadcrumb","itemListElement":[{"@type":"ListItem","position":1,"name":"Accueil","item":"https:\/\/www.monaco-tribune.com\/en\/"},{"@type":"ListItem","position":2,"name":"Photos: Inside Prince Albert II&#8217;s Greece visit"}]},{"@type":"WebSite","@id":"https:\/\/www.monaco-tribune.com\/en\/#website","url":"https:\/\/www.monaco-tribune.com\/en\/","name":"Monaco Tribune","description":"Monaco : actualit\u00e9s \u00e9conomiques, politiques, culturelles et sportives de Monaco et de la French Riviera.","publisher":{"@id":"https:\/\/www.monaco-tribune.com\/en\/#organization"},"potentialAction":[{"@type":"SearchAction","target":{"@type":"EntryPoint","urlTemplate":"https:\/\/www.monaco-tribune.com\/en\/?s={search_term_string}"},"query-input":{"@type":"PropertyValueSpecification","valueRequired":true,"valueName":"search_term_string"}}],"inLanguage":"en-US"},{"@type":"Organization","@id":"https:\/\/www.monaco-tribune.com\/en\/#organization","name":"Monaco Tribune","url":"https:\/\/www.monaco-tribune.com\/en\/","logo":{"@type":"ImageObject","inLanguage":"en-US","@id":"https:\/\/www.monaco-tribune.com\/en\/#\/schema\/logo\/image\/","url":"https:\/\/www.monaco-tribune.com\/wp-content\/uploads\/2022\/11\/logo-monaco-tribune.png","contentUrl":"https:\/\/www.monaco-tribune.com\/wp-content\/uploads\/2022\/11\/logo-monaco-tribune.png","width":1548,"height":600,"caption":"Monaco Tribune"},"image":{"@id":"https:\/\/www.monaco-tribune.com\/en\/#\/schema\/logo\/image\/"},"sameAs":["https:\/\/www.facebook.com\/MonacoTribune","https:\/\/x.com\/MonacoTribune","https:\/\/www.instagram.com\/monacotribune\/","https:\/\/www.linkedin.com\/company\/monaco-tribune","https:\/\/www.youtube.com\/channel\/UCHle1MnG6hw1y4lWKijVbMA"]},{"@type":"Person","@id":"https:\/\/www.monaco-tribune.com\/en\/#\/schema\/person\/8f6ed8c063276e2397589eda5b7a2f2d","name":"Monaco Tribune","image":{"@type":"ImageObject","inLanguage":"en-US","@id":"https:\/\/secure.gravatar.com\/avatar\/3010e6c5d6c8056ec1c25228fe68ea089879e5ae0de884e0247744ee988aaf6a?s=96&d=mm&r=g","url":"https:\/\/secure.gravatar.com\/avatar\/3010e6c5d6c8056ec1c25228fe68ea089879e5ae0de884e0247744ee988aaf6a?s=96&d=mm&r=g","contentUrl":"https:\/\/secure.gravatar.com\/avatar\/3010e6c5d6c8056ec1c25228fe68ea089879e5ae0de884e0247744ee988aaf6a?s=96&d=mm&r=g","caption":"Monaco Tribune"},"url":"https:\/\/www.monaco-tribune.com\/en\/author\/monaco-tribune\/"}]}},"_links":{"self":[{"href":"https:\/\/www.monaco-tribune.com\/en\/wp-json\/wp\/v2\/posts\/347737","targetHints":{"allow":["GET"]}}],"collection":[{"href":"https:\/\/www.monaco-tribune.com\/en\/wp-json\/wp\/v2\/posts"}],"about":[{"href":"https:\/\/www.monaco-tribune.com\/en\/wp-json\/wp\/v2\/types\/post"}],"author":[{"embeddable":true,"href":"https:\/\/www.monaco-tribune.com\/en\/wp-json\/wp\/v2\/users\/21"}],"replies":[{"embeddable":true,"href":"https:\/\/www.monaco-tribune.com\/en\/wp-json\/wp\/v2\/comments?post=347737"}],"version-history":[{"count":3,"href":"https:\/\/www.monaco-tribune.com\/en\/wp-json\/wp\/v2\/posts\/347737\/revisions"}],"predecessor-version":[{"id":347740,"href":"https:\/\/www.monaco-tribune.com\/en\/wp-json\/wp\/v2\/posts\/347737\/revisions\/347740"}],"wp:featuredmedia":[{"embeddable":true,"href":"https:\/\/www.monaco-tribune.com\/en\/wp-json\/wp\/v2\/media\/347512"}],"wp:attachment":[{"href":"https:\/\/www.monaco-tribune.com\/en\/wp-json\/wp\/v2\/media?parent=347737"}],"wp:term":[{"taxonomy":"category","embeddable":true,"href":"https:\/\/www.monaco-tribune.com\/en\/wp-json\/wp\/v2\/categories?post=347737"},{"taxonomy":"post_tag","embeddable":true,"href":"https:\/\/www.monaco-tribune.com\/en\/wp-json\/wp\/v2\/tags?post=347737"},{"taxonomy":"sectag","embeddable":true,"href":"https:\/\/www.monaco-tribune.com\/en\/wp-json\/wp\/v2\/post_sectags?post=347737"},{"taxonomy":"format","embeddable":true,"href":"https:\/\/www.monaco-tribune.com\/en\/wp-json\/wp\/v2\/post_format?post=347737"}],"curies":[{"name":"wp","href":"https:\/\/api.w.org\/{rel}","templated":true}]}}