{"id":348090,"date":"2026-04-29T10:47:23","date_gmt":"2026-04-29T08:47:23","guid":{"rendered":"https:\/\/www.monaco-tribune.com\/?p=348090"},"modified":"2026-04-29T10:47:25","modified_gmt":"2026-04-29T08:47:25","slug":"la-chevre-dor-brings-renewed-elegance-above-the-riviera","status":"publish","type":"post","link":"https:\/\/www.monaco-tribune.com\/en\/2026\/04\/la-chevre-dor-brings-renewed-elegance-above-the-riviera\/","title":{"rendered":"La Ch\u00e8vre d&#8217;Or brings renewed elegance above the Riviera"},"content":{"rendered":"\n<p><strong>High above the C\u00f4te d&#8217;Azur, within the winding stone lanes of \u00c8ze Village, La Ch\u00e8vre d&#8217;Or remains one of the Riviera&#8217;s most spectacular dining addresses.<\/strong><\/p>\n\n\n\n<p>Built into the medieval hillside and opening onto sweeping Mediterranean views, the restaurant delivers a sense of theatre before the first course arrives. Few terraces can rival this vantage point, where sea and sky appear to merge below the village walls. Michelin continues to recognise the destination with two stars, reinforcing its standing among the most accomplished tables in the South of France.<\/p>\n\n\n\n<figure class=\"wp-block-gallery has-nested-images columns-default is-cropped wp-block-gallery-1 is-layout-flex wp-block-gallery-is-layout-flex\">\n<figure class=\"wp-block-image size-large\"><img loading=\"lazy\" decoding=\"async\" width=\"1024\" height=\"680\" data-id=\"348146\" src=\"https:\/\/www.monaco-tribune.com\/wp-content\/uploads\/2026\/04\/la-chevre-dor-1024x680.jpg\" alt=\"\" class=\"wp-image-348146\" srcset=\"https:\/\/www.monaco-tribune.com\/wp-content\/uploads\/2026\/04\/la-chevre-dor-1024x680.jpg 1024w, https:\/\/www.monaco-tribune.com\/wp-content\/uploads\/2026\/04\/la-chevre-dor-452x300.jpg 452w, https:\/\/www.monaco-tribune.com\/wp-content\/uploads\/2026\/04\/la-chevre-dor.jpg 1200w\" sizes=\"auto, (max-width: 1024px) 100vw, 1024px\" \/><figcaption class=\"wp-element-caption\">@photographedudimanche<\/figcaption><\/figure>\n<\/figure>\n\n\n\n<p>The latest renovation has added a significant new chapter to that story. Rather than altering the soul of the restaurant, the redesign has refined it with intelligence and restraint. Interiors feel brighter, more spacious and more contemporary, while preserving the timeless romance that has long defined La Ch\u00e8vre d&#8217;Or. Natural tones, elegant textures and carefully considered details create a softer, more luxurious atmosphere that complements rather than competes with the extraordinary setting.<\/p>\n\n\n\n<p>The dining room now feels seamlessly connected to the landscape beyond it, drawing the eye towards the Mediterranean at every opportunity. Tables are arranged with greater intimacy, lighting is warmer and more flattering, and the overall effect is one of understated sophistication. In a property where history is such a vital part of the appeal, the renovation succeeds because it enhances comfort and elegance without compromising character.<\/p>\n\n\n\n<figure class=\"wp-block-gallery has-nested-images columns-default is-cropped wp-block-gallery-2 is-layout-flex wp-block-gallery-is-layout-flex\">\n<figure class=\"wp-block-image size-large\"><img loading=\"lazy\" decoding=\"async\" width=\"1024\" height=\"683\" data-id=\"348134\" src=\"https:\/\/www.monaco-tribune.com\/wp-content\/uploads\/2026\/04\/dinning-area-@photographedudimanche_3-1024x683.jpg\" alt=\"\" class=\"wp-image-348134\" srcset=\"https:\/\/www.monaco-tribune.com\/wp-content\/uploads\/2026\/04\/dinning-area-@photographedudimanche_3-1024x683.jpg 1024w, https:\/\/www.monaco-tribune.com\/wp-content\/uploads\/2026\/04\/dinning-area-@photographedudimanche_3-450x300.jpg 450w, https:\/\/www.monaco-tribune.com\/wp-content\/uploads\/2026\/04\/dinning-area-@photographedudimanche_3.jpg 1200w\" sizes=\"auto, (max-width: 1024px) 100vw, 1024px\" \/><figcaption class=\"wp-element-caption\">Dinning area @photographedudimanche<\/figcaption><\/figure>\n\n\n\n<figure class=\"wp-block-image size-large\"><img loading=\"lazy\" decoding=\"async\" width=\"1024\" height=\"683\" data-id=\"348126\" src=\"https:\/\/www.monaco-tribune.com\/wp-content\/uploads\/2026\/04\/dinning-area-@photographedudimanche-1024x683.jpg\" alt=\"\" class=\"wp-image-348126\" srcset=\"https:\/\/www.monaco-tribune.com\/wp-content\/uploads\/2026\/04\/dinning-area-@photographedudimanche-1024x683.jpg 1024w, https:\/\/www.monaco-tribune.com\/wp-content\/uploads\/2026\/04\/dinning-area-@photographedudimanche-450x300.jpg 450w, https:\/\/www.monaco-tribune.com\/wp-content\/uploads\/2026\/04\/dinning-area-@photographedudimanche.jpg 1200w\" sizes=\"auto, (max-width: 1024px) 100vw, 1024px\" \/><figcaption class=\"wp-element-caption\">Dinning area @photographedudimanche<\/figcaption><\/figure>\n<\/figure>\n\n\n\n<h2 class=\"wp-block-heading\" id=\"h-tom-meyer-s-refined-vision\">Tom Meyer&#8217;s refined vision<\/h2>\n\n\n\n<p>Leading the kitchen is Tom Meyer, Meilleur Ouvrier de France and one of the most respected chefs of his generation. His arrival has brought a modern precision to La Ch\u00e8vre d&#8217;Or while preserving the generosity expected of such a historic house.<\/p>\n\n\n\n<p>As Meyer explains, &#8220;This recognition touches me deeply because it rewards a collective journey. It obliges me above all to remain lucid, to continue searching, doubting and refining.&#8221; That mindset is evident throughout the menu, where technical discipline meets a lighter, more contemporary expression.<\/p>\n\n\n\n<p>He describes the influence of the surrounding landscape simply: &#8220;The village of \u00c8ze and the Mediterranean are omnipresent. I seek a cuisine that is sunny, fresh and taut.&#8221; It is an accurate summary. Riviera brightness runs through the cooking, but interpreted with restraint and finesse rather than clich\u00e9.<\/p>\n\n\n\n<figure class=\"wp-block-gallery has-nested-images columns-default is-cropped wp-block-gallery-3 is-layout-flex wp-block-gallery-is-layout-flex\">\n<figure class=\"wp-block-image size-large\"><img loading=\"lazy\" decoding=\"async\" width=\"683\" height=\"1024\" data-id=\"348142\" src=\"https:\/\/www.monaco-tribune.com\/wp-content\/uploads\/2026\/04\/tom-meyer_2-683x1024.jpg\" alt=\"\" class=\"wp-image-348142\" srcset=\"https:\/\/www.monaco-tribune.com\/wp-content\/uploads\/2026\/04\/tom-meyer_2-683x1024.jpg 683w, https:\/\/www.monaco-tribune.com\/wp-content\/uploads\/2026\/04\/tom-meyer_2-200x300.jpg 200w, https:\/\/www.monaco-tribune.com\/wp-content\/uploads\/2026\/04\/tom-meyer_2.jpg 1200w\" sizes=\"auto, (max-width: 683px) 100vw, 683px\" \/><figcaption class=\"wp-element-caption\">Tom Meyer @photographedudimanche<\/figcaption><\/figure>\n\n\n\n<figure class=\"wp-block-image size-large\"><img loading=\"lazy\" decoding=\"async\" width=\"683\" height=\"1024\" data-id=\"348138\" src=\"https:\/\/www.monaco-tribune.com\/wp-content\/uploads\/2026\/04\/tom-meyer-683x1024.jpg\" alt=\"\" class=\"wp-image-348138\" srcset=\"https:\/\/www.monaco-tribune.com\/wp-content\/uploads\/2026\/04\/tom-meyer-683x1024.jpg 683w, https:\/\/www.monaco-tribune.com\/wp-content\/uploads\/2026\/04\/tom-meyer-200x300.jpg 200w, https:\/\/www.monaco-tribune.com\/wp-content\/uploads\/2026\/04\/tom-meyer.jpg 1200w\" sizes=\"auto, (max-width: 683px) 100vw, 683px\" \/><figcaption class=\"wp-element-caption\">Tom Meyer @photographedudimanche<\/figcaption><\/figure>\n<\/figure>\n\n\n\n<h2 class=\"wp-block-heading\" id=\"h-dishes-of-balance-and-character\">Dishes of balance and character<\/h2>\n\n\n\n<p>Among the most memorable courses is tuna, worked across belly and loin, demonstrating Meyer&#8217;s understanding of the product&#8217;s contrasting textures and richness. A precise fish jus brings depth, while sorrel ice cream, shiso and kiwi introduce lift and brightness. It is a plate of contrast and confidence.<\/p>\n\n\n\n<p>Another standout is beef tongue, a dish rooted in French tradition but reimagined through a modern lens. Slow-cooked to tenderness, then crisped for texture, it is paired with fermented rhubarb and a velout\u00e9 scented with herbs of the garrigue. Here, Meyer&#8217;s stated philosophy becomes clear: &#8220;My cuisine is precise but sensitive, with a permanent search for balance between depth and freshness.&#8221;<\/p>\n\n\n\n<p>That balance defines the broader experience. Sauces are measured, textures purposeful and plating elegant without ever feeling forced.<\/p>\n\n\n\n<figure class=\"wp-block-gallery has-nested-images columns-default is-cropped wp-block-gallery-4 is-layout-flex wp-block-gallery-is-layout-flex\">\n<figure class=\"wp-block-image size-large\"><img loading=\"lazy\" decoding=\"async\" width=\"683\" height=\"1024\" data-id=\"348098\" src=\"https:\/\/www.monaco-tribune.com\/wp-content\/uploads\/2026\/04\/@lephotographedudimanche_1-1-683x1024.jpg\" alt=\"\" class=\"wp-image-348098\" srcset=\"https:\/\/www.monaco-tribune.com\/wp-content\/uploads\/2026\/04\/@lephotographedudimanche_1-1-683x1024.jpg 683w, https:\/\/www.monaco-tribune.com\/wp-content\/uploads\/2026\/04\/@lephotographedudimanche_1-1-200x300.jpg 200w, https:\/\/www.monaco-tribune.com\/wp-content\/uploads\/2026\/04\/@lephotographedudimanche_1-1.jpg 1200w\" sizes=\"auto, (max-width: 683px) 100vw, 683px\" \/><figcaption class=\"wp-element-caption\">@lephotographedudimanche<\/figcaption><\/figure>\n\n\n\n<figure class=\"wp-block-image size-large\"><img loading=\"lazy\" decoding=\"async\" width=\"683\" height=\"1024\" data-id=\"348102\" src=\"https:\/\/www.monaco-tribune.com\/wp-content\/uploads\/2026\/04\/@lephotographedudimanche_2-683x1024.jpg\" alt=\"\" class=\"wp-image-348102\" srcset=\"https:\/\/www.monaco-tribune.com\/wp-content\/uploads\/2026\/04\/@lephotographedudimanche_2-683x1024.jpg 683w, https:\/\/www.monaco-tribune.com\/wp-content\/uploads\/2026\/04\/@lephotographedudimanche_2-200x300.jpg 200w, https:\/\/www.monaco-tribune.com\/wp-content\/uploads\/2026\/04\/@lephotographedudimanche_2.jpg 1200w\" sizes=\"auto, (max-width: 683px) 100vw, 683px\" \/><figcaption class=\"wp-element-caption\">@lephotographedudimanche<\/figcaption><\/figure>\n\n\n\n<figure class=\"wp-block-image size-large\"><img loading=\"lazy\" decoding=\"async\" width=\"683\" height=\"1024\" data-id=\"348106\" src=\"https:\/\/www.monaco-tribune.com\/wp-content\/uploads\/2026\/04\/@lephotographedudimanche_3-683x1024.jpg\" alt=\"\" class=\"wp-image-348106\" srcset=\"https:\/\/www.monaco-tribune.com\/wp-content\/uploads\/2026\/04\/@lephotographedudimanche_3-683x1024.jpg 683w, https:\/\/www.monaco-tribune.com\/wp-content\/uploads\/2026\/04\/@lephotographedudimanche_3-200x300.jpg 200w, https:\/\/www.monaco-tribune.com\/wp-content\/uploads\/2026\/04\/@lephotographedudimanche_3.jpg 1200w\" sizes=\"auto, (max-width: 683px) 100vw, 683px\" \/><figcaption class=\"wp-element-caption\">@lephotographedudimanche<\/figcaption><\/figure>\n\n\n\n<figure class=\"wp-block-image size-large\"><img loading=\"lazy\" decoding=\"async\" width=\"683\" height=\"1024\" data-id=\"348110\" src=\"https:\/\/www.monaco-tribune.com\/wp-content\/uploads\/2026\/04\/@lephotographedudimanche_4-683x1024.jpg\" alt=\"\" class=\"wp-image-348110\" srcset=\"https:\/\/www.monaco-tribune.com\/wp-content\/uploads\/2026\/04\/@lephotographedudimanche_4-683x1024.jpg 683w, https:\/\/www.monaco-tribune.com\/wp-content\/uploads\/2026\/04\/@lephotographedudimanche_4-200x300.jpg 200w, https:\/\/www.monaco-tribune.com\/wp-content\/uploads\/2026\/04\/@lephotographedudimanche_4.jpg 1200w\" sizes=\"auto, (max-width: 683px) 100vw, 683px\" \/><figcaption class=\"wp-element-caption\">@lephotographedudimanche<\/figcaption><\/figure>\n\n\n\n<figure class=\"wp-block-image size-large\"><img loading=\"lazy\" decoding=\"async\" width=\"683\" height=\"1024\" data-id=\"348114\" src=\"https:\/\/www.monaco-tribune.com\/wp-content\/uploads\/2026\/04\/@lephotographedudimanche_5-683x1024.jpg\" alt=\"\" class=\"wp-image-348114\" srcset=\"https:\/\/www.monaco-tribune.com\/wp-content\/uploads\/2026\/04\/@lephotographedudimanche_5-683x1024.jpg 683w, https:\/\/www.monaco-tribune.com\/wp-content\/uploads\/2026\/04\/@lephotographedudimanche_5-200x300.jpg 200w, https:\/\/www.monaco-tribune.com\/wp-content\/uploads\/2026\/04\/@lephotographedudimanche_5.jpg 1200w\" sizes=\"auto, (max-width: 683px) 100vw, 683px\" \/><figcaption class=\"wp-element-caption\">@lephotographedudimanche<\/figcaption><\/figure>\n<\/figure>\n\n\n\n<h2 class=\"wp-block-heading\" id=\"h-service-and-a-pairing-with-purpose\">Service and a pairing with purpose<\/h2>\n\n\n\n<p>The standard of service matches the setting. Staff move through the dining room with calm assurance, attentive without intrusion. Courses are explained thoughtfully, timings are smooth and the room maintains a sense of composure even at full capacity. It is the kind of polished hospitality expected at this level, but not always achieved.<\/p>\n\n\n\n<p>Particularly noteworthy is the non alcoholic pairing, developed personally by Meyer. Rather than creating drinks as substitutes for wine, he approached them with a chef&#8217;s logic, imagining each as a complementary sauce to the dish beside it. The result is a sophisticated progression of acidity, aromatics, and texture that feels fully integrated into the tasting menu.<\/p>\n\n\n\n<p>La Ch\u00e8vre d&#8217;Or has always possessed one of the Riviera&#8217;s greatest settings. With its renewed interiors, assured service, and Tom Meyer&#8217;s intelligent, expressive cooking, it now feels more compelling than ever.<\/p>\n\n\n\n<p>For reservations and further information, please visit <a href=\"https:\/\/www.chevredor.fr\/?gad_source=1&amp;gad_campaignid=23140793242&amp;gclid=Cj0KCQjw2MbPBhCSARIsAP3jP9x5e2ngyPBW_sVYLU3xR-lm782co8DzAVo13lqQt_qVP82UdV9UvFUaAgCUEALw_wcB\">H\u00f4tel Ch\u00e2teau de La Ch\u00e8vre d\u2019Or<\/a><\/p>\n","protected":false},"excerpt":{"rendered":"<p>High above the C\u00f4te d&#8217;Azur, within the winding stone lanes of \u00c8ze Village, La Ch\u00e8vre d&#8217;Or remains one of the [&hellip;]<\/p>\n","protected":false},"author":51,"featured_media":348126,"comment_status":"closed","ping_status":"closed","sticky":false,"template":"","format":"standard","meta":{"_acf_changed":false,"footnotes":""},"categories":[243,251],"tags":[747],"post_sectags":[],"post_format":[2466],"class_list":["post-348090","post","type-post","status-publish","format-standard","has-post-thumbnail","hentry","category-news","category-whats-on","tag-gastronomy","format-review"],"acf":[],"yoast_head":"<!-- This site is optimized with the Yoast SEO Premium plugin v26.8 (Yoast SEO v27.5) - https:\/\/yoast.com\/product\/yoast-seo-premium-wordpress\/ -->\n<title>La Ch\u00e8vre d&#039;Or brings renewed elegance above the Riviera<\/title>\n<meta name=\"description\" content=\"High above the C\u00f4te d&#039;Azur, within the winding stone lanes of \u00c8ze Village, La Ch\u00e8vre d&#039;Or remains one of the Riviera&#039;s most spectacular dining addresses.\" \/>\n<meta name=\"robots\" content=\"index, follow, max-snippet:-1, max-image-preview:large, max-video-preview:-1\" \/>\n<link rel=\"canonical\" href=\"https:\/\/www.monaco-tribune.com\/en\/2026\/04\/la-chevre-dor-brings-renewed-elegance-above-the-riviera\/\" \/>\n<meta property=\"og:locale\" content=\"en_US\" \/>\n<meta property=\"og:type\" content=\"article\" \/>\n<meta property=\"og:title\" content=\"La Ch\u00e8vre d&#039;Or brings renewed elegance above the Riviera - Monaco Tribune\" \/>\n<meta property=\"og:description\" content=\"High above the C\u00f4te d&#039;Azur, within the winding stone lanes of \u00c8ze Village, La Ch\u00e8vre d&#039;Or remains one of the Riviera&#039;s most spectacular dining addresses.\" \/>\n<meta property=\"og:url\" content=\"https:\/\/www.monaco-tribune.com\/en\/2026\/04\/la-chevre-dor-brings-renewed-elegance-above-the-riviera\/\" \/>\n<meta property=\"og:site_name\" content=\"Monaco Tribune\" \/>\n<meta property=\"article:publisher\" content=\"https:\/\/www.facebook.com\/MonacoTribune\" \/>\n<meta property=\"article:published_time\" content=\"2026-04-29T08:47:23+00:00\" \/>\n<meta property=\"article:modified_time\" content=\"2026-04-29T08:47:25+00:00\" \/>\n<meta property=\"og:image\" content=\"https:\/\/www.monaco-tribune.com\/wp-content\/uploads\/2026\/04\/dinning-area-@photographedudimanche.jpg\" \/>\n\t<meta property=\"og:image:width\" content=\"1200\" \/>\n\t<meta property=\"og:image:height\" content=\"800\" \/>\n\t<meta property=\"og:image:type\" content=\"image\/jpeg\" \/>\n<meta name=\"author\" content=\"Actualit\u00e9 partenaires \/ Partner news\" \/>\n<meta name=\"twitter:card\" content=\"summary_large_image\" \/>\n<meta name=\"twitter:creator\" content=\"@MonacoTribune\" \/>\n<meta name=\"twitter:site\" content=\"@MonacoTribune\" \/>\n<script type=\"application\/ld+json\" class=\"yoast-schema-graph\">{\"@context\":\"https:\\\/\\\/schema.org\",\"@graph\":[{\"@type\":\"NewsArticle\",\"@id\":\"https:\\\/\\\/www.monaco-tribune.com\\\/en\\\/2026\\\/04\\\/la-chevre-dor-brings-renewed-elegance-above-the-riviera\\\/#article\",\"isPartOf\":{\"@id\":\"https:\\\/\\\/www.monaco-tribune.com\\\/en\\\/2026\\\/04\\\/la-chevre-dor-brings-renewed-elegance-above-the-riviera\\\/\"},\"author\":{\"name\":\"Actualit\u00e9 partenaires \\\/ Partner news\",\"@id\":\"https:\\\/\\\/www.monaco-tribune.com\\\/en\\\/#\\\/schema\\\/person\\\/3ca095676705d1327a735ccbc80495e1\"},\"headline\":\"La Ch\u00e8vre d&#8217;Or brings renewed elegance above the Riviera\",\"datePublished\":\"2026-04-29T08:47:23+00:00\",\"dateModified\":\"2026-04-29T08:47:25+00:00\",\"mainEntityOfPage\":{\"@id\":\"https:\\\/\\\/www.monaco-tribune.com\\\/en\\\/2026\\\/04\\\/la-chevre-dor-brings-renewed-elegance-above-the-riviera\\\/\"},\"wordCount\":705,\"publisher\":{\"@id\":\"https:\\\/\\\/www.monaco-tribune.com\\\/en\\\/#organization\"},\"image\":{\"@id\":\"https:\\\/\\\/www.monaco-tribune.com\\\/en\\\/2026\\\/04\\\/la-chevre-dor-brings-renewed-elegance-above-the-riviera\\\/#primaryimage\"},\"thumbnailUrl\":\"https:\\\/\\\/www.monaco-tribune.com\\\/wp-content\\\/uploads\\\/2026\\\/04\\\/dinning-area-@photographedudimanche.jpg\",\"keywords\":[\"Gastronomy\"],\"articleSection\":[\"News\",\"What&#039;s on\"],\"inLanguage\":\"en-US\",\"copyrightYear\":\"2026\",\"copyrightHolder\":{\"@id\":\"https:\\\/\\\/www.monaco-tribune.com\\\/#organization\"}},{\"@type\":\"WebPage\",\"@id\":\"https:\\\/\\\/www.monaco-tribune.com\\\/en\\\/2026\\\/04\\\/la-chevre-dor-brings-renewed-elegance-above-the-riviera\\\/\",\"url\":\"https:\\\/\\\/www.monaco-tribune.com\\\/en\\\/2026\\\/04\\\/la-chevre-dor-brings-renewed-elegance-above-the-riviera\\\/\",\"name\":\"La Ch\u00e8vre d'Or brings renewed elegance above the Riviera\",\"isPartOf\":{\"@id\":\"https:\\\/\\\/www.monaco-tribune.com\\\/en\\\/#website\"},\"primaryImageOfPage\":{\"@id\":\"https:\\\/\\\/www.monaco-tribune.com\\\/en\\\/2026\\\/04\\\/la-chevre-dor-brings-renewed-elegance-above-the-riviera\\\/#primaryimage\"},\"image\":{\"@id\":\"https:\\\/\\\/www.monaco-tribune.com\\\/en\\\/2026\\\/04\\\/la-chevre-dor-brings-renewed-elegance-above-the-riviera\\\/#primaryimage\"},\"thumbnailUrl\":\"https:\\\/\\\/www.monaco-tribune.com\\\/wp-content\\\/uploads\\\/2026\\\/04\\\/dinning-area-@photographedudimanche.jpg\",\"datePublished\":\"2026-04-29T08:47:23+00:00\",\"dateModified\":\"2026-04-29T08:47:25+00:00\",\"description\":\"High above the C\u00f4te d'Azur, within the winding stone lanes of \u00c8ze Village, La Ch\u00e8vre d'Or remains one of the Riviera's most spectacular dining addresses.\",\"breadcrumb\":{\"@id\":\"https:\\\/\\\/www.monaco-tribune.com\\\/en\\\/2026\\\/04\\\/la-chevre-dor-brings-renewed-elegance-above-the-riviera\\\/#breadcrumb\"},\"inLanguage\":\"en-US\",\"potentialAction\":[{\"@type\":\"ReadAction\",\"target\":[\"https:\\\/\\\/www.monaco-tribune.com\\\/en\\\/2026\\\/04\\\/la-chevre-dor-brings-renewed-elegance-above-the-riviera\\\/\"]}]},{\"@type\":\"ImageObject\",\"inLanguage\":\"en-US\",\"@id\":\"https:\\\/\\\/www.monaco-tribune.com\\\/en\\\/2026\\\/04\\\/la-chevre-dor-brings-renewed-elegance-above-the-riviera\\\/#primaryimage\",\"url\":\"https:\\\/\\\/www.monaco-tribune.com\\\/wp-content\\\/uploads\\\/2026\\\/04\\\/dinning-area-@photographedudimanche.jpg\",\"contentUrl\":\"https:\\\/\\\/www.monaco-tribune.com\\\/wp-content\\\/uploads\\\/2026\\\/04\\\/dinning-area-@photographedudimanche.jpg\",\"width\":1200,\"height\":800,\"caption\":\"Dinning area @photographedudimanche\"},{\"@type\":\"BreadcrumbList\",\"@id\":\"https:\\\/\\\/www.monaco-tribune.com\\\/en\\\/2026\\\/04\\\/la-chevre-dor-brings-renewed-elegance-above-the-riviera\\\/#breadcrumb\",\"itemListElement\":[{\"@type\":\"ListItem\",\"position\":1,\"name\":\"Accueil\",\"item\":\"https:\\\/\\\/www.monaco-tribune.com\\\/en\\\/\"},{\"@type\":\"ListItem\",\"position\":2,\"name\":\"La Ch\u00e8vre d&rsquo;Or brings renewed elegance above the Riviera\"}]},{\"@type\":\"WebSite\",\"@id\":\"https:\\\/\\\/www.monaco-tribune.com\\\/en\\\/#website\",\"url\":\"https:\\\/\\\/www.monaco-tribune.com\\\/en\\\/\",\"name\":\"Monaco Tribune\",\"description\":\"Monaco : actualit\u00e9s \u00e9conomiques, politiques, culturelles et sportives de Monaco et de la French Riviera.\",\"publisher\":{\"@id\":\"https:\\\/\\\/www.monaco-tribune.com\\\/en\\\/#organization\"},\"potentialAction\":[{\"@type\":\"SearchAction\",\"target\":{\"@type\":\"EntryPoint\",\"urlTemplate\":\"https:\\\/\\\/www.monaco-tribune.com\\\/en\\\/?s={search_term_string}\"},\"query-input\":{\"@type\":\"PropertyValueSpecification\",\"valueRequired\":true,\"valueName\":\"search_term_string\"}}],\"inLanguage\":\"en-US\"},{\"@type\":\"Organization\",\"@id\":\"https:\\\/\\\/www.monaco-tribune.com\\\/en\\\/#organization\",\"name\":\"Monaco Tribune\",\"url\":\"https:\\\/\\\/www.monaco-tribune.com\\\/en\\\/\",\"logo\":{\"@type\":\"ImageObject\",\"inLanguage\":\"en-US\",\"@id\":\"https:\\\/\\\/www.monaco-tribune.com\\\/en\\\/#\\\/schema\\\/logo\\\/image\\\/\",\"url\":\"https:\\\/\\\/www.monaco-tribune.com\\\/wp-content\\\/uploads\\\/2022\\\/11\\\/logo-monaco-tribune.png\",\"contentUrl\":\"https:\\\/\\\/www.monaco-tribune.com\\\/wp-content\\\/uploads\\\/2022\\\/11\\\/logo-monaco-tribune.png\",\"width\":1548,\"height\":600,\"caption\":\"Monaco Tribune\"},\"image\":{\"@id\":\"https:\\\/\\\/www.monaco-tribune.com\\\/en\\\/#\\\/schema\\\/logo\\\/image\\\/\"},\"sameAs\":[\"https:\\\/\\\/www.facebook.com\\\/MonacoTribune\",\"https:\\\/\\\/x.com\\\/MonacoTribune\",\"https:\\\/\\\/www.instagram.com\\\/monacotribune\\\/\",\"https:\\\/\\\/www.linkedin.com\\\/company\\\/monaco-tribune\",\"https:\\\/\\\/www.youtube.com\\\/channel\\\/UCHle1MnG6hw1y4lWKijVbMA\"]},{\"@type\":\"Person\",\"@id\":\"https:\\\/\\\/www.monaco-tribune.com\\\/en\\\/#\\\/schema\\\/person\\\/3ca095676705d1327a735ccbc80495e1\",\"name\":\"Actualit\u00e9 partenaires \\\/ Partner news\",\"image\":{\"@type\":\"ImageObject\",\"inLanguage\":\"en-US\",\"@id\":\"https:\\\/\\\/secure.gravatar.com\\\/avatar\\\/7a521d12829ff9828efa85c30429e0dec2373e385ef93099a42b964bceb29f66?s=96&d=mm&r=g\",\"url\":\"https:\\\/\\\/secure.gravatar.com\\\/avatar\\\/7a521d12829ff9828efa85c30429e0dec2373e385ef93099a42b964bceb29f66?s=96&d=mm&r=g\",\"contentUrl\":\"https:\\\/\\\/secure.gravatar.com\\\/avatar\\\/7a521d12829ff9828efa85c30429e0dec2373e385ef93099a42b964bceb29f66?s=96&d=mm&r=g\",\"caption\":\"Actualit\u00e9 partenaires \\\/ Partner news\"},\"url\":\"https:\\\/\\\/www.monaco-tribune.com\\\/en\\\/author\\\/contenusponsorise\\\/\"}]}<\/script>\n<!-- \/ Yoast SEO Premium plugin. -->","yoast_head_json":{"title":"La Ch\u00e8vre d'Or brings renewed elegance above the Riviera","description":"High above the C\u00f4te d'Azur, within the winding stone lanes of \u00c8ze Village, La Ch\u00e8vre d'Or remains one of the Riviera's most spectacular dining addresses.","robots":{"index":"index","follow":"follow","max-snippet":"max-snippet:-1","max-image-preview":"max-image-preview:large","max-video-preview":"max-video-preview:-1"},"canonical":"https:\/\/www.monaco-tribune.com\/en\/2026\/04\/la-chevre-dor-brings-renewed-elegance-above-the-riviera\/","og_locale":"en_US","og_type":"article","og_title":"La Ch\u00e8vre d'Or brings renewed elegance above the Riviera - Monaco Tribune","og_description":"High above the C\u00f4te d'Azur, within the winding stone lanes of \u00c8ze Village, La Ch\u00e8vre d'Or remains one of the Riviera's most spectacular dining addresses.","og_url":"https:\/\/www.monaco-tribune.com\/en\/2026\/04\/la-chevre-dor-brings-renewed-elegance-above-the-riviera\/","og_site_name":"Monaco Tribune","article_publisher":"https:\/\/www.facebook.com\/MonacoTribune","article_published_time":"2026-04-29T08:47:23+00:00","article_modified_time":"2026-04-29T08:47:25+00:00","og_image":[{"width":1200,"height":800,"url":"https:\/\/www.monaco-tribune.com\/wp-content\/uploads\/2026\/04\/dinning-area-@photographedudimanche.jpg","type":"image\/jpeg"}],"author":"Actualit\u00e9 partenaires \/ Partner news","twitter_card":"summary_large_image","twitter_creator":"@MonacoTribune","twitter_site":"@MonacoTribune","schema":{"@context":"https:\/\/schema.org","@graph":[{"@type":"NewsArticle","@id":"https:\/\/www.monaco-tribune.com\/en\/2026\/04\/la-chevre-dor-brings-renewed-elegance-above-the-riviera\/#article","isPartOf":{"@id":"https:\/\/www.monaco-tribune.com\/en\/2026\/04\/la-chevre-dor-brings-renewed-elegance-above-the-riviera\/"},"author":{"name":"Actualit\u00e9 partenaires \/ Partner news","@id":"https:\/\/www.monaco-tribune.com\/en\/#\/schema\/person\/3ca095676705d1327a735ccbc80495e1"},"headline":"La Ch\u00e8vre d&#8217;Or brings renewed elegance above the Riviera","datePublished":"2026-04-29T08:47:23+00:00","dateModified":"2026-04-29T08:47:25+00:00","mainEntityOfPage":{"@id":"https:\/\/www.monaco-tribune.com\/en\/2026\/04\/la-chevre-dor-brings-renewed-elegance-above-the-riviera\/"},"wordCount":705,"publisher":{"@id":"https:\/\/www.monaco-tribune.com\/en\/#organization"},"image":{"@id":"https:\/\/www.monaco-tribune.com\/en\/2026\/04\/la-chevre-dor-brings-renewed-elegance-above-the-riviera\/#primaryimage"},"thumbnailUrl":"https:\/\/www.monaco-tribune.com\/wp-content\/uploads\/2026\/04\/dinning-area-@photographedudimanche.jpg","keywords":["Gastronomy"],"articleSection":["News","What&#039;s on"],"inLanguage":"en-US","copyrightYear":"2026","copyrightHolder":{"@id":"https:\/\/www.monaco-tribune.com\/#organization"}},{"@type":"WebPage","@id":"https:\/\/www.monaco-tribune.com\/en\/2026\/04\/la-chevre-dor-brings-renewed-elegance-above-the-riviera\/","url":"https:\/\/www.monaco-tribune.com\/en\/2026\/04\/la-chevre-dor-brings-renewed-elegance-above-the-riviera\/","name":"La Ch\u00e8vre d'Or brings renewed elegance above the Riviera","isPartOf":{"@id":"https:\/\/www.monaco-tribune.com\/en\/#website"},"primaryImageOfPage":{"@id":"https:\/\/www.monaco-tribune.com\/en\/2026\/04\/la-chevre-dor-brings-renewed-elegance-above-the-riviera\/#primaryimage"},"image":{"@id":"https:\/\/www.monaco-tribune.com\/en\/2026\/04\/la-chevre-dor-brings-renewed-elegance-above-the-riviera\/#primaryimage"},"thumbnailUrl":"https:\/\/www.monaco-tribune.com\/wp-content\/uploads\/2026\/04\/dinning-area-@photographedudimanche.jpg","datePublished":"2026-04-29T08:47:23+00:00","dateModified":"2026-04-29T08:47:25+00:00","description":"High above the C\u00f4te d'Azur, within the winding stone lanes of \u00c8ze Village, La Ch\u00e8vre d'Or remains one of the Riviera's most spectacular dining addresses.","breadcrumb":{"@id":"https:\/\/www.monaco-tribune.com\/en\/2026\/04\/la-chevre-dor-brings-renewed-elegance-above-the-riviera\/#breadcrumb"},"inLanguage":"en-US","potentialAction":[{"@type":"ReadAction","target":["https:\/\/www.monaco-tribune.com\/en\/2026\/04\/la-chevre-dor-brings-renewed-elegance-above-the-riviera\/"]}]},{"@type":"ImageObject","inLanguage":"en-US","@id":"https:\/\/www.monaco-tribune.com\/en\/2026\/04\/la-chevre-dor-brings-renewed-elegance-above-the-riviera\/#primaryimage","url":"https:\/\/www.monaco-tribune.com\/wp-content\/uploads\/2026\/04\/dinning-area-@photographedudimanche.jpg","contentUrl":"https:\/\/www.monaco-tribune.com\/wp-content\/uploads\/2026\/04\/dinning-area-@photographedudimanche.jpg","width":1200,"height":800,"caption":"Dinning area @photographedudimanche"},{"@type":"BreadcrumbList","@id":"https:\/\/www.monaco-tribune.com\/en\/2026\/04\/la-chevre-dor-brings-renewed-elegance-above-the-riviera\/#breadcrumb","itemListElement":[{"@type":"ListItem","position":1,"name":"Accueil","item":"https:\/\/www.monaco-tribune.com\/en\/"},{"@type":"ListItem","position":2,"name":"La Ch\u00e8vre d&rsquo;Or brings renewed elegance above the Riviera"}]},{"@type":"WebSite","@id":"https:\/\/www.monaco-tribune.com\/en\/#website","url":"https:\/\/www.monaco-tribune.com\/en\/","name":"Monaco Tribune","description":"Monaco : actualit\u00e9s \u00e9conomiques, politiques, culturelles et sportives de Monaco et de la French Riviera.","publisher":{"@id":"https:\/\/www.monaco-tribune.com\/en\/#organization"},"potentialAction":[{"@type":"SearchAction","target":{"@type":"EntryPoint","urlTemplate":"https:\/\/www.monaco-tribune.com\/en\/?s={search_term_string}"},"query-input":{"@type":"PropertyValueSpecification","valueRequired":true,"valueName":"search_term_string"}}],"inLanguage":"en-US"},{"@type":"Organization","@id":"https:\/\/www.monaco-tribune.com\/en\/#organization","name":"Monaco Tribune","url":"https:\/\/www.monaco-tribune.com\/en\/","logo":{"@type":"ImageObject","inLanguage":"en-US","@id":"https:\/\/www.monaco-tribune.com\/en\/#\/schema\/logo\/image\/","url":"https:\/\/www.monaco-tribune.com\/wp-content\/uploads\/2022\/11\/logo-monaco-tribune.png","contentUrl":"https:\/\/www.monaco-tribune.com\/wp-content\/uploads\/2022\/11\/logo-monaco-tribune.png","width":1548,"height":600,"caption":"Monaco Tribune"},"image":{"@id":"https:\/\/www.monaco-tribune.com\/en\/#\/schema\/logo\/image\/"},"sameAs":["https:\/\/www.facebook.com\/MonacoTribune","https:\/\/x.com\/MonacoTribune","https:\/\/www.instagram.com\/monacotribune\/","https:\/\/www.linkedin.com\/company\/monaco-tribune","https:\/\/www.youtube.com\/channel\/UCHle1MnG6hw1y4lWKijVbMA"]},{"@type":"Person","@id":"https:\/\/www.monaco-tribune.com\/en\/#\/schema\/person\/3ca095676705d1327a735ccbc80495e1","name":"Actualit\u00e9 partenaires \/ Partner news","image":{"@type":"ImageObject","inLanguage":"en-US","@id":"https:\/\/secure.gravatar.com\/avatar\/7a521d12829ff9828efa85c30429e0dec2373e385ef93099a42b964bceb29f66?s=96&d=mm&r=g","url":"https:\/\/secure.gravatar.com\/avatar\/7a521d12829ff9828efa85c30429e0dec2373e385ef93099a42b964bceb29f66?s=96&d=mm&r=g","contentUrl":"https:\/\/secure.gravatar.com\/avatar\/7a521d12829ff9828efa85c30429e0dec2373e385ef93099a42b964bceb29f66?s=96&d=mm&r=g","caption":"Actualit\u00e9 partenaires \/ Partner news"},"url":"https:\/\/www.monaco-tribune.com\/en\/author\/contenusponsorise\/"}]}},"_links":{"self":[{"href":"https:\/\/www.monaco-tribune.com\/en\/wp-json\/wp\/v2\/posts\/348090","targetHints":{"allow":["GET"]}}],"collection":[{"href":"https:\/\/www.monaco-tribune.com\/en\/wp-json\/wp\/v2\/posts"}],"about":[{"href":"https:\/\/www.monaco-tribune.com\/en\/wp-json\/wp\/v2\/types\/post"}],"author":[{"embeddable":true,"href":"https:\/\/www.monaco-tribune.com\/en\/wp-json\/wp\/v2\/users\/51"}],"replies":[{"embeddable":true,"href":"https:\/\/www.monaco-tribune.com\/en\/wp-json\/wp\/v2\/comments?post=348090"}],"version-history":[{"count":2,"href":"https:\/\/www.monaco-tribune.com\/en\/wp-json\/wp\/v2\/posts\/348090\/revisions"}],"predecessor-version":[{"id":348159,"href":"https:\/\/www.monaco-tribune.com\/en\/wp-json\/wp\/v2\/posts\/348090\/revisions\/348159"}],"wp:featuredmedia":[{"embeddable":true,"href":"https:\/\/www.monaco-tribune.com\/en\/wp-json\/wp\/v2\/media\/348126"}],"wp:attachment":[{"href":"https:\/\/www.monaco-tribune.com\/en\/wp-json\/wp\/v2\/media?parent=348090"}],"wp:term":[{"taxonomy":"category","embeddable":true,"href":"https:\/\/www.monaco-tribune.com\/en\/wp-json\/wp\/v2\/categories?post=348090"},{"taxonomy":"post_tag","embeddable":true,"href":"https:\/\/www.monaco-tribune.com\/en\/wp-json\/wp\/v2\/tags?post=348090"},{"taxonomy":"sectag","embeddable":true,"href":"https:\/\/www.monaco-tribune.com\/en\/wp-json\/wp\/v2\/post_sectags?post=348090"},{"taxonomy":"format","embeddable":true,"href":"https:\/\/www.monaco-tribune.com\/en\/wp-json\/wp\/v2\/post_format?post=348090"}],"curies":[{"name":"wp","href":"https:\/\/api.w.org\/{rel}","templated":true}]}}