{"id":36258,"date":"2020-09-03T16:35:54","date_gmt":"2020-09-03T14:35:54","guid":{"rendered":"https:\/\/www.monaco-tribune.com\/2020\/09\/planete-mediterranee-film-monacos-princely-family-discover-the-unknown-depths-of-the-mediterranean\/"},"modified":"2022-01-17T17:43:43","modified_gmt":"2022-01-17T16:43:43","slug":"planete-mediterranee-film-monacos-princely-family-discover-the-unknown-depths-of-the-mediterranean","status":"publish","type":"post","link":"https:\/\/www.monaco-tribune.com\/en\/2020\/09\/planete-mediterranee-film-monacos-princely-family-discover-the-unknown-depths-of-the-mediterranean\/","title":{"rendered":"&#8220;Plan\u00e8te M\u00e9diterran\u00e9e&#8221; film: Monaco&#8217;s princely family discovers the unknown depths of the Mediterranean"},"content":{"rendered":"\n<p><strong>Earlier this week Monaco&#8217;s princely family attended the premiere of \u201cPlan\u00e8te m\u00e9diterran\u00e9e\u201d, a documentary that follows a scientific expedition to the very bottom of the Mediterranean. The expedition shown in the film benefited from the support of the Prince Albert II of Monaco Foundation and of Monaco Explorations.<\/strong><\/p>\n\n\n\n<p>28 days. That\u2019s how long a team of four <a href=\"https:\/\/gombessa-expeditions.com\/en-gombessa-expeditions\/\">Gombessa Expedition<\/a> divers spent in a 5m<sup>2 <\/sup>underwater construction site at 13 bar pression, the amount of pressure equivalent to being 120m underwater. The Gombessa project is led by Laurent Ballesta, French biologist and director of the documentary, and focuses on studying \u201csome of the rarest, most elusive marine creatures and phenomena on Earth\u201d. After South Africa, the Antarctic and French Polynesia, the Gombessa Expedition team took to France to dive in little known areas of the <a href=\"https:\/\/www.monaco-tribune.com\/en\/category\/mediterranean\/\">Mediterranean<\/a>.<\/p>\n\n\n\n<h2 class=\"wp-block-heading\">Deep water scientific diving<\/h2>\n\n\n\n<p>Thanks to the pressurised cabin, the team could do a month of daily deep-water diving without having to undergo decompression stops. The expedition aimed to study the seabed and coral reefs where ecosystems little known to biologists proliferate. During this feat of underwater exploration, the &#8220;aquanauts&#8221; visited 21 sites between Marseille and Monaco.<\/p>\n\n\n\n<p>The project required two years of preparation and was conducted with the support of the <a href=\"https:\/\/www.monaco-tribune.com\/en\/2020\/05\/prince-albert-ii-and-his-passion-for-the-seas\/\">Prince Albert II of Monaco Foundation<\/a> and the Monaco Exploration Society. On September 1st, the Sovereign travelled to Ile Rousse, an island in Corsica, to attend the premiere of the documentary in the company of Princess Charlene and their twins.<\/p>\n\n\n\n<p>The documentary &#8220;Plan\u00e8te M\u00e9diterran\u00e9e&#8221; was filmed for Franco-German channel ARTE and will be broadcasted on 19 September at 8.50 pm CET. A free screening will also take place on 22 September at Monaco\u2019s Oceanographic Museum at 7 pm. Laurent Ballesta will be present at the screening to tell viewers more about the expedition. <a href=\"https:\/\/www.eventbrite.fr\/e\/billets-projection-du-documentaire-planete-mediterranee-de-laurent-ballesta-118598243539\">Tickets can be reserved until 15 September<\/a>.<\/p>\n\n\n\n<figure class=\"wp-block-embed-youtube aligncenter wp-block-embed is-type-video is-provider-youtube wp-embed-aspect-16-9 wp-has-aspect-ratio\"><div class=\"wp-block-embed__wrapper\">\n<iframe title=\"Teaser Plan\u00e8te M\u00e9diterran\u00e9e -  English version\" width=\"500\" height=\"281\" src=\"https:\/\/www.youtube.com\/embed\/DoZ4pozYKYc?start=37&#038;feature=oembed\" frameborder=\"0\" allow=\"accelerometer; autoplay; clipboard-write; encrypted-media; gyroscope; picture-in-picture; web-share\" referrerpolicy=\"strict-origin-when-cross-origin\" allowfullscreen><\/iframe>\n<\/div><\/figure>\n","protected":false},"excerpt":{"rendered":"<p>Earlier this week Monaco&#8217;s princely family attended the premiere of \u201cPlan\u00e8te m\u00e9diterran\u00e9e\u201d, a documentary that follows a scientific expedition to [&hellip;]<\/p>\n","protected":false},"author":33,"featured_media":36224,"comment_status":"closed","ping_status":"open","sticky":false,"template":"","format":"standard","meta":{"_acf_changed":false,"footnotes":""},"categories":[1825,1837,243],"tags":[831,3203],"post_sectags":[],"post_format":[2465],"class_list":["post-36258","post","type-post","status-publish","format-standard","has-post-thumbnail","hentry","category-editors-choice","category-environment","category-news","tag-cinema","tag-princes-foundation","format-in-brief"],"acf":[],"yoast_head":"<!-- This site is optimized with the Yoast SEO Premium plugin v26.8 (Yoast SEO v27.5) - https:\/\/yoast.com\/product\/yoast-seo-premium-wordpress\/ -->\n<title>&quot;Plan\u00e8te M\u00e9diterran\u00e9e&quot; film: Monaco&#039;s princely family discovers the unknown depths of the Mediterranean<\/title>\n<meta name=\"description\" content=\"Earlier this week Monaco&#039;s princely family attended the premiere of \u201cPlan\u00e8te m\u00e9diterran\u00e9e\u201d, a documentary that follows a scientific expedition to the very\" \/>\n<meta name=\"robots\" content=\"index, follow, max-snippet:-1, max-image-preview:large, max-video-preview:-1\" \/>\n<link rel=\"canonical\" href=\"https:\/\/www.monaco-tribune.com\/en\/2020\/09\/planete-mediterranee-film-monacos-princely-family-discover-the-unknown-depths-of-the-mediterranean\/\" \/>\n<meta property=\"og:locale\" content=\"en_US\" \/>\n<meta property=\"og:type\" content=\"article\" \/>\n<meta property=\"og:title\" content=\"&quot;Plan\u00e8te M\u00e9diterran\u00e9e&quot; film: Monaco&#039;s princely family discovers the unknown depths of the Mediterranean - Monaco Tribune\" \/>\n<meta property=\"og:description\" content=\"Earlier this week Monaco&#039;s princely family attended the premiere of \u201cPlan\u00e8te m\u00e9diterran\u00e9e\u201d, a documentary that follows a scientific expedition to the very\" \/>\n<meta property=\"og:url\" content=\"https:\/\/www.monaco-tribune.com\/en\/2020\/09\/planete-mediterranee-film-monacos-princely-family-discover-the-unknown-depths-of-the-mediterranean\/\" \/>\n<meta property=\"og:site_name\" content=\"Monaco Tribune\" \/>\n<meta property=\"article:publisher\" content=\"https:\/\/www.facebook.com\/MonacoTribune\" \/>\n<meta property=\"article:published_time\" content=\"2020-09-03T14:35:54+00:00\" \/>\n<meta property=\"article:modified_time\" content=\"2022-01-17T16:43:43+00:00\" \/>\n<meta property=\"og:image\" content=\"https:\/\/www.monaco-tribune.com\/wp-content\/uploads\/2020\/09\/documentaire-expedition-monaco-gambessa1.jpg\" \/>\n\t<meta property=\"og:image:width\" content=\"1895\" \/>\n\t<meta property=\"og:image:height\" content=\"1463\" \/>\n\t<meta property=\"og:image:type\" content=\"image\/jpeg\" \/>\n<meta name=\"author\" content=\"Lola Senoble\" \/>\n<meta name=\"twitter:card\" content=\"summary_large_image\" \/>\n<meta name=\"twitter:creator\" content=\"@MonacoTribune\" \/>\n<meta name=\"twitter:site\" content=\"@MonacoTribune\" \/>\n<script type=\"application\/ld+json\" class=\"yoast-schema-graph\">{\"@context\":\"https:\\\/\\\/schema.org\",\"@graph\":[{\"@type\":\"NewsArticle\",\"@id\":\"https:\\\/\\\/www.monaco-tribune.com\\\/en\\\/2020\\\/09\\\/planete-mediterranee-film-monacos-princely-family-discover-the-unknown-depths-of-the-mediterranean\\\/#article\",\"isPartOf\":{\"@id\":\"https:\\\/\\\/www.monaco-tribune.com\\\/en\\\/2020\\\/09\\\/planete-mediterranee-film-monacos-princely-family-discover-the-unknown-depths-of-the-mediterranean\\\/\"},\"author\":{\"name\":\"Lola Senoble\",\"@id\":\"https:\\\/\\\/www.monaco-tribune.com\\\/en\\\/#\\\/schema\\\/person\\\/10603f39d06463e013e339670c36bea3\"},\"headline\":\"&#8220;Plan\u00e8te M\u00e9diterran\u00e9e&#8221; film: Monaco&#8217;s princely family discovers the unknown depths of the Mediterranean\",\"datePublished\":\"2020-09-03T14:35:54+00:00\",\"dateModified\":\"2022-01-17T16:43:43+00:00\",\"mainEntityOfPage\":{\"@id\":\"https:\\\/\\\/www.monaco-tribune.com\\\/en\\\/2020\\\/09\\\/planete-mediterranee-film-monacos-princely-family-discover-the-unknown-depths-of-the-mediterranean\\\/\"},\"wordCount\":336,\"publisher\":{\"@id\":\"https:\\\/\\\/www.monaco-tribune.com\\\/en\\\/#organization\"},\"image\":{\"@id\":\"https:\\\/\\\/www.monaco-tribune.com\\\/en\\\/2020\\\/09\\\/planete-mediterranee-film-monacos-princely-family-discover-the-unknown-depths-of-the-mediterranean\\\/#primaryimage\"},\"thumbnailUrl\":\"https:\\\/\\\/www.monaco-tribune.com\\\/wp-content\\\/uploads\\\/2020\\\/09\\\/documentaire-expedition-monaco-gambessa1.jpg\",\"keywords\":[\"Cinema\",\"Prince's Foundation\"],\"articleSection\":[\"Editor&#039;s choice\",\"Environment\",\"News\"],\"inLanguage\":\"en-US\",\"copyrightYear\":\"2020\",\"copyrightHolder\":{\"@id\":\"https:\\\/\\\/www.monaco-tribune.com\\\/#organization\"}},{\"@type\":\"WebPage\",\"@id\":\"https:\\\/\\\/www.monaco-tribune.com\\\/en\\\/2020\\\/09\\\/planete-mediterranee-film-monacos-princely-family-discover-the-unknown-depths-of-the-mediterranean\\\/\",\"url\":\"https:\\\/\\\/www.monaco-tribune.com\\\/en\\\/2020\\\/09\\\/planete-mediterranee-film-monacos-princely-family-discover-the-unknown-depths-of-the-mediterranean\\\/\",\"name\":\"\\\"Plan\u00e8te M\u00e9diterran\u00e9e\\\" film: Monaco's princely family discovers the unknown depths of the Mediterranean\",\"isPartOf\":{\"@id\":\"https:\\\/\\\/www.monaco-tribune.com\\\/en\\\/#website\"},\"primaryImageOfPage\":{\"@id\":\"https:\\\/\\\/www.monaco-tribune.com\\\/en\\\/2020\\\/09\\\/planete-mediterranee-film-monacos-princely-family-discover-the-unknown-depths-of-the-mediterranean\\\/#primaryimage\"},\"image\":{\"@id\":\"https:\\\/\\\/www.monaco-tribune.com\\\/en\\\/2020\\\/09\\\/planete-mediterranee-film-monacos-princely-family-discover-the-unknown-depths-of-the-mediterranean\\\/#primaryimage\"},\"thumbnailUrl\":\"https:\\\/\\\/www.monaco-tribune.com\\\/wp-content\\\/uploads\\\/2020\\\/09\\\/documentaire-expedition-monaco-gambessa1.jpg\",\"datePublished\":\"2020-09-03T14:35:54+00:00\",\"dateModified\":\"2022-01-17T16:43:43+00:00\",\"description\":\"Earlier this week Monaco's princely family attended the premiere of \u201cPlan\u00e8te m\u00e9diterran\u00e9e\u201d, a documentary that follows a scientific expedition to the very\",\"breadcrumb\":{\"@id\":\"https:\\\/\\\/www.monaco-tribune.com\\\/en\\\/2020\\\/09\\\/planete-mediterranee-film-monacos-princely-family-discover-the-unknown-depths-of-the-mediterranean\\\/#breadcrumb\"},\"inLanguage\":\"en-US\",\"potentialAction\":[{\"@type\":\"ReadAction\",\"target\":[\"https:\\\/\\\/www.monaco-tribune.com\\\/en\\\/2020\\\/09\\\/planete-mediterranee-film-monacos-princely-family-discover-the-unknown-depths-of-the-mediterranean\\\/\"]}]},{\"@type\":\"ImageObject\",\"inLanguage\":\"en-US\",\"@id\":\"https:\\\/\\\/www.monaco-tribune.com\\\/en\\\/2020\\\/09\\\/planete-mediterranee-film-monacos-princely-family-discover-the-unknown-depths-of-the-mediterranean\\\/#primaryimage\",\"url\":\"https:\\\/\\\/www.monaco-tribune.com\\\/wp-content\\\/uploads\\\/2020\\\/09\\\/documentaire-expedition-monaco-gambessa1.jpg\",\"contentUrl\":\"https:\\\/\\\/www.monaco-tribune.com\\\/wp-content\\\/uploads\\\/2020\\\/09\\\/documentaire-expedition-monaco-gambessa1.jpg\",\"width\":1895,\"height\":1463,\"caption\":\"Prince Albert II of Monaco Foundation\"},{\"@type\":\"BreadcrumbList\",\"@id\":\"https:\\\/\\\/www.monaco-tribune.com\\\/en\\\/2020\\\/09\\\/planete-mediterranee-film-monacos-princely-family-discover-the-unknown-depths-of-the-mediterranean\\\/#breadcrumb\",\"itemListElement\":[{\"@type\":\"ListItem\",\"position\":1,\"name\":\"Accueil\",\"item\":\"https:\\\/\\\/www.monaco-tribune.com\\\/en\\\/\"},{\"@type\":\"ListItem\",\"position\":2,\"name\":\"\u00ab\u00a0Plan\u00e8te M\u00e9diterran\u00e9e\u00a0\u00bb film: Monaco&rsquo;s princely family discovers the unknown depths of the Mediterranean\"}]},{\"@type\":\"WebSite\",\"@id\":\"https:\\\/\\\/www.monaco-tribune.com\\\/en\\\/#website\",\"url\":\"https:\\\/\\\/www.monaco-tribune.com\\\/en\\\/\",\"name\":\"Monaco Tribune\",\"description\":\"Monaco : actualit\u00e9s \u00e9conomiques, politiques, culturelles et sportives de Monaco et de la French Riviera.\",\"publisher\":{\"@id\":\"https:\\\/\\\/www.monaco-tribune.com\\\/en\\\/#organization\"},\"potentialAction\":[{\"@type\":\"SearchAction\",\"target\":{\"@type\":\"EntryPoint\",\"urlTemplate\":\"https:\\\/\\\/www.monaco-tribune.com\\\/en\\\/?s={search_term_string}\"},\"query-input\":{\"@type\":\"PropertyValueSpecification\",\"valueRequired\":true,\"valueName\":\"search_term_string\"}}],\"inLanguage\":\"en-US\"},{\"@type\":\"Organization\",\"@id\":\"https:\\\/\\\/www.monaco-tribune.com\\\/en\\\/#organization\",\"name\":\"Monaco Tribune\",\"url\":\"https:\\\/\\\/www.monaco-tribune.com\\\/en\\\/\",\"logo\":{\"@type\":\"ImageObject\",\"inLanguage\":\"en-US\",\"@id\":\"https:\\\/\\\/www.monaco-tribune.com\\\/en\\\/#\\\/schema\\\/logo\\\/image\\\/\",\"url\":\"https:\\\/\\\/www.monaco-tribune.com\\\/wp-content\\\/uploads\\\/2022\\\/11\\\/logo-monaco-tribune.png\",\"contentUrl\":\"https:\\\/\\\/www.monaco-tribune.com\\\/wp-content\\\/uploads\\\/2022\\\/11\\\/logo-monaco-tribune.png\",\"width\":1548,\"height\":600,\"caption\":\"Monaco Tribune\"},\"image\":{\"@id\":\"https:\\\/\\\/www.monaco-tribune.com\\\/en\\\/#\\\/schema\\\/logo\\\/image\\\/\"},\"sameAs\":[\"https:\\\/\\\/www.facebook.com\\\/MonacoTribune\",\"https:\\\/\\\/x.com\\\/MonacoTribune\",\"https:\\\/\\\/www.instagram.com\\\/monacotribune\\\/\",\"https:\\\/\\\/www.linkedin.com\\\/company\\\/monaco-tribune\",\"https:\\\/\\\/www.youtube.com\\\/channel\\\/UCHle1MnG6hw1y4lWKijVbMA\"]},{\"@type\":\"Person\",\"@id\":\"https:\\\/\\\/www.monaco-tribune.com\\\/en\\\/#\\\/schema\\\/person\\\/10603f39d06463e013e339670c36bea3\",\"name\":\"Lola Senoble\",\"image\":{\"@type\":\"ImageObject\",\"inLanguage\":\"en-US\",\"@id\":\"https:\\\/\\\/secure.gravatar.com\\\/avatar\\\/48d557f5142df87422d94c862ef0f4177361c443286157fc3838180d4d313fa1?s=96&d=mm&r=g\",\"url\":\"https:\\\/\\\/secure.gravatar.com\\\/avatar\\\/48d557f5142df87422d94c862ef0f4177361c443286157fc3838180d4d313fa1?s=96&d=mm&r=g\",\"contentUrl\":\"https:\\\/\\\/secure.gravatar.com\\\/avatar\\\/48d557f5142df87422d94c862ef0f4177361c443286157fc3838180d4d313fa1?s=96&d=mm&r=g\",\"caption\":\"Lola Senoble\"},\"url\":\"https:\\\/\\\/www.monaco-tribune.com\\\/en\\\/author\\\/lola-senoble\\\/\"}]}<\/script>\n<!-- \/ Yoast SEO Premium plugin. -->","yoast_head_json":{"title":"\"Plan\u00e8te M\u00e9diterran\u00e9e\" film: Monaco's princely family discovers the unknown depths of the Mediterranean","description":"Earlier this week Monaco's princely family attended the premiere of \u201cPlan\u00e8te m\u00e9diterran\u00e9e\u201d, a documentary that follows a scientific expedition to the very","robots":{"index":"index","follow":"follow","max-snippet":"max-snippet:-1","max-image-preview":"max-image-preview:large","max-video-preview":"max-video-preview:-1"},"canonical":"https:\/\/www.monaco-tribune.com\/en\/2020\/09\/planete-mediterranee-film-monacos-princely-family-discover-the-unknown-depths-of-the-mediterranean\/","og_locale":"en_US","og_type":"article","og_title":"\"Plan\u00e8te M\u00e9diterran\u00e9e\" film: Monaco's princely family discovers the unknown depths of the Mediterranean - Monaco Tribune","og_description":"Earlier this week Monaco's princely family attended the premiere of \u201cPlan\u00e8te m\u00e9diterran\u00e9e\u201d, a documentary that follows a scientific expedition to the very","og_url":"https:\/\/www.monaco-tribune.com\/en\/2020\/09\/planete-mediterranee-film-monacos-princely-family-discover-the-unknown-depths-of-the-mediterranean\/","og_site_name":"Monaco Tribune","article_publisher":"https:\/\/www.facebook.com\/MonacoTribune","article_published_time":"2020-09-03T14:35:54+00:00","article_modified_time":"2022-01-17T16:43:43+00:00","og_image":[{"width":1895,"height":1463,"url":"https:\/\/www.monaco-tribune.com\/wp-content\/uploads\/2020\/09\/documentaire-expedition-monaco-gambessa1.jpg","type":"image\/jpeg"}],"author":"Lola Senoble","twitter_card":"summary_large_image","twitter_creator":"@MonacoTribune","twitter_site":"@MonacoTribune","schema":{"@context":"https:\/\/schema.org","@graph":[{"@type":"NewsArticle","@id":"https:\/\/www.monaco-tribune.com\/en\/2020\/09\/planete-mediterranee-film-monacos-princely-family-discover-the-unknown-depths-of-the-mediterranean\/#article","isPartOf":{"@id":"https:\/\/www.monaco-tribune.com\/en\/2020\/09\/planete-mediterranee-film-monacos-princely-family-discover-the-unknown-depths-of-the-mediterranean\/"},"author":{"name":"Lola Senoble","@id":"https:\/\/www.monaco-tribune.com\/en\/#\/schema\/person\/10603f39d06463e013e339670c36bea3"},"headline":"&#8220;Plan\u00e8te M\u00e9diterran\u00e9e&#8221; film: Monaco&#8217;s princely family discovers the unknown depths of the Mediterranean","datePublished":"2020-09-03T14:35:54+00:00","dateModified":"2022-01-17T16:43:43+00:00","mainEntityOfPage":{"@id":"https:\/\/www.monaco-tribune.com\/en\/2020\/09\/planete-mediterranee-film-monacos-princely-family-discover-the-unknown-depths-of-the-mediterranean\/"},"wordCount":336,"publisher":{"@id":"https:\/\/www.monaco-tribune.com\/en\/#organization"},"image":{"@id":"https:\/\/www.monaco-tribune.com\/en\/2020\/09\/planete-mediterranee-film-monacos-princely-family-discover-the-unknown-depths-of-the-mediterranean\/#primaryimage"},"thumbnailUrl":"https:\/\/www.monaco-tribune.com\/wp-content\/uploads\/2020\/09\/documentaire-expedition-monaco-gambessa1.jpg","keywords":["Cinema","Prince's Foundation"],"articleSection":["Editor&#039;s choice","Environment","News"],"inLanguage":"en-US","copyrightYear":"2020","copyrightHolder":{"@id":"https:\/\/www.monaco-tribune.com\/#organization"}},{"@type":"WebPage","@id":"https:\/\/www.monaco-tribune.com\/en\/2020\/09\/planete-mediterranee-film-monacos-princely-family-discover-the-unknown-depths-of-the-mediterranean\/","url":"https:\/\/www.monaco-tribune.com\/en\/2020\/09\/planete-mediterranee-film-monacos-princely-family-discover-the-unknown-depths-of-the-mediterranean\/","name":"\"Plan\u00e8te M\u00e9diterran\u00e9e\" film: Monaco's princely family discovers the unknown depths of the Mediterranean","isPartOf":{"@id":"https:\/\/www.monaco-tribune.com\/en\/#website"},"primaryImageOfPage":{"@id":"https:\/\/www.monaco-tribune.com\/en\/2020\/09\/planete-mediterranee-film-monacos-princely-family-discover-the-unknown-depths-of-the-mediterranean\/#primaryimage"},"image":{"@id":"https:\/\/www.monaco-tribune.com\/en\/2020\/09\/planete-mediterranee-film-monacos-princely-family-discover-the-unknown-depths-of-the-mediterranean\/#primaryimage"},"thumbnailUrl":"https:\/\/www.monaco-tribune.com\/wp-content\/uploads\/2020\/09\/documentaire-expedition-monaco-gambessa1.jpg","datePublished":"2020-09-03T14:35:54+00:00","dateModified":"2022-01-17T16:43:43+00:00","description":"Earlier this week Monaco's princely family attended the premiere of \u201cPlan\u00e8te m\u00e9diterran\u00e9e\u201d, a documentary that follows a scientific expedition to the very","breadcrumb":{"@id":"https:\/\/www.monaco-tribune.com\/en\/2020\/09\/planete-mediterranee-film-monacos-princely-family-discover-the-unknown-depths-of-the-mediterranean\/#breadcrumb"},"inLanguage":"en-US","potentialAction":[{"@type":"ReadAction","target":["https:\/\/www.monaco-tribune.com\/en\/2020\/09\/planete-mediterranee-film-monacos-princely-family-discover-the-unknown-depths-of-the-mediterranean\/"]}]},{"@type":"ImageObject","inLanguage":"en-US","@id":"https:\/\/www.monaco-tribune.com\/en\/2020\/09\/planete-mediterranee-film-monacos-princely-family-discover-the-unknown-depths-of-the-mediterranean\/#primaryimage","url":"https:\/\/www.monaco-tribune.com\/wp-content\/uploads\/2020\/09\/documentaire-expedition-monaco-gambessa1.jpg","contentUrl":"https:\/\/www.monaco-tribune.com\/wp-content\/uploads\/2020\/09\/documentaire-expedition-monaco-gambessa1.jpg","width":1895,"height":1463,"caption":"Prince Albert II of Monaco Foundation"},{"@type":"BreadcrumbList","@id":"https:\/\/www.monaco-tribune.com\/en\/2020\/09\/planete-mediterranee-film-monacos-princely-family-discover-the-unknown-depths-of-the-mediterranean\/#breadcrumb","itemListElement":[{"@type":"ListItem","position":1,"name":"Accueil","item":"https:\/\/www.monaco-tribune.com\/en\/"},{"@type":"ListItem","position":2,"name":"\u00ab\u00a0Plan\u00e8te M\u00e9diterran\u00e9e\u00a0\u00bb film: Monaco&rsquo;s princely family discovers the unknown depths of the Mediterranean"}]},{"@type":"WebSite","@id":"https:\/\/www.monaco-tribune.com\/en\/#website","url":"https:\/\/www.monaco-tribune.com\/en\/","name":"Monaco Tribune","description":"Monaco : actualit\u00e9s \u00e9conomiques, politiques, culturelles et sportives de Monaco et de la French Riviera.","publisher":{"@id":"https:\/\/www.monaco-tribune.com\/en\/#organization"},"potentialAction":[{"@type":"SearchAction","target":{"@type":"EntryPoint","urlTemplate":"https:\/\/www.monaco-tribune.com\/en\/?s={search_term_string}"},"query-input":{"@type":"PropertyValueSpecification","valueRequired":true,"valueName":"search_term_string"}}],"inLanguage":"en-US"},{"@type":"Organization","@id":"https:\/\/www.monaco-tribune.com\/en\/#organization","name":"Monaco Tribune","url":"https:\/\/www.monaco-tribune.com\/en\/","logo":{"@type":"ImageObject","inLanguage":"en-US","@id":"https:\/\/www.monaco-tribune.com\/en\/#\/schema\/logo\/image\/","url":"https:\/\/www.monaco-tribune.com\/wp-content\/uploads\/2022\/11\/logo-monaco-tribune.png","contentUrl":"https:\/\/www.monaco-tribune.com\/wp-content\/uploads\/2022\/11\/logo-monaco-tribune.png","width":1548,"height":600,"caption":"Monaco Tribune"},"image":{"@id":"https:\/\/www.monaco-tribune.com\/en\/#\/schema\/logo\/image\/"},"sameAs":["https:\/\/www.facebook.com\/MonacoTribune","https:\/\/x.com\/MonacoTribune","https:\/\/www.instagram.com\/monacotribune\/","https:\/\/www.linkedin.com\/company\/monaco-tribune","https:\/\/www.youtube.com\/channel\/UCHle1MnG6hw1y4lWKijVbMA"]},{"@type":"Person","@id":"https:\/\/www.monaco-tribune.com\/en\/#\/schema\/person\/10603f39d06463e013e339670c36bea3","name":"Lola Senoble","image":{"@type":"ImageObject","inLanguage":"en-US","@id":"https:\/\/secure.gravatar.com\/avatar\/48d557f5142df87422d94c862ef0f4177361c443286157fc3838180d4d313fa1?s=96&d=mm&r=g","url":"https:\/\/secure.gravatar.com\/avatar\/48d557f5142df87422d94c862ef0f4177361c443286157fc3838180d4d313fa1?s=96&d=mm&r=g","contentUrl":"https:\/\/secure.gravatar.com\/avatar\/48d557f5142df87422d94c862ef0f4177361c443286157fc3838180d4d313fa1?s=96&d=mm&r=g","caption":"Lola Senoble"},"url":"https:\/\/www.monaco-tribune.com\/en\/author\/lola-senoble\/"}]}},"_links":{"self":[{"href":"https:\/\/www.monaco-tribune.com\/en\/wp-json\/wp\/v2\/posts\/36258","targetHints":{"allow":["GET"]}}],"collection":[{"href":"https:\/\/www.monaco-tribune.com\/en\/wp-json\/wp\/v2\/posts"}],"about":[{"href":"https:\/\/www.monaco-tribune.com\/en\/wp-json\/wp\/v2\/types\/post"}],"author":[{"embeddable":true,"href":"https:\/\/www.monaco-tribune.com\/en\/wp-json\/wp\/v2\/users\/33"}],"replies":[{"embeddable":true,"href":"https:\/\/www.monaco-tribune.com\/en\/wp-json\/wp\/v2\/comments?post=36258"}],"version-history":[{"count":0,"href":"https:\/\/www.monaco-tribune.com\/en\/wp-json\/wp\/v2\/posts\/36258\/revisions"}],"wp:featuredmedia":[{"embeddable":true,"href":"https:\/\/www.monaco-tribune.com\/en\/wp-json\/wp\/v2\/media\/36224"}],"wp:attachment":[{"href":"https:\/\/www.monaco-tribune.com\/en\/wp-json\/wp\/v2\/media?parent=36258"}],"wp:term":[{"taxonomy":"category","embeddable":true,"href":"https:\/\/www.monaco-tribune.com\/en\/wp-json\/wp\/v2\/categories?post=36258"},{"taxonomy":"post_tag","embeddable":true,"href":"https:\/\/www.monaco-tribune.com\/en\/wp-json\/wp\/v2\/tags?post=36258"},{"taxonomy":"sectag","embeddable":true,"href":"https:\/\/www.monaco-tribune.com\/en\/wp-json\/wp\/v2\/post_sectags?post=36258"},{"taxonomy":"format","embeddable":true,"href":"https:\/\/www.monaco-tribune.com\/en\/wp-json\/wp\/v2\/post_format?post=36258"}],"curies":[{"name":"wp","href":"https:\/\/api.w.org\/{rel}","templated":true}]}}