{"id":36823,"date":"2020-09-11T15:56:34","date_gmt":"2020-09-11T13:56:34","guid":{"rendered":"https:\/\/www.monaco-tribune.com\/2020\/09\/as-monacos-vp-oleg-petrov-elected-to-lfp-board\/"},"modified":"2020-09-13T17:21:32","modified_gmt":"2020-09-13T15:21:32","slug":"as-monacos-vp-oleg-petrov-elected-to-lfp-board","status":"publish","type":"post","link":"https:\/\/www.monaco-tribune.com\/en\/2020\/09\/as-monacos-vp-oleg-petrov-elected-to-lfp-board\/","title":{"rendered":"AS Monaco&#8217;s VP Oleg Petrov elected to LFP board"},"content":{"rendered":"\n<p><strong>On Thursday 10 September, AS Monaco&#8217;s Vice-President Oleg Petrov was elected to the French Professional Football League\u2019s (LFP) Board of Directors. In a surprise turn of events, former manager of Olympique de Marseille Vincent Labrune was appointed LFP president. Michel Denisot, TV host and former manager of Paris Saint-Germain, was the favourite for the position.<\/strong><\/p>\n\n\n\n<p>The Professional Football League (Ligue de Football Professionnel) is the governing body that runs France\u2019s major football leagues. Following the announcement of Vincent Labrune as LFP president, three other Ligue 1 managers were added to the LFP\u2019s Board of Directors. Among them is Oleg Petrov, Vice-President and CEO of AS Monaco.\r\n\r\n&#8220;I am very happy to be part of the Board of Directors of the LFP. I thank the club presidents for their confidence in me,&#8221; he commented. \u201cThis is of course an important moment for AS Monaco. I will do everything possible to help our league meet the challenges that arise, to work in the collective interest, and to continue the remarkable development the league has made in recent years and to contribute to the influence of Ligue 1 internationally,&#8221; he added.<\/p>\n\n\n\n<p>At the head of AS Monaco <a href=\"https:\/\/www.monaco-tribune.com\/en\/2019\/02\/oleg-petrov-officially-named-general-director-of-as-monaco\/\">since his appointment in February 2019<\/a>, Petrov will join other elite football managers also elected to the LFP, including Nasser El Khela\u00effi (Paris Saint-Germain), Jean-Pierre Caillot (Reims), Jacques-Henri Eyraud (Olympique de Marseille), Lo\u00efc F\u00e9ry (FC Lorient), Waldemar Kita (FC Nantes), Laurent Nicollin (Montpellier HSC) and Jean-Pierre Riv\u00e8re (OGC Nice).<\/p>\n","protected":false},"excerpt":{"rendered":"<p>On Thursday 10 September, AS Monaco&#8217;s Vice-President Oleg Petrov was elected to the French Professional Football League\u2019s (LFP) Board of [&hellip;]<\/p>\n","protected":false},"author":24,"featured_media":36754,"comment_status":"closed","ping_status":"closed","sticky":false,"template":"","format":"standard","meta":{"_acf_changed":false,"footnotes":""},"categories":[243,257],"tags":[2821],"post_sectags":[],"post_format":[2465],"class_list":["post-36823","post","type-post","status-publish","format-standard","has-post-thumbnail","hentry","category-news","category-sports-en","tag-as-monaco-en-2","format-in-brief"],"acf":[],"yoast_head":"<!-- This site is optimized with the Yoast SEO Premium plugin v26.8 (Yoast SEO v27.5) - https:\/\/yoast.com\/product\/yoast-seo-premium-wordpress\/ -->\n<title>AS Monaco&#039;s VP Oleg Petrov elected to LFP board<\/title>\n<meta name=\"description\" content=\"On Thursday 10 September, AS Monaco&#039;s Vice-President Oleg Petrov was elected to the French Professional Football League\u2019s (LFP) Board of Directors. In a\" \/>\n<meta name=\"robots\" content=\"index, follow, max-snippet:-1, max-image-preview:large, max-video-preview:-1\" \/>\n<link rel=\"canonical\" href=\"https:\/\/www.monaco-tribune.com\/en\/2020\/09\/as-monacos-vp-oleg-petrov-elected-to-lfp-board\/\" \/>\n<meta property=\"og:locale\" content=\"en_US\" \/>\n<meta property=\"og:type\" content=\"article\" \/>\n<meta property=\"og:title\" content=\"AS Monaco&#039;s VP Oleg Petrov elected to LFP board - Monaco Tribune\" \/>\n<meta property=\"og:description\" content=\"On Thursday 10 September, AS Monaco&#039;s Vice-President Oleg Petrov was elected to the French Professional Football League\u2019s (LFP) Board of Directors. In a\" \/>\n<meta property=\"og:url\" content=\"https:\/\/www.monaco-tribune.com\/en\/2020\/09\/as-monacos-vp-oleg-petrov-elected-to-lfp-board\/\" \/>\n<meta property=\"og:site_name\" content=\"Monaco Tribune\" \/>\n<meta property=\"article:publisher\" content=\"https:\/\/www.facebook.com\/MonacoTribune\" \/>\n<meta property=\"article:published_time\" content=\"2020-09-11T13:56:34+00:00\" \/>\n<meta property=\"article:modified_time\" content=\"2020-09-13T15:21:32+00:00\" \/>\n<meta property=\"og:image\" content=\"https:\/\/www.monaco-tribune.com\/wp-content\/uploads\/2020\/09\/oleg-petrov-min.jpg\" \/>\n\t<meta property=\"og:image:width\" content=\"1160\" \/>\n\t<meta property=\"og:image:height\" content=\"650\" \/>\n\t<meta property=\"og:image:type\" content=\"image\/jpeg\" \/>\n<meta name=\"author\" content=\"Romain Boisaubert\" \/>\n<meta name=\"twitter:card\" content=\"summary_large_image\" \/>\n<meta name=\"twitter:creator\" content=\"@MonacoTribune\" \/>\n<meta name=\"twitter:site\" content=\"@MonacoTribune\" \/>\n<script type=\"application\/ld+json\" class=\"yoast-schema-graph\">{\"@context\":\"https:\\\/\\\/schema.org\",\"@graph\":[{\"@type\":\"NewsArticle\",\"@id\":\"https:\\\/\\\/www.monaco-tribune.com\\\/en\\\/2020\\\/09\\\/as-monacos-vp-oleg-petrov-elected-to-lfp-board\\\/#article\",\"isPartOf\":{\"@id\":\"https:\\\/\\\/www.monaco-tribune.com\\\/en\\\/2020\\\/09\\\/as-monacos-vp-oleg-petrov-elected-to-lfp-board\\\/\"},\"author\":{\"name\":\"Romain Boisaubert\",\"@id\":\"https:\\\/\\\/www.monaco-tribune.com\\\/en\\\/#\\\/schema\\\/person\\\/330a3732947cf8cb41b2533a0eadd62e\"},\"headline\":\"AS Monaco&#8217;s VP Oleg Petrov elected to LFP board\",\"datePublished\":\"2020-09-11T13:56:34+00:00\",\"dateModified\":\"2020-09-13T15:21:32+00:00\",\"mainEntityOfPage\":{\"@id\":\"https:\\\/\\\/www.monaco-tribune.com\\\/en\\\/2020\\\/09\\\/as-monacos-vp-oleg-petrov-elected-to-lfp-board\\\/\"},\"wordCount\":257,\"publisher\":{\"@id\":\"https:\\\/\\\/www.monaco-tribune.com\\\/en\\\/#organization\"},\"image\":{\"@id\":\"https:\\\/\\\/www.monaco-tribune.com\\\/en\\\/2020\\\/09\\\/as-monacos-vp-oleg-petrov-elected-to-lfp-board\\\/#primaryimage\"},\"thumbnailUrl\":\"https:\\\/\\\/www.monaco-tribune.com\\\/wp-content\\\/uploads\\\/2020\\\/09\\\/oleg-petrov-min.jpg\",\"keywords\":[\"AS Monaco\"],\"articleSection\":[\"News\",\"Sports\"],\"inLanguage\":\"en-US\",\"copyrightYear\":\"2020\",\"copyrightHolder\":{\"@id\":\"https:\\\/\\\/www.monaco-tribune.com\\\/#organization\"}},{\"@type\":\"WebPage\",\"@id\":\"https:\\\/\\\/www.monaco-tribune.com\\\/en\\\/2020\\\/09\\\/as-monacos-vp-oleg-petrov-elected-to-lfp-board\\\/\",\"url\":\"https:\\\/\\\/www.monaco-tribune.com\\\/en\\\/2020\\\/09\\\/as-monacos-vp-oleg-petrov-elected-to-lfp-board\\\/\",\"name\":\"AS Monaco's VP Oleg Petrov elected to LFP board\",\"isPartOf\":{\"@id\":\"https:\\\/\\\/www.monaco-tribune.com\\\/en\\\/#website\"},\"primaryImageOfPage\":{\"@id\":\"https:\\\/\\\/www.monaco-tribune.com\\\/en\\\/2020\\\/09\\\/as-monacos-vp-oleg-petrov-elected-to-lfp-board\\\/#primaryimage\"},\"image\":{\"@id\":\"https:\\\/\\\/www.monaco-tribune.com\\\/en\\\/2020\\\/09\\\/as-monacos-vp-oleg-petrov-elected-to-lfp-board\\\/#primaryimage\"},\"thumbnailUrl\":\"https:\\\/\\\/www.monaco-tribune.com\\\/wp-content\\\/uploads\\\/2020\\\/09\\\/oleg-petrov-min.jpg\",\"datePublished\":\"2020-09-11T13:56:34+00:00\",\"dateModified\":\"2020-09-13T15:21:32+00:00\",\"description\":\"On Thursday 10 September, AS Monaco's Vice-President Oleg Petrov was elected to the French Professional Football League\u2019s (LFP) Board of Directors. In a\",\"breadcrumb\":{\"@id\":\"https:\\\/\\\/www.monaco-tribune.com\\\/en\\\/2020\\\/09\\\/as-monacos-vp-oleg-petrov-elected-to-lfp-board\\\/#breadcrumb\"},\"inLanguage\":\"en-US\",\"potentialAction\":[{\"@type\":\"ReadAction\",\"target\":[\"https:\\\/\\\/www.monaco-tribune.com\\\/en\\\/2020\\\/09\\\/as-monacos-vp-oleg-petrov-elected-to-lfp-board\\\/\"]}]},{\"@type\":\"ImageObject\",\"inLanguage\":\"en-US\",\"@id\":\"https:\\\/\\\/www.monaco-tribune.com\\\/en\\\/2020\\\/09\\\/as-monacos-vp-oleg-petrov-elected-to-lfp-board\\\/#primaryimage\",\"url\":\"https:\\\/\\\/www.monaco-tribune.com\\\/wp-content\\\/uploads\\\/2020\\\/09\\\/oleg-petrov-min.jpg\",\"contentUrl\":\"https:\\\/\\\/www.monaco-tribune.com\\\/wp-content\\\/uploads\\\/2020\\\/09\\\/oleg-petrov-min.jpg\",\"width\":1160,\"height\":650,\"caption\":\"Oleg Petrov \\\/ AS Monaco\"},{\"@type\":\"BreadcrumbList\",\"@id\":\"https:\\\/\\\/www.monaco-tribune.com\\\/en\\\/2020\\\/09\\\/as-monacos-vp-oleg-petrov-elected-to-lfp-board\\\/#breadcrumb\",\"itemListElement\":[{\"@type\":\"ListItem\",\"position\":1,\"name\":\"Accueil\",\"item\":\"https:\\\/\\\/www.monaco-tribune.com\\\/en\\\/\"},{\"@type\":\"ListItem\",\"position\":2,\"name\":\"AS Monaco&rsquo;s VP Oleg Petrov elected to LFP board\"}]},{\"@type\":\"WebSite\",\"@id\":\"https:\\\/\\\/www.monaco-tribune.com\\\/en\\\/#website\",\"url\":\"https:\\\/\\\/www.monaco-tribune.com\\\/en\\\/\",\"name\":\"Monaco Tribune\",\"description\":\"Monaco : actualit\u00e9s \u00e9conomiques, politiques, culturelles et sportives de Monaco et de la French Riviera.\",\"publisher\":{\"@id\":\"https:\\\/\\\/www.monaco-tribune.com\\\/en\\\/#organization\"},\"potentialAction\":[{\"@type\":\"SearchAction\",\"target\":{\"@type\":\"EntryPoint\",\"urlTemplate\":\"https:\\\/\\\/www.monaco-tribune.com\\\/en\\\/?s={search_term_string}\"},\"query-input\":{\"@type\":\"PropertyValueSpecification\",\"valueRequired\":true,\"valueName\":\"search_term_string\"}}],\"inLanguage\":\"en-US\"},{\"@type\":\"Organization\",\"@id\":\"https:\\\/\\\/www.monaco-tribune.com\\\/en\\\/#organization\",\"name\":\"Monaco Tribune\",\"url\":\"https:\\\/\\\/www.monaco-tribune.com\\\/en\\\/\",\"logo\":{\"@type\":\"ImageObject\",\"inLanguage\":\"en-US\",\"@id\":\"https:\\\/\\\/www.monaco-tribune.com\\\/en\\\/#\\\/schema\\\/logo\\\/image\\\/\",\"url\":\"https:\\\/\\\/www.monaco-tribune.com\\\/wp-content\\\/uploads\\\/2022\\\/11\\\/logo-monaco-tribune.png\",\"contentUrl\":\"https:\\\/\\\/www.monaco-tribune.com\\\/wp-content\\\/uploads\\\/2022\\\/11\\\/logo-monaco-tribune.png\",\"width\":1548,\"height\":600,\"caption\":\"Monaco Tribune\"},\"image\":{\"@id\":\"https:\\\/\\\/www.monaco-tribune.com\\\/en\\\/#\\\/schema\\\/logo\\\/image\\\/\"},\"sameAs\":[\"https:\\\/\\\/www.facebook.com\\\/MonacoTribune\",\"https:\\\/\\\/x.com\\\/MonacoTribune\",\"https:\\\/\\\/www.instagram.com\\\/monacotribune\\\/\",\"https:\\\/\\\/www.linkedin.com\\\/company\\\/monaco-tribune\",\"https:\\\/\\\/www.youtube.com\\\/channel\\\/UCHle1MnG6hw1y4lWKijVbMA\"]},{\"@type\":\"Person\",\"@id\":\"https:\\\/\\\/www.monaco-tribune.com\\\/en\\\/#\\\/schema\\\/person\\\/330a3732947cf8cb41b2533a0eadd62e\",\"name\":\"Romain Boisaubert\",\"image\":{\"@type\":\"ImageObject\",\"inLanguage\":\"en-US\",\"@id\":\"https:\\\/\\\/secure.gravatar.com\\\/avatar\\\/f8b90d41f1eabd1cbe4cf59e09d8db41a697d51919bf2dfe727589a24a4a4d54?s=96&d=mm&r=g\",\"url\":\"https:\\\/\\\/secure.gravatar.com\\\/avatar\\\/f8b90d41f1eabd1cbe4cf59e09d8db41a697d51919bf2dfe727589a24a4a4d54?s=96&d=mm&r=g\",\"contentUrl\":\"https:\\\/\\\/secure.gravatar.com\\\/avatar\\\/f8b90d41f1eabd1cbe4cf59e09d8db41a697d51919bf2dfe727589a24a4a4d54?s=96&d=mm&r=g\",\"caption\":\"Romain Boisaubert\"},\"description\":\"Test bio\",\"url\":\"https:\\\/\\\/www.monaco-tribune.com\\\/en\\\/author\\\/romain-boisaubert\\\/\"}]}<\/script>\n<!-- \/ Yoast SEO Premium plugin. -->","yoast_head_json":{"title":"AS Monaco's VP Oleg Petrov elected to LFP board","description":"On Thursday 10 September, AS Monaco's Vice-President Oleg Petrov was elected to the French Professional Football League\u2019s (LFP) Board of Directors. In a","robots":{"index":"index","follow":"follow","max-snippet":"max-snippet:-1","max-image-preview":"max-image-preview:large","max-video-preview":"max-video-preview:-1"},"canonical":"https:\/\/www.monaco-tribune.com\/en\/2020\/09\/as-monacos-vp-oleg-petrov-elected-to-lfp-board\/","og_locale":"en_US","og_type":"article","og_title":"AS Monaco's VP Oleg Petrov elected to LFP board - Monaco Tribune","og_description":"On Thursday 10 September, AS Monaco's Vice-President Oleg Petrov was elected to the French Professional Football League\u2019s (LFP) Board of Directors. In a","og_url":"https:\/\/www.monaco-tribune.com\/en\/2020\/09\/as-monacos-vp-oleg-petrov-elected-to-lfp-board\/","og_site_name":"Monaco Tribune","article_publisher":"https:\/\/www.facebook.com\/MonacoTribune","article_published_time":"2020-09-11T13:56:34+00:00","article_modified_time":"2020-09-13T15:21:32+00:00","og_image":[{"width":1160,"height":650,"url":"https:\/\/www.monaco-tribune.com\/wp-content\/uploads\/2020\/09\/oleg-petrov-min.jpg","type":"image\/jpeg"}],"author":"Romain Boisaubert","twitter_card":"summary_large_image","twitter_creator":"@MonacoTribune","twitter_site":"@MonacoTribune","schema":{"@context":"https:\/\/schema.org","@graph":[{"@type":"NewsArticle","@id":"https:\/\/www.monaco-tribune.com\/en\/2020\/09\/as-monacos-vp-oleg-petrov-elected-to-lfp-board\/#article","isPartOf":{"@id":"https:\/\/www.monaco-tribune.com\/en\/2020\/09\/as-monacos-vp-oleg-petrov-elected-to-lfp-board\/"},"author":{"name":"Romain Boisaubert","@id":"https:\/\/www.monaco-tribune.com\/en\/#\/schema\/person\/330a3732947cf8cb41b2533a0eadd62e"},"headline":"AS Monaco&#8217;s VP Oleg Petrov elected to LFP board","datePublished":"2020-09-11T13:56:34+00:00","dateModified":"2020-09-13T15:21:32+00:00","mainEntityOfPage":{"@id":"https:\/\/www.monaco-tribune.com\/en\/2020\/09\/as-monacos-vp-oleg-petrov-elected-to-lfp-board\/"},"wordCount":257,"publisher":{"@id":"https:\/\/www.monaco-tribune.com\/en\/#organization"},"image":{"@id":"https:\/\/www.monaco-tribune.com\/en\/2020\/09\/as-monacos-vp-oleg-petrov-elected-to-lfp-board\/#primaryimage"},"thumbnailUrl":"https:\/\/www.monaco-tribune.com\/wp-content\/uploads\/2020\/09\/oleg-petrov-min.jpg","keywords":["AS Monaco"],"articleSection":["News","Sports"],"inLanguage":"en-US","copyrightYear":"2020","copyrightHolder":{"@id":"https:\/\/www.monaco-tribune.com\/#organization"}},{"@type":"WebPage","@id":"https:\/\/www.monaco-tribune.com\/en\/2020\/09\/as-monacos-vp-oleg-petrov-elected-to-lfp-board\/","url":"https:\/\/www.monaco-tribune.com\/en\/2020\/09\/as-monacos-vp-oleg-petrov-elected-to-lfp-board\/","name":"AS Monaco's VP Oleg Petrov elected to LFP board","isPartOf":{"@id":"https:\/\/www.monaco-tribune.com\/en\/#website"},"primaryImageOfPage":{"@id":"https:\/\/www.monaco-tribune.com\/en\/2020\/09\/as-monacos-vp-oleg-petrov-elected-to-lfp-board\/#primaryimage"},"image":{"@id":"https:\/\/www.monaco-tribune.com\/en\/2020\/09\/as-monacos-vp-oleg-petrov-elected-to-lfp-board\/#primaryimage"},"thumbnailUrl":"https:\/\/www.monaco-tribune.com\/wp-content\/uploads\/2020\/09\/oleg-petrov-min.jpg","datePublished":"2020-09-11T13:56:34+00:00","dateModified":"2020-09-13T15:21:32+00:00","description":"On Thursday 10 September, AS Monaco's Vice-President Oleg Petrov was elected to the French Professional Football League\u2019s (LFP) Board of Directors. In a","breadcrumb":{"@id":"https:\/\/www.monaco-tribune.com\/en\/2020\/09\/as-monacos-vp-oleg-petrov-elected-to-lfp-board\/#breadcrumb"},"inLanguage":"en-US","potentialAction":[{"@type":"ReadAction","target":["https:\/\/www.monaco-tribune.com\/en\/2020\/09\/as-monacos-vp-oleg-petrov-elected-to-lfp-board\/"]}]},{"@type":"ImageObject","inLanguage":"en-US","@id":"https:\/\/www.monaco-tribune.com\/en\/2020\/09\/as-monacos-vp-oleg-petrov-elected-to-lfp-board\/#primaryimage","url":"https:\/\/www.monaco-tribune.com\/wp-content\/uploads\/2020\/09\/oleg-petrov-min.jpg","contentUrl":"https:\/\/www.monaco-tribune.com\/wp-content\/uploads\/2020\/09\/oleg-petrov-min.jpg","width":1160,"height":650,"caption":"Oleg Petrov \/ AS Monaco"},{"@type":"BreadcrumbList","@id":"https:\/\/www.monaco-tribune.com\/en\/2020\/09\/as-monacos-vp-oleg-petrov-elected-to-lfp-board\/#breadcrumb","itemListElement":[{"@type":"ListItem","position":1,"name":"Accueil","item":"https:\/\/www.monaco-tribune.com\/en\/"},{"@type":"ListItem","position":2,"name":"AS Monaco&rsquo;s VP Oleg Petrov elected to LFP board"}]},{"@type":"WebSite","@id":"https:\/\/www.monaco-tribune.com\/en\/#website","url":"https:\/\/www.monaco-tribune.com\/en\/","name":"Monaco Tribune","description":"Monaco : actualit\u00e9s \u00e9conomiques, politiques, culturelles et sportives de Monaco et de la French Riviera.","publisher":{"@id":"https:\/\/www.monaco-tribune.com\/en\/#organization"},"potentialAction":[{"@type":"SearchAction","target":{"@type":"EntryPoint","urlTemplate":"https:\/\/www.monaco-tribune.com\/en\/?s={search_term_string}"},"query-input":{"@type":"PropertyValueSpecification","valueRequired":true,"valueName":"search_term_string"}}],"inLanguage":"en-US"},{"@type":"Organization","@id":"https:\/\/www.monaco-tribune.com\/en\/#organization","name":"Monaco Tribune","url":"https:\/\/www.monaco-tribune.com\/en\/","logo":{"@type":"ImageObject","inLanguage":"en-US","@id":"https:\/\/www.monaco-tribune.com\/en\/#\/schema\/logo\/image\/","url":"https:\/\/www.monaco-tribune.com\/wp-content\/uploads\/2022\/11\/logo-monaco-tribune.png","contentUrl":"https:\/\/www.monaco-tribune.com\/wp-content\/uploads\/2022\/11\/logo-monaco-tribune.png","width":1548,"height":600,"caption":"Monaco Tribune"},"image":{"@id":"https:\/\/www.monaco-tribune.com\/en\/#\/schema\/logo\/image\/"},"sameAs":["https:\/\/www.facebook.com\/MonacoTribune","https:\/\/x.com\/MonacoTribune","https:\/\/www.instagram.com\/monacotribune\/","https:\/\/www.linkedin.com\/company\/monaco-tribune","https:\/\/www.youtube.com\/channel\/UCHle1MnG6hw1y4lWKijVbMA"]},{"@type":"Person","@id":"https:\/\/www.monaco-tribune.com\/en\/#\/schema\/person\/330a3732947cf8cb41b2533a0eadd62e","name":"Romain Boisaubert","image":{"@type":"ImageObject","inLanguage":"en-US","@id":"https:\/\/secure.gravatar.com\/avatar\/f8b90d41f1eabd1cbe4cf59e09d8db41a697d51919bf2dfe727589a24a4a4d54?s=96&d=mm&r=g","url":"https:\/\/secure.gravatar.com\/avatar\/f8b90d41f1eabd1cbe4cf59e09d8db41a697d51919bf2dfe727589a24a4a4d54?s=96&d=mm&r=g","contentUrl":"https:\/\/secure.gravatar.com\/avatar\/f8b90d41f1eabd1cbe4cf59e09d8db41a697d51919bf2dfe727589a24a4a4d54?s=96&d=mm&r=g","caption":"Romain Boisaubert"},"description":"Test bio","url":"https:\/\/www.monaco-tribune.com\/en\/author\/romain-boisaubert\/"}]}},"_links":{"self":[{"href":"https:\/\/www.monaco-tribune.com\/en\/wp-json\/wp\/v2\/posts\/36823","targetHints":{"allow":["GET"]}}],"collection":[{"href":"https:\/\/www.monaco-tribune.com\/en\/wp-json\/wp\/v2\/posts"}],"about":[{"href":"https:\/\/www.monaco-tribune.com\/en\/wp-json\/wp\/v2\/types\/post"}],"author":[{"embeddable":true,"href":"https:\/\/www.monaco-tribune.com\/en\/wp-json\/wp\/v2\/users\/24"}],"replies":[{"embeddable":true,"href":"https:\/\/www.monaco-tribune.com\/en\/wp-json\/wp\/v2\/comments?post=36823"}],"version-history":[{"count":0,"href":"https:\/\/www.monaco-tribune.com\/en\/wp-json\/wp\/v2\/posts\/36823\/revisions"}],"wp:featuredmedia":[{"embeddable":true,"href":"https:\/\/www.monaco-tribune.com\/en\/wp-json\/wp\/v2\/media\/36754"}],"wp:attachment":[{"href":"https:\/\/www.monaco-tribune.com\/en\/wp-json\/wp\/v2\/media?parent=36823"}],"wp:term":[{"taxonomy":"category","embeddable":true,"href":"https:\/\/www.monaco-tribune.com\/en\/wp-json\/wp\/v2\/categories?post=36823"},{"taxonomy":"post_tag","embeddable":true,"href":"https:\/\/www.monaco-tribune.com\/en\/wp-json\/wp\/v2\/tags?post=36823"},{"taxonomy":"sectag","embeddable":true,"href":"https:\/\/www.monaco-tribune.com\/en\/wp-json\/wp\/v2\/post_sectags?post=36823"},{"taxonomy":"format","embeddable":true,"href":"https:\/\/www.monaco-tribune.com\/en\/wp-json\/wp\/v2\/post_format?post=36823"}],"curies":[{"name":"wp","href":"https:\/\/api.w.org\/{rel}","templated":true}]}}