{"id":37228,"date":"2020-09-15T20:18:43","date_gmt":"2020-09-15T18:18:43","guid":{"rendered":"https:\/\/www.monaco-tribune.com\/2020\/09\/humans-have-reduced-worlds-wildlife-by-two-thirds-since-1970-wwf\/"},"modified":"2020-09-15T20:18:46","modified_gmt":"2020-09-15T18:18:46","slug":"humans-have-reduced-worlds-wildlife-by-two-thirds-since-1970-wwf","status":"publish","type":"post","link":"https:\/\/www.monaco-tribune.com\/en\/2020\/09\/humans-have-reduced-worlds-wildlife-by-two-thirds-since-1970-wwf\/","title":{"rendered":"Humans have reduced world\u2019s wildlife by two-thirds since 1970 \u2013 WWF"},"content":{"rendered":"\n<p><strong><span style=\"color: black;\">The World Wildlife fund has warned in a report released on 9 September that human activity has wiped out 68% of wildlife population since 1970. <\/span><\/strong><b><\/b><\/p>\n\n<p><span style=\"color: black;\">The WWF\u2019s most recent report gives a stark warning about humanity\u2019s impact on biodiversity. According to the <a href=\"https:\/\/www.wwf.fr\/sites\/default\/files\/doc-2020-09\/20200910_Synthese_Rapport-Planete-Vivante-2020_WWF-min.pdf\">2020 Living Planet Report<\/a>, the number of vertebrate animals in the world shrunk by 68% between 1970 and 2016. Human activity is largely responsible for such numbers. The destruction of natural habitats for the benefit of human activities such as industrial agriculture is of course to blame, but over-exploitation of resources and global warming are also responsible for such numbers.<\/span><\/p>\n\n<h2 class=\"wp-block-heading\">A wildlife database<\/h2>\n\n<p>These statistics were calculated thanks to the Living Planet index which was created by the WWF in 1997. The Index calculates fluctuations in the populations of vertebrate animals thanks to a database which includes almost 21,000 different species amongst birds, mammals, fish, reptiles and amphibians. <\/p>\n\n<p><span style=\"color: black;\">Amongst its many environmental initiatives, the <a href=\"https:\/\/www.monaco-tribune.com\/en\/2020\/05\/prince-albert-ii-and-his-passion-for-the-seas\/\">Prince Albert II of Monaco Foundation<\/a> promotes Human-wildlife cohabitation. The foundation funds, for instance, a WWF initiative for the conservation of the Amur tiger on the Sino-Russian border as well as a program to help farmers in Tanzania adapt their practices to the habits of elephants as well as a turtle-conservation initiative in Mozambique. <\/span><\/p>\n\n<h2 class=\"wp-block-heading\">An initiative to promote the biodiversity of the C\u00f4te d\u2019Azur <\/h2>\n\n<p><span style=\"color: black;\">On 10 September, the Prince Albert II of Monaco Foundation<a href=\"https:\/\/www.fpa2.org\/news-8020.html\"> launched an initiative<\/a> to promote \u201cthe peaceful cohabitation between human and wildlife\u201d in the Provence-Alpes-C\u00f4te-d\u2019Azur-region. Projects will have to focus on the preservation of local species, such as wolves, ibexes, mouflons, foxes and chamois. Shortlisted projects will be awarded 10,000 euros. Applications close on 30 October 2020<\/span><\/p>\n\n<figure class=\"wp-block-embed-twitter wp-block-embed is-type-rich is-provider-twitter\"><div class=\"wp-block-embed__wrapper\">\n<blockquote class=\"twitter-tweet\" data-width=\"500\" data-dnt=\"true\"><p lang=\"fr\" dir=\"ltr\">\ud83d\udea8 SOS nature \ud83d\udc06\ud83d\udc1f\ud83d\udc26\ud83e\udd8e\ud83d\udc38  <br><br>Depuis 1970, la taille des populations de vert\u00e9br\u00e9s sauvages a d\u00e9clin\u00e9 de 68%.<br><br>\ud83d\udce3 Stop \u00e0 l&#39;\u00e9rosion du vivant ! Exigeons des d\u00e9cideur\u00b7euse\u00b7s une r\u00e9elle protection de la <a href=\"https:\/\/twitter.com\/hashtag\/biodiversit%C3%A9?src=hash&amp;ref_src=twsrc%5Etfw\">#biodiversit\u00e9<\/a> !<br><br>\ud83d\udcd7 Lire notre <a href=\"https:\/\/twitter.com\/hashtag\/RapportPlan%C3%A8teVivante?src=hash&amp;ref_src=twsrc%5Etfw\">#RapportPlan\u00e8teVivante<\/a> \ud83d\udc49 <a href=\"https:\/\/t.co\/LJEl9wgLBm\">https:\/\/t.co\/LJEl9wgLBm<\/a> <a href=\"https:\/\/t.co\/PhuiTRforN\">pic.twitter.com\/PhuiTRforN<\/a><\/p>&mdash; WWF France \ud83d\udc3c (@WWFFrance) <a href=\"https:\/\/twitter.com\/WWFFrance\/status\/1303931402472378368?ref_src=twsrc%5Etfw\">September 10, 2020<\/a><\/blockquote><script async src=\"https:\/\/platform.twitter.com\/widgets.js\" charset=\"utf-8\"><\/script>\n<\/div><\/figure>","protected":false},"excerpt":{"rendered":"<p>The World Wildlife fund has warned in a report released on 9 September that human activity has wiped out 68% [&hellip;]<\/p>\n","protected":false},"author":33,"featured_media":37150,"comment_status":"closed","ping_status":"open","sticky":false,"template":"","format":"standard","meta":{"_acf_changed":false,"footnotes":""},"categories":[243,258],"tags":[775],"post_sectags":[],"post_format":[2465],"class_list":["post-37228","post","type-post","status-publish","format-standard","has-post-thumbnail","hentry","category-news","category-public-life","tag-science","format-in-brief"],"acf":[],"yoast_head":"<!-- This site is optimized with the Yoast SEO Premium plugin v26.8 (Yoast SEO v27.5) - https:\/\/yoast.com\/product\/yoast-seo-premium-wordpress\/ -->\n<title>Humans have reduced world\u2019s wildlife by two-thirds since 1970 \u2013 WWF<\/title>\n<meta name=\"description\" content=\"The World Wildlife fund has warned in a report released on 9 September that human activity has wiped out 68% of wildlife population since 1970. The WWF\u2019s\" \/>\n<meta name=\"robots\" content=\"index, follow, max-snippet:-1, max-image-preview:large, max-video-preview:-1\" \/>\n<link rel=\"canonical\" href=\"https:\/\/www.monaco-tribune.com\/en\/2020\/09\/humans-have-reduced-worlds-wildlife-by-two-thirds-since-1970-wwf\/\" \/>\n<meta property=\"og:locale\" content=\"en_US\" \/>\n<meta property=\"og:type\" content=\"article\" \/>\n<meta property=\"og:title\" content=\"Humans have reduced world\u2019s wildlife by two-thirds since 1970 \u2013 WWF - Monaco Tribune\" \/>\n<meta property=\"og:description\" content=\"The World Wildlife fund has warned in a report released on 9 September that human activity has wiped out 68% of wildlife population since 1970. The WWF\u2019s\" \/>\n<meta property=\"og:url\" content=\"https:\/\/www.monaco-tribune.com\/en\/2020\/09\/humans-have-reduced-worlds-wildlife-by-two-thirds-since-1970-wwf\/\" \/>\n<meta property=\"og:site_name\" content=\"Monaco Tribune\" \/>\n<meta property=\"article:publisher\" content=\"https:\/\/www.facebook.com\/MonacoTribune\" \/>\n<meta property=\"article:published_time\" content=\"2020-09-15T18:18:43+00:00\" \/>\n<meta property=\"article:modified_time\" content=\"2020-09-15T18:18:46+00:00\" \/>\n<meta property=\"og:image\" content=\"https:\/\/www.monaco-tribune.com\/wp-content\/uploads\/2020\/09\/thorsten-messing-o-h2fugmaoq-unsplash1.jpg\" \/>\n\t<meta property=\"og:image:width\" content=\"640\" \/>\n\t<meta property=\"og:image:height\" content=\"427\" \/>\n\t<meta property=\"og:image:type\" content=\"image\/jpeg\" \/>\n<meta name=\"author\" content=\"Lola Senoble\" \/>\n<meta name=\"twitter:card\" content=\"summary_large_image\" \/>\n<meta name=\"twitter:creator\" content=\"@MonacoTribune\" \/>\n<meta name=\"twitter:site\" content=\"@MonacoTribune\" \/>\n<script type=\"application\/ld+json\" class=\"yoast-schema-graph\">{\"@context\":\"https:\\\/\\\/schema.org\",\"@graph\":[{\"@type\":\"NewsArticle\",\"@id\":\"https:\\\/\\\/www.monaco-tribune.com\\\/en\\\/2020\\\/09\\\/humans-have-reduced-worlds-wildlife-by-two-thirds-since-1970-wwf\\\/#article\",\"isPartOf\":{\"@id\":\"https:\\\/\\\/www.monaco-tribune.com\\\/en\\\/2020\\\/09\\\/humans-have-reduced-worlds-wildlife-by-two-thirds-since-1970-wwf\\\/\"},\"author\":{\"name\":\"Lola Senoble\",\"@id\":\"https:\\\/\\\/www.monaco-tribune.com\\\/en\\\/#\\\/schema\\\/person\\\/10603f39d06463e013e339670c36bea3\"},\"headline\":\"Humans have reduced world\u2019s wildlife by two-thirds since 1970 \u2013 WWF\",\"datePublished\":\"2020-09-15T18:18:43+00:00\",\"dateModified\":\"2020-09-15T18:18:46+00:00\",\"mainEntityOfPage\":{\"@id\":\"https:\\\/\\\/www.monaco-tribune.com\\\/en\\\/2020\\\/09\\\/humans-have-reduced-worlds-wildlife-by-two-thirds-since-1970-wwf\\\/\"},\"wordCount\":285,\"publisher\":{\"@id\":\"https:\\\/\\\/www.monaco-tribune.com\\\/en\\\/#organization\"},\"image\":{\"@id\":\"https:\\\/\\\/www.monaco-tribune.com\\\/en\\\/2020\\\/09\\\/humans-have-reduced-worlds-wildlife-by-two-thirds-since-1970-wwf\\\/#primaryimage\"},\"thumbnailUrl\":\"https:\\\/\\\/www.monaco-tribune.com\\\/wp-content\\\/uploads\\\/2020\\\/09\\\/thorsten-messing-o-h2fugmaoq-unsplash1.jpg\",\"keywords\":[\"Science\"],\"articleSection\":[\"News\",\"Society\"],\"inLanguage\":\"en-US\",\"copyrightYear\":\"2020\",\"copyrightHolder\":{\"@id\":\"https:\\\/\\\/www.monaco-tribune.com\\\/#organization\"}},{\"@type\":\"WebPage\",\"@id\":\"https:\\\/\\\/www.monaco-tribune.com\\\/en\\\/2020\\\/09\\\/humans-have-reduced-worlds-wildlife-by-two-thirds-since-1970-wwf\\\/\",\"url\":\"https:\\\/\\\/www.monaco-tribune.com\\\/en\\\/2020\\\/09\\\/humans-have-reduced-worlds-wildlife-by-two-thirds-since-1970-wwf\\\/\",\"name\":\"Humans have reduced world\u2019s wildlife by two-thirds since 1970 \u2013 WWF\",\"isPartOf\":{\"@id\":\"https:\\\/\\\/www.monaco-tribune.com\\\/en\\\/#website\"},\"primaryImageOfPage\":{\"@id\":\"https:\\\/\\\/www.monaco-tribune.com\\\/en\\\/2020\\\/09\\\/humans-have-reduced-worlds-wildlife-by-two-thirds-since-1970-wwf\\\/#primaryimage\"},\"image\":{\"@id\":\"https:\\\/\\\/www.monaco-tribune.com\\\/en\\\/2020\\\/09\\\/humans-have-reduced-worlds-wildlife-by-two-thirds-since-1970-wwf\\\/#primaryimage\"},\"thumbnailUrl\":\"https:\\\/\\\/www.monaco-tribune.com\\\/wp-content\\\/uploads\\\/2020\\\/09\\\/thorsten-messing-o-h2fugmaoq-unsplash1.jpg\",\"datePublished\":\"2020-09-15T18:18:43+00:00\",\"dateModified\":\"2020-09-15T18:18:46+00:00\",\"description\":\"The World Wildlife fund has warned in a report released on 9 September that human activity has wiped out 68% of wildlife population since 1970. The WWF\u2019s\",\"breadcrumb\":{\"@id\":\"https:\\\/\\\/www.monaco-tribune.com\\\/en\\\/2020\\\/09\\\/humans-have-reduced-worlds-wildlife-by-two-thirds-since-1970-wwf\\\/#breadcrumb\"},\"inLanguage\":\"en-US\",\"potentialAction\":[{\"@type\":\"ReadAction\",\"target\":[\"https:\\\/\\\/www.monaco-tribune.com\\\/en\\\/2020\\\/09\\\/humans-have-reduced-worlds-wildlife-by-two-thirds-since-1970-wwf\\\/\"]}]},{\"@type\":\"ImageObject\",\"inLanguage\":\"en-US\",\"@id\":\"https:\\\/\\\/www.monaco-tribune.com\\\/en\\\/2020\\\/09\\\/humans-have-reduced-worlds-wildlife-by-two-thirds-since-1970-wwf\\\/#primaryimage\",\"url\":\"https:\\\/\\\/www.monaco-tribune.com\\\/wp-content\\\/uploads\\\/2020\\\/09\\\/thorsten-messing-o-h2fugmaoq-unsplash1.jpg\",\"contentUrl\":\"https:\\\/\\\/www.monaco-tribune.com\\\/wp-content\\\/uploads\\\/2020\\\/09\\\/thorsten-messing-o-h2fugmaoq-unsplash1.jpg\",\"width\":640,\"height\":427,\"caption\":\"Unsplash\"},{\"@type\":\"BreadcrumbList\",\"@id\":\"https:\\\/\\\/www.monaco-tribune.com\\\/en\\\/2020\\\/09\\\/humans-have-reduced-worlds-wildlife-by-two-thirds-since-1970-wwf\\\/#breadcrumb\",\"itemListElement\":[{\"@type\":\"ListItem\",\"position\":1,\"name\":\"Accueil\",\"item\":\"https:\\\/\\\/www.monaco-tribune.com\\\/en\\\/\"},{\"@type\":\"ListItem\",\"position\":2,\"name\":\"Humans have reduced world\u2019s wildlife by two-thirds since 1970 \u2013 WWF\"}]},{\"@type\":\"WebSite\",\"@id\":\"https:\\\/\\\/www.monaco-tribune.com\\\/en\\\/#website\",\"url\":\"https:\\\/\\\/www.monaco-tribune.com\\\/en\\\/\",\"name\":\"Monaco Tribune\",\"description\":\"Monaco : actualit\u00e9s \u00e9conomiques, politiques, culturelles et sportives de Monaco et de la French Riviera.\",\"publisher\":{\"@id\":\"https:\\\/\\\/www.monaco-tribune.com\\\/en\\\/#organization\"},\"potentialAction\":[{\"@type\":\"SearchAction\",\"target\":{\"@type\":\"EntryPoint\",\"urlTemplate\":\"https:\\\/\\\/www.monaco-tribune.com\\\/en\\\/?s={search_term_string}\"},\"query-input\":{\"@type\":\"PropertyValueSpecification\",\"valueRequired\":true,\"valueName\":\"search_term_string\"}}],\"inLanguage\":\"en-US\"},{\"@type\":\"Organization\",\"@id\":\"https:\\\/\\\/www.monaco-tribune.com\\\/en\\\/#organization\",\"name\":\"Monaco Tribune\",\"url\":\"https:\\\/\\\/www.monaco-tribune.com\\\/en\\\/\",\"logo\":{\"@type\":\"ImageObject\",\"inLanguage\":\"en-US\",\"@id\":\"https:\\\/\\\/www.monaco-tribune.com\\\/en\\\/#\\\/schema\\\/logo\\\/image\\\/\",\"url\":\"https:\\\/\\\/www.monaco-tribune.com\\\/wp-content\\\/uploads\\\/2022\\\/11\\\/logo-monaco-tribune.png\",\"contentUrl\":\"https:\\\/\\\/www.monaco-tribune.com\\\/wp-content\\\/uploads\\\/2022\\\/11\\\/logo-monaco-tribune.png\",\"width\":1548,\"height\":600,\"caption\":\"Monaco Tribune\"},\"image\":{\"@id\":\"https:\\\/\\\/www.monaco-tribune.com\\\/en\\\/#\\\/schema\\\/logo\\\/image\\\/\"},\"sameAs\":[\"https:\\\/\\\/www.facebook.com\\\/MonacoTribune\",\"https:\\\/\\\/x.com\\\/MonacoTribune\",\"https:\\\/\\\/www.instagram.com\\\/monacotribune\\\/\",\"https:\\\/\\\/www.linkedin.com\\\/company\\\/monaco-tribune\",\"https:\\\/\\\/www.youtube.com\\\/channel\\\/UCHle1MnG6hw1y4lWKijVbMA\"]},{\"@type\":\"Person\",\"@id\":\"https:\\\/\\\/www.monaco-tribune.com\\\/en\\\/#\\\/schema\\\/person\\\/10603f39d06463e013e339670c36bea3\",\"name\":\"Lola Senoble\",\"image\":{\"@type\":\"ImageObject\",\"inLanguage\":\"en-US\",\"@id\":\"https:\\\/\\\/secure.gravatar.com\\\/avatar\\\/48d557f5142df87422d94c862ef0f4177361c443286157fc3838180d4d313fa1?s=96&d=mm&r=g\",\"url\":\"https:\\\/\\\/secure.gravatar.com\\\/avatar\\\/48d557f5142df87422d94c862ef0f4177361c443286157fc3838180d4d313fa1?s=96&d=mm&r=g\",\"contentUrl\":\"https:\\\/\\\/secure.gravatar.com\\\/avatar\\\/48d557f5142df87422d94c862ef0f4177361c443286157fc3838180d4d313fa1?s=96&d=mm&r=g\",\"caption\":\"Lola Senoble\"},\"url\":\"https:\\\/\\\/www.monaco-tribune.com\\\/en\\\/author\\\/lola-senoble\\\/\"}]}<\/script>\n<!-- \/ Yoast SEO Premium plugin. -->","yoast_head_json":{"title":"Humans have reduced world\u2019s wildlife by two-thirds since 1970 \u2013 WWF","description":"The World Wildlife fund has warned in a report released on 9 September that human activity has wiped out 68% of wildlife population since 1970. The WWF\u2019s","robots":{"index":"index","follow":"follow","max-snippet":"max-snippet:-1","max-image-preview":"max-image-preview:large","max-video-preview":"max-video-preview:-1"},"canonical":"https:\/\/www.monaco-tribune.com\/en\/2020\/09\/humans-have-reduced-worlds-wildlife-by-two-thirds-since-1970-wwf\/","og_locale":"en_US","og_type":"article","og_title":"Humans have reduced world\u2019s wildlife by two-thirds since 1970 \u2013 WWF - Monaco Tribune","og_description":"The World Wildlife fund has warned in a report released on 9 September that human activity has wiped out 68% of wildlife population since 1970. The WWF\u2019s","og_url":"https:\/\/www.monaco-tribune.com\/en\/2020\/09\/humans-have-reduced-worlds-wildlife-by-two-thirds-since-1970-wwf\/","og_site_name":"Monaco Tribune","article_publisher":"https:\/\/www.facebook.com\/MonacoTribune","article_published_time":"2020-09-15T18:18:43+00:00","article_modified_time":"2020-09-15T18:18:46+00:00","og_image":[{"width":640,"height":427,"url":"https:\/\/www.monaco-tribune.com\/wp-content\/uploads\/2020\/09\/thorsten-messing-o-h2fugmaoq-unsplash1.jpg","type":"image\/jpeg"}],"author":"Lola Senoble","twitter_card":"summary_large_image","twitter_creator":"@MonacoTribune","twitter_site":"@MonacoTribune","schema":{"@context":"https:\/\/schema.org","@graph":[{"@type":"NewsArticle","@id":"https:\/\/www.monaco-tribune.com\/en\/2020\/09\/humans-have-reduced-worlds-wildlife-by-two-thirds-since-1970-wwf\/#article","isPartOf":{"@id":"https:\/\/www.monaco-tribune.com\/en\/2020\/09\/humans-have-reduced-worlds-wildlife-by-two-thirds-since-1970-wwf\/"},"author":{"name":"Lola Senoble","@id":"https:\/\/www.monaco-tribune.com\/en\/#\/schema\/person\/10603f39d06463e013e339670c36bea3"},"headline":"Humans have reduced world\u2019s wildlife by two-thirds since 1970 \u2013 WWF","datePublished":"2020-09-15T18:18:43+00:00","dateModified":"2020-09-15T18:18:46+00:00","mainEntityOfPage":{"@id":"https:\/\/www.monaco-tribune.com\/en\/2020\/09\/humans-have-reduced-worlds-wildlife-by-two-thirds-since-1970-wwf\/"},"wordCount":285,"publisher":{"@id":"https:\/\/www.monaco-tribune.com\/en\/#organization"},"image":{"@id":"https:\/\/www.monaco-tribune.com\/en\/2020\/09\/humans-have-reduced-worlds-wildlife-by-two-thirds-since-1970-wwf\/#primaryimage"},"thumbnailUrl":"https:\/\/www.monaco-tribune.com\/wp-content\/uploads\/2020\/09\/thorsten-messing-o-h2fugmaoq-unsplash1.jpg","keywords":["Science"],"articleSection":["News","Society"],"inLanguage":"en-US","copyrightYear":"2020","copyrightHolder":{"@id":"https:\/\/www.monaco-tribune.com\/#organization"}},{"@type":"WebPage","@id":"https:\/\/www.monaco-tribune.com\/en\/2020\/09\/humans-have-reduced-worlds-wildlife-by-two-thirds-since-1970-wwf\/","url":"https:\/\/www.monaco-tribune.com\/en\/2020\/09\/humans-have-reduced-worlds-wildlife-by-two-thirds-since-1970-wwf\/","name":"Humans have reduced world\u2019s wildlife by two-thirds since 1970 \u2013 WWF","isPartOf":{"@id":"https:\/\/www.monaco-tribune.com\/en\/#website"},"primaryImageOfPage":{"@id":"https:\/\/www.monaco-tribune.com\/en\/2020\/09\/humans-have-reduced-worlds-wildlife-by-two-thirds-since-1970-wwf\/#primaryimage"},"image":{"@id":"https:\/\/www.monaco-tribune.com\/en\/2020\/09\/humans-have-reduced-worlds-wildlife-by-two-thirds-since-1970-wwf\/#primaryimage"},"thumbnailUrl":"https:\/\/www.monaco-tribune.com\/wp-content\/uploads\/2020\/09\/thorsten-messing-o-h2fugmaoq-unsplash1.jpg","datePublished":"2020-09-15T18:18:43+00:00","dateModified":"2020-09-15T18:18:46+00:00","description":"The World Wildlife fund has warned in a report released on 9 September that human activity has wiped out 68% of wildlife population since 1970. The WWF\u2019s","breadcrumb":{"@id":"https:\/\/www.monaco-tribune.com\/en\/2020\/09\/humans-have-reduced-worlds-wildlife-by-two-thirds-since-1970-wwf\/#breadcrumb"},"inLanguage":"en-US","potentialAction":[{"@type":"ReadAction","target":["https:\/\/www.monaco-tribune.com\/en\/2020\/09\/humans-have-reduced-worlds-wildlife-by-two-thirds-since-1970-wwf\/"]}]},{"@type":"ImageObject","inLanguage":"en-US","@id":"https:\/\/www.monaco-tribune.com\/en\/2020\/09\/humans-have-reduced-worlds-wildlife-by-two-thirds-since-1970-wwf\/#primaryimage","url":"https:\/\/www.monaco-tribune.com\/wp-content\/uploads\/2020\/09\/thorsten-messing-o-h2fugmaoq-unsplash1.jpg","contentUrl":"https:\/\/www.monaco-tribune.com\/wp-content\/uploads\/2020\/09\/thorsten-messing-o-h2fugmaoq-unsplash1.jpg","width":640,"height":427,"caption":"Unsplash"},{"@type":"BreadcrumbList","@id":"https:\/\/www.monaco-tribune.com\/en\/2020\/09\/humans-have-reduced-worlds-wildlife-by-two-thirds-since-1970-wwf\/#breadcrumb","itemListElement":[{"@type":"ListItem","position":1,"name":"Accueil","item":"https:\/\/www.monaco-tribune.com\/en\/"},{"@type":"ListItem","position":2,"name":"Humans have reduced world\u2019s wildlife by two-thirds since 1970 \u2013 WWF"}]},{"@type":"WebSite","@id":"https:\/\/www.monaco-tribune.com\/en\/#website","url":"https:\/\/www.monaco-tribune.com\/en\/","name":"Monaco Tribune","description":"Monaco : actualit\u00e9s \u00e9conomiques, politiques, culturelles et sportives de Monaco et de la French Riviera.","publisher":{"@id":"https:\/\/www.monaco-tribune.com\/en\/#organization"},"potentialAction":[{"@type":"SearchAction","target":{"@type":"EntryPoint","urlTemplate":"https:\/\/www.monaco-tribune.com\/en\/?s={search_term_string}"},"query-input":{"@type":"PropertyValueSpecification","valueRequired":true,"valueName":"search_term_string"}}],"inLanguage":"en-US"},{"@type":"Organization","@id":"https:\/\/www.monaco-tribune.com\/en\/#organization","name":"Monaco Tribune","url":"https:\/\/www.monaco-tribune.com\/en\/","logo":{"@type":"ImageObject","inLanguage":"en-US","@id":"https:\/\/www.monaco-tribune.com\/en\/#\/schema\/logo\/image\/","url":"https:\/\/www.monaco-tribune.com\/wp-content\/uploads\/2022\/11\/logo-monaco-tribune.png","contentUrl":"https:\/\/www.monaco-tribune.com\/wp-content\/uploads\/2022\/11\/logo-monaco-tribune.png","width":1548,"height":600,"caption":"Monaco Tribune"},"image":{"@id":"https:\/\/www.monaco-tribune.com\/en\/#\/schema\/logo\/image\/"},"sameAs":["https:\/\/www.facebook.com\/MonacoTribune","https:\/\/x.com\/MonacoTribune","https:\/\/www.instagram.com\/monacotribune\/","https:\/\/www.linkedin.com\/company\/monaco-tribune","https:\/\/www.youtube.com\/channel\/UCHle1MnG6hw1y4lWKijVbMA"]},{"@type":"Person","@id":"https:\/\/www.monaco-tribune.com\/en\/#\/schema\/person\/10603f39d06463e013e339670c36bea3","name":"Lola Senoble","image":{"@type":"ImageObject","inLanguage":"en-US","@id":"https:\/\/secure.gravatar.com\/avatar\/48d557f5142df87422d94c862ef0f4177361c443286157fc3838180d4d313fa1?s=96&d=mm&r=g","url":"https:\/\/secure.gravatar.com\/avatar\/48d557f5142df87422d94c862ef0f4177361c443286157fc3838180d4d313fa1?s=96&d=mm&r=g","contentUrl":"https:\/\/secure.gravatar.com\/avatar\/48d557f5142df87422d94c862ef0f4177361c443286157fc3838180d4d313fa1?s=96&d=mm&r=g","caption":"Lola Senoble"},"url":"https:\/\/www.monaco-tribune.com\/en\/author\/lola-senoble\/"}]}},"_links":{"self":[{"href":"https:\/\/www.monaco-tribune.com\/en\/wp-json\/wp\/v2\/posts\/37228","targetHints":{"allow":["GET"]}}],"collection":[{"href":"https:\/\/www.monaco-tribune.com\/en\/wp-json\/wp\/v2\/posts"}],"about":[{"href":"https:\/\/www.monaco-tribune.com\/en\/wp-json\/wp\/v2\/types\/post"}],"author":[{"embeddable":true,"href":"https:\/\/www.monaco-tribune.com\/en\/wp-json\/wp\/v2\/users\/33"}],"replies":[{"embeddable":true,"href":"https:\/\/www.monaco-tribune.com\/en\/wp-json\/wp\/v2\/comments?post=37228"}],"version-history":[{"count":0,"href":"https:\/\/www.monaco-tribune.com\/en\/wp-json\/wp\/v2\/posts\/37228\/revisions"}],"wp:featuredmedia":[{"embeddable":true,"href":"https:\/\/www.monaco-tribune.com\/en\/wp-json\/wp\/v2\/media\/37150"}],"wp:attachment":[{"href":"https:\/\/www.monaco-tribune.com\/en\/wp-json\/wp\/v2\/media?parent=37228"}],"wp:term":[{"taxonomy":"category","embeddable":true,"href":"https:\/\/www.monaco-tribune.com\/en\/wp-json\/wp\/v2\/categories?post=37228"},{"taxonomy":"post_tag","embeddable":true,"href":"https:\/\/www.monaco-tribune.com\/en\/wp-json\/wp\/v2\/tags?post=37228"},{"taxonomy":"sectag","embeddable":true,"href":"https:\/\/www.monaco-tribune.com\/en\/wp-json\/wp\/v2\/post_sectags?post=37228"},{"taxonomy":"format","embeddable":true,"href":"https:\/\/www.monaco-tribune.com\/en\/wp-json\/wp\/v2\/post_format?post=37228"}],"curies":[{"name":"wp","href":"https:\/\/api.w.org\/{rel}","templated":true}]}}