{"id":37977,"date":"2020-09-21T18:04:44","date_gmt":"2020-09-21T16:04:44","guid":{"rendered":"https:\/\/www.monaco-tribune.com\/2020\/09\/planetary-health-week-monaco-celebrates-the-blue-planet-while-fighting-for-its-health\/"},"modified":"2020-09-21T18:04:48","modified_gmt":"2020-09-21T16:04:48","slug":"planetary-health-week-monaco-celebrates-the-blue-planet-while-fighting-for-its-health","status":"publish","type":"post","link":"https:\/\/www.monaco-tribune.com\/en\/2020\/09\/planetary-health-week-monaco-celebrates-the-blue-planet-while-fighting-for-its-health\/","title":{"rendered":"Planetary Health Week: Monaco celebrates the blue planet, while fighting for its health"},"content":{"rendered":"\n<p><strong>From 22 to 27 September, Monaco will honour Planet Earth. The six-day-long initiative will be inaugurated by the Monte Carlo Gala for Planetary Health, and many other events will follow. Conferences, film screenings, but also masterclasses are scheduled. <\/strong><\/p>\n\n<p>The Monte-Carlo Gala for Planetary Health brings together the Prince Albert II of Monaco Foundation, Monaco\u2019s Yacht Club and the Oceanographic museum, amongst others, to \u201cbring humanity\u2019s and the planet\u2019s health into the spotlight\u201d. The week\u2019s events will focus around different themes, such as science, the arts, fashion and even food, and will all have the aim of raising awareness about planetary health.<\/p>\n\n<h2 class=\"wp-block-heading\">Sting is the Gala\u2019s guest of honour <\/h2>\n\n<p>The Monte-Carlo Gala for Planetary Health is one of the highlights of Monaco\u2019s social calendar. It will take place on 24 September, on the terraces of the Opera Garnier. Sting is the guest of honour. In light of the pandemic, the gala will also raise funds for several initiatives run by Monaco\u2019s Red Cross as well as the International Red Cross. <\/p>\n\n<p>There will be screenings throughout the week. All the events are on an invitation-only basis. On 21 September, Monaco\u2019s Yacht Club will screen the latest film by South African explorer Mike Horn, as well as two films by Jackson Wild<em>: Reef Rescue<\/em> will be screened on the 22<sup>nd<\/sup> and <em>Corona: The Pandemic and the Pangolin<\/em> on the 26<sup>th<\/sup>. The Oceanographic museum will also screen <a href=\"https:\/\/www.monaco-tribune.com\/en\/2020\/09\/planete-mediterranee-film-monacos-princely-family-discover-the-unknown-depths-of-the-mediterranean\/\"><em>Plan\u00e8te M\u00e9diterran\u00e9e<\/em><\/a><em>, <\/em>a documentary by Laurent Ballesta.<\/p>\n\n<p>The week\u2019s <a href=\"https:\/\/www.fpa2.org\/news-8022.html\">full schedule<\/a> can be accessed through the Prince Albert of Monaco Foundation website.<\/p>\n\n<figure class=\"wp-block-embed-youtube wp-block-embed is-type-video is-provider-youtube wp-embed-aspect-16-9 wp-has-aspect-ratio\"><div class=\"wp-block-embed__wrapper\">\n<iframe title=\"Monte-Carlo Gala for the planetary health 2020\" width=\"500\" height=\"281\" src=\"https:\/\/www.youtube.com\/embed\/V9HaG7XKDn0?feature=oembed\" frameborder=\"0\" allow=\"accelerometer; autoplay; clipboard-write; encrypted-media; gyroscope; picture-in-picture; web-share\" referrerpolicy=\"strict-origin-when-cross-origin\" allowfullscreen><\/iframe>\n<\/div><\/figure>","protected":false},"excerpt":{"rendered":"<p>From 22 to 27 September, Monaco will honour Planet Earth. The six-day-long initiative will be inaugurated by the Monte Carlo [&hellip;]<\/p>\n","protected":false},"author":33,"featured_media":37967,"comment_status":"closed","ping_status":"open","sticky":false,"template":"","format":"standard","meta":{"_acf_changed":false,"footnotes":""},"categories":[1837,243],"tags":[3371],"post_sectags":[],"post_format":[2465],"class_list":["post-37977","post","type-post","status-publish","format-standard","has-post-thumbnail","hentry","category-environment","category-news","tag-taking-action","format-in-brief"],"acf":[],"yoast_head":"<!-- This site is optimized with the Yoast SEO Premium plugin v26.8 (Yoast SEO v27.5) - https:\/\/yoast.com\/product\/yoast-seo-premium-wordpress\/ -->\n<title>Planetary Health Week: Monaco celebrates the blue planet, while fighting for its health<\/title>\n<meta name=\"description\" content=\"From 22 to 27 September, Monaco will honour Planet Earth. The six-day-long initiative will be inaugurated by the Monte Carlo Gala for Planetary Health,\" \/>\n<meta name=\"robots\" content=\"index, follow, max-snippet:-1, max-image-preview:large, max-video-preview:-1\" \/>\n<link rel=\"canonical\" href=\"https:\/\/www.monaco-tribune.com\/en\/2020\/09\/planetary-health-week-monaco-celebrates-the-blue-planet-while-fighting-for-its-health\/\" \/>\n<meta property=\"og:locale\" content=\"en_US\" \/>\n<meta property=\"og:type\" content=\"article\" \/>\n<meta property=\"og:title\" content=\"Planetary Health Week: Monaco celebrates the blue planet, while fighting for its health - Monaco Tribune\" \/>\n<meta property=\"og:description\" content=\"From 22 to 27 September, Monaco will honour Planet Earth. The six-day-long initiative will be inaugurated by the Monte Carlo Gala for Planetary Health,\" \/>\n<meta property=\"og:url\" content=\"https:\/\/www.monaco-tribune.com\/en\/2020\/09\/planetary-health-week-monaco-celebrates-the-blue-planet-while-fighting-for-its-health\/\" \/>\n<meta property=\"og:site_name\" content=\"Monaco Tribune\" \/>\n<meta property=\"article:publisher\" content=\"https:\/\/www.facebook.com\/MonacoTribune\" \/>\n<meta property=\"article:published_time\" content=\"2020-09-21T16:04:44+00:00\" \/>\n<meta property=\"article:modified_time\" content=\"2020-09-21T16:04:48+00:00\" \/>\n<meta property=\"og:image\" content=\"https:\/\/www.monaco-tribune.com\/wp-content\/uploads\/2020\/09\/monte-carlo-monte-carlo-gala-oce\u0301ans.jpg\" \/>\n\t<meta property=\"og:image:width\" content=\"1200\" \/>\n\t<meta property=\"og:image:height\" content=\"800\" \/>\n\t<meta property=\"og:image:type\" content=\"image\/jpeg\" \/>\n<meta name=\"author\" content=\"Lola Senoble\" \/>\n<meta name=\"twitter:card\" content=\"summary_large_image\" \/>\n<meta name=\"twitter:creator\" content=\"@MonacoTribune\" \/>\n<meta name=\"twitter:site\" content=\"@MonacoTribune\" \/>\n<script type=\"application\/ld+json\" class=\"yoast-schema-graph\">{\"@context\":\"https:\\\/\\\/schema.org\",\"@graph\":[{\"@type\":\"NewsArticle\",\"@id\":\"https:\\\/\\\/www.monaco-tribune.com\\\/en\\\/2020\\\/09\\\/planetary-health-week-monaco-celebrates-the-blue-planet-while-fighting-for-its-health\\\/#article\",\"isPartOf\":{\"@id\":\"https:\\\/\\\/www.monaco-tribune.com\\\/en\\\/2020\\\/09\\\/planetary-health-week-monaco-celebrates-the-blue-planet-while-fighting-for-its-health\\\/\"},\"author\":{\"name\":\"Lola Senoble\",\"@id\":\"https:\\\/\\\/www.monaco-tribune.com\\\/en\\\/#\\\/schema\\\/person\\\/10603f39d06463e013e339670c36bea3\"},\"headline\":\"Planetary Health Week: Monaco celebrates the blue planet, while fighting for its health\",\"datePublished\":\"2020-09-21T16:04:44+00:00\",\"dateModified\":\"2020-09-21T16:04:48+00:00\",\"mainEntityOfPage\":{\"@id\":\"https:\\\/\\\/www.monaco-tribune.com\\\/en\\\/2020\\\/09\\\/planetary-health-week-monaco-celebrates-the-blue-planet-while-fighting-for-its-health\\\/\"},\"wordCount\":282,\"publisher\":{\"@id\":\"https:\\\/\\\/www.monaco-tribune.com\\\/en\\\/#organization\"},\"image\":{\"@id\":\"https:\\\/\\\/www.monaco-tribune.com\\\/en\\\/2020\\\/09\\\/planetary-health-week-monaco-celebrates-the-blue-planet-while-fighting-for-its-health\\\/#primaryimage\"},\"thumbnailUrl\":\"https:\\\/\\\/www.monaco-tribune.com\\\/wp-content\\\/uploads\\\/2020\\\/09\\\/monte-carlo-monte-carlo-gala-oce\u0301ans.jpg\",\"keywords\":[\"Taking action\"],\"articleSection\":[\"Environment\",\"News\"],\"inLanguage\":\"en-US\",\"copyrightYear\":\"2020\",\"copyrightHolder\":{\"@id\":\"https:\\\/\\\/www.monaco-tribune.com\\\/#organization\"}},{\"@type\":\"WebPage\",\"@id\":\"https:\\\/\\\/www.monaco-tribune.com\\\/en\\\/2020\\\/09\\\/planetary-health-week-monaco-celebrates-the-blue-planet-while-fighting-for-its-health\\\/\",\"url\":\"https:\\\/\\\/www.monaco-tribune.com\\\/en\\\/2020\\\/09\\\/planetary-health-week-monaco-celebrates-the-blue-planet-while-fighting-for-its-health\\\/\",\"name\":\"Planetary Health Week: Monaco celebrates the blue planet, while fighting for its health\",\"isPartOf\":{\"@id\":\"https:\\\/\\\/www.monaco-tribune.com\\\/en\\\/#website\"},\"primaryImageOfPage\":{\"@id\":\"https:\\\/\\\/www.monaco-tribune.com\\\/en\\\/2020\\\/09\\\/planetary-health-week-monaco-celebrates-the-blue-planet-while-fighting-for-its-health\\\/#primaryimage\"},\"image\":{\"@id\":\"https:\\\/\\\/www.monaco-tribune.com\\\/en\\\/2020\\\/09\\\/planetary-health-week-monaco-celebrates-the-blue-planet-while-fighting-for-its-health\\\/#primaryimage\"},\"thumbnailUrl\":\"https:\\\/\\\/www.monaco-tribune.com\\\/wp-content\\\/uploads\\\/2020\\\/09\\\/monte-carlo-monte-carlo-gala-oce\u0301ans.jpg\",\"datePublished\":\"2020-09-21T16:04:44+00:00\",\"dateModified\":\"2020-09-21T16:04:48+00:00\",\"description\":\"From 22 to 27 September, Monaco will honour Planet Earth. The six-day-long initiative will be inaugurated by the Monte Carlo Gala for Planetary Health,\",\"breadcrumb\":{\"@id\":\"https:\\\/\\\/www.monaco-tribune.com\\\/en\\\/2020\\\/09\\\/planetary-health-week-monaco-celebrates-the-blue-planet-while-fighting-for-its-health\\\/#breadcrumb\"},\"inLanguage\":\"en-US\",\"potentialAction\":[{\"@type\":\"ReadAction\",\"target\":[\"https:\\\/\\\/www.monaco-tribune.com\\\/en\\\/2020\\\/09\\\/planetary-health-week-monaco-celebrates-the-blue-planet-while-fighting-for-its-health\\\/\"]}]},{\"@type\":\"ImageObject\",\"inLanguage\":\"en-US\",\"@id\":\"https:\\\/\\\/www.monaco-tribune.com\\\/en\\\/2020\\\/09\\\/planetary-health-week-monaco-celebrates-the-blue-planet-while-fighting-for-its-health\\\/#primaryimage\",\"url\":\"https:\\\/\\\/www.monaco-tribune.com\\\/wp-content\\\/uploads\\\/2020\\\/09\\\/monte-carlo-monte-carlo-gala-oce\u0301ans.jpg\",\"contentUrl\":\"https:\\\/\\\/www.monaco-tribune.com\\\/wp-content\\\/uploads\\\/2020\\\/09\\\/monte-carlo-monte-carlo-gala-oce\u0301ans.jpg\",\"width\":1200,\"height\":800,\"caption\":\"Visit Monaco\"},{\"@type\":\"BreadcrumbList\",\"@id\":\"https:\\\/\\\/www.monaco-tribune.com\\\/en\\\/2020\\\/09\\\/planetary-health-week-monaco-celebrates-the-blue-planet-while-fighting-for-its-health\\\/#breadcrumb\",\"itemListElement\":[{\"@type\":\"ListItem\",\"position\":1,\"name\":\"Accueil\",\"item\":\"https:\\\/\\\/www.monaco-tribune.com\\\/en\\\/\"},{\"@type\":\"ListItem\",\"position\":2,\"name\":\"Planetary Health Week: Monaco celebrates the blue planet, while fighting for its health\"}]},{\"@type\":\"WebSite\",\"@id\":\"https:\\\/\\\/www.monaco-tribune.com\\\/en\\\/#website\",\"url\":\"https:\\\/\\\/www.monaco-tribune.com\\\/en\\\/\",\"name\":\"Monaco Tribune\",\"description\":\"Monaco : actualit\u00e9s \u00e9conomiques, politiques, culturelles et sportives de Monaco et de la French Riviera.\",\"publisher\":{\"@id\":\"https:\\\/\\\/www.monaco-tribune.com\\\/en\\\/#organization\"},\"potentialAction\":[{\"@type\":\"SearchAction\",\"target\":{\"@type\":\"EntryPoint\",\"urlTemplate\":\"https:\\\/\\\/www.monaco-tribune.com\\\/en\\\/?s={search_term_string}\"},\"query-input\":{\"@type\":\"PropertyValueSpecification\",\"valueRequired\":true,\"valueName\":\"search_term_string\"}}],\"inLanguage\":\"en-US\"},{\"@type\":\"Organization\",\"@id\":\"https:\\\/\\\/www.monaco-tribune.com\\\/en\\\/#organization\",\"name\":\"Monaco Tribune\",\"url\":\"https:\\\/\\\/www.monaco-tribune.com\\\/en\\\/\",\"logo\":{\"@type\":\"ImageObject\",\"inLanguage\":\"en-US\",\"@id\":\"https:\\\/\\\/www.monaco-tribune.com\\\/en\\\/#\\\/schema\\\/logo\\\/image\\\/\",\"url\":\"https:\\\/\\\/www.monaco-tribune.com\\\/wp-content\\\/uploads\\\/2022\\\/11\\\/logo-monaco-tribune.png\",\"contentUrl\":\"https:\\\/\\\/www.monaco-tribune.com\\\/wp-content\\\/uploads\\\/2022\\\/11\\\/logo-monaco-tribune.png\",\"width\":1548,\"height\":600,\"caption\":\"Monaco Tribune\"},\"image\":{\"@id\":\"https:\\\/\\\/www.monaco-tribune.com\\\/en\\\/#\\\/schema\\\/logo\\\/image\\\/\"},\"sameAs\":[\"https:\\\/\\\/www.facebook.com\\\/MonacoTribune\",\"https:\\\/\\\/x.com\\\/MonacoTribune\",\"https:\\\/\\\/www.instagram.com\\\/monacotribune\\\/\",\"https:\\\/\\\/www.linkedin.com\\\/company\\\/monaco-tribune\",\"https:\\\/\\\/www.youtube.com\\\/channel\\\/UCHle1MnG6hw1y4lWKijVbMA\"]},{\"@type\":\"Person\",\"@id\":\"https:\\\/\\\/www.monaco-tribune.com\\\/en\\\/#\\\/schema\\\/person\\\/10603f39d06463e013e339670c36bea3\",\"name\":\"Lola Senoble\",\"image\":{\"@type\":\"ImageObject\",\"inLanguage\":\"en-US\",\"@id\":\"https:\\\/\\\/secure.gravatar.com\\\/avatar\\\/48d557f5142df87422d94c862ef0f4177361c443286157fc3838180d4d313fa1?s=96&d=mm&r=g\",\"url\":\"https:\\\/\\\/secure.gravatar.com\\\/avatar\\\/48d557f5142df87422d94c862ef0f4177361c443286157fc3838180d4d313fa1?s=96&d=mm&r=g\",\"contentUrl\":\"https:\\\/\\\/secure.gravatar.com\\\/avatar\\\/48d557f5142df87422d94c862ef0f4177361c443286157fc3838180d4d313fa1?s=96&d=mm&r=g\",\"caption\":\"Lola Senoble\"},\"url\":\"https:\\\/\\\/www.monaco-tribune.com\\\/en\\\/author\\\/lola-senoble\\\/\"}]}<\/script>\n<!-- \/ Yoast SEO Premium plugin. -->","yoast_head_json":{"title":"Planetary Health Week: Monaco celebrates the blue planet, while fighting for its health","description":"From 22 to 27 September, Monaco will honour Planet Earth. The six-day-long initiative will be inaugurated by the Monte Carlo Gala for Planetary Health,","robots":{"index":"index","follow":"follow","max-snippet":"max-snippet:-1","max-image-preview":"max-image-preview:large","max-video-preview":"max-video-preview:-1"},"canonical":"https:\/\/www.monaco-tribune.com\/en\/2020\/09\/planetary-health-week-monaco-celebrates-the-blue-planet-while-fighting-for-its-health\/","og_locale":"en_US","og_type":"article","og_title":"Planetary Health Week: Monaco celebrates the blue planet, while fighting for its health - Monaco Tribune","og_description":"From 22 to 27 September, Monaco will honour Planet Earth. The six-day-long initiative will be inaugurated by the Monte Carlo Gala for Planetary Health,","og_url":"https:\/\/www.monaco-tribune.com\/en\/2020\/09\/planetary-health-week-monaco-celebrates-the-blue-planet-while-fighting-for-its-health\/","og_site_name":"Monaco Tribune","article_publisher":"https:\/\/www.facebook.com\/MonacoTribune","article_published_time":"2020-09-21T16:04:44+00:00","article_modified_time":"2020-09-21T16:04:48+00:00","og_image":[{"width":1200,"height":800,"url":"https:\/\/www.monaco-tribune.com\/wp-content\/uploads\/2020\/09\/monte-carlo-monte-carlo-gala-oce\u0301ans.jpg","type":"image\/jpeg"}],"author":"Lola Senoble","twitter_card":"summary_large_image","twitter_creator":"@MonacoTribune","twitter_site":"@MonacoTribune","schema":{"@context":"https:\/\/schema.org","@graph":[{"@type":"NewsArticle","@id":"https:\/\/www.monaco-tribune.com\/en\/2020\/09\/planetary-health-week-monaco-celebrates-the-blue-planet-while-fighting-for-its-health\/#article","isPartOf":{"@id":"https:\/\/www.monaco-tribune.com\/en\/2020\/09\/planetary-health-week-monaco-celebrates-the-blue-planet-while-fighting-for-its-health\/"},"author":{"name":"Lola Senoble","@id":"https:\/\/www.monaco-tribune.com\/en\/#\/schema\/person\/10603f39d06463e013e339670c36bea3"},"headline":"Planetary Health Week: Monaco celebrates the blue planet, while fighting for its health","datePublished":"2020-09-21T16:04:44+00:00","dateModified":"2020-09-21T16:04:48+00:00","mainEntityOfPage":{"@id":"https:\/\/www.monaco-tribune.com\/en\/2020\/09\/planetary-health-week-monaco-celebrates-the-blue-planet-while-fighting-for-its-health\/"},"wordCount":282,"publisher":{"@id":"https:\/\/www.monaco-tribune.com\/en\/#organization"},"image":{"@id":"https:\/\/www.monaco-tribune.com\/en\/2020\/09\/planetary-health-week-monaco-celebrates-the-blue-planet-while-fighting-for-its-health\/#primaryimage"},"thumbnailUrl":"https:\/\/www.monaco-tribune.com\/wp-content\/uploads\/2020\/09\/monte-carlo-monte-carlo-gala-oce\u0301ans.jpg","keywords":["Taking action"],"articleSection":["Environment","News"],"inLanguage":"en-US","copyrightYear":"2020","copyrightHolder":{"@id":"https:\/\/www.monaco-tribune.com\/#organization"}},{"@type":"WebPage","@id":"https:\/\/www.monaco-tribune.com\/en\/2020\/09\/planetary-health-week-monaco-celebrates-the-blue-planet-while-fighting-for-its-health\/","url":"https:\/\/www.monaco-tribune.com\/en\/2020\/09\/planetary-health-week-monaco-celebrates-the-blue-planet-while-fighting-for-its-health\/","name":"Planetary Health Week: Monaco celebrates the blue planet, while fighting for its health","isPartOf":{"@id":"https:\/\/www.monaco-tribune.com\/en\/#website"},"primaryImageOfPage":{"@id":"https:\/\/www.monaco-tribune.com\/en\/2020\/09\/planetary-health-week-monaco-celebrates-the-blue-planet-while-fighting-for-its-health\/#primaryimage"},"image":{"@id":"https:\/\/www.monaco-tribune.com\/en\/2020\/09\/planetary-health-week-monaco-celebrates-the-blue-planet-while-fighting-for-its-health\/#primaryimage"},"thumbnailUrl":"https:\/\/www.monaco-tribune.com\/wp-content\/uploads\/2020\/09\/monte-carlo-monte-carlo-gala-oce\u0301ans.jpg","datePublished":"2020-09-21T16:04:44+00:00","dateModified":"2020-09-21T16:04:48+00:00","description":"From 22 to 27 September, Monaco will honour Planet Earth. The six-day-long initiative will be inaugurated by the Monte Carlo Gala for Planetary Health,","breadcrumb":{"@id":"https:\/\/www.monaco-tribune.com\/en\/2020\/09\/planetary-health-week-monaco-celebrates-the-blue-planet-while-fighting-for-its-health\/#breadcrumb"},"inLanguage":"en-US","potentialAction":[{"@type":"ReadAction","target":["https:\/\/www.monaco-tribune.com\/en\/2020\/09\/planetary-health-week-monaco-celebrates-the-blue-planet-while-fighting-for-its-health\/"]}]},{"@type":"ImageObject","inLanguage":"en-US","@id":"https:\/\/www.monaco-tribune.com\/en\/2020\/09\/planetary-health-week-monaco-celebrates-the-blue-planet-while-fighting-for-its-health\/#primaryimage","url":"https:\/\/www.monaco-tribune.com\/wp-content\/uploads\/2020\/09\/monte-carlo-monte-carlo-gala-oce\u0301ans.jpg","contentUrl":"https:\/\/www.monaco-tribune.com\/wp-content\/uploads\/2020\/09\/monte-carlo-monte-carlo-gala-oce\u0301ans.jpg","width":1200,"height":800,"caption":"Visit Monaco"},{"@type":"BreadcrumbList","@id":"https:\/\/www.monaco-tribune.com\/en\/2020\/09\/planetary-health-week-monaco-celebrates-the-blue-planet-while-fighting-for-its-health\/#breadcrumb","itemListElement":[{"@type":"ListItem","position":1,"name":"Accueil","item":"https:\/\/www.monaco-tribune.com\/en\/"},{"@type":"ListItem","position":2,"name":"Planetary Health Week: Monaco celebrates the blue planet, while fighting for its health"}]},{"@type":"WebSite","@id":"https:\/\/www.monaco-tribune.com\/en\/#website","url":"https:\/\/www.monaco-tribune.com\/en\/","name":"Monaco Tribune","description":"Monaco : actualit\u00e9s \u00e9conomiques, politiques, culturelles et sportives de Monaco et de la French Riviera.","publisher":{"@id":"https:\/\/www.monaco-tribune.com\/en\/#organization"},"potentialAction":[{"@type":"SearchAction","target":{"@type":"EntryPoint","urlTemplate":"https:\/\/www.monaco-tribune.com\/en\/?s={search_term_string}"},"query-input":{"@type":"PropertyValueSpecification","valueRequired":true,"valueName":"search_term_string"}}],"inLanguage":"en-US"},{"@type":"Organization","@id":"https:\/\/www.monaco-tribune.com\/en\/#organization","name":"Monaco Tribune","url":"https:\/\/www.monaco-tribune.com\/en\/","logo":{"@type":"ImageObject","inLanguage":"en-US","@id":"https:\/\/www.monaco-tribune.com\/en\/#\/schema\/logo\/image\/","url":"https:\/\/www.monaco-tribune.com\/wp-content\/uploads\/2022\/11\/logo-monaco-tribune.png","contentUrl":"https:\/\/www.monaco-tribune.com\/wp-content\/uploads\/2022\/11\/logo-monaco-tribune.png","width":1548,"height":600,"caption":"Monaco Tribune"},"image":{"@id":"https:\/\/www.monaco-tribune.com\/en\/#\/schema\/logo\/image\/"},"sameAs":["https:\/\/www.facebook.com\/MonacoTribune","https:\/\/x.com\/MonacoTribune","https:\/\/www.instagram.com\/monacotribune\/","https:\/\/www.linkedin.com\/company\/monaco-tribune","https:\/\/www.youtube.com\/channel\/UCHle1MnG6hw1y4lWKijVbMA"]},{"@type":"Person","@id":"https:\/\/www.monaco-tribune.com\/en\/#\/schema\/person\/10603f39d06463e013e339670c36bea3","name":"Lola Senoble","image":{"@type":"ImageObject","inLanguage":"en-US","@id":"https:\/\/secure.gravatar.com\/avatar\/48d557f5142df87422d94c862ef0f4177361c443286157fc3838180d4d313fa1?s=96&d=mm&r=g","url":"https:\/\/secure.gravatar.com\/avatar\/48d557f5142df87422d94c862ef0f4177361c443286157fc3838180d4d313fa1?s=96&d=mm&r=g","contentUrl":"https:\/\/secure.gravatar.com\/avatar\/48d557f5142df87422d94c862ef0f4177361c443286157fc3838180d4d313fa1?s=96&d=mm&r=g","caption":"Lola Senoble"},"url":"https:\/\/www.monaco-tribune.com\/en\/author\/lola-senoble\/"}]}},"_links":{"self":[{"href":"https:\/\/www.monaco-tribune.com\/en\/wp-json\/wp\/v2\/posts\/37977","targetHints":{"allow":["GET"]}}],"collection":[{"href":"https:\/\/www.monaco-tribune.com\/en\/wp-json\/wp\/v2\/posts"}],"about":[{"href":"https:\/\/www.monaco-tribune.com\/en\/wp-json\/wp\/v2\/types\/post"}],"author":[{"embeddable":true,"href":"https:\/\/www.monaco-tribune.com\/en\/wp-json\/wp\/v2\/users\/33"}],"replies":[{"embeddable":true,"href":"https:\/\/www.monaco-tribune.com\/en\/wp-json\/wp\/v2\/comments?post=37977"}],"version-history":[{"count":0,"href":"https:\/\/www.monaco-tribune.com\/en\/wp-json\/wp\/v2\/posts\/37977\/revisions"}],"wp:featuredmedia":[{"embeddable":true,"href":"https:\/\/www.monaco-tribune.com\/en\/wp-json\/wp\/v2\/media\/37967"}],"wp:attachment":[{"href":"https:\/\/www.monaco-tribune.com\/en\/wp-json\/wp\/v2\/media?parent=37977"}],"wp:term":[{"taxonomy":"category","embeddable":true,"href":"https:\/\/www.monaco-tribune.com\/en\/wp-json\/wp\/v2\/categories?post=37977"},{"taxonomy":"post_tag","embeddable":true,"href":"https:\/\/www.monaco-tribune.com\/en\/wp-json\/wp\/v2\/tags?post=37977"},{"taxonomy":"sectag","embeddable":true,"href":"https:\/\/www.monaco-tribune.com\/en\/wp-json\/wp\/v2\/post_sectags?post=37977"},{"taxonomy":"format","embeddable":true,"href":"https:\/\/www.monaco-tribune.com\/en\/wp-json\/wp\/v2\/post_format?post=37977"}],"curies":[{"name":"wp","href":"https:\/\/api.w.org\/{rel}","templated":true}]}}