{"id":43501,"date":"2020-10-29T15:10:21","date_gmt":"2020-10-29T14:10:21","guid":{"rendered":"https:\/\/www.monaco-tribune.com\/?p=43501"},"modified":"2020-10-29T15:14:11","modified_gmt":"2020-10-29T14:14:11","slug":"nice-terrorist-attack-3-confirmed-dead","status":"publish","type":"post","link":"https:\/\/www.monaco-tribune.com\/en\/2020\/10\/nice-terrorist-attack-3-confirmed-dead\/","title":{"rendered":"Nice terrorist attack: 3 confirmed dead"},"content":{"rendered":"\n<p><strong>Three people have been confirmed dead after a knife attack in the Notre-Dame basilica this morning at 9 am.&nbsp;<\/strong><\/p>\n\n\n\n<p>A man rumoured to be the churchwarden and a woman in her 70s died in the church. A third woman in her 40s who had taken refuge in a nearby caf\u00e9 succumbed to her injuries. At least one of the victims was beheaded. Several other people are injured. <\/p>\n\n\n\n<p>The attacker was shot in the shoulder by the police and has been taken to hospital. <\/p>\n\n\n\n<h2 class=\"wp-block-heading\" id=\"h-terrorist-motives-confirmed\">Terrorist motives confirmed<\/h2>\n\n\n\n<p>&#8220;I can confirm that all evidence points to a terrorist attack in the Notre-Dame basilica,&#8221; said Christian Estrosi, mayor of Nice. The attacker &#8220;kept repeating &#8216;Allah Akbar&#8217; while he was being treated on the scene,&#8221; he added.<\/p>\n\n\n\n<p>French Prime Minister Jean Castex announced that the country&#8217;s alert level. France\u2019s anti-terrorism body has opened an investigation into the attack. French President Emmanuel Macron is expected at the Notre-Dame basilica in the after afternoon.<\/p>\n\n\n\n<figure class=\"wp-block-embed-twitter aligncenter wp-block-embed is-type-rich is-provider-twitter\"><div class=\"wp-block-embed__wrapper\">\n<blockquote class=\"twitter-tweet\" data-width=\"500\" data-dnt=\"true\"><p lang=\"en\" dir=\"ltr\">I am close to the Catholic community of <a href=\"https:\/\/twitter.com\/hashtag\/Nice?src=hash&amp;ref_src=twsrc%5Etfw\">#Nice<\/a>, mourning the attack that sowed death in a place of prayer and consolation. I pray for the victims, for their families and for the beloved French people, that they may respond to evil with good.<\/p>&mdash; Pope Francis (@Pontifex) <a href=\"https:\/\/twitter.com\/Pontifex\/status\/1321791394432847873?ref_src=twsrc%5Etfw\">October 29, 2020<\/a><\/blockquote><script async src=\"https:\/\/platform.twitter.com\/widgets.js\" charset=\"utf-8\"><\/script>\n<\/div><\/figure>\n\n\n\n<figure class=\"wp-block-embed-twitter aligncenter wp-block-embed is-type-rich is-provider-twitter\"><div class=\"wp-block-embed__wrapper\">\n<blockquote class=\"twitter-tweet\" data-width=\"500\" data-dnt=\"true\"><p lang=\"fr\" dir=\"ltr\">Merci au chef de l&#39;Etat <a href=\"https:\/\/twitter.com\/EmmanuelMacron?ref_src=twsrc%5Etfw\">@EmmanuelMacron<\/a> pour sa venue imm\u00e9diate dans notre ville apr\u00e8s le nouvel attentat islamiste qui a frapp\u00e9 le c\u0153ur de <a href=\"https:\/\/twitter.com\/hashtag\/Nice06?src=hash&amp;ref_src=twsrc%5Etfw\">#Nice06<\/a>. <a href=\"https:\/\/t.co\/ZAVwVpPf1A\">pic.twitter.com\/ZAVwVpPf1A<\/a><\/p>&mdash; Christian Estrosi (@cestrosi) <a href=\"https:\/\/twitter.com\/cestrosi\/status\/1321796370714497024?ref_src=twsrc%5Etfw\">October 29, 2020<\/a><\/blockquote><script async src=\"https:\/\/platform.twitter.com\/widgets.js\" charset=\"utf-8\"><\/script>\n<\/div><\/figure>\n","protected":false},"excerpt":{"rendered":"<p>Three people have been confirmed dead after a knife attack in the Notre-Dame basilica this morning at 9 am.&nbsp; A [&hellip;]<\/p>\n","protected":false},"author":35,"featured_media":43531,"comment_status":"closed","ping_status":"closed","sticky":false,"template":"","format":"standard","meta":{"_acf_changed":false,"footnotes":""},"categories":[1825,243,258],"tags":[2566],"post_sectags":[],"post_format":[2465],"class_list":["post-43501","post","type-post","status-publish","format-standard","has-post-thumbnail","hentry","category-editors-choice","category-news","category-public-life","tag-faits-divers-en","format-in-brief"],"acf":[],"yoast_head":"<!-- This site is optimized with the Yoast SEO Premium plugin v27.5 (Yoast SEO v27.5) - https:\/\/yoast.com\/product\/yoast-seo-premium-wordpress\/ -->\n<title>Nice terrorist attack: 3 confirmed dead<\/title>\n<meta name=\"description\" content=\"Three people have been confirmed dead after a knife attack in the Notre-Dame basilica this morning at 9 am.&nbsp; A man rumoured to be the churchwarden\" \/>\n<meta name=\"robots\" content=\"index, follow, max-snippet:-1, max-image-preview:large, max-video-preview:-1\" \/>\n<link rel=\"canonical\" href=\"https:\/\/www.monaco-tribune.com\/en\/2020\/10\/nice-terrorist-attack-3-confirmed-dead\/\" \/>\n<meta property=\"og:locale\" content=\"en_US\" \/>\n<meta property=\"og:type\" content=\"article\" \/>\n<meta property=\"og:title\" content=\"Nice terrorist attack: 3 confirmed dead - Monaco Tribune\" \/>\n<meta property=\"og:description\" content=\"Three people have been confirmed dead after a knife attack in the Notre-Dame basilica this morning at 9 am.&nbsp; A man rumoured to be the churchwarden\" \/>\n<meta property=\"og:url\" content=\"https:\/\/www.monaco-tribune.com\/en\/2020\/10\/nice-terrorist-attack-3-confirmed-dead\/\" \/>\n<meta property=\"og:site_name\" content=\"Monaco Tribune\" \/>\n<meta property=\"article:publisher\" content=\"https:\/\/www.facebook.com\/MonacoTribune\" \/>\n<meta property=\"article:published_time\" content=\"2020-10-29T14:10:21+00:00\" \/>\n<meta property=\"article:modified_time\" content=\"2020-10-29T14:14:11+00:00\" \/>\n<meta property=\"og:image\" content=\"https:\/\/www.monaco-tribune.com\/wp-content\/uploads\/2020\/10\/emmanuel-macron.jpg\" \/>\n\t<meta property=\"og:image:width\" content=\"976\" \/>\n\t<meta property=\"og:image:height\" content=\"549\" \/>\n\t<meta property=\"og:image:type\" content=\"image\/jpeg\" \/>\n<meta name=\"author\" content=\"Francesca German\" \/>\n<meta name=\"twitter:card\" content=\"summary_large_image\" \/>\n<meta name=\"twitter:creator\" content=\"@MonacoTribune\" \/>\n<meta name=\"twitter:site\" content=\"@MonacoTribune\" \/>\n<script type=\"application\/ld+json\" class=\"yoast-schema-graph\">{\"@context\":\"https:\\\/\\\/schema.org\",\"@graph\":[{\"@type\":\"NewsArticle\",\"@id\":\"https:\\\/\\\/www.monaco-tribune.com\\\/en\\\/2020\\\/10\\\/nice-terrorist-attack-3-confirmed-dead\\\/#article\",\"isPartOf\":{\"@id\":\"https:\\\/\\\/www.monaco-tribune.com\\\/en\\\/2020\\\/10\\\/nice-terrorist-attack-3-confirmed-dead\\\/\"},\"author\":{\"name\":\"Francesca German\",\"@id\":\"https:\\\/\\\/www.monaco-tribune.com\\\/en\\\/#\\\/schema\\\/person\\\/cd4352150f4370cd860abc5f0ae76a12\"},\"headline\":\"Nice terrorist attack: 3 confirmed dead\",\"datePublished\":\"2020-10-29T14:10:21+00:00\",\"dateModified\":\"2020-10-29T14:14:11+00:00\",\"mainEntityOfPage\":{\"@id\":\"https:\\\/\\\/www.monaco-tribune.com\\\/en\\\/2020\\\/10\\\/nice-terrorist-attack-3-confirmed-dead\\\/\"},\"wordCount\":176,\"publisher\":{\"@id\":\"https:\\\/\\\/www.monaco-tribune.com\\\/en\\\/#organization\"},\"image\":{\"@id\":\"https:\\\/\\\/www.monaco-tribune.com\\\/en\\\/2020\\\/10\\\/nice-terrorist-attack-3-confirmed-dead\\\/#primaryimage\"},\"thumbnailUrl\":\"https:\\\/\\\/www.monaco-tribune.com\\\/wp-content\\\/uploads\\\/2020\\\/10\\\/emmanuel-macron.jpg\",\"keywords\":[\"Faits Divers\"],\"articleSection\":[\"Editor&#039;s choice\",\"News\",\"Society\"],\"inLanguage\":\"en-US\",\"copyrightYear\":\"2020\",\"copyrightHolder\":{\"@id\":\"https:\\\/\\\/www.monaco-tribune.com\\\/#organization\"}},{\"@type\":\"WebPage\",\"@id\":\"https:\\\/\\\/www.monaco-tribune.com\\\/en\\\/2020\\\/10\\\/nice-terrorist-attack-3-confirmed-dead\\\/\",\"url\":\"https:\\\/\\\/www.monaco-tribune.com\\\/en\\\/2020\\\/10\\\/nice-terrorist-attack-3-confirmed-dead\\\/\",\"name\":\"Nice terrorist attack: 3 confirmed dead\",\"isPartOf\":{\"@id\":\"https:\\\/\\\/www.monaco-tribune.com\\\/en\\\/#website\"},\"primaryImageOfPage\":{\"@id\":\"https:\\\/\\\/www.monaco-tribune.com\\\/en\\\/2020\\\/10\\\/nice-terrorist-attack-3-confirmed-dead\\\/#primaryimage\"},\"image\":{\"@id\":\"https:\\\/\\\/www.monaco-tribune.com\\\/en\\\/2020\\\/10\\\/nice-terrorist-attack-3-confirmed-dead\\\/#primaryimage\"},\"thumbnailUrl\":\"https:\\\/\\\/www.monaco-tribune.com\\\/wp-content\\\/uploads\\\/2020\\\/10\\\/emmanuel-macron.jpg\",\"datePublished\":\"2020-10-29T14:10:21+00:00\",\"dateModified\":\"2020-10-29T14:14:11+00:00\",\"description\":\"Three people have been confirmed dead after a knife attack in the Notre-Dame basilica this morning at 9 am.&nbsp; A man rumoured to be the churchwarden\",\"breadcrumb\":{\"@id\":\"https:\\\/\\\/www.monaco-tribune.com\\\/en\\\/2020\\\/10\\\/nice-terrorist-attack-3-confirmed-dead\\\/#breadcrumb\"},\"inLanguage\":\"en-US\",\"potentialAction\":[{\"@type\":\"ReadAction\",\"target\":[\"https:\\\/\\\/www.monaco-tribune.com\\\/en\\\/2020\\\/10\\\/nice-terrorist-attack-3-confirmed-dead\\\/\"]}]},{\"@type\":\"ImageObject\",\"inLanguage\":\"en-US\",\"@id\":\"https:\\\/\\\/www.monaco-tribune.com\\\/en\\\/2020\\\/10\\\/nice-terrorist-attack-3-confirmed-dead\\\/#primaryimage\",\"url\":\"https:\\\/\\\/www.monaco-tribune.com\\\/wp-content\\\/uploads\\\/2020\\\/10\\\/emmanuel-macron.jpg\",\"contentUrl\":\"https:\\\/\\\/www.monaco-tribune.com\\\/wp-content\\\/uploads\\\/2020\\\/10\\\/emmanuel-macron.jpg\",\"width\":976,\"height\":549,\"caption\":\"Emmanuel Macron\"},{\"@type\":\"BreadcrumbList\",\"@id\":\"https:\\\/\\\/www.monaco-tribune.com\\\/en\\\/2020\\\/10\\\/nice-terrorist-attack-3-confirmed-dead\\\/#breadcrumb\",\"itemListElement\":[{\"@type\":\"ListItem\",\"position\":1,\"name\":\"Accueil\",\"item\":\"https:\\\/\\\/www.monaco-tribune.com\\\/en\\\/\"},{\"@type\":\"ListItem\",\"position\":2,\"name\":\"Nice terrorist attack: 3 confirmed dead\"}]},{\"@type\":\"WebSite\",\"@id\":\"https:\\\/\\\/www.monaco-tribune.com\\\/en\\\/#website\",\"url\":\"https:\\\/\\\/www.monaco-tribune.com\\\/en\\\/\",\"name\":\"Monaco Tribune\",\"description\":\"Monaco : actualit\u00e9s \u00e9conomiques, politiques, culturelles et sportives de Monaco et de la French Riviera.\",\"publisher\":{\"@id\":\"https:\\\/\\\/www.monaco-tribune.com\\\/en\\\/#organization\"},\"potentialAction\":[{\"@type\":\"SearchAction\",\"target\":{\"@type\":\"EntryPoint\",\"urlTemplate\":\"https:\\\/\\\/www.monaco-tribune.com\\\/en\\\/?s={search_term_string}\"},\"query-input\":{\"@type\":\"PropertyValueSpecification\",\"valueRequired\":true,\"valueName\":\"search_term_string\"}}],\"inLanguage\":\"en-US\"},{\"@type\":\"Organization\",\"@id\":\"https:\\\/\\\/www.monaco-tribune.com\\\/en\\\/#organization\",\"name\":\"Monaco Tribune\",\"url\":\"https:\\\/\\\/www.monaco-tribune.com\\\/en\\\/\",\"logo\":{\"@type\":\"ImageObject\",\"inLanguage\":\"en-US\",\"@id\":\"https:\\\/\\\/www.monaco-tribune.com\\\/en\\\/#\\\/schema\\\/logo\\\/image\\\/\",\"url\":\"https:\\\/\\\/www.monaco-tribune.com\\\/wp-content\\\/uploads\\\/2022\\\/11\\\/logo-monaco-tribune.png\",\"contentUrl\":\"https:\\\/\\\/www.monaco-tribune.com\\\/wp-content\\\/uploads\\\/2022\\\/11\\\/logo-monaco-tribune.png\",\"width\":1548,\"height\":600,\"caption\":\"Monaco Tribune\"},\"image\":{\"@id\":\"https:\\\/\\\/www.monaco-tribune.com\\\/en\\\/#\\\/schema\\\/logo\\\/image\\\/\"},\"sameAs\":[\"https:\\\/\\\/www.facebook.com\\\/MonacoTribune\",\"https:\\\/\\\/x.com\\\/MonacoTribune\",\"https:\\\/\\\/www.instagram.com\\\/monacotribune\\\/\",\"https:\\\/\\\/www.linkedin.com\\\/company\\\/monaco-tribune\",\"https:\\\/\\\/www.youtube.com\\\/channel\\\/UCHle1MnG6hw1y4lWKijVbMA\"]},{\"@type\":\"Person\",\"@id\":\"https:\\\/\\\/www.monaco-tribune.com\\\/en\\\/#\\\/schema\\\/person\\\/cd4352150f4370cd860abc5f0ae76a12\",\"name\":\"Francesca German\",\"image\":{\"@type\":\"ImageObject\",\"inLanguage\":\"en-US\",\"@id\":\"https:\\\/\\\/secure.gravatar.com\\\/avatar\\\/fd37e6ec8e4df41e628b34fc3b37dce72cc4abdd815191f36e3bcfc1edfe5f61?s=96&d=mm&r=g\",\"url\":\"https:\\\/\\\/secure.gravatar.com\\\/avatar\\\/fd37e6ec8e4df41e628b34fc3b37dce72cc4abdd815191f36e3bcfc1edfe5f61?s=96&d=mm&r=g\",\"contentUrl\":\"https:\\\/\\\/secure.gravatar.com\\\/avatar\\\/fd37e6ec8e4df41e628b34fc3b37dce72cc4abdd815191f36e3bcfc1edfe5f61?s=96&d=mm&r=g\",\"caption\":\"Francesca German\"},\"url\":\"https:\\\/\\\/www.monaco-tribune.com\\\/en\\\/author\\\/francescagerman\\\/\"}]}<\/script>\n<!-- \/ Yoast SEO Premium plugin. -->","yoast_head_json":{"title":"Nice terrorist attack: 3 confirmed dead","description":"Three people have been confirmed dead after a knife attack in the Notre-Dame basilica this morning at 9 am.&nbsp; A man rumoured to be the churchwarden","robots":{"index":"index","follow":"follow","max-snippet":"max-snippet:-1","max-image-preview":"max-image-preview:large","max-video-preview":"max-video-preview:-1"},"canonical":"https:\/\/www.monaco-tribune.com\/en\/2020\/10\/nice-terrorist-attack-3-confirmed-dead\/","og_locale":"en_US","og_type":"article","og_title":"Nice terrorist attack: 3 confirmed dead - Monaco Tribune","og_description":"Three people have been confirmed dead after a knife attack in the Notre-Dame basilica this morning at 9 am.&nbsp; A man rumoured to be the churchwarden","og_url":"https:\/\/www.monaco-tribune.com\/en\/2020\/10\/nice-terrorist-attack-3-confirmed-dead\/","og_site_name":"Monaco Tribune","article_publisher":"https:\/\/www.facebook.com\/MonacoTribune","article_published_time":"2020-10-29T14:10:21+00:00","article_modified_time":"2020-10-29T14:14:11+00:00","og_image":[{"width":976,"height":549,"url":"https:\/\/www.monaco-tribune.com\/wp-content\/uploads\/2020\/10\/emmanuel-macron.jpg","type":"image\/jpeg"}],"author":"Francesca German","twitter_card":"summary_large_image","twitter_creator":"@MonacoTribune","twitter_site":"@MonacoTribune","schema":{"@context":"https:\/\/schema.org","@graph":[{"@type":"NewsArticle","@id":"https:\/\/www.monaco-tribune.com\/en\/2020\/10\/nice-terrorist-attack-3-confirmed-dead\/#article","isPartOf":{"@id":"https:\/\/www.monaco-tribune.com\/en\/2020\/10\/nice-terrorist-attack-3-confirmed-dead\/"},"author":{"name":"Francesca German","@id":"https:\/\/www.monaco-tribune.com\/en\/#\/schema\/person\/cd4352150f4370cd860abc5f0ae76a12"},"headline":"Nice terrorist attack: 3 confirmed dead","datePublished":"2020-10-29T14:10:21+00:00","dateModified":"2020-10-29T14:14:11+00:00","mainEntityOfPage":{"@id":"https:\/\/www.monaco-tribune.com\/en\/2020\/10\/nice-terrorist-attack-3-confirmed-dead\/"},"wordCount":176,"publisher":{"@id":"https:\/\/www.monaco-tribune.com\/en\/#organization"},"image":{"@id":"https:\/\/www.monaco-tribune.com\/en\/2020\/10\/nice-terrorist-attack-3-confirmed-dead\/#primaryimage"},"thumbnailUrl":"https:\/\/www.monaco-tribune.com\/wp-content\/uploads\/2020\/10\/emmanuel-macron.jpg","keywords":["Faits Divers"],"articleSection":["Editor&#039;s choice","News","Society"],"inLanguage":"en-US","copyrightYear":"2020","copyrightHolder":{"@id":"https:\/\/www.monaco-tribune.com\/#organization"}},{"@type":"WebPage","@id":"https:\/\/www.monaco-tribune.com\/en\/2020\/10\/nice-terrorist-attack-3-confirmed-dead\/","url":"https:\/\/www.monaco-tribune.com\/en\/2020\/10\/nice-terrorist-attack-3-confirmed-dead\/","name":"Nice terrorist attack: 3 confirmed dead","isPartOf":{"@id":"https:\/\/www.monaco-tribune.com\/en\/#website"},"primaryImageOfPage":{"@id":"https:\/\/www.monaco-tribune.com\/en\/2020\/10\/nice-terrorist-attack-3-confirmed-dead\/#primaryimage"},"image":{"@id":"https:\/\/www.monaco-tribune.com\/en\/2020\/10\/nice-terrorist-attack-3-confirmed-dead\/#primaryimage"},"thumbnailUrl":"https:\/\/www.monaco-tribune.com\/wp-content\/uploads\/2020\/10\/emmanuel-macron.jpg","datePublished":"2020-10-29T14:10:21+00:00","dateModified":"2020-10-29T14:14:11+00:00","description":"Three people have been confirmed dead after a knife attack in the Notre-Dame basilica this morning at 9 am.&nbsp; A man rumoured to be the churchwarden","breadcrumb":{"@id":"https:\/\/www.monaco-tribune.com\/en\/2020\/10\/nice-terrorist-attack-3-confirmed-dead\/#breadcrumb"},"inLanguage":"en-US","potentialAction":[{"@type":"ReadAction","target":["https:\/\/www.monaco-tribune.com\/en\/2020\/10\/nice-terrorist-attack-3-confirmed-dead\/"]}]},{"@type":"ImageObject","inLanguage":"en-US","@id":"https:\/\/www.monaco-tribune.com\/en\/2020\/10\/nice-terrorist-attack-3-confirmed-dead\/#primaryimage","url":"https:\/\/www.monaco-tribune.com\/wp-content\/uploads\/2020\/10\/emmanuel-macron.jpg","contentUrl":"https:\/\/www.monaco-tribune.com\/wp-content\/uploads\/2020\/10\/emmanuel-macron.jpg","width":976,"height":549,"caption":"Emmanuel Macron"},{"@type":"BreadcrumbList","@id":"https:\/\/www.monaco-tribune.com\/en\/2020\/10\/nice-terrorist-attack-3-confirmed-dead\/#breadcrumb","itemListElement":[{"@type":"ListItem","position":1,"name":"Accueil","item":"https:\/\/www.monaco-tribune.com\/en\/"},{"@type":"ListItem","position":2,"name":"Nice terrorist attack: 3 confirmed dead"}]},{"@type":"WebSite","@id":"https:\/\/www.monaco-tribune.com\/en\/#website","url":"https:\/\/www.monaco-tribune.com\/en\/","name":"Monaco Tribune","description":"Monaco : actualit\u00e9s \u00e9conomiques, politiques, culturelles et sportives de Monaco et de la French Riviera.","publisher":{"@id":"https:\/\/www.monaco-tribune.com\/en\/#organization"},"potentialAction":[{"@type":"SearchAction","target":{"@type":"EntryPoint","urlTemplate":"https:\/\/www.monaco-tribune.com\/en\/?s={search_term_string}"},"query-input":{"@type":"PropertyValueSpecification","valueRequired":true,"valueName":"search_term_string"}}],"inLanguage":"en-US"},{"@type":"Organization","@id":"https:\/\/www.monaco-tribune.com\/en\/#organization","name":"Monaco Tribune","url":"https:\/\/www.monaco-tribune.com\/en\/","logo":{"@type":"ImageObject","inLanguage":"en-US","@id":"https:\/\/www.monaco-tribune.com\/en\/#\/schema\/logo\/image\/","url":"https:\/\/www.monaco-tribune.com\/wp-content\/uploads\/2022\/11\/logo-monaco-tribune.png","contentUrl":"https:\/\/www.monaco-tribune.com\/wp-content\/uploads\/2022\/11\/logo-monaco-tribune.png","width":1548,"height":600,"caption":"Monaco Tribune"},"image":{"@id":"https:\/\/www.monaco-tribune.com\/en\/#\/schema\/logo\/image\/"},"sameAs":["https:\/\/www.facebook.com\/MonacoTribune","https:\/\/x.com\/MonacoTribune","https:\/\/www.instagram.com\/monacotribune\/","https:\/\/www.linkedin.com\/company\/monaco-tribune","https:\/\/www.youtube.com\/channel\/UCHle1MnG6hw1y4lWKijVbMA"]},{"@type":"Person","@id":"https:\/\/www.monaco-tribune.com\/en\/#\/schema\/person\/cd4352150f4370cd860abc5f0ae76a12","name":"Francesca German","image":{"@type":"ImageObject","inLanguage":"en-US","@id":"https:\/\/secure.gravatar.com\/avatar\/fd37e6ec8e4df41e628b34fc3b37dce72cc4abdd815191f36e3bcfc1edfe5f61?s=96&d=mm&r=g","url":"https:\/\/secure.gravatar.com\/avatar\/fd37e6ec8e4df41e628b34fc3b37dce72cc4abdd815191f36e3bcfc1edfe5f61?s=96&d=mm&r=g","contentUrl":"https:\/\/secure.gravatar.com\/avatar\/fd37e6ec8e4df41e628b34fc3b37dce72cc4abdd815191f36e3bcfc1edfe5f61?s=96&d=mm&r=g","caption":"Francesca German"},"url":"https:\/\/www.monaco-tribune.com\/en\/author\/francescagerman\/"}]}},"_links":{"self":[{"href":"https:\/\/www.monaco-tribune.com\/en\/wp-json\/wp\/v2\/posts\/43501","targetHints":{"allow":["GET"]}}],"collection":[{"href":"https:\/\/www.monaco-tribune.com\/en\/wp-json\/wp\/v2\/posts"}],"about":[{"href":"https:\/\/www.monaco-tribune.com\/en\/wp-json\/wp\/v2\/types\/post"}],"author":[{"embeddable":true,"href":"https:\/\/www.monaco-tribune.com\/en\/wp-json\/wp\/v2\/users\/35"}],"replies":[{"embeddable":true,"href":"https:\/\/www.monaco-tribune.com\/en\/wp-json\/wp\/v2\/comments?post=43501"}],"version-history":[{"count":0,"href":"https:\/\/www.monaco-tribune.com\/en\/wp-json\/wp\/v2\/posts\/43501\/revisions"}],"wp:featuredmedia":[{"embeddable":true,"href":"https:\/\/www.monaco-tribune.com\/en\/wp-json\/wp\/v2\/media\/43531"}],"wp:attachment":[{"href":"https:\/\/www.monaco-tribune.com\/en\/wp-json\/wp\/v2\/media?parent=43501"}],"wp:term":[{"taxonomy":"category","embeddable":true,"href":"https:\/\/www.monaco-tribune.com\/en\/wp-json\/wp\/v2\/categories?post=43501"},{"taxonomy":"post_tag","embeddable":true,"href":"https:\/\/www.monaco-tribune.com\/en\/wp-json\/wp\/v2\/tags?post=43501"},{"taxonomy":"sectag","embeddable":true,"href":"https:\/\/www.monaco-tribune.com\/en\/wp-json\/wp\/v2\/post_sectags?post=43501"},{"taxonomy":"format","embeddable":true,"href":"https:\/\/www.monaco-tribune.com\/en\/wp-json\/wp\/v2\/post_format?post=43501"}],"curies":[{"name":"wp","href":"https:\/\/api.w.org\/{rel}","templated":true}]}}