{"id":44291,"date":"2020-11-03T16:00:14","date_gmt":"2020-11-03T15:00:14","guid":{"rendered":"https:\/\/www.monaco-tribune.com\/2020\/11\/covid-19-monacos-princess-grace-hospital-ready-for-a-new-wave\/"},"modified":"2020-11-04T10:00:44","modified_gmt":"2020-11-04T09:00:44","slug":"covid-19-monacos-princess-grace-hospital-ready-for-a-new-wave","status":"publish","type":"post","link":"https:\/\/www.monaco-tribune.com\/en\/2020\/11\/covid-19-monacos-princess-grace-hospital-ready-for-a-new-wave\/","title":{"rendered":"Covid-19: Monaco&#8217;s Princess Grace Hospital says it is ready for new wave"},"content":{"rendered":"\n<p><p><strong>Given the ever-rising number of cases, the French Scientific Council predicts repeated waves of Covid-19 in France and Europe, as Monaco&#8217;s Princess Grace Hospital braces for a difficult winter.<\/strong><\/p><\/p>\n\n<p><p>Despite <a href=\"https:\/\/www.monaco-tribune.com\/en\/2020\/10\/covid-19-monaco-to-announce-new-measures-as-france-locks-down\/\">curfews and a subsequent national lockdown<\/a>, on 2 November France registered a record number of Covid-19 cases, with 52,518 new cases recorded in 24h. France also saw 418 deaths, numbers which hadn\u2019t been as high since April. The numbers of critical cases are also on the rise. In the last 24h, 430 patients were admitted to ICU, bringing the number of France&#8217;s ICU patients to 3,730. \u00a0<\/p><\/p>\n\n<h2 class=\"wp-block-heading\" id=\"h-la-principaut-pr-te-agir-face-un-rebond-de-cas\">Monaco ready for a surge in cases<\/h2>\n\n<p><p>Monaco has now registered 375 cases of Covid-19 since the start of the pandemic. On Monday 2 November, 12 patients were being treated at Monaco\u2019s Princess Grace Hospital, 6 of them in ICU. 82 people are currently self-isolating, while the total number of recoveries has risen to 281.<\/p>&#13;\n<p><a href=\"https:\/\/www.chpg.mc\">The Princess Grace Hospital<\/a> says that they are ready to face the new wave of Coronavirus and that they expect a surge in hospitalisations towards the end of the first week of November. Meanwhile, France&#8217;s scientific council has published a statement saying that it predicts \u201cseveral repeated waves&#8221; of Coronavirus towards the end of Winter 2020, as well as in Spring 2021.<\/p><\/p>\n\n<figure class=\"wp-block-embed-twitter wp-block-embed is-type-rich is-provider-twitter\"><div class=\"wp-block-embed__wrapper\">\n<blockquote class=\"twitter-tweet\" data-width=\"500\" data-dnt=\"true\"><p lang=\"fr\" dir=\"ltr\">\ud83c\udf99<a href=\"https:\/\/twitter.com\/hashtag\/Interview?src=hash&amp;ref_src=twsrc%5Etfw\">#Interview<\/a><br>&quot;Les pr\u00e9visions d\u00e9montrent une hausse d&#39;hospitalisations en fin de semaine prochaine. Nous serons pr\u00eats.&quot;<br>L&#39;<a href=\"https:\/\/twitter.com\/hopitalMonaco?ref_src=twsrc%5Etfw\">@hopitalMonaco<\/a> pr\u00eat \u00e0 faire face \u00e0 la Covid-19, en poursuivant l\u2019activit\u00e9 habituelle de soins. Explications de Beno\u00eete de Sevelinges.<br>\u27a1\ufe0f<a href=\"https:\/\/t.co\/GVp1NTU6Rj\">https:\/\/t.co\/GVp1NTU6Rj<\/a> <a href=\"https:\/\/t.co\/PJQ2YEz6eo\">pic.twitter.com\/PJQ2YEz6eo<\/a><\/p>&mdash; Monaco Info (@monaco__info) <a href=\"https:\/\/twitter.com\/monaco__info\/status\/1322459695941079041?ref_src=twsrc%5Etfw\">October 31, 2020<\/a><\/blockquote><script async src=\"https:\/\/platform.twitter.com\/widgets.js\" charset=\"utf-8\"><\/script>\n<\/div><\/figure>","protected":false},"excerpt":{"rendered":"<p>Given the ever-rising number of cases, the French Scientific Council predicts repeated waves of Covid-19 in France and Europe, as [&hellip;]<\/p>\n","protected":false},"author":41,"featured_media":44196,"comment_status":"closed","ping_status":"closed","sticky":false,"template":"","format":"standard","meta":{"_acf_changed":false,"footnotes":""},"categories":[243,258],"tags":[2888],"post_sectags":[],"post_format":[2465],"class_list":["post-44291","post","type-post","status-publish","format-standard","has-post-thumbnail","hentry","category-news","category-public-life","tag-covid-19-en","format-in-brief"],"acf":[],"yoast_head":"<!-- This site is optimized with the Yoast SEO Premium plugin v26.8 (Yoast SEO v27.4) - https:\/\/yoast.com\/product\/yoast-seo-premium-wordpress\/ -->\n<title>Covid-19: Monaco&#039;s Princess Grace Hospital says it is ready for new wave<\/title>\n<meta name=\"description\" content=\"Given the ever-rising number of cases, the French Scientific Council predicts repeated waves of Covid-19 in France and Europe, as Monaco&#039;s Princess Grace\" \/>\n<meta name=\"robots\" content=\"index, follow, max-snippet:-1, max-image-preview:large, max-video-preview:-1\" \/>\n<link rel=\"canonical\" href=\"https:\/\/www.monaco-tribune.com\/en\/2020\/11\/covid-19-monacos-princess-grace-hospital-ready-for-a-new-wave\/\" \/>\n<meta property=\"og:locale\" content=\"en_US\" \/>\n<meta property=\"og:type\" content=\"article\" \/>\n<meta property=\"og:title\" content=\"Covid-19: Monaco&#039;s Princess Grace Hospital says it is ready for new wave - Monaco Tribune\" \/>\n<meta property=\"og:description\" content=\"Given the ever-rising number of cases, the French Scientific Council predicts repeated waves of Covid-19 in France and Europe, as Monaco&#039;s Princess Grace\" \/>\n<meta property=\"og:url\" content=\"https:\/\/www.monaco-tribune.com\/en\/2020\/11\/covid-19-monacos-princess-grace-hospital-ready-for-a-new-wave\/\" \/>\n<meta property=\"og:site_name\" content=\"Monaco Tribune\" \/>\n<meta property=\"article:publisher\" content=\"https:\/\/www.facebook.com\/MonacoTribune\" \/>\n<meta property=\"article:published_time\" content=\"2020-11-03T15:00:14+00:00\" \/>\n<meta property=\"article:modified_time\" content=\"2020-11-04T09:00:44+00:00\" \/>\n<meta property=\"og:image\" content=\"https:\/\/www.monaco-tribune.com\/wp-content\/uploads\/2020\/11\/test-covid-19-min.jpg\" \/>\n\t<meta property=\"og:image:width\" content=\"1200\" \/>\n\t<meta property=\"og:image:height\" content=\"800\" \/>\n\t<meta property=\"og:image:type\" content=\"image\/jpeg\" \/>\n<meta name=\"author\" content=\"Nassima Errami\" \/>\n<meta name=\"twitter:card\" content=\"summary_large_image\" \/>\n<meta name=\"twitter:creator\" content=\"@MonacoTribune\" \/>\n<meta name=\"twitter:site\" content=\"@MonacoTribune\" \/>\n<script type=\"application\/ld+json\" class=\"yoast-schema-graph\">{\"@context\":\"https:\\\/\\\/schema.org\",\"@graph\":[{\"@type\":\"NewsArticle\",\"@id\":\"https:\\\/\\\/www.monaco-tribune.com\\\/en\\\/2020\\\/11\\\/covid-19-monacos-princess-grace-hospital-ready-for-a-new-wave\\\/#article\",\"isPartOf\":{\"@id\":\"https:\\\/\\\/www.monaco-tribune.com\\\/en\\\/2020\\\/11\\\/covid-19-monacos-princess-grace-hospital-ready-for-a-new-wave\\\/\"},\"author\":{\"name\":\"Nassima Errami\",\"@id\":\"https:\\\/\\\/www.monaco-tribune.com\\\/en\\\/#\\\/schema\\\/person\\\/3814f045714aae4bb4abbfb04158f169\"},\"headline\":\"Covid-19: Monaco&#8217;s Princess Grace Hospital says it is ready for new wave\",\"datePublished\":\"2020-11-03T15:00:14+00:00\",\"dateModified\":\"2020-11-04T09:00:44+00:00\",\"mainEntityOfPage\":{\"@id\":\"https:\\\/\\\/www.monaco-tribune.com\\\/en\\\/2020\\\/11\\\/covid-19-monacos-princess-grace-hospital-ready-for-a-new-wave\\\/\"},\"wordCount\":225,\"publisher\":{\"@id\":\"https:\\\/\\\/www.monaco-tribune.com\\\/en\\\/#organization\"},\"image\":{\"@id\":\"https:\\\/\\\/www.monaco-tribune.com\\\/en\\\/2020\\\/11\\\/covid-19-monacos-princess-grace-hospital-ready-for-a-new-wave\\\/#primaryimage\"},\"thumbnailUrl\":\"https:\\\/\\\/www.monaco-tribune.com\\\/wp-content\\\/uploads\\\/2020\\\/11\\\/test-covid-19-min.jpg\",\"keywords\":[\"Covid-19\"],\"articleSection\":[\"News\",\"Society\"],\"inLanguage\":\"en-US\",\"copyrightYear\":\"2020\",\"copyrightHolder\":{\"@id\":\"https:\\\/\\\/www.monaco-tribune.com\\\/#organization\"}},{\"@type\":\"WebPage\",\"@id\":\"https:\\\/\\\/www.monaco-tribune.com\\\/en\\\/2020\\\/11\\\/covid-19-monacos-princess-grace-hospital-ready-for-a-new-wave\\\/\",\"url\":\"https:\\\/\\\/www.monaco-tribune.com\\\/en\\\/2020\\\/11\\\/covid-19-monacos-princess-grace-hospital-ready-for-a-new-wave\\\/\",\"name\":\"Covid-19: Monaco's Princess Grace Hospital says it is ready for new wave\",\"isPartOf\":{\"@id\":\"https:\\\/\\\/www.monaco-tribune.com\\\/en\\\/#website\"},\"primaryImageOfPage\":{\"@id\":\"https:\\\/\\\/www.monaco-tribune.com\\\/en\\\/2020\\\/11\\\/covid-19-monacos-princess-grace-hospital-ready-for-a-new-wave\\\/#primaryimage\"},\"image\":{\"@id\":\"https:\\\/\\\/www.monaco-tribune.com\\\/en\\\/2020\\\/11\\\/covid-19-monacos-princess-grace-hospital-ready-for-a-new-wave\\\/#primaryimage\"},\"thumbnailUrl\":\"https:\\\/\\\/www.monaco-tribune.com\\\/wp-content\\\/uploads\\\/2020\\\/11\\\/test-covid-19-min.jpg\",\"datePublished\":\"2020-11-03T15:00:14+00:00\",\"dateModified\":\"2020-11-04T09:00:44+00:00\",\"description\":\"Given the ever-rising number of cases, the French Scientific Council predicts repeated waves of Covid-19 in France and Europe, as Monaco's Princess Grace\",\"breadcrumb\":{\"@id\":\"https:\\\/\\\/www.monaco-tribune.com\\\/en\\\/2020\\\/11\\\/covid-19-monacos-princess-grace-hospital-ready-for-a-new-wave\\\/#breadcrumb\"},\"inLanguage\":\"en-US\",\"potentialAction\":[{\"@type\":\"ReadAction\",\"target\":[\"https:\\\/\\\/www.monaco-tribune.com\\\/en\\\/2020\\\/11\\\/covid-19-monacos-princess-grace-hospital-ready-for-a-new-wave\\\/\"]}]},{\"@type\":\"ImageObject\",\"inLanguage\":\"en-US\",\"@id\":\"https:\\\/\\\/www.monaco-tribune.com\\\/en\\\/2020\\\/11\\\/covid-19-monacos-princess-grace-hospital-ready-for-a-new-wave\\\/#primaryimage\",\"url\":\"https:\\\/\\\/www.monaco-tribune.com\\\/wp-content\\\/uploads\\\/2020\\\/11\\\/test-covid-19-min.jpg\",\"contentUrl\":\"https:\\\/\\\/www.monaco-tribune.com\\\/wp-content\\\/uploads\\\/2020\\\/11\\\/test-covid-19-min.jpg\",\"width\":1200,\"height\":800,\"caption\":\"Unsplash\"},{\"@type\":\"BreadcrumbList\",\"@id\":\"https:\\\/\\\/www.monaco-tribune.com\\\/en\\\/2020\\\/11\\\/covid-19-monacos-princess-grace-hospital-ready-for-a-new-wave\\\/#breadcrumb\",\"itemListElement\":[{\"@type\":\"ListItem\",\"position\":1,\"name\":\"Accueil\",\"item\":\"https:\\\/\\\/www.monaco-tribune.com\\\/en\\\/\"},{\"@type\":\"ListItem\",\"position\":2,\"name\":\"Covid-19: Monaco&rsquo;s Princess Grace Hospital says it is ready for new wave\"}]},{\"@type\":\"WebSite\",\"@id\":\"https:\\\/\\\/www.monaco-tribune.com\\\/en\\\/#website\",\"url\":\"https:\\\/\\\/www.monaco-tribune.com\\\/en\\\/\",\"name\":\"Monaco Tribune\",\"description\":\"Monaco : actualit\u00e9s \u00e9conomiques, politiques, culturelles et sportives de Monaco et de la French Riviera.\",\"publisher\":{\"@id\":\"https:\\\/\\\/www.monaco-tribune.com\\\/en\\\/#organization\"},\"potentialAction\":[{\"@type\":\"SearchAction\",\"target\":{\"@type\":\"EntryPoint\",\"urlTemplate\":\"https:\\\/\\\/www.monaco-tribune.com\\\/en\\\/?s={search_term_string}\"},\"query-input\":{\"@type\":\"PropertyValueSpecification\",\"valueRequired\":true,\"valueName\":\"search_term_string\"}}],\"inLanguage\":\"en-US\"},{\"@type\":\"Organization\",\"@id\":\"https:\\\/\\\/www.monaco-tribune.com\\\/en\\\/#organization\",\"name\":\"Monaco Tribune\",\"url\":\"https:\\\/\\\/www.monaco-tribune.com\\\/en\\\/\",\"logo\":{\"@type\":\"ImageObject\",\"inLanguage\":\"en-US\",\"@id\":\"https:\\\/\\\/www.monaco-tribune.com\\\/en\\\/#\\\/schema\\\/logo\\\/image\\\/\",\"url\":\"https:\\\/\\\/www.monaco-tribune.com\\\/wp-content\\\/uploads\\\/2022\\\/11\\\/logo-monaco-tribune.png\",\"contentUrl\":\"https:\\\/\\\/www.monaco-tribune.com\\\/wp-content\\\/uploads\\\/2022\\\/11\\\/logo-monaco-tribune.png\",\"width\":1548,\"height\":600,\"caption\":\"Monaco Tribune\"},\"image\":{\"@id\":\"https:\\\/\\\/www.monaco-tribune.com\\\/en\\\/#\\\/schema\\\/logo\\\/image\\\/\"},\"sameAs\":[\"https:\\\/\\\/www.facebook.com\\\/MonacoTribune\",\"https:\\\/\\\/x.com\\\/MonacoTribune\",\"https:\\\/\\\/www.instagram.com\\\/monacotribune\\\/\",\"https:\\\/\\\/www.linkedin.com\\\/company\\\/monaco-tribune\",\"https:\\\/\\\/www.youtube.com\\\/channel\\\/UCHle1MnG6hw1y4lWKijVbMA\"]},{\"@type\":\"Person\",\"@id\":\"https:\\\/\\\/www.monaco-tribune.com\\\/en\\\/#\\\/schema\\\/person\\\/3814f045714aae4bb4abbfb04158f169\",\"name\":\"Nassima Errami\",\"image\":{\"@type\":\"ImageObject\",\"inLanguage\":\"en-US\",\"@id\":\"https:\\\/\\\/secure.gravatar.com\\\/avatar\\\/3c0c0266375bc79b6d945c432ea8992d44782f7779ffe49a3d62b6ce4d6a23e0?s=96&d=mm&r=g\",\"url\":\"https:\\\/\\\/secure.gravatar.com\\\/avatar\\\/3c0c0266375bc79b6d945c432ea8992d44782f7779ffe49a3d62b6ce4d6a23e0?s=96&d=mm&r=g\",\"contentUrl\":\"https:\\\/\\\/secure.gravatar.com\\\/avatar\\\/3c0c0266375bc79b6d945c432ea8992d44782f7779ffe49a3d62b6ce4d6a23e0?s=96&d=mm&r=g\",\"caption\":\"Nassima Errami\"},\"url\":\"https:\\\/\\\/www.monaco-tribune.com\\\/en\\\/author\\\/nassimaerrami\\\/\"}]}<\/script>\n<!-- \/ Yoast SEO Premium plugin. -->","yoast_head_json":{"title":"Covid-19: Monaco's Princess Grace Hospital says it is ready for new wave","description":"Given the ever-rising number of cases, the French Scientific Council predicts repeated waves of Covid-19 in France and Europe, as Monaco's Princess Grace","robots":{"index":"index","follow":"follow","max-snippet":"max-snippet:-1","max-image-preview":"max-image-preview:large","max-video-preview":"max-video-preview:-1"},"canonical":"https:\/\/www.monaco-tribune.com\/en\/2020\/11\/covid-19-monacos-princess-grace-hospital-ready-for-a-new-wave\/","og_locale":"en_US","og_type":"article","og_title":"Covid-19: Monaco's Princess Grace Hospital says it is ready for new wave - Monaco Tribune","og_description":"Given the ever-rising number of cases, the French Scientific Council predicts repeated waves of Covid-19 in France and Europe, as Monaco's Princess Grace","og_url":"https:\/\/www.monaco-tribune.com\/en\/2020\/11\/covid-19-monacos-princess-grace-hospital-ready-for-a-new-wave\/","og_site_name":"Monaco Tribune","article_publisher":"https:\/\/www.facebook.com\/MonacoTribune","article_published_time":"2020-11-03T15:00:14+00:00","article_modified_time":"2020-11-04T09:00:44+00:00","og_image":[{"width":1200,"height":800,"url":"https:\/\/www.monaco-tribune.com\/wp-content\/uploads\/2020\/11\/test-covid-19-min.jpg","type":"image\/jpeg"}],"author":"Nassima Errami","twitter_card":"summary_large_image","twitter_creator":"@MonacoTribune","twitter_site":"@MonacoTribune","schema":{"@context":"https:\/\/schema.org","@graph":[{"@type":"NewsArticle","@id":"https:\/\/www.monaco-tribune.com\/en\/2020\/11\/covid-19-monacos-princess-grace-hospital-ready-for-a-new-wave\/#article","isPartOf":{"@id":"https:\/\/www.monaco-tribune.com\/en\/2020\/11\/covid-19-monacos-princess-grace-hospital-ready-for-a-new-wave\/"},"author":{"name":"Nassima Errami","@id":"https:\/\/www.monaco-tribune.com\/en\/#\/schema\/person\/3814f045714aae4bb4abbfb04158f169"},"headline":"Covid-19: Monaco&#8217;s Princess Grace Hospital says it is ready for new wave","datePublished":"2020-11-03T15:00:14+00:00","dateModified":"2020-11-04T09:00:44+00:00","mainEntityOfPage":{"@id":"https:\/\/www.monaco-tribune.com\/en\/2020\/11\/covid-19-monacos-princess-grace-hospital-ready-for-a-new-wave\/"},"wordCount":225,"publisher":{"@id":"https:\/\/www.monaco-tribune.com\/en\/#organization"},"image":{"@id":"https:\/\/www.monaco-tribune.com\/en\/2020\/11\/covid-19-monacos-princess-grace-hospital-ready-for-a-new-wave\/#primaryimage"},"thumbnailUrl":"https:\/\/www.monaco-tribune.com\/wp-content\/uploads\/2020\/11\/test-covid-19-min.jpg","keywords":["Covid-19"],"articleSection":["News","Society"],"inLanguage":"en-US","copyrightYear":"2020","copyrightHolder":{"@id":"https:\/\/www.monaco-tribune.com\/#organization"}},{"@type":"WebPage","@id":"https:\/\/www.monaco-tribune.com\/en\/2020\/11\/covid-19-monacos-princess-grace-hospital-ready-for-a-new-wave\/","url":"https:\/\/www.monaco-tribune.com\/en\/2020\/11\/covid-19-monacos-princess-grace-hospital-ready-for-a-new-wave\/","name":"Covid-19: Monaco's Princess Grace Hospital says it is ready for new wave","isPartOf":{"@id":"https:\/\/www.monaco-tribune.com\/en\/#website"},"primaryImageOfPage":{"@id":"https:\/\/www.monaco-tribune.com\/en\/2020\/11\/covid-19-monacos-princess-grace-hospital-ready-for-a-new-wave\/#primaryimage"},"image":{"@id":"https:\/\/www.monaco-tribune.com\/en\/2020\/11\/covid-19-monacos-princess-grace-hospital-ready-for-a-new-wave\/#primaryimage"},"thumbnailUrl":"https:\/\/www.monaco-tribune.com\/wp-content\/uploads\/2020\/11\/test-covid-19-min.jpg","datePublished":"2020-11-03T15:00:14+00:00","dateModified":"2020-11-04T09:00:44+00:00","description":"Given the ever-rising number of cases, the French Scientific Council predicts repeated waves of Covid-19 in France and Europe, as Monaco's Princess Grace","breadcrumb":{"@id":"https:\/\/www.monaco-tribune.com\/en\/2020\/11\/covid-19-monacos-princess-grace-hospital-ready-for-a-new-wave\/#breadcrumb"},"inLanguage":"en-US","potentialAction":[{"@type":"ReadAction","target":["https:\/\/www.monaco-tribune.com\/en\/2020\/11\/covid-19-monacos-princess-grace-hospital-ready-for-a-new-wave\/"]}]},{"@type":"ImageObject","inLanguage":"en-US","@id":"https:\/\/www.monaco-tribune.com\/en\/2020\/11\/covid-19-monacos-princess-grace-hospital-ready-for-a-new-wave\/#primaryimage","url":"https:\/\/www.monaco-tribune.com\/wp-content\/uploads\/2020\/11\/test-covid-19-min.jpg","contentUrl":"https:\/\/www.monaco-tribune.com\/wp-content\/uploads\/2020\/11\/test-covid-19-min.jpg","width":1200,"height":800,"caption":"Unsplash"},{"@type":"BreadcrumbList","@id":"https:\/\/www.monaco-tribune.com\/en\/2020\/11\/covid-19-monacos-princess-grace-hospital-ready-for-a-new-wave\/#breadcrumb","itemListElement":[{"@type":"ListItem","position":1,"name":"Accueil","item":"https:\/\/www.monaco-tribune.com\/en\/"},{"@type":"ListItem","position":2,"name":"Covid-19: Monaco&rsquo;s Princess Grace Hospital says it is ready for new wave"}]},{"@type":"WebSite","@id":"https:\/\/www.monaco-tribune.com\/en\/#website","url":"https:\/\/www.monaco-tribune.com\/en\/","name":"Monaco Tribune","description":"Monaco : actualit\u00e9s \u00e9conomiques, politiques, culturelles et sportives de Monaco et de la French Riviera.","publisher":{"@id":"https:\/\/www.monaco-tribune.com\/en\/#organization"},"potentialAction":[{"@type":"SearchAction","target":{"@type":"EntryPoint","urlTemplate":"https:\/\/www.monaco-tribune.com\/en\/?s={search_term_string}"},"query-input":{"@type":"PropertyValueSpecification","valueRequired":true,"valueName":"search_term_string"}}],"inLanguage":"en-US"},{"@type":"Organization","@id":"https:\/\/www.monaco-tribune.com\/en\/#organization","name":"Monaco Tribune","url":"https:\/\/www.monaco-tribune.com\/en\/","logo":{"@type":"ImageObject","inLanguage":"en-US","@id":"https:\/\/www.monaco-tribune.com\/en\/#\/schema\/logo\/image\/","url":"https:\/\/www.monaco-tribune.com\/wp-content\/uploads\/2022\/11\/logo-monaco-tribune.png","contentUrl":"https:\/\/www.monaco-tribune.com\/wp-content\/uploads\/2022\/11\/logo-monaco-tribune.png","width":1548,"height":600,"caption":"Monaco Tribune"},"image":{"@id":"https:\/\/www.monaco-tribune.com\/en\/#\/schema\/logo\/image\/"},"sameAs":["https:\/\/www.facebook.com\/MonacoTribune","https:\/\/x.com\/MonacoTribune","https:\/\/www.instagram.com\/monacotribune\/","https:\/\/www.linkedin.com\/company\/monaco-tribune","https:\/\/www.youtube.com\/channel\/UCHle1MnG6hw1y4lWKijVbMA"]},{"@type":"Person","@id":"https:\/\/www.monaco-tribune.com\/en\/#\/schema\/person\/3814f045714aae4bb4abbfb04158f169","name":"Nassima Errami","image":{"@type":"ImageObject","inLanguage":"en-US","@id":"https:\/\/secure.gravatar.com\/avatar\/3c0c0266375bc79b6d945c432ea8992d44782f7779ffe49a3d62b6ce4d6a23e0?s=96&d=mm&r=g","url":"https:\/\/secure.gravatar.com\/avatar\/3c0c0266375bc79b6d945c432ea8992d44782f7779ffe49a3d62b6ce4d6a23e0?s=96&d=mm&r=g","contentUrl":"https:\/\/secure.gravatar.com\/avatar\/3c0c0266375bc79b6d945c432ea8992d44782f7779ffe49a3d62b6ce4d6a23e0?s=96&d=mm&r=g","caption":"Nassima Errami"},"url":"https:\/\/www.monaco-tribune.com\/en\/author\/nassimaerrami\/"}]}},"_links":{"self":[{"href":"https:\/\/www.monaco-tribune.com\/en\/wp-json\/wp\/v2\/posts\/44291","targetHints":{"allow":["GET"]}}],"collection":[{"href":"https:\/\/www.monaco-tribune.com\/en\/wp-json\/wp\/v2\/posts"}],"about":[{"href":"https:\/\/www.monaco-tribune.com\/en\/wp-json\/wp\/v2\/types\/post"}],"author":[{"embeddable":true,"href":"https:\/\/www.monaco-tribune.com\/en\/wp-json\/wp\/v2\/users\/41"}],"replies":[{"embeddable":true,"href":"https:\/\/www.monaco-tribune.com\/en\/wp-json\/wp\/v2\/comments?post=44291"}],"version-history":[{"count":0,"href":"https:\/\/www.monaco-tribune.com\/en\/wp-json\/wp\/v2\/posts\/44291\/revisions"}],"wp:featuredmedia":[{"embeddable":true,"href":"https:\/\/www.monaco-tribune.com\/en\/wp-json\/wp\/v2\/media\/44196"}],"wp:attachment":[{"href":"https:\/\/www.monaco-tribune.com\/en\/wp-json\/wp\/v2\/media?parent=44291"}],"wp:term":[{"taxonomy":"category","embeddable":true,"href":"https:\/\/www.monaco-tribune.com\/en\/wp-json\/wp\/v2\/categories?post=44291"},{"taxonomy":"post_tag","embeddable":true,"href":"https:\/\/www.monaco-tribune.com\/en\/wp-json\/wp\/v2\/tags?post=44291"},{"taxonomy":"sectag","embeddable":true,"href":"https:\/\/www.monaco-tribune.com\/en\/wp-json\/wp\/v2\/post_sectags?post=44291"},{"taxonomy":"format","embeddable":true,"href":"https:\/\/www.monaco-tribune.com\/en\/wp-json\/wp\/v2\/post_format?post=44291"}],"curies":[{"name":"wp","href":"https:\/\/api.w.org\/{rel}","templated":true}]}}