{"id":47008,"date":"2020-11-20T17:02:35","date_gmt":"2020-11-20T16:02:35","guid":{"rendered":"https:\/\/www.monaco-tribune.com\/2020\/11\/climate-change-future-of-the-mediterranean-at-a-tipping-point-says-new-report\/"},"modified":"2020-11-20T17:04:46","modified_gmt":"2020-11-20T16:04:46","slug":"climate-change-future-of-the-mediterranean-at-a-tipping-point-says-new-report","status":"publish","type":"post","link":"https:\/\/www.monaco-tribune.com\/en\/2020\/11\/climate-change-future-of-the-mediterranean-at-a-tipping-point-says-new-report\/","title":{"rendered":"Climate change: &#8220;future of the Mediterranean at a tipping point,&#8221; says new report"},"content":{"rendered":"\n<p><p><strong>The Mediterranean is particularly vulnerable to climate change, which threatens the health and livelihoods of local populations.\u00a0<\/strong><\/p><\/p>\n\n<p><p>The State of Environment and Development in the Mediterranean Report (RED 2020) evaluates the impact of climate change on the Mediterranean basin. The report was carried out as part of the UN\u2019s environment programme and the Mediterranean Action Plan.The previous version of the RED report was published in 2009.<\/p>&#13;\n<p>Eleven years later, the new findings are a shock to the system: RED 2020 draws a grim picture of the future that the 21 Mediterranean countries will face.<\/p>&#13;\n<p>\u201cThe future of the Mediterranean is at a tipping point,\u201d said Fran\u00e7ois Guerquin, Director of the <a href=\"https:\/\/planbleu.org\/en\/soed-2020-state-of-environment-and-development-in-mediterranean\/\">Plan Bleu<\/a>.<\/p><\/p>\n\n<blockquote class=\"wp-block-quote is-layout-flow wp-block-quote-is-layout-flow\"><p>The exploitation of resources and organisms, pollution, and climate change are expected to exacerbate pre-existing vulnerabilities [&#8230;], putting both health and livelihoods at risk.<\/p><cite>Fran\u00e7ois Guerquin, Director of the Plan Bleu<\/cite><\/blockquote>\n\n<h2 class=\"wp-block-heading\" id=\"h-une-zone-expos-e-au-changement-climatique\">An area vulnerable to climate change<\/h2>\n\n<p><p>An estimated 15% of deaths in the Mediterranean basin are currently caused by preventable environmental causes, a figure that the report expects to rise in the future.\u00a0<\/p>&#13;\n<p>The report states that the area is warming\u00a0at a rate &#8220;20% faster than the global average,&#8221; both in terms of ambient and water temperatures. These figures have direct consequences for the region, particularly with regard to rainfall, which is expected to fall by 30% by 2080.<\/p><\/p>\n\n<p>In addition, the population of the Mediterranean basin, which is currently at 510 million, will be exposed to a series of other hazards. These include prolonged fire seasons and the proliferation of invasive species that threatens biodiversity and fisheries. Sea levels are estimated to rise anywhere between 0.5 to 2.5 metres by the end of the century.<\/p>\n\n<blockquote class=\"wp-block-quote is-layout-flow wp-block-quote-is-layout-flow\"><p>Despite efforts, Mediterranean countries are not on track. The current trend absolutely needs to change.<\/p><cite>Gaetano Leone, Coordinator of the World Food Programme<\/cite><\/blockquote>\n\n<h2 class=\"wp-block-heading\" id=\"h-appel-la-responsabilit-des-pays\">A plea for countries to be responsible<\/h2>\n\n<p><p>The report calls for <a href=\"https:\/\/www.monaco-tribune.com\/en\/2020\/10\/rivieras-authorities-crack-down-on-superyachts-to-protect-the-mediterraneans-green-lung\/\">urgent lifestyle changes<\/a>: \u00a0&#8220;The transition towards sustainability requires drastic behavioural changes at all levels and in all sectors, the main threat to the area currently being our production and consumption habits,&#8221; concluded the report.<\/p><\/p>\n\n<figure class=\"wp-block-embed-twitter aligncenter wp-block-embed is-type-rich is-provider-twitter\"><div class=\"wp-block-embed__wrapper\">\n<blockquote class=\"twitter-tweet\" data-width=\"500\" data-dnt=\"true\"><p lang=\"fr\" dir=\"ltr\">Aujourd&#39;hui nous pr\u00e9sentons le Rapport d&#39;\u00e9tat de l&#39;Environnement et du D\u00e9veloppement en M\u00e9diterran\u00e9e lors d&#39;une conf\u00e9rence de presse.  Il est le fruit d\u2019un grand effort collectif, dans le cadre du <a href=\"https:\/\/twitter.com\/UNEPMAPNews?ref_src=twsrc%5Etfw\">@UNEPMAPNews<\/a>  \u2013 Convention de Barcelone <a href=\"https:\/\/twitter.com\/hashtag\/sustainableMED?src=hash&amp;ref_src=twsrc%5Etfw\">#sustainableMED<\/a> <a href=\"https:\/\/t.co\/YMjFcENEc3\">pic.twitter.com\/YMjFcENEc3<\/a><\/p>&mdash; Plan Bleu (@planbleu) <a href=\"https:\/\/twitter.com\/planbleu\/status\/1328973939863941120?ref_src=twsrc%5Etfw\">November 18, 2020<\/a><\/blockquote><script async src=\"https:\/\/platform.twitter.com\/widgets.js\" charset=\"utf-8\"><\/script>\n<\/div><\/figure>","protected":false},"excerpt":{"rendered":"<p>The Mediterranean is particularly vulnerable to climate change, which threatens the health and livelihoods of local populations.\u00a0 The State of [&hellip;]<\/p>\n","protected":false},"author":41,"featured_media":46641,"comment_status":"closed","ping_status":"closed","sticky":false,"template":"","format":"standard","meta":{"_acf_changed":false,"footnotes":""},"categories":[1837,243],"tags":[3371],"post_sectags":[],"post_format":[2465],"class_list":["post-47008","post","type-post","status-publish","format-standard","has-post-thumbnail","hentry","category-environment","category-news","tag-taking-action","format-in-brief"],"acf":[],"yoast_head":"<!-- This site is optimized with the Yoast SEO Premium plugin v27.5 (Yoast SEO v27.5) - https:\/\/yoast.com\/product\/yoast-seo-premium-wordpress\/ -->\n<title>Climate change: &quot;future of the Mediterranean at a tipping point,&quot; says new report<\/title>\n<meta name=\"description\" content=\"The Mediterranean is particularly vulnerable to climate change, which threatens the health and livelihoods of local populations.\u00a0 The State of Environment\" \/>\n<meta name=\"robots\" content=\"index, follow, max-snippet:-1, max-image-preview:large, max-video-preview:-1\" \/>\n<link rel=\"canonical\" href=\"https:\/\/www.monaco-tribune.com\/en\/2020\/11\/climate-change-future-of-the-mediterranean-at-a-tipping-point-says-new-report\/\" \/>\n<meta property=\"og:locale\" content=\"en_US\" \/>\n<meta property=\"og:type\" content=\"article\" \/>\n<meta property=\"og:title\" content=\"Climate change: &quot;future of the Mediterranean at a tipping point,&quot; says new report - Monaco Tribune\" \/>\n<meta property=\"og:description\" content=\"The Mediterranean is particularly vulnerable to climate change, which threatens the health and livelihoods of local populations.\u00a0 The State of Environment\" \/>\n<meta property=\"og:url\" content=\"https:\/\/www.monaco-tribune.com\/en\/2020\/11\/climate-change-future-of-the-mediterranean-at-a-tipping-point-says-new-report\/\" \/>\n<meta property=\"og:site_name\" content=\"Monaco Tribune\" \/>\n<meta property=\"article:publisher\" content=\"https:\/\/www.facebook.com\/MonacoTribune\" \/>\n<meta property=\"article:published_time\" content=\"2020-11-20T16:02:35+00:00\" \/>\n<meta property=\"article:modified_time\" content=\"2020-11-20T16:04:46+00:00\" \/>\n<meta property=\"og:image\" content=\"https:\/\/www.monaco-tribune.com\/wp-content\/uploads\/2020\/11\/mediterranee\u2013rechauffement-climatique-1.jpg\" \/>\n\t<meta property=\"og:image:width\" content=\"1200\" \/>\n\t<meta property=\"og:image:height\" content=\"795\" \/>\n\t<meta property=\"og:image:type\" content=\"image\/jpeg\" \/>\n<meta name=\"author\" content=\"Nassima Errami\" \/>\n<meta name=\"twitter:card\" content=\"summary_large_image\" \/>\n<meta name=\"twitter:creator\" content=\"@MonacoTribune\" \/>\n<meta name=\"twitter:site\" content=\"@MonacoTribune\" \/>\n<script type=\"application\/ld+json\" class=\"yoast-schema-graph\">{\"@context\":\"https:\\\/\\\/schema.org\",\"@graph\":[{\"@type\":\"NewsArticle\",\"@id\":\"https:\\\/\\\/www.monaco-tribune.com\\\/en\\\/2020\\\/11\\\/climate-change-future-of-the-mediterranean-at-a-tipping-point-says-new-report\\\/#article\",\"isPartOf\":{\"@id\":\"https:\\\/\\\/www.monaco-tribune.com\\\/en\\\/2020\\\/11\\\/climate-change-future-of-the-mediterranean-at-a-tipping-point-says-new-report\\\/\"},\"author\":{\"name\":\"Nassima Errami\",\"@id\":\"https:\\\/\\\/www.monaco-tribune.com\\\/en\\\/#\\\/schema\\\/person\\\/3814f045714aae4bb4abbfb04158f169\"},\"headline\":\"Climate change: &#8220;future of the Mediterranean at a tipping point,&#8221; says new report\",\"datePublished\":\"2020-11-20T16:02:35+00:00\",\"dateModified\":\"2020-11-20T16:04:46+00:00\",\"mainEntityOfPage\":{\"@id\":\"https:\\\/\\\/www.monaco-tribune.com\\\/en\\\/2020\\\/11\\\/climate-change-future-of-the-mediterranean-at-a-tipping-point-says-new-report\\\/\"},\"wordCount\":359,\"publisher\":{\"@id\":\"https:\\\/\\\/www.monaco-tribune.com\\\/en\\\/#organization\"},\"image\":{\"@id\":\"https:\\\/\\\/www.monaco-tribune.com\\\/en\\\/2020\\\/11\\\/climate-change-future-of-the-mediterranean-at-a-tipping-point-says-new-report\\\/#primaryimage\"},\"thumbnailUrl\":\"https:\\\/\\\/www.monaco-tribune.com\\\/wp-content\\\/uploads\\\/2020\\\/11\\\/mediterranee\u2013rechauffement-climatique-1.jpg\",\"keywords\":[\"Taking action\"],\"articleSection\":[\"Environment\",\"News\"],\"inLanguage\":\"en-US\",\"copyrightYear\":\"2020\",\"copyrightHolder\":{\"@id\":\"https:\\\/\\\/www.monaco-tribune.com\\\/#organization\"}},{\"@type\":\"WebPage\",\"@id\":\"https:\\\/\\\/www.monaco-tribune.com\\\/en\\\/2020\\\/11\\\/climate-change-future-of-the-mediterranean-at-a-tipping-point-says-new-report\\\/\",\"url\":\"https:\\\/\\\/www.monaco-tribune.com\\\/en\\\/2020\\\/11\\\/climate-change-future-of-the-mediterranean-at-a-tipping-point-says-new-report\\\/\",\"name\":\"Climate change: \\\"future of the Mediterranean at a tipping point,\\\" says new report\",\"isPartOf\":{\"@id\":\"https:\\\/\\\/www.monaco-tribune.com\\\/en\\\/#website\"},\"primaryImageOfPage\":{\"@id\":\"https:\\\/\\\/www.monaco-tribune.com\\\/en\\\/2020\\\/11\\\/climate-change-future-of-the-mediterranean-at-a-tipping-point-says-new-report\\\/#primaryimage\"},\"image\":{\"@id\":\"https:\\\/\\\/www.monaco-tribune.com\\\/en\\\/2020\\\/11\\\/climate-change-future-of-the-mediterranean-at-a-tipping-point-says-new-report\\\/#primaryimage\"},\"thumbnailUrl\":\"https:\\\/\\\/www.monaco-tribune.com\\\/wp-content\\\/uploads\\\/2020\\\/11\\\/mediterranee\u2013rechauffement-climatique-1.jpg\",\"datePublished\":\"2020-11-20T16:02:35+00:00\",\"dateModified\":\"2020-11-20T16:04:46+00:00\",\"description\":\"The Mediterranean is particularly vulnerable to climate change, which threatens the health and livelihoods of local populations.\u00a0 The State of Environment\",\"breadcrumb\":{\"@id\":\"https:\\\/\\\/www.monaco-tribune.com\\\/en\\\/2020\\\/11\\\/climate-change-future-of-the-mediterranean-at-a-tipping-point-says-new-report\\\/#breadcrumb\"},\"inLanguage\":\"en-US\",\"potentialAction\":[{\"@type\":\"ReadAction\",\"target\":[\"https:\\\/\\\/www.monaco-tribune.com\\\/en\\\/2020\\\/11\\\/climate-change-future-of-the-mediterranean-at-a-tipping-point-says-new-report\\\/\"]}]},{\"@type\":\"ImageObject\",\"inLanguage\":\"en-US\",\"@id\":\"https:\\\/\\\/www.monaco-tribune.com\\\/en\\\/2020\\\/11\\\/climate-change-future-of-the-mediterranean-at-a-tipping-point-says-new-report\\\/#primaryimage\",\"url\":\"https:\\\/\\\/www.monaco-tribune.com\\\/wp-content\\\/uploads\\\/2020\\\/11\\\/mediterranee\u2013rechauffement-climatique-1.jpg\",\"contentUrl\":\"https:\\\/\\\/www.monaco-tribune.com\\\/wp-content\\\/uploads\\\/2020\\\/11\\\/mediterranee\u2013rechauffement-climatique-1.jpg\",\"width\":1200,\"height\":795,\"caption\":\"Kit Suman\\\/Unsplash\"},{\"@type\":\"BreadcrumbList\",\"@id\":\"https:\\\/\\\/www.monaco-tribune.com\\\/en\\\/2020\\\/11\\\/climate-change-future-of-the-mediterranean-at-a-tipping-point-says-new-report\\\/#breadcrumb\",\"itemListElement\":[{\"@type\":\"ListItem\",\"position\":1,\"name\":\"Accueil\",\"item\":\"https:\\\/\\\/www.monaco-tribune.com\\\/en\\\/\"},{\"@type\":\"ListItem\",\"position\":2,\"name\":\"Climate change: \u00ab\u00a0future of the Mediterranean at a tipping point,\u00a0\u00bb says new report\"}]},{\"@type\":\"WebSite\",\"@id\":\"https:\\\/\\\/www.monaco-tribune.com\\\/en\\\/#website\",\"url\":\"https:\\\/\\\/www.monaco-tribune.com\\\/en\\\/\",\"name\":\"Monaco Tribune\",\"description\":\"Monaco : actualit\u00e9s \u00e9conomiques, politiques, culturelles et sportives de Monaco et de la French Riviera.\",\"publisher\":{\"@id\":\"https:\\\/\\\/www.monaco-tribune.com\\\/en\\\/#organization\"},\"potentialAction\":[{\"@type\":\"SearchAction\",\"target\":{\"@type\":\"EntryPoint\",\"urlTemplate\":\"https:\\\/\\\/www.monaco-tribune.com\\\/en\\\/?s={search_term_string}\"},\"query-input\":{\"@type\":\"PropertyValueSpecification\",\"valueRequired\":true,\"valueName\":\"search_term_string\"}}],\"inLanguage\":\"en-US\"},{\"@type\":\"Organization\",\"@id\":\"https:\\\/\\\/www.monaco-tribune.com\\\/en\\\/#organization\",\"name\":\"Monaco Tribune\",\"url\":\"https:\\\/\\\/www.monaco-tribune.com\\\/en\\\/\",\"logo\":{\"@type\":\"ImageObject\",\"inLanguage\":\"en-US\",\"@id\":\"https:\\\/\\\/www.monaco-tribune.com\\\/en\\\/#\\\/schema\\\/logo\\\/image\\\/\",\"url\":\"https:\\\/\\\/www.monaco-tribune.com\\\/wp-content\\\/uploads\\\/2022\\\/11\\\/logo-monaco-tribune.png\",\"contentUrl\":\"https:\\\/\\\/www.monaco-tribune.com\\\/wp-content\\\/uploads\\\/2022\\\/11\\\/logo-monaco-tribune.png\",\"width\":1548,\"height\":600,\"caption\":\"Monaco Tribune\"},\"image\":{\"@id\":\"https:\\\/\\\/www.monaco-tribune.com\\\/en\\\/#\\\/schema\\\/logo\\\/image\\\/\"},\"sameAs\":[\"https:\\\/\\\/www.facebook.com\\\/MonacoTribune\",\"https:\\\/\\\/x.com\\\/MonacoTribune\",\"https:\\\/\\\/www.instagram.com\\\/monacotribune\\\/\",\"https:\\\/\\\/www.linkedin.com\\\/company\\\/monaco-tribune\",\"https:\\\/\\\/www.youtube.com\\\/channel\\\/UCHle1MnG6hw1y4lWKijVbMA\"]},{\"@type\":\"Person\",\"@id\":\"https:\\\/\\\/www.monaco-tribune.com\\\/en\\\/#\\\/schema\\\/person\\\/3814f045714aae4bb4abbfb04158f169\",\"name\":\"Nassima Errami\",\"image\":{\"@type\":\"ImageObject\",\"inLanguage\":\"en-US\",\"@id\":\"https:\\\/\\\/secure.gravatar.com\\\/avatar\\\/3c0c0266375bc79b6d945c432ea8992d44782f7779ffe49a3d62b6ce4d6a23e0?s=96&d=mm&r=g\",\"url\":\"https:\\\/\\\/secure.gravatar.com\\\/avatar\\\/3c0c0266375bc79b6d945c432ea8992d44782f7779ffe49a3d62b6ce4d6a23e0?s=96&d=mm&r=g\",\"contentUrl\":\"https:\\\/\\\/secure.gravatar.com\\\/avatar\\\/3c0c0266375bc79b6d945c432ea8992d44782f7779ffe49a3d62b6ce4d6a23e0?s=96&d=mm&r=g\",\"caption\":\"Nassima Errami\"},\"url\":\"https:\\\/\\\/www.monaco-tribune.com\\\/en\\\/author\\\/nassimaerrami\\\/\"}]}<\/script>\n<!-- \/ Yoast SEO Premium plugin. -->","yoast_head_json":{"title":"Climate change: \"future of the Mediterranean at a tipping point,\" says new report","description":"The Mediterranean is particularly vulnerable to climate change, which threatens the health and livelihoods of local populations.\u00a0 The State of Environment","robots":{"index":"index","follow":"follow","max-snippet":"max-snippet:-1","max-image-preview":"max-image-preview:large","max-video-preview":"max-video-preview:-1"},"canonical":"https:\/\/www.monaco-tribune.com\/en\/2020\/11\/climate-change-future-of-the-mediterranean-at-a-tipping-point-says-new-report\/","og_locale":"en_US","og_type":"article","og_title":"Climate change: \"future of the Mediterranean at a tipping point,\" says new report - Monaco Tribune","og_description":"The Mediterranean is particularly vulnerable to climate change, which threatens the health and livelihoods of local populations.\u00a0 The State of Environment","og_url":"https:\/\/www.monaco-tribune.com\/en\/2020\/11\/climate-change-future-of-the-mediterranean-at-a-tipping-point-says-new-report\/","og_site_name":"Monaco Tribune","article_publisher":"https:\/\/www.facebook.com\/MonacoTribune","article_published_time":"2020-11-20T16:02:35+00:00","article_modified_time":"2020-11-20T16:04:46+00:00","og_image":[{"width":1200,"height":795,"url":"https:\/\/www.monaco-tribune.com\/wp-content\/uploads\/2020\/11\/mediterranee\u2013rechauffement-climatique-1.jpg","type":"image\/jpeg"}],"author":"Nassima Errami","twitter_card":"summary_large_image","twitter_creator":"@MonacoTribune","twitter_site":"@MonacoTribune","schema":{"@context":"https:\/\/schema.org","@graph":[{"@type":"NewsArticle","@id":"https:\/\/www.monaco-tribune.com\/en\/2020\/11\/climate-change-future-of-the-mediterranean-at-a-tipping-point-says-new-report\/#article","isPartOf":{"@id":"https:\/\/www.monaco-tribune.com\/en\/2020\/11\/climate-change-future-of-the-mediterranean-at-a-tipping-point-says-new-report\/"},"author":{"name":"Nassima Errami","@id":"https:\/\/www.monaco-tribune.com\/en\/#\/schema\/person\/3814f045714aae4bb4abbfb04158f169"},"headline":"Climate change: &#8220;future of the Mediterranean at a tipping point,&#8221; says new report","datePublished":"2020-11-20T16:02:35+00:00","dateModified":"2020-11-20T16:04:46+00:00","mainEntityOfPage":{"@id":"https:\/\/www.monaco-tribune.com\/en\/2020\/11\/climate-change-future-of-the-mediterranean-at-a-tipping-point-says-new-report\/"},"wordCount":359,"publisher":{"@id":"https:\/\/www.monaco-tribune.com\/en\/#organization"},"image":{"@id":"https:\/\/www.monaco-tribune.com\/en\/2020\/11\/climate-change-future-of-the-mediterranean-at-a-tipping-point-says-new-report\/#primaryimage"},"thumbnailUrl":"https:\/\/www.monaco-tribune.com\/wp-content\/uploads\/2020\/11\/mediterranee\u2013rechauffement-climatique-1.jpg","keywords":["Taking action"],"articleSection":["Environment","News"],"inLanguage":"en-US","copyrightYear":"2020","copyrightHolder":{"@id":"https:\/\/www.monaco-tribune.com\/#organization"}},{"@type":"WebPage","@id":"https:\/\/www.monaco-tribune.com\/en\/2020\/11\/climate-change-future-of-the-mediterranean-at-a-tipping-point-says-new-report\/","url":"https:\/\/www.monaco-tribune.com\/en\/2020\/11\/climate-change-future-of-the-mediterranean-at-a-tipping-point-says-new-report\/","name":"Climate change: \"future of the Mediterranean at a tipping point,\" says new report","isPartOf":{"@id":"https:\/\/www.monaco-tribune.com\/en\/#website"},"primaryImageOfPage":{"@id":"https:\/\/www.monaco-tribune.com\/en\/2020\/11\/climate-change-future-of-the-mediterranean-at-a-tipping-point-says-new-report\/#primaryimage"},"image":{"@id":"https:\/\/www.monaco-tribune.com\/en\/2020\/11\/climate-change-future-of-the-mediterranean-at-a-tipping-point-says-new-report\/#primaryimage"},"thumbnailUrl":"https:\/\/www.monaco-tribune.com\/wp-content\/uploads\/2020\/11\/mediterranee\u2013rechauffement-climatique-1.jpg","datePublished":"2020-11-20T16:02:35+00:00","dateModified":"2020-11-20T16:04:46+00:00","description":"The Mediterranean is particularly vulnerable to climate change, which threatens the health and livelihoods of local populations.\u00a0 The State of Environment","breadcrumb":{"@id":"https:\/\/www.monaco-tribune.com\/en\/2020\/11\/climate-change-future-of-the-mediterranean-at-a-tipping-point-says-new-report\/#breadcrumb"},"inLanguage":"en-US","potentialAction":[{"@type":"ReadAction","target":["https:\/\/www.monaco-tribune.com\/en\/2020\/11\/climate-change-future-of-the-mediterranean-at-a-tipping-point-says-new-report\/"]}]},{"@type":"ImageObject","inLanguage":"en-US","@id":"https:\/\/www.monaco-tribune.com\/en\/2020\/11\/climate-change-future-of-the-mediterranean-at-a-tipping-point-says-new-report\/#primaryimage","url":"https:\/\/www.monaco-tribune.com\/wp-content\/uploads\/2020\/11\/mediterranee\u2013rechauffement-climatique-1.jpg","contentUrl":"https:\/\/www.monaco-tribune.com\/wp-content\/uploads\/2020\/11\/mediterranee\u2013rechauffement-climatique-1.jpg","width":1200,"height":795,"caption":"Kit Suman\/Unsplash"},{"@type":"BreadcrumbList","@id":"https:\/\/www.monaco-tribune.com\/en\/2020\/11\/climate-change-future-of-the-mediterranean-at-a-tipping-point-says-new-report\/#breadcrumb","itemListElement":[{"@type":"ListItem","position":1,"name":"Accueil","item":"https:\/\/www.monaco-tribune.com\/en\/"},{"@type":"ListItem","position":2,"name":"Climate change: \u00ab\u00a0future of the Mediterranean at a tipping point,\u00a0\u00bb says new report"}]},{"@type":"WebSite","@id":"https:\/\/www.monaco-tribune.com\/en\/#website","url":"https:\/\/www.monaco-tribune.com\/en\/","name":"Monaco Tribune","description":"Monaco : actualit\u00e9s \u00e9conomiques, politiques, culturelles et sportives de Monaco et de la French Riviera.","publisher":{"@id":"https:\/\/www.monaco-tribune.com\/en\/#organization"},"potentialAction":[{"@type":"SearchAction","target":{"@type":"EntryPoint","urlTemplate":"https:\/\/www.monaco-tribune.com\/en\/?s={search_term_string}"},"query-input":{"@type":"PropertyValueSpecification","valueRequired":true,"valueName":"search_term_string"}}],"inLanguage":"en-US"},{"@type":"Organization","@id":"https:\/\/www.monaco-tribune.com\/en\/#organization","name":"Monaco Tribune","url":"https:\/\/www.monaco-tribune.com\/en\/","logo":{"@type":"ImageObject","inLanguage":"en-US","@id":"https:\/\/www.monaco-tribune.com\/en\/#\/schema\/logo\/image\/","url":"https:\/\/www.monaco-tribune.com\/wp-content\/uploads\/2022\/11\/logo-monaco-tribune.png","contentUrl":"https:\/\/www.monaco-tribune.com\/wp-content\/uploads\/2022\/11\/logo-monaco-tribune.png","width":1548,"height":600,"caption":"Monaco Tribune"},"image":{"@id":"https:\/\/www.monaco-tribune.com\/en\/#\/schema\/logo\/image\/"},"sameAs":["https:\/\/www.facebook.com\/MonacoTribune","https:\/\/x.com\/MonacoTribune","https:\/\/www.instagram.com\/monacotribune\/","https:\/\/www.linkedin.com\/company\/monaco-tribune","https:\/\/www.youtube.com\/channel\/UCHle1MnG6hw1y4lWKijVbMA"]},{"@type":"Person","@id":"https:\/\/www.monaco-tribune.com\/en\/#\/schema\/person\/3814f045714aae4bb4abbfb04158f169","name":"Nassima Errami","image":{"@type":"ImageObject","inLanguage":"en-US","@id":"https:\/\/secure.gravatar.com\/avatar\/3c0c0266375bc79b6d945c432ea8992d44782f7779ffe49a3d62b6ce4d6a23e0?s=96&d=mm&r=g","url":"https:\/\/secure.gravatar.com\/avatar\/3c0c0266375bc79b6d945c432ea8992d44782f7779ffe49a3d62b6ce4d6a23e0?s=96&d=mm&r=g","contentUrl":"https:\/\/secure.gravatar.com\/avatar\/3c0c0266375bc79b6d945c432ea8992d44782f7779ffe49a3d62b6ce4d6a23e0?s=96&d=mm&r=g","caption":"Nassima Errami"},"url":"https:\/\/www.monaco-tribune.com\/en\/author\/nassimaerrami\/"}]}},"_links":{"self":[{"href":"https:\/\/www.monaco-tribune.com\/en\/wp-json\/wp\/v2\/posts\/47008","targetHints":{"allow":["GET"]}}],"collection":[{"href":"https:\/\/www.monaco-tribune.com\/en\/wp-json\/wp\/v2\/posts"}],"about":[{"href":"https:\/\/www.monaco-tribune.com\/en\/wp-json\/wp\/v2\/types\/post"}],"author":[{"embeddable":true,"href":"https:\/\/www.monaco-tribune.com\/en\/wp-json\/wp\/v2\/users\/41"}],"replies":[{"embeddable":true,"href":"https:\/\/www.monaco-tribune.com\/en\/wp-json\/wp\/v2\/comments?post=47008"}],"version-history":[{"count":0,"href":"https:\/\/www.monaco-tribune.com\/en\/wp-json\/wp\/v2\/posts\/47008\/revisions"}],"wp:featuredmedia":[{"embeddable":true,"href":"https:\/\/www.monaco-tribune.com\/en\/wp-json\/wp\/v2\/media\/46641"}],"wp:attachment":[{"href":"https:\/\/www.monaco-tribune.com\/en\/wp-json\/wp\/v2\/media?parent=47008"}],"wp:term":[{"taxonomy":"category","embeddable":true,"href":"https:\/\/www.monaco-tribune.com\/en\/wp-json\/wp\/v2\/categories?post=47008"},{"taxonomy":"post_tag","embeddable":true,"href":"https:\/\/www.monaco-tribune.com\/en\/wp-json\/wp\/v2\/tags?post=47008"},{"taxonomy":"sectag","embeddable":true,"href":"https:\/\/www.monaco-tribune.com\/en\/wp-json\/wp\/v2\/post_sectags?post=47008"},{"taxonomy":"format","embeddable":true,"href":"https:\/\/www.monaco-tribune.com\/en\/wp-json\/wp\/v2\/post_format?post=47008"}],"curies":[{"name":"wp","href":"https:\/\/api.w.org\/{rel}","templated":true}]}}