{"id":5201,"date":"2018-11-15T11:15:12","date_gmt":"2018-11-15T10:15:12","guid":{"rendered":"https:\/\/www.monaco-tribune.com\/?p=5201"},"modified":"2022-11-28T22:05:24","modified_gmt":"2022-11-28T21:05:24","slug":"societe-monegasque-des-eaux-signs-energy-transition-measures","status":"publish","type":"post","link":"https:\/\/www.monaco-tribune.com\/en\/2018\/11\/societe-monegasque-des-eaux-signs-energy-transition-measures\/","title":{"rendered":"Soci\u00e9t\u00e9 Mon\u00e9gasque des Eaux\u00a0Signs Energy Transition Measures"},"content":{"rendered":"<h3>In an official press release from the Principality&#8217;s governmental website, the\u00a0<em>Soci\u00e9t\u00e9 Mon\u00e9gasque des Eaux<\/em> officially signed an energy transition charter this past Wednesday, November 14th.<\/h3>\n<p>Manuel Nardi, Chief Executive of the\u00a0<em>Soci\u00e9t\u00e9 Mon\u00e9gasque des Eaux, <\/em>recently signed the charter for the\u00a0deployment of the National Pact for Energy Transition.<\/p>\n<p>Mr. Nardi was\u00a0accompanied by Minister of State Serge Telle, Governmental Advisor for the Environment and Infrastructure Marie-Pierre Gramaglia, Chief Executive of V\u00e9olia Eau France Fr\u00e9d\u00e9ric Van Heems, and Vice Chief Executive from the General Secretary of V\u00e9olia Eau France Mr. Olivier Grunberg. This signature is a promise to reduce Monaco&#8217;s carbon emissions en route to a greener Principality.<\/p>\n<h2><span style=\"text-decoration: underline\">What is the SM Eaux?<\/span><\/h2>\n<p>The\u00a0<em>Soci\u00e9t\u00e9 Mon\u00e9gasque des Eaux\u00a0<\/em>is in charge of clean water and water treatment services Monaco. The service manages numerous water sources in Monaco and controls water treatment through its Larvotto facility. The SM Eaux is responsible for the distribution of Monaco&#8217;s potable\u00a0water and handles the purification of gray water in the Principality as well as for the town of Beausoleil.<\/p>\n<p>Mrs. Gramaglia provided this statement at the event:<\/p>\n<blockquote><p>We are thrilled to welcome the Soci\u00e9t\u00e9 Mon\u00e9gasque des Eaux into this community, which continues to grow. Having a virtuous and environmentally friendly attitude also demands preserving our natural resources. Just like seawater, our gray water can be used to heat or condition the air of our buildings thanks to heat pumps. This is the kind of solution that the SM Eaux will soon put into action in Monaco&#8217;s water treatment facility. I congratulate the achievement. I also have the pleasure of announcing that in 2019, the Mission for Energy Transition will explore the energy potential represented by all of Monaco&#8217;s gray water production. The goal is to apply this type of project in even more buildings.<\/p><\/blockquote>\n<h2><span style=\"text-decoration: underline\">The route toward carbon neutrality<\/span><\/h2>\n<p>The National Pact was adopted last January. It requires Monaco to reach greenhouse gas emission objectives, notably to cut them in half by 2030 (from 1990 levels. With the pact, CO2 neutrality is expected by 2050.<\/p>\n<p>Mon\u00e9gasque citizens are invited to sign the pact via the government&#8217;s web service, which can be found <a href=\"https:\/\/teleservice.gouv.mc\/adhesion-pnte\/?international=fr\">here<\/a>.<\/p>\n","protected":false},"excerpt":{"rendered":"<p>In an official press release from the Principality&#8217;s governmental website, the\u00a0Soci\u00e9t\u00e9 Mon\u00e9gasque des Eaux officially signed an energy transition charter [&hellip;]<\/p>\n","protected":false},"author":8,"featured_media":5202,"comment_status":"closed","ping_status":"open","sticky":false,"template":"","format":"standard","meta":{"_acf_changed":false,"footnotes":""},"categories":[258],"tags":[391,385,390,392],"post_sectags":[],"post_format":[],"class_list":["post-5201","post","type-post","status-publish","format-standard","has-post-thumbnail","hentry","category-public-life","tag-green-monaco","tag-national-pact","tag-societe-monegasque-des-eaux","tag-sustainability"],"acf":[],"yoast_head":"<!-- This site is optimized with the Yoast SEO Premium plugin v26.8 (Yoast SEO v27.5) - https:\/\/yoast.com\/product\/yoast-seo-premium-wordpress\/ -->\n<title>Soci\u00e9t\u00e9 Mon\u00e9gasque des Eaux\u00a0Signs Energy Transition Measures<\/title>\n<meta name=\"description\" content=\"In an official press release from the Principality&#039;s governmental website, the\u00a0Soci\u00e9t\u00e9 Mon\u00e9gasque des Eaux officially signed an energy transition charter this past Wednesday, November 14th.\u00a0\" \/>\n<meta name=\"robots\" content=\"index, follow, max-snippet:-1, max-image-preview:large, max-video-preview:-1\" \/>\n<link rel=\"canonical\" href=\"https:\/\/www.monaco-tribune.com\/en\/2018\/11\/societe-monegasque-des-eaux-signs-energy-transition-measures\/\" \/>\n<meta property=\"og:locale\" content=\"en_US\" \/>\n<meta property=\"og:type\" content=\"article\" \/>\n<meta property=\"og:title\" content=\"Soci\u00e9t\u00e9 Mon\u00e9gasque des Eaux\u00a0Signs Energy Transition Measures - Monaco Tribune\" \/>\n<meta property=\"og:description\" content=\"In an official press release from the Principality&#039;s governmental website, the\u00a0Soci\u00e9t\u00e9 Mon\u00e9gasque des Eaux officially signed an energy transition charter\" \/>\n<meta property=\"og:url\" content=\"https:\/\/www.monaco-tribune.com\/en\/2018\/11\/societe-monegasque-des-eaux-signs-energy-transition-measures\/\" \/>\n<meta property=\"og:site_name\" content=\"Monaco Tribune\" \/>\n<meta property=\"article:publisher\" content=\"https:\/\/www.facebook.com\/MonacoTribune\" \/>\n<meta property=\"article:published_time\" content=\"2018-11-15T10:15:12+00:00\" \/>\n<meta property=\"article:modified_time\" content=\"2022-11-28T21:05:24+00:00\" \/>\n<meta property=\"og:image\" content=\"https:\/\/www.monaco-tribune.com\/wp-content\/uploads\/2018\/11\/societe-monegasque-des-eaux-signs-energy-transition-measures.jpg\" \/>\n\t<meta property=\"og:image:width\" content=\"1024\" \/>\n\t<meta property=\"og:image:height\" content=\"768\" \/>\n\t<meta property=\"og:image:type\" content=\"image\/jpeg\" \/>\n<meta name=\"author\" content=\"Kiel Bonhomme\" \/>\n<meta name=\"twitter:card\" content=\"summary_large_image\" \/>\n<meta name=\"twitter:creator\" content=\"@MonacoTribune\" \/>\n<meta name=\"twitter:site\" content=\"@MonacoTribune\" \/>\n<script type=\"application\/ld+json\" class=\"yoast-schema-graph\">{\"@context\":\"https:\\\/\\\/schema.org\",\"@graph\":[{\"@type\":\"NewsArticle\",\"@id\":\"https:\\\/\\\/www.monaco-tribune.com\\\/en\\\/2018\\\/11\\\/societe-monegasque-des-eaux-signs-energy-transition-measures\\\/#article\",\"isPartOf\":{\"@id\":\"https:\\\/\\\/www.monaco-tribune.com\\\/en\\\/2018\\\/11\\\/societe-monegasque-des-eaux-signs-energy-transition-measures\\\/\"},\"author\":{\"name\":\"Kiel Bonhomme\",\"@id\":\"https:\\\/\\\/www.monaco-tribune.com\\\/en\\\/#\\\/schema\\\/person\\\/9d13bdaae6c0783f39a7213543b15524\"},\"headline\":\"Soci\u00e9t\u00e9 Mon\u00e9gasque des Eaux\u00a0Signs Energy Transition Measures\",\"datePublished\":\"2018-11-15T10:15:12+00:00\",\"dateModified\":\"2022-11-28T21:05:24+00:00\",\"mainEntityOfPage\":{\"@id\":\"https:\\\/\\\/www.monaco-tribune.com\\\/en\\\/2018\\\/11\\\/societe-monegasque-des-eaux-signs-energy-transition-measures\\\/\"},\"wordCount\":385,\"publisher\":{\"@id\":\"https:\\\/\\\/www.monaco-tribune.com\\\/en\\\/#organization\"},\"image\":{\"@id\":\"https:\\\/\\\/www.monaco-tribune.com\\\/en\\\/2018\\\/11\\\/societe-monegasque-des-eaux-signs-energy-transition-measures\\\/#primaryimage\"},\"thumbnailUrl\":\"https:\\\/\\\/www.monaco-tribune.com\\\/wp-content\\\/uploads\\\/2018\\\/11\\\/societe-monegasque-des-eaux-signs-energy-transition-measures.jpg\",\"keywords\":[\"Green Monaco\",\"National Pact\",\"Soci\u00e9t\u00e9 Mon\u00e9gasque des Eaux\",\"Sustainability\"],\"articleSection\":[\"Society\"],\"inLanguage\":\"en-US\",\"copyrightYear\":\"2018\",\"copyrightHolder\":{\"@id\":\"https:\\\/\\\/www.monaco-tribune.com\\\/#organization\"}},{\"@type\":\"WebPage\",\"@id\":\"https:\\\/\\\/www.monaco-tribune.com\\\/en\\\/2018\\\/11\\\/societe-monegasque-des-eaux-signs-energy-transition-measures\\\/\",\"url\":\"https:\\\/\\\/www.monaco-tribune.com\\\/en\\\/2018\\\/11\\\/societe-monegasque-des-eaux-signs-energy-transition-measures\\\/\",\"name\":\"Soci\u00e9t\u00e9 Mon\u00e9gasque des Eaux\u00a0Signs Energy Transition Measures\",\"isPartOf\":{\"@id\":\"https:\\\/\\\/www.monaco-tribune.com\\\/en\\\/#website\"},\"primaryImageOfPage\":{\"@id\":\"https:\\\/\\\/www.monaco-tribune.com\\\/en\\\/2018\\\/11\\\/societe-monegasque-des-eaux-signs-energy-transition-measures\\\/#primaryimage\"},\"image\":{\"@id\":\"https:\\\/\\\/www.monaco-tribune.com\\\/en\\\/2018\\\/11\\\/societe-monegasque-des-eaux-signs-energy-transition-measures\\\/#primaryimage\"},\"thumbnailUrl\":\"https:\\\/\\\/www.monaco-tribune.com\\\/wp-content\\\/uploads\\\/2018\\\/11\\\/societe-monegasque-des-eaux-signs-energy-transition-measures.jpg\",\"datePublished\":\"2018-11-15T10:15:12+00:00\",\"dateModified\":\"2022-11-28T21:05:24+00:00\",\"description\":\"In an official press release from the Principality's governmental website, the\u00a0Soci\u00e9t\u00e9 Mon\u00e9gasque des Eaux officially signed an energy transition charter this past Wednesday, November 14th.\u00a0\",\"breadcrumb\":{\"@id\":\"https:\\\/\\\/www.monaco-tribune.com\\\/en\\\/2018\\\/11\\\/societe-monegasque-des-eaux-signs-energy-transition-measures\\\/#breadcrumb\"},\"inLanguage\":\"en-US\",\"potentialAction\":[{\"@type\":\"ReadAction\",\"target\":[\"https:\\\/\\\/www.monaco-tribune.com\\\/en\\\/2018\\\/11\\\/societe-monegasque-des-eaux-signs-energy-transition-measures\\\/\"]}]},{\"@type\":\"ImageObject\",\"inLanguage\":\"en-US\",\"@id\":\"https:\\\/\\\/www.monaco-tribune.com\\\/en\\\/2018\\\/11\\\/societe-monegasque-des-eaux-signs-energy-transition-measures\\\/#primaryimage\",\"url\":\"https:\\\/\\\/www.monaco-tribune.com\\\/wp-content\\\/uploads\\\/2018\\\/11\\\/societe-monegasque-des-eaux-signs-energy-transition-measures.jpg\",\"contentUrl\":\"https:\\\/\\\/www.monaco-tribune.com\\\/wp-content\\\/uploads\\\/2018\\\/11\\\/societe-monegasque-des-eaux-signs-energy-transition-measures.jpg\",\"width\":1024,\"height\":768,\"caption\":\"societe-monegasque-des-eaux-signs-energy-transition-measures\"},{\"@type\":\"BreadcrumbList\",\"@id\":\"https:\\\/\\\/www.monaco-tribune.com\\\/en\\\/2018\\\/11\\\/societe-monegasque-des-eaux-signs-energy-transition-measures\\\/#breadcrumb\",\"itemListElement\":[{\"@type\":\"ListItem\",\"position\":1,\"name\":\"Accueil\",\"item\":\"https:\\\/\\\/www.monaco-tribune.com\\\/en\\\/\"},{\"@type\":\"ListItem\",\"position\":2,\"name\":\"Soci\u00e9t\u00e9 Mon\u00e9gasque des Eaux\u00a0Signs Energy Transition Measures\"}]},{\"@type\":\"WebSite\",\"@id\":\"https:\\\/\\\/www.monaco-tribune.com\\\/en\\\/#website\",\"url\":\"https:\\\/\\\/www.monaco-tribune.com\\\/en\\\/\",\"name\":\"Monaco Tribune\",\"description\":\"Monaco : actualit\u00e9s \u00e9conomiques, politiques, culturelles et sportives de Monaco et de la French Riviera.\",\"publisher\":{\"@id\":\"https:\\\/\\\/www.monaco-tribune.com\\\/en\\\/#organization\"},\"potentialAction\":[{\"@type\":\"SearchAction\",\"target\":{\"@type\":\"EntryPoint\",\"urlTemplate\":\"https:\\\/\\\/www.monaco-tribune.com\\\/en\\\/?s={search_term_string}\"},\"query-input\":{\"@type\":\"PropertyValueSpecification\",\"valueRequired\":true,\"valueName\":\"search_term_string\"}}],\"inLanguage\":\"en-US\"},{\"@type\":\"Organization\",\"@id\":\"https:\\\/\\\/www.monaco-tribune.com\\\/en\\\/#organization\",\"name\":\"Monaco Tribune\",\"url\":\"https:\\\/\\\/www.monaco-tribune.com\\\/en\\\/\",\"logo\":{\"@type\":\"ImageObject\",\"inLanguage\":\"en-US\",\"@id\":\"https:\\\/\\\/www.monaco-tribune.com\\\/en\\\/#\\\/schema\\\/logo\\\/image\\\/\",\"url\":\"https:\\\/\\\/www.monaco-tribune.com\\\/wp-content\\\/uploads\\\/2022\\\/11\\\/logo-monaco-tribune.png\",\"contentUrl\":\"https:\\\/\\\/www.monaco-tribune.com\\\/wp-content\\\/uploads\\\/2022\\\/11\\\/logo-monaco-tribune.png\",\"width\":1548,\"height\":600,\"caption\":\"Monaco Tribune\"},\"image\":{\"@id\":\"https:\\\/\\\/www.monaco-tribune.com\\\/en\\\/#\\\/schema\\\/logo\\\/image\\\/\"},\"sameAs\":[\"https:\\\/\\\/www.facebook.com\\\/MonacoTribune\",\"https:\\\/\\\/x.com\\\/MonacoTribune\",\"https:\\\/\\\/www.instagram.com\\\/monacotribune\\\/\",\"https:\\\/\\\/www.linkedin.com\\\/company\\\/monaco-tribune\",\"https:\\\/\\\/www.youtube.com\\\/channel\\\/UCHle1MnG6hw1y4lWKijVbMA\"]},{\"@type\":\"Person\",\"@id\":\"https:\\\/\\\/www.monaco-tribune.com\\\/en\\\/#\\\/schema\\\/person\\\/9d13bdaae6c0783f39a7213543b15524\",\"name\":\"Kiel Bonhomme\",\"image\":{\"@type\":\"ImageObject\",\"inLanguage\":\"en-US\",\"@id\":\"https:\\\/\\\/secure.gravatar.com\\\/avatar\\\/97c36b4643135a16063173a908cccbbf4081ac0be675c9bf343636ae8a0141c2?s=96&d=mm&r=g\",\"url\":\"https:\\\/\\\/secure.gravatar.com\\\/avatar\\\/97c36b4643135a16063173a908cccbbf4081ac0be675c9bf343636ae8a0141c2?s=96&d=mm&r=g\",\"contentUrl\":\"https:\\\/\\\/secure.gravatar.com\\\/avatar\\\/97c36b4643135a16063173a908cccbbf4081ac0be675c9bf343636ae8a0141c2?s=96&d=mm&r=g\",\"caption\":\"Kiel Bonhomme\"},\"description\":\"Kiel Bonhomme is a journalist and content editor from New York, currently residing in Lyon, France. Covering art &amp; culture, sports, and business happenings for the Monaco Tribune.\",\"url\":\"https:\\\/\\\/www.monaco-tribune.com\\\/en\\\/author\\\/kiel-bonhomme\\\/\"}]}<\/script>\n<!-- \/ Yoast SEO Premium plugin. -->","yoast_head_json":{"title":"Soci\u00e9t\u00e9 Mon\u00e9gasque des Eaux\u00a0Signs Energy Transition Measures","description":"In an official press release from the Principality's governmental website, the\u00a0Soci\u00e9t\u00e9 Mon\u00e9gasque des Eaux officially signed an energy transition charter this past Wednesday, November 14th.\u00a0","robots":{"index":"index","follow":"follow","max-snippet":"max-snippet:-1","max-image-preview":"max-image-preview:large","max-video-preview":"max-video-preview:-1"},"canonical":"https:\/\/www.monaco-tribune.com\/en\/2018\/11\/societe-monegasque-des-eaux-signs-energy-transition-measures\/","og_locale":"en_US","og_type":"article","og_title":"Soci\u00e9t\u00e9 Mon\u00e9gasque des Eaux\u00a0Signs Energy Transition Measures - Monaco Tribune","og_description":"In an official press release from the Principality's governmental website, the\u00a0Soci\u00e9t\u00e9 Mon\u00e9gasque des Eaux officially signed an energy transition charter","og_url":"https:\/\/www.monaco-tribune.com\/en\/2018\/11\/societe-monegasque-des-eaux-signs-energy-transition-measures\/","og_site_name":"Monaco Tribune","article_publisher":"https:\/\/www.facebook.com\/MonacoTribune","article_published_time":"2018-11-15T10:15:12+00:00","article_modified_time":"2022-11-28T21:05:24+00:00","og_image":[{"width":1024,"height":768,"url":"https:\/\/www.monaco-tribune.com\/wp-content\/uploads\/2018\/11\/societe-monegasque-des-eaux-signs-energy-transition-measures.jpg","type":"image\/jpeg"}],"author":"Kiel Bonhomme","twitter_card":"summary_large_image","twitter_creator":"@MonacoTribune","twitter_site":"@MonacoTribune","schema":{"@context":"https:\/\/schema.org","@graph":[{"@type":"NewsArticle","@id":"https:\/\/www.monaco-tribune.com\/en\/2018\/11\/societe-monegasque-des-eaux-signs-energy-transition-measures\/#article","isPartOf":{"@id":"https:\/\/www.monaco-tribune.com\/en\/2018\/11\/societe-monegasque-des-eaux-signs-energy-transition-measures\/"},"author":{"name":"Kiel Bonhomme","@id":"https:\/\/www.monaco-tribune.com\/en\/#\/schema\/person\/9d13bdaae6c0783f39a7213543b15524"},"headline":"Soci\u00e9t\u00e9 Mon\u00e9gasque des Eaux\u00a0Signs Energy Transition Measures","datePublished":"2018-11-15T10:15:12+00:00","dateModified":"2022-11-28T21:05:24+00:00","mainEntityOfPage":{"@id":"https:\/\/www.monaco-tribune.com\/en\/2018\/11\/societe-monegasque-des-eaux-signs-energy-transition-measures\/"},"wordCount":385,"publisher":{"@id":"https:\/\/www.monaco-tribune.com\/en\/#organization"},"image":{"@id":"https:\/\/www.monaco-tribune.com\/en\/2018\/11\/societe-monegasque-des-eaux-signs-energy-transition-measures\/#primaryimage"},"thumbnailUrl":"https:\/\/www.monaco-tribune.com\/wp-content\/uploads\/2018\/11\/societe-monegasque-des-eaux-signs-energy-transition-measures.jpg","keywords":["Green Monaco","National Pact","Soci\u00e9t\u00e9 Mon\u00e9gasque des Eaux","Sustainability"],"articleSection":["Society"],"inLanguage":"en-US","copyrightYear":"2018","copyrightHolder":{"@id":"https:\/\/www.monaco-tribune.com\/#organization"}},{"@type":"WebPage","@id":"https:\/\/www.monaco-tribune.com\/en\/2018\/11\/societe-monegasque-des-eaux-signs-energy-transition-measures\/","url":"https:\/\/www.monaco-tribune.com\/en\/2018\/11\/societe-monegasque-des-eaux-signs-energy-transition-measures\/","name":"Soci\u00e9t\u00e9 Mon\u00e9gasque des Eaux\u00a0Signs Energy Transition Measures","isPartOf":{"@id":"https:\/\/www.monaco-tribune.com\/en\/#website"},"primaryImageOfPage":{"@id":"https:\/\/www.monaco-tribune.com\/en\/2018\/11\/societe-monegasque-des-eaux-signs-energy-transition-measures\/#primaryimage"},"image":{"@id":"https:\/\/www.monaco-tribune.com\/en\/2018\/11\/societe-monegasque-des-eaux-signs-energy-transition-measures\/#primaryimage"},"thumbnailUrl":"https:\/\/www.monaco-tribune.com\/wp-content\/uploads\/2018\/11\/societe-monegasque-des-eaux-signs-energy-transition-measures.jpg","datePublished":"2018-11-15T10:15:12+00:00","dateModified":"2022-11-28T21:05:24+00:00","description":"In an official press release from the Principality's governmental website, the\u00a0Soci\u00e9t\u00e9 Mon\u00e9gasque des Eaux officially signed an energy transition charter this past Wednesday, November 14th.\u00a0","breadcrumb":{"@id":"https:\/\/www.monaco-tribune.com\/en\/2018\/11\/societe-monegasque-des-eaux-signs-energy-transition-measures\/#breadcrumb"},"inLanguage":"en-US","potentialAction":[{"@type":"ReadAction","target":["https:\/\/www.monaco-tribune.com\/en\/2018\/11\/societe-monegasque-des-eaux-signs-energy-transition-measures\/"]}]},{"@type":"ImageObject","inLanguage":"en-US","@id":"https:\/\/www.monaco-tribune.com\/en\/2018\/11\/societe-monegasque-des-eaux-signs-energy-transition-measures\/#primaryimage","url":"https:\/\/www.monaco-tribune.com\/wp-content\/uploads\/2018\/11\/societe-monegasque-des-eaux-signs-energy-transition-measures.jpg","contentUrl":"https:\/\/www.monaco-tribune.com\/wp-content\/uploads\/2018\/11\/societe-monegasque-des-eaux-signs-energy-transition-measures.jpg","width":1024,"height":768,"caption":"societe-monegasque-des-eaux-signs-energy-transition-measures"},{"@type":"BreadcrumbList","@id":"https:\/\/www.monaco-tribune.com\/en\/2018\/11\/societe-monegasque-des-eaux-signs-energy-transition-measures\/#breadcrumb","itemListElement":[{"@type":"ListItem","position":1,"name":"Accueil","item":"https:\/\/www.monaco-tribune.com\/en\/"},{"@type":"ListItem","position":2,"name":"Soci\u00e9t\u00e9 Mon\u00e9gasque des Eaux\u00a0Signs Energy Transition Measures"}]},{"@type":"WebSite","@id":"https:\/\/www.monaco-tribune.com\/en\/#website","url":"https:\/\/www.monaco-tribune.com\/en\/","name":"Monaco Tribune","description":"Monaco : actualit\u00e9s \u00e9conomiques, politiques, culturelles et sportives de Monaco et de la French Riviera.","publisher":{"@id":"https:\/\/www.monaco-tribune.com\/en\/#organization"},"potentialAction":[{"@type":"SearchAction","target":{"@type":"EntryPoint","urlTemplate":"https:\/\/www.monaco-tribune.com\/en\/?s={search_term_string}"},"query-input":{"@type":"PropertyValueSpecification","valueRequired":true,"valueName":"search_term_string"}}],"inLanguage":"en-US"},{"@type":"Organization","@id":"https:\/\/www.monaco-tribune.com\/en\/#organization","name":"Monaco Tribune","url":"https:\/\/www.monaco-tribune.com\/en\/","logo":{"@type":"ImageObject","inLanguage":"en-US","@id":"https:\/\/www.monaco-tribune.com\/en\/#\/schema\/logo\/image\/","url":"https:\/\/www.monaco-tribune.com\/wp-content\/uploads\/2022\/11\/logo-monaco-tribune.png","contentUrl":"https:\/\/www.monaco-tribune.com\/wp-content\/uploads\/2022\/11\/logo-monaco-tribune.png","width":1548,"height":600,"caption":"Monaco Tribune"},"image":{"@id":"https:\/\/www.monaco-tribune.com\/en\/#\/schema\/logo\/image\/"},"sameAs":["https:\/\/www.facebook.com\/MonacoTribune","https:\/\/x.com\/MonacoTribune","https:\/\/www.instagram.com\/monacotribune\/","https:\/\/www.linkedin.com\/company\/monaco-tribune","https:\/\/www.youtube.com\/channel\/UCHle1MnG6hw1y4lWKijVbMA"]},{"@type":"Person","@id":"https:\/\/www.monaco-tribune.com\/en\/#\/schema\/person\/9d13bdaae6c0783f39a7213543b15524","name":"Kiel Bonhomme","image":{"@type":"ImageObject","inLanguage":"en-US","@id":"https:\/\/secure.gravatar.com\/avatar\/97c36b4643135a16063173a908cccbbf4081ac0be675c9bf343636ae8a0141c2?s=96&d=mm&r=g","url":"https:\/\/secure.gravatar.com\/avatar\/97c36b4643135a16063173a908cccbbf4081ac0be675c9bf343636ae8a0141c2?s=96&d=mm&r=g","contentUrl":"https:\/\/secure.gravatar.com\/avatar\/97c36b4643135a16063173a908cccbbf4081ac0be675c9bf343636ae8a0141c2?s=96&d=mm&r=g","caption":"Kiel Bonhomme"},"description":"Kiel Bonhomme is a journalist and content editor from New York, currently residing in Lyon, France. Covering art &amp; culture, sports, and business happenings for the Monaco Tribune.","url":"https:\/\/www.monaco-tribune.com\/en\/author\/kiel-bonhomme\/"}]}},"_links":{"self":[{"href":"https:\/\/www.monaco-tribune.com\/en\/wp-json\/wp\/v2\/posts\/5201","targetHints":{"allow":["GET"]}}],"collection":[{"href":"https:\/\/www.monaco-tribune.com\/en\/wp-json\/wp\/v2\/posts"}],"about":[{"href":"https:\/\/www.monaco-tribune.com\/en\/wp-json\/wp\/v2\/types\/post"}],"author":[{"embeddable":true,"href":"https:\/\/www.monaco-tribune.com\/en\/wp-json\/wp\/v2\/users\/8"}],"replies":[{"embeddable":true,"href":"https:\/\/www.monaco-tribune.com\/en\/wp-json\/wp\/v2\/comments?post=5201"}],"version-history":[{"count":0,"href":"https:\/\/www.monaco-tribune.com\/en\/wp-json\/wp\/v2\/posts\/5201\/revisions"}],"wp:featuredmedia":[{"embeddable":true,"href":"https:\/\/www.monaco-tribune.com\/en\/wp-json\/wp\/v2\/media\/5202"}],"wp:attachment":[{"href":"https:\/\/www.monaco-tribune.com\/en\/wp-json\/wp\/v2\/media?parent=5201"}],"wp:term":[{"taxonomy":"category","embeddable":true,"href":"https:\/\/www.monaco-tribune.com\/en\/wp-json\/wp\/v2\/categories?post=5201"},{"taxonomy":"post_tag","embeddable":true,"href":"https:\/\/www.monaco-tribune.com\/en\/wp-json\/wp\/v2\/tags?post=5201"},{"taxonomy":"sectag","embeddable":true,"href":"https:\/\/www.monaco-tribune.com\/en\/wp-json\/wp\/v2\/post_sectags?post=5201"},{"taxonomy":"format","embeddable":true,"href":"https:\/\/www.monaco-tribune.com\/en\/wp-json\/wp\/v2\/post_format?post=5201"}],"curies":[{"name":"wp","href":"https:\/\/api.w.org\/{rel}","templated":true}]}}