{"id":57754,"date":"2020-12-10T17:13:32","date_gmt":"2020-12-10T16:13:32","guid":{"rendered":"https:\/\/www.monaco-tribune.com\/2020\/12\/meet-the-young-monaco-pianist-charming-french-audiences\/"},"modified":"2020-12-10T17:15:26","modified_gmt":"2020-12-10T16:15:26","slug":"meet-the-young-monegasque-pianist-charming-french-audiences","status":"publish","type":"post","link":"https:\/\/www.monaco-tribune.com\/en\/2020\/12\/meet-the-young-monegasque-pianist-charming-french-audiences\/","title":{"rendered":"Meet the young Monegasque pianist charming French audiences"},"content":{"rendered":"\n<p><strong>Stella Almondo makes Monaco proud. On 8 December, she took part in the final of the French talent show &#8220;Prodiges&#8221; before a jury composed of Julie Fuchs, Marie-Claude Pietragalla, and Gautier Capu\u00e7on.<\/strong><\/p>\n\n\n\n<p>She plays melodies by the greatest composers with unsettling skill. Unfortunately, her virtuosity wasn&#8217;t enough to beat Liam, the 15-year-old pianist who won the &#8220;Instrument\u201d category in the final of the Prodiges (prodigy), a French children talent show. <a href=\"https:\/\/www.youtube.com\/watch?v=g0zpdoBe38A&amp;feature=youtu.be\">Interviewed by Monaco Info<\/a>, the young pianist discussed her &#8220;incredible and breathtaking&#8221; adventure.<\/p>\n\n\n\n<blockquote class=\"wp-block-quote is-layout-flow wp-block-quote-is-layout-flow\"><p><em>Ces auditions resteront grav\u00e9es dans ma m\u00e9moire<\/em><\/p><\/blockquote>\n\n\n\n<h2 class=\"wp-block-heading\" id=\"h-a-difficult-selection-process\">A difficult selection process<\/h2>\n\n\n\n<p>Stella started playing piano at 4 and studies under Professor Am\u00e9d\u00e9e Briggen at the Conservatoire of Nice. Despite her facility, getting on Prodige was not an easy task. \u201cI audition for the show four times. I had to persevere to get here and I will always remember the casting process,\u201d she said, \u201cThe show made me realise that the piano was really what I wanted to do.\u201d<\/p>\n\n\n\n<blockquote class=\"wp-block-quote is-layout-flow wp-block-quote-is-layout-flow\"><p><em>Gautier Capu\u00e7on m\u2019a imm\u00e9diatement propos\u00e9 de faire un concert avec lui<\/em><\/p><\/blockquote>\n\n\n\n<h2 class=\"wp-block-heading\" id=\"h-a-performance-with-gautier-capu-on-scheduled\">A performance with Gautier Capu\u00e7on scheduled<\/h2>\n\n\n\n<p><em>\u00ab Je r\u00eave de devenir concertiste, de partager ma musique, de vivre de ma passion et, dans un futur proche, de rejouer avec l\u2019orchestre. \u00bb<\/em>&nbsp;Tout sourire, l\u2019adolescente mon\u00e9gasque conc\u00e8de avoir <em>\u00ab gagn\u00e9 bien plus \u00bb<\/em>&nbsp;que ce qu\u2019elle ne l\u2019esp\u00e9rait.&nbsp;En effet, juste apr\u00e8s la finale, <em>\u00ab Gautier Capu\u00e7on m\u2019a imm\u00e9diatement propos\u00e9 de faire un concert avec lui et j\u2019ai pu choisir ma sonate \u00bb<\/em> se r\u00e9jouit-elle. Les dates seront communiqu\u00e9es tr\u00e8s prochainement.&nbsp;<\/p>\n","protected":false},"excerpt":{"rendered":"<p>Stella Almondo makes Monaco proud. On 8 December, she took part in the final of the French talent show &#8220;Prodiges&#8221; [&hellip;]<\/p>\n","protected":false},"author":42,"featured_media":57576,"comment_status":"closed","ping_status":"closed","sticky":false,"template":"","format":"standard","meta":{"_acf_changed":false,"footnotes":""},"categories":[243,251],"tags":[],"post_sectags":[],"post_format":[2463],"class_list":["post-57754","post","type-post","status-publish","format-standard","has-post-thumbnail","hentry","category-news","category-whats-on","format-interview-en"],"acf":[],"yoast_head":"<!-- This site is optimized with the Yoast SEO Premium plugin v27.5 (Yoast SEO v27.5) - https:\/\/yoast.com\/product\/yoast-seo-premium-wordpress\/ -->\n<title>Meet the young Monegasque pianist charming French audiences<\/title>\n<meta name=\"description\" content=\"Stella Almondo makes Monaco proud. On 8 December, she took part in the final of the French talent show &quot;Prodiges&quot; before a jury composed of Julie Fuchs,\" \/>\n<meta name=\"robots\" content=\"index, follow, max-snippet:-1, max-image-preview:large, max-video-preview:-1\" \/>\n<link rel=\"canonical\" href=\"https:\/\/www.monaco-tribune.com\/en\/2020\/12\/meet-the-young-monegasque-pianist-charming-french-audiences\/\" \/>\n<meta property=\"og:locale\" content=\"en_US\" \/>\n<meta property=\"og:type\" content=\"article\" \/>\n<meta property=\"og:title\" content=\"Meet the young Monegasque pianist charming French audiences - Monaco Tribune\" \/>\n<meta property=\"og:description\" content=\"Stella Almondo makes Monaco proud. On 8 December, she took part in the final of the French talent show &quot;Prodiges&quot; before a jury composed of Julie Fuchs,\" \/>\n<meta property=\"og:url\" content=\"https:\/\/www.monaco-tribune.com\/en\/2020\/12\/meet-the-young-monegasque-pianist-charming-french-audiences\/\" \/>\n<meta property=\"og:site_name\" content=\"Monaco Tribune\" \/>\n<meta property=\"article:publisher\" content=\"https:\/\/www.facebook.com\/MonacoTribune\" \/>\n<meta property=\"article:published_time\" content=\"2020-12-10T16:13:32+00:00\" \/>\n<meta property=\"article:modified_time\" content=\"2020-12-10T16:15:26+00:00\" \/>\n<meta property=\"og:image\" content=\"https:\/\/www.monaco-tribune.com\/wp-content\/uploads\/2020\/12\/stella-almondo-ok--e1607606408581.jpg\" \/>\n\t<meta property=\"og:image:width\" content=\"1024\" \/>\n\t<meta property=\"og:image:height\" content=\"512\" \/>\n\t<meta property=\"og:image:type\" content=\"image\/jpeg\" \/>\n<meta name=\"author\" content=\"Marjorie Modi\" \/>\n<meta name=\"twitter:card\" content=\"summary_large_image\" \/>\n<meta name=\"twitter:creator\" content=\"@MonacoTribune\" \/>\n<meta name=\"twitter:site\" content=\"@MonacoTribune\" \/>\n<script type=\"application\/ld+json\" class=\"yoast-schema-graph\">{\"@context\":\"https:\\\/\\\/schema.org\",\"@graph\":[{\"@type\":\"NewsArticle\",\"@id\":\"https:\\\/\\\/www.monaco-tribune.com\\\/en\\\/2020\\\/12\\\/meet-the-young-monegasque-pianist-charming-french-audiences\\\/#article\",\"isPartOf\":{\"@id\":\"https:\\\/\\\/www.monaco-tribune.com\\\/en\\\/2020\\\/12\\\/meet-the-young-monegasque-pianist-charming-french-audiences\\\/\"},\"author\":{\"name\":\"Marjorie Modi\",\"@id\":\"https:\\\/\\\/www.monaco-tribune.com\\\/en\\\/#\\\/schema\\\/person\\\/5b18add85fa272c0fa24f32c6d1302e1\"},\"headline\":\"Meet the young Monegasque pianist charming French audiences\",\"datePublished\":\"2020-12-10T16:13:32+00:00\",\"dateModified\":\"2020-12-10T16:15:26+00:00\",\"mainEntityOfPage\":{\"@id\":\"https:\\\/\\\/www.monaco-tribune.com\\\/en\\\/2020\\\/12\\\/meet-the-young-monegasque-pianist-charming-french-audiences\\\/\"},\"wordCount\":282,\"publisher\":{\"@id\":\"https:\\\/\\\/www.monaco-tribune.com\\\/en\\\/#organization\"},\"image\":{\"@id\":\"https:\\\/\\\/www.monaco-tribune.com\\\/en\\\/2020\\\/12\\\/meet-the-young-monegasque-pianist-charming-french-audiences\\\/#primaryimage\"},\"thumbnailUrl\":\"https:\\\/\\\/www.monaco-tribune.com\\\/wp-content\\\/uploads\\\/2020\\\/12\\\/stella-almondo-ok--e1607606408581.jpg\",\"articleSection\":[\"News\",\"What&#039;s on\"],\"inLanguage\":\"en-US\",\"copyrightYear\":\"2020\",\"copyrightHolder\":{\"@id\":\"https:\\\/\\\/www.monaco-tribune.com\\\/#organization\"}},{\"@type\":\"WebPage\",\"@id\":\"https:\\\/\\\/www.monaco-tribune.com\\\/en\\\/2020\\\/12\\\/meet-the-young-monegasque-pianist-charming-french-audiences\\\/\",\"url\":\"https:\\\/\\\/www.monaco-tribune.com\\\/en\\\/2020\\\/12\\\/meet-the-young-monegasque-pianist-charming-french-audiences\\\/\",\"name\":\"Meet the young Monegasque pianist charming French audiences\",\"isPartOf\":{\"@id\":\"https:\\\/\\\/www.monaco-tribune.com\\\/en\\\/#website\"},\"primaryImageOfPage\":{\"@id\":\"https:\\\/\\\/www.monaco-tribune.com\\\/en\\\/2020\\\/12\\\/meet-the-young-monegasque-pianist-charming-french-audiences\\\/#primaryimage\"},\"image\":{\"@id\":\"https:\\\/\\\/www.monaco-tribune.com\\\/en\\\/2020\\\/12\\\/meet-the-young-monegasque-pianist-charming-french-audiences\\\/#primaryimage\"},\"thumbnailUrl\":\"https:\\\/\\\/www.monaco-tribune.com\\\/wp-content\\\/uploads\\\/2020\\\/12\\\/stella-almondo-ok--e1607606408581.jpg\",\"datePublished\":\"2020-12-10T16:13:32+00:00\",\"dateModified\":\"2020-12-10T16:15:26+00:00\",\"description\":\"Stella Almondo makes Monaco proud. On 8 December, she took part in the final of the French talent show \\\"Prodiges\\\" before a jury composed of Julie Fuchs,\",\"breadcrumb\":{\"@id\":\"https:\\\/\\\/www.monaco-tribune.com\\\/en\\\/2020\\\/12\\\/meet-the-young-monegasque-pianist-charming-french-audiences\\\/#breadcrumb\"},\"inLanguage\":\"en-US\",\"potentialAction\":[{\"@type\":\"ReadAction\",\"target\":[\"https:\\\/\\\/www.monaco-tribune.com\\\/en\\\/2020\\\/12\\\/meet-the-young-monegasque-pianist-charming-french-audiences\\\/\"]}]},{\"@type\":\"ImageObject\",\"inLanguage\":\"en-US\",\"@id\":\"https:\\\/\\\/www.monaco-tribune.com\\\/en\\\/2020\\\/12\\\/meet-the-young-monegasque-pianist-charming-french-audiences\\\/#primaryimage\",\"url\":\"https:\\\/\\\/www.monaco-tribune.com\\\/wp-content\\\/uploads\\\/2020\\\/12\\\/stella-almondo-ok--e1607606408581.jpg\",\"contentUrl\":\"https:\\\/\\\/www.monaco-tribune.com\\\/wp-content\\\/uploads\\\/2020\\\/12\\\/stella-almondo-ok--e1607606408581.jpg\",\"width\":1024,\"height\":512,\"caption\":\"DR\"},{\"@type\":\"BreadcrumbList\",\"@id\":\"https:\\\/\\\/www.monaco-tribune.com\\\/en\\\/2020\\\/12\\\/meet-the-young-monegasque-pianist-charming-french-audiences\\\/#breadcrumb\",\"itemListElement\":[{\"@type\":\"ListItem\",\"position\":1,\"name\":\"Accueil\",\"item\":\"https:\\\/\\\/www.monaco-tribune.com\\\/en\\\/\"},{\"@type\":\"ListItem\",\"position\":2,\"name\":\"Meet the young Monegasque pianist charming French audiences\"}]},{\"@type\":\"WebSite\",\"@id\":\"https:\\\/\\\/www.monaco-tribune.com\\\/en\\\/#website\",\"url\":\"https:\\\/\\\/www.monaco-tribune.com\\\/en\\\/\",\"name\":\"Monaco Tribune\",\"description\":\"Monaco : actualit\u00e9s \u00e9conomiques, politiques, culturelles et sportives de Monaco et de la French Riviera.\",\"publisher\":{\"@id\":\"https:\\\/\\\/www.monaco-tribune.com\\\/en\\\/#organization\"},\"potentialAction\":[{\"@type\":\"SearchAction\",\"target\":{\"@type\":\"EntryPoint\",\"urlTemplate\":\"https:\\\/\\\/www.monaco-tribune.com\\\/en\\\/?s={search_term_string}\"},\"query-input\":{\"@type\":\"PropertyValueSpecification\",\"valueRequired\":true,\"valueName\":\"search_term_string\"}}],\"inLanguage\":\"en-US\"},{\"@type\":\"Organization\",\"@id\":\"https:\\\/\\\/www.monaco-tribune.com\\\/en\\\/#organization\",\"name\":\"Monaco Tribune\",\"url\":\"https:\\\/\\\/www.monaco-tribune.com\\\/en\\\/\",\"logo\":{\"@type\":\"ImageObject\",\"inLanguage\":\"en-US\",\"@id\":\"https:\\\/\\\/www.monaco-tribune.com\\\/en\\\/#\\\/schema\\\/logo\\\/image\\\/\",\"url\":\"https:\\\/\\\/www.monaco-tribune.com\\\/wp-content\\\/uploads\\\/2022\\\/11\\\/logo-monaco-tribune.png\",\"contentUrl\":\"https:\\\/\\\/www.monaco-tribune.com\\\/wp-content\\\/uploads\\\/2022\\\/11\\\/logo-monaco-tribune.png\",\"width\":1548,\"height\":600,\"caption\":\"Monaco Tribune\"},\"image\":{\"@id\":\"https:\\\/\\\/www.monaco-tribune.com\\\/en\\\/#\\\/schema\\\/logo\\\/image\\\/\"},\"sameAs\":[\"https:\\\/\\\/www.facebook.com\\\/MonacoTribune\",\"https:\\\/\\\/x.com\\\/MonacoTribune\",\"https:\\\/\\\/www.instagram.com\\\/monacotribune\\\/\",\"https:\\\/\\\/www.linkedin.com\\\/company\\\/monaco-tribune\",\"https:\\\/\\\/www.youtube.com\\\/channel\\\/UCHle1MnG6hw1y4lWKijVbMA\"]},{\"@type\":\"Person\",\"@id\":\"https:\\\/\\\/www.monaco-tribune.com\\\/en\\\/#\\\/schema\\\/person\\\/5b18add85fa272c0fa24f32c6d1302e1\",\"name\":\"Marjorie Modi\",\"image\":{\"@type\":\"ImageObject\",\"inLanguage\":\"en-US\",\"@id\":\"https:\\\/\\\/secure.gravatar.com\\\/avatar\\\/ca5506f0a36bb5f3a7a88da16cc9bf1a2eccaa24c9f121a4312c9d903e503815?s=96&d=mm&r=g\",\"url\":\"https:\\\/\\\/secure.gravatar.com\\\/avatar\\\/ca5506f0a36bb5f3a7a88da16cc9bf1a2eccaa24c9f121a4312c9d903e503815?s=96&d=mm&r=g\",\"contentUrl\":\"https:\\\/\\\/secure.gravatar.com\\\/avatar\\\/ca5506f0a36bb5f3a7a88da16cc9bf1a2eccaa24c9f121a4312c9d903e503815?s=96&d=mm&r=g\",\"caption\":\"Marjorie Modi\"},\"url\":\"https:\\\/\\\/www.monaco-tribune.com\\\/en\\\/author\\\/marjoriemodi\\\/\"}]}<\/script>\n<!-- \/ Yoast SEO Premium plugin. -->","yoast_head_json":{"title":"Meet the young Monegasque pianist charming French audiences","description":"Stella Almondo makes Monaco proud. On 8 December, she took part in the final of the French talent show \"Prodiges\" before a jury composed of Julie Fuchs,","robots":{"index":"index","follow":"follow","max-snippet":"max-snippet:-1","max-image-preview":"max-image-preview:large","max-video-preview":"max-video-preview:-1"},"canonical":"https:\/\/www.monaco-tribune.com\/en\/2020\/12\/meet-the-young-monegasque-pianist-charming-french-audiences\/","og_locale":"en_US","og_type":"article","og_title":"Meet the young Monegasque pianist charming French audiences - Monaco Tribune","og_description":"Stella Almondo makes Monaco proud. On 8 December, she took part in the final of the French talent show \"Prodiges\" before a jury composed of Julie Fuchs,","og_url":"https:\/\/www.monaco-tribune.com\/en\/2020\/12\/meet-the-young-monegasque-pianist-charming-french-audiences\/","og_site_name":"Monaco Tribune","article_publisher":"https:\/\/www.facebook.com\/MonacoTribune","article_published_time":"2020-12-10T16:13:32+00:00","article_modified_time":"2020-12-10T16:15:26+00:00","og_image":[{"width":1024,"height":512,"url":"https:\/\/www.monaco-tribune.com\/wp-content\/uploads\/2020\/12\/stella-almondo-ok--e1607606408581.jpg","type":"image\/jpeg"}],"author":"Marjorie Modi","twitter_card":"summary_large_image","twitter_creator":"@MonacoTribune","twitter_site":"@MonacoTribune","schema":{"@context":"https:\/\/schema.org","@graph":[{"@type":"NewsArticle","@id":"https:\/\/www.monaco-tribune.com\/en\/2020\/12\/meet-the-young-monegasque-pianist-charming-french-audiences\/#article","isPartOf":{"@id":"https:\/\/www.monaco-tribune.com\/en\/2020\/12\/meet-the-young-monegasque-pianist-charming-french-audiences\/"},"author":{"name":"Marjorie Modi","@id":"https:\/\/www.monaco-tribune.com\/en\/#\/schema\/person\/5b18add85fa272c0fa24f32c6d1302e1"},"headline":"Meet the young Monegasque pianist charming French audiences","datePublished":"2020-12-10T16:13:32+00:00","dateModified":"2020-12-10T16:15:26+00:00","mainEntityOfPage":{"@id":"https:\/\/www.monaco-tribune.com\/en\/2020\/12\/meet-the-young-monegasque-pianist-charming-french-audiences\/"},"wordCount":282,"publisher":{"@id":"https:\/\/www.monaco-tribune.com\/en\/#organization"},"image":{"@id":"https:\/\/www.monaco-tribune.com\/en\/2020\/12\/meet-the-young-monegasque-pianist-charming-french-audiences\/#primaryimage"},"thumbnailUrl":"https:\/\/www.monaco-tribune.com\/wp-content\/uploads\/2020\/12\/stella-almondo-ok--e1607606408581.jpg","articleSection":["News","What&#039;s on"],"inLanguage":"en-US","copyrightYear":"2020","copyrightHolder":{"@id":"https:\/\/www.monaco-tribune.com\/#organization"}},{"@type":"WebPage","@id":"https:\/\/www.monaco-tribune.com\/en\/2020\/12\/meet-the-young-monegasque-pianist-charming-french-audiences\/","url":"https:\/\/www.monaco-tribune.com\/en\/2020\/12\/meet-the-young-monegasque-pianist-charming-french-audiences\/","name":"Meet the young Monegasque pianist charming French audiences","isPartOf":{"@id":"https:\/\/www.monaco-tribune.com\/en\/#website"},"primaryImageOfPage":{"@id":"https:\/\/www.monaco-tribune.com\/en\/2020\/12\/meet-the-young-monegasque-pianist-charming-french-audiences\/#primaryimage"},"image":{"@id":"https:\/\/www.monaco-tribune.com\/en\/2020\/12\/meet-the-young-monegasque-pianist-charming-french-audiences\/#primaryimage"},"thumbnailUrl":"https:\/\/www.monaco-tribune.com\/wp-content\/uploads\/2020\/12\/stella-almondo-ok--e1607606408581.jpg","datePublished":"2020-12-10T16:13:32+00:00","dateModified":"2020-12-10T16:15:26+00:00","description":"Stella Almondo makes Monaco proud. On 8 December, she took part in the final of the French talent show \"Prodiges\" before a jury composed of Julie Fuchs,","breadcrumb":{"@id":"https:\/\/www.monaco-tribune.com\/en\/2020\/12\/meet-the-young-monegasque-pianist-charming-french-audiences\/#breadcrumb"},"inLanguage":"en-US","potentialAction":[{"@type":"ReadAction","target":["https:\/\/www.monaco-tribune.com\/en\/2020\/12\/meet-the-young-monegasque-pianist-charming-french-audiences\/"]}]},{"@type":"ImageObject","inLanguage":"en-US","@id":"https:\/\/www.monaco-tribune.com\/en\/2020\/12\/meet-the-young-monegasque-pianist-charming-french-audiences\/#primaryimage","url":"https:\/\/www.monaco-tribune.com\/wp-content\/uploads\/2020\/12\/stella-almondo-ok--e1607606408581.jpg","contentUrl":"https:\/\/www.monaco-tribune.com\/wp-content\/uploads\/2020\/12\/stella-almondo-ok--e1607606408581.jpg","width":1024,"height":512,"caption":"DR"},{"@type":"BreadcrumbList","@id":"https:\/\/www.monaco-tribune.com\/en\/2020\/12\/meet-the-young-monegasque-pianist-charming-french-audiences\/#breadcrumb","itemListElement":[{"@type":"ListItem","position":1,"name":"Accueil","item":"https:\/\/www.monaco-tribune.com\/en\/"},{"@type":"ListItem","position":2,"name":"Meet the young Monegasque pianist charming French audiences"}]},{"@type":"WebSite","@id":"https:\/\/www.monaco-tribune.com\/en\/#website","url":"https:\/\/www.monaco-tribune.com\/en\/","name":"Monaco Tribune","description":"Monaco : actualit\u00e9s \u00e9conomiques, politiques, culturelles et sportives de Monaco et de la French Riviera.","publisher":{"@id":"https:\/\/www.monaco-tribune.com\/en\/#organization"},"potentialAction":[{"@type":"SearchAction","target":{"@type":"EntryPoint","urlTemplate":"https:\/\/www.monaco-tribune.com\/en\/?s={search_term_string}"},"query-input":{"@type":"PropertyValueSpecification","valueRequired":true,"valueName":"search_term_string"}}],"inLanguage":"en-US"},{"@type":"Organization","@id":"https:\/\/www.monaco-tribune.com\/en\/#organization","name":"Monaco Tribune","url":"https:\/\/www.monaco-tribune.com\/en\/","logo":{"@type":"ImageObject","inLanguage":"en-US","@id":"https:\/\/www.monaco-tribune.com\/en\/#\/schema\/logo\/image\/","url":"https:\/\/www.monaco-tribune.com\/wp-content\/uploads\/2022\/11\/logo-monaco-tribune.png","contentUrl":"https:\/\/www.monaco-tribune.com\/wp-content\/uploads\/2022\/11\/logo-monaco-tribune.png","width":1548,"height":600,"caption":"Monaco Tribune"},"image":{"@id":"https:\/\/www.monaco-tribune.com\/en\/#\/schema\/logo\/image\/"},"sameAs":["https:\/\/www.facebook.com\/MonacoTribune","https:\/\/x.com\/MonacoTribune","https:\/\/www.instagram.com\/monacotribune\/","https:\/\/www.linkedin.com\/company\/monaco-tribune","https:\/\/www.youtube.com\/channel\/UCHle1MnG6hw1y4lWKijVbMA"]},{"@type":"Person","@id":"https:\/\/www.monaco-tribune.com\/en\/#\/schema\/person\/5b18add85fa272c0fa24f32c6d1302e1","name":"Marjorie Modi","image":{"@type":"ImageObject","inLanguage":"en-US","@id":"https:\/\/secure.gravatar.com\/avatar\/ca5506f0a36bb5f3a7a88da16cc9bf1a2eccaa24c9f121a4312c9d903e503815?s=96&d=mm&r=g","url":"https:\/\/secure.gravatar.com\/avatar\/ca5506f0a36bb5f3a7a88da16cc9bf1a2eccaa24c9f121a4312c9d903e503815?s=96&d=mm&r=g","contentUrl":"https:\/\/secure.gravatar.com\/avatar\/ca5506f0a36bb5f3a7a88da16cc9bf1a2eccaa24c9f121a4312c9d903e503815?s=96&d=mm&r=g","caption":"Marjorie Modi"},"url":"https:\/\/www.monaco-tribune.com\/en\/author\/marjoriemodi\/"}]}},"_links":{"self":[{"href":"https:\/\/www.monaco-tribune.com\/en\/wp-json\/wp\/v2\/posts\/57754","targetHints":{"allow":["GET"]}}],"collection":[{"href":"https:\/\/www.monaco-tribune.com\/en\/wp-json\/wp\/v2\/posts"}],"about":[{"href":"https:\/\/www.monaco-tribune.com\/en\/wp-json\/wp\/v2\/types\/post"}],"author":[{"embeddable":true,"href":"https:\/\/www.monaco-tribune.com\/en\/wp-json\/wp\/v2\/users\/42"}],"replies":[{"embeddable":true,"href":"https:\/\/www.monaco-tribune.com\/en\/wp-json\/wp\/v2\/comments?post=57754"}],"version-history":[{"count":0,"href":"https:\/\/www.monaco-tribune.com\/en\/wp-json\/wp\/v2\/posts\/57754\/revisions"}],"wp:featuredmedia":[{"embeddable":true,"href":"https:\/\/www.monaco-tribune.com\/en\/wp-json\/wp\/v2\/media\/57576"}],"wp:attachment":[{"href":"https:\/\/www.monaco-tribune.com\/en\/wp-json\/wp\/v2\/media?parent=57754"}],"wp:term":[{"taxonomy":"category","embeddable":true,"href":"https:\/\/www.monaco-tribune.com\/en\/wp-json\/wp\/v2\/categories?post=57754"},{"taxonomy":"post_tag","embeddable":true,"href":"https:\/\/www.monaco-tribune.com\/en\/wp-json\/wp\/v2\/tags?post=57754"},{"taxonomy":"sectag","embeddable":true,"href":"https:\/\/www.monaco-tribune.com\/en\/wp-json\/wp\/v2\/post_sectags?post=57754"},{"taxonomy":"format","embeddable":true,"href":"https:\/\/www.monaco-tribune.com\/en\/wp-json\/wp\/v2\/post_format?post=57754"}],"curies":[{"name":"wp","href":"https:\/\/api.w.org\/{rel}","templated":true}]}}