{"id":60358,"date":"2020-12-24T10:24:44","date_gmt":"2020-12-24T09:24:44","guid":{"rendered":"https:\/\/www.monaco-tribune.com\/2020\/12\/as-monaco-player-lend-voices-for-storm-alex-charity-record\/"},"modified":"2020-12-24T10:30:10","modified_gmt":"2020-12-24T09:30:10","slug":"as-monaco-players-lend-voices-to-charity-for-storm-alex-single","status":"publish","type":"post","link":"https:\/\/www.monaco-tribune.com\/en\/2020\/12\/as-monaco-players-lend-voices-to-charity-for-storm-alex-single\/","title":{"rendered":"AS Monaco players lend voices to charity for Storm Alex single"},"content":{"rendered":"\n<p><strong>The region of the Alpes-Maritimes has released a charity record for the villages ravaged by Storm Alex. The song&#8217;s music video stars several celebrities, including six AS Monaco players.<\/strong><\/p>\n\n\n\n<p>The <a href=\"https:\/\/www.departement06.fr\/tempete-alex-mesures-du-departement\/chanson-solidaire-nos-vallees-38037.html\">charity single is called \u201cnos vall\u00e9s\u201d<\/a>, which means \u201cour valleys\u201d in French. All the song&#8217;s profits will go to the Tin\u00e9e, Est\u00e9ron, Roya and V\u00e9subie valleys, which were heavily affected by the flooding and landslides caused by Storm Alex in early October 2020.<\/p>\n\n\n\n<h2 class=\"wp-block-heading\" id=\"h-local-and-national-celebrities-lend-their-voices-for-charity\">Local and national celebrities lend their voices for charity<\/h2>\n\n\n\n<p>Monaco has stood by the valleys ravaged by Storm Alex since the very beginning. The government, on request of Prince Albert, created <a href=\"https:\/\/www.monaco-tribune.com\/en\/2020\/10\/storm-alex-monaco-donates-4-million-euros-to-affected-communities\/\">a special fund for the affected communities worth 4 million euros<\/a>, while <a href=\"https:\/\/www.monaco-tribune.com\/en\/2020\/10\/as-monaco-president-announces-personal-donation-to-help-rebuild-football-pitch-destroyed-by-storm-alex\/\">Dmitry Rybolovlev made a personal donation of 250,000 euros<\/a> for the rebuilding of the Saint-Martin-V\u00e9subie football pitch. AS Monaco also offered some of its <a href=\"https:\/\/www.monaco-tribune.com\/en\/2020\/10\/as-monaco-joins-aid-effort-for-storm-alexs-victims\/\">Football Academy rooms as temporary shelter<\/a> for families made homeless by the disaster.<\/p>\n\n\n\n<p>It comes therefore as no surprise that AS Monaco players Ruben Aguilar, Beno\u00eet Badiashile, Wissam Ben Yedder, Axel Disasi, Cesc F\u00e0bregas, and Enzo Millot should also be part of the charity song.<\/p>\n\n\n\n<p>Other celebrities who took part in the charity song include Didier Deschamps, manager of the French National Football team, Nice-based comedian No\u00eblle Perna, and singer Priscilla Betti. <\/p>\n\n\n\n<p>The <a href=\"https:\/\/backl.ink\/143483878\">song costs 1,29 euros<\/a> and all profits, as well as the song&#8217;s copyright, will go to the villages most affected by Storm Alex.<\/p>\n\n\n\n<figure class=\"wp-block-embed is-type-rich is-provider-twitter wp-block-embed-twitter\"><div class=\"wp-block-embed__wrapper\">\n<blockquote class=\"twitter-tweet\" data-width=\"500\" data-dnt=\"true\"><p lang=\"fr\" dir=\"ltr\">Ce single pour nos vall\u00e9es sinistr\u00e9es des Alpes-Maritimes, c\u2019est un magnifique cadeau de No\u00ebl ! <br><br>Je vous laisse le d\u00e9couvrir ci dessous \u2b07\ufe0f <a href=\"https:\/\/t.co\/xOE4YHIVDF\">pic.twitter.com\/xOE4YHIVDF<\/a><\/p>&mdash; Eric Ciotti (@ECiotti) <a href=\"https:\/\/twitter.com\/ECiotti\/status\/1340997462388068352?ref_src=twsrc%5Etfw\">December 21, 2020<\/a><\/blockquote><script async src=\"https:\/\/platform.twitter.com\/widgets.js\" charset=\"utf-8\"><\/script>\n<\/div><\/figure>\n","protected":false},"excerpt":{"rendered":"<p>The region of the Alpes-Maritimes has released a charity record for the villages ravaged by Storm Alex. The song&#8217;s music [&hellip;]<\/p>\n","protected":false},"author":41,"featured_media":60316,"comment_status":"closed","ping_status":"closed","sticky":false,"template":"","format":"standard","meta":{"_acf_changed":false,"footnotes":""},"categories":[243,258],"tags":[2821],"post_sectags":[],"post_format":[2465],"class_list":["post-60358","post","type-post","status-publish","format-standard","has-post-thumbnail","hentry","category-news","category-public-life","tag-as-monaco-en-2","format-in-brief"],"acf":[],"yoast_head":"<!-- This site is optimized with the Yoast SEO Premium plugin v26.8 (Yoast SEO v27.4) - https:\/\/yoast.com\/product\/yoast-seo-premium-wordpress\/ -->\n<title>AS Monaco players lend voices to charity for Storm Alex single<\/title>\n<meta name=\"description\" content=\"The region of the Alpes-Maritimes has released a charity record for the villages ravaged by Storm Alex. The song&#039;s music video stars several celebrities,\" \/>\n<meta name=\"robots\" content=\"index, follow, max-snippet:-1, max-image-preview:large, max-video-preview:-1\" \/>\n<link rel=\"canonical\" href=\"https:\/\/www.monaco-tribune.com\/en\/2020\/12\/as-monaco-players-lend-voices-to-charity-for-storm-alex-single\/\" \/>\n<meta property=\"og:locale\" content=\"en_US\" \/>\n<meta property=\"og:type\" content=\"article\" \/>\n<meta property=\"og:title\" content=\"AS Monaco players lend voices to charity for Storm Alex single - Monaco Tribune\" \/>\n<meta property=\"og:description\" content=\"The region of the Alpes-Maritimes has released a charity record for the villages ravaged by Storm Alex. The song&#039;s music video stars several celebrities,\" \/>\n<meta property=\"og:url\" content=\"https:\/\/www.monaco-tribune.com\/en\/2020\/12\/as-monaco-players-lend-voices-to-charity-for-storm-alex-single\/\" \/>\n<meta property=\"og:site_name\" content=\"Monaco Tribune\" \/>\n<meta property=\"article:publisher\" content=\"https:\/\/www.facebook.com\/MonacoTribune\" \/>\n<meta property=\"article:published_time\" content=\"2020-12-24T09:24:44+00:00\" \/>\n<meta property=\"article:modified_time\" content=\"2020-12-24T09:30:10+00:00\" \/>\n<meta property=\"og:image\" content=\"https:\/\/www.monaco-tribune.com\/wp-content\/uploads\/2020\/12\/nos-valle\u0301es-single.jpeg\" \/>\n\t<meta property=\"og:image:width\" content=\"1200\" \/>\n\t<meta property=\"og:image:height\" content=\"798\" \/>\n\t<meta property=\"og:image:type\" content=\"image\/jpeg\" \/>\n<meta name=\"author\" content=\"Nassima Errami\" \/>\n<meta name=\"twitter:card\" content=\"summary_large_image\" \/>\n<meta name=\"twitter:creator\" content=\"@MonacoTribune\" \/>\n<meta name=\"twitter:site\" content=\"@MonacoTribune\" \/>\n<script type=\"application\/ld+json\" class=\"yoast-schema-graph\">{\"@context\":\"https:\\\/\\\/schema.org\",\"@graph\":[{\"@type\":\"NewsArticle\",\"@id\":\"https:\\\/\\\/www.monaco-tribune.com\\\/en\\\/2020\\\/12\\\/as-monaco-players-lend-voices-to-charity-for-storm-alex-single\\\/#article\",\"isPartOf\":{\"@id\":\"https:\\\/\\\/www.monaco-tribune.com\\\/en\\\/2020\\\/12\\\/as-monaco-players-lend-voices-to-charity-for-storm-alex-single\\\/\"},\"author\":{\"name\":\"Nassima Errami\",\"@id\":\"https:\\\/\\\/www.monaco-tribune.com\\\/en\\\/#\\\/schema\\\/person\\\/3814f045714aae4bb4abbfb04158f169\"},\"headline\":\"AS Monaco players lend voices to charity for Storm Alex single\",\"datePublished\":\"2020-12-24T09:24:44+00:00\",\"dateModified\":\"2020-12-24T09:30:10+00:00\",\"mainEntityOfPage\":{\"@id\":\"https:\\\/\\\/www.monaco-tribune.com\\\/en\\\/2020\\\/12\\\/as-monaco-players-lend-voices-to-charity-for-storm-alex-single\\\/\"},\"wordCount\":260,\"publisher\":{\"@id\":\"https:\\\/\\\/www.monaco-tribune.com\\\/en\\\/#organization\"},\"image\":{\"@id\":\"https:\\\/\\\/www.monaco-tribune.com\\\/en\\\/2020\\\/12\\\/as-monaco-players-lend-voices-to-charity-for-storm-alex-single\\\/#primaryimage\"},\"thumbnailUrl\":\"https:\\\/\\\/www.monaco-tribune.com\\\/wp-content\\\/uploads\\\/2020\\\/12\\\/nos-valle\u0301es-single.jpeg\",\"keywords\":[\"AS Monaco\"],\"articleSection\":[\"News\",\"Society\"],\"inLanguage\":\"en-US\",\"copyrightYear\":\"2020\",\"copyrightHolder\":{\"@id\":\"https:\\\/\\\/www.monaco-tribune.com\\\/#organization\"}},{\"@type\":\"WebPage\",\"@id\":\"https:\\\/\\\/www.monaco-tribune.com\\\/en\\\/2020\\\/12\\\/as-monaco-players-lend-voices-to-charity-for-storm-alex-single\\\/\",\"url\":\"https:\\\/\\\/www.monaco-tribune.com\\\/en\\\/2020\\\/12\\\/as-monaco-players-lend-voices-to-charity-for-storm-alex-single\\\/\",\"name\":\"AS Monaco players lend voices to charity for Storm Alex single\",\"isPartOf\":{\"@id\":\"https:\\\/\\\/www.monaco-tribune.com\\\/en\\\/#website\"},\"primaryImageOfPage\":{\"@id\":\"https:\\\/\\\/www.monaco-tribune.com\\\/en\\\/2020\\\/12\\\/as-monaco-players-lend-voices-to-charity-for-storm-alex-single\\\/#primaryimage\"},\"image\":{\"@id\":\"https:\\\/\\\/www.monaco-tribune.com\\\/en\\\/2020\\\/12\\\/as-monaco-players-lend-voices-to-charity-for-storm-alex-single\\\/#primaryimage\"},\"thumbnailUrl\":\"https:\\\/\\\/www.monaco-tribune.com\\\/wp-content\\\/uploads\\\/2020\\\/12\\\/nos-valle\u0301es-single.jpeg\",\"datePublished\":\"2020-12-24T09:24:44+00:00\",\"dateModified\":\"2020-12-24T09:30:10+00:00\",\"description\":\"The region of the Alpes-Maritimes has released a charity record for the villages ravaged by Storm Alex. The song's music video stars several celebrities,\",\"breadcrumb\":{\"@id\":\"https:\\\/\\\/www.monaco-tribune.com\\\/en\\\/2020\\\/12\\\/as-monaco-players-lend-voices-to-charity-for-storm-alex-single\\\/#breadcrumb\"},\"inLanguage\":\"en-US\",\"potentialAction\":[{\"@type\":\"ReadAction\",\"target\":[\"https:\\\/\\\/www.monaco-tribune.com\\\/en\\\/2020\\\/12\\\/as-monaco-players-lend-voices-to-charity-for-storm-alex-single\\\/\"]}]},{\"@type\":\"ImageObject\",\"inLanguage\":\"en-US\",\"@id\":\"https:\\\/\\\/www.monaco-tribune.com\\\/en\\\/2020\\\/12\\\/as-monaco-players-lend-voices-to-charity-for-storm-alex-single\\\/#primaryimage\",\"url\":\"https:\\\/\\\/www.monaco-tribune.com\\\/wp-content\\\/uploads\\\/2020\\\/12\\\/nos-valle\u0301es-single.jpeg\",\"contentUrl\":\"https:\\\/\\\/www.monaco-tribune.com\\\/wp-content\\\/uploads\\\/2020\\\/12\\\/nos-valle\u0301es-single.jpeg\",\"width\":1200,\"height\":798,\"caption\":\"Eric Ciotti\"},{\"@type\":\"BreadcrumbList\",\"@id\":\"https:\\\/\\\/www.monaco-tribune.com\\\/en\\\/2020\\\/12\\\/as-monaco-players-lend-voices-to-charity-for-storm-alex-single\\\/#breadcrumb\",\"itemListElement\":[{\"@type\":\"ListItem\",\"position\":1,\"name\":\"Accueil\",\"item\":\"https:\\\/\\\/www.monaco-tribune.com\\\/en\\\/\"},{\"@type\":\"ListItem\",\"position\":2,\"name\":\"AS Monaco players lend voices to charity for Storm Alex single\"}]},{\"@type\":\"WebSite\",\"@id\":\"https:\\\/\\\/www.monaco-tribune.com\\\/en\\\/#website\",\"url\":\"https:\\\/\\\/www.monaco-tribune.com\\\/en\\\/\",\"name\":\"Monaco Tribune\",\"description\":\"Monaco : actualit\u00e9s \u00e9conomiques, politiques, culturelles et sportives de Monaco et de la French Riviera.\",\"publisher\":{\"@id\":\"https:\\\/\\\/www.monaco-tribune.com\\\/en\\\/#organization\"},\"potentialAction\":[{\"@type\":\"SearchAction\",\"target\":{\"@type\":\"EntryPoint\",\"urlTemplate\":\"https:\\\/\\\/www.monaco-tribune.com\\\/en\\\/?s={search_term_string}\"},\"query-input\":{\"@type\":\"PropertyValueSpecification\",\"valueRequired\":true,\"valueName\":\"search_term_string\"}}],\"inLanguage\":\"en-US\"},{\"@type\":\"Organization\",\"@id\":\"https:\\\/\\\/www.monaco-tribune.com\\\/en\\\/#organization\",\"name\":\"Monaco Tribune\",\"url\":\"https:\\\/\\\/www.monaco-tribune.com\\\/en\\\/\",\"logo\":{\"@type\":\"ImageObject\",\"inLanguage\":\"en-US\",\"@id\":\"https:\\\/\\\/www.monaco-tribune.com\\\/en\\\/#\\\/schema\\\/logo\\\/image\\\/\",\"url\":\"https:\\\/\\\/www.monaco-tribune.com\\\/wp-content\\\/uploads\\\/2022\\\/11\\\/logo-monaco-tribune.png\",\"contentUrl\":\"https:\\\/\\\/www.monaco-tribune.com\\\/wp-content\\\/uploads\\\/2022\\\/11\\\/logo-monaco-tribune.png\",\"width\":1548,\"height\":600,\"caption\":\"Monaco Tribune\"},\"image\":{\"@id\":\"https:\\\/\\\/www.monaco-tribune.com\\\/en\\\/#\\\/schema\\\/logo\\\/image\\\/\"},\"sameAs\":[\"https:\\\/\\\/www.facebook.com\\\/MonacoTribune\",\"https:\\\/\\\/x.com\\\/MonacoTribune\",\"https:\\\/\\\/www.instagram.com\\\/monacotribune\\\/\",\"https:\\\/\\\/www.linkedin.com\\\/company\\\/monaco-tribune\",\"https:\\\/\\\/www.youtube.com\\\/channel\\\/UCHle1MnG6hw1y4lWKijVbMA\"]},{\"@type\":\"Person\",\"@id\":\"https:\\\/\\\/www.monaco-tribune.com\\\/en\\\/#\\\/schema\\\/person\\\/3814f045714aae4bb4abbfb04158f169\",\"name\":\"Nassima Errami\",\"image\":{\"@type\":\"ImageObject\",\"inLanguage\":\"en-US\",\"@id\":\"https:\\\/\\\/secure.gravatar.com\\\/avatar\\\/3c0c0266375bc79b6d945c432ea8992d44782f7779ffe49a3d62b6ce4d6a23e0?s=96&d=mm&r=g\",\"url\":\"https:\\\/\\\/secure.gravatar.com\\\/avatar\\\/3c0c0266375bc79b6d945c432ea8992d44782f7779ffe49a3d62b6ce4d6a23e0?s=96&d=mm&r=g\",\"contentUrl\":\"https:\\\/\\\/secure.gravatar.com\\\/avatar\\\/3c0c0266375bc79b6d945c432ea8992d44782f7779ffe49a3d62b6ce4d6a23e0?s=96&d=mm&r=g\",\"caption\":\"Nassima Errami\"},\"url\":\"https:\\\/\\\/www.monaco-tribune.com\\\/en\\\/author\\\/nassimaerrami\\\/\"}]}<\/script>\n<!-- \/ Yoast SEO Premium plugin. -->","yoast_head_json":{"title":"AS Monaco players lend voices to charity for Storm Alex single","description":"The region of the Alpes-Maritimes has released a charity record for the villages ravaged by Storm Alex. The song's music video stars several celebrities,","robots":{"index":"index","follow":"follow","max-snippet":"max-snippet:-1","max-image-preview":"max-image-preview:large","max-video-preview":"max-video-preview:-1"},"canonical":"https:\/\/www.monaco-tribune.com\/en\/2020\/12\/as-monaco-players-lend-voices-to-charity-for-storm-alex-single\/","og_locale":"en_US","og_type":"article","og_title":"AS Monaco players lend voices to charity for Storm Alex single - Monaco Tribune","og_description":"The region of the Alpes-Maritimes has released a charity record for the villages ravaged by Storm Alex. The song's music video stars several celebrities,","og_url":"https:\/\/www.monaco-tribune.com\/en\/2020\/12\/as-monaco-players-lend-voices-to-charity-for-storm-alex-single\/","og_site_name":"Monaco Tribune","article_publisher":"https:\/\/www.facebook.com\/MonacoTribune","article_published_time":"2020-12-24T09:24:44+00:00","article_modified_time":"2020-12-24T09:30:10+00:00","og_image":[{"width":1200,"height":798,"url":"https:\/\/www.monaco-tribune.com\/wp-content\/uploads\/2020\/12\/nos-valle\u0301es-single.jpeg","type":"image\/jpeg"}],"author":"Nassima Errami","twitter_card":"summary_large_image","twitter_creator":"@MonacoTribune","twitter_site":"@MonacoTribune","schema":{"@context":"https:\/\/schema.org","@graph":[{"@type":"NewsArticle","@id":"https:\/\/www.monaco-tribune.com\/en\/2020\/12\/as-monaco-players-lend-voices-to-charity-for-storm-alex-single\/#article","isPartOf":{"@id":"https:\/\/www.monaco-tribune.com\/en\/2020\/12\/as-monaco-players-lend-voices-to-charity-for-storm-alex-single\/"},"author":{"name":"Nassima Errami","@id":"https:\/\/www.monaco-tribune.com\/en\/#\/schema\/person\/3814f045714aae4bb4abbfb04158f169"},"headline":"AS Monaco players lend voices to charity for Storm Alex single","datePublished":"2020-12-24T09:24:44+00:00","dateModified":"2020-12-24T09:30:10+00:00","mainEntityOfPage":{"@id":"https:\/\/www.monaco-tribune.com\/en\/2020\/12\/as-monaco-players-lend-voices-to-charity-for-storm-alex-single\/"},"wordCount":260,"publisher":{"@id":"https:\/\/www.monaco-tribune.com\/en\/#organization"},"image":{"@id":"https:\/\/www.monaco-tribune.com\/en\/2020\/12\/as-monaco-players-lend-voices-to-charity-for-storm-alex-single\/#primaryimage"},"thumbnailUrl":"https:\/\/www.monaco-tribune.com\/wp-content\/uploads\/2020\/12\/nos-valle\u0301es-single.jpeg","keywords":["AS Monaco"],"articleSection":["News","Society"],"inLanguage":"en-US","copyrightYear":"2020","copyrightHolder":{"@id":"https:\/\/www.monaco-tribune.com\/#organization"}},{"@type":"WebPage","@id":"https:\/\/www.monaco-tribune.com\/en\/2020\/12\/as-monaco-players-lend-voices-to-charity-for-storm-alex-single\/","url":"https:\/\/www.monaco-tribune.com\/en\/2020\/12\/as-monaco-players-lend-voices-to-charity-for-storm-alex-single\/","name":"AS Monaco players lend voices to charity for Storm Alex single","isPartOf":{"@id":"https:\/\/www.monaco-tribune.com\/en\/#website"},"primaryImageOfPage":{"@id":"https:\/\/www.monaco-tribune.com\/en\/2020\/12\/as-monaco-players-lend-voices-to-charity-for-storm-alex-single\/#primaryimage"},"image":{"@id":"https:\/\/www.monaco-tribune.com\/en\/2020\/12\/as-monaco-players-lend-voices-to-charity-for-storm-alex-single\/#primaryimage"},"thumbnailUrl":"https:\/\/www.monaco-tribune.com\/wp-content\/uploads\/2020\/12\/nos-valle\u0301es-single.jpeg","datePublished":"2020-12-24T09:24:44+00:00","dateModified":"2020-12-24T09:30:10+00:00","description":"The region of the Alpes-Maritimes has released a charity record for the villages ravaged by Storm Alex. The song's music video stars several celebrities,","breadcrumb":{"@id":"https:\/\/www.monaco-tribune.com\/en\/2020\/12\/as-monaco-players-lend-voices-to-charity-for-storm-alex-single\/#breadcrumb"},"inLanguage":"en-US","potentialAction":[{"@type":"ReadAction","target":["https:\/\/www.monaco-tribune.com\/en\/2020\/12\/as-monaco-players-lend-voices-to-charity-for-storm-alex-single\/"]}]},{"@type":"ImageObject","inLanguage":"en-US","@id":"https:\/\/www.monaco-tribune.com\/en\/2020\/12\/as-monaco-players-lend-voices-to-charity-for-storm-alex-single\/#primaryimage","url":"https:\/\/www.monaco-tribune.com\/wp-content\/uploads\/2020\/12\/nos-valle\u0301es-single.jpeg","contentUrl":"https:\/\/www.monaco-tribune.com\/wp-content\/uploads\/2020\/12\/nos-valle\u0301es-single.jpeg","width":1200,"height":798,"caption":"Eric Ciotti"},{"@type":"BreadcrumbList","@id":"https:\/\/www.monaco-tribune.com\/en\/2020\/12\/as-monaco-players-lend-voices-to-charity-for-storm-alex-single\/#breadcrumb","itemListElement":[{"@type":"ListItem","position":1,"name":"Accueil","item":"https:\/\/www.monaco-tribune.com\/en\/"},{"@type":"ListItem","position":2,"name":"AS Monaco players lend voices to charity for Storm Alex single"}]},{"@type":"WebSite","@id":"https:\/\/www.monaco-tribune.com\/en\/#website","url":"https:\/\/www.monaco-tribune.com\/en\/","name":"Monaco Tribune","description":"Monaco : actualit\u00e9s \u00e9conomiques, politiques, culturelles et sportives de Monaco et de la French Riviera.","publisher":{"@id":"https:\/\/www.monaco-tribune.com\/en\/#organization"},"potentialAction":[{"@type":"SearchAction","target":{"@type":"EntryPoint","urlTemplate":"https:\/\/www.monaco-tribune.com\/en\/?s={search_term_string}"},"query-input":{"@type":"PropertyValueSpecification","valueRequired":true,"valueName":"search_term_string"}}],"inLanguage":"en-US"},{"@type":"Organization","@id":"https:\/\/www.monaco-tribune.com\/en\/#organization","name":"Monaco Tribune","url":"https:\/\/www.monaco-tribune.com\/en\/","logo":{"@type":"ImageObject","inLanguage":"en-US","@id":"https:\/\/www.monaco-tribune.com\/en\/#\/schema\/logo\/image\/","url":"https:\/\/www.monaco-tribune.com\/wp-content\/uploads\/2022\/11\/logo-monaco-tribune.png","contentUrl":"https:\/\/www.monaco-tribune.com\/wp-content\/uploads\/2022\/11\/logo-monaco-tribune.png","width":1548,"height":600,"caption":"Monaco Tribune"},"image":{"@id":"https:\/\/www.monaco-tribune.com\/en\/#\/schema\/logo\/image\/"},"sameAs":["https:\/\/www.facebook.com\/MonacoTribune","https:\/\/x.com\/MonacoTribune","https:\/\/www.instagram.com\/monacotribune\/","https:\/\/www.linkedin.com\/company\/monaco-tribune","https:\/\/www.youtube.com\/channel\/UCHle1MnG6hw1y4lWKijVbMA"]},{"@type":"Person","@id":"https:\/\/www.monaco-tribune.com\/en\/#\/schema\/person\/3814f045714aae4bb4abbfb04158f169","name":"Nassima Errami","image":{"@type":"ImageObject","inLanguage":"en-US","@id":"https:\/\/secure.gravatar.com\/avatar\/3c0c0266375bc79b6d945c432ea8992d44782f7779ffe49a3d62b6ce4d6a23e0?s=96&d=mm&r=g","url":"https:\/\/secure.gravatar.com\/avatar\/3c0c0266375bc79b6d945c432ea8992d44782f7779ffe49a3d62b6ce4d6a23e0?s=96&d=mm&r=g","contentUrl":"https:\/\/secure.gravatar.com\/avatar\/3c0c0266375bc79b6d945c432ea8992d44782f7779ffe49a3d62b6ce4d6a23e0?s=96&d=mm&r=g","caption":"Nassima Errami"},"url":"https:\/\/www.monaco-tribune.com\/en\/author\/nassimaerrami\/"}]}},"_links":{"self":[{"href":"https:\/\/www.monaco-tribune.com\/en\/wp-json\/wp\/v2\/posts\/60358","targetHints":{"allow":["GET"]}}],"collection":[{"href":"https:\/\/www.monaco-tribune.com\/en\/wp-json\/wp\/v2\/posts"}],"about":[{"href":"https:\/\/www.monaco-tribune.com\/en\/wp-json\/wp\/v2\/types\/post"}],"author":[{"embeddable":true,"href":"https:\/\/www.monaco-tribune.com\/en\/wp-json\/wp\/v2\/users\/41"}],"replies":[{"embeddable":true,"href":"https:\/\/www.monaco-tribune.com\/en\/wp-json\/wp\/v2\/comments?post=60358"}],"version-history":[{"count":0,"href":"https:\/\/www.monaco-tribune.com\/en\/wp-json\/wp\/v2\/posts\/60358\/revisions"}],"wp:featuredmedia":[{"embeddable":true,"href":"https:\/\/www.monaco-tribune.com\/en\/wp-json\/wp\/v2\/media\/60316"}],"wp:attachment":[{"href":"https:\/\/www.monaco-tribune.com\/en\/wp-json\/wp\/v2\/media?parent=60358"}],"wp:term":[{"taxonomy":"category","embeddable":true,"href":"https:\/\/www.monaco-tribune.com\/en\/wp-json\/wp\/v2\/categories?post=60358"},{"taxonomy":"post_tag","embeddable":true,"href":"https:\/\/www.monaco-tribune.com\/en\/wp-json\/wp\/v2\/tags?post=60358"},{"taxonomy":"sectag","embeddable":true,"href":"https:\/\/www.monaco-tribune.com\/en\/wp-json\/wp\/v2\/post_sectags?post=60358"},{"taxonomy":"format","embeddable":true,"href":"https:\/\/www.monaco-tribune.com\/en\/wp-json\/wp\/v2\/post_format?post=60358"}],"curies":[{"name":"wp","href":"https:\/\/api.w.org\/{rel}","templated":true}]}}