{"id":60411,"date":"2020-12-25T20:36:49","date_gmt":"2020-12-25T19:36:49","guid":{"rendered":"https:\/\/www.monaco-tribune.com\/2020\/12\/5g-technology-in-monaco-fears-persist-but-businesses-overwhelmingly-see-positive-impact\/"},"modified":"2020-12-26T20:52:38","modified_gmt":"2020-12-26T19:52:38","slug":"5g-technology-in-monaco-fears-persist-but-businesses-overwhelmingly-see-positive-impact","status":"publish","type":"post","link":"https:\/\/www.monaco-tribune.com\/en\/2020\/12\/5g-technology-in-monaco-fears-persist-but-businesses-overwhelmingly-see-positive-impact\/","title":{"rendered":"5G technology in Monaco: fears persist but businesses overwhelmingly see positive impact"},"content":{"rendered":"\n<p><strong>There are the devotees and then there are the skeptics. 5G has been part of Monaco\u2019s daily life for over a year now, but in the Principality, as elsewhere, the next generation network continues to raise eyebrows. So, we decided to investigate all aspects of the controversial technology, from how it affects our daily lives and how it works, to how efficient it is and its harmfulness. Here are the answers we got. <\/strong><\/p>\n\n\n\n<p>In Nice, it\u2019s really hard to miss the news. The capital of the C\u00f4te d\u2019Azur is covered in ads promoting the city\u2019s new 5G network, a roll-out that has come with the expected mix of legitimate questions, concerns, and fake news. But if in France the debate has now been going on for several years, just 20km from Nice, in the Principality of Monaco, 5G is already part of everyday life.<\/p>\n\n\n\n<p><strong>&gt;&gt; READ MORE: <a href=\"https:\/\/www.monaco-tribune.com\/en\/2020\/02\/monacos-user-guide-to-5g\/\">Monaco\u2019s user guide to 5G<\/a><\/strong><\/p>\n\n\n\n<p>Since July 2019, a city-state just over 2 square km is <a href=\"https:\/\/www.monaco-tribune.com\/en\/2019\/07\/5g-available-throughout-monaco-a-world-first\/\">the only country in the world<\/a> to be fully covered by 5G. The fifth-generation network is the latest innovation introduced by Monaco to make the Principality as attractive as possible to up-and-coming businesses.<\/p>\n\n\n\n<h2 class=\"wp-block-heading\" id=\"h-a-business-attractor\">A business attractor<\/h2>\n\n\n\n<p>From <a href=\"https:\/\/www.monaco-tribune.com\/en\/category\/blockchain-en\/\">blockchain<\/a> and <a href=\"https:\/\/www.monaco-tribune.com\/en\/2020\/09\/monaco-to-have-its-own-cloud\/\">a sovereign cloud<\/a> to the <a href=\"https:\/\/www.monaco-tribune.com\/en\/2019\/05\/extended-monaco-the-monegasque-model-in-a-digital-world\/\">Extended Monaco project<\/a>, Monaco is embracing the very latest technologies in hope of courting companies into settling on its shores. One entrepreneur Monaco successfully seduced is Sylvain Ordureau, President of Vizua, a 3D image sharing platform.<\/p>\n\n\n\n<p>&#8220;We are currently working together with the Monaco fire brigade on an app that would allow us to see through a building from the control centre,&#8221; explains Sylvain Ordureau. If the project works, it would be a real break-through, for instance for the medical sector, where it would allow for tricky operations to be carried out remotely, &#8220;with a millimetre-level and even micron-level accuracy.&#8221;<\/p>\n\n\n\n<p><strong>&gt;&gt; READ MORE:&nbsp;<a href=\"https:\/\/www.monaco-tribune.com\/en\/2019\/06\/monegasque-smart-principality-on-the-move\/\">Monegasque \u201cSmart Principality\u201d on the move<\/a><\/strong><\/p>\n\n\n\n<p>Sylvain Ordureau says he was able to carry out his project thanks to 5G, but also thanks to \u201cMonaco\u2019s dynamism\u201d. He even goes as far as comparing the Principality to Silicon Valley. \u201cThere is a desire to&nbsp; build on knowledge here. Combined with the proximity to Nice and Sophia Antipolis, there really is the possibility of creating a technology hub.\u201d<\/p>\n\n\n\n<h2 class=\"wp-block-heading\" id=\"h-no-tangible-impact-on-everyday-life\">No tangible impact on everyday life?<\/h2>\n\n\n\n<p>5G will not impact households in the same way it will impact businesses, points out Martin P\u00e9ronnet, CEO of Monaco Telecom. For companies, 5G will &#8220;simplify, improve, make more reliable and automate the production process\u201d. However, he explains, the new network will not change much in our day to day lives.<\/p>\n\n\n\n<p>Indeed, even after a year, 5G has not yet won over Monaco residents. 5G promises to be 10 times faster than 4G. Yet consumers don\u2019t seem to be particularly enthusiastic and too few of them have a compatible smartphone.<\/p>\n\n\n\n<p>Taking matters into our own hands, we went to Port Hercule and asked&nbsp;30 passersby if they had a device compatible with 5G. Only one of them did. Their verdict? \u201cImages get sent almost instantaneously and videos are downloaded in record time. While they certainly acknowledged &nbsp;\u201ca wow factor\u201d, they also said that the changes weren\u2019t \u201cparticularly significant\u201d either.<\/p>\n\n\n\n<p>&#8220;Until now, there was a very limited choice,&#8221; admits the director of Monaco T\u00e9l\u00e9com, who says that the number of individual 5G users has increased from one hundred to nearly a thousand following the launch of the iPhone 12 in the autumn.<\/p>\n\n\n\n<blockquote class=\"wp-block-quote is-layout-flow wp-block-quote-is-layout-flow\"><p>Images get sent almost instantaneously and videos are downloaded in record time.<\/p><cite>Marion, user of a 5G compatible smartphone<\/cite><\/blockquote>\n\n\n\n<p>Despite the fact that only 2% of Monaco users have compatible devices, the CEO of Monaco Telecom is certain that the new network will eventually become part of everyone\u2019s daily life. &#8220;We didn&#8217;t introduce 5G to profit off our investment within one year.\u201d<\/p>\n\n\n\n<p>&#8220;When you launch a network, it takes time to create the perfect environment for it. 5G really only is at its beginnings. We are a step ahead because we were the first ones to introduce it, which means we now have gained some insight and experience,\u201d says Martin P\u00e9ronnet who adds that the real challenge was installing the network.<\/p>\n\n\n\n<p>\u201cWe might be one of the smallest states in the world, but we\u2019re certainly a state where introducing 5G is the most complicated,\u201d says P\u00e9ronnet. This is due to the height of the buildings, the density, the fact that Monaco faces the sea, and the mountainous topography. &#8220;Even with an extremely dense network (+30% compared to a capital like Paris), covering Monaco is a real headache.\u201d<\/p>\n\n\n\n<h2 class=\"wp-block-heading\" id=\"h-the-question-of-toxic-waves\">The question of toxic waves<\/h2>\n\n\n\n<figure class=\"wp-block-image size-large\"><img loading=\"lazy\" decoding=\"async\" width=\"1024\" height=\"512\" src=\"https:\/\/www.monaco-tribune.com\/wp-content\/uploads\/2020\/12\/antenne5g-monaco-.jpg\" alt=\"\" class=\"wp-image-59513\" srcset=\"https:\/\/www.monaco-tribune.com\/wp-content\/uploads\/2020\/12\/antenne5g-monaco-.jpg 1024w, https:\/\/www.monaco-tribune.com\/wp-content\/uploads\/2020\/12\/antenne5g-monaco--600x300.jpg 600w\" sizes=\"auto, (max-width: 1024px) 100vw, 1024px\" \/><figcaption>5G antennas in Monaco \u00a9 Government of Monaco \u2013 Michael Alesi<\/figcaption><\/figure>\n\n\n\n<p>Alongside its previous networks, Monaco now also counts 21 antennas transmitting waves at around 3.5 GHz, which comply with the power regulations specified in a 2010 sovereign order. Regardless, the new addition has elicited complaints from residents who are worried about electromagnetic waves.<\/p>\n\n\n\n<p>Most recently, on 23 October, H\u00e9l\u00e9na Krajewicz, president of the Monaco 5G association, wrote to Pierre Dartout, Monaco\u2019s Minister of State, to express the associations\u2019 concern about the accumulation of airwaves. \n<\/p>\n\n\n\n<p>The 5G &#8220;comes in addition to the existing waves 2G, 3G, 4G, and Wifi already in place, globally increasing the electromagnetic power burdening the population\u201d. &nbsp;Amongst other things, H\u00e9l\u00e9na Krajewicz asked that Monaco \u201cremove 2G waves, which are very little used today, in order to reduce the amount of exposure\u201d<\/p>\n\n\n\n<p><strong>&gt;&gt; READ MORE:&nbsp;<a href=\"https:\/\/www.monaco-tribune.com\/en\/2019\/07\/5g-available-throughout-monaco-a-world-first\/\">5G available throughout Monaco, a world first!<\/a><\/strong><\/p>\n\n\n\n<blockquote class=\"wp-block-quote is-layout-flow wp-block-quote-is-layout-flow\"><p>Different types of technology still use 2G, such as payment terminals or conveyor belts.<\/p><cite>Martin P\u00e9ronnet, Director of Monaco Telecom<\/cite><\/blockquote>\n\n\n\n<p>&#8220;It&#8217;s not that easy,&#8221; says Martin P\u00e9ronnet, who points out that 2G is still used in many ways. &#8220;We are in the process of managing the transition for older people. But it doesn&#8217;t happen overnight. Different types of technology still use 2G, such as payment terminals or conveyor belts.&#8221;<\/p>\n\n\n\n<p>P\u00e9rronnet stresses that the change must be done carefully. &#8220;If in the long run, we have to get rid of old kinds of technology, we must do it as cleverly as possible, otherwise we are heading for a disaster.&#8221; Martin P\u00e9ronnet also points out the misunderstanding regarding 5G airwaves. &#8220;5G doesn\u2019t mean more electromagnetic fields, but rather better managed electromagnetic fields. Moreover, 5G antennas are unique, insofar as they transmit airwaves only where they are being used.\u201d<\/p>\n\n\n\n<h2 class=\"wp-block-heading\" id=\"h-what-is-the-impact-of-airwaves-on-hour-health\">What is the impact of airwaves on hour health?<\/h2>\n\n\n\n<p>The potential impact of electromagnetic waves on our health has been a hot topic for three decades. Unfounded fears, according to Anne Perrin, biologist, a specialist in electromagnetic risk, and former president of the French Association for Scientific Information. &#8220;Scientists have found no proof of the health risk of radio waves despite intense research and risk assessment studies on a global scale.\u201d<\/p>\n\n\n\n<p>Anne Perrin is not the only specialist dismissing the fears around network waves. In 2013, the French National Agency for Food, Environmental and Work Safety (ANSES) found that waves do not cause \u201cany proven effect on our health&#8221; other than the already known thermal effect, which only occurs at much higher levels of exposure.<\/p>\n\n\n\n<p>For Anne Perrin, who is the co-author of a 2018 book on the subject titled <em>Champs \u00e9lectromagn\u00e9tiques, environnement et sant\u00e9<\/em>, there is a lot of fake news surrounding 5G. She blames the rumours on social media, but also on the scarce knowledge the general public has of electromagnetic waves.<\/p>\n\n\n\n<p>&#8220;No one seems to care about radios, which also work with airwaves. Wifi uses frequencies at 2, 4, or 5 GHz, microwaves at 2.45 GHz whereas 5G, as currently deployed, does not exceed 3.8 GHz. These are frequencies that we are all acquainted with.\u201d<\/p>\n\n\n\n<h2 class=\"wp-block-heading\" id=\"h-the-question-of-5g-millimetre-wave\">The question of 5G millimetre wave<\/h2>\n\n\n\n<p>While the current frequencies used by 5G range from 3.5 GHz to 3.8 GHz, this will not be the case with 5G millimetre waves, which will be around 26 GHz. The latter &#8220;is of particular concern to Monaco residents,&#8221; according to the Monaco 5G Association.<\/p>\n\n\n\n<p>In a letter to the Ministry of State, the Association asked the Government to &#8220;halt the roll-out of 5G millimetre waves until independent and scientific studies have proven them to be harmless,\u201d adding that &#8220;the foreseeable harmful effects of this new wave range are worrying specialists.&#8221;<\/p>\n\n\n\n<blockquote class=\"wp-block-quote is-layout-flow wp-block-quote-is-layout-flow\"><p>Actually, the higher the frequency, the lower the intensity of the waves penetrating the body.<\/p><cite>Anne Perrin, biologist and specialist in electromagnetic risk<\/cite><\/blockquote>\n\n\n\n<p>However, Anne Perrin insists that there\u2019s nothing to worry about. \u201cWe&#8217;re not on untrodden grounds. While we currently do not have in-depth knowledge of waves of this frequency, studies have been carried out on even higher frequencies, and found that there was no risk at low levels of exposure.&#8221; Perrin also points out that it\u2019s not as easy as saying the higher the frequency, the more dangerous it is. &#8220;Actually, the higher the frequency, the lower the intensity of the waves penetrating the body. From around 6 GHz, wave absorption stops at the skin\u201d.<\/p>\n\n\n\n<blockquote class=\"wp-block-quote is-layout-flow wp-block-quote-is-layout-flow\"><p>We will never do anything that puts at risk the health of Monegasques and residents.<\/p><cite>Fr\u00e9d\u00e9ric Genta, inter-ministerial delegate in charge of Monaco&#8217;s digital transition<\/cite><\/blockquote>\n\n\n\n<p>In any case, Martin P\u00e9ronnet reports that Monaco is not rushing into the second generation of 5G anytime soon. \u201cit&#8217;s a question for the future,&#8221; he says. The Princely Government echoes P\u00e9ronnet&#8217;s words. \u201cIf it is shown that there are no health risks involved, there is no reason to refuse progress. What is certain is that we will never do anything that puts at risk the health of Monegasques and residents,&#8221; reassures Fr\u00e9d\u00e9ric Genta, inter-ministerial delegate in charge of Monaco&#8217;s digital transition.<\/p>\n\n\n\n<h2 class=\"wp-block-heading\" id=\"h-a-map-to-illustrate-airwaves\">A map to illustrate airwaves<\/h2>\n\n\n\n<p>In response to growing concerns about 5G wave emissions, the Government of Monaco has opted for total transparency and some of the strictest regulations in Europe.<\/p>\n\n\n\n<p>According to <a href=\"https:\/\/journaldemonaco.gouv.mc\/en\/Journaux\/2010\/Journal-7993\/Ordonnance-Souveraine-n-3.020-du-26-novembre-2010-relative-a-la-limitation-de-l-exposition-du-public-aux-champs-electromagnetiques\">Order no. 3.020 of 26 November 2010<\/a>, an electric field cannot exceed a strength \u201cof 6 V\/m for the entire spectrum between 100 kHz and 6 GHz\u201d. This represents \u201ca limit value 4.5 times lower than the lowest field strength recommended by the European Commission, i.e. 28V\/m.&#8221;<\/p>\n\n\n\n<p>The General Secretariat of Monaco\u2019s Government has therefore ordered the <a href=\"https:\/\/journaldemonaco.gouv.mc\/en\/Journaux\/2020\/Journal-8488\/Ordonnance-Souveraine-n-7.997-du-12-mars-2020-portant-creation-de-la-Direction-des-Plateformes-et-des-Ressources-Numeriques\">Department of Digital Platforms and Resources<\/a> to ensure that the regulatory thresholds are fully respected. Following the order, the Government has published <a href=\"https:\/\/cartoradio.mc\">an online interactive map<\/a> that allows anyone to track the electromagnetic frequency in any given place in Monaco.<\/p>\n\n\n\n<p>The news should reassure \u00a0Monaco residents, unless, as Martin P\u00e9ronnet suggests, &#8220;what is targeted is not 5G but its use.&#8221; In that case, the issues around 5G would be part of a more global debate on the possible excesses of the Internet of Things, which has been largely caricatured by science fiction. Our conclusion? Getting to know a subject in depth is the best cure to dispel any preconceived ideas one might have.<\/p>\n\n\n\n<div class=\"wp-block-image\"><figure class=\"aligncenter size-large\"><img loading=\"lazy\" decoding=\"async\" width=\"1024\" height=\"512\" src=\"https:\/\/www.monaco-tribune.com\/wp-content\/uploads\/2020\/12\/carteelectromagnetique.jpg\" alt=\"\" class=\"wp-image-59520\" srcset=\"https:\/\/www.monaco-tribune.com\/wp-content\/uploads\/2020\/12\/carteelectromagnetique.jpg 1024w, https:\/\/www.monaco-tribune.com\/wp-content\/uploads\/2020\/12\/carteelectromagnetique-600x300.jpg 600w\" sizes=\"auto, (max-width: 1024px) 100vw, 1024px\" \/><figcaption>Map tracking electromagnetic waves in Monaco<\/figcaption><\/figure><\/div>\n","protected":false},"excerpt":{"rendered":"<p>There are the devotees and then there are the skeptics. 5G has been part of Monaco\u2019s daily life for over [&hellip;]<\/p>\n","protected":false},"author":42,"featured_media":60406,"comment_status":"closed","ping_status":"closed","sticky":false,"template":"","format":"standard","meta":{"_acf_changed":false,"footnotes":""},"categories":[1825,243,258],"tags":[],"post_sectags":[],"post_format":[2464],"class_list":["post-60411","post","type-post","status-publish","format-standard","has-post-thumbnail","hentry","category-editors-choice","category-news","category-public-life","format-investigation"],"acf":[],"yoast_head":"<!-- This site is optimized with the Yoast SEO Premium plugin v26.8 (Yoast SEO v27.5) - https:\/\/yoast.com\/product\/yoast-seo-premium-wordpress\/ -->\n<title>5G technology in Monaco: fears persist but businesses overwhelmingly see positive impact<\/title>\n<meta name=\"description\" content=\"There are the devotees and then there are the skeptics. 5G has been part of Monaco\u2019s daily life for over a year now, but in the Principality, as\" \/>\n<meta name=\"robots\" content=\"index, follow, max-snippet:-1, max-image-preview:large, max-video-preview:-1\" \/>\n<link rel=\"canonical\" href=\"https:\/\/www.monaco-tribune.com\/en\/2020\/12\/5g-technology-in-monaco-fears-persist-but-businesses-overwhelmingly-see-positive-impact\/\" \/>\n<meta property=\"og:locale\" content=\"en_US\" \/>\n<meta property=\"og:type\" content=\"article\" \/>\n<meta property=\"og:title\" content=\"5G technology in Monaco: fears persist but businesses overwhelmingly see positive impact - Monaco Tribune\" \/>\n<meta property=\"og:description\" content=\"There are the devotees and then there are the skeptics. 5G has been part of Monaco\u2019s daily life for over a year now, but in the Principality, as\" \/>\n<meta property=\"og:url\" content=\"https:\/\/www.monaco-tribune.com\/en\/2020\/12\/5g-technology-in-monaco-fears-persist-but-businesses-overwhelmingly-see-positive-impact\/\" \/>\n<meta property=\"og:site_name\" content=\"Monaco Tribune\" \/>\n<meta property=\"article:publisher\" content=\"https:\/\/www.facebook.com\/MonacoTribune\" \/>\n<meta property=\"article:published_time\" content=\"2020-12-25T19:36:49+00:00\" \/>\n<meta property=\"article:modified_time\" content=\"2020-12-26T19:52:38+00:00\" \/>\n<meta property=\"og:image\" content=\"https:\/\/www.monaco-tribune.com\/wp-content\/uploads\/2020\/12\/5g-monaco.jpg\" \/>\n\t<meta property=\"og:image:width\" content=\"1200\" \/>\n\t<meta property=\"og:image:height\" content=\"630\" \/>\n\t<meta property=\"og:image:type\" content=\"image\/jpeg\" \/>\n<meta name=\"author\" content=\"Marjorie Modi\" \/>\n<meta name=\"twitter:card\" content=\"summary_large_image\" \/>\n<meta name=\"twitter:creator\" content=\"@MonacoTribune\" \/>\n<meta name=\"twitter:site\" content=\"@MonacoTribune\" \/>\n<script type=\"application\/ld+json\" class=\"yoast-schema-graph\">{\"@context\":\"https:\\\/\\\/schema.org\",\"@graph\":[{\"@type\":\"NewsArticle\",\"@id\":\"https:\\\/\\\/www.monaco-tribune.com\\\/en\\\/2020\\\/12\\\/5g-technology-in-monaco-fears-persist-but-businesses-overwhelmingly-see-positive-impact\\\/#article\",\"isPartOf\":{\"@id\":\"https:\\\/\\\/www.monaco-tribune.com\\\/en\\\/2020\\\/12\\\/5g-technology-in-monaco-fears-persist-but-businesses-overwhelmingly-see-positive-impact\\\/\"},\"author\":{\"name\":\"Marjorie Modi\",\"@id\":\"https:\\\/\\\/www.monaco-tribune.com\\\/en\\\/#\\\/schema\\\/person\\\/5b18add85fa272c0fa24f32c6d1302e1\"},\"headline\":\"5G technology in Monaco: fears persist but businesses overwhelmingly see positive impact\",\"datePublished\":\"2020-12-25T19:36:49+00:00\",\"dateModified\":\"2020-12-26T19:52:38+00:00\",\"mainEntityOfPage\":{\"@id\":\"https:\\\/\\\/www.monaco-tribune.com\\\/en\\\/2020\\\/12\\\/5g-technology-in-monaco-fears-persist-but-businesses-overwhelmingly-see-positive-impact\\\/\"},\"wordCount\":1842,\"publisher\":{\"@id\":\"https:\\\/\\\/www.monaco-tribune.com\\\/en\\\/#organization\"},\"image\":{\"@id\":\"https:\\\/\\\/www.monaco-tribune.com\\\/en\\\/2020\\\/12\\\/5g-technology-in-monaco-fears-persist-but-businesses-overwhelmingly-see-positive-impact\\\/#primaryimage\"},\"thumbnailUrl\":\"https:\\\/\\\/www.monaco-tribune.com\\\/wp-content\\\/uploads\\\/2020\\\/12\\\/5g-monaco.jpg\",\"articleSection\":[\"Editor&#039;s choice\",\"News\",\"Society\"],\"inLanguage\":\"en-US\",\"copyrightYear\":\"2020\",\"copyrightHolder\":{\"@id\":\"https:\\\/\\\/www.monaco-tribune.com\\\/#organization\"}},{\"@type\":\"WebPage\",\"@id\":\"https:\\\/\\\/www.monaco-tribune.com\\\/en\\\/2020\\\/12\\\/5g-technology-in-monaco-fears-persist-but-businesses-overwhelmingly-see-positive-impact\\\/\",\"url\":\"https:\\\/\\\/www.monaco-tribune.com\\\/en\\\/2020\\\/12\\\/5g-technology-in-monaco-fears-persist-but-businesses-overwhelmingly-see-positive-impact\\\/\",\"name\":\"5G technology in Monaco: fears persist but businesses overwhelmingly see positive impact\",\"isPartOf\":{\"@id\":\"https:\\\/\\\/www.monaco-tribune.com\\\/en\\\/#website\"},\"primaryImageOfPage\":{\"@id\":\"https:\\\/\\\/www.monaco-tribune.com\\\/en\\\/2020\\\/12\\\/5g-technology-in-monaco-fears-persist-but-businesses-overwhelmingly-see-positive-impact\\\/#primaryimage\"},\"image\":{\"@id\":\"https:\\\/\\\/www.monaco-tribune.com\\\/en\\\/2020\\\/12\\\/5g-technology-in-monaco-fears-persist-but-businesses-overwhelmingly-see-positive-impact\\\/#primaryimage\"},\"thumbnailUrl\":\"https:\\\/\\\/www.monaco-tribune.com\\\/wp-content\\\/uploads\\\/2020\\\/12\\\/5g-monaco.jpg\",\"datePublished\":\"2020-12-25T19:36:49+00:00\",\"dateModified\":\"2020-12-26T19:52:38+00:00\",\"description\":\"There are the devotees and then there are the skeptics. 5G has been part of Monaco\u2019s daily life for over a year now, but in the Principality, as\",\"breadcrumb\":{\"@id\":\"https:\\\/\\\/www.monaco-tribune.com\\\/en\\\/2020\\\/12\\\/5g-technology-in-monaco-fears-persist-but-businesses-overwhelmingly-see-positive-impact\\\/#breadcrumb\"},\"inLanguage\":\"en-US\",\"potentialAction\":[{\"@type\":\"ReadAction\",\"target\":[\"https:\\\/\\\/www.monaco-tribune.com\\\/en\\\/2020\\\/12\\\/5g-technology-in-monaco-fears-persist-but-businesses-overwhelmingly-see-positive-impact\\\/\"]}]},{\"@type\":\"ImageObject\",\"inLanguage\":\"en-US\",\"@id\":\"https:\\\/\\\/www.monaco-tribune.com\\\/en\\\/2020\\\/12\\\/5g-technology-in-monaco-fears-persist-but-businesses-overwhelmingly-see-positive-impact\\\/#primaryimage\",\"url\":\"https:\\\/\\\/www.monaco-tribune.com\\\/wp-content\\\/uploads\\\/2020\\\/12\\\/5g-monaco.jpg\",\"contentUrl\":\"https:\\\/\\\/www.monaco-tribune.com\\\/wp-content\\\/uploads\\\/2020\\\/12\\\/5g-monaco.jpg\",\"width\":1200,\"height\":630,\"caption\":\"All rights reserved\"},{\"@type\":\"BreadcrumbList\",\"@id\":\"https:\\\/\\\/www.monaco-tribune.com\\\/en\\\/2020\\\/12\\\/5g-technology-in-monaco-fears-persist-but-businesses-overwhelmingly-see-positive-impact\\\/#breadcrumb\",\"itemListElement\":[{\"@type\":\"ListItem\",\"position\":1,\"name\":\"Accueil\",\"item\":\"https:\\\/\\\/www.monaco-tribune.com\\\/en\\\/\"},{\"@type\":\"ListItem\",\"position\":2,\"name\":\"5G technology in Monaco: fears persist but businesses overwhelmingly see positive impact\"}]},{\"@type\":\"WebSite\",\"@id\":\"https:\\\/\\\/www.monaco-tribune.com\\\/en\\\/#website\",\"url\":\"https:\\\/\\\/www.monaco-tribune.com\\\/en\\\/\",\"name\":\"Monaco Tribune\",\"description\":\"Monaco : actualit\u00e9s \u00e9conomiques, politiques, culturelles et sportives de Monaco et de la French Riviera.\",\"publisher\":{\"@id\":\"https:\\\/\\\/www.monaco-tribune.com\\\/en\\\/#organization\"},\"potentialAction\":[{\"@type\":\"SearchAction\",\"target\":{\"@type\":\"EntryPoint\",\"urlTemplate\":\"https:\\\/\\\/www.monaco-tribune.com\\\/en\\\/?s={search_term_string}\"},\"query-input\":{\"@type\":\"PropertyValueSpecification\",\"valueRequired\":true,\"valueName\":\"search_term_string\"}}],\"inLanguage\":\"en-US\"},{\"@type\":\"Organization\",\"@id\":\"https:\\\/\\\/www.monaco-tribune.com\\\/en\\\/#organization\",\"name\":\"Monaco Tribune\",\"url\":\"https:\\\/\\\/www.monaco-tribune.com\\\/en\\\/\",\"logo\":{\"@type\":\"ImageObject\",\"inLanguage\":\"en-US\",\"@id\":\"https:\\\/\\\/www.monaco-tribune.com\\\/en\\\/#\\\/schema\\\/logo\\\/image\\\/\",\"url\":\"https:\\\/\\\/www.monaco-tribune.com\\\/wp-content\\\/uploads\\\/2022\\\/11\\\/logo-monaco-tribune.png\",\"contentUrl\":\"https:\\\/\\\/www.monaco-tribune.com\\\/wp-content\\\/uploads\\\/2022\\\/11\\\/logo-monaco-tribune.png\",\"width\":1548,\"height\":600,\"caption\":\"Monaco Tribune\"},\"image\":{\"@id\":\"https:\\\/\\\/www.monaco-tribune.com\\\/en\\\/#\\\/schema\\\/logo\\\/image\\\/\"},\"sameAs\":[\"https:\\\/\\\/www.facebook.com\\\/MonacoTribune\",\"https:\\\/\\\/x.com\\\/MonacoTribune\",\"https:\\\/\\\/www.instagram.com\\\/monacotribune\\\/\",\"https:\\\/\\\/www.linkedin.com\\\/company\\\/monaco-tribune\",\"https:\\\/\\\/www.youtube.com\\\/channel\\\/UCHle1MnG6hw1y4lWKijVbMA\"]},{\"@type\":\"Person\",\"@id\":\"https:\\\/\\\/www.monaco-tribune.com\\\/en\\\/#\\\/schema\\\/person\\\/5b18add85fa272c0fa24f32c6d1302e1\",\"name\":\"Marjorie Modi\",\"image\":{\"@type\":\"ImageObject\",\"inLanguage\":\"en-US\",\"@id\":\"https:\\\/\\\/secure.gravatar.com\\\/avatar\\\/ca5506f0a36bb5f3a7a88da16cc9bf1a2eccaa24c9f121a4312c9d903e503815?s=96&d=mm&r=g\",\"url\":\"https:\\\/\\\/secure.gravatar.com\\\/avatar\\\/ca5506f0a36bb5f3a7a88da16cc9bf1a2eccaa24c9f121a4312c9d903e503815?s=96&d=mm&r=g\",\"contentUrl\":\"https:\\\/\\\/secure.gravatar.com\\\/avatar\\\/ca5506f0a36bb5f3a7a88da16cc9bf1a2eccaa24c9f121a4312c9d903e503815?s=96&d=mm&r=g\",\"caption\":\"Marjorie Modi\"},\"url\":\"https:\\\/\\\/www.monaco-tribune.com\\\/en\\\/author\\\/marjoriemodi\\\/\"}]}<\/script>\n<!-- \/ Yoast SEO Premium plugin. -->","yoast_head_json":{"title":"5G technology in Monaco: fears persist but businesses overwhelmingly see positive impact","description":"There are the devotees and then there are the skeptics. 5G has been part of Monaco\u2019s daily life for over a year now, but in the Principality, as","robots":{"index":"index","follow":"follow","max-snippet":"max-snippet:-1","max-image-preview":"max-image-preview:large","max-video-preview":"max-video-preview:-1"},"canonical":"https:\/\/www.monaco-tribune.com\/en\/2020\/12\/5g-technology-in-monaco-fears-persist-but-businesses-overwhelmingly-see-positive-impact\/","og_locale":"en_US","og_type":"article","og_title":"5G technology in Monaco: fears persist but businesses overwhelmingly see positive impact - Monaco Tribune","og_description":"There are the devotees and then there are the skeptics. 5G has been part of Monaco\u2019s daily life for over a year now, but in the Principality, as","og_url":"https:\/\/www.monaco-tribune.com\/en\/2020\/12\/5g-technology-in-monaco-fears-persist-but-businesses-overwhelmingly-see-positive-impact\/","og_site_name":"Monaco Tribune","article_publisher":"https:\/\/www.facebook.com\/MonacoTribune","article_published_time":"2020-12-25T19:36:49+00:00","article_modified_time":"2020-12-26T19:52:38+00:00","og_image":[{"width":1200,"height":630,"url":"https:\/\/www.monaco-tribune.com\/wp-content\/uploads\/2020\/12\/5g-monaco.jpg","type":"image\/jpeg"}],"author":"Marjorie Modi","twitter_card":"summary_large_image","twitter_creator":"@MonacoTribune","twitter_site":"@MonacoTribune","schema":{"@context":"https:\/\/schema.org","@graph":[{"@type":"NewsArticle","@id":"https:\/\/www.monaco-tribune.com\/en\/2020\/12\/5g-technology-in-monaco-fears-persist-but-businesses-overwhelmingly-see-positive-impact\/#article","isPartOf":{"@id":"https:\/\/www.monaco-tribune.com\/en\/2020\/12\/5g-technology-in-monaco-fears-persist-but-businesses-overwhelmingly-see-positive-impact\/"},"author":{"name":"Marjorie Modi","@id":"https:\/\/www.monaco-tribune.com\/en\/#\/schema\/person\/5b18add85fa272c0fa24f32c6d1302e1"},"headline":"5G technology in Monaco: fears persist but businesses overwhelmingly see positive impact","datePublished":"2020-12-25T19:36:49+00:00","dateModified":"2020-12-26T19:52:38+00:00","mainEntityOfPage":{"@id":"https:\/\/www.monaco-tribune.com\/en\/2020\/12\/5g-technology-in-monaco-fears-persist-but-businesses-overwhelmingly-see-positive-impact\/"},"wordCount":1842,"publisher":{"@id":"https:\/\/www.monaco-tribune.com\/en\/#organization"},"image":{"@id":"https:\/\/www.monaco-tribune.com\/en\/2020\/12\/5g-technology-in-monaco-fears-persist-but-businesses-overwhelmingly-see-positive-impact\/#primaryimage"},"thumbnailUrl":"https:\/\/www.monaco-tribune.com\/wp-content\/uploads\/2020\/12\/5g-monaco.jpg","articleSection":["Editor&#039;s choice","News","Society"],"inLanguage":"en-US","copyrightYear":"2020","copyrightHolder":{"@id":"https:\/\/www.monaco-tribune.com\/#organization"}},{"@type":"WebPage","@id":"https:\/\/www.monaco-tribune.com\/en\/2020\/12\/5g-technology-in-monaco-fears-persist-but-businesses-overwhelmingly-see-positive-impact\/","url":"https:\/\/www.monaco-tribune.com\/en\/2020\/12\/5g-technology-in-monaco-fears-persist-but-businesses-overwhelmingly-see-positive-impact\/","name":"5G technology in Monaco: fears persist but businesses overwhelmingly see positive impact","isPartOf":{"@id":"https:\/\/www.monaco-tribune.com\/en\/#website"},"primaryImageOfPage":{"@id":"https:\/\/www.monaco-tribune.com\/en\/2020\/12\/5g-technology-in-monaco-fears-persist-but-businesses-overwhelmingly-see-positive-impact\/#primaryimage"},"image":{"@id":"https:\/\/www.monaco-tribune.com\/en\/2020\/12\/5g-technology-in-monaco-fears-persist-but-businesses-overwhelmingly-see-positive-impact\/#primaryimage"},"thumbnailUrl":"https:\/\/www.monaco-tribune.com\/wp-content\/uploads\/2020\/12\/5g-monaco.jpg","datePublished":"2020-12-25T19:36:49+00:00","dateModified":"2020-12-26T19:52:38+00:00","description":"There are the devotees and then there are the skeptics. 5G has been part of Monaco\u2019s daily life for over a year now, but in the Principality, as","breadcrumb":{"@id":"https:\/\/www.monaco-tribune.com\/en\/2020\/12\/5g-technology-in-monaco-fears-persist-but-businesses-overwhelmingly-see-positive-impact\/#breadcrumb"},"inLanguage":"en-US","potentialAction":[{"@type":"ReadAction","target":["https:\/\/www.monaco-tribune.com\/en\/2020\/12\/5g-technology-in-monaco-fears-persist-but-businesses-overwhelmingly-see-positive-impact\/"]}]},{"@type":"ImageObject","inLanguage":"en-US","@id":"https:\/\/www.monaco-tribune.com\/en\/2020\/12\/5g-technology-in-monaco-fears-persist-but-businesses-overwhelmingly-see-positive-impact\/#primaryimage","url":"https:\/\/www.monaco-tribune.com\/wp-content\/uploads\/2020\/12\/5g-monaco.jpg","contentUrl":"https:\/\/www.monaco-tribune.com\/wp-content\/uploads\/2020\/12\/5g-monaco.jpg","width":1200,"height":630,"caption":"All rights reserved"},{"@type":"BreadcrumbList","@id":"https:\/\/www.monaco-tribune.com\/en\/2020\/12\/5g-technology-in-monaco-fears-persist-but-businesses-overwhelmingly-see-positive-impact\/#breadcrumb","itemListElement":[{"@type":"ListItem","position":1,"name":"Accueil","item":"https:\/\/www.monaco-tribune.com\/en\/"},{"@type":"ListItem","position":2,"name":"5G technology in Monaco: fears persist but businesses overwhelmingly see positive impact"}]},{"@type":"WebSite","@id":"https:\/\/www.monaco-tribune.com\/en\/#website","url":"https:\/\/www.monaco-tribune.com\/en\/","name":"Monaco Tribune","description":"Monaco : actualit\u00e9s \u00e9conomiques, politiques, culturelles et sportives de Monaco et de la French Riviera.","publisher":{"@id":"https:\/\/www.monaco-tribune.com\/en\/#organization"},"potentialAction":[{"@type":"SearchAction","target":{"@type":"EntryPoint","urlTemplate":"https:\/\/www.monaco-tribune.com\/en\/?s={search_term_string}"},"query-input":{"@type":"PropertyValueSpecification","valueRequired":true,"valueName":"search_term_string"}}],"inLanguage":"en-US"},{"@type":"Organization","@id":"https:\/\/www.monaco-tribune.com\/en\/#organization","name":"Monaco Tribune","url":"https:\/\/www.monaco-tribune.com\/en\/","logo":{"@type":"ImageObject","inLanguage":"en-US","@id":"https:\/\/www.monaco-tribune.com\/en\/#\/schema\/logo\/image\/","url":"https:\/\/www.monaco-tribune.com\/wp-content\/uploads\/2022\/11\/logo-monaco-tribune.png","contentUrl":"https:\/\/www.monaco-tribune.com\/wp-content\/uploads\/2022\/11\/logo-monaco-tribune.png","width":1548,"height":600,"caption":"Monaco Tribune"},"image":{"@id":"https:\/\/www.monaco-tribune.com\/en\/#\/schema\/logo\/image\/"},"sameAs":["https:\/\/www.facebook.com\/MonacoTribune","https:\/\/x.com\/MonacoTribune","https:\/\/www.instagram.com\/monacotribune\/","https:\/\/www.linkedin.com\/company\/monaco-tribune","https:\/\/www.youtube.com\/channel\/UCHle1MnG6hw1y4lWKijVbMA"]},{"@type":"Person","@id":"https:\/\/www.monaco-tribune.com\/en\/#\/schema\/person\/5b18add85fa272c0fa24f32c6d1302e1","name":"Marjorie Modi","image":{"@type":"ImageObject","inLanguage":"en-US","@id":"https:\/\/secure.gravatar.com\/avatar\/ca5506f0a36bb5f3a7a88da16cc9bf1a2eccaa24c9f121a4312c9d903e503815?s=96&d=mm&r=g","url":"https:\/\/secure.gravatar.com\/avatar\/ca5506f0a36bb5f3a7a88da16cc9bf1a2eccaa24c9f121a4312c9d903e503815?s=96&d=mm&r=g","contentUrl":"https:\/\/secure.gravatar.com\/avatar\/ca5506f0a36bb5f3a7a88da16cc9bf1a2eccaa24c9f121a4312c9d903e503815?s=96&d=mm&r=g","caption":"Marjorie Modi"},"url":"https:\/\/www.monaco-tribune.com\/en\/author\/marjoriemodi\/"}]}},"_links":{"self":[{"href":"https:\/\/www.monaco-tribune.com\/en\/wp-json\/wp\/v2\/posts\/60411","targetHints":{"allow":["GET"]}}],"collection":[{"href":"https:\/\/www.monaco-tribune.com\/en\/wp-json\/wp\/v2\/posts"}],"about":[{"href":"https:\/\/www.monaco-tribune.com\/en\/wp-json\/wp\/v2\/types\/post"}],"author":[{"embeddable":true,"href":"https:\/\/www.monaco-tribune.com\/en\/wp-json\/wp\/v2\/users\/42"}],"replies":[{"embeddable":true,"href":"https:\/\/www.monaco-tribune.com\/en\/wp-json\/wp\/v2\/comments?post=60411"}],"version-history":[{"count":0,"href":"https:\/\/www.monaco-tribune.com\/en\/wp-json\/wp\/v2\/posts\/60411\/revisions"}],"wp:featuredmedia":[{"embeddable":true,"href":"https:\/\/www.monaco-tribune.com\/en\/wp-json\/wp\/v2\/media\/60406"}],"wp:attachment":[{"href":"https:\/\/www.monaco-tribune.com\/en\/wp-json\/wp\/v2\/media?parent=60411"}],"wp:term":[{"taxonomy":"category","embeddable":true,"href":"https:\/\/www.monaco-tribune.com\/en\/wp-json\/wp\/v2\/categories?post=60411"},{"taxonomy":"post_tag","embeddable":true,"href":"https:\/\/www.monaco-tribune.com\/en\/wp-json\/wp\/v2\/tags?post=60411"},{"taxonomy":"sectag","embeddable":true,"href":"https:\/\/www.monaco-tribune.com\/en\/wp-json\/wp\/v2\/post_sectags?post=60411"},{"taxonomy":"format","embeddable":true,"href":"https:\/\/www.monaco-tribune.com\/en\/wp-json\/wp\/v2\/post_format?post=60411"}],"curies":[{"name":"wp","href":"https:\/\/api.w.org\/{rel}","templated":true}]}}