{"id":62611,"date":"2021-01-13T20:03:41","date_gmt":"2021-01-13T19:03:41","guid":{"rendered":"https:\/\/www.monaco-tribune.com\/2021\/01\/ogier-loeb-makinen-rohrl-sainz-the-race-to-make-history-once-again\/"},"modified":"2021-01-16T19:43:17","modified_gmt":"2021-01-16T18:43:17","slug":"ogier-loeb-makinen-rohrl-sainz-the-race-to-make-history-once-again","status":"publish","type":"post","link":"https:\/\/www.monaco-tribune.com\/en\/2021\/01\/ogier-loeb-makinen-rohrl-sainz-the-race-to-make-history-once-again\/","title":{"rendered":"Ogier, Loeb, M\u00e4kinen, R\u00f6hrl, Sainz: the race to make history once again"},"content":{"rendered":"\n<p><strong>The 89<sup>th<\/sup> edition of the Monte-Carlo Rally is just around the corner. With only a few days to go, we are taking a closer look at five of the best drivers to have ever raced Monaco\u2019s legendary course. Between them, two S\u00e9bastiens (Ogier <em>and <\/em>Loeb), Tommi M\u00e4kinen, Walter R\u00f6hrl and Carlos Sainz have claimed victory 25 times in the Principality.<\/strong><\/p>\n\n\n\n<h2 class=\"has-text-align-center wp-block-heading\" id=\"h-s-bastien-ogier-france-7-time-monte-carlo-rally-champion\">S\u00e9bastien Ogier (France), 7 time Monte-Carlo Rally champion<\/h2>\n\n\n\n<p>Time and again S\u00e9bastien Ogier is compared with S\u00e9bastien Loeb; Some even go as far as to say the Gapen\u00e7ais rider is not actually a seven time champion of this legendary rally. Driving a Peugeot 207 S2000, Ogier came out on top the very first time he raced the course in 2009. Back then, the Monte-Carlo Rally was part of the European Rally Championship (ERC) calendar. However, today it makes up the World Rally Championship (WRC). Herein lies the controversy of his success. Nevertheless, the course itself remains unchanged. Ogier is a master of these roads. He knows them by heart and it shows. Six of his world championship victories have been consecutive, from 2014-2019. In the near future, he may even earn the accolade of having won the Monte-Carlo Rally behind the wheel of four different carmakers.<\/p>\n\n\n\n<figure class=\"wp-block-gallery columns-2 is-cropped wp-block-gallery-1 is-layout-flex wp-block-gallery-is-layout-flex\"><ul class=\"blocks-gallery-grid\"><li class=\"blocks-gallery-item\"><figure><img loading=\"lazy\" decoding=\"async\" width=\"1024\" height=\"576\" src=\"https:\/\/www.monaco-tribune.com\/wp-content\/uploads\/2021\/01\/se\u0301bastien-ogier-rallye-monte-carlo-toyota-min.jpg\" alt=\"\" data-id=\"61734\" data-full-url=\"https:\/\/www.monaco-tribune.com\/wp-content\/uploads\/2021\/01\/se\u0301bastien-ogier-rallye-monte-carlo-toyota-min.jpg\" data-link=\"https:\/\/www.monaco-tribune.com\/?attachment_id=61734\" class=\"wp-image-61735\" srcset=\"https:\/\/www.monaco-tribune.com\/wp-content\/uploads\/2021\/01\/se\u0301bastien-ogier-rallye-monte-carlo-toyota-min.jpg 1024w, https:\/\/www.monaco-tribune.com\/wp-content\/uploads\/2021\/01\/se\u0301bastien-ogier-rallye-monte-carlo-toyota-min-533x300.jpg 533w\" sizes=\"auto, (max-width: 1024px) 100vw, 1024px\" \/><\/figure><\/li><li class=\"blocks-gallery-item\"><figure><img loading=\"lazy\" decoding=\"async\" width=\"1024\" height=\"653\" src=\"https:\/\/www.monaco-tribune.com\/wp-content\/uploads\/2021\/01\/sebastien-ogier-ford-fiesta-wrc-min.jpg\" alt=\"\" data-id=\"61738\" data-full-url=\"https:\/\/www.monaco-tribune.com\/wp-content\/uploads\/2021\/01\/sebastien-ogier-ford-fiesta-wrc-min.jpg\" data-link=\"https:\/\/www.monaco-tribune.com\/?attachment_id=61738\" class=\"wp-image-61739\" srcset=\"https:\/\/www.monaco-tribune.com\/wp-content\/uploads\/2021\/01\/sebastien-ogier-ford-fiesta-wrc-min.jpg 1024w, https:\/\/www.monaco-tribune.com\/wp-content\/uploads\/2021\/01\/sebastien-ogier-ford-fiesta-wrc-min-470x300.jpg 470w\" sizes=\"auto, (max-width: 1024px) 100vw, 1024px\" \/><\/figure><\/li><\/ul><\/figure>\n\n\n\n<h2 class=\"has-text-align-center wp-block-heading\" id=\"h-s-bastien-loeb-france-7-time-monte-carlo-rally-champion\">S\u00e9bastien Loeb (France), 7 time Monte-Carlo Rally champion<\/h2>\n\n\n\n<p>Until the appearance of S\u00e9bastien Ogier, his title as master rider went uncontested for years. Seven time rally champion between 2003-2013, the Alsatian-born driver has definitely made his mark in Monaco\u2019s history. Driving the Citroen Xsara, C4 and DS3, the nine-time world rally champion has claimed almost all the victories to be had in the last 10 years. Marcus Gr\u00f6nholm (2006) has been his only consistent rival. He beat Loeb to victory in 2010, 2011 and 2012. The 2012 win was a close call and Loeb did not participate in the race. S\u00e9bastien Loeb will not compete in the infamous Monacan rally this year. <\/p>\n\n\n\n<figure class=\"wp-block-gallery aligncenter columns-2 is-cropped wp-block-gallery-2 is-layout-flex wp-block-gallery-is-layout-flex\"><ul class=\"blocks-gallery-grid\"><li class=\"blocks-gallery-item\"><figure><img loading=\"lazy\" decoding=\"async\" width=\"1024\" height=\"683\" src=\"https:\/\/www.monaco-tribune.com\/wp-content\/uploads\/2021\/01\/se\u0301bastien-loeb-wrc-rallye-monte-carlo-min.jpg\" alt=\"\" data-id=\"61726\" data-full-url=\"https:\/\/www.monaco-tribune.com\/wp-content\/uploads\/2021\/01\/se\u0301bastien-loeb-wrc-rallye-monte-carlo-min.jpg\" data-link=\"https:\/\/www.monaco-tribune.com\/?attachment_id=61726\" class=\"wp-image-61727\" srcset=\"https:\/\/www.monaco-tribune.com\/wp-content\/uploads\/2021\/01\/se\u0301bastien-loeb-wrc-rallye-monte-carlo-min.jpg 1024w, https:\/\/www.monaco-tribune.com\/wp-content\/uploads\/2021\/01\/se\u0301bastien-loeb-wrc-rallye-monte-carlo-min-450x300.jpg 450w\" sizes=\"auto, (max-width: 1024px) 100vw, 1024px\" \/><\/figure><\/li><li class=\"blocks-gallery-item\"><figure><img loading=\"lazy\" decoding=\"async\" width=\"1024\" height=\"576\" src=\"https:\/\/www.monaco-tribune.com\/wp-content\/uploads\/2021\/01\/rallye-monte-carlo-hyundai-min.jpg\" alt=\"\" data-id=\"61730\" data-full-url=\"https:\/\/www.monaco-tribune.com\/wp-content\/uploads\/2021\/01\/rallye-monte-carlo-hyundai-min.jpg\" data-link=\"https:\/\/www.monaco-tribune.com\/?attachment_id=61730\" class=\"wp-image-61731\" srcset=\"https:\/\/www.monaco-tribune.com\/wp-content\/uploads\/2021\/01\/rallye-monte-carlo-hyundai-min.jpg 1024w, https:\/\/www.monaco-tribune.com\/wp-content\/uploads\/2021\/01\/rallye-monte-carlo-hyundai-min-533x300.jpg 533w\" sizes=\"auto, (max-width: 1024px) 100vw, 1024px\" \/><\/figure><\/li><\/ul><\/figure>\n\n\n\n<h2 class=\"has-text-align-center wp-block-heading\" id=\"h-tommi-m-kinen-finland-4-time-monte-carlo-rally-champion\">Tommi M\u00e4kinen (Finland), 4 time Monte-Carlo Rally champion<\/h2>\n\n\n\n<p>Tommi M\u00e4kinen is considered as one of the first \u201cFlying Finns\u201d of the modern day. Other Flying Finns (famous Finish drivers known for their incredible speed in WRC) include Ari Vatanen, Timo M\u00e4kinen and Pauli Toivonen. Born in Puuppola, M\u00e4kinen has claimed victory four times in Monaco, with three of these wins occurring consecutively between 1999-2002. He takes risks and tears up the track with his high speeds. As the 20th century drew to a close, this four time world rally champion (1996, 1997, 1998, 1999) ,The Flying Finn, had been the leading driver. However, in the decade that followed, S\u00e9bastien Loeb came to dominate the world rallying scene.<\/p>\n\n\n\n<figure class=\"wp-block-gallery aligncenter columns-2 is-cropped wp-block-gallery-3 is-layout-flex wp-block-gallery-is-layout-flex\"><ul class=\"blocks-gallery-grid\"><li class=\"blocks-gallery-item\"><figure><img loading=\"lazy\" decoding=\"async\" width=\"1024\" height=\"629\" src=\"https:\/\/www.monaco-tribune.com\/wp-content\/uploads\/2021\/01\/tommi-makinen-mitshubichi-min-e1610104225642.jpg\" alt=\"\" data-id=\"61750\" data-full-url=\"https:\/\/www.monaco-tribune.com\/wp-content\/uploads\/2021\/01\/tommi-makinen-mitshubichi-min-e1610104225642.jpg\" data-link=\"https:\/\/www.monaco-tribune.com\/?attachment_id=61750\" class=\"wp-image-61751\" srcset=\"https:\/\/www.monaco-tribune.com\/wp-content\/uploads\/2021\/01\/tommi-makinen-mitshubichi-min-e1610104225642.jpg 1024w, https:\/\/www.monaco-tribune.com\/wp-content\/uploads\/2021\/01\/tommi-makinen-mitshubichi-min-e1610104225642-488x300.jpg 488w\" sizes=\"auto, (max-width: 1024px) 100vw, 1024px\" \/><\/figure><\/li><li class=\"blocks-gallery-item\"><figure><img loading=\"lazy\" decoding=\"async\" width=\"1024\" height=\"660\" src=\"https:\/\/www.monaco-tribune.com\/wp-content\/uploads\/2021\/01\/tommi-makinen-rallye-monte-carlo-min-1-e1610104249949.jpg\" alt=\"\" data-id=\"61746\" data-full-url=\"https:\/\/www.monaco-tribune.com\/wp-content\/uploads\/2021\/01\/tommi-makinen-rallye-monte-carlo-min-1-e1610104249949.jpg\" data-link=\"https:\/\/www.monaco-tribune.com\/?attachment_id=61746\" class=\"wp-image-61747\" srcset=\"https:\/\/www.monaco-tribune.com\/wp-content\/uploads\/2021\/01\/tommi-makinen-rallye-monte-carlo-min-1-e1610104249949.jpg 1024w, https:\/\/www.monaco-tribune.com\/wp-content\/uploads\/2021\/01\/tommi-makinen-rallye-monte-carlo-min-1-e1610104249949-465x300.jpg 465w\" sizes=\"auto, (max-width: 1024px) 100vw, 1024px\" \/><\/figure><\/li><\/ul><\/figure>\n\n\n\n<h2 class=\"has-text-align-center wp-block-heading\" id=\"h-walter-r-hrl-germany-4-time-monte-carlo-rally-champion\">Walter R\u00f6hrl (Germany), 4 time Monte-Carlo Rally champion<\/h2>\n\n\n\n<p>Double world rally champion. The German is the first, and so far only, driver to have claimed the Monte-Carlo title behind the wheel of four different carmakers. He drove to victory in a different car every time! The following models saw Walter R\u00f6hrl snatch victory from his competitors: Fiat 131 Abarth, Opel Ascona 400 and the Lancia Rally 037. <\/p>\n\n\n\n<blockquote class=\"wp-block-quote is-layout-flow wp-block-quote-is-layout-flow\"><p>To me, a win in Monaco was so much more than a world title<\/p><\/blockquote>\n\n\n\n<figure class=\"wp-block-gallery aligncenter columns-2 is-cropped wp-block-gallery-4 is-layout-flex wp-block-gallery-is-layout-flex\"><ul class=\"blocks-gallery-grid\"><li class=\"blocks-gallery-item\"><figure><img loading=\"lazy\" decoding=\"async\" width=\"1024\" height=\"698\" src=\"https:\/\/www.monaco-tribune.com\/wp-content\/uploads\/2021\/01\/walter-ro\u0308hrl-rallye-monte-carlo-min-e1610104273672.jpg\" alt=\"\" data-id=\"61758\" data-full-url=\"https:\/\/www.monaco-tribune.com\/wp-content\/uploads\/2021\/01\/walter-ro\u0308hrl-rallye-monte-carlo-min-e1610104273672.jpg\" data-link=\"https:\/\/www.monaco-tribune.com\/?attachment_id=61758\" class=\"wp-image-61759\" srcset=\"https:\/\/www.monaco-tribune.com\/wp-content\/uploads\/2021\/01\/walter-ro\u0308hrl-rallye-monte-carlo-min-e1610104273672.jpg 1024w, https:\/\/www.monaco-tribune.com\/wp-content\/uploads\/2021\/01\/walter-ro\u0308hrl-rallye-monte-carlo-min-e1610104273672-440x300.jpg 440w\" sizes=\"auto, (max-width: 1024px) 100vw, 1024px\" \/><\/figure><\/li><li class=\"blocks-gallery-item\"><figure><img loading=\"lazy\" decoding=\"async\" width=\"1024\" height=\"632\" src=\"https:\/\/www.monaco-tribune.com\/wp-content\/uploads\/2021\/01\/walter-ro\u0308hrl-rallye-monte-carlo-audi-min-e1610104290136.jpg\" alt=\"\" data-id=\"61762\" data-full-url=\"https:\/\/www.monaco-tribune.com\/wp-content\/uploads\/2021\/01\/walter-ro\u0308hrl-rallye-monte-carlo-audi-min-e1610104290136.jpg\" data-link=\"https:\/\/www.monaco-tribune.com\/?attachment_id=61762\" class=\"wp-image-61763\" srcset=\"https:\/\/www.monaco-tribune.com\/wp-content\/uploads\/2021\/01\/walter-ro\u0308hrl-rallye-monte-carlo-audi-min-e1610104290136.jpg 1024w, https:\/\/www.monaco-tribune.com\/wp-content\/uploads\/2021\/01\/walter-ro\u0308hrl-rallye-monte-carlo-audi-min-e1610104290136-486x300.jpg 486w\" sizes=\"auto, (max-width: 1024px) 100vw, 1024px\" \/><\/figure><\/li><\/ul><\/figure>\n\n\n\n<h2 class=\"has-text-align-center wp-block-heading\" id=\"h-carlos-sainz-spain-three-time-monte-carlo-rally-champion\">Carlos Sainz (Spain), three time Monte-Carlo Rally champion<\/h2>\n\n\n\n<p>The younger generation no doubt know him for his crazy off-road performance in Dakar, Africa, South America and now Saudi Arabia. Before reigning three times supreme in rally raid (2010, 2018, 2020), a form of cross country rallying, he had great success on the legendary course in Monte-Carlo. <\/p>\n\n\n\n<p>The father to Formula 1 driver Carlos Sainz Jr (Ferrari) is a two time world rally champion (1990, 1992). The Spaniard has dominated the course in Monaco three times (1991, 1995, 1998). Two wins were with Toyato while driving the Celica GT-4 ST165 and the Corolla WRC. The third with Subaru, driving the Impreza 555. Last year, WRC crowned him the greatest rally driver of all time. S\u00e9bastien Loeb came just behind in second place. It is clear to see why Carlos Sainz deserves a place in this ranking.<\/p>\n\n\n\n<figure class=\"wp-block-gallery columns-2 is-cropped wp-block-gallery-5 is-layout-flex wp-block-gallery-is-layout-flex\"><ul class=\"blocks-gallery-grid\"><li class=\"blocks-gallery-item\"><figure><img loading=\"lazy\" decoding=\"async\" width=\"796\" height=\"489\" src=\"https:\/\/www.monaco-tribune.com\/wp-content\/uploads\/2021\/01\/ac072ed8653353a2db029e60c6cf9933-1.jpg\" alt=\"\" data-id=\"62065\" data-full-url=\"https:\/\/www.monaco-tribune.com\/wp-content\/uploads\/2021\/01\/ac072ed8653353a2db029e60c6cf9933-1.jpg\" data-link=\"https:\/\/www.monaco-tribune.com\/?attachment_id=62065\" class=\"wp-image-62066\" srcset=\"https:\/\/www.monaco-tribune.com\/wp-content\/uploads\/2021\/01\/ac072ed8653353a2db029e60c6cf9933-1.jpg 796w, https:\/\/www.monaco-tribune.com\/wp-content\/uploads\/2021\/01\/ac072ed8653353a2db029e60c6cf9933-1-488x300.jpg 488w\" sizes=\"auto, (max-width: 796px) 100vw, 796px\" \/><\/figure><\/li><li class=\"blocks-gallery-item\"><figure><img loading=\"lazy\" decoding=\"async\" width=\"624\" height=\"416\" src=\"https:\/\/www.monaco-tribune.com\/wp-content\/uploads\/2021\/01\/carlos-sainz-corolla-1.jpg\" alt=\"\" data-id=\"62069\" data-full-url=\"https:\/\/www.monaco-tribune.com\/wp-content\/uploads\/2021\/01\/carlos-sainz-corolla-1.jpg\" data-link=\"https:\/\/www.monaco-tribune.com\/?attachment_id=62069\" class=\"wp-image-62070\" srcset=\"https:\/\/www.monaco-tribune.com\/wp-content\/uploads\/2021\/01\/carlos-sainz-corolla-1.jpg 624w, https:\/\/www.monaco-tribune.com\/wp-content\/uploads\/2021\/01\/carlos-sainz-corolla-1-450x300.jpg 450w\" sizes=\"auto, (max-width: 624px) 100vw, 624px\" \/><\/figure><\/li><\/ul><\/figure>\n\n\n\n<p><strong>&gt;&gt; READ ALSO: <\/strong><a href=\"https:\/\/www.monaco-tribune.com\/en\/2020\/11\/jacky-ickx-charles-leclerc-is-gods-gift-to-monaco\/\">Jacky Ickx : \u201cCharles Leclerc is God\u2019s gift to Monaco\u201d<\/a><\/p>\n\n\n\n<p><strong>&gt;&gt; READ ALSO: <\/strong><a href=\"https:\/\/www.monaco-tribune.com\/en\/2020\/10\/extreme-e-former-f1-pilot-nico-rosberg-joins-the-adventure\/\">Extreme E: Former F1 pilot Nico Rosberg joins the adventure<\/a><\/p>\n","protected":false},"excerpt":{"rendered":"<p>The 89th edition of the Monte-Carlo Rally is just around the corner. With only a few days to go, we [&hellip;]<\/p>\n","protected":false},"author":24,"featured_media":62054,"comment_status":"closed","ping_status":"closed","sticky":false,"template":"","format":"standard","meta":{"_acf_changed":false,"footnotes":""},"categories":[1825,243,257],"tags":[4751],"post_sectags":[],"post_format":[2468],"class_list":["post-62611","post","type-post","status-publish","format-standard","has-post-thumbnail","hentry","category-editors-choice","category-news","category-sports-en","tag-rally-en","format-story"],"acf":[],"yoast_head":"<!-- This site is optimized with the Yoast SEO Premium plugin v26.8 (Yoast SEO v27.4) - https:\/\/yoast.com\/product\/yoast-seo-premium-wordpress\/ -->\n<title>Ogier, Loeb, M\u00e4kinen, R\u00f6hrl, Sainz: the race to make history once again<\/title>\n<meta name=\"description\" content=\"The 89th edition of the Monte-Carlo Rally is just around the corner. With only a few days to go, we are taking a closer look at five of the best drivers\" \/>\n<meta name=\"robots\" content=\"index, follow, max-snippet:-1, max-image-preview:large, max-video-preview:-1\" \/>\n<link rel=\"canonical\" href=\"https:\/\/www.monaco-tribune.com\/en\/2021\/01\/ogier-loeb-makinen-rohrl-sainz-the-race-to-make-history-once-again\/\" \/>\n<meta property=\"og:locale\" content=\"en_US\" \/>\n<meta property=\"og:type\" content=\"article\" \/>\n<meta property=\"og:title\" content=\"Ogier, Loeb, M\u00e4kinen, R\u00f6hrl, Sainz: the race to make history once again - Monaco Tribune\" \/>\n<meta property=\"og:description\" content=\"The 89th edition of the Monte-Carlo Rally is just around the corner. With only a few days to go, we are taking a closer look at five of the best drivers\" \/>\n<meta property=\"og:url\" content=\"https:\/\/www.monaco-tribune.com\/en\/2021\/01\/ogier-loeb-makinen-rohrl-sainz-the-race-to-make-history-once-again\/\" \/>\n<meta property=\"og:site_name\" content=\"Monaco Tribune\" \/>\n<meta property=\"article:publisher\" content=\"https:\/\/www.facebook.com\/MonacoTribune\" \/>\n<meta property=\"article:published_time\" content=\"2021-01-13T19:03:41+00:00\" \/>\n<meta property=\"article:modified_time\" content=\"2021-01-16T18:43:17+00:00\" \/>\n<meta property=\"og:image\" content=\"https:\/\/www.monaco-tribune.com\/wp-content\/uploads\/2021\/01\/ils-ont-marque\u0301-l-histoire-du-monte-carlo-wrc-min.jpg\" \/>\n\t<meta property=\"og:image:width\" content=\"1024\" \/>\n\t<meta property=\"og:image:height\" content=\"512\" \/>\n\t<meta property=\"og:image:type\" content=\"image\/jpeg\" \/>\n<meta name=\"author\" content=\"Romain Boisaubert\" \/>\n<meta name=\"twitter:card\" content=\"summary_large_image\" \/>\n<meta name=\"twitter:creator\" content=\"@MonacoTribune\" \/>\n<meta name=\"twitter:site\" content=\"@MonacoTribune\" \/>\n<script type=\"application\/ld+json\" class=\"yoast-schema-graph\">{\"@context\":\"https:\\\/\\\/schema.org\",\"@graph\":[{\"@type\":\"NewsArticle\",\"@id\":\"https:\\\/\\\/www.monaco-tribune.com\\\/en\\\/2021\\\/01\\\/ogier-loeb-makinen-rohrl-sainz-the-race-to-make-history-once-again\\\/#article\",\"isPartOf\":{\"@id\":\"https:\\\/\\\/www.monaco-tribune.com\\\/en\\\/2021\\\/01\\\/ogier-loeb-makinen-rohrl-sainz-the-race-to-make-history-once-again\\\/\"},\"author\":{\"name\":\"Romain Boisaubert\",\"@id\":\"https:\\\/\\\/www.monaco-tribune.com\\\/en\\\/#\\\/schema\\\/person\\\/330a3732947cf8cb41b2533a0eadd62e\"},\"headline\":\"Ogier, Loeb, M\u00e4kinen, R\u00f6hrl, Sainz: the race to make history once again\",\"datePublished\":\"2021-01-13T19:03:41+00:00\",\"dateModified\":\"2021-01-16T18:43:17+00:00\",\"mainEntityOfPage\":{\"@id\":\"https:\\\/\\\/www.monaco-tribune.com\\\/en\\\/2021\\\/01\\\/ogier-loeb-makinen-rohrl-sainz-the-race-to-make-history-once-again\\\/\"},\"wordCount\":694,\"publisher\":{\"@id\":\"https:\\\/\\\/www.monaco-tribune.com\\\/en\\\/#organization\"},\"image\":{\"@id\":\"https:\\\/\\\/www.monaco-tribune.com\\\/en\\\/2021\\\/01\\\/ogier-loeb-makinen-rohrl-sainz-the-race-to-make-history-once-again\\\/#primaryimage\"},\"thumbnailUrl\":\"https:\\\/\\\/www.monaco-tribune.com\\\/wp-content\\\/uploads\\\/2021\\\/01\\\/ils-ont-marque\u0301-l-histoire-du-monte-carlo-wrc-min.jpg\",\"keywords\":[\"Rally\"],\"articleSection\":[\"Editor&#039;s choice\",\"News\",\"Sports\"],\"inLanguage\":\"en-US\",\"copyrightYear\":\"2021\",\"copyrightHolder\":{\"@id\":\"https:\\\/\\\/www.monaco-tribune.com\\\/#organization\"}},{\"@type\":\"WebPage\",\"@id\":\"https:\\\/\\\/www.monaco-tribune.com\\\/en\\\/2021\\\/01\\\/ogier-loeb-makinen-rohrl-sainz-the-race-to-make-history-once-again\\\/\",\"url\":\"https:\\\/\\\/www.monaco-tribune.com\\\/en\\\/2021\\\/01\\\/ogier-loeb-makinen-rohrl-sainz-the-race-to-make-history-once-again\\\/\",\"name\":\"Ogier, Loeb, M\u00e4kinen, R\u00f6hrl, Sainz: the race to make history once again\",\"isPartOf\":{\"@id\":\"https:\\\/\\\/www.monaco-tribune.com\\\/en\\\/#website\"},\"primaryImageOfPage\":{\"@id\":\"https:\\\/\\\/www.monaco-tribune.com\\\/en\\\/2021\\\/01\\\/ogier-loeb-makinen-rohrl-sainz-the-race-to-make-history-once-again\\\/#primaryimage\"},\"image\":{\"@id\":\"https:\\\/\\\/www.monaco-tribune.com\\\/en\\\/2021\\\/01\\\/ogier-loeb-makinen-rohrl-sainz-the-race-to-make-history-once-again\\\/#primaryimage\"},\"thumbnailUrl\":\"https:\\\/\\\/www.monaco-tribune.com\\\/wp-content\\\/uploads\\\/2021\\\/01\\\/ils-ont-marque\u0301-l-histoire-du-monte-carlo-wrc-min.jpg\",\"datePublished\":\"2021-01-13T19:03:41+00:00\",\"dateModified\":\"2021-01-16T18:43:17+00:00\",\"description\":\"The 89th edition of the Monte-Carlo Rally is just around the corner. With only a few days to go, we are taking a closer look at five of the best drivers\",\"breadcrumb\":{\"@id\":\"https:\\\/\\\/www.monaco-tribune.com\\\/en\\\/2021\\\/01\\\/ogier-loeb-makinen-rohrl-sainz-the-race-to-make-history-once-again\\\/#breadcrumb\"},\"inLanguage\":\"en-US\",\"potentialAction\":[{\"@type\":\"ReadAction\",\"target\":[\"https:\\\/\\\/www.monaco-tribune.com\\\/en\\\/2021\\\/01\\\/ogier-loeb-makinen-rohrl-sainz-the-race-to-make-history-once-again\\\/\"]}]},{\"@type\":\"ImageObject\",\"inLanguage\":\"en-US\",\"@id\":\"https:\\\/\\\/www.monaco-tribune.com\\\/en\\\/2021\\\/01\\\/ogier-loeb-makinen-rohrl-sainz-the-race-to-make-history-once-again\\\/#primaryimage\",\"url\":\"https:\\\/\\\/www.monaco-tribune.com\\\/wp-content\\\/uploads\\\/2021\\\/01\\\/ils-ont-marque\u0301-l-histoire-du-monte-carlo-wrc-min.jpg\",\"contentUrl\":\"https:\\\/\\\/www.monaco-tribune.com\\\/wp-content\\\/uploads\\\/2021\\\/01\\\/ils-ont-marque\u0301-l-histoire-du-monte-carlo-wrc-min.jpg\",\"width\":1024,\"height\":512,\"caption\":\"WRC\"},{\"@type\":\"BreadcrumbList\",\"@id\":\"https:\\\/\\\/www.monaco-tribune.com\\\/en\\\/2021\\\/01\\\/ogier-loeb-makinen-rohrl-sainz-the-race-to-make-history-once-again\\\/#breadcrumb\",\"itemListElement\":[{\"@type\":\"ListItem\",\"position\":1,\"name\":\"Accueil\",\"item\":\"https:\\\/\\\/www.monaco-tribune.com\\\/en\\\/\"},{\"@type\":\"ListItem\",\"position\":2,\"name\":\"Ogier, Loeb, M\u00e4kinen, R\u00f6hrl, Sainz: the race to make history once again\"}]},{\"@type\":\"WebSite\",\"@id\":\"https:\\\/\\\/www.monaco-tribune.com\\\/en\\\/#website\",\"url\":\"https:\\\/\\\/www.monaco-tribune.com\\\/en\\\/\",\"name\":\"Monaco Tribune\",\"description\":\"Monaco : actualit\u00e9s \u00e9conomiques, politiques, culturelles et sportives de Monaco et de la French Riviera.\",\"publisher\":{\"@id\":\"https:\\\/\\\/www.monaco-tribune.com\\\/en\\\/#organization\"},\"potentialAction\":[{\"@type\":\"SearchAction\",\"target\":{\"@type\":\"EntryPoint\",\"urlTemplate\":\"https:\\\/\\\/www.monaco-tribune.com\\\/en\\\/?s={search_term_string}\"},\"query-input\":{\"@type\":\"PropertyValueSpecification\",\"valueRequired\":true,\"valueName\":\"search_term_string\"}}],\"inLanguage\":\"en-US\"},{\"@type\":\"Organization\",\"@id\":\"https:\\\/\\\/www.monaco-tribune.com\\\/en\\\/#organization\",\"name\":\"Monaco Tribune\",\"url\":\"https:\\\/\\\/www.monaco-tribune.com\\\/en\\\/\",\"logo\":{\"@type\":\"ImageObject\",\"inLanguage\":\"en-US\",\"@id\":\"https:\\\/\\\/www.monaco-tribune.com\\\/en\\\/#\\\/schema\\\/logo\\\/image\\\/\",\"url\":\"https:\\\/\\\/www.monaco-tribune.com\\\/wp-content\\\/uploads\\\/2022\\\/11\\\/logo-monaco-tribune.png\",\"contentUrl\":\"https:\\\/\\\/www.monaco-tribune.com\\\/wp-content\\\/uploads\\\/2022\\\/11\\\/logo-monaco-tribune.png\",\"width\":1548,\"height\":600,\"caption\":\"Monaco Tribune\"},\"image\":{\"@id\":\"https:\\\/\\\/www.monaco-tribune.com\\\/en\\\/#\\\/schema\\\/logo\\\/image\\\/\"},\"sameAs\":[\"https:\\\/\\\/www.facebook.com\\\/MonacoTribune\",\"https:\\\/\\\/x.com\\\/MonacoTribune\",\"https:\\\/\\\/www.instagram.com\\\/monacotribune\\\/\",\"https:\\\/\\\/www.linkedin.com\\\/company\\\/monaco-tribune\",\"https:\\\/\\\/www.youtube.com\\\/channel\\\/UCHle1MnG6hw1y4lWKijVbMA\"]},{\"@type\":\"Person\",\"@id\":\"https:\\\/\\\/www.monaco-tribune.com\\\/en\\\/#\\\/schema\\\/person\\\/330a3732947cf8cb41b2533a0eadd62e\",\"name\":\"Romain Boisaubert\",\"image\":{\"@type\":\"ImageObject\",\"inLanguage\":\"en-US\",\"@id\":\"https:\\\/\\\/secure.gravatar.com\\\/avatar\\\/f8b90d41f1eabd1cbe4cf59e09d8db41a697d51919bf2dfe727589a24a4a4d54?s=96&d=mm&r=g\",\"url\":\"https:\\\/\\\/secure.gravatar.com\\\/avatar\\\/f8b90d41f1eabd1cbe4cf59e09d8db41a697d51919bf2dfe727589a24a4a4d54?s=96&d=mm&r=g\",\"contentUrl\":\"https:\\\/\\\/secure.gravatar.com\\\/avatar\\\/f8b90d41f1eabd1cbe4cf59e09d8db41a697d51919bf2dfe727589a24a4a4d54?s=96&d=mm&r=g\",\"caption\":\"Romain Boisaubert\"},\"description\":\"Test bio\",\"url\":\"https:\\\/\\\/www.monaco-tribune.com\\\/en\\\/author\\\/romain-boisaubert\\\/\"}]}<\/script>\n<!-- \/ Yoast SEO Premium plugin. -->","yoast_head_json":{"title":"Ogier, Loeb, M\u00e4kinen, R\u00f6hrl, Sainz: the race to make history once again","description":"The 89th edition of the Monte-Carlo Rally is just around the corner. With only a few days to go, we are taking a closer look at five of the best drivers","robots":{"index":"index","follow":"follow","max-snippet":"max-snippet:-1","max-image-preview":"max-image-preview:large","max-video-preview":"max-video-preview:-1"},"canonical":"https:\/\/www.monaco-tribune.com\/en\/2021\/01\/ogier-loeb-makinen-rohrl-sainz-the-race-to-make-history-once-again\/","og_locale":"en_US","og_type":"article","og_title":"Ogier, Loeb, M\u00e4kinen, R\u00f6hrl, Sainz: the race to make history once again - Monaco Tribune","og_description":"The 89th edition of the Monte-Carlo Rally is just around the corner. With only a few days to go, we are taking a closer look at five of the best drivers","og_url":"https:\/\/www.monaco-tribune.com\/en\/2021\/01\/ogier-loeb-makinen-rohrl-sainz-the-race-to-make-history-once-again\/","og_site_name":"Monaco Tribune","article_publisher":"https:\/\/www.facebook.com\/MonacoTribune","article_published_time":"2021-01-13T19:03:41+00:00","article_modified_time":"2021-01-16T18:43:17+00:00","og_image":[{"width":1024,"height":512,"url":"https:\/\/www.monaco-tribune.com\/wp-content\/uploads\/2021\/01\/ils-ont-marque\u0301-l-histoire-du-monte-carlo-wrc-min.jpg","type":"image\/jpeg"}],"author":"Romain Boisaubert","twitter_card":"summary_large_image","twitter_creator":"@MonacoTribune","twitter_site":"@MonacoTribune","schema":{"@context":"https:\/\/schema.org","@graph":[{"@type":"NewsArticle","@id":"https:\/\/www.monaco-tribune.com\/en\/2021\/01\/ogier-loeb-makinen-rohrl-sainz-the-race-to-make-history-once-again\/#article","isPartOf":{"@id":"https:\/\/www.monaco-tribune.com\/en\/2021\/01\/ogier-loeb-makinen-rohrl-sainz-the-race-to-make-history-once-again\/"},"author":{"name":"Romain Boisaubert","@id":"https:\/\/www.monaco-tribune.com\/en\/#\/schema\/person\/330a3732947cf8cb41b2533a0eadd62e"},"headline":"Ogier, Loeb, M\u00e4kinen, R\u00f6hrl, Sainz: the race to make history once again","datePublished":"2021-01-13T19:03:41+00:00","dateModified":"2021-01-16T18:43:17+00:00","mainEntityOfPage":{"@id":"https:\/\/www.monaco-tribune.com\/en\/2021\/01\/ogier-loeb-makinen-rohrl-sainz-the-race-to-make-history-once-again\/"},"wordCount":694,"publisher":{"@id":"https:\/\/www.monaco-tribune.com\/en\/#organization"},"image":{"@id":"https:\/\/www.monaco-tribune.com\/en\/2021\/01\/ogier-loeb-makinen-rohrl-sainz-the-race-to-make-history-once-again\/#primaryimage"},"thumbnailUrl":"https:\/\/www.monaco-tribune.com\/wp-content\/uploads\/2021\/01\/ils-ont-marque\u0301-l-histoire-du-monte-carlo-wrc-min.jpg","keywords":["Rally"],"articleSection":["Editor&#039;s choice","News","Sports"],"inLanguage":"en-US","copyrightYear":"2021","copyrightHolder":{"@id":"https:\/\/www.monaco-tribune.com\/#organization"}},{"@type":"WebPage","@id":"https:\/\/www.monaco-tribune.com\/en\/2021\/01\/ogier-loeb-makinen-rohrl-sainz-the-race-to-make-history-once-again\/","url":"https:\/\/www.monaco-tribune.com\/en\/2021\/01\/ogier-loeb-makinen-rohrl-sainz-the-race-to-make-history-once-again\/","name":"Ogier, Loeb, M\u00e4kinen, R\u00f6hrl, Sainz: the race to make history once again","isPartOf":{"@id":"https:\/\/www.monaco-tribune.com\/en\/#website"},"primaryImageOfPage":{"@id":"https:\/\/www.monaco-tribune.com\/en\/2021\/01\/ogier-loeb-makinen-rohrl-sainz-the-race-to-make-history-once-again\/#primaryimage"},"image":{"@id":"https:\/\/www.monaco-tribune.com\/en\/2021\/01\/ogier-loeb-makinen-rohrl-sainz-the-race-to-make-history-once-again\/#primaryimage"},"thumbnailUrl":"https:\/\/www.monaco-tribune.com\/wp-content\/uploads\/2021\/01\/ils-ont-marque\u0301-l-histoire-du-monte-carlo-wrc-min.jpg","datePublished":"2021-01-13T19:03:41+00:00","dateModified":"2021-01-16T18:43:17+00:00","description":"The 89th edition of the Monte-Carlo Rally is just around the corner. With only a few days to go, we are taking a closer look at five of the best drivers","breadcrumb":{"@id":"https:\/\/www.monaco-tribune.com\/en\/2021\/01\/ogier-loeb-makinen-rohrl-sainz-the-race-to-make-history-once-again\/#breadcrumb"},"inLanguage":"en-US","potentialAction":[{"@type":"ReadAction","target":["https:\/\/www.monaco-tribune.com\/en\/2021\/01\/ogier-loeb-makinen-rohrl-sainz-the-race-to-make-history-once-again\/"]}]},{"@type":"ImageObject","inLanguage":"en-US","@id":"https:\/\/www.monaco-tribune.com\/en\/2021\/01\/ogier-loeb-makinen-rohrl-sainz-the-race-to-make-history-once-again\/#primaryimage","url":"https:\/\/www.monaco-tribune.com\/wp-content\/uploads\/2021\/01\/ils-ont-marque\u0301-l-histoire-du-monte-carlo-wrc-min.jpg","contentUrl":"https:\/\/www.monaco-tribune.com\/wp-content\/uploads\/2021\/01\/ils-ont-marque\u0301-l-histoire-du-monte-carlo-wrc-min.jpg","width":1024,"height":512,"caption":"WRC"},{"@type":"BreadcrumbList","@id":"https:\/\/www.monaco-tribune.com\/en\/2021\/01\/ogier-loeb-makinen-rohrl-sainz-the-race-to-make-history-once-again\/#breadcrumb","itemListElement":[{"@type":"ListItem","position":1,"name":"Accueil","item":"https:\/\/www.monaco-tribune.com\/en\/"},{"@type":"ListItem","position":2,"name":"Ogier, Loeb, M\u00e4kinen, R\u00f6hrl, Sainz: the race to make history once again"}]},{"@type":"WebSite","@id":"https:\/\/www.monaco-tribune.com\/en\/#website","url":"https:\/\/www.monaco-tribune.com\/en\/","name":"Monaco Tribune","description":"Monaco : actualit\u00e9s \u00e9conomiques, politiques, culturelles et sportives de Monaco et de la French Riviera.","publisher":{"@id":"https:\/\/www.monaco-tribune.com\/en\/#organization"},"potentialAction":[{"@type":"SearchAction","target":{"@type":"EntryPoint","urlTemplate":"https:\/\/www.monaco-tribune.com\/en\/?s={search_term_string}"},"query-input":{"@type":"PropertyValueSpecification","valueRequired":true,"valueName":"search_term_string"}}],"inLanguage":"en-US"},{"@type":"Organization","@id":"https:\/\/www.monaco-tribune.com\/en\/#organization","name":"Monaco Tribune","url":"https:\/\/www.monaco-tribune.com\/en\/","logo":{"@type":"ImageObject","inLanguage":"en-US","@id":"https:\/\/www.monaco-tribune.com\/en\/#\/schema\/logo\/image\/","url":"https:\/\/www.monaco-tribune.com\/wp-content\/uploads\/2022\/11\/logo-monaco-tribune.png","contentUrl":"https:\/\/www.monaco-tribune.com\/wp-content\/uploads\/2022\/11\/logo-monaco-tribune.png","width":1548,"height":600,"caption":"Monaco Tribune"},"image":{"@id":"https:\/\/www.monaco-tribune.com\/en\/#\/schema\/logo\/image\/"},"sameAs":["https:\/\/www.facebook.com\/MonacoTribune","https:\/\/x.com\/MonacoTribune","https:\/\/www.instagram.com\/monacotribune\/","https:\/\/www.linkedin.com\/company\/monaco-tribune","https:\/\/www.youtube.com\/channel\/UCHle1MnG6hw1y4lWKijVbMA"]},{"@type":"Person","@id":"https:\/\/www.monaco-tribune.com\/en\/#\/schema\/person\/330a3732947cf8cb41b2533a0eadd62e","name":"Romain Boisaubert","image":{"@type":"ImageObject","inLanguage":"en-US","@id":"https:\/\/secure.gravatar.com\/avatar\/f8b90d41f1eabd1cbe4cf59e09d8db41a697d51919bf2dfe727589a24a4a4d54?s=96&d=mm&r=g","url":"https:\/\/secure.gravatar.com\/avatar\/f8b90d41f1eabd1cbe4cf59e09d8db41a697d51919bf2dfe727589a24a4a4d54?s=96&d=mm&r=g","contentUrl":"https:\/\/secure.gravatar.com\/avatar\/f8b90d41f1eabd1cbe4cf59e09d8db41a697d51919bf2dfe727589a24a4a4d54?s=96&d=mm&r=g","caption":"Romain Boisaubert"},"description":"Test bio","url":"https:\/\/www.monaco-tribune.com\/en\/author\/romain-boisaubert\/"}]}},"_links":{"self":[{"href":"https:\/\/www.monaco-tribune.com\/en\/wp-json\/wp\/v2\/posts\/62611","targetHints":{"allow":["GET"]}}],"collection":[{"href":"https:\/\/www.monaco-tribune.com\/en\/wp-json\/wp\/v2\/posts"}],"about":[{"href":"https:\/\/www.monaco-tribune.com\/en\/wp-json\/wp\/v2\/types\/post"}],"author":[{"embeddable":true,"href":"https:\/\/www.monaco-tribune.com\/en\/wp-json\/wp\/v2\/users\/24"}],"replies":[{"embeddable":true,"href":"https:\/\/www.monaco-tribune.com\/en\/wp-json\/wp\/v2\/comments?post=62611"}],"version-history":[{"count":0,"href":"https:\/\/www.monaco-tribune.com\/en\/wp-json\/wp\/v2\/posts\/62611\/revisions"}],"wp:featuredmedia":[{"embeddable":true,"href":"https:\/\/www.monaco-tribune.com\/en\/wp-json\/wp\/v2\/media\/62054"}],"wp:attachment":[{"href":"https:\/\/www.monaco-tribune.com\/en\/wp-json\/wp\/v2\/media?parent=62611"}],"wp:term":[{"taxonomy":"category","embeddable":true,"href":"https:\/\/www.monaco-tribune.com\/en\/wp-json\/wp\/v2\/categories?post=62611"},{"taxonomy":"post_tag","embeddable":true,"href":"https:\/\/www.monaco-tribune.com\/en\/wp-json\/wp\/v2\/tags?post=62611"},{"taxonomy":"sectag","embeddable":true,"href":"https:\/\/www.monaco-tribune.com\/en\/wp-json\/wp\/v2\/post_sectags?post=62611"},{"taxonomy":"format","embeddable":true,"href":"https:\/\/www.monaco-tribune.com\/en\/wp-json\/wp\/v2\/post_format?post=62611"}],"curies":[{"name":"wp","href":"https:\/\/api.w.org\/{rel}","templated":true}]}}