{"id":6448,"date":"2018-12-16T18:56:40","date_gmt":"2018-12-16T17:56:40","guid":{"rendered":"https:\/\/www.monaco-tribune.com\/?p=6448"},"modified":"2022-11-28T21:58:10","modified_gmt":"2022-11-28T20:58:10","slug":"can-monaco-be-doing-more-for-the-environment","status":"publish","type":"post","link":"https:\/\/www.monaco-tribune.com\/en\/2018\/12\/can-monaco-be-doing-more-for-the-environment\/","title":{"rendered":"Can Monaco be doing more for the environment?"},"content":{"rendered":"<h3>It&#8217;s a pretty simple question, with an even simpler answer. Can Monaco be doing more for the environment? YES. That &#8220;yes,&#8221; however, is in no way meant as a dig against the Principality. In fact, Monaco, in its different forms and representations, does quite a lot for the betterment of the environment.<\/h3>\n<p>Whether considering the government&#8217;s multiple environmental undertakings, the Prince Albert II of Monaco Foundations various missions &amp; causes, or the intervention of\u00a0Prince Albert II himself at different functions around the world, Monaco has affirmed itself as a conscientious country. And even though we could go on congratulating the Rocher on its environmental efforts, we find it more constructive to examine how the city-state with the highest GDP per capita in the world can be doing more.<\/p>\n<p>Let&#8217;s take a look at a list of domains wherein Monaco in its various forms has decided to engage in pro-environment activity:<\/p>\n<p><strong>Waste management<\/strong><\/p>\n<p>Currently, Monaco is engaged in an intense\u00a0debate around waste management. Having employed an incineration plant for almost 40 years, the National Council has recently voted to both close this plant and review new measures for the best possible technology to replace incineration. The Fontvieille incinerator reportedly produces 34% of the Principality&#8217;s CO2 emissions.\u00a0The reduction of emissions related to waste treatment, and more broadly to waste management, should be a priority for the government.<\/p>\n<p>Indeed, the Principality of Monaco is committed to achieving carbon neutrality by 2050 and reducing its emissions\u00a0by 30% by 2020, and by more than 50% by 2030. The problem with incineration is that it creates pollutants that are both harmful to the environment and to the human condition. With that in mind, the Monegasque government has not excluded incineration as a possibility for their <a href=\"https:\/\/www.monaco-tribune.com\/en\/2018\/12\/new-waste-processing-plant\/\">new plant<\/a>, which is to be built on the Charles-III islet and made operational by 2025. In that regard, we hope that the government will adopt alternative cleaner methods that are equally as cost effective. Perhaps a ground-up\u00a0educational tactic can help to reduce the production of such waste in the first place. In a 2018 <a href=\"http:\/\/www.alternative-energy-news.info\/negative-impacts-waste-to-energy\/\">paper<\/a>, Mr. Zafar from Alternative Energy News suggests\u00a0establishing a waste hierarchy to identify the key elements:<\/p>\n<p>1. Reduce<br \/>\n2. Reuse<br \/>\n3. Recycle<br \/>\n4. Waste minimization and recovery of energy from waste by composting, anaerobic digestion, incineration etc.<br \/>\n5. Landfilling<\/p>\n<p>This sort of inside-out approach could provide a solid foothold for propelling the Principality to the next level of clean-city status.<\/p>\n<p><strong>Monaco&#8217;s water treatment<\/strong><\/p>\n<p>Already making efforts to reduce greenhouse gas emissions, the government intends on being insistent on reaching its goals. The\u00a0<em>Soci\u00e9t\u00e9 Mon\u00e9gasque d\u2019Electricit\u00e9 et du Gaz\u00a0<\/em>(SMEG) has recently engaged a bid to equip a number of photovoltaic farms in France. The cells would generate between 7 and 8% of the Principality\u2019s energy consumption needs. This initiative falls under the National Pact, which was adopted last January. The pact stipulates that Monaco cut greenhouse gas emissions in half by 2030. To bolster this effort,\u00a0the\u00a0<em>Soci\u00e9t\u00e9 Mon\u00e9gasque des Eaux\u00a0<\/em><a href=\"https:\/\/www.monaco-tribune.com\/en\/public-life\/societe-monegasque-des-eaux-signs-energy-transition-measures\/\">recently signed<\/a>\u00a0the charter for the\u00a0deployment of the National Pact for Energy Transition. The SM Eaux is exploring the transformation of gray water to heat buildings. We would like to see effort move along more swiftly. For Monaco to remain at the cutting edge of environmental progress, employing the latest and best in water treatment technology will help propel this progress.<\/p>\n<p><strong>Marine life and port environments<\/strong><\/p>\n<p>Monaco\u2019s is the first port on France\u2019s C\u00f4te d\u2019Azur to obtain double ISO certification. The Mon\u00e9gasque green port strategy has proved to be ambitious and fruitful. The SEPM\u2019s vision of sustainability in conjunction with the region\u2019s dynamic business environment has made the Port of Monaco a beacon on a hill for other similar transport hubs. This, however, does not overshadow the multiple small mishaps that the port and coastline have experienced this past year. Whether it be the mortality of the protected large mother of pearl in the Principality, or the equally protected brown grouper, which were found dead by the dozen along the Monegasque coastline. There are clear markers of pollution&#8217;s effects on the water. With Monaco as a yachting destination for the entire world, efforts will have to be doubled in order to maintain the quality of the government&#8217;s commitments to keeping its waters safe for visitors above and below surface alike.<\/p>\n<p>&nbsp;<\/p>\n","protected":false},"excerpt":{"rendered":"<p>It&#8217;s a pretty simple question, with an even simpler answer. Can Monaco be doing more for the environment? YES. That [&hellip;]<\/p>\n","protected":false},"author":8,"featured_media":6478,"comment_status":"closed","ping_status":"open","sticky":false,"template":"","format":"standard","meta":{"_acf_changed":false,"footnotes":""},"categories":[258,251],"tags":[334,469],"post_sectags":[],"post_format":[],"class_list":["post-6448","post","type-post","status-publish","format-standard","has-post-thumbnail","hentry","category-public-life","category-whats-on","tag-environment","tag-opinion"],"acf":[],"yoast_head":"<!-- This site is optimized with the Yoast SEO Premium plugin v26.8 (Yoast SEO v27.5) - https:\/\/yoast.com\/product\/yoast-seo-premium-wordpress\/ -->\n<title>Can Monaco be doing more for the environment?<\/title>\n<meta name=\"description\" content=\"It&#039;s a pretty simple question, with an even simpler answer. Can Monaco be doing more for the environment? YES. That &quot;yes,&quot; however, is in no way meant...\" \/>\n<meta name=\"robots\" content=\"index, follow, max-snippet:-1, max-image-preview:large, max-video-preview:-1\" \/>\n<link rel=\"canonical\" href=\"https:\/\/www.monaco-tribune.com\/en\/2018\/12\/can-monaco-be-doing-more-for-the-environment\/\" \/>\n<meta property=\"og:locale\" content=\"en_US\" \/>\n<meta property=\"og:type\" content=\"article\" \/>\n<meta property=\"og:title\" content=\"Can Monaco be doing more for the environment? - Monaco Tribune\" \/>\n<meta property=\"og:description\" content=\"It&#039;s a pretty simple question, with an even simpler answer. Can Monaco be doing more for the environment? YES. That &quot;yes,&quot; however, is in no way meant as\" \/>\n<meta property=\"og:url\" content=\"https:\/\/www.monaco-tribune.com\/en\/2018\/12\/can-monaco-be-doing-more-for-the-environment\/\" \/>\n<meta property=\"og:site_name\" content=\"Monaco Tribune\" \/>\n<meta property=\"article:publisher\" content=\"https:\/\/www.facebook.com\/MonacoTribune\" \/>\n<meta property=\"article:published_time\" content=\"2018-12-16T17:56:40+00:00\" \/>\n<meta property=\"article:modified_time\" content=\"2022-11-28T20:58:10+00:00\" \/>\n<meta property=\"og:image\" content=\"https:\/\/www.monaco-tribune.com\/wp-content\/uploads\/2018\/12\/can-monaco-be-doing-more-for-the-environment-1.jpg\" \/>\n\t<meta property=\"og:image:width\" content=\"1024\" \/>\n\t<meta property=\"og:image:height\" content=\"683\" \/>\n\t<meta property=\"og:image:type\" content=\"image\/jpeg\" \/>\n<meta name=\"author\" content=\"Kiel Bonhomme\" \/>\n<meta name=\"twitter:card\" content=\"summary_large_image\" \/>\n<meta name=\"twitter:creator\" content=\"@MonacoTribune\" \/>\n<meta name=\"twitter:site\" content=\"@MonacoTribune\" \/>\n<script type=\"application\/ld+json\" class=\"yoast-schema-graph\">{\"@context\":\"https:\\\/\\\/schema.org\",\"@graph\":[{\"@type\":\"NewsArticle\",\"@id\":\"https:\\\/\\\/www.monaco-tribune.com\\\/en\\\/2018\\\/12\\\/can-monaco-be-doing-more-for-the-environment\\\/#article\",\"isPartOf\":{\"@id\":\"https:\\\/\\\/www.monaco-tribune.com\\\/en\\\/2018\\\/12\\\/can-monaco-be-doing-more-for-the-environment\\\/\"},\"author\":{\"name\":\"Kiel Bonhomme\",\"@id\":\"https:\\\/\\\/www.monaco-tribune.com\\\/en\\\/#\\\/schema\\\/person\\\/9d13bdaae6c0783f39a7213543b15524\"},\"headline\":\"Can Monaco be doing more for the environment?\",\"datePublished\":\"2018-12-16T17:56:40+00:00\",\"dateModified\":\"2022-11-28T20:58:10+00:00\",\"mainEntityOfPage\":{\"@id\":\"https:\\\/\\\/www.monaco-tribune.com\\\/en\\\/2018\\\/12\\\/can-monaco-be-doing-more-for-the-environment\\\/\"},\"wordCount\":734,\"publisher\":{\"@id\":\"https:\\\/\\\/www.monaco-tribune.com\\\/en\\\/#organization\"},\"image\":{\"@id\":\"https:\\\/\\\/www.monaco-tribune.com\\\/en\\\/2018\\\/12\\\/can-monaco-be-doing-more-for-the-environment\\\/#primaryimage\"},\"thumbnailUrl\":\"https:\\\/\\\/www.monaco-tribune.com\\\/wp-content\\\/uploads\\\/2018\\\/12\\\/can-monaco-be-doing-more-for-the-environment-1.jpg\",\"keywords\":[\"Environment\",\"Opinion\"],\"articleSection\":[\"Society\",\"What&#039;s on\"],\"inLanguage\":\"en-US\",\"copyrightYear\":\"2018\",\"copyrightHolder\":{\"@id\":\"https:\\\/\\\/www.monaco-tribune.com\\\/#organization\"}},{\"@type\":\"WebPage\",\"@id\":\"https:\\\/\\\/www.monaco-tribune.com\\\/en\\\/2018\\\/12\\\/can-monaco-be-doing-more-for-the-environment\\\/\",\"url\":\"https:\\\/\\\/www.monaco-tribune.com\\\/en\\\/2018\\\/12\\\/can-monaco-be-doing-more-for-the-environment\\\/\",\"name\":\"Can Monaco be doing more for the environment?\",\"isPartOf\":{\"@id\":\"https:\\\/\\\/www.monaco-tribune.com\\\/en\\\/#website\"},\"primaryImageOfPage\":{\"@id\":\"https:\\\/\\\/www.monaco-tribune.com\\\/en\\\/2018\\\/12\\\/can-monaco-be-doing-more-for-the-environment\\\/#primaryimage\"},\"image\":{\"@id\":\"https:\\\/\\\/www.monaco-tribune.com\\\/en\\\/2018\\\/12\\\/can-monaco-be-doing-more-for-the-environment\\\/#primaryimage\"},\"thumbnailUrl\":\"https:\\\/\\\/www.monaco-tribune.com\\\/wp-content\\\/uploads\\\/2018\\\/12\\\/can-monaco-be-doing-more-for-the-environment-1.jpg\",\"datePublished\":\"2018-12-16T17:56:40+00:00\",\"dateModified\":\"2022-11-28T20:58:10+00:00\",\"description\":\"It's a pretty simple question, with an even simpler answer. Can Monaco be doing more for the environment? YES. That \\\"yes,\\\" however, is in no way meant...\",\"breadcrumb\":{\"@id\":\"https:\\\/\\\/www.monaco-tribune.com\\\/en\\\/2018\\\/12\\\/can-monaco-be-doing-more-for-the-environment\\\/#breadcrumb\"},\"inLanguage\":\"en-US\",\"potentialAction\":[{\"@type\":\"ReadAction\",\"target\":[\"https:\\\/\\\/www.monaco-tribune.com\\\/en\\\/2018\\\/12\\\/can-monaco-be-doing-more-for-the-environment\\\/\"]}]},{\"@type\":\"ImageObject\",\"inLanguage\":\"en-US\",\"@id\":\"https:\\\/\\\/www.monaco-tribune.com\\\/en\\\/2018\\\/12\\\/can-monaco-be-doing-more-for-the-environment\\\/#primaryimage\",\"url\":\"https:\\\/\\\/www.monaco-tribune.com\\\/wp-content\\\/uploads\\\/2018\\\/12\\\/can-monaco-be-doing-more-for-the-environment-1.jpg\",\"contentUrl\":\"https:\\\/\\\/www.monaco-tribune.com\\\/wp-content\\\/uploads\\\/2018\\\/12\\\/can-monaco-be-doing-more-for-the-environment-1.jpg\",\"width\":1024,\"height\":683,\"caption\":\"can-monaco-be-doing-more-for-the-environment\"},{\"@type\":\"BreadcrumbList\",\"@id\":\"https:\\\/\\\/www.monaco-tribune.com\\\/en\\\/2018\\\/12\\\/can-monaco-be-doing-more-for-the-environment\\\/#breadcrumb\",\"itemListElement\":[{\"@type\":\"ListItem\",\"position\":1,\"name\":\"Accueil\",\"item\":\"https:\\\/\\\/www.monaco-tribune.com\\\/en\\\/\"},{\"@type\":\"ListItem\",\"position\":2,\"name\":\"Can Monaco be doing more for the environment?\"}]},{\"@type\":\"WebSite\",\"@id\":\"https:\\\/\\\/www.monaco-tribune.com\\\/en\\\/#website\",\"url\":\"https:\\\/\\\/www.monaco-tribune.com\\\/en\\\/\",\"name\":\"Monaco Tribune\",\"description\":\"Monaco : actualit\u00e9s \u00e9conomiques, politiques, culturelles et sportives de Monaco et de la French Riviera.\",\"publisher\":{\"@id\":\"https:\\\/\\\/www.monaco-tribune.com\\\/en\\\/#organization\"},\"potentialAction\":[{\"@type\":\"SearchAction\",\"target\":{\"@type\":\"EntryPoint\",\"urlTemplate\":\"https:\\\/\\\/www.monaco-tribune.com\\\/en\\\/?s={search_term_string}\"},\"query-input\":{\"@type\":\"PropertyValueSpecification\",\"valueRequired\":true,\"valueName\":\"search_term_string\"}}],\"inLanguage\":\"en-US\"},{\"@type\":\"Organization\",\"@id\":\"https:\\\/\\\/www.monaco-tribune.com\\\/en\\\/#organization\",\"name\":\"Monaco Tribune\",\"url\":\"https:\\\/\\\/www.monaco-tribune.com\\\/en\\\/\",\"logo\":{\"@type\":\"ImageObject\",\"inLanguage\":\"en-US\",\"@id\":\"https:\\\/\\\/www.monaco-tribune.com\\\/en\\\/#\\\/schema\\\/logo\\\/image\\\/\",\"url\":\"https:\\\/\\\/www.monaco-tribune.com\\\/wp-content\\\/uploads\\\/2022\\\/11\\\/logo-monaco-tribune.png\",\"contentUrl\":\"https:\\\/\\\/www.monaco-tribune.com\\\/wp-content\\\/uploads\\\/2022\\\/11\\\/logo-monaco-tribune.png\",\"width\":1548,\"height\":600,\"caption\":\"Monaco Tribune\"},\"image\":{\"@id\":\"https:\\\/\\\/www.monaco-tribune.com\\\/en\\\/#\\\/schema\\\/logo\\\/image\\\/\"},\"sameAs\":[\"https:\\\/\\\/www.facebook.com\\\/MonacoTribune\",\"https:\\\/\\\/x.com\\\/MonacoTribune\",\"https:\\\/\\\/www.instagram.com\\\/monacotribune\\\/\",\"https:\\\/\\\/www.linkedin.com\\\/company\\\/monaco-tribune\",\"https:\\\/\\\/www.youtube.com\\\/channel\\\/UCHle1MnG6hw1y4lWKijVbMA\"]},{\"@type\":\"Person\",\"@id\":\"https:\\\/\\\/www.monaco-tribune.com\\\/en\\\/#\\\/schema\\\/person\\\/9d13bdaae6c0783f39a7213543b15524\",\"name\":\"Kiel Bonhomme\",\"image\":{\"@type\":\"ImageObject\",\"inLanguage\":\"en-US\",\"@id\":\"https:\\\/\\\/secure.gravatar.com\\\/avatar\\\/97c36b4643135a16063173a908cccbbf4081ac0be675c9bf343636ae8a0141c2?s=96&d=mm&r=g\",\"url\":\"https:\\\/\\\/secure.gravatar.com\\\/avatar\\\/97c36b4643135a16063173a908cccbbf4081ac0be675c9bf343636ae8a0141c2?s=96&d=mm&r=g\",\"contentUrl\":\"https:\\\/\\\/secure.gravatar.com\\\/avatar\\\/97c36b4643135a16063173a908cccbbf4081ac0be675c9bf343636ae8a0141c2?s=96&d=mm&r=g\",\"caption\":\"Kiel Bonhomme\"},\"description\":\"Kiel Bonhomme is a journalist and content editor from New York, currently residing in Lyon, France. Covering art &amp; culture, sports, and business happenings for the Monaco Tribune.\",\"url\":\"https:\\\/\\\/www.monaco-tribune.com\\\/en\\\/author\\\/kiel-bonhomme\\\/\"}]}<\/script>\n<!-- \/ Yoast SEO Premium plugin. -->","yoast_head_json":{"title":"Can Monaco be doing more for the environment?","description":"It's a pretty simple question, with an even simpler answer. Can Monaco be doing more for the environment? YES. That \"yes,\" however, is in no way meant...","robots":{"index":"index","follow":"follow","max-snippet":"max-snippet:-1","max-image-preview":"max-image-preview:large","max-video-preview":"max-video-preview:-1"},"canonical":"https:\/\/www.monaco-tribune.com\/en\/2018\/12\/can-monaco-be-doing-more-for-the-environment\/","og_locale":"en_US","og_type":"article","og_title":"Can Monaco be doing more for the environment? - Monaco Tribune","og_description":"It's a pretty simple question, with an even simpler answer. Can Monaco be doing more for the environment? YES. That \"yes,\" however, is in no way meant as","og_url":"https:\/\/www.monaco-tribune.com\/en\/2018\/12\/can-monaco-be-doing-more-for-the-environment\/","og_site_name":"Monaco Tribune","article_publisher":"https:\/\/www.facebook.com\/MonacoTribune","article_published_time":"2018-12-16T17:56:40+00:00","article_modified_time":"2022-11-28T20:58:10+00:00","og_image":[{"width":1024,"height":683,"url":"https:\/\/www.monaco-tribune.com\/wp-content\/uploads\/2018\/12\/can-monaco-be-doing-more-for-the-environment-1.jpg","type":"image\/jpeg"}],"author":"Kiel Bonhomme","twitter_card":"summary_large_image","twitter_creator":"@MonacoTribune","twitter_site":"@MonacoTribune","schema":{"@context":"https:\/\/schema.org","@graph":[{"@type":"NewsArticle","@id":"https:\/\/www.monaco-tribune.com\/en\/2018\/12\/can-monaco-be-doing-more-for-the-environment\/#article","isPartOf":{"@id":"https:\/\/www.monaco-tribune.com\/en\/2018\/12\/can-monaco-be-doing-more-for-the-environment\/"},"author":{"name":"Kiel Bonhomme","@id":"https:\/\/www.monaco-tribune.com\/en\/#\/schema\/person\/9d13bdaae6c0783f39a7213543b15524"},"headline":"Can Monaco be doing more for the environment?","datePublished":"2018-12-16T17:56:40+00:00","dateModified":"2022-11-28T20:58:10+00:00","mainEntityOfPage":{"@id":"https:\/\/www.monaco-tribune.com\/en\/2018\/12\/can-monaco-be-doing-more-for-the-environment\/"},"wordCount":734,"publisher":{"@id":"https:\/\/www.monaco-tribune.com\/en\/#organization"},"image":{"@id":"https:\/\/www.monaco-tribune.com\/en\/2018\/12\/can-monaco-be-doing-more-for-the-environment\/#primaryimage"},"thumbnailUrl":"https:\/\/www.monaco-tribune.com\/wp-content\/uploads\/2018\/12\/can-monaco-be-doing-more-for-the-environment-1.jpg","keywords":["Environment","Opinion"],"articleSection":["Society","What&#039;s on"],"inLanguage":"en-US","copyrightYear":"2018","copyrightHolder":{"@id":"https:\/\/www.monaco-tribune.com\/#organization"}},{"@type":"WebPage","@id":"https:\/\/www.monaco-tribune.com\/en\/2018\/12\/can-monaco-be-doing-more-for-the-environment\/","url":"https:\/\/www.monaco-tribune.com\/en\/2018\/12\/can-monaco-be-doing-more-for-the-environment\/","name":"Can Monaco be doing more for the environment?","isPartOf":{"@id":"https:\/\/www.monaco-tribune.com\/en\/#website"},"primaryImageOfPage":{"@id":"https:\/\/www.monaco-tribune.com\/en\/2018\/12\/can-monaco-be-doing-more-for-the-environment\/#primaryimage"},"image":{"@id":"https:\/\/www.monaco-tribune.com\/en\/2018\/12\/can-monaco-be-doing-more-for-the-environment\/#primaryimage"},"thumbnailUrl":"https:\/\/www.monaco-tribune.com\/wp-content\/uploads\/2018\/12\/can-monaco-be-doing-more-for-the-environment-1.jpg","datePublished":"2018-12-16T17:56:40+00:00","dateModified":"2022-11-28T20:58:10+00:00","description":"It's a pretty simple question, with an even simpler answer. Can Monaco be doing more for the environment? YES. That \"yes,\" however, is in no way meant...","breadcrumb":{"@id":"https:\/\/www.monaco-tribune.com\/en\/2018\/12\/can-monaco-be-doing-more-for-the-environment\/#breadcrumb"},"inLanguage":"en-US","potentialAction":[{"@type":"ReadAction","target":["https:\/\/www.monaco-tribune.com\/en\/2018\/12\/can-monaco-be-doing-more-for-the-environment\/"]}]},{"@type":"ImageObject","inLanguage":"en-US","@id":"https:\/\/www.monaco-tribune.com\/en\/2018\/12\/can-monaco-be-doing-more-for-the-environment\/#primaryimage","url":"https:\/\/www.monaco-tribune.com\/wp-content\/uploads\/2018\/12\/can-monaco-be-doing-more-for-the-environment-1.jpg","contentUrl":"https:\/\/www.monaco-tribune.com\/wp-content\/uploads\/2018\/12\/can-monaco-be-doing-more-for-the-environment-1.jpg","width":1024,"height":683,"caption":"can-monaco-be-doing-more-for-the-environment"},{"@type":"BreadcrumbList","@id":"https:\/\/www.monaco-tribune.com\/en\/2018\/12\/can-monaco-be-doing-more-for-the-environment\/#breadcrumb","itemListElement":[{"@type":"ListItem","position":1,"name":"Accueil","item":"https:\/\/www.monaco-tribune.com\/en\/"},{"@type":"ListItem","position":2,"name":"Can Monaco be doing more for the environment?"}]},{"@type":"WebSite","@id":"https:\/\/www.monaco-tribune.com\/en\/#website","url":"https:\/\/www.monaco-tribune.com\/en\/","name":"Monaco Tribune","description":"Monaco : actualit\u00e9s \u00e9conomiques, politiques, culturelles et sportives de Monaco et de la French Riviera.","publisher":{"@id":"https:\/\/www.monaco-tribune.com\/en\/#organization"},"potentialAction":[{"@type":"SearchAction","target":{"@type":"EntryPoint","urlTemplate":"https:\/\/www.monaco-tribune.com\/en\/?s={search_term_string}"},"query-input":{"@type":"PropertyValueSpecification","valueRequired":true,"valueName":"search_term_string"}}],"inLanguage":"en-US"},{"@type":"Organization","@id":"https:\/\/www.monaco-tribune.com\/en\/#organization","name":"Monaco Tribune","url":"https:\/\/www.monaco-tribune.com\/en\/","logo":{"@type":"ImageObject","inLanguage":"en-US","@id":"https:\/\/www.monaco-tribune.com\/en\/#\/schema\/logo\/image\/","url":"https:\/\/www.monaco-tribune.com\/wp-content\/uploads\/2022\/11\/logo-monaco-tribune.png","contentUrl":"https:\/\/www.monaco-tribune.com\/wp-content\/uploads\/2022\/11\/logo-monaco-tribune.png","width":1548,"height":600,"caption":"Monaco Tribune"},"image":{"@id":"https:\/\/www.monaco-tribune.com\/en\/#\/schema\/logo\/image\/"},"sameAs":["https:\/\/www.facebook.com\/MonacoTribune","https:\/\/x.com\/MonacoTribune","https:\/\/www.instagram.com\/monacotribune\/","https:\/\/www.linkedin.com\/company\/monaco-tribune","https:\/\/www.youtube.com\/channel\/UCHle1MnG6hw1y4lWKijVbMA"]},{"@type":"Person","@id":"https:\/\/www.monaco-tribune.com\/en\/#\/schema\/person\/9d13bdaae6c0783f39a7213543b15524","name":"Kiel Bonhomme","image":{"@type":"ImageObject","inLanguage":"en-US","@id":"https:\/\/secure.gravatar.com\/avatar\/97c36b4643135a16063173a908cccbbf4081ac0be675c9bf343636ae8a0141c2?s=96&d=mm&r=g","url":"https:\/\/secure.gravatar.com\/avatar\/97c36b4643135a16063173a908cccbbf4081ac0be675c9bf343636ae8a0141c2?s=96&d=mm&r=g","contentUrl":"https:\/\/secure.gravatar.com\/avatar\/97c36b4643135a16063173a908cccbbf4081ac0be675c9bf343636ae8a0141c2?s=96&d=mm&r=g","caption":"Kiel Bonhomme"},"description":"Kiel Bonhomme is a journalist and content editor from New York, currently residing in Lyon, France. Covering art &amp; culture, sports, and business happenings for the Monaco Tribune.","url":"https:\/\/www.monaco-tribune.com\/en\/author\/kiel-bonhomme\/"}]}},"_links":{"self":[{"href":"https:\/\/www.monaco-tribune.com\/en\/wp-json\/wp\/v2\/posts\/6448","targetHints":{"allow":["GET"]}}],"collection":[{"href":"https:\/\/www.monaco-tribune.com\/en\/wp-json\/wp\/v2\/posts"}],"about":[{"href":"https:\/\/www.monaco-tribune.com\/en\/wp-json\/wp\/v2\/types\/post"}],"author":[{"embeddable":true,"href":"https:\/\/www.monaco-tribune.com\/en\/wp-json\/wp\/v2\/users\/8"}],"replies":[{"embeddable":true,"href":"https:\/\/www.monaco-tribune.com\/en\/wp-json\/wp\/v2\/comments?post=6448"}],"version-history":[{"count":0,"href":"https:\/\/www.monaco-tribune.com\/en\/wp-json\/wp\/v2\/posts\/6448\/revisions"}],"wp:featuredmedia":[{"embeddable":true,"href":"https:\/\/www.monaco-tribune.com\/en\/wp-json\/wp\/v2\/media\/6478"}],"wp:attachment":[{"href":"https:\/\/www.monaco-tribune.com\/en\/wp-json\/wp\/v2\/media?parent=6448"}],"wp:term":[{"taxonomy":"category","embeddable":true,"href":"https:\/\/www.monaco-tribune.com\/en\/wp-json\/wp\/v2\/categories?post=6448"},{"taxonomy":"post_tag","embeddable":true,"href":"https:\/\/www.monaco-tribune.com\/en\/wp-json\/wp\/v2\/tags?post=6448"},{"taxonomy":"sectag","embeddable":true,"href":"https:\/\/www.monaco-tribune.com\/en\/wp-json\/wp\/v2\/post_sectags?post=6448"},{"taxonomy":"format","embeddable":true,"href":"https:\/\/www.monaco-tribune.com\/en\/wp-json\/wp\/v2\/post_format?post=6448"}],"curies":[{"name":"wp","href":"https:\/\/api.w.org\/{rel}","templated":true}]}}