{"id":67750,"date":"2021-02-08T19:52:03","date_gmt":"2021-02-08T18:52:03","guid":{"rendered":"https:\/\/www.monaco-tribune.com\/2021\/02\/cote-dazur-and-climate-change-what-does-the-future-hold\/"},"modified":"2021-04-12T08:57:53","modified_gmt":"2021-04-12T06:57:53","slug":"cote-dazur-and-climate-change-what-does-the-future-hold","status":"publish","type":"post","link":"https:\/\/www.monaco-tribune.com\/en\/2021\/02\/cote-dazur-and-climate-change-what-does-the-future-hold\/","title":{"rendered":"C\u00f4te d&#8217;Azur and climate change: what does the future hold?"},"content":{"rendered":"\n<p><strong>Flooding, storms and mosquitos are an increasingly common sight along the French Riviera. Here, with every decade that passes, temperatures rise by 0.3\u00b0 C. It may well be that by the turn of the next century, climate change has completely changed the face of the C\u00f4te d\u2019Azur, for humans and nature alike according to M\u00e9t\u00e9o-France.<\/strong><\/p>\n\n<p>Torrential rain, floods and landslides. Last October, <a href=\"https:\/\/www.monaco-tribune.com\/en\/2020\/10\/storm-alex-monaco-comes-to-frances-rescue\/\">Storm Alex<\/a> devastated many villages in the Alpes-Maritimes region after the hinterland of Nice suffered serious flooding. Roads and houses were swept away as mud, water and debris flowed down from the mountains. However, as storms and flood warnings increase, this is only one example in the series of similar disasters Europe is experiencing. In fact, <a href=\"https:\/\/news.un.org\/en\/story\/2020\/10\/1075142\">according to a report from the United Nations,<\/a> the number of natural disasters occurring across the globe in the last 20 years has doubled.<\/p>\n\n<h2 class=\"wp-block-heading\" id=\"h-la-chaleur-s-empare-du-sud-de-la-france\">Temperatures rising in the South of France<\/h2>\n\n<p>On average global warming occurs at 0.2\u00b0 C a decade, but the C\u00f4te d\u2019Azur has exceeded this figure. Here, temperatures are rising around 0.3\u00b0 C every ten years. According to C\u00e9cile Guyon, climatologist at M\u00e9t\u00e9o-France: \u201cThe warmest three years on record have occurred within the last 20 years.\u201d Although what is more alarming, she warns, is that droughts and heat waves are going to get even worse. \u201cBy the end of the century, the ground will be just as humid, on a normal day, as it is during the periods of extreme droughts we are witnessing now.\u201d As a result of this sustained period of drier conditions, she explains how forest fires and bigger blazes will also become more prevalent.<\/p>\n\n<div class=\"wp-block-image\"><figure class=\"aligncenter size-large\"><img loading=\"lazy\" decoding=\"async\" width=\"1024\" height=\"575\" src=\"https:\/\/www.monaco-tribune.com\/wp-content\/uploads\/2020\/12\/canicule-nice.jpg\" alt=\"Heatwave in Nice\" class=\"wp-image-59324\" srcset=\"https:\/\/www.monaco-tribune.com\/wp-content\/uploads\/2020\/12\/canicule-nice.jpg 1024w, https:\/\/www.monaco-tribune.com\/wp-content\/uploads\/2020\/12\/canicule-nice-534x300.jpg 534w, https:\/\/www.monaco-tribune.com\/wp-content\/uploads\/2020\/12\/canicule-nice-267x150.jpg 267w, https:\/\/www.monaco-tribune.com\/wp-content\/uploads\/2020\/12\/canicule-nice-768x431.jpg 768w, https:\/\/www.monaco-tribune.com\/wp-content\/uploads\/2020\/12\/canicule-nice-175x98.jpg 175w\" sizes=\"auto, (max-width: 1024px) 100vw, 1024px\" \/><figcaption>Unsplash<\/figcaption><\/figure><\/div>\n\n<h2 class=\"wp-block-heading\" id=\"h-quand-la-mer-m-diterran-e-grignote-son-littoral-c-tier\">Coastal erosion along the Mediterranean <\/h2>\n\n<p>Global warming and melting ice caps pose a grave threat to the Riviera\u2019s waters. Over the course of the next few centuries, rising sea levels and increased rainfall could cause the sandy beaches along the C\u00f4te d\u2019Azur to disappear. All of this is added to the urbanisation and tourism which are already damaging the coast.<\/p>\n\n<p>Since 1890, beaches in Provence have lost half of their sands, making them particularly susceptible to erosion. In fact, these sandy bays are named on the <a href=\"https:\/\/uicn.fr\/lre-littoraux-mediterraneens-vol1\/\">Red List of Ecosystems in France<\/a>, created by The International Union for Conservation of Nature (IUCN).<\/p>\n\n<h2 class=\"wp-block-heading\" id=\"h-une-possible-pullulation-des-moustiques\">Concerns over an increasing mosquito population<\/h2>\n\n<p>Faced with climate change, some animal species may begin to thrive. While this is good news for them, in the case of species like mosquitos, it brings bad news for us. According to C\u00e9cilia Claeys, researcher in environmental sociology at the University of Aix-Marseille, mosquitos are likely to increase in number as \u201cthe hotter it gets, the quicker and easier it is for this insect to reproduce.\u201d As a result, new species of mosquito may be seen. \u201cWe could, for example, begin to see <a href=\"https:\/\/en.gouv.mc\/Portail-du-Gouvernement\/Policy-Practice\/Social-Affairs-and-Health\/News\/Tiger-mosquitoes-recommendations\">tiger mosquitos<\/a> inhabiting new regions, particularly at higher altitudes up in the mountains.\u201d<\/p>\n\n<p>However, this species is likely to become most abundant in towns. Mosquitos do already live in urban areas, breeding in small bodies of water where prey is plentiful, but the population is discrete and unproblematic. However, should numbers increase, there are concerns over malaria outbreaks in the region: a disease last seen here in the 1960s.<\/p>\n\n<div class=\"wp-block-image\"><figure class=\"aligncenter size-large\"><img loading=\"lazy\" decoding=\"async\" width=\"1024\" height=\"678\" src=\"https:\/\/www.monaco-tribune.com\/wp-content\/uploads\/2021\/02\/moustique-tigre-1024x678.jpg\" alt=\"moustique-tigre\" class=\"wp-image-67636\" srcset=\"https:\/\/www.monaco-tribune.com\/wp-content\/uploads\/2021\/02\/moustique-tigre-1024x678.jpg 1024w, https:\/\/www.monaco-tribune.com\/wp-content\/uploads\/2021\/02\/moustique-tigre-453x300.jpg 453w, https:\/\/www.monaco-tribune.com\/wp-content\/uploads\/2021\/02\/moustique-tigre.jpg 1200w\" sizes=\"auto, (max-width: 1024px) 100vw, 1024px\" \/><figcaption>Moustique tigre \/ Wikip\u00e9dia<\/figcaption><\/figure><\/div>\n","protected":false},"excerpt":{"rendered":"<p>Flooding, storms and mosquitos are an increasingly common sight along the French Riviera. Here, with every decade that passes, temperatures [&hellip;]<\/p>\n","protected":false},"author":50,"featured_media":67633,"comment_status":"closed","ping_status":"closed","sticky":false,"template":"","format":"standard","meta":{"_acf_changed":false,"footnotes":""},"categories":[1825,243,258],"tags":[2837],"post_sectags":[],"post_format":[2464],"class_list":["post-67750","post","type-post","status-publish","format-standard","has-post-thumbnail","hentry","category-editors-choice","category-news","category-public-life","tag-tourism-en","format-investigation"],"acf":[],"yoast_head":"<!-- This site is optimized with the Yoast SEO Premium plugin v26.8 (Yoast SEO v27.5) - https:\/\/yoast.com\/product\/yoast-seo-premium-wordpress\/ -->\n<title>C\u00f4te d&#039;Azur and climate change: what does the future hold?<\/title>\n<meta name=\"description\" content=\"Flooding, storms and mosquitos are an increasingly common sight along the French Riviera. Here, with every decade that passes, temperatures rise by 0.3\u00b0\" \/>\n<meta name=\"robots\" content=\"index, follow, max-snippet:-1, max-image-preview:large, max-video-preview:-1\" \/>\n<link rel=\"canonical\" href=\"https:\/\/www.monaco-tribune.com\/en\/2021\/02\/cote-dazur-and-climate-change-what-does-the-future-hold\/\" \/>\n<meta property=\"og:locale\" content=\"en_US\" \/>\n<meta property=\"og:type\" content=\"article\" \/>\n<meta property=\"og:title\" content=\"C\u00f4te d&#039;Azur and climate change: what does the future hold? - Monaco Tribune\" \/>\n<meta property=\"og:description\" content=\"Flooding, storms and mosquitos are an increasingly common sight along the French Riviera. Here, with every decade that passes, temperatures rise by 0.3\u00b0\" \/>\n<meta property=\"og:url\" content=\"https:\/\/www.monaco-tribune.com\/en\/2021\/02\/cote-dazur-and-climate-change-what-does-the-future-hold\/\" \/>\n<meta property=\"og:site_name\" content=\"Monaco Tribune\" \/>\n<meta property=\"article:publisher\" content=\"https:\/\/www.facebook.com\/MonacoTribune\" \/>\n<meta property=\"article:published_time\" content=\"2021-02-08T18:52:03+00:00\" \/>\n<meta property=\"article:modified_time\" content=\"2021-04-12T06:57:53+00:00\" \/>\n<meta property=\"og:image\" content=\"https:\/\/www.monaco-tribune.com\/wp-content\/uploads\/2021\/02\/cote-azur-changement-climatique-1.jpg\" \/>\n\t<meta property=\"og:image:width\" content=\"1200\" \/>\n\t<meta property=\"og:image:height\" content=\"800\" \/>\n\t<meta property=\"og:image:type\" content=\"image\/jpeg\" \/>\n<meta name=\"author\" content=\"Aliz\u00e9e Mosconi\" \/>\n<meta name=\"twitter:card\" content=\"summary_large_image\" \/>\n<meta name=\"twitter:creator\" content=\"@MonacoTribune\" \/>\n<meta name=\"twitter:site\" content=\"@MonacoTribune\" \/>\n<script type=\"application\/ld+json\" class=\"yoast-schema-graph\">{\"@context\":\"https:\\\/\\\/schema.org\",\"@graph\":[{\"@type\":\"NewsArticle\",\"@id\":\"https:\\\/\\\/www.monaco-tribune.com\\\/en\\\/2021\\\/02\\\/cote-dazur-and-climate-change-what-does-the-future-hold\\\/#article\",\"isPartOf\":{\"@id\":\"https:\\\/\\\/www.monaco-tribune.com\\\/en\\\/2021\\\/02\\\/cote-dazur-and-climate-change-what-does-the-future-hold\\\/\"},\"author\":{\"name\":\"Aliz\u00e9e Mosconi\",\"@id\":\"https:\\\/\\\/www.monaco-tribune.com\\\/en\\\/#\\\/schema\\\/person\\\/bb7eedbeede1d20ce8d51e52bde2c1e8\"},\"headline\":\"C\u00f4te d&#8217;Azur and climate change: what does the future hold?\",\"datePublished\":\"2021-02-08T18:52:03+00:00\",\"dateModified\":\"2021-04-12T06:57:53+00:00\",\"mainEntityOfPage\":{\"@id\":\"https:\\\/\\\/www.monaco-tribune.com\\\/en\\\/2021\\\/02\\\/cote-dazur-and-climate-change-what-does-the-future-hold\\\/\"},\"wordCount\":554,\"publisher\":{\"@id\":\"https:\\\/\\\/www.monaco-tribune.com\\\/en\\\/#organization\"},\"image\":{\"@id\":\"https:\\\/\\\/www.monaco-tribune.com\\\/en\\\/2021\\\/02\\\/cote-dazur-and-climate-change-what-does-the-future-hold\\\/#primaryimage\"},\"thumbnailUrl\":\"https:\\\/\\\/www.monaco-tribune.com\\\/wp-content\\\/uploads\\\/2021\\\/02\\\/cote-azur-changement-climatique-1.jpg\",\"keywords\":[\"Tourism\"],\"articleSection\":[\"Editor&#039;s choice\",\"News\",\"Society\"],\"inLanguage\":\"en-US\",\"copyrightYear\":\"2021\",\"copyrightHolder\":{\"@id\":\"https:\\\/\\\/www.monaco-tribune.com\\\/#organization\"}},{\"@type\":\"WebPage\",\"@id\":\"https:\\\/\\\/www.monaco-tribune.com\\\/en\\\/2021\\\/02\\\/cote-dazur-and-climate-change-what-does-the-future-hold\\\/\",\"url\":\"https:\\\/\\\/www.monaco-tribune.com\\\/en\\\/2021\\\/02\\\/cote-dazur-and-climate-change-what-does-the-future-hold\\\/\",\"name\":\"C\u00f4te d'Azur and climate change: what does the future hold?\",\"isPartOf\":{\"@id\":\"https:\\\/\\\/www.monaco-tribune.com\\\/en\\\/#website\"},\"primaryImageOfPage\":{\"@id\":\"https:\\\/\\\/www.monaco-tribune.com\\\/en\\\/2021\\\/02\\\/cote-dazur-and-climate-change-what-does-the-future-hold\\\/#primaryimage\"},\"image\":{\"@id\":\"https:\\\/\\\/www.monaco-tribune.com\\\/en\\\/2021\\\/02\\\/cote-dazur-and-climate-change-what-does-the-future-hold\\\/#primaryimage\"},\"thumbnailUrl\":\"https:\\\/\\\/www.monaco-tribune.com\\\/wp-content\\\/uploads\\\/2021\\\/02\\\/cote-azur-changement-climatique-1.jpg\",\"datePublished\":\"2021-02-08T18:52:03+00:00\",\"dateModified\":\"2021-04-12T06:57:53+00:00\",\"description\":\"Flooding, storms and mosquitos are an increasingly common sight along the French Riviera. Here, with every decade that passes, temperatures rise by 0.3\u00b0\",\"breadcrumb\":{\"@id\":\"https:\\\/\\\/www.monaco-tribune.com\\\/en\\\/2021\\\/02\\\/cote-dazur-and-climate-change-what-does-the-future-hold\\\/#breadcrumb\"},\"inLanguage\":\"en-US\",\"potentialAction\":[{\"@type\":\"ReadAction\",\"target\":[\"https:\\\/\\\/www.monaco-tribune.com\\\/en\\\/2021\\\/02\\\/cote-dazur-and-climate-change-what-does-the-future-hold\\\/\"]}]},{\"@type\":\"ImageObject\",\"inLanguage\":\"en-US\",\"@id\":\"https:\\\/\\\/www.monaco-tribune.com\\\/en\\\/2021\\\/02\\\/cote-dazur-and-climate-change-what-does-the-future-hold\\\/#primaryimage\",\"url\":\"https:\\\/\\\/www.monaco-tribune.com\\\/wp-content\\\/uploads\\\/2021\\\/02\\\/cote-azur-changement-climatique-1.jpg\",\"contentUrl\":\"https:\\\/\\\/www.monaco-tribune.com\\\/wp-content\\\/uploads\\\/2021\\\/02\\\/cote-azur-changement-climatique-1.jpg\",\"width\":1200,\"height\":800,\"caption\":\"Unsplash\"},{\"@type\":\"BreadcrumbList\",\"@id\":\"https:\\\/\\\/www.monaco-tribune.com\\\/en\\\/2021\\\/02\\\/cote-dazur-and-climate-change-what-does-the-future-hold\\\/#breadcrumb\",\"itemListElement\":[{\"@type\":\"ListItem\",\"position\":1,\"name\":\"Accueil\",\"item\":\"https:\\\/\\\/www.monaco-tribune.com\\\/en\\\/\"},{\"@type\":\"ListItem\",\"position\":2,\"name\":\"C\u00f4te d&rsquo;Azur and climate change: what does the future hold?\"}]},{\"@type\":\"WebSite\",\"@id\":\"https:\\\/\\\/www.monaco-tribune.com\\\/en\\\/#website\",\"url\":\"https:\\\/\\\/www.monaco-tribune.com\\\/en\\\/\",\"name\":\"Monaco Tribune\",\"description\":\"Monaco : actualit\u00e9s \u00e9conomiques, politiques, culturelles et sportives de Monaco et de la French Riviera.\",\"publisher\":{\"@id\":\"https:\\\/\\\/www.monaco-tribune.com\\\/en\\\/#organization\"},\"potentialAction\":[{\"@type\":\"SearchAction\",\"target\":{\"@type\":\"EntryPoint\",\"urlTemplate\":\"https:\\\/\\\/www.monaco-tribune.com\\\/en\\\/?s={search_term_string}\"},\"query-input\":{\"@type\":\"PropertyValueSpecification\",\"valueRequired\":true,\"valueName\":\"search_term_string\"}}],\"inLanguage\":\"en-US\"},{\"@type\":\"Organization\",\"@id\":\"https:\\\/\\\/www.monaco-tribune.com\\\/en\\\/#organization\",\"name\":\"Monaco Tribune\",\"url\":\"https:\\\/\\\/www.monaco-tribune.com\\\/en\\\/\",\"logo\":{\"@type\":\"ImageObject\",\"inLanguage\":\"en-US\",\"@id\":\"https:\\\/\\\/www.monaco-tribune.com\\\/en\\\/#\\\/schema\\\/logo\\\/image\\\/\",\"url\":\"https:\\\/\\\/www.monaco-tribune.com\\\/wp-content\\\/uploads\\\/2022\\\/11\\\/logo-monaco-tribune.png\",\"contentUrl\":\"https:\\\/\\\/www.monaco-tribune.com\\\/wp-content\\\/uploads\\\/2022\\\/11\\\/logo-monaco-tribune.png\",\"width\":1548,\"height\":600,\"caption\":\"Monaco Tribune\"},\"image\":{\"@id\":\"https:\\\/\\\/www.monaco-tribune.com\\\/en\\\/#\\\/schema\\\/logo\\\/image\\\/\"},\"sameAs\":[\"https:\\\/\\\/www.facebook.com\\\/MonacoTribune\",\"https:\\\/\\\/x.com\\\/MonacoTribune\",\"https:\\\/\\\/www.instagram.com\\\/monacotribune\\\/\",\"https:\\\/\\\/www.linkedin.com\\\/company\\\/monaco-tribune\",\"https:\\\/\\\/www.youtube.com\\\/channel\\\/UCHle1MnG6hw1y4lWKijVbMA\"]},{\"@type\":\"Person\",\"@id\":\"https:\\\/\\\/www.monaco-tribune.com\\\/en\\\/#\\\/schema\\\/person\\\/bb7eedbeede1d20ce8d51e52bde2c1e8\",\"name\":\"Aliz\u00e9e Mosconi\",\"image\":{\"@type\":\"ImageObject\",\"inLanguage\":\"en-US\",\"@id\":\"https:\\\/\\\/secure.gravatar.com\\\/avatar\\\/a01ecf8f75ca312b8db6f53ca7d56a4f7d4dd75acdd7f8605efab1d10294a17f?s=96&d=mm&r=g\",\"url\":\"https:\\\/\\\/secure.gravatar.com\\\/avatar\\\/a01ecf8f75ca312b8db6f53ca7d56a4f7d4dd75acdd7f8605efab1d10294a17f?s=96&d=mm&r=g\",\"contentUrl\":\"https:\\\/\\\/secure.gravatar.com\\\/avatar\\\/a01ecf8f75ca312b8db6f53ca7d56a4f7d4dd75acdd7f8605efab1d10294a17f?s=96&d=mm&r=g\",\"caption\":\"Aliz\u00e9e Mosconi\"},\"url\":\"https:\\\/\\\/www.monaco-tribune.com\\\/en\\\/author\\\/alizeemosconi\\\/\"}]}<\/script>\n<!-- \/ Yoast SEO Premium plugin. -->","yoast_head_json":{"title":"C\u00f4te d'Azur and climate change: what does the future hold?","description":"Flooding, storms and mosquitos are an increasingly common sight along the French Riviera. Here, with every decade that passes, temperatures rise by 0.3\u00b0","robots":{"index":"index","follow":"follow","max-snippet":"max-snippet:-1","max-image-preview":"max-image-preview:large","max-video-preview":"max-video-preview:-1"},"canonical":"https:\/\/www.monaco-tribune.com\/en\/2021\/02\/cote-dazur-and-climate-change-what-does-the-future-hold\/","og_locale":"en_US","og_type":"article","og_title":"C\u00f4te d'Azur and climate change: what does the future hold? - Monaco Tribune","og_description":"Flooding, storms and mosquitos are an increasingly common sight along the French Riviera. Here, with every decade that passes, temperatures rise by 0.3\u00b0","og_url":"https:\/\/www.monaco-tribune.com\/en\/2021\/02\/cote-dazur-and-climate-change-what-does-the-future-hold\/","og_site_name":"Monaco Tribune","article_publisher":"https:\/\/www.facebook.com\/MonacoTribune","article_published_time":"2021-02-08T18:52:03+00:00","article_modified_time":"2021-04-12T06:57:53+00:00","og_image":[{"width":1200,"height":800,"url":"https:\/\/www.monaco-tribune.com\/wp-content\/uploads\/2021\/02\/cote-azur-changement-climatique-1.jpg","type":"image\/jpeg"}],"author":"Aliz\u00e9e Mosconi","twitter_card":"summary_large_image","twitter_creator":"@MonacoTribune","twitter_site":"@MonacoTribune","schema":{"@context":"https:\/\/schema.org","@graph":[{"@type":"NewsArticle","@id":"https:\/\/www.monaco-tribune.com\/en\/2021\/02\/cote-dazur-and-climate-change-what-does-the-future-hold\/#article","isPartOf":{"@id":"https:\/\/www.monaco-tribune.com\/en\/2021\/02\/cote-dazur-and-climate-change-what-does-the-future-hold\/"},"author":{"name":"Aliz\u00e9e Mosconi","@id":"https:\/\/www.monaco-tribune.com\/en\/#\/schema\/person\/bb7eedbeede1d20ce8d51e52bde2c1e8"},"headline":"C\u00f4te d&#8217;Azur and climate change: what does the future hold?","datePublished":"2021-02-08T18:52:03+00:00","dateModified":"2021-04-12T06:57:53+00:00","mainEntityOfPage":{"@id":"https:\/\/www.monaco-tribune.com\/en\/2021\/02\/cote-dazur-and-climate-change-what-does-the-future-hold\/"},"wordCount":554,"publisher":{"@id":"https:\/\/www.monaco-tribune.com\/en\/#organization"},"image":{"@id":"https:\/\/www.monaco-tribune.com\/en\/2021\/02\/cote-dazur-and-climate-change-what-does-the-future-hold\/#primaryimage"},"thumbnailUrl":"https:\/\/www.monaco-tribune.com\/wp-content\/uploads\/2021\/02\/cote-azur-changement-climatique-1.jpg","keywords":["Tourism"],"articleSection":["Editor&#039;s choice","News","Society"],"inLanguage":"en-US","copyrightYear":"2021","copyrightHolder":{"@id":"https:\/\/www.monaco-tribune.com\/#organization"}},{"@type":"WebPage","@id":"https:\/\/www.monaco-tribune.com\/en\/2021\/02\/cote-dazur-and-climate-change-what-does-the-future-hold\/","url":"https:\/\/www.monaco-tribune.com\/en\/2021\/02\/cote-dazur-and-climate-change-what-does-the-future-hold\/","name":"C\u00f4te d'Azur and climate change: what does the future hold?","isPartOf":{"@id":"https:\/\/www.monaco-tribune.com\/en\/#website"},"primaryImageOfPage":{"@id":"https:\/\/www.monaco-tribune.com\/en\/2021\/02\/cote-dazur-and-climate-change-what-does-the-future-hold\/#primaryimage"},"image":{"@id":"https:\/\/www.monaco-tribune.com\/en\/2021\/02\/cote-dazur-and-climate-change-what-does-the-future-hold\/#primaryimage"},"thumbnailUrl":"https:\/\/www.monaco-tribune.com\/wp-content\/uploads\/2021\/02\/cote-azur-changement-climatique-1.jpg","datePublished":"2021-02-08T18:52:03+00:00","dateModified":"2021-04-12T06:57:53+00:00","description":"Flooding, storms and mosquitos are an increasingly common sight along the French Riviera. Here, with every decade that passes, temperatures rise by 0.3\u00b0","breadcrumb":{"@id":"https:\/\/www.monaco-tribune.com\/en\/2021\/02\/cote-dazur-and-climate-change-what-does-the-future-hold\/#breadcrumb"},"inLanguage":"en-US","potentialAction":[{"@type":"ReadAction","target":["https:\/\/www.monaco-tribune.com\/en\/2021\/02\/cote-dazur-and-climate-change-what-does-the-future-hold\/"]}]},{"@type":"ImageObject","inLanguage":"en-US","@id":"https:\/\/www.monaco-tribune.com\/en\/2021\/02\/cote-dazur-and-climate-change-what-does-the-future-hold\/#primaryimage","url":"https:\/\/www.monaco-tribune.com\/wp-content\/uploads\/2021\/02\/cote-azur-changement-climatique-1.jpg","contentUrl":"https:\/\/www.monaco-tribune.com\/wp-content\/uploads\/2021\/02\/cote-azur-changement-climatique-1.jpg","width":1200,"height":800,"caption":"Unsplash"},{"@type":"BreadcrumbList","@id":"https:\/\/www.monaco-tribune.com\/en\/2021\/02\/cote-dazur-and-climate-change-what-does-the-future-hold\/#breadcrumb","itemListElement":[{"@type":"ListItem","position":1,"name":"Accueil","item":"https:\/\/www.monaco-tribune.com\/en\/"},{"@type":"ListItem","position":2,"name":"C\u00f4te d&rsquo;Azur and climate change: what does the future hold?"}]},{"@type":"WebSite","@id":"https:\/\/www.monaco-tribune.com\/en\/#website","url":"https:\/\/www.monaco-tribune.com\/en\/","name":"Monaco Tribune","description":"Monaco : actualit\u00e9s \u00e9conomiques, politiques, culturelles et sportives de Monaco et de la French Riviera.","publisher":{"@id":"https:\/\/www.monaco-tribune.com\/en\/#organization"},"potentialAction":[{"@type":"SearchAction","target":{"@type":"EntryPoint","urlTemplate":"https:\/\/www.monaco-tribune.com\/en\/?s={search_term_string}"},"query-input":{"@type":"PropertyValueSpecification","valueRequired":true,"valueName":"search_term_string"}}],"inLanguage":"en-US"},{"@type":"Organization","@id":"https:\/\/www.monaco-tribune.com\/en\/#organization","name":"Monaco Tribune","url":"https:\/\/www.monaco-tribune.com\/en\/","logo":{"@type":"ImageObject","inLanguage":"en-US","@id":"https:\/\/www.monaco-tribune.com\/en\/#\/schema\/logo\/image\/","url":"https:\/\/www.monaco-tribune.com\/wp-content\/uploads\/2022\/11\/logo-monaco-tribune.png","contentUrl":"https:\/\/www.monaco-tribune.com\/wp-content\/uploads\/2022\/11\/logo-monaco-tribune.png","width":1548,"height":600,"caption":"Monaco Tribune"},"image":{"@id":"https:\/\/www.monaco-tribune.com\/en\/#\/schema\/logo\/image\/"},"sameAs":["https:\/\/www.facebook.com\/MonacoTribune","https:\/\/x.com\/MonacoTribune","https:\/\/www.instagram.com\/monacotribune\/","https:\/\/www.linkedin.com\/company\/monaco-tribune","https:\/\/www.youtube.com\/channel\/UCHle1MnG6hw1y4lWKijVbMA"]},{"@type":"Person","@id":"https:\/\/www.monaco-tribune.com\/en\/#\/schema\/person\/bb7eedbeede1d20ce8d51e52bde2c1e8","name":"Aliz\u00e9e Mosconi","image":{"@type":"ImageObject","inLanguage":"en-US","@id":"https:\/\/secure.gravatar.com\/avatar\/a01ecf8f75ca312b8db6f53ca7d56a4f7d4dd75acdd7f8605efab1d10294a17f?s=96&d=mm&r=g","url":"https:\/\/secure.gravatar.com\/avatar\/a01ecf8f75ca312b8db6f53ca7d56a4f7d4dd75acdd7f8605efab1d10294a17f?s=96&d=mm&r=g","contentUrl":"https:\/\/secure.gravatar.com\/avatar\/a01ecf8f75ca312b8db6f53ca7d56a4f7d4dd75acdd7f8605efab1d10294a17f?s=96&d=mm&r=g","caption":"Aliz\u00e9e Mosconi"},"url":"https:\/\/www.monaco-tribune.com\/en\/author\/alizeemosconi\/"}]}},"_links":{"self":[{"href":"https:\/\/www.monaco-tribune.com\/en\/wp-json\/wp\/v2\/posts\/67750","targetHints":{"allow":["GET"]}}],"collection":[{"href":"https:\/\/www.monaco-tribune.com\/en\/wp-json\/wp\/v2\/posts"}],"about":[{"href":"https:\/\/www.monaco-tribune.com\/en\/wp-json\/wp\/v2\/types\/post"}],"author":[{"embeddable":true,"href":"https:\/\/www.monaco-tribune.com\/en\/wp-json\/wp\/v2\/users\/50"}],"replies":[{"embeddable":true,"href":"https:\/\/www.monaco-tribune.com\/en\/wp-json\/wp\/v2\/comments?post=67750"}],"version-history":[{"count":0,"href":"https:\/\/www.monaco-tribune.com\/en\/wp-json\/wp\/v2\/posts\/67750\/revisions"}],"wp:featuredmedia":[{"embeddable":true,"href":"https:\/\/www.monaco-tribune.com\/en\/wp-json\/wp\/v2\/media\/67633"}],"wp:attachment":[{"href":"https:\/\/www.monaco-tribune.com\/en\/wp-json\/wp\/v2\/media?parent=67750"}],"wp:term":[{"taxonomy":"category","embeddable":true,"href":"https:\/\/www.monaco-tribune.com\/en\/wp-json\/wp\/v2\/categories?post=67750"},{"taxonomy":"post_tag","embeddable":true,"href":"https:\/\/www.monaco-tribune.com\/en\/wp-json\/wp\/v2\/tags?post=67750"},{"taxonomy":"sectag","embeddable":true,"href":"https:\/\/www.monaco-tribune.com\/en\/wp-json\/wp\/v2\/post_sectags?post=67750"},{"taxonomy":"format","embeddable":true,"href":"https:\/\/www.monaco-tribune.com\/en\/wp-json\/wp\/v2\/post_format?post=67750"}],"curies":[{"name":"wp","href":"https:\/\/api.w.org\/{rel}","templated":true}]}}