{"id":69469,"date":"2021-02-22T19:36:34","date_gmt":"2021-02-22T18:36:34","guid":{"rendered":"https:\/\/www.monaco-tribune.com\/2021\/02\/how-obesity-is-spreading-in-the-french-riviera\/"},"modified":"2021-02-22T19:36:39","modified_gmt":"2021-02-22T18:36:39","slug":"how-obesity-is-spreading-in-the-french-riviera","status":"publish","type":"post","link":"https:\/\/www.monaco-tribune.com\/en\/2021\/02\/how-obesity-is-spreading-in-the-french-riviera\/","title":{"rendered":"How obesity is spreading in the French Riviera"},"content":{"rendered":"\n<p><strong>Obesity is one of the biggest risk factors for Covid-19. Along the C\u00f4te d\u2019Azur obesity rates are rising as people are living ever more sedentary lives. Some paediatricians are particularly concerned about the growing number of overweight and obese youngsters, especially children.<\/strong><\/p>\n\n<p>According to a 2017 <a href=\"https:\/\/www.anses.fr\/fr\/content\/inca-3-evolution-des-habitudes-et-modes-de-consommation-de-nouveaux-enjeux-en-mati%C3%A8re-de\">report<\/a> by ANSES (French Agency for Food,\u00a0Environmental and Occupational Health &amp; Safety), we are moving less and leading less active lifestyles. In fact, over the last seven years our screen time, not including time spent for work purposes, has massively increased. On average, children spend 20 more minutes per day in front of screens and adults as much as 1 hour and 20 minutes. In France, more than a quarter of children aged between three and ten spend over three hours more a day in front of their devices.<\/p>\n\n<blockquote class=\"wp-block-quote is-layout-flow wp-block-quote-is-layout-flow\"><p>Every day I meet 20-year-olds who are obese and suffer from health conditions normally not seen until much later in life<\/p><\/blockquote>\n\n<h2 class=\"wp-block-heading\" id=\"h-l-ob-sit-touche-de-plus-en-plus-de-jeunes\">Obesity crisis amongst young people<\/h2>\n\n<p>\u201cFour per cent of children are obese in France,\u201d reminds V\u00e9ronique N\u00e8gre, medical coordinator of the C\u00f4te d\u2019Azur\u2019s two specialist obesity centres, located in Nice and Marseilles. The paediatrician was alarmed by the increase in obesity amongst children, especially those aged under four: \u201cthese children are already having trouble running and taking part in other sports due to their weight.\u201d According to her, many obese children remain severely overweight as a teenager and even during adulthood. \u201cEvery day I meet 20-year-olds who are obese and suffer from health conditions normally not seen until much later in life. I\u2019m talking about diabetes, liver problems, joint pain and even insomnia.\u201d<\/p>\n\n<p>As a result of the first lockdown during the pandemic, many overweight and obese people gained even more weight. \u201cSome of my younger patients put on up to nine kilos in just a few months, due to being indoors and moving less,\u201d explains the paediatrician.<\/p>\n\n<blockquote class=\"wp-block-quote is-layout-flow wp-block-quote-is-layout-flow\"><p>The obesity rate in the French Riviera increased from 6.8% in 1997 to 11.7% in 2012<\/p><\/blockquote>\n\n<h2 class=\"wp-block-heading\" id=\"h-des-habitudes-alimentaires-encore-m-diterran-ennes\">Benefits of the Mediterranean diet <\/h2>\n\n<p>Compared with Northern and Eastern France, the C\u00f4te d\u2019Azur has tended to be one of the areas least affected by obesity. However, over the last few decades the problem here has worsened. According to the <a href=\"https:\/\/www.roche.fr\/content\/dam\/rochexx\/roche-fr\/roche_france\/fr_FR\/doc\/obepi_2012.pdf\">Ob\u00c9pi scientific study<\/a> from 2012, the obesity rate in the French Riviera increased from 6.8% in 1997 to 11.7% in 2012. However, this figure is still below the country\u2019s average. In a 2016 <a href=\"https:\/\/presse.inserm.fr\/lexces-de-poids-des-francais-confirme-par-la-cohorte-constances\/25515\/\">study<\/a> led by Inserm, it was found that 17% of people in Marseille are affected by obesity. In other words, almost one in six residents are obese.<\/p>\n\n<p>Rich in vegetables and healthy fats, \u201cthe Mediterranean diet seems to have had a positive impact on the C\u00f4te d\u2019Azur,\u201d details V\u00e9ronique N\u00e8gre. An advocate of its health benefits, she explains how \u201cpeople in Southern France eat more fruits, vegetables and vegetable oil than those living in the North.\u201d However, sugary drinks are not considered as part of a balanced meal.<\/p>\n\n<blockquote class=\"wp-block-quote is-layout-flow wp-block-quote-is-layout-flow\"><p>Obesity is often linked with social class<\/p><\/blockquote>\n\n<h2 class=\"wp-block-heading\" id=\"h-la-folie-des-r-gimes\">Diet culture<\/h2>\n\n<p>Speaking about nutrition, V\u00e9ronique N\u00e8gre revealed how \u201ctowards the East of the Riviera, there is a real obsession with dieting, and it is causing a lot of damage.\u201d Often, people follow these strict eating patterns, lose a couple of kilos, but then put them all back on again when they come off the diet. \u201cDepriving the body of certain foods will cause weight loss in the short term, but as soon as a normal eating pattern is resumed, the body will naturally store up fats, in fear of being deprived again.\u201d<\/p>\n\n<p>\u201cObesity is often linked with social class,\u201d notes Jean-Pierre Poulain, sociologist and specialist in obesity and nutrition. He explains how disadvantaged areas, where unemployment levels are higher, often have worse obesity rates than better off regions. Being thin means \u201cyou are seen to have a good relationship with food, understand self-control and so can be trusted.\u201d Attaching these moral values to people\u2019s appearances perpetuates the \u201cstigma around obesity\u201d as thinner people have more privilege in society and are viewed more favourably.<\/p>\n","protected":false},"excerpt":{"rendered":"<p>Obesity is one of the biggest risk factors for Covid-19. Along the C\u00f4te d\u2019Azur obesity rates are rising as people [&hellip;]<\/p>\n","protected":false},"author":50,"featured_media":69377,"comment_status":"closed","ping_status":"closed","sticky":false,"template":"","format":"standard","meta":{"_acf_changed":false,"footnotes":""},"categories":[1825,243,258],"tags":[2938],"post_sectags":[],"post_format":[2468],"class_list":["post-69469","post","type-post","status-publish","format-standard","has-post-thumbnail","hentry","category-editors-choice","category-news","category-public-life","tag-health-en","format-story"],"acf":[],"yoast_head":"<!-- This site is optimized with the Yoast SEO Premium plugin v26.8 (Yoast SEO v27.5) - https:\/\/yoast.com\/product\/yoast-seo-premium-wordpress\/ -->\n<title>How obesity is spreading in the French Riviera<\/title>\n<meta name=\"description\" content=\"Obesity is one of the biggest risk factors for Covid-19. Along the C\u00f4te d\u2019Azur obesity rates are rising as people are living ever more sedentary lives.\" \/>\n<meta name=\"robots\" content=\"index, follow, max-snippet:-1, max-image-preview:large, max-video-preview:-1\" \/>\n<link rel=\"canonical\" href=\"https:\/\/www.monaco-tribune.com\/en\/2021\/02\/how-obesity-is-spreading-in-the-french-riviera\/\" \/>\n<meta property=\"og:locale\" content=\"en_US\" \/>\n<meta property=\"og:type\" content=\"article\" \/>\n<meta property=\"og:title\" content=\"How obesity is spreading in the French Riviera - Monaco Tribune\" \/>\n<meta property=\"og:description\" content=\"Obesity is one of the biggest risk factors for Covid-19. Along the C\u00f4te d\u2019Azur obesity rates are rising as people are living ever more sedentary lives.\" \/>\n<meta property=\"og:url\" content=\"https:\/\/www.monaco-tribune.com\/en\/2021\/02\/how-obesity-is-spreading-in-the-french-riviera\/\" \/>\n<meta property=\"og:site_name\" content=\"Monaco Tribune\" \/>\n<meta property=\"article:publisher\" content=\"https:\/\/www.facebook.com\/MonacoTribune\" \/>\n<meta property=\"article:published_time\" content=\"2021-02-22T18:36:34+00:00\" \/>\n<meta property=\"article:modified_time\" content=\"2021-02-22T18:36:39+00:00\" \/>\n<meta property=\"og:image\" content=\"https:\/\/www.monaco-tribune.com\/wp-content\/uploads\/2021\/02\/obesity-cote-azur-1.jpg\" \/>\n\t<meta property=\"og:image:width\" content=\"1200\" \/>\n\t<meta property=\"og:image:height\" content=\"800\" \/>\n\t<meta property=\"og:image:type\" content=\"image\/jpeg\" \/>\n<meta name=\"author\" content=\"Aliz\u00e9e Mosconi\" \/>\n<meta name=\"twitter:card\" content=\"summary_large_image\" \/>\n<meta name=\"twitter:creator\" content=\"@MonacoTribune\" \/>\n<meta name=\"twitter:site\" content=\"@MonacoTribune\" \/>\n<script type=\"application\/ld+json\" class=\"yoast-schema-graph\">{\"@context\":\"https:\\\/\\\/schema.org\",\"@graph\":[{\"@type\":\"NewsArticle\",\"@id\":\"https:\\\/\\\/www.monaco-tribune.com\\\/en\\\/2021\\\/02\\\/how-obesity-is-spreading-in-the-french-riviera\\\/#article\",\"isPartOf\":{\"@id\":\"https:\\\/\\\/www.monaco-tribune.com\\\/en\\\/2021\\\/02\\\/how-obesity-is-spreading-in-the-french-riviera\\\/\"},\"author\":{\"name\":\"Aliz\u00e9e Mosconi\",\"@id\":\"https:\\\/\\\/www.monaco-tribune.com\\\/en\\\/#\\\/schema\\\/person\\\/bb7eedbeede1d20ce8d51e52bde2c1e8\"},\"headline\":\"How obesity is spreading in the French Riviera\",\"datePublished\":\"2021-02-22T18:36:34+00:00\",\"dateModified\":\"2021-02-22T18:36:39+00:00\",\"mainEntityOfPage\":{\"@id\":\"https:\\\/\\\/www.monaco-tribune.com\\\/en\\\/2021\\\/02\\\/how-obesity-is-spreading-in-the-french-riviera\\\/\"},\"wordCount\":685,\"publisher\":{\"@id\":\"https:\\\/\\\/www.monaco-tribune.com\\\/en\\\/#organization\"},\"image\":{\"@id\":\"https:\\\/\\\/www.monaco-tribune.com\\\/en\\\/2021\\\/02\\\/how-obesity-is-spreading-in-the-french-riviera\\\/#primaryimage\"},\"thumbnailUrl\":\"https:\\\/\\\/www.monaco-tribune.com\\\/wp-content\\\/uploads\\\/2021\\\/02\\\/obesity-cote-azur-1.jpg\",\"keywords\":[\"Health\"],\"articleSection\":[\"Editor&#039;s choice\",\"News\",\"Society\"],\"inLanguage\":\"en-US\",\"copyrightYear\":\"2021\",\"copyrightHolder\":{\"@id\":\"https:\\\/\\\/www.monaco-tribune.com\\\/#organization\"}},{\"@type\":\"WebPage\",\"@id\":\"https:\\\/\\\/www.monaco-tribune.com\\\/en\\\/2021\\\/02\\\/how-obesity-is-spreading-in-the-french-riviera\\\/\",\"url\":\"https:\\\/\\\/www.monaco-tribune.com\\\/en\\\/2021\\\/02\\\/how-obesity-is-spreading-in-the-french-riviera\\\/\",\"name\":\"How obesity is spreading in the French Riviera\",\"isPartOf\":{\"@id\":\"https:\\\/\\\/www.monaco-tribune.com\\\/en\\\/#website\"},\"primaryImageOfPage\":{\"@id\":\"https:\\\/\\\/www.monaco-tribune.com\\\/en\\\/2021\\\/02\\\/how-obesity-is-spreading-in-the-french-riviera\\\/#primaryimage\"},\"image\":{\"@id\":\"https:\\\/\\\/www.monaco-tribune.com\\\/en\\\/2021\\\/02\\\/how-obesity-is-spreading-in-the-french-riviera\\\/#primaryimage\"},\"thumbnailUrl\":\"https:\\\/\\\/www.monaco-tribune.com\\\/wp-content\\\/uploads\\\/2021\\\/02\\\/obesity-cote-azur-1.jpg\",\"datePublished\":\"2021-02-22T18:36:34+00:00\",\"dateModified\":\"2021-02-22T18:36:39+00:00\",\"description\":\"Obesity is one of the biggest risk factors for Covid-19. Along the C\u00f4te d\u2019Azur obesity rates are rising as people are living ever more sedentary lives.\",\"breadcrumb\":{\"@id\":\"https:\\\/\\\/www.monaco-tribune.com\\\/en\\\/2021\\\/02\\\/how-obesity-is-spreading-in-the-french-riviera\\\/#breadcrumb\"},\"inLanguage\":\"en-US\",\"potentialAction\":[{\"@type\":\"ReadAction\",\"target\":[\"https:\\\/\\\/www.monaco-tribune.com\\\/en\\\/2021\\\/02\\\/how-obesity-is-spreading-in-the-french-riviera\\\/\"]}]},{\"@type\":\"ImageObject\",\"inLanguage\":\"en-US\",\"@id\":\"https:\\\/\\\/www.monaco-tribune.com\\\/en\\\/2021\\\/02\\\/how-obesity-is-spreading-in-the-french-riviera\\\/#primaryimage\",\"url\":\"https:\\\/\\\/www.monaco-tribune.com\\\/wp-content\\\/uploads\\\/2021\\\/02\\\/obesity-cote-azur-1.jpg\",\"contentUrl\":\"https:\\\/\\\/www.monaco-tribune.com\\\/wp-content\\\/uploads\\\/2021\\\/02\\\/obesity-cote-azur-1.jpg\",\"width\":1200,\"height\":800,\"caption\":\"Unsplash\"},{\"@type\":\"BreadcrumbList\",\"@id\":\"https:\\\/\\\/www.monaco-tribune.com\\\/en\\\/2021\\\/02\\\/how-obesity-is-spreading-in-the-french-riviera\\\/#breadcrumb\",\"itemListElement\":[{\"@type\":\"ListItem\",\"position\":1,\"name\":\"Accueil\",\"item\":\"https:\\\/\\\/www.monaco-tribune.com\\\/en\\\/\"},{\"@type\":\"ListItem\",\"position\":2,\"name\":\"How obesity is spreading in the French Riviera\"}]},{\"@type\":\"WebSite\",\"@id\":\"https:\\\/\\\/www.monaco-tribune.com\\\/en\\\/#website\",\"url\":\"https:\\\/\\\/www.monaco-tribune.com\\\/en\\\/\",\"name\":\"Monaco Tribune\",\"description\":\"Monaco : actualit\u00e9s \u00e9conomiques, politiques, culturelles et sportives de Monaco et de la French Riviera.\",\"publisher\":{\"@id\":\"https:\\\/\\\/www.monaco-tribune.com\\\/en\\\/#organization\"},\"potentialAction\":[{\"@type\":\"SearchAction\",\"target\":{\"@type\":\"EntryPoint\",\"urlTemplate\":\"https:\\\/\\\/www.monaco-tribune.com\\\/en\\\/?s={search_term_string}\"},\"query-input\":{\"@type\":\"PropertyValueSpecification\",\"valueRequired\":true,\"valueName\":\"search_term_string\"}}],\"inLanguage\":\"en-US\"},{\"@type\":\"Organization\",\"@id\":\"https:\\\/\\\/www.monaco-tribune.com\\\/en\\\/#organization\",\"name\":\"Monaco Tribune\",\"url\":\"https:\\\/\\\/www.monaco-tribune.com\\\/en\\\/\",\"logo\":{\"@type\":\"ImageObject\",\"inLanguage\":\"en-US\",\"@id\":\"https:\\\/\\\/www.monaco-tribune.com\\\/en\\\/#\\\/schema\\\/logo\\\/image\\\/\",\"url\":\"https:\\\/\\\/www.monaco-tribune.com\\\/wp-content\\\/uploads\\\/2022\\\/11\\\/logo-monaco-tribune.png\",\"contentUrl\":\"https:\\\/\\\/www.monaco-tribune.com\\\/wp-content\\\/uploads\\\/2022\\\/11\\\/logo-monaco-tribune.png\",\"width\":1548,\"height\":600,\"caption\":\"Monaco Tribune\"},\"image\":{\"@id\":\"https:\\\/\\\/www.monaco-tribune.com\\\/en\\\/#\\\/schema\\\/logo\\\/image\\\/\"},\"sameAs\":[\"https:\\\/\\\/www.facebook.com\\\/MonacoTribune\",\"https:\\\/\\\/x.com\\\/MonacoTribune\",\"https:\\\/\\\/www.instagram.com\\\/monacotribune\\\/\",\"https:\\\/\\\/www.linkedin.com\\\/company\\\/monaco-tribune\",\"https:\\\/\\\/www.youtube.com\\\/channel\\\/UCHle1MnG6hw1y4lWKijVbMA\"]},{\"@type\":\"Person\",\"@id\":\"https:\\\/\\\/www.monaco-tribune.com\\\/en\\\/#\\\/schema\\\/person\\\/bb7eedbeede1d20ce8d51e52bde2c1e8\",\"name\":\"Aliz\u00e9e Mosconi\",\"image\":{\"@type\":\"ImageObject\",\"inLanguage\":\"en-US\",\"@id\":\"https:\\\/\\\/secure.gravatar.com\\\/avatar\\\/a01ecf8f75ca312b8db6f53ca7d56a4f7d4dd75acdd7f8605efab1d10294a17f?s=96&d=mm&r=g\",\"url\":\"https:\\\/\\\/secure.gravatar.com\\\/avatar\\\/a01ecf8f75ca312b8db6f53ca7d56a4f7d4dd75acdd7f8605efab1d10294a17f?s=96&d=mm&r=g\",\"contentUrl\":\"https:\\\/\\\/secure.gravatar.com\\\/avatar\\\/a01ecf8f75ca312b8db6f53ca7d56a4f7d4dd75acdd7f8605efab1d10294a17f?s=96&d=mm&r=g\",\"caption\":\"Aliz\u00e9e Mosconi\"},\"url\":\"https:\\\/\\\/www.monaco-tribune.com\\\/en\\\/author\\\/alizeemosconi\\\/\"}]}<\/script>\n<!-- \/ Yoast SEO Premium plugin. -->","yoast_head_json":{"title":"How obesity is spreading in the French Riviera","description":"Obesity is one of the biggest risk factors for Covid-19. Along the C\u00f4te d\u2019Azur obesity rates are rising as people are living ever more sedentary lives.","robots":{"index":"index","follow":"follow","max-snippet":"max-snippet:-1","max-image-preview":"max-image-preview:large","max-video-preview":"max-video-preview:-1"},"canonical":"https:\/\/www.monaco-tribune.com\/en\/2021\/02\/how-obesity-is-spreading-in-the-french-riviera\/","og_locale":"en_US","og_type":"article","og_title":"How obesity is spreading in the French Riviera - Monaco Tribune","og_description":"Obesity is one of the biggest risk factors for Covid-19. Along the C\u00f4te d\u2019Azur obesity rates are rising as people are living ever more sedentary lives.","og_url":"https:\/\/www.monaco-tribune.com\/en\/2021\/02\/how-obesity-is-spreading-in-the-french-riviera\/","og_site_name":"Monaco Tribune","article_publisher":"https:\/\/www.facebook.com\/MonacoTribune","article_published_time":"2021-02-22T18:36:34+00:00","article_modified_time":"2021-02-22T18:36:39+00:00","og_image":[{"width":1200,"height":800,"url":"https:\/\/www.monaco-tribune.com\/wp-content\/uploads\/2021\/02\/obesity-cote-azur-1.jpg","type":"image\/jpeg"}],"author":"Aliz\u00e9e Mosconi","twitter_card":"summary_large_image","twitter_creator":"@MonacoTribune","twitter_site":"@MonacoTribune","schema":{"@context":"https:\/\/schema.org","@graph":[{"@type":"NewsArticle","@id":"https:\/\/www.monaco-tribune.com\/en\/2021\/02\/how-obesity-is-spreading-in-the-french-riviera\/#article","isPartOf":{"@id":"https:\/\/www.monaco-tribune.com\/en\/2021\/02\/how-obesity-is-spreading-in-the-french-riviera\/"},"author":{"name":"Aliz\u00e9e Mosconi","@id":"https:\/\/www.monaco-tribune.com\/en\/#\/schema\/person\/bb7eedbeede1d20ce8d51e52bde2c1e8"},"headline":"How obesity is spreading in the French Riviera","datePublished":"2021-02-22T18:36:34+00:00","dateModified":"2021-02-22T18:36:39+00:00","mainEntityOfPage":{"@id":"https:\/\/www.monaco-tribune.com\/en\/2021\/02\/how-obesity-is-spreading-in-the-french-riviera\/"},"wordCount":685,"publisher":{"@id":"https:\/\/www.monaco-tribune.com\/en\/#organization"},"image":{"@id":"https:\/\/www.monaco-tribune.com\/en\/2021\/02\/how-obesity-is-spreading-in-the-french-riviera\/#primaryimage"},"thumbnailUrl":"https:\/\/www.monaco-tribune.com\/wp-content\/uploads\/2021\/02\/obesity-cote-azur-1.jpg","keywords":["Health"],"articleSection":["Editor&#039;s choice","News","Society"],"inLanguage":"en-US","copyrightYear":"2021","copyrightHolder":{"@id":"https:\/\/www.monaco-tribune.com\/#organization"}},{"@type":"WebPage","@id":"https:\/\/www.monaco-tribune.com\/en\/2021\/02\/how-obesity-is-spreading-in-the-french-riviera\/","url":"https:\/\/www.monaco-tribune.com\/en\/2021\/02\/how-obesity-is-spreading-in-the-french-riviera\/","name":"How obesity is spreading in the French Riviera","isPartOf":{"@id":"https:\/\/www.monaco-tribune.com\/en\/#website"},"primaryImageOfPage":{"@id":"https:\/\/www.monaco-tribune.com\/en\/2021\/02\/how-obesity-is-spreading-in-the-french-riviera\/#primaryimage"},"image":{"@id":"https:\/\/www.monaco-tribune.com\/en\/2021\/02\/how-obesity-is-spreading-in-the-french-riviera\/#primaryimage"},"thumbnailUrl":"https:\/\/www.monaco-tribune.com\/wp-content\/uploads\/2021\/02\/obesity-cote-azur-1.jpg","datePublished":"2021-02-22T18:36:34+00:00","dateModified":"2021-02-22T18:36:39+00:00","description":"Obesity is one of the biggest risk factors for Covid-19. Along the C\u00f4te d\u2019Azur obesity rates are rising as people are living ever more sedentary lives.","breadcrumb":{"@id":"https:\/\/www.monaco-tribune.com\/en\/2021\/02\/how-obesity-is-spreading-in-the-french-riviera\/#breadcrumb"},"inLanguage":"en-US","potentialAction":[{"@type":"ReadAction","target":["https:\/\/www.monaco-tribune.com\/en\/2021\/02\/how-obesity-is-spreading-in-the-french-riviera\/"]}]},{"@type":"ImageObject","inLanguage":"en-US","@id":"https:\/\/www.monaco-tribune.com\/en\/2021\/02\/how-obesity-is-spreading-in-the-french-riviera\/#primaryimage","url":"https:\/\/www.monaco-tribune.com\/wp-content\/uploads\/2021\/02\/obesity-cote-azur-1.jpg","contentUrl":"https:\/\/www.monaco-tribune.com\/wp-content\/uploads\/2021\/02\/obesity-cote-azur-1.jpg","width":1200,"height":800,"caption":"Unsplash"},{"@type":"BreadcrumbList","@id":"https:\/\/www.monaco-tribune.com\/en\/2021\/02\/how-obesity-is-spreading-in-the-french-riviera\/#breadcrumb","itemListElement":[{"@type":"ListItem","position":1,"name":"Accueil","item":"https:\/\/www.monaco-tribune.com\/en\/"},{"@type":"ListItem","position":2,"name":"How obesity is spreading in the French Riviera"}]},{"@type":"WebSite","@id":"https:\/\/www.monaco-tribune.com\/en\/#website","url":"https:\/\/www.monaco-tribune.com\/en\/","name":"Monaco Tribune","description":"Monaco : actualit\u00e9s \u00e9conomiques, politiques, culturelles et sportives de Monaco et de la French Riviera.","publisher":{"@id":"https:\/\/www.monaco-tribune.com\/en\/#organization"},"potentialAction":[{"@type":"SearchAction","target":{"@type":"EntryPoint","urlTemplate":"https:\/\/www.monaco-tribune.com\/en\/?s={search_term_string}"},"query-input":{"@type":"PropertyValueSpecification","valueRequired":true,"valueName":"search_term_string"}}],"inLanguage":"en-US"},{"@type":"Organization","@id":"https:\/\/www.monaco-tribune.com\/en\/#organization","name":"Monaco Tribune","url":"https:\/\/www.monaco-tribune.com\/en\/","logo":{"@type":"ImageObject","inLanguage":"en-US","@id":"https:\/\/www.monaco-tribune.com\/en\/#\/schema\/logo\/image\/","url":"https:\/\/www.monaco-tribune.com\/wp-content\/uploads\/2022\/11\/logo-monaco-tribune.png","contentUrl":"https:\/\/www.monaco-tribune.com\/wp-content\/uploads\/2022\/11\/logo-monaco-tribune.png","width":1548,"height":600,"caption":"Monaco Tribune"},"image":{"@id":"https:\/\/www.monaco-tribune.com\/en\/#\/schema\/logo\/image\/"},"sameAs":["https:\/\/www.facebook.com\/MonacoTribune","https:\/\/x.com\/MonacoTribune","https:\/\/www.instagram.com\/monacotribune\/","https:\/\/www.linkedin.com\/company\/monaco-tribune","https:\/\/www.youtube.com\/channel\/UCHle1MnG6hw1y4lWKijVbMA"]},{"@type":"Person","@id":"https:\/\/www.monaco-tribune.com\/en\/#\/schema\/person\/bb7eedbeede1d20ce8d51e52bde2c1e8","name":"Aliz\u00e9e Mosconi","image":{"@type":"ImageObject","inLanguage":"en-US","@id":"https:\/\/secure.gravatar.com\/avatar\/a01ecf8f75ca312b8db6f53ca7d56a4f7d4dd75acdd7f8605efab1d10294a17f?s=96&d=mm&r=g","url":"https:\/\/secure.gravatar.com\/avatar\/a01ecf8f75ca312b8db6f53ca7d56a4f7d4dd75acdd7f8605efab1d10294a17f?s=96&d=mm&r=g","contentUrl":"https:\/\/secure.gravatar.com\/avatar\/a01ecf8f75ca312b8db6f53ca7d56a4f7d4dd75acdd7f8605efab1d10294a17f?s=96&d=mm&r=g","caption":"Aliz\u00e9e Mosconi"},"url":"https:\/\/www.monaco-tribune.com\/en\/author\/alizeemosconi\/"}]}},"_links":{"self":[{"href":"https:\/\/www.monaco-tribune.com\/en\/wp-json\/wp\/v2\/posts\/69469","targetHints":{"allow":["GET"]}}],"collection":[{"href":"https:\/\/www.monaco-tribune.com\/en\/wp-json\/wp\/v2\/posts"}],"about":[{"href":"https:\/\/www.monaco-tribune.com\/en\/wp-json\/wp\/v2\/types\/post"}],"author":[{"embeddable":true,"href":"https:\/\/www.monaco-tribune.com\/en\/wp-json\/wp\/v2\/users\/50"}],"replies":[{"embeddable":true,"href":"https:\/\/www.monaco-tribune.com\/en\/wp-json\/wp\/v2\/comments?post=69469"}],"version-history":[{"count":0,"href":"https:\/\/www.monaco-tribune.com\/en\/wp-json\/wp\/v2\/posts\/69469\/revisions"}],"wp:featuredmedia":[{"embeddable":true,"href":"https:\/\/www.monaco-tribune.com\/en\/wp-json\/wp\/v2\/media\/69377"}],"wp:attachment":[{"href":"https:\/\/www.monaco-tribune.com\/en\/wp-json\/wp\/v2\/media?parent=69469"}],"wp:term":[{"taxonomy":"category","embeddable":true,"href":"https:\/\/www.monaco-tribune.com\/en\/wp-json\/wp\/v2\/categories?post=69469"},{"taxonomy":"post_tag","embeddable":true,"href":"https:\/\/www.monaco-tribune.com\/en\/wp-json\/wp\/v2\/tags?post=69469"},{"taxonomy":"sectag","embeddable":true,"href":"https:\/\/www.monaco-tribune.com\/en\/wp-json\/wp\/v2\/post_sectags?post=69469"},{"taxonomy":"format","embeddable":true,"href":"https:\/\/www.monaco-tribune.com\/en\/wp-json\/wp\/v2\/post_format?post=69469"}],"curies":[{"name":"wp","href":"https:\/\/api.w.org\/{rel}","templated":true}]}}