{"id":77979,"date":"2021-05-12T16:44:19","date_gmt":"2021-05-12T14:44:19","guid":{"rendered":"https:\/\/www.monaco-tribune.com\/2021\/05\/la-loggia-by-garbarino-monacos-latest-concept-store-for-artists-and-designers\/"},"modified":"2021-05-12T16:44:23","modified_gmt":"2021-05-12T14:44:23","slug":"la-loggia-by-garbarino-monacos-latest-concept-store-for-artists-and-designers","status":"publish","type":"post","link":"https:\/\/www.monaco-tribune.com\/en\/2021\/05\/la-loggia-by-garbarino-monacos-latest-concept-store-for-artists-and-designers\/","title":{"rendered":"La Loggia by Garbarino, Monaco&#8217;s latest concept store for artists and designers"},"content":{"rendered":"\n<p><strong>La Loggia by Garbarino opened its doors on the 15 April, on Boulevard Moulins in Monaco. This new concept store, set up by the interior architect Adriano Garbarino and his son David, is a space dedicated to design lovers and internationally renowned artists. Currently, the store is themed around the ocean.<\/strong><\/p>\n\n<p>Contemporary artists and designers from all walks of life are encouraged to use this space as a place to seek inspiration, share their work and discover new ideas. Painters, sculptors, designers and photographers from all over the world are coming to La Loggia by Garbarino to showcase their work. As well as international pieces, La Loggia is focusing on local art too, decorating their interior with a series of objects crafted locally in Monaco.<\/p>\n\n<h2 class=\"wp-block-heading\" id=\"h-des-objets-d-art-et-des-photographies-sur-la-th-matique-de-l-oc-an\">Art and photography themed around the ocean<\/h2>\n\n<p>For the inauguration of this cultural space, the works of art, clothing and decorative objects on display have all been inspired by the ocean. Visitors will have the chance to be transported to the deep blue until September, when the store will then change its theme, taking visitors on an artistic trip to Japan. At the moment, works by artist J\u00e9r\u00e9my Gob\u00e9, contemporary specialist Nicolas Lefebvre and photographer Florian Gruet are all on display in La Loggia. As well as these creations, there is a collection of ready-to-wear pieces from the company 209 Mare and the eco-friendly brand Giannotti, who use a 3D printer to make their garments out of merino wool and natural fibres.<\/p>\n\n<p><strong>&gt;&gt; READ ALSO:<\/strong> <a href=\"https:\/\/www.monaco-tribune.com\/en\/2020\/06\/federico-uribe-209-mare\/\">Federico Uribe: \u201cMonaco embodies the dandy lifestyle and history of the Mediterranean flair\u201d<\/a><\/p>\n","protected":false},"excerpt":{"rendered":"<p>La Loggia by Garbarino opened its doors on the 15 April, on Boulevard Moulins in Monaco. This new concept store, [&hellip;]<\/p>\n","protected":false},"author":50,"featured_media":77712,"comment_status":"closed","ping_status":"closed","sticky":false,"template":"","format":"standard","meta":{"_acf_changed":false,"footnotes":""},"categories":[243,251],"tags":[3371],"post_sectags":[],"post_format":[2465],"class_list":["post-77979","post","type-post","status-publish","format-standard","has-post-thumbnail","hentry","category-news","category-whats-on","tag-taking-action","format-in-brief"],"acf":[],"yoast_head":"<!-- This site is optimized with the Yoast SEO Premium plugin v26.8 (Yoast SEO v27.4) - https:\/\/yoast.com\/product\/yoast-seo-premium-wordpress\/ -->\n<title>La Loggia by Garbarino, Monaco&#039;s latest concept store for artists and designers<\/title>\n<meta name=\"description\" content=\"La Loggia by Garbarino opened its doors on the 15 April, on Boulevard Moulins in Monaco. This new concept store, set up by the interior architect Adriano\" \/>\n<meta name=\"robots\" content=\"index, follow, max-snippet:-1, max-image-preview:large, max-video-preview:-1\" \/>\n<link rel=\"canonical\" href=\"https:\/\/www.monaco-tribune.com\/en\/2021\/05\/la-loggia-by-garbarino-monacos-latest-concept-store-for-artists-and-designers\/\" \/>\n<meta property=\"og:locale\" content=\"en_US\" \/>\n<meta property=\"og:type\" content=\"article\" \/>\n<meta property=\"og:title\" content=\"La Loggia by Garbarino, Monaco&#039;s latest concept store for artists and designers - Monaco Tribune\" \/>\n<meta property=\"og:description\" content=\"La Loggia by Garbarino opened its doors on the 15 April, on Boulevard Moulins in Monaco. This new concept store, set up by the interior architect Adriano\" \/>\n<meta property=\"og:url\" content=\"https:\/\/www.monaco-tribune.com\/en\/2021\/05\/la-loggia-by-garbarino-monacos-latest-concept-store-for-artists-and-designers\/\" \/>\n<meta property=\"og:site_name\" content=\"Monaco Tribune\" \/>\n<meta property=\"article:publisher\" content=\"https:\/\/www.facebook.com\/MonacoTribune\" \/>\n<meta property=\"article:published_time\" content=\"2021-05-12T14:44:19+00:00\" \/>\n<meta property=\"article:modified_time\" content=\"2021-05-12T14:44:23+00:00\" \/>\n<meta property=\"og:image\" content=\"https:\/\/www.monaco-tribune.com\/wp-content\/uploads\/2021\/05\/ocean-la-loggia-garbarino.jpg\" \/>\n\t<meta property=\"og:image:width\" content=\"1021\" \/>\n\t<meta property=\"og:image:height\" content=\"566\" \/>\n\t<meta property=\"og:image:type\" content=\"image\/jpeg\" \/>\n<meta name=\"author\" content=\"Aliz\u00e9e Mosconi\" \/>\n<meta name=\"twitter:card\" content=\"summary_large_image\" \/>\n<meta name=\"twitter:creator\" content=\"@MonacoTribune\" \/>\n<meta name=\"twitter:site\" content=\"@MonacoTribune\" \/>\n<script type=\"application\/ld+json\" class=\"yoast-schema-graph\">{\"@context\":\"https:\\\/\\\/schema.org\",\"@graph\":[{\"@type\":\"NewsArticle\",\"@id\":\"https:\\\/\\\/www.monaco-tribune.com\\\/en\\\/2021\\\/05\\\/la-loggia-by-garbarino-monacos-latest-concept-store-for-artists-and-designers\\\/#article\",\"isPartOf\":{\"@id\":\"https:\\\/\\\/www.monaco-tribune.com\\\/en\\\/2021\\\/05\\\/la-loggia-by-garbarino-monacos-latest-concept-store-for-artists-and-designers\\\/\"},\"author\":{\"name\":\"Aliz\u00e9e Mosconi\",\"@id\":\"https:\\\/\\\/www.monaco-tribune.com\\\/en\\\/#\\\/schema\\\/person\\\/bb7eedbeede1d20ce8d51e52bde2c1e8\"},\"headline\":\"La Loggia by Garbarino, Monaco&#8217;s latest concept store for artists and designers\",\"datePublished\":\"2021-05-12T14:44:19+00:00\",\"dateModified\":\"2021-05-12T14:44:23+00:00\",\"mainEntityOfPage\":{\"@id\":\"https:\\\/\\\/www.monaco-tribune.com\\\/en\\\/2021\\\/05\\\/la-loggia-by-garbarino-monacos-latest-concept-store-for-artists-and-designers\\\/\"},\"wordCount\":277,\"publisher\":{\"@id\":\"https:\\\/\\\/www.monaco-tribune.com\\\/en\\\/#organization\"},\"image\":{\"@id\":\"https:\\\/\\\/www.monaco-tribune.com\\\/en\\\/2021\\\/05\\\/la-loggia-by-garbarino-monacos-latest-concept-store-for-artists-and-designers\\\/#primaryimage\"},\"thumbnailUrl\":\"https:\\\/\\\/www.monaco-tribune.com\\\/wp-content\\\/uploads\\\/2021\\\/05\\\/ocean-la-loggia-garbarino.jpg\",\"keywords\":[\"Taking action\"],\"articleSection\":[\"News\",\"What&#039;s on\"],\"inLanguage\":\"en-US\",\"copyrightYear\":\"2021\",\"copyrightHolder\":{\"@id\":\"https:\\\/\\\/www.monaco-tribune.com\\\/#organization\"}},{\"@type\":\"WebPage\",\"@id\":\"https:\\\/\\\/www.monaco-tribune.com\\\/en\\\/2021\\\/05\\\/la-loggia-by-garbarino-monacos-latest-concept-store-for-artists-and-designers\\\/\",\"url\":\"https:\\\/\\\/www.monaco-tribune.com\\\/en\\\/2021\\\/05\\\/la-loggia-by-garbarino-monacos-latest-concept-store-for-artists-and-designers\\\/\",\"name\":\"La Loggia by Garbarino, Monaco's latest concept store for artists and designers\",\"isPartOf\":{\"@id\":\"https:\\\/\\\/www.monaco-tribune.com\\\/en\\\/#website\"},\"primaryImageOfPage\":{\"@id\":\"https:\\\/\\\/www.monaco-tribune.com\\\/en\\\/2021\\\/05\\\/la-loggia-by-garbarino-monacos-latest-concept-store-for-artists-and-designers\\\/#primaryimage\"},\"image\":{\"@id\":\"https:\\\/\\\/www.monaco-tribune.com\\\/en\\\/2021\\\/05\\\/la-loggia-by-garbarino-monacos-latest-concept-store-for-artists-and-designers\\\/#primaryimage\"},\"thumbnailUrl\":\"https:\\\/\\\/www.monaco-tribune.com\\\/wp-content\\\/uploads\\\/2021\\\/05\\\/ocean-la-loggia-garbarino.jpg\",\"datePublished\":\"2021-05-12T14:44:19+00:00\",\"dateModified\":\"2021-05-12T14:44:23+00:00\",\"description\":\"La Loggia by Garbarino opened its doors on the 15 April, on Boulevard Moulins in Monaco. This new concept store, set up by the interior architect Adriano\",\"breadcrumb\":{\"@id\":\"https:\\\/\\\/www.monaco-tribune.com\\\/en\\\/2021\\\/05\\\/la-loggia-by-garbarino-monacos-latest-concept-store-for-artists-and-designers\\\/#breadcrumb\"},\"inLanguage\":\"en-US\",\"potentialAction\":[{\"@type\":\"ReadAction\",\"target\":[\"https:\\\/\\\/www.monaco-tribune.com\\\/en\\\/2021\\\/05\\\/la-loggia-by-garbarino-monacos-latest-concept-store-for-artists-and-designers\\\/\"]}]},{\"@type\":\"ImageObject\",\"inLanguage\":\"en-US\",\"@id\":\"https:\\\/\\\/www.monaco-tribune.com\\\/en\\\/2021\\\/05\\\/la-loggia-by-garbarino-monacos-latest-concept-store-for-artists-and-designers\\\/#primaryimage\",\"url\":\"https:\\\/\\\/www.monaco-tribune.com\\\/wp-content\\\/uploads\\\/2021\\\/05\\\/ocean-la-loggia-garbarino.jpg\",\"contentUrl\":\"https:\\\/\\\/www.monaco-tribune.com\\\/wp-content\\\/uploads\\\/2021\\\/05\\\/ocean-la-loggia-garbarino.jpg\",\"width\":1021,\"height\":566,\"caption\":\"La Loggia by Garbarino\"},{\"@type\":\"BreadcrumbList\",\"@id\":\"https:\\\/\\\/www.monaco-tribune.com\\\/en\\\/2021\\\/05\\\/la-loggia-by-garbarino-monacos-latest-concept-store-for-artists-and-designers\\\/#breadcrumb\",\"itemListElement\":[{\"@type\":\"ListItem\",\"position\":1,\"name\":\"Accueil\",\"item\":\"https:\\\/\\\/www.monaco-tribune.com\\\/en\\\/\"},{\"@type\":\"ListItem\",\"position\":2,\"name\":\"La Loggia by Garbarino, Monaco&rsquo;s latest concept store for artists and designers\"}]},{\"@type\":\"WebSite\",\"@id\":\"https:\\\/\\\/www.monaco-tribune.com\\\/en\\\/#website\",\"url\":\"https:\\\/\\\/www.monaco-tribune.com\\\/en\\\/\",\"name\":\"Monaco Tribune\",\"description\":\"Monaco : actualit\u00e9s \u00e9conomiques, politiques, culturelles et sportives de Monaco et de la French Riviera.\",\"publisher\":{\"@id\":\"https:\\\/\\\/www.monaco-tribune.com\\\/en\\\/#organization\"},\"potentialAction\":[{\"@type\":\"SearchAction\",\"target\":{\"@type\":\"EntryPoint\",\"urlTemplate\":\"https:\\\/\\\/www.monaco-tribune.com\\\/en\\\/?s={search_term_string}\"},\"query-input\":{\"@type\":\"PropertyValueSpecification\",\"valueRequired\":true,\"valueName\":\"search_term_string\"}}],\"inLanguage\":\"en-US\"},{\"@type\":\"Organization\",\"@id\":\"https:\\\/\\\/www.monaco-tribune.com\\\/en\\\/#organization\",\"name\":\"Monaco Tribune\",\"url\":\"https:\\\/\\\/www.monaco-tribune.com\\\/en\\\/\",\"logo\":{\"@type\":\"ImageObject\",\"inLanguage\":\"en-US\",\"@id\":\"https:\\\/\\\/www.monaco-tribune.com\\\/en\\\/#\\\/schema\\\/logo\\\/image\\\/\",\"url\":\"https:\\\/\\\/www.monaco-tribune.com\\\/wp-content\\\/uploads\\\/2022\\\/11\\\/logo-monaco-tribune.png\",\"contentUrl\":\"https:\\\/\\\/www.monaco-tribune.com\\\/wp-content\\\/uploads\\\/2022\\\/11\\\/logo-monaco-tribune.png\",\"width\":1548,\"height\":600,\"caption\":\"Monaco Tribune\"},\"image\":{\"@id\":\"https:\\\/\\\/www.monaco-tribune.com\\\/en\\\/#\\\/schema\\\/logo\\\/image\\\/\"},\"sameAs\":[\"https:\\\/\\\/www.facebook.com\\\/MonacoTribune\",\"https:\\\/\\\/x.com\\\/MonacoTribune\",\"https:\\\/\\\/www.instagram.com\\\/monacotribune\\\/\",\"https:\\\/\\\/www.linkedin.com\\\/company\\\/monaco-tribune\",\"https:\\\/\\\/www.youtube.com\\\/channel\\\/UCHle1MnG6hw1y4lWKijVbMA\"]},{\"@type\":\"Person\",\"@id\":\"https:\\\/\\\/www.monaco-tribune.com\\\/en\\\/#\\\/schema\\\/person\\\/bb7eedbeede1d20ce8d51e52bde2c1e8\",\"name\":\"Aliz\u00e9e Mosconi\",\"image\":{\"@type\":\"ImageObject\",\"inLanguage\":\"en-US\",\"@id\":\"https:\\\/\\\/secure.gravatar.com\\\/avatar\\\/a01ecf8f75ca312b8db6f53ca7d56a4f7d4dd75acdd7f8605efab1d10294a17f?s=96&d=mm&r=g\",\"url\":\"https:\\\/\\\/secure.gravatar.com\\\/avatar\\\/a01ecf8f75ca312b8db6f53ca7d56a4f7d4dd75acdd7f8605efab1d10294a17f?s=96&d=mm&r=g\",\"contentUrl\":\"https:\\\/\\\/secure.gravatar.com\\\/avatar\\\/a01ecf8f75ca312b8db6f53ca7d56a4f7d4dd75acdd7f8605efab1d10294a17f?s=96&d=mm&r=g\",\"caption\":\"Aliz\u00e9e Mosconi\"},\"url\":\"https:\\\/\\\/www.monaco-tribune.com\\\/en\\\/author\\\/alizeemosconi\\\/\"}]}<\/script>\n<!-- \/ Yoast SEO Premium plugin. -->","yoast_head_json":{"title":"La Loggia by Garbarino, Monaco's latest concept store for artists and designers","description":"La Loggia by Garbarino opened its doors on the 15 April, on Boulevard Moulins in Monaco. This new concept store, set up by the interior architect Adriano","robots":{"index":"index","follow":"follow","max-snippet":"max-snippet:-1","max-image-preview":"max-image-preview:large","max-video-preview":"max-video-preview:-1"},"canonical":"https:\/\/www.monaco-tribune.com\/en\/2021\/05\/la-loggia-by-garbarino-monacos-latest-concept-store-for-artists-and-designers\/","og_locale":"en_US","og_type":"article","og_title":"La Loggia by Garbarino, Monaco's latest concept store for artists and designers - Monaco Tribune","og_description":"La Loggia by Garbarino opened its doors on the 15 April, on Boulevard Moulins in Monaco. This new concept store, set up by the interior architect Adriano","og_url":"https:\/\/www.monaco-tribune.com\/en\/2021\/05\/la-loggia-by-garbarino-monacos-latest-concept-store-for-artists-and-designers\/","og_site_name":"Monaco Tribune","article_publisher":"https:\/\/www.facebook.com\/MonacoTribune","article_published_time":"2021-05-12T14:44:19+00:00","article_modified_time":"2021-05-12T14:44:23+00:00","og_image":[{"width":1021,"height":566,"url":"https:\/\/www.monaco-tribune.com\/wp-content\/uploads\/2021\/05\/ocean-la-loggia-garbarino.jpg","type":"image\/jpeg"}],"author":"Aliz\u00e9e Mosconi","twitter_card":"summary_large_image","twitter_creator":"@MonacoTribune","twitter_site":"@MonacoTribune","schema":{"@context":"https:\/\/schema.org","@graph":[{"@type":"NewsArticle","@id":"https:\/\/www.monaco-tribune.com\/en\/2021\/05\/la-loggia-by-garbarino-monacos-latest-concept-store-for-artists-and-designers\/#article","isPartOf":{"@id":"https:\/\/www.monaco-tribune.com\/en\/2021\/05\/la-loggia-by-garbarino-monacos-latest-concept-store-for-artists-and-designers\/"},"author":{"name":"Aliz\u00e9e Mosconi","@id":"https:\/\/www.monaco-tribune.com\/en\/#\/schema\/person\/bb7eedbeede1d20ce8d51e52bde2c1e8"},"headline":"La Loggia by Garbarino, Monaco&#8217;s latest concept store for artists and designers","datePublished":"2021-05-12T14:44:19+00:00","dateModified":"2021-05-12T14:44:23+00:00","mainEntityOfPage":{"@id":"https:\/\/www.monaco-tribune.com\/en\/2021\/05\/la-loggia-by-garbarino-monacos-latest-concept-store-for-artists-and-designers\/"},"wordCount":277,"publisher":{"@id":"https:\/\/www.monaco-tribune.com\/en\/#organization"},"image":{"@id":"https:\/\/www.monaco-tribune.com\/en\/2021\/05\/la-loggia-by-garbarino-monacos-latest-concept-store-for-artists-and-designers\/#primaryimage"},"thumbnailUrl":"https:\/\/www.monaco-tribune.com\/wp-content\/uploads\/2021\/05\/ocean-la-loggia-garbarino.jpg","keywords":["Taking action"],"articleSection":["News","What&#039;s on"],"inLanguage":"en-US","copyrightYear":"2021","copyrightHolder":{"@id":"https:\/\/www.monaco-tribune.com\/#organization"}},{"@type":"WebPage","@id":"https:\/\/www.monaco-tribune.com\/en\/2021\/05\/la-loggia-by-garbarino-monacos-latest-concept-store-for-artists-and-designers\/","url":"https:\/\/www.monaco-tribune.com\/en\/2021\/05\/la-loggia-by-garbarino-monacos-latest-concept-store-for-artists-and-designers\/","name":"La Loggia by Garbarino, Monaco's latest concept store for artists and designers","isPartOf":{"@id":"https:\/\/www.monaco-tribune.com\/en\/#website"},"primaryImageOfPage":{"@id":"https:\/\/www.monaco-tribune.com\/en\/2021\/05\/la-loggia-by-garbarino-monacos-latest-concept-store-for-artists-and-designers\/#primaryimage"},"image":{"@id":"https:\/\/www.monaco-tribune.com\/en\/2021\/05\/la-loggia-by-garbarino-monacos-latest-concept-store-for-artists-and-designers\/#primaryimage"},"thumbnailUrl":"https:\/\/www.monaco-tribune.com\/wp-content\/uploads\/2021\/05\/ocean-la-loggia-garbarino.jpg","datePublished":"2021-05-12T14:44:19+00:00","dateModified":"2021-05-12T14:44:23+00:00","description":"La Loggia by Garbarino opened its doors on the 15 April, on Boulevard Moulins in Monaco. This new concept store, set up by the interior architect Adriano","breadcrumb":{"@id":"https:\/\/www.monaco-tribune.com\/en\/2021\/05\/la-loggia-by-garbarino-monacos-latest-concept-store-for-artists-and-designers\/#breadcrumb"},"inLanguage":"en-US","potentialAction":[{"@type":"ReadAction","target":["https:\/\/www.monaco-tribune.com\/en\/2021\/05\/la-loggia-by-garbarino-monacos-latest-concept-store-for-artists-and-designers\/"]}]},{"@type":"ImageObject","inLanguage":"en-US","@id":"https:\/\/www.monaco-tribune.com\/en\/2021\/05\/la-loggia-by-garbarino-monacos-latest-concept-store-for-artists-and-designers\/#primaryimage","url":"https:\/\/www.monaco-tribune.com\/wp-content\/uploads\/2021\/05\/ocean-la-loggia-garbarino.jpg","contentUrl":"https:\/\/www.monaco-tribune.com\/wp-content\/uploads\/2021\/05\/ocean-la-loggia-garbarino.jpg","width":1021,"height":566,"caption":"La Loggia by Garbarino"},{"@type":"BreadcrumbList","@id":"https:\/\/www.monaco-tribune.com\/en\/2021\/05\/la-loggia-by-garbarino-monacos-latest-concept-store-for-artists-and-designers\/#breadcrumb","itemListElement":[{"@type":"ListItem","position":1,"name":"Accueil","item":"https:\/\/www.monaco-tribune.com\/en\/"},{"@type":"ListItem","position":2,"name":"La Loggia by Garbarino, Monaco&rsquo;s latest concept store for artists and designers"}]},{"@type":"WebSite","@id":"https:\/\/www.monaco-tribune.com\/en\/#website","url":"https:\/\/www.monaco-tribune.com\/en\/","name":"Monaco Tribune","description":"Monaco : actualit\u00e9s \u00e9conomiques, politiques, culturelles et sportives de Monaco et de la French Riviera.","publisher":{"@id":"https:\/\/www.monaco-tribune.com\/en\/#organization"},"potentialAction":[{"@type":"SearchAction","target":{"@type":"EntryPoint","urlTemplate":"https:\/\/www.monaco-tribune.com\/en\/?s={search_term_string}"},"query-input":{"@type":"PropertyValueSpecification","valueRequired":true,"valueName":"search_term_string"}}],"inLanguage":"en-US"},{"@type":"Organization","@id":"https:\/\/www.monaco-tribune.com\/en\/#organization","name":"Monaco Tribune","url":"https:\/\/www.monaco-tribune.com\/en\/","logo":{"@type":"ImageObject","inLanguage":"en-US","@id":"https:\/\/www.monaco-tribune.com\/en\/#\/schema\/logo\/image\/","url":"https:\/\/www.monaco-tribune.com\/wp-content\/uploads\/2022\/11\/logo-monaco-tribune.png","contentUrl":"https:\/\/www.monaco-tribune.com\/wp-content\/uploads\/2022\/11\/logo-monaco-tribune.png","width":1548,"height":600,"caption":"Monaco Tribune"},"image":{"@id":"https:\/\/www.monaco-tribune.com\/en\/#\/schema\/logo\/image\/"},"sameAs":["https:\/\/www.facebook.com\/MonacoTribune","https:\/\/x.com\/MonacoTribune","https:\/\/www.instagram.com\/monacotribune\/","https:\/\/www.linkedin.com\/company\/monaco-tribune","https:\/\/www.youtube.com\/channel\/UCHle1MnG6hw1y4lWKijVbMA"]},{"@type":"Person","@id":"https:\/\/www.monaco-tribune.com\/en\/#\/schema\/person\/bb7eedbeede1d20ce8d51e52bde2c1e8","name":"Aliz\u00e9e Mosconi","image":{"@type":"ImageObject","inLanguage":"en-US","@id":"https:\/\/secure.gravatar.com\/avatar\/a01ecf8f75ca312b8db6f53ca7d56a4f7d4dd75acdd7f8605efab1d10294a17f?s=96&d=mm&r=g","url":"https:\/\/secure.gravatar.com\/avatar\/a01ecf8f75ca312b8db6f53ca7d56a4f7d4dd75acdd7f8605efab1d10294a17f?s=96&d=mm&r=g","contentUrl":"https:\/\/secure.gravatar.com\/avatar\/a01ecf8f75ca312b8db6f53ca7d56a4f7d4dd75acdd7f8605efab1d10294a17f?s=96&d=mm&r=g","caption":"Aliz\u00e9e Mosconi"},"url":"https:\/\/www.monaco-tribune.com\/en\/author\/alizeemosconi\/"}]}},"_links":{"self":[{"href":"https:\/\/www.monaco-tribune.com\/en\/wp-json\/wp\/v2\/posts\/77979","targetHints":{"allow":["GET"]}}],"collection":[{"href":"https:\/\/www.monaco-tribune.com\/en\/wp-json\/wp\/v2\/posts"}],"about":[{"href":"https:\/\/www.monaco-tribune.com\/en\/wp-json\/wp\/v2\/types\/post"}],"author":[{"embeddable":true,"href":"https:\/\/www.monaco-tribune.com\/en\/wp-json\/wp\/v2\/users\/50"}],"replies":[{"embeddable":true,"href":"https:\/\/www.monaco-tribune.com\/en\/wp-json\/wp\/v2\/comments?post=77979"}],"version-history":[{"count":0,"href":"https:\/\/www.monaco-tribune.com\/en\/wp-json\/wp\/v2\/posts\/77979\/revisions"}],"wp:featuredmedia":[{"embeddable":true,"href":"https:\/\/www.monaco-tribune.com\/en\/wp-json\/wp\/v2\/media\/77712"}],"wp:attachment":[{"href":"https:\/\/www.monaco-tribune.com\/en\/wp-json\/wp\/v2\/media?parent=77979"}],"wp:term":[{"taxonomy":"category","embeddable":true,"href":"https:\/\/www.monaco-tribune.com\/en\/wp-json\/wp\/v2\/categories?post=77979"},{"taxonomy":"post_tag","embeddable":true,"href":"https:\/\/www.monaco-tribune.com\/en\/wp-json\/wp\/v2\/tags?post=77979"},{"taxonomy":"sectag","embeddable":true,"href":"https:\/\/www.monaco-tribune.com\/en\/wp-json\/wp\/v2\/post_sectags?post=77979"},{"taxonomy":"format","embeddable":true,"href":"https:\/\/www.monaco-tribune.com\/en\/wp-json\/wp\/v2\/post_format?post=77979"}],"curies":[{"name":"wp","href":"https:\/\/api.w.org\/{rel}","templated":true}]}}