{"id":78872,"date":"2021-05-20T13:54:41","date_gmt":"2021-05-20T11:54:41","guid":{"rendered":"https:\/\/www.monaco-tribune.com\/2021\/05\/as-monaco-fall-to-paris-saint-germain-missing-out-on-sixth-coupe-de-france-win\/"},"modified":"2021-05-20T13:54:48","modified_gmt":"2021-05-20T11:54:48","slug":"as-monaco-fall-to-paris-saint-germain-missing-out-on-sixth-coupe-de-france-win","status":"publish","type":"post","link":"https:\/\/www.monaco-tribune.com\/en\/2021\/05\/as-monaco-fall-to-paris-saint-germain-missing-out-on-sixth-coupe-de-france-win\/","title":{"rendered":"AS Monaco fall to Paris Saint-Germain, missing out on sixth Coupe de France win"},"content":{"rendered":"\n<p><strong>On track to win the club\u2019s sixth Coupe de France, AS Monaco fell at the final hurdle, losing against Paris Saint-Germain (0-2) on Wednesday evening at the Stade de France.<\/strong><\/p>\n\n<p>Their winning streak has come to an end. AS Monaco were unable to beat PSG, in what was the club\u2019s tenth Coupe de France final, having clocked up five wins and four defeats over the years.<\/p>\n\n<p>As is tradition, before the match got underway, AS Monaco President Dmitry Rybolovlev and coach Niko Kovac presented the team to French President Emmanuel Macron, accompanied by President of the French Football Federation No\u00ebl Le Gra\u00ebt and PSG President Nasser al-Khela\u00effi.<\/p>\n\n<div class=\"wp-block-image\"><figure class=\"aligncenter size-large\"><img loading=\"lazy\" decoding=\"async\" width=\"1024\" height=\"574\" src=\"https:\/\/www.monaco-tribune.com\/wp-content\/uploads\/2021\/05\/as-monaco-macron-rybolovlev.jpeg\" alt=\"\" class=\"wp-image-78851\" srcset=\"https:\/\/www.monaco-tribune.com\/wp-content\/uploads\/2021\/05\/as-monaco-macron-rybolovlev.jpeg 1024w, https:\/\/www.monaco-tribune.com\/wp-content\/uploads\/2021\/05\/as-monaco-macron-rybolovlev-535x300.jpeg 535w, https:\/\/www.monaco-tribune.com\/wp-content\/uploads\/2021\/05\/as-monaco-macron-rybolovlev-268x150.jpeg 268w, https:\/\/www.monaco-tribune.com\/wp-content\/uploads\/2021\/05\/as-monaco-macron-rybolovlev-768x431.jpeg 768w, https:\/\/www.monaco-tribune.com\/wp-content\/uploads\/2021\/05\/as-monaco-macron-rybolovlev-175x98.jpeg 175w\" sizes=\"auto, (max-width: 1024px) 100vw, 1024px\" \/><figcaption>\u00a9 AS Monaco<\/figcaption><\/figure><\/div>\n\n<p>For his first season with AS Monaco, Niko Kovac had high hopes for the team. After winning the German Cup in both 2018 and 2019, he wanted to bring the Coupe de France trophy home to the Rock this year: a title AS Monaco have not won since 1991. Although it was a close fight, Paris Saint-Germain ultimately came out on top, making the most of AS Monaco\u2019s errors and robbing them of their crown.<\/p>\n\n<p><strong>&gt;&gt; READ ALSO:<\/strong> <a href=\"https:\/\/www.monaco-tribune.com\/en\/2021\/05\/as-monacos-player-ratings-from-their-valiant-coupe-de-france-final-defeat\/\">AS Monaco\u2019s player ratings from their valiant Coupe de France final defeat<\/a><\/p>\n\n<p>Within the first 20 minutes of play, Monaco\u2019s defence made a costly mistake. As Axel Disasj lost control of the ball, giving possession to Kylian Mbapp\u00e9, the Argentinian striker Mauro Icardi swept in and secured PSG\u2019s first goal (0-1, 19\u2032). An error that weighed heavy on the Rouge et Blanc. Having started on the back foot, Les Mon\u00e9gasques were playing catchup, but pushed on to try and equalise.<\/p>\n\n<h2 class=\"wp-block-heading\" id=\"h-les-yeux-d-sormais-riv-s-sur-lens\">All eyes on the match against Lens<\/h2>\n\n<p>Joining the pitch for the second half, Gelson Martins was unable to get the ball in Keylor Navas\u2019 net, after his shot hit the crossbar (69\u2019). On a run by Angel Di Maria from right to left, it was the Parisians who managed to meet the net, as Mbapp\u00e9 received the ball and struck for the goal, widening the gap between ASM (0-2, 81\u2019).<\/p>\n\n<p>\u201cWe can be proud to have reached this final here at the Stade de France against PSG. In football, you can only miss a penalty if you earn the chance to take it, and you can only lose a final if you play it. It was an important moment for us, for the club,\u201d said Niko Kovac after the match.<\/p>\n\n<p><strong>&gt;&gt; READ ALSO: <\/strong><a href=\"https:\/\/www.monaco-tribune.com\/en\/2021\/05\/analysis-tchouameni-continues-his-remarkable-campaign-for-as-monaco\/\">Analysis: Tchouameni continues his remarkable campaign for AS Monaco<\/a><\/p>\n<figure class=\"wp-block-embed is-type-rich is-provider-twitter wp-block-embed-twitter\"><div class=\"wp-block-embed__wrapper\">\r\n<blockquote class=\"twitter-tweet\" data-width=\"500\" data-dnt=\"true\"><p lang=\"fr\" dir=\"ltr\">On aurait tellement voulu te d\u00e9dier ce troph\u00e9e, Jean-Paul&#8230; \u00c0 jamais dans nos c\u0153urs. \u2764\ufe0f\ud83e\udd0d <a href=\"https:\/\/twitter.com\/hashtag\/ASMPSG?src=hash&amp;ref_src=twsrc%5Etfw\">#ASMPSG<\/a> | <a href=\"https:\/\/twitter.com\/hashtag\/CDF?src=hash&amp;ref_src=twsrc%5Etfw\">#CDF<\/a> <a href=\"https:\/\/t.co\/GaxpNug5sL\">pic.twitter.com\/GaxpNug5sL<\/a><\/p>&mdash; AS Monaco \ud83c\uddf2\ud83c\udde8 (@AS_Monaco) <a href=\"https:\/\/twitter.com\/AS_Monaco\/status\/1395140912787955714?ref_src=twsrc%5Etfw\">May 19, 2021<\/a><\/blockquote><script async src=\"https:\/\/platform.twitter.com\/widgets.js\" charset=\"utf-8\"><\/script>\r\n<\/div><\/figure>\r\n\n<p>This was the club\u2019s first Coupe de France final since 2010. However, the team was unfortunately unable to add this prestigious trophy to the titles they have earned over the past decade. Since Rybolovlev took over as President of the club ten years ago, the Rouge et Blanc have been crowned French Champions (2017), reached the semi-final of the Champions League (2017) and made the podium five times in a row in Ligue 1.<\/p>\n\n<p>Les Mon\u00e9gasques must now prepare themselves for an away game in three days\u2019 time. They are set to face Lens this Sunday at 9pm, as the Ligue 1 tournament comes to a close. A lot is riding on this match: if the team can claim victory here then they will find themselves in the Champions League next season.<\/p>\n","protected":false},"excerpt":{"rendered":"<p>On track to win the club\u2019s sixth Coupe de France, AS Monaco fell at the final hurdle, losing against Paris [&hellip;]<\/p>\n","protected":false},"author":24,"featured_media":78858,"comment_status":"closed","ping_status":"closed","sticky":false,"template":"","format":"standard","meta":{"_acf_changed":false,"footnotes":""},"categories":[1825,243,257],"tags":[2821],"post_sectags":[],"post_format":[2468],"class_list":["post-78872","post","type-post","status-publish","format-standard","has-post-thumbnail","hentry","category-editors-choice","category-news","category-sports-en","tag-as-monaco-en-2","format-story"],"acf":[],"yoast_head":"<!-- This site is optimized with the Yoast SEO Premium plugin v26.8 (Yoast SEO v27.4) - https:\/\/yoast.com\/product\/yoast-seo-premium-wordpress\/ -->\n<title>AS Monaco fall to Paris Saint-Germain, missing out on sixth Coupe de France win<\/title>\n<meta name=\"description\" content=\"On track to win the club\u2019s sixth Coupe de France, AS Monaco fell at the final hurdle, losing against Paris Saint-Germain (0-2) on Wednesday evening at the\" \/>\n<meta name=\"robots\" content=\"index, follow, max-snippet:-1, max-image-preview:large, max-video-preview:-1\" \/>\n<link rel=\"canonical\" href=\"https:\/\/www.monaco-tribune.com\/en\/2021\/05\/as-monaco-fall-to-paris-saint-germain-missing-out-on-sixth-coupe-de-france-win\/\" \/>\n<meta property=\"og:locale\" content=\"en_US\" \/>\n<meta property=\"og:type\" content=\"article\" \/>\n<meta property=\"og:title\" content=\"AS Monaco fall to Paris Saint-Germain, missing out on sixth Coupe de France win - Monaco Tribune\" \/>\n<meta property=\"og:description\" content=\"On track to win the club\u2019s sixth Coupe de France, AS Monaco fell at the final hurdle, losing against Paris Saint-Germain (0-2) on Wednesday evening at the\" \/>\n<meta property=\"og:url\" content=\"https:\/\/www.monaco-tribune.com\/en\/2021\/05\/as-monaco-fall-to-paris-saint-germain-missing-out-on-sixth-coupe-de-france-win\/\" \/>\n<meta property=\"og:site_name\" content=\"Monaco Tribune\" \/>\n<meta property=\"article:publisher\" content=\"https:\/\/www.facebook.com\/MonacoTribune\" \/>\n<meta property=\"article:published_time\" content=\"2021-05-20T11:54:41+00:00\" \/>\n<meta property=\"article:modified_time\" content=\"2021-05-20T11:54:48+00:00\" \/>\n<meta property=\"og:image\" content=\"https:\/\/www.monaco-tribune.com\/wp-content\/uploads\/2021\/05\/asm-psg-coupe-de-france.jpeg\" \/>\n\t<meta property=\"og:image:width\" content=\"1024\" \/>\n\t<meta property=\"og:image:height\" content=\"574\" \/>\n\t<meta property=\"og:image:type\" content=\"image\/jpeg\" \/>\n<meta name=\"author\" content=\"Romain Boisaubert\" \/>\n<meta name=\"twitter:card\" content=\"summary_large_image\" \/>\n<meta name=\"twitter:creator\" content=\"@MonacoTribune\" \/>\n<meta name=\"twitter:site\" content=\"@MonacoTribune\" \/>\n<script type=\"application\/ld+json\" class=\"yoast-schema-graph\">{\"@context\":\"https:\\\/\\\/schema.org\",\"@graph\":[{\"@type\":\"NewsArticle\",\"@id\":\"https:\\\/\\\/www.monaco-tribune.com\\\/en\\\/2021\\\/05\\\/as-monaco-fall-to-paris-saint-germain-missing-out-on-sixth-coupe-de-france-win\\\/#article\",\"isPartOf\":{\"@id\":\"https:\\\/\\\/www.monaco-tribune.com\\\/en\\\/2021\\\/05\\\/as-monaco-fall-to-paris-saint-germain-missing-out-on-sixth-coupe-de-france-win\\\/\"},\"author\":{\"name\":\"Romain Boisaubert\",\"@id\":\"https:\\\/\\\/www.monaco-tribune.com\\\/en\\\/#\\\/schema\\\/person\\\/330a3732947cf8cb41b2533a0eadd62e\"},\"headline\":\"AS Monaco fall to Paris Saint-Germain, missing out on sixth Coupe de France win\",\"datePublished\":\"2021-05-20T11:54:41+00:00\",\"dateModified\":\"2021-05-20T11:54:48+00:00\",\"mainEntityOfPage\":{\"@id\":\"https:\\\/\\\/www.monaco-tribune.com\\\/en\\\/2021\\\/05\\\/as-monaco-fall-to-paris-saint-germain-missing-out-on-sixth-coupe-de-france-win\\\/\"},\"wordCount\":565,\"publisher\":{\"@id\":\"https:\\\/\\\/www.monaco-tribune.com\\\/en\\\/#organization\"},\"image\":{\"@id\":\"https:\\\/\\\/www.monaco-tribune.com\\\/en\\\/2021\\\/05\\\/as-monaco-fall-to-paris-saint-germain-missing-out-on-sixth-coupe-de-france-win\\\/#primaryimage\"},\"thumbnailUrl\":\"https:\\\/\\\/www.monaco-tribune.com\\\/wp-content\\\/uploads\\\/2021\\\/05\\\/asm-psg-coupe-de-france.jpeg\",\"keywords\":[\"AS Monaco\"],\"articleSection\":[\"Editor&#039;s choice\",\"News\",\"Sports\"],\"inLanguage\":\"en-US\",\"copyrightYear\":\"2021\",\"copyrightHolder\":{\"@id\":\"https:\\\/\\\/www.monaco-tribune.com\\\/#organization\"}},{\"@type\":\"WebPage\",\"@id\":\"https:\\\/\\\/www.monaco-tribune.com\\\/en\\\/2021\\\/05\\\/as-monaco-fall-to-paris-saint-germain-missing-out-on-sixth-coupe-de-france-win\\\/\",\"url\":\"https:\\\/\\\/www.monaco-tribune.com\\\/en\\\/2021\\\/05\\\/as-monaco-fall-to-paris-saint-germain-missing-out-on-sixth-coupe-de-france-win\\\/\",\"name\":\"AS Monaco fall to Paris Saint-Germain, missing out on sixth Coupe de France win\",\"isPartOf\":{\"@id\":\"https:\\\/\\\/www.monaco-tribune.com\\\/en\\\/#website\"},\"primaryImageOfPage\":{\"@id\":\"https:\\\/\\\/www.monaco-tribune.com\\\/en\\\/2021\\\/05\\\/as-monaco-fall-to-paris-saint-germain-missing-out-on-sixth-coupe-de-france-win\\\/#primaryimage\"},\"image\":{\"@id\":\"https:\\\/\\\/www.monaco-tribune.com\\\/en\\\/2021\\\/05\\\/as-monaco-fall-to-paris-saint-germain-missing-out-on-sixth-coupe-de-france-win\\\/#primaryimage\"},\"thumbnailUrl\":\"https:\\\/\\\/www.monaco-tribune.com\\\/wp-content\\\/uploads\\\/2021\\\/05\\\/asm-psg-coupe-de-france.jpeg\",\"datePublished\":\"2021-05-20T11:54:41+00:00\",\"dateModified\":\"2021-05-20T11:54:48+00:00\",\"description\":\"On track to win the club\u2019s sixth Coupe de France, AS Monaco fell at the final hurdle, losing against Paris Saint-Germain (0-2) on Wednesday evening at the\",\"breadcrumb\":{\"@id\":\"https:\\\/\\\/www.monaco-tribune.com\\\/en\\\/2021\\\/05\\\/as-monaco-fall-to-paris-saint-germain-missing-out-on-sixth-coupe-de-france-win\\\/#breadcrumb\"},\"inLanguage\":\"en-US\",\"potentialAction\":[{\"@type\":\"ReadAction\",\"target\":[\"https:\\\/\\\/www.monaco-tribune.com\\\/en\\\/2021\\\/05\\\/as-monaco-fall-to-paris-saint-germain-missing-out-on-sixth-coupe-de-france-win\\\/\"]}]},{\"@type\":\"ImageObject\",\"inLanguage\":\"en-US\",\"@id\":\"https:\\\/\\\/www.monaco-tribune.com\\\/en\\\/2021\\\/05\\\/as-monaco-fall-to-paris-saint-germain-missing-out-on-sixth-coupe-de-france-win\\\/#primaryimage\",\"url\":\"https:\\\/\\\/www.monaco-tribune.com\\\/wp-content\\\/uploads\\\/2021\\\/05\\\/asm-psg-coupe-de-france.jpeg\",\"contentUrl\":\"https:\\\/\\\/www.monaco-tribune.com\\\/wp-content\\\/uploads\\\/2021\\\/05\\\/asm-psg-coupe-de-france.jpeg\",\"width\":1024,\"height\":574,\"caption\":\"AS Monaco\"},{\"@type\":\"BreadcrumbList\",\"@id\":\"https:\\\/\\\/www.monaco-tribune.com\\\/en\\\/2021\\\/05\\\/as-monaco-fall-to-paris-saint-germain-missing-out-on-sixth-coupe-de-france-win\\\/#breadcrumb\",\"itemListElement\":[{\"@type\":\"ListItem\",\"position\":1,\"name\":\"Accueil\",\"item\":\"https:\\\/\\\/www.monaco-tribune.com\\\/en\\\/\"},{\"@type\":\"ListItem\",\"position\":2,\"name\":\"AS Monaco fall to Paris Saint-Germain, missing out on sixth Coupe de France win\"}]},{\"@type\":\"WebSite\",\"@id\":\"https:\\\/\\\/www.monaco-tribune.com\\\/en\\\/#website\",\"url\":\"https:\\\/\\\/www.monaco-tribune.com\\\/en\\\/\",\"name\":\"Monaco Tribune\",\"description\":\"Monaco : actualit\u00e9s \u00e9conomiques, politiques, culturelles et sportives de Monaco et de la French Riviera.\",\"publisher\":{\"@id\":\"https:\\\/\\\/www.monaco-tribune.com\\\/en\\\/#organization\"},\"potentialAction\":[{\"@type\":\"SearchAction\",\"target\":{\"@type\":\"EntryPoint\",\"urlTemplate\":\"https:\\\/\\\/www.monaco-tribune.com\\\/en\\\/?s={search_term_string}\"},\"query-input\":{\"@type\":\"PropertyValueSpecification\",\"valueRequired\":true,\"valueName\":\"search_term_string\"}}],\"inLanguage\":\"en-US\"},{\"@type\":\"Organization\",\"@id\":\"https:\\\/\\\/www.monaco-tribune.com\\\/en\\\/#organization\",\"name\":\"Monaco Tribune\",\"url\":\"https:\\\/\\\/www.monaco-tribune.com\\\/en\\\/\",\"logo\":{\"@type\":\"ImageObject\",\"inLanguage\":\"en-US\",\"@id\":\"https:\\\/\\\/www.monaco-tribune.com\\\/en\\\/#\\\/schema\\\/logo\\\/image\\\/\",\"url\":\"https:\\\/\\\/www.monaco-tribune.com\\\/wp-content\\\/uploads\\\/2022\\\/11\\\/logo-monaco-tribune.png\",\"contentUrl\":\"https:\\\/\\\/www.monaco-tribune.com\\\/wp-content\\\/uploads\\\/2022\\\/11\\\/logo-monaco-tribune.png\",\"width\":1548,\"height\":600,\"caption\":\"Monaco Tribune\"},\"image\":{\"@id\":\"https:\\\/\\\/www.monaco-tribune.com\\\/en\\\/#\\\/schema\\\/logo\\\/image\\\/\"},\"sameAs\":[\"https:\\\/\\\/www.facebook.com\\\/MonacoTribune\",\"https:\\\/\\\/x.com\\\/MonacoTribune\",\"https:\\\/\\\/www.instagram.com\\\/monacotribune\\\/\",\"https:\\\/\\\/www.linkedin.com\\\/company\\\/monaco-tribune\",\"https:\\\/\\\/www.youtube.com\\\/channel\\\/UCHle1MnG6hw1y4lWKijVbMA\"]},{\"@type\":\"Person\",\"@id\":\"https:\\\/\\\/www.monaco-tribune.com\\\/en\\\/#\\\/schema\\\/person\\\/330a3732947cf8cb41b2533a0eadd62e\",\"name\":\"Romain Boisaubert\",\"image\":{\"@type\":\"ImageObject\",\"inLanguage\":\"en-US\",\"@id\":\"https:\\\/\\\/secure.gravatar.com\\\/avatar\\\/f8b90d41f1eabd1cbe4cf59e09d8db41a697d51919bf2dfe727589a24a4a4d54?s=96&d=mm&r=g\",\"url\":\"https:\\\/\\\/secure.gravatar.com\\\/avatar\\\/f8b90d41f1eabd1cbe4cf59e09d8db41a697d51919bf2dfe727589a24a4a4d54?s=96&d=mm&r=g\",\"contentUrl\":\"https:\\\/\\\/secure.gravatar.com\\\/avatar\\\/f8b90d41f1eabd1cbe4cf59e09d8db41a697d51919bf2dfe727589a24a4a4d54?s=96&d=mm&r=g\",\"caption\":\"Romain Boisaubert\"},\"description\":\"Test bio\",\"url\":\"https:\\\/\\\/www.monaco-tribune.com\\\/en\\\/author\\\/romain-boisaubert\\\/\"}]}<\/script>\n<!-- \/ Yoast SEO Premium plugin. -->","yoast_head_json":{"title":"AS Monaco fall to Paris Saint-Germain, missing out on sixth Coupe de France win","description":"On track to win the club\u2019s sixth Coupe de France, AS Monaco fell at the final hurdle, losing against Paris Saint-Germain (0-2) on Wednesday evening at the","robots":{"index":"index","follow":"follow","max-snippet":"max-snippet:-1","max-image-preview":"max-image-preview:large","max-video-preview":"max-video-preview:-1"},"canonical":"https:\/\/www.monaco-tribune.com\/en\/2021\/05\/as-monaco-fall-to-paris-saint-germain-missing-out-on-sixth-coupe-de-france-win\/","og_locale":"en_US","og_type":"article","og_title":"AS Monaco fall to Paris Saint-Germain, missing out on sixth Coupe de France win - Monaco Tribune","og_description":"On track to win the club\u2019s sixth Coupe de France, AS Monaco fell at the final hurdle, losing against Paris Saint-Germain (0-2) on Wednesday evening at the","og_url":"https:\/\/www.monaco-tribune.com\/en\/2021\/05\/as-monaco-fall-to-paris-saint-germain-missing-out-on-sixth-coupe-de-france-win\/","og_site_name":"Monaco Tribune","article_publisher":"https:\/\/www.facebook.com\/MonacoTribune","article_published_time":"2021-05-20T11:54:41+00:00","article_modified_time":"2021-05-20T11:54:48+00:00","og_image":[{"width":1024,"height":574,"url":"https:\/\/www.monaco-tribune.com\/wp-content\/uploads\/2021\/05\/asm-psg-coupe-de-france.jpeg","type":"image\/jpeg"}],"author":"Romain Boisaubert","twitter_card":"summary_large_image","twitter_creator":"@MonacoTribune","twitter_site":"@MonacoTribune","schema":{"@context":"https:\/\/schema.org","@graph":[{"@type":"NewsArticle","@id":"https:\/\/www.monaco-tribune.com\/en\/2021\/05\/as-monaco-fall-to-paris-saint-germain-missing-out-on-sixth-coupe-de-france-win\/#article","isPartOf":{"@id":"https:\/\/www.monaco-tribune.com\/en\/2021\/05\/as-monaco-fall-to-paris-saint-germain-missing-out-on-sixth-coupe-de-france-win\/"},"author":{"name":"Romain Boisaubert","@id":"https:\/\/www.monaco-tribune.com\/en\/#\/schema\/person\/330a3732947cf8cb41b2533a0eadd62e"},"headline":"AS Monaco fall to Paris Saint-Germain, missing out on sixth Coupe de France win","datePublished":"2021-05-20T11:54:41+00:00","dateModified":"2021-05-20T11:54:48+00:00","mainEntityOfPage":{"@id":"https:\/\/www.monaco-tribune.com\/en\/2021\/05\/as-monaco-fall-to-paris-saint-germain-missing-out-on-sixth-coupe-de-france-win\/"},"wordCount":565,"publisher":{"@id":"https:\/\/www.monaco-tribune.com\/en\/#organization"},"image":{"@id":"https:\/\/www.monaco-tribune.com\/en\/2021\/05\/as-monaco-fall-to-paris-saint-germain-missing-out-on-sixth-coupe-de-france-win\/#primaryimage"},"thumbnailUrl":"https:\/\/www.monaco-tribune.com\/wp-content\/uploads\/2021\/05\/asm-psg-coupe-de-france.jpeg","keywords":["AS Monaco"],"articleSection":["Editor&#039;s choice","News","Sports"],"inLanguage":"en-US","copyrightYear":"2021","copyrightHolder":{"@id":"https:\/\/www.monaco-tribune.com\/#organization"}},{"@type":"WebPage","@id":"https:\/\/www.monaco-tribune.com\/en\/2021\/05\/as-monaco-fall-to-paris-saint-germain-missing-out-on-sixth-coupe-de-france-win\/","url":"https:\/\/www.monaco-tribune.com\/en\/2021\/05\/as-monaco-fall-to-paris-saint-germain-missing-out-on-sixth-coupe-de-france-win\/","name":"AS Monaco fall to Paris Saint-Germain, missing out on sixth Coupe de France win","isPartOf":{"@id":"https:\/\/www.monaco-tribune.com\/en\/#website"},"primaryImageOfPage":{"@id":"https:\/\/www.monaco-tribune.com\/en\/2021\/05\/as-monaco-fall-to-paris-saint-germain-missing-out-on-sixth-coupe-de-france-win\/#primaryimage"},"image":{"@id":"https:\/\/www.monaco-tribune.com\/en\/2021\/05\/as-monaco-fall-to-paris-saint-germain-missing-out-on-sixth-coupe-de-france-win\/#primaryimage"},"thumbnailUrl":"https:\/\/www.monaco-tribune.com\/wp-content\/uploads\/2021\/05\/asm-psg-coupe-de-france.jpeg","datePublished":"2021-05-20T11:54:41+00:00","dateModified":"2021-05-20T11:54:48+00:00","description":"On track to win the club\u2019s sixth Coupe de France, AS Monaco fell at the final hurdle, losing against Paris Saint-Germain (0-2) on Wednesday evening at the","breadcrumb":{"@id":"https:\/\/www.monaco-tribune.com\/en\/2021\/05\/as-monaco-fall-to-paris-saint-germain-missing-out-on-sixth-coupe-de-france-win\/#breadcrumb"},"inLanguage":"en-US","potentialAction":[{"@type":"ReadAction","target":["https:\/\/www.monaco-tribune.com\/en\/2021\/05\/as-monaco-fall-to-paris-saint-germain-missing-out-on-sixth-coupe-de-france-win\/"]}]},{"@type":"ImageObject","inLanguage":"en-US","@id":"https:\/\/www.monaco-tribune.com\/en\/2021\/05\/as-monaco-fall-to-paris-saint-germain-missing-out-on-sixth-coupe-de-france-win\/#primaryimage","url":"https:\/\/www.monaco-tribune.com\/wp-content\/uploads\/2021\/05\/asm-psg-coupe-de-france.jpeg","contentUrl":"https:\/\/www.monaco-tribune.com\/wp-content\/uploads\/2021\/05\/asm-psg-coupe-de-france.jpeg","width":1024,"height":574,"caption":"AS Monaco"},{"@type":"BreadcrumbList","@id":"https:\/\/www.monaco-tribune.com\/en\/2021\/05\/as-monaco-fall-to-paris-saint-germain-missing-out-on-sixth-coupe-de-france-win\/#breadcrumb","itemListElement":[{"@type":"ListItem","position":1,"name":"Accueil","item":"https:\/\/www.monaco-tribune.com\/en\/"},{"@type":"ListItem","position":2,"name":"AS Monaco fall to Paris Saint-Germain, missing out on sixth Coupe de France win"}]},{"@type":"WebSite","@id":"https:\/\/www.monaco-tribune.com\/en\/#website","url":"https:\/\/www.monaco-tribune.com\/en\/","name":"Monaco Tribune","description":"Monaco : actualit\u00e9s \u00e9conomiques, politiques, culturelles et sportives de Monaco et de la French Riviera.","publisher":{"@id":"https:\/\/www.monaco-tribune.com\/en\/#organization"},"potentialAction":[{"@type":"SearchAction","target":{"@type":"EntryPoint","urlTemplate":"https:\/\/www.monaco-tribune.com\/en\/?s={search_term_string}"},"query-input":{"@type":"PropertyValueSpecification","valueRequired":true,"valueName":"search_term_string"}}],"inLanguage":"en-US"},{"@type":"Organization","@id":"https:\/\/www.monaco-tribune.com\/en\/#organization","name":"Monaco Tribune","url":"https:\/\/www.monaco-tribune.com\/en\/","logo":{"@type":"ImageObject","inLanguage":"en-US","@id":"https:\/\/www.monaco-tribune.com\/en\/#\/schema\/logo\/image\/","url":"https:\/\/www.monaco-tribune.com\/wp-content\/uploads\/2022\/11\/logo-monaco-tribune.png","contentUrl":"https:\/\/www.monaco-tribune.com\/wp-content\/uploads\/2022\/11\/logo-monaco-tribune.png","width":1548,"height":600,"caption":"Monaco Tribune"},"image":{"@id":"https:\/\/www.monaco-tribune.com\/en\/#\/schema\/logo\/image\/"},"sameAs":["https:\/\/www.facebook.com\/MonacoTribune","https:\/\/x.com\/MonacoTribune","https:\/\/www.instagram.com\/monacotribune\/","https:\/\/www.linkedin.com\/company\/monaco-tribune","https:\/\/www.youtube.com\/channel\/UCHle1MnG6hw1y4lWKijVbMA"]},{"@type":"Person","@id":"https:\/\/www.monaco-tribune.com\/en\/#\/schema\/person\/330a3732947cf8cb41b2533a0eadd62e","name":"Romain Boisaubert","image":{"@type":"ImageObject","inLanguage":"en-US","@id":"https:\/\/secure.gravatar.com\/avatar\/f8b90d41f1eabd1cbe4cf59e09d8db41a697d51919bf2dfe727589a24a4a4d54?s=96&d=mm&r=g","url":"https:\/\/secure.gravatar.com\/avatar\/f8b90d41f1eabd1cbe4cf59e09d8db41a697d51919bf2dfe727589a24a4a4d54?s=96&d=mm&r=g","contentUrl":"https:\/\/secure.gravatar.com\/avatar\/f8b90d41f1eabd1cbe4cf59e09d8db41a697d51919bf2dfe727589a24a4a4d54?s=96&d=mm&r=g","caption":"Romain Boisaubert"},"description":"Test bio","url":"https:\/\/www.monaco-tribune.com\/en\/author\/romain-boisaubert\/"}]}},"_links":{"self":[{"href":"https:\/\/www.monaco-tribune.com\/en\/wp-json\/wp\/v2\/posts\/78872","targetHints":{"allow":["GET"]}}],"collection":[{"href":"https:\/\/www.monaco-tribune.com\/en\/wp-json\/wp\/v2\/posts"}],"about":[{"href":"https:\/\/www.monaco-tribune.com\/en\/wp-json\/wp\/v2\/types\/post"}],"author":[{"embeddable":true,"href":"https:\/\/www.monaco-tribune.com\/en\/wp-json\/wp\/v2\/users\/24"}],"replies":[{"embeddable":true,"href":"https:\/\/www.monaco-tribune.com\/en\/wp-json\/wp\/v2\/comments?post=78872"}],"version-history":[{"count":0,"href":"https:\/\/www.monaco-tribune.com\/en\/wp-json\/wp\/v2\/posts\/78872\/revisions"}],"wp:featuredmedia":[{"embeddable":true,"href":"https:\/\/www.monaco-tribune.com\/en\/wp-json\/wp\/v2\/media\/78858"}],"wp:attachment":[{"href":"https:\/\/www.monaco-tribune.com\/en\/wp-json\/wp\/v2\/media?parent=78872"}],"wp:term":[{"taxonomy":"category","embeddable":true,"href":"https:\/\/www.monaco-tribune.com\/en\/wp-json\/wp\/v2\/categories?post=78872"},{"taxonomy":"post_tag","embeddable":true,"href":"https:\/\/www.monaco-tribune.com\/en\/wp-json\/wp\/v2\/tags?post=78872"},{"taxonomy":"sectag","embeddable":true,"href":"https:\/\/www.monaco-tribune.com\/en\/wp-json\/wp\/v2\/post_sectags?post=78872"},{"taxonomy":"format","embeddable":true,"href":"https:\/\/www.monaco-tribune.com\/en\/wp-json\/wp\/v2\/post_format?post=78872"}],"curies":[{"name":"wp","href":"https:\/\/api.w.org\/{rel}","templated":true}]}}