{"id":80873,"date":"2021-06-07T18:17:13","date_gmt":"2021-06-07T16:17:13","guid":{"rendered":"https:\/\/www.monaco-tribune.com\/2021\/06\/azerbaijan-grand-prix-no-win-for-leclerc-perez-steals-the-show\/"},"modified":"2021-06-07T18:17:17","modified_gmt":"2021-06-07T16:17:17","slug":"azerbaijan-grand-prix-no-win-for-leclerc-perez-steals-the-show","status":"publish","type":"post","link":"https:\/\/www.monaco-tribune.com\/en\/2021\/06\/azerbaijan-grand-prix-no-win-for-leclerc-perez-steals-the-show\/","title":{"rendered":"Azerbaijan Grand Prix: no win for Leclerc, P\u00e9rez steals the show"},"content":{"rendered":"\n<p><strong>Starting in pole position, the Mon\u00e9gasque finished fourth in the Azerbaijan Grand Prix. Sergio P\u00e9rez (Red Bull) took the top spot ahead of Sebastian Vettel (Aston Martin) and Pierre Gasly (Alpha Tauri). In the lead five laps from the finish, Max Verstappen (Red Bull) crashed out from the course causing a red flag, with Lewis Hamilton (Mercedes) also making a costly mistake.<\/strong><\/p>\n\n<p>No miracle in store for Charles Leclerc this weekend. Whilst he secured pole position on Saturday, his second one after his first in Monaco two weeks ago, the Ferrari driver was unable to hold onto his lead.<\/p>\n\n<p><strong>&gt;&gt; READ ALSO:<\/strong> <a href=\"https:\/\/www.monaco-tribune.com\/en\/2021\/03\/formula-1-5-reasons-to-follow-the-racing-action-this-season\/\">Formula 1: 5 reasons to follow the racing action this season<\/a><\/p>\n\n<p>Right from the off Lewis Hamilton piled on the pressure and Max Verstappen was only able to hold him off for a couple of laps. Once the Mercedes driver passed him by it was not long before Sergio P\u00e9rez also overtook the Mon\u00e9gasque. After making a quick pitstop, Leclerc rejoined the track behind Pierre Gasly (Alpha Tauri), occupying sixth position.<\/p>\n\n<h2 class=\"wp-block-heading\" id=\"h-verstappen-g-che-tout-hamilton-aussi\">Verstappen and Hamilton cause carnage<\/h2>\n\n<p>Leclerc fought hard throughout the entire race, desperately trying to climb back up to fifth place. However, it was after other drivers made some costly mistakes that he was able to move up even higher. As Verstappen crashed out with just five laps to go, Hamilton skidded off the track after the red-flag restart just two laps from the finish. An unfortunate error, but one that Leclerc capitalised on to cross the line in fourth place. As for Leclerc&#8217;s teammate, Carlos Sainz, he finished the race in eighth place.<\/p>\n\n<p><strong>&gt;&gt; READ ALSO:<\/strong> <a href=\"https:\/\/www.monaco-tribune.com\/en\/2021\/05\/highs-and-lows-from-the-78th-monaco-grand-prix\/\">Highs and lows from the 78th Monaco Grand Prix<\/a><\/p>\n\n<p>As it stands on the leaderboard, Max Verstappen remains in the lead (105 points). Just behind him is Lewis Hamilton (101 points) and Sergio P\u00e9rez (69 points). Charles Leclerc currently sits in fifth place (52 points). The next race will be on the 20 June in Castellet for the French Grand Prix.<\/p>\n","protected":false},"excerpt":{"rendered":"<p>Starting in pole position, the Mon\u00e9gasque finished fourth in the Azerbaijan Grand Prix. Sergio P\u00e9rez (Red Bull) took the top [&hellip;]<\/p>\n","protected":false},"author":24,"featured_media":80750,"comment_status":"closed","ping_status":"closed","sticky":false,"template":"","format":"standard","meta":{"_acf_changed":false,"footnotes":""},"categories":[243,257],"tags":[2823],"post_sectags":[],"post_format":[2468],"class_list":["post-80873","post","type-post","status-publish","format-standard","has-post-thumbnail","hentry","category-news","category-sports-en","tag-charles-leclerc-en-2","format-story"],"acf":[],"yoast_head":"<!-- This site is optimized with the Yoast SEO Premium plugin v26.8 (Yoast SEO v27.4) - https:\/\/yoast.com\/product\/yoast-seo-premium-wordpress\/ -->\n<title>Azerbaijan Grand Prix: no win for Leclerc, P\u00e9rez steals the show<\/title>\n<meta name=\"description\" content=\"Starting in pole position, the Mon\u00e9gasque finished fourth in the Azerbaijan Grand Prix. Sergio P\u00e9rez (Red Bull) took the top spot ahead of Sebastian\" \/>\n<meta name=\"robots\" content=\"index, follow, max-snippet:-1, max-image-preview:large, max-video-preview:-1\" \/>\n<link rel=\"canonical\" href=\"https:\/\/www.monaco-tribune.com\/en\/2021\/06\/azerbaijan-grand-prix-no-win-for-leclerc-perez-steals-the-show\/\" \/>\n<meta property=\"og:locale\" content=\"en_US\" \/>\n<meta property=\"og:type\" content=\"article\" \/>\n<meta property=\"og:title\" content=\"Azerbaijan Grand Prix: no win for Leclerc, P\u00e9rez steals the show - Monaco Tribune\" \/>\n<meta property=\"og:description\" content=\"Starting in pole position, the Mon\u00e9gasque finished fourth in the Azerbaijan Grand Prix. Sergio P\u00e9rez (Red Bull) took the top spot ahead of Sebastian\" \/>\n<meta property=\"og:url\" content=\"https:\/\/www.monaco-tribune.com\/en\/2021\/06\/azerbaijan-grand-prix-no-win-for-leclerc-perez-steals-the-show\/\" \/>\n<meta property=\"og:site_name\" content=\"Monaco Tribune\" \/>\n<meta property=\"article:publisher\" content=\"https:\/\/www.facebook.com\/MonacoTribune\" \/>\n<meta property=\"article:published_time\" content=\"2021-06-07T16:17:13+00:00\" \/>\n<meta property=\"article:modified_time\" content=\"2021-06-07T16:17:17+00:00\" \/>\n<meta property=\"og:image\" content=\"https:\/\/www.monaco-tribune.com\/wp-content\/uploads\/2021\/06\/charles-leclerc-gp-azerbaidjan.jpeg\" \/>\n\t<meta property=\"og:image:width\" content=\"1024\" \/>\n\t<meta property=\"og:image:height\" content=\"683\" \/>\n\t<meta property=\"og:image:type\" content=\"image\/jpeg\" \/>\n<meta name=\"author\" content=\"Romain Boisaubert\" \/>\n<meta name=\"twitter:card\" content=\"summary_large_image\" \/>\n<meta name=\"twitter:creator\" content=\"@MonacoTribune\" \/>\n<meta name=\"twitter:site\" content=\"@MonacoTribune\" \/>\n<script type=\"application\/ld+json\" class=\"yoast-schema-graph\">{\"@context\":\"https:\\\/\\\/schema.org\",\"@graph\":[{\"@type\":\"NewsArticle\",\"@id\":\"https:\\\/\\\/www.monaco-tribune.com\\\/en\\\/2021\\\/06\\\/azerbaijan-grand-prix-no-win-for-leclerc-perez-steals-the-show\\\/#article\",\"isPartOf\":{\"@id\":\"https:\\\/\\\/www.monaco-tribune.com\\\/en\\\/2021\\\/06\\\/azerbaijan-grand-prix-no-win-for-leclerc-perez-steals-the-show\\\/\"},\"author\":{\"name\":\"Romain Boisaubert\",\"@id\":\"https:\\\/\\\/www.monaco-tribune.com\\\/en\\\/#\\\/schema\\\/person\\\/330a3732947cf8cb41b2533a0eadd62e\"},\"headline\":\"Azerbaijan Grand Prix: no win for Leclerc, P\u00e9rez steals the show\",\"datePublished\":\"2021-06-07T16:17:13+00:00\",\"dateModified\":\"2021-06-07T16:17:17+00:00\",\"mainEntityOfPage\":{\"@id\":\"https:\\\/\\\/www.monaco-tribune.com\\\/en\\\/2021\\\/06\\\/azerbaijan-grand-prix-no-win-for-leclerc-perez-steals-the-show\\\/\"},\"wordCount\":344,\"publisher\":{\"@id\":\"https:\\\/\\\/www.monaco-tribune.com\\\/en\\\/#organization\"},\"image\":{\"@id\":\"https:\\\/\\\/www.monaco-tribune.com\\\/en\\\/2021\\\/06\\\/azerbaijan-grand-prix-no-win-for-leclerc-perez-steals-the-show\\\/#primaryimage\"},\"thumbnailUrl\":\"https:\\\/\\\/www.monaco-tribune.com\\\/wp-content\\\/uploads\\\/2021\\\/06\\\/charles-leclerc-gp-azerbaidjan.jpeg\",\"keywords\":[\"Charles Leclerc\"],\"articleSection\":[\"News\",\"Sports\"],\"inLanguage\":\"en-US\",\"copyrightYear\":\"2021\",\"copyrightHolder\":{\"@id\":\"https:\\\/\\\/www.monaco-tribune.com\\\/#organization\"}},{\"@type\":\"WebPage\",\"@id\":\"https:\\\/\\\/www.monaco-tribune.com\\\/en\\\/2021\\\/06\\\/azerbaijan-grand-prix-no-win-for-leclerc-perez-steals-the-show\\\/\",\"url\":\"https:\\\/\\\/www.monaco-tribune.com\\\/en\\\/2021\\\/06\\\/azerbaijan-grand-prix-no-win-for-leclerc-perez-steals-the-show\\\/\",\"name\":\"Azerbaijan Grand Prix: no win for Leclerc, P\u00e9rez steals the show\",\"isPartOf\":{\"@id\":\"https:\\\/\\\/www.monaco-tribune.com\\\/en\\\/#website\"},\"primaryImageOfPage\":{\"@id\":\"https:\\\/\\\/www.monaco-tribune.com\\\/en\\\/2021\\\/06\\\/azerbaijan-grand-prix-no-win-for-leclerc-perez-steals-the-show\\\/#primaryimage\"},\"image\":{\"@id\":\"https:\\\/\\\/www.monaco-tribune.com\\\/en\\\/2021\\\/06\\\/azerbaijan-grand-prix-no-win-for-leclerc-perez-steals-the-show\\\/#primaryimage\"},\"thumbnailUrl\":\"https:\\\/\\\/www.monaco-tribune.com\\\/wp-content\\\/uploads\\\/2021\\\/06\\\/charles-leclerc-gp-azerbaidjan.jpeg\",\"datePublished\":\"2021-06-07T16:17:13+00:00\",\"dateModified\":\"2021-06-07T16:17:17+00:00\",\"description\":\"Starting in pole position, the Mon\u00e9gasque finished fourth in the Azerbaijan Grand Prix. Sergio P\u00e9rez (Red Bull) took the top spot ahead of Sebastian\",\"breadcrumb\":{\"@id\":\"https:\\\/\\\/www.monaco-tribune.com\\\/en\\\/2021\\\/06\\\/azerbaijan-grand-prix-no-win-for-leclerc-perez-steals-the-show\\\/#breadcrumb\"},\"inLanguage\":\"en-US\",\"potentialAction\":[{\"@type\":\"ReadAction\",\"target\":[\"https:\\\/\\\/www.monaco-tribune.com\\\/en\\\/2021\\\/06\\\/azerbaijan-grand-prix-no-win-for-leclerc-perez-steals-the-show\\\/\"]}]},{\"@type\":\"ImageObject\",\"inLanguage\":\"en-US\",\"@id\":\"https:\\\/\\\/www.monaco-tribune.com\\\/en\\\/2021\\\/06\\\/azerbaijan-grand-prix-no-win-for-leclerc-perez-steals-the-show\\\/#primaryimage\",\"url\":\"https:\\\/\\\/www.monaco-tribune.com\\\/wp-content\\\/uploads\\\/2021\\\/06\\\/charles-leclerc-gp-azerbaidjan.jpeg\",\"contentUrl\":\"https:\\\/\\\/www.monaco-tribune.com\\\/wp-content\\\/uploads\\\/2021\\\/06\\\/charles-leclerc-gp-azerbaidjan.jpeg\",\"width\":1024,\"height\":683,\"caption\":\"Scuderia Ferrari\"},{\"@type\":\"BreadcrumbList\",\"@id\":\"https:\\\/\\\/www.monaco-tribune.com\\\/en\\\/2021\\\/06\\\/azerbaijan-grand-prix-no-win-for-leclerc-perez-steals-the-show\\\/#breadcrumb\",\"itemListElement\":[{\"@type\":\"ListItem\",\"position\":1,\"name\":\"Accueil\",\"item\":\"https:\\\/\\\/www.monaco-tribune.com\\\/en\\\/\"},{\"@type\":\"ListItem\",\"position\":2,\"name\":\"Azerbaijan Grand Prix: no win for Leclerc, P\u00e9rez steals the show\"}]},{\"@type\":\"WebSite\",\"@id\":\"https:\\\/\\\/www.monaco-tribune.com\\\/en\\\/#website\",\"url\":\"https:\\\/\\\/www.monaco-tribune.com\\\/en\\\/\",\"name\":\"Monaco Tribune\",\"description\":\"Monaco : actualit\u00e9s \u00e9conomiques, politiques, culturelles et sportives de Monaco et de la French Riviera.\",\"publisher\":{\"@id\":\"https:\\\/\\\/www.monaco-tribune.com\\\/en\\\/#organization\"},\"potentialAction\":[{\"@type\":\"SearchAction\",\"target\":{\"@type\":\"EntryPoint\",\"urlTemplate\":\"https:\\\/\\\/www.monaco-tribune.com\\\/en\\\/?s={search_term_string}\"},\"query-input\":{\"@type\":\"PropertyValueSpecification\",\"valueRequired\":true,\"valueName\":\"search_term_string\"}}],\"inLanguage\":\"en-US\"},{\"@type\":\"Organization\",\"@id\":\"https:\\\/\\\/www.monaco-tribune.com\\\/en\\\/#organization\",\"name\":\"Monaco Tribune\",\"url\":\"https:\\\/\\\/www.monaco-tribune.com\\\/en\\\/\",\"logo\":{\"@type\":\"ImageObject\",\"inLanguage\":\"en-US\",\"@id\":\"https:\\\/\\\/www.monaco-tribune.com\\\/en\\\/#\\\/schema\\\/logo\\\/image\\\/\",\"url\":\"https:\\\/\\\/www.monaco-tribune.com\\\/wp-content\\\/uploads\\\/2022\\\/11\\\/logo-monaco-tribune.png\",\"contentUrl\":\"https:\\\/\\\/www.monaco-tribune.com\\\/wp-content\\\/uploads\\\/2022\\\/11\\\/logo-monaco-tribune.png\",\"width\":1548,\"height\":600,\"caption\":\"Monaco Tribune\"},\"image\":{\"@id\":\"https:\\\/\\\/www.monaco-tribune.com\\\/en\\\/#\\\/schema\\\/logo\\\/image\\\/\"},\"sameAs\":[\"https:\\\/\\\/www.facebook.com\\\/MonacoTribune\",\"https:\\\/\\\/x.com\\\/MonacoTribune\",\"https:\\\/\\\/www.instagram.com\\\/monacotribune\\\/\",\"https:\\\/\\\/www.linkedin.com\\\/company\\\/monaco-tribune\",\"https:\\\/\\\/www.youtube.com\\\/channel\\\/UCHle1MnG6hw1y4lWKijVbMA\"]},{\"@type\":\"Person\",\"@id\":\"https:\\\/\\\/www.monaco-tribune.com\\\/en\\\/#\\\/schema\\\/person\\\/330a3732947cf8cb41b2533a0eadd62e\",\"name\":\"Romain Boisaubert\",\"image\":{\"@type\":\"ImageObject\",\"inLanguage\":\"en-US\",\"@id\":\"https:\\\/\\\/secure.gravatar.com\\\/avatar\\\/f8b90d41f1eabd1cbe4cf59e09d8db41a697d51919bf2dfe727589a24a4a4d54?s=96&d=mm&r=g\",\"url\":\"https:\\\/\\\/secure.gravatar.com\\\/avatar\\\/f8b90d41f1eabd1cbe4cf59e09d8db41a697d51919bf2dfe727589a24a4a4d54?s=96&d=mm&r=g\",\"contentUrl\":\"https:\\\/\\\/secure.gravatar.com\\\/avatar\\\/f8b90d41f1eabd1cbe4cf59e09d8db41a697d51919bf2dfe727589a24a4a4d54?s=96&d=mm&r=g\",\"caption\":\"Romain Boisaubert\"},\"description\":\"Test bio\",\"url\":\"https:\\\/\\\/www.monaco-tribune.com\\\/en\\\/author\\\/romain-boisaubert\\\/\"}]}<\/script>\n<!-- \/ Yoast SEO Premium plugin. -->","yoast_head_json":{"title":"Azerbaijan Grand Prix: no win for Leclerc, P\u00e9rez steals the show","description":"Starting in pole position, the Mon\u00e9gasque finished fourth in the Azerbaijan Grand Prix. Sergio P\u00e9rez (Red Bull) took the top spot ahead of Sebastian","robots":{"index":"index","follow":"follow","max-snippet":"max-snippet:-1","max-image-preview":"max-image-preview:large","max-video-preview":"max-video-preview:-1"},"canonical":"https:\/\/www.monaco-tribune.com\/en\/2021\/06\/azerbaijan-grand-prix-no-win-for-leclerc-perez-steals-the-show\/","og_locale":"en_US","og_type":"article","og_title":"Azerbaijan Grand Prix: no win for Leclerc, P\u00e9rez steals the show - Monaco Tribune","og_description":"Starting in pole position, the Mon\u00e9gasque finished fourth in the Azerbaijan Grand Prix. Sergio P\u00e9rez (Red Bull) took the top spot ahead of Sebastian","og_url":"https:\/\/www.monaco-tribune.com\/en\/2021\/06\/azerbaijan-grand-prix-no-win-for-leclerc-perez-steals-the-show\/","og_site_name":"Monaco Tribune","article_publisher":"https:\/\/www.facebook.com\/MonacoTribune","article_published_time":"2021-06-07T16:17:13+00:00","article_modified_time":"2021-06-07T16:17:17+00:00","og_image":[{"width":1024,"height":683,"url":"https:\/\/www.monaco-tribune.com\/wp-content\/uploads\/2021\/06\/charles-leclerc-gp-azerbaidjan.jpeg","type":"image\/jpeg"}],"author":"Romain Boisaubert","twitter_card":"summary_large_image","twitter_creator":"@MonacoTribune","twitter_site":"@MonacoTribune","schema":{"@context":"https:\/\/schema.org","@graph":[{"@type":"NewsArticle","@id":"https:\/\/www.monaco-tribune.com\/en\/2021\/06\/azerbaijan-grand-prix-no-win-for-leclerc-perez-steals-the-show\/#article","isPartOf":{"@id":"https:\/\/www.monaco-tribune.com\/en\/2021\/06\/azerbaijan-grand-prix-no-win-for-leclerc-perez-steals-the-show\/"},"author":{"name":"Romain Boisaubert","@id":"https:\/\/www.monaco-tribune.com\/en\/#\/schema\/person\/330a3732947cf8cb41b2533a0eadd62e"},"headline":"Azerbaijan Grand Prix: no win for Leclerc, P\u00e9rez steals the show","datePublished":"2021-06-07T16:17:13+00:00","dateModified":"2021-06-07T16:17:17+00:00","mainEntityOfPage":{"@id":"https:\/\/www.monaco-tribune.com\/en\/2021\/06\/azerbaijan-grand-prix-no-win-for-leclerc-perez-steals-the-show\/"},"wordCount":344,"publisher":{"@id":"https:\/\/www.monaco-tribune.com\/en\/#organization"},"image":{"@id":"https:\/\/www.monaco-tribune.com\/en\/2021\/06\/azerbaijan-grand-prix-no-win-for-leclerc-perez-steals-the-show\/#primaryimage"},"thumbnailUrl":"https:\/\/www.monaco-tribune.com\/wp-content\/uploads\/2021\/06\/charles-leclerc-gp-azerbaidjan.jpeg","keywords":["Charles Leclerc"],"articleSection":["News","Sports"],"inLanguage":"en-US","copyrightYear":"2021","copyrightHolder":{"@id":"https:\/\/www.monaco-tribune.com\/#organization"}},{"@type":"WebPage","@id":"https:\/\/www.monaco-tribune.com\/en\/2021\/06\/azerbaijan-grand-prix-no-win-for-leclerc-perez-steals-the-show\/","url":"https:\/\/www.monaco-tribune.com\/en\/2021\/06\/azerbaijan-grand-prix-no-win-for-leclerc-perez-steals-the-show\/","name":"Azerbaijan Grand Prix: no win for Leclerc, P\u00e9rez steals the show","isPartOf":{"@id":"https:\/\/www.monaco-tribune.com\/en\/#website"},"primaryImageOfPage":{"@id":"https:\/\/www.monaco-tribune.com\/en\/2021\/06\/azerbaijan-grand-prix-no-win-for-leclerc-perez-steals-the-show\/#primaryimage"},"image":{"@id":"https:\/\/www.monaco-tribune.com\/en\/2021\/06\/azerbaijan-grand-prix-no-win-for-leclerc-perez-steals-the-show\/#primaryimage"},"thumbnailUrl":"https:\/\/www.monaco-tribune.com\/wp-content\/uploads\/2021\/06\/charles-leclerc-gp-azerbaidjan.jpeg","datePublished":"2021-06-07T16:17:13+00:00","dateModified":"2021-06-07T16:17:17+00:00","description":"Starting in pole position, the Mon\u00e9gasque finished fourth in the Azerbaijan Grand Prix. Sergio P\u00e9rez (Red Bull) took the top spot ahead of Sebastian","breadcrumb":{"@id":"https:\/\/www.monaco-tribune.com\/en\/2021\/06\/azerbaijan-grand-prix-no-win-for-leclerc-perez-steals-the-show\/#breadcrumb"},"inLanguage":"en-US","potentialAction":[{"@type":"ReadAction","target":["https:\/\/www.monaco-tribune.com\/en\/2021\/06\/azerbaijan-grand-prix-no-win-for-leclerc-perez-steals-the-show\/"]}]},{"@type":"ImageObject","inLanguage":"en-US","@id":"https:\/\/www.monaco-tribune.com\/en\/2021\/06\/azerbaijan-grand-prix-no-win-for-leclerc-perez-steals-the-show\/#primaryimage","url":"https:\/\/www.monaco-tribune.com\/wp-content\/uploads\/2021\/06\/charles-leclerc-gp-azerbaidjan.jpeg","contentUrl":"https:\/\/www.monaco-tribune.com\/wp-content\/uploads\/2021\/06\/charles-leclerc-gp-azerbaidjan.jpeg","width":1024,"height":683,"caption":"Scuderia Ferrari"},{"@type":"BreadcrumbList","@id":"https:\/\/www.monaco-tribune.com\/en\/2021\/06\/azerbaijan-grand-prix-no-win-for-leclerc-perez-steals-the-show\/#breadcrumb","itemListElement":[{"@type":"ListItem","position":1,"name":"Accueil","item":"https:\/\/www.monaco-tribune.com\/en\/"},{"@type":"ListItem","position":2,"name":"Azerbaijan Grand Prix: no win for Leclerc, P\u00e9rez steals the show"}]},{"@type":"WebSite","@id":"https:\/\/www.monaco-tribune.com\/en\/#website","url":"https:\/\/www.monaco-tribune.com\/en\/","name":"Monaco Tribune","description":"Monaco : actualit\u00e9s \u00e9conomiques, politiques, culturelles et sportives de Monaco et de la French Riviera.","publisher":{"@id":"https:\/\/www.monaco-tribune.com\/en\/#organization"},"potentialAction":[{"@type":"SearchAction","target":{"@type":"EntryPoint","urlTemplate":"https:\/\/www.monaco-tribune.com\/en\/?s={search_term_string}"},"query-input":{"@type":"PropertyValueSpecification","valueRequired":true,"valueName":"search_term_string"}}],"inLanguage":"en-US"},{"@type":"Organization","@id":"https:\/\/www.monaco-tribune.com\/en\/#organization","name":"Monaco Tribune","url":"https:\/\/www.monaco-tribune.com\/en\/","logo":{"@type":"ImageObject","inLanguage":"en-US","@id":"https:\/\/www.monaco-tribune.com\/en\/#\/schema\/logo\/image\/","url":"https:\/\/www.monaco-tribune.com\/wp-content\/uploads\/2022\/11\/logo-monaco-tribune.png","contentUrl":"https:\/\/www.monaco-tribune.com\/wp-content\/uploads\/2022\/11\/logo-monaco-tribune.png","width":1548,"height":600,"caption":"Monaco Tribune"},"image":{"@id":"https:\/\/www.monaco-tribune.com\/en\/#\/schema\/logo\/image\/"},"sameAs":["https:\/\/www.facebook.com\/MonacoTribune","https:\/\/x.com\/MonacoTribune","https:\/\/www.instagram.com\/monacotribune\/","https:\/\/www.linkedin.com\/company\/monaco-tribune","https:\/\/www.youtube.com\/channel\/UCHle1MnG6hw1y4lWKijVbMA"]},{"@type":"Person","@id":"https:\/\/www.monaco-tribune.com\/en\/#\/schema\/person\/330a3732947cf8cb41b2533a0eadd62e","name":"Romain Boisaubert","image":{"@type":"ImageObject","inLanguage":"en-US","@id":"https:\/\/secure.gravatar.com\/avatar\/f8b90d41f1eabd1cbe4cf59e09d8db41a697d51919bf2dfe727589a24a4a4d54?s=96&d=mm&r=g","url":"https:\/\/secure.gravatar.com\/avatar\/f8b90d41f1eabd1cbe4cf59e09d8db41a697d51919bf2dfe727589a24a4a4d54?s=96&d=mm&r=g","contentUrl":"https:\/\/secure.gravatar.com\/avatar\/f8b90d41f1eabd1cbe4cf59e09d8db41a697d51919bf2dfe727589a24a4a4d54?s=96&d=mm&r=g","caption":"Romain Boisaubert"},"description":"Test bio","url":"https:\/\/www.monaco-tribune.com\/en\/author\/romain-boisaubert\/"}]}},"_links":{"self":[{"href":"https:\/\/www.monaco-tribune.com\/en\/wp-json\/wp\/v2\/posts\/80873","targetHints":{"allow":["GET"]}}],"collection":[{"href":"https:\/\/www.monaco-tribune.com\/en\/wp-json\/wp\/v2\/posts"}],"about":[{"href":"https:\/\/www.monaco-tribune.com\/en\/wp-json\/wp\/v2\/types\/post"}],"author":[{"embeddable":true,"href":"https:\/\/www.monaco-tribune.com\/en\/wp-json\/wp\/v2\/users\/24"}],"replies":[{"embeddable":true,"href":"https:\/\/www.monaco-tribune.com\/en\/wp-json\/wp\/v2\/comments?post=80873"}],"version-history":[{"count":0,"href":"https:\/\/www.monaco-tribune.com\/en\/wp-json\/wp\/v2\/posts\/80873\/revisions"}],"wp:featuredmedia":[{"embeddable":true,"href":"https:\/\/www.monaco-tribune.com\/en\/wp-json\/wp\/v2\/media\/80750"}],"wp:attachment":[{"href":"https:\/\/www.monaco-tribune.com\/en\/wp-json\/wp\/v2\/media?parent=80873"}],"wp:term":[{"taxonomy":"category","embeddable":true,"href":"https:\/\/www.monaco-tribune.com\/en\/wp-json\/wp\/v2\/categories?post=80873"},{"taxonomy":"post_tag","embeddable":true,"href":"https:\/\/www.monaco-tribune.com\/en\/wp-json\/wp\/v2\/tags?post=80873"},{"taxonomy":"sectag","embeddable":true,"href":"https:\/\/www.monaco-tribune.com\/en\/wp-json\/wp\/v2\/post_sectags?post=80873"},{"taxonomy":"format","embeddable":true,"href":"https:\/\/www.monaco-tribune.com\/en\/wp-json\/wp\/v2\/post_format?post=80873"}],"curies":[{"name":"wp","href":"https:\/\/api.w.org\/{rel}","templated":true}]}}