{"id":81801,"date":"2021-06-14T17:14:13","date_gmt":"2021-06-14T15:14:13","guid":{"rendered":"https:\/\/www.monaco-tribune.com\/2021\/06\/italian-chef-andrea-berton-back-cooking-up-a-storm-at-the-hotel-de-paris\/"},"modified":"2021-06-14T17:15:11","modified_gmt":"2021-06-14T15:15:11","slug":"italian-chef-andrea-berton-back-cooking-up-a-storm-at-the-hotel-de-paris","status":"publish","type":"post","link":"https:\/\/www.monaco-tribune.com\/en\/2021\/06\/italian-chef-andrea-berton-back-cooking-up-a-storm-at-the-hotel-de-paris\/","title":{"rendered":"Italian chef Andrea Berton back cooking up a storm at the H\u00f4tel de Paris"},"content":{"rendered":"\n<p><strong>A pop-up restaurant is opening its doors in the H\u00f4tel de Paris taking guests on an Italian adventure.<\/strong><\/p>\n\n\n\n<p>After delighting diners at the H\u00f4tel de Paris last December, this two starred Michelin chef is making a comeback. Recipient of the Gambero Rosso three forks, as well as many other awards, he will be returning to the Principality this summer.<\/p>\n\n\n\n<p>Andrea Berton learnt most of his culinary skills in Milan, Florence and London and is now extending his journey to serve food lovers at the H\u00f4tel de Paris. An idyllic setting on the Mediterranean, this hotel will be welcoming guests into their newly renovated garden terrace.<\/p>\n\n\n\n<blockquote class=\"wp-block-quote is-layout-flow wp-block-quote-is-layout-flow\"><p>An Italian menu bursting with modernity and seasonal produce<\/p><cite>Ivan Artolli, Managing Director at the H\u00f4tel de Paris <\/cite><\/blockquote>\n\n\n\n<h2 class=\"wp-block-heading\" id=\"h-tastes-of-the-mediterranean\">Tastes of the Mediterranean<\/h2>\n\n\n\n<p>An authentic menu transporting guests to Italy and guaranteed to have a few tasty surprises in store. Bringing traditional Italian dishes to life, Andrea Berton has a whole host of creations to please even the toughest critics. Squid tagliatelle, spicy tomato sauce and amaranth popcorn are just some of the dishes giving diners a taste of the Mediterranean.<\/p>\n\n\n\n<p>Several other chefs are also cooking up culinary delights in SBM&#8217;s kitchens. There is the <a href=\"https:\/\/www.monaco-tribune.com\/en\/2021\/05\/award-winning-chefs-to-take-over-monacos-kitchens-this-summer\/\">Festival of Stars<\/a> this summer, as well as <a href=\"https:\/\/www.monaco-tribune.com\/en\/2021\/05\/michelin-star-chef-yannick-alleno-to-inaugurate-his-monaco-restaurant\/\">Yannick All\u00e9no&#8217;s new restaurant<\/a> at the H\u00f4tel Hermitage Monte-Carlo and the arrival of the new chef Manon Fleury at the restaurant <a href=\"https:\/\/www.monaco-tribune.com\/en\/2021\/05\/zero-waste-cooking-comes-to-the-michelin-starred-monte-carlo-beach-restaurant\/\">Elsa, at Monte-Carlo Beach<\/a>.<\/p>\n\n\n\n<p>From the 6 July to 22 August <\/p>\n\n\n\n<p>Open Tuesday evening to Sunday evening <\/p>\n\n\n\n<p>Lunch served from 12.15pm &#8211; 3pm <\/p>\n\n\n\n<p>Dinner served from 7pm &#8211; 11pm <\/p>\n\n\n\n<p>Book via phone on +377 98 06 39 39<\/p>\n","protected":false},"excerpt":{"rendered":"<p>A pop-up restaurant is opening its doors in the H\u00f4tel de Paris taking guests on an Italian adventure. After delighting [&hellip;]<\/p>\n","protected":false},"author":53,"featured_media":81761,"comment_status":"closed","ping_status":"closed","sticky":false,"template":"","format":"standard","meta":{"_acf_changed":false,"footnotes":""},"categories":[243,251],"tags":[2861],"post_sectags":[],"post_format":[2465],"class_list":["post-81801","post","type-post","status-publish","format-standard","has-post-thumbnail","hentry","category-news","category-whats-on","tag-eating-out","format-in-brief"],"acf":[],"yoast_head":"<!-- This site is optimized with the Yoast SEO Premium plugin v26.8 (Yoast SEO v27.5) - https:\/\/yoast.com\/product\/yoast-seo-premium-wordpress\/ -->\n<title>Italian chef Andrea Berton back cooking up a storm at the H\u00f4tel de Paris<\/title>\n<meta name=\"description\" content=\"A pop-up restaurant is opening its doors in the H\u00f4tel de Paris taking guests on an Italian adventure. After delighting diners at the H\u00f4tel de Paris last\" \/>\n<meta name=\"robots\" content=\"index, follow, max-snippet:-1, max-image-preview:large, max-video-preview:-1\" \/>\n<link rel=\"canonical\" href=\"https:\/\/www.monaco-tribune.com\/en\/2021\/06\/italian-chef-andrea-berton-back-cooking-up-a-storm-at-the-hotel-de-paris\/\" \/>\n<meta property=\"og:locale\" content=\"en_US\" \/>\n<meta property=\"og:type\" content=\"article\" \/>\n<meta property=\"og:title\" content=\"Italian chef Andrea Berton back cooking up a storm at the H\u00f4tel de Paris - Monaco Tribune\" \/>\n<meta property=\"og:description\" content=\"A pop-up restaurant is opening its doors in the H\u00f4tel de Paris taking guests on an Italian adventure. After delighting diners at the H\u00f4tel de Paris last\" \/>\n<meta property=\"og:url\" content=\"https:\/\/www.monaco-tribune.com\/en\/2021\/06\/italian-chef-andrea-berton-back-cooking-up-a-storm-at-the-hotel-de-paris\/\" \/>\n<meta property=\"og:site_name\" content=\"Monaco Tribune\" \/>\n<meta property=\"article:publisher\" content=\"https:\/\/www.facebook.com\/MonacoTribune\" \/>\n<meta property=\"article:published_time\" content=\"2021-06-14T15:14:13+00:00\" \/>\n<meta property=\"article:modified_time\" content=\"2021-06-14T15:15:11+00:00\" \/>\n<meta property=\"og:image\" content=\"https:\/\/www.monaco-tribune.com\/wp-content\/uploads\/2021\/06\/chef-andrea-berton-a\u0300-lho\u0302tel-de-paris.png\" \/>\n\t<meta property=\"og:image:width\" content=\"1024\" \/>\n\t<meta property=\"og:image:height\" content=\"602\" \/>\n\t<meta property=\"og:image:type\" content=\"image\/png\" \/>\n<meta name=\"author\" content=\"Alexis Gertaldi\" \/>\n<meta name=\"twitter:card\" content=\"summary_large_image\" \/>\n<meta name=\"twitter:creator\" content=\"@MonacoTribune\" \/>\n<meta name=\"twitter:site\" content=\"@MonacoTribune\" \/>\n<script type=\"application\/ld+json\" class=\"yoast-schema-graph\">{\"@context\":\"https:\\\/\\\/schema.org\",\"@graph\":[{\"@type\":\"NewsArticle\",\"@id\":\"https:\\\/\\\/www.monaco-tribune.com\\\/en\\\/2021\\\/06\\\/italian-chef-andrea-berton-back-cooking-up-a-storm-at-the-hotel-de-paris\\\/#article\",\"isPartOf\":{\"@id\":\"https:\\\/\\\/www.monaco-tribune.com\\\/en\\\/2021\\\/06\\\/italian-chef-andrea-berton-back-cooking-up-a-storm-at-the-hotel-de-paris\\\/\"},\"author\":{\"name\":\"Alexis Gertaldi\",\"@id\":\"https:\\\/\\\/www.monaco-tribune.com\\\/en\\\/#\\\/schema\\\/person\\\/0f67738182cc836268021d893fd4ba73\"},\"headline\":\"Italian chef Andrea Berton back cooking up a storm at the H\u00f4tel de Paris\",\"datePublished\":\"2021-06-14T15:14:13+00:00\",\"dateModified\":\"2021-06-14T15:15:11+00:00\",\"mainEntityOfPage\":{\"@id\":\"https:\\\/\\\/www.monaco-tribune.com\\\/en\\\/2021\\\/06\\\/italian-chef-andrea-berton-back-cooking-up-a-storm-at-the-hotel-de-paris\\\/\"},\"wordCount\":283,\"publisher\":{\"@id\":\"https:\\\/\\\/www.monaco-tribune.com\\\/en\\\/#organization\"},\"image\":{\"@id\":\"https:\\\/\\\/www.monaco-tribune.com\\\/en\\\/2021\\\/06\\\/italian-chef-andrea-berton-back-cooking-up-a-storm-at-the-hotel-de-paris\\\/#primaryimage\"},\"thumbnailUrl\":\"https:\\\/\\\/www.monaco-tribune.com\\\/wp-content\\\/uploads\\\/2021\\\/06\\\/chef-andrea-berton-a\u0300-lho\u0302tel-de-paris.png\",\"keywords\":[\"Eating out\"],\"articleSection\":[\"News\",\"What&#039;s on\"],\"inLanguage\":\"en-US\",\"copyrightYear\":\"2021\",\"copyrightHolder\":{\"@id\":\"https:\\\/\\\/www.monaco-tribune.com\\\/#organization\"}},{\"@type\":\"WebPage\",\"@id\":\"https:\\\/\\\/www.monaco-tribune.com\\\/en\\\/2021\\\/06\\\/italian-chef-andrea-berton-back-cooking-up-a-storm-at-the-hotel-de-paris\\\/\",\"url\":\"https:\\\/\\\/www.monaco-tribune.com\\\/en\\\/2021\\\/06\\\/italian-chef-andrea-berton-back-cooking-up-a-storm-at-the-hotel-de-paris\\\/\",\"name\":\"Italian chef Andrea Berton back cooking up a storm at the H\u00f4tel de Paris\",\"isPartOf\":{\"@id\":\"https:\\\/\\\/www.monaco-tribune.com\\\/en\\\/#website\"},\"primaryImageOfPage\":{\"@id\":\"https:\\\/\\\/www.monaco-tribune.com\\\/en\\\/2021\\\/06\\\/italian-chef-andrea-berton-back-cooking-up-a-storm-at-the-hotel-de-paris\\\/#primaryimage\"},\"image\":{\"@id\":\"https:\\\/\\\/www.monaco-tribune.com\\\/en\\\/2021\\\/06\\\/italian-chef-andrea-berton-back-cooking-up-a-storm-at-the-hotel-de-paris\\\/#primaryimage\"},\"thumbnailUrl\":\"https:\\\/\\\/www.monaco-tribune.com\\\/wp-content\\\/uploads\\\/2021\\\/06\\\/chef-andrea-berton-a\u0300-lho\u0302tel-de-paris.png\",\"datePublished\":\"2021-06-14T15:14:13+00:00\",\"dateModified\":\"2021-06-14T15:15:11+00:00\",\"description\":\"A pop-up restaurant is opening its doors in the H\u00f4tel de Paris taking guests on an Italian adventure. After delighting diners at the H\u00f4tel de Paris last\",\"breadcrumb\":{\"@id\":\"https:\\\/\\\/www.monaco-tribune.com\\\/en\\\/2021\\\/06\\\/italian-chef-andrea-berton-back-cooking-up-a-storm-at-the-hotel-de-paris\\\/#breadcrumb\"},\"inLanguage\":\"en-US\",\"potentialAction\":[{\"@type\":\"ReadAction\",\"target\":[\"https:\\\/\\\/www.monaco-tribune.com\\\/en\\\/2021\\\/06\\\/italian-chef-andrea-berton-back-cooking-up-a-storm-at-the-hotel-de-paris\\\/\"]}]},{\"@type\":\"ImageObject\",\"inLanguage\":\"en-US\",\"@id\":\"https:\\\/\\\/www.monaco-tribune.com\\\/en\\\/2021\\\/06\\\/italian-chef-andrea-berton-back-cooking-up-a-storm-at-the-hotel-de-paris\\\/#primaryimage\",\"url\":\"https:\\\/\\\/www.monaco-tribune.com\\\/wp-content\\\/uploads\\\/2021\\\/06\\\/chef-andrea-berton-a\u0300-lho\u0302tel-de-paris.png\",\"contentUrl\":\"https:\\\/\\\/www.monaco-tribune.com\\\/wp-content\\\/uploads\\\/2021\\\/06\\\/chef-andrea-berton-a\u0300-lho\u0302tel-de-paris.png\",\"width\":1024,\"height\":602,\"caption\":\"Jacopo Salvi \\\/ Monte-Carlo SBM\"},{\"@type\":\"BreadcrumbList\",\"@id\":\"https:\\\/\\\/www.monaco-tribune.com\\\/en\\\/2021\\\/06\\\/italian-chef-andrea-berton-back-cooking-up-a-storm-at-the-hotel-de-paris\\\/#breadcrumb\",\"itemListElement\":[{\"@type\":\"ListItem\",\"position\":1,\"name\":\"Accueil\",\"item\":\"https:\\\/\\\/www.monaco-tribune.com\\\/en\\\/\"},{\"@type\":\"ListItem\",\"position\":2,\"name\":\"Italian chef Andrea Berton back cooking up a storm at the H\u00f4tel de Paris\"}]},{\"@type\":\"WebSite\",\"@id\":\"https:\\\/\\\/www.monaco-tribune.com\\\/en\\\/#website\",\"url\":\"https:\\\/\\\/www.monaco-tribune.com\\\/en\\\/\",\"name\":\"Monaco Tribune\",\"description\":\"Monaco : actualit\u00e9s \u00e9conomiques, politiques, culturelles et sportives de Monaco et de la French Riviera.\",\"publisher\":{\"@id\":\"https:\\\/\\\/www.monaco-tribune.com\\\/en\\\/#organization\"},\"potentialAction\":[{\"@type\":\"SearchAction\",\"target\":{\"@type\":\"EntryPoint\",\"urlTemplate\":\"https:\\\/\\\/www.monaco-tribune.com\\\/en\\\/?s={search_term_string}\"},\"query-input\":{\"@type\":\"PropertyValueSpecification\",\"valueRequired\":true,\"valueName\":\"search_term_string\"}}],\"inLanguage\":\"en-US\"},{\"@type\":\"Organization\",\"@id\":\"https:\\\/\\\/www.monaco-tribune.com\\\/en\\\/#organization\",\"name\":\"Monaco Tribune\",\"url\":\"https:\\\/\\\/www.monaco-tribune.com\\\/en\\\/\",\"logo\":{\"@type\":\"ImageObject\",\"inLanguage\":\"en-US\",\"@id\":\"https:\\\/\\\/www.monaco-tribune.com\\\/en\\\/#\\\/schema\\\/logo\\\/image\\\/\",\"url\":\"https:\\\/\\\/www.monaco-tribune.com\\\/wp-content\\\/uploads\\\/2022\\\/11\\\/logo-monaco-tribune.png\",\"contentUrl\":\"https:\\\/\\\/www.monaco-tribune.com\\\/wp-content\\\/uploads\\\/2022\\\/11\\\/logo-monaco-tribune.png\",\"width\":1548,\"height\":600,\"caption\":\"Monaco Tribune\"},\"image\":{\"@id\":\"https:\\\/\\\/www.monaco-tribune.com\\\/en\\\/#\\\/schema\\\/logo\\\/image\\\/\"},\"sameAs\":[\"https:\\\/\\\/www.facebook.com\\\/MonacoTribune\",\"https:\\\/\\\/x.com\\\/MonacoTribune\",\"https:\\\/\\\/www.instagram.com\\\/monacotribune\\\/\",\"https:\\\/\\\/www.linkedin.com\\\/company\\\/monaco-tribune\",\"https:\\\/\\\/www.youtube.com\\\/channel\\\/UCHle1MnG6hw1y4lWKijVbMA\"]},{\"@type\":\"Person\",\"@id\":\"https:\\\/\\\/www.monaco-tribune.com\\\/en\\\/#\\\/schema\\\/person\\\/0f67738182cc836268021d893fd4ba73\",\"name\":\"Alexis Gertaldi\",\"image\":{\"@type\":\"ImageObject\",\"inLanguage\":\"en-US\",\"@id\":\"https:\\\/\\\/secure.gravatar.com\\\/avatar\\\/21b6ee3415f5367a62f27983f05e4438c99d07dde81a8f97705ac6877cfc19da?s=96&d=mm&r=g\",\"url\":\"https:\\\/\\\/secure.gravatar.com\\\/avatar\\\/21b6ee3415f5367a62f27983f05e4438c99d07dde81a8f97705ac6877cfc19da?s=96&d=mm&r=g\",\"contentUrl\":\"https:\\\/\\\/secure.gravatar.com\\\/avatar\\\/21b6ee3415f5367a62f27983f05e4438c99d07dde81a8f97705ac6877cfc19da?s=96&d=mm&r=g\",\"caption\":\"Alexis Gertaldi\"},\"url\":\"https:\\\/\\\/www.monaco-tribune.com\\\/en\\\/author\\\/alexisgertaldi\\\/\"}]}<\/script>\n<!-- \/ Yoast SEO Premium plugin. -->","yoast_head_json":{"title":"Italian chef Andrea Berton back cooking up a storm at the H\u00f4tel de Paris","description":"A pop-up restaurant is opening its doors in the H\u00f4tel de Paris taking guests on an Italian adventure. After delighting diners at the H\u00f4tel de Paris last","robots":{"index":"index","follow":"follow","max-snippet":"max-snippet:-1","max-image-preview":"max-image-preview:large","max-video-preview":"max-video-preview:-1"},"canonical":"https:\/\/www.monaco-tribune.com\/en\/2021\/06\/italian-chef-andrea-berton-back-cooking-up-a-storm-at-the-hotel-de-paris\/","og_locale":"en_US","og_type":"article","og_title":"Italian chef Andrea Berton back cooking up a storm at the H\u00f4tel de Paris - Monaco Tribune","og_description":"A pop-up restaurant is opening its doors in the H\u00f4tel de Paris taking guests on an Italian adventure. After delighting diners at the H\u00f4tel de Paris last","og_url":"https:\/\/www.monaco-tribune.com\/en\/2021\/06\/italian-chef-andrea-berton-back-cooking-up-a-storm-at-the-hotel-de-paris\/","og_site_name":"Monaco Tribune","article_publisher":"https:\/\/www.facebook.com\/MonacoTribune","article_published_time":"2021-06-14T15:14:13+00:00","article_modified_time":"2021-06-14T15:15:11+00:00","og_image":[{"width":1024,"height":602,"url":"https:\/\/www.monaco-tribune.com\/wp-content\/uploads\/2021\/06\/chef-andrea-berton-a\u0300-lho\u0302tel-de-paris.png","type":"image\/png"}],"author":"Alexis Gertaldi","twitter_card":"summary_large_image","twitter_creator":"@MonacoTribune","twitter_site":"@MonacoTribune","schema":{"@context":"https:\/\/schema.org","@graph":[{"@type":"NewsArticle","@id":"https:\/\/www.monaco-tribune.com\/en\/2021\/06\/italian-chef-andrea-berton-back-cooking-up-a-storm-at-the-hotel-de-paris\/#article","isPartOf":{"@id":"https:\/\/www.monaco-tribune.com\/en\/2021\/06\/italian-chef-andrea-berton-back-cooking-up-a-storm-at-the-hotel-de-paris\/"},"author":{"name":"Alexis Gertaldi","@id":"https:\/\/www.monaco-tribune.com\/en\/#\/schema\/person\/0f67738182cc836268021d893fd4ba73"},"headline":"Italian chef Andrea Berton back cooking up a storm at the H\u00f4tel de Paris","datePublished":"2021-06-14T15:14:13+00:00","dateModified":"2021-06-14T15:15:11+00:00","mainEntityOfPage":{"@id":"https:\/\/www.monaco-tribune.com\/en\/2021\/06\/italian-chef-andrea-berton-back-cooking-up-a-storm-at-the-hotel-de-paris\/"},"wordCount":283,"publisher":{"@id":"https:\/\/www.monaco-tribune.com\/en\/#organization"},"image":{"@id":"https:\/\/www.monaco-tribune.com\/en\/2021\/06\/italian-chef-andrea-berton-back-cooking-up-a-storm-at-the-hotel-de-paris\/#primaryimage"},"thumbnailUrl":"https:\/\/www.monaco-tribune.com\/wp-content\/uploads\/2021\/06\/chef-andrea-berton-a\u0300-lho\u0302tel-de-paris.png","keywords":["Eating out"],"articleSection":["News","What&#039;s on"],"inLanguage":"en-US","copyrightYear":"2021","copyrightHolder":{"@id":"https:\/\/www.monaco-tribune.com\/#organization"}},{"@type":"WebPage","@id":"https:\/\/www.monaco-tribune.com\/en\/2021\/06\/italian-chef-andrea-berton-back-cooking-up-a-storm-at-the-hotel-de-paris\/","url":"https:\/\/www.monaco-tribune.com\/en\/2021\/06\/italian-chef-andrea-berton-back-cooking-up-a-storm-at-the-hotel-de-paris\/","name":"Italian chef Andrea Berton back cooking up a storm at the H\u00f4tel de Paris","isPartOf":{"@id":"https:\/\/www.monaco-tribune.com\/en\/#website"},"primaryImageOfPage":{"@id":"https:\/\/www.monaco-tribune.com\/en\/2021\/06\/italian-chef-andrea-berton-back-cooking-up-a-storm-at-the-hotel-de-paris\/#primaryimage"},"image":{"@id":"https:\/\/www.monaco-tribune.com\/en\/2021\/06\/italian-chef-andrea-berton-back-cooking-up-a-storm-at-the-hotel-de-paris\/#primaryimage"},"thumbnailUrl":"https:\/\/www.monaco-tribune.com\/wp-content\/uploads\/2021\/06\/chef-andrea-berton-a\u0300-lho\u0302tel-de-paris.png","datePublished":"2021-06-14T15:14:13+00:00","dateModified":"2021-06-14T15:15:11+00:00","description":"A pop-up restaurant is opening its doors in the H\u00f4tel de Paris taking guests on an Italian adventure. After delighting diners at the H\u00f4tel de Paris last","breadcrumb":{"@id":"https:\/\/www.monaco-tribune.com\/en\/2021\/06\/italian-chef-andrea-berton-back-cooking-up-a-storm-at-the-hotel-de-paris\/#breadcrumb"},"inLanguage":"en-US","potentialAction":[{"@type":"ReadAction","target":["https:\/\/www.monaco-tribune.com\/en\/2021\/06\/italian-chef-andrea-berton-back-cooking-up-a-storm-at-the-hotel-de-paris\/"]}]},{"@type":"ImageObject","inLanguage":"en-US","@id":"https:\/\/www.monaco-tribune.com\/en\/2021\/06\/italian-chef-andrea-berton-back-cooking-up-a-storm-at-the-hotel-de-paris\/#primaryimage","url":"https:\/\/www.monaco-tribune.com\/wp-content\/uploads\/2021\/06\/chef-andrea-berton-a\u0300-lho\u0302tel-de-paris.png","contentUrl":"https:\/\/www.monaco-tribune.com\/wp-content\/uploads\/2021\/06\/chef-andrea-berton-a\u0300-lho\u0302tel-de-paris.png","width":1024,"height":602,"caption":"Jacopo Salvi \/ Monte-Carlo SBM"},{"@type":"BreadcrumbList","@id":"https:\/\/www.monaco-tribune.com\/en\/2021\/06\/italian-chef-andrea-berton-back-cooking-up-a-storm-at-the-hotel-de-paris\/#breadcrumb","itemListElement":[{"@type":"ListItem","position":1,"name":"Accueil","item":"https:\/\/www.monaco-tribune.com\/en\/"},{"@type":"ListItem","position":2,"name":"Italian chef Andrea Berton back cooking up a storm at the H\u00f4tel de Paris"}]},{"@type":"WebSite","@id":"https:\/\/www.monaco-tribune.com\/en\/#website","url":"https:\/\/www.monaco-tribune.com\/en\/","name":"Monaco Tribune","description":"Monaco : actualit\u00e9s \u00e9conomiques, politiques, culturelles et sportives de Monaco et de la French Riviera.","publisher":{"@id":"https:\/\/www.monaco-tribune.com\/en\/#organization"},"potentialAction":[{"@type":"SearchAction","target":{"@type":"EntryPoint","urlTemplate":"https:\/\/www.monaco-tribune.com\/en\/?s={search_term_string}"},"query-input":{"@type":"PropertyValueSpecification","valueRequired":true,"valueName":"search_term_string"}}],"inLanguage":"en-US"},{"@type":"Organization","@id":"https:\/\/www.monaco-tribune.com\/en\/#organization","name":"Monaco Tribune","url":"https:\/\/www.monaco-tribune.com\/en\/","logo":{"@type":"ImageObject","inLanguage":"en-US","@id":"https:\/\/www.monaco-tribune.com\/en\/#\/schema\/logo\/image\/","url":"https:\/\/www.monaco-tribune.com\/wp-content\/uploads\/2022\/11\/logo-monaco-tribune.png","contentUrl":"https:\/\/www.monaco-tribune.com\/wp-content\/uploads\/2022\/11\/logo-monaco-tribune.png","width":1548,"height":600,"caption":"Monaco Tribune"},"image":{"@id":"https:\/\/www.monaco-tribune.com\/en\/#\/schema\/logo\/image\/"},"sameAs":["https:\/\/www.facebook.com\/MonacoTribune","https:\/\/x.com\/MonacoTribune","https:\/\/www.instagram.com\/monacotribune\/","https:\/\/www.linkedin.com\/company\/monaco-tribune","https:\/\/www.youtube.com\/channel\/UCHle1MnG6hw1y4lWKijVbMA"]},{"@type":"Person","@id":"https:\/\/www.monaco-tribune.com\/en\/#\/schema\/person\/0f67738182cc836268021d893fd4ba73","name":"Alexis Gertaldi","image":{"@type":"ImageObject","inLanguage":"en-US","@id":"https:\/\/secure.gravatar.com\/avatar\/21b6ee3415f5367a62f27983f05e4438c99d07dde81a8f97705ac6877cfc19da?s=96&d=mm&r=g","url":"https:\/\/secure.gravatar.com\/avatar\/21b6ee3415f5367a62f27983f05e4438c99d07dde81a8f97705ac6877cfc19da?s=96&d=mm&r=g","contentUrl":"https:\/\/secure.gravatar.com\/avatar\/21b6ee3415f5367a62f27983f05e4438c99d07dde81a8f97705ac6877cfc19da?s=96&d=mm&r=g","caption":"Alexis Gertaldi"},"url":"https:\/\/www.monaco-tribune.com\/en\/author\/alexisgertaldi\/"}]}},"_links":{"self":[{"href":"https:\/\/www.monaco-tribune.com\/en\/wp-json\/wp\/v2\/posts\/81801","targetHints":{"allow":["GET"]}}],"collection":[{"href":"https:\/\/www.monaco-tribune.com\/en\/wp-json\/wp\/v2\/posts"}],"about":[{"href":"https:\/\/www.monaco-tribune.com\/en\/wp-json\/wp\/v2\/types\/post"}],"author":[{"embeddable":true,"href":"https:\/\/www.monaco-tribune.com\/en\/wp-json\/wp\/v2\/users\/53"}],"replies":[{"embeddable":true,"href":"https:\/\/www.monaco-tribune.com\/en\/wp-json\/wp\/v2\/comments?post=81801"}],"version-history":[{"count":0,"href":"https:\/\/www.monaco-tribune.com\/en\/wp-json\/wp\/v2\/posts\/81801\/revisions"}],"wp:featuredmedia":[{"embeddable":true,"href":"https:\/\/www.monaco-tribune.com\/en\/wp-json\/wp\/v2\/media\/81761"}],"wp:attachment":[{"href":"https:\/\/www.monaco-tribune.com\/en\/wp-json\/wp\/v2\/media?parent=81801"}],"wp:term":[{"taxonomy":"category","embeddable":true,"href":"https:\/\/www.monaco-tribune.com\/en\/wp-json\/wp\/v2\/categories?post=81801"},{"taxonomy":"post_tag","embeddable":true,"href":"https:\/\/www.monaco-tribune.com\/en\/wp-json\/wp\/v2\/tags?post=81801"},{"taxonomy":"sectag","embeddable":true,"href":"https:\/\/www.monaco-tribune.com\/en\/wp-json\/wp\/v2\/post_sectags?post=81801"},{"taxonomy":"format","embeddable":true,"href":"https:\/\/www.monaco-tribune.com\/en\/wp-json\/wp\/v2\/post_format?post=81801"}],"curies":[{"name":"wp","href":"https:\/\/api.w.org\/{rel}","templated":true}]}}