{"id":87399,"date":"2021-07-20T10:20:57","date_gmt":"2021-07-20T08:20:57","guid":{"rendered":"https:\/\/www.monaco-tribune.com\/2021\/07\/the-best-things-to-do-in-monaco-this-week\/"},"modified":"2021-07-20T10:21:10","modified_gmt":"2021-07-20T08:21:10","slug":"the-best-things-to-do-in-monaco-this-week","status":"publish","type":"post","link":"https:\/\/www.monaco-tribune.com\/en\/2021\/07\/the-best-things-to-do-in-monaco-this-week\/","title":{"rendered":"The best things to do in Monaco this week"},"content":{"rendered":"\n<p><strong>Looking for something to do between 20 <\/strong><strong><span lang=\"EN-US\">and 26 <\/span><\/strong><strong>July\u00a0<\/strong><strong><span lang=\"EN-US\">? <\/span><\/strong><strong><span lang=\"FR-CH\">Look no further. <\/span><\/strong><strong>From art exhibitions to plays, and a\u00a0<\/strong><strong><span lang=\"EN-US\">concert that will make you gasp \u201cmamma mia\u201d, Monaco Tribune has got you covered.<\/span><\/strong><\/p>\n\n<h2 class=\"has-text-align-center wp-block-heading\" id=\"h-exposition-bijoux-d-artistes-de-picasso-koons\">Exhibition on Artists\u2019 jewelry, from Picasso to Jeff Koons <\/h2>\n\n<p>Diane Venet\u2019s exceptional collection brings together over 180 pieces of jewelry designed by some of the biggest names of the 20th century, from Picasso, Jeff Koons and Roy Lichtenstein, to Keith Haring and Louise Bourgeois.<\/p>\n\n<p>Discover the intriguing world of Diane Venet in the Espace Indigo at Monaco\u2019s Grimaldi Forum. The exhibition is open from 10 am to 8 pm until 29 august 2021. Entry costs 6 euros. <\/p>\n\n<h2 class=\"has-text-align-center wp-block-heading\" id=\"h-concert-de-fl-te-harpe\">Flute and Harp Concert<\/h2>\n\n<p>On Tuesday 20 July at 7:30, the Church of St. Devote will host a classical and world music concert. The concert is organised by the Duo K\u00f6ln, with Issam Garfi on the flute and Johana Solbes on the harp. This is a charity event and all proceedings will go to the Music\u00e2me France Association.<\/p>\n\n<p><span lang=\"EN-US\">Entry is free<\/span> for children and <span lang=\"EN-US\">costs <\/span><span lang=\"FR-CH\">2 euros<\/span> for adults. Donations <span lang=\"EN-US\">are welcome<\/span>. To book your ticket, <span lang=\"EN-US\">please <\/span><a href=\"https:\/\/www.helloasso.com\/associations\/musicame-france\/evenements\/duo-koln-flute-harpe-mardi-20-juillet-2020-a-monaco?_ga=2.1726129.1295015201.1623246207-189863072.1619558811\">click here<\/a>.<\/p>\n\n<h2 class=\"has-text-align-center wp-block-heading\" id=\"h-tartuffe-d-apr-s-tartuffe-d-apr-s-tartuffe-d-apr-s-moli-re\">Tartuffe d\u2019apr\u00e8s Tartuffe d\u2019apr\u00e8s Tartuffe d\u2019apr\u00e8s Moli\u00e8re<\/h2>\n\n<p>In the mood for a French play? Tartuffe d\u2019apr\u00e8s Tartuffe d\u2019apr\u00e8s Tartuffe d\u2019apr\u00e8s Moli\u00e8re will be staged on Tuesday 20 July at 9.30pm at the Th\u00e9\u00e2tre du Fort Antoine, on Avenue de la Quarantaine. The one-man show is an original work directed by and starring Guillaume Bailliart.<\/p>\n\n<p>Tickets are free, but need to be reserved beforehand at the Th\u00e9\u00e2tre Princesse Grace, 12 avenue d&#8217;Ostende.<\/p>\n\n<h2 class=\"has-text-align-center wp-block-heading\" id=\"h-orchestre-philharmonique-de-monte-carlo\">Monte-Carlo Philharmonic Orchestra <\/h2>\n\n<p>The summer concerts of the Monte-Carlo <span lang=\"EN-US\">P<\/span>hilharmonic <span lang=\"EN-US\">O<\/span>rchestra<span lang=\"EN-US\"> (OPMC)<\/span> are not to be missed. <span lang=\"EN-US\">On Thursday 22 July, pianists <\/span>Katia <span lang=\"EN-US\">and<\/span> Marielle Labeque <span lang=\"EN-US\">will be performing alongside orchestra director<\/span> Tom\u00e1\u0161 Netopil<span lang=\"EN-US\"> works by <\/span>Francis Poulenc <span lang=\"EN-US\">and<\/span> Bed\u0159ich Smetana.<\/p>\n\n<p>&#13;\n&#13;\nTicket<span lang=\"EN-US\">s start at<\/span> 20<span lang=\"FR-CH\"> euros <\/span><span lang=\"EN-US\">and can be purchased <a href=\"https:\/\/indiv.themisweb.fr\/0526\/fChoixSeance.aspx?idstructure=0526&amp;EventId=744&amp;request=QcE+w0WHSuCzWDnDWpkYGsQqvYDsJea2\/3c0JLJFx9mrXJho\/2w37reOkpd2195WNfFNhGkgYfipKpAO9x2n5lUJyOUQ9dKf\">on the website of the OPMC. <\/a><\/span>&#13;\n&#13;\n<\/p>\n\n<h2 class=\"has-text-align-center wp-block-heading\" id=\"h-the-show-a-tribute-to-abba\">The show &#8211; A tribute to ABBA<\/h2>\n\n<p>&#13;\n&#13;\n<span lang=\"EN-US\">T<\/span>o close the week <span lang=\"EN-US\">with a bang<\/span>, <span lang=\"EN-US\">why not dance away the night to Abba\u2019s most famous tunes? O<\/span>n Saturday 24 July<span lang=\"EN-US\">,<\/span> the Salle des \u00c9toiles will be transformed into a dancefloor for the Fight Aids Monaco evening<span lang=\"EN-US\">. Whether you want to relive the greatest hits of the Swedish group or celebrate the reopening of Monaco\u2019s dancefloors after a year and a half of closure, <\/span>the <span lang=\"EN-US\">ABBA tribute band<\/span> The Show<span lang=\"EN-US\"> will sure give you a night to remember. <\/span>Doors open at 8pm and the concert starts at 10:30pm.&#13;\n&#13;\n<\/p>\n\n<p>&#13;\nTickets begin at 227 euros per person and can be <span lang=\"EN-US\">purchased<\/span> <a href=\"https:\/\/www.montecarlosbm.com\/fr\/spectacles\/monte-carlo-sporting-summer-festival\/abba\">on the website of the SBM<span lang=\"EN-US\">. <\/span><\/a>&#13;\n&#13;\n<\/p>\n","protected":false},"excerpt":{"rendered":"<p>Looking for something to do between 20 and 26 July\u00a0? Look no further. From art exhibitions to plays, and a\u00a0concert [&hellip;]<\/p>\n","protected":false},"author":54,"featured_media":30873,"comment_status":"closed","ping_status":"closed","sticky":false,"template":"","format":"standard","meta":{"_acf_changed":false,"footnotes":""},"categories":[243,251],"tags":[2844],"post_sectags":[],"post_format":[2452],"class_list":["post-87399","post","type-post","status-publish","format-standard","has-post-thumbnail","hentry","category-news","category-whats-on","tag-events-en","format-events"],"acf":[],"yoast_head":"<!-- This site is optimized with the Yoast SEO Premium plugin v26.8 (Yoast SEO v27.5) - https:\/\/yoast.com\/product\/yoast-seo-premium-wordpress\/ -->\n<title>The best things to do in Monaco this week<\/title>\n<meta name=\"description\" content=\"Looking for something to do between 20 and 26 July\u00a0? Look no further. From art exhibitions to plays, and a\u00a0concert that will make you gasp \u201cmamma mia\u201d,\" \/>\n<meta name=\"robots\" content=\"index, follow, max-snippet:-1, max-image-preview:large, max-video-preview:-1\" \/>\n<link rel=\"canonical\" href=\"https:\/\/www.monaco-tribune.com\/en\/2021\/07\/the-best-things-to-do-in-monaco-this-week\/\" \/>\n<meta property=\"og:locale\" content=\"en_US\" \/>\n<meta property=\"og:type\" content=\"article\" \/>\n<meta property=\"og:title\" content=\"The best things to do in Monaco this week - Monaco Tribune\" \/>\n<meta property=\"og:description\" content=\"Looking for something to do between 20 and 26 July\u00a0? Look no further. From art exhibitions to plays, and a\u00a0concert that will make you gasp \u201cmamma mia\u201d,\" \/>\n<meta property=\"og:url\" content=\"https:\/\/www.monaco-tribune.com\/en\/2021\/07\/the-best-things-to-do-in-monaco-this-week\/\" \/>\n<meta property=\"og:site_name\" content=\"Monaco Tribune\" \/>\n<meta property=\"article:publisher\" content=\"https:\/\/www.facebook.com\/MonacoTribune\" \/>\n<meta property=\"article:published_time\" content=\"2021-07-20T08:20:57+00:00\" \/>\n<meta property=\"article:modified_time\" content=\"2021-07-20T08:21:10+00:00\" \/>\n<meta property=\"og:image\" content=\"https:\/\/www.monaco-tribune.com\/wp-content\/uploads\/2020\/06\/palais-princier-monaco-orchestre-concert.jpg\" \/>\n\t<meta property=\"og:image:width\" content=\"1750\" \/>\n\t<meta property=\"og:image:height\" content=\"1313\" \/>\n\t<meta property=\"og:image:type\" content=\"image\/jpeg\" \/>\n<meta name=\"author\" content=\"Simon Zwierniak\" \/>\n<meta name=\"twitter:card\" content=\"summary_large_image\" \/>\n<meta name=\"twitter:creator\" content=\"@MonacoTribune\" \/>\n<meta name=\"twitter:site\" content=\"@MonacoTribune\" \/>\n<script type=\"application\/ld+json\" class=\"yoast-schema-graph\">{\"@context\":\"https:\\\/\\\/schema.org\",\"@graph\":[{\"@type\":\"NewsArticle\",\"@id\":\"https:\\\/\\\/www.monaco-tribune.com\\\/en\\\/2021\\\/07\\\/the-best-things-to-do-in-monaco-this-week\\\/#article\",\"isPartOf\":{\"@id\":\"https:\\\/\\\/www.monaco-tribune.com\\\/en\\\/2021\\\/07\\\/the-best-things-to-do-in-monaco-this-week\\\/\"},\"author\":{\"name\":\"Simon Zwierniak\",\"@id\":\"https:\\\/\\\/www.monaco-tribune.com\\\/en\\\/#\\\/schema\\\/person\\\/8999750e061d77476d5caf542c77c841\"},\"headline\":\"The best things to do in Monaco this week\",\"datePublished\":\"2021-07-20T08:20:57+00:00\",\"dateModified\":\"2021-07-20T08:21:10+00:00\",\"mainEntityOfPage\":{\"@id\":\"https:\\\/\\\/www.monaco-tribune.com\\\/en\\\/2021\\\/07\\\/the-best-things-to-do-in-monaco-this-week\\\/\"},\"wordCount\":446,\"publisher\":{\"@id\":\"https:\\\/\\\/www.monaco-tribune.com\\\/en\\\/#organization\"},\"image\":{\"@id\":\"https:\\\/\\\/www.monaco-tribune.com\\\/en\\\/2021\\\/07\\\/the-best-things-to-do-in-monaco-this-week\\\/#primaryimage\"},\"thumbnailUrl\":\"https:\\\/\\\/www.monaco-tribune.com\\\/wp-content\\\/uploads\\\/2020\\\/06\\\/palais-princier-monaco-orchestre-concert.jpg\",\"keywords\":[\"Events\"],\"articleSection\":[\"News\",\"What&#039;s on\"],\"inLanguage\":\"en-US\",\"copyrightYear\":\"2021\",\"copyrightHolder\":{\"@id\":\"https:\\\/\\\/www.monaco-tribune.com\\\/#organization\"}},{\"@type\":\"WebPage\",\"@id\":\"https:\\\/\\\/www.monaco-tribune.com\\\/en\\\/2021\\\/07\\\/the-best-things-to-do-in-monaco-this-week\\\/\",\"url\":\"https:\\\/\\\/www.monaco-tribune.com\\\/en\\\/2021\\\/07\\\/the-best-things-to-do-in-monaco-this-week\\\/\",\"name\":\"The best things to do in Monaco this week\",\"isPartOf\":{\"@id\":\"https:\\\/\\\/www.monaco-tribune.com\\\/en\\\/#website\"},\"primaryImageOfPage\":{\"@id\":\"https:\\\/\\\/www.monaco-tribune.com\\\/en\\\/2021\\\/07\\\/the-best-things-to-do-in-monaco-this-week\\\/#primaryimage\"},\"image\":{\"@id\":\"https:\\\/\\\/www.monaco-tribune.com\\\/en\\\/2021\\\/07\\\/the-best-things-to-do-in-monaco-this-week\\\/#primaryimage\"},\"thumbnailUrl\":\"https:\\\/\\\/www.monaco-tribune.com\\\/wp-content\\\/uploads\\\/2020\\\/06\\\/palais-princier-monaco-orchestre-concert.jpg\",\"datePublished\":\"2021-07-20T08:20:57+00:00\",\"dateModified\":\"2021-07-20T08:21:10+00:00\",\"description\":\"Looking for something to do between 20 and 26 July\u00a0? Look no further. From art exhibitions to plays, and a\u00a0concert that will make you gasp \u201cmamma mia\u201d,\",\"breadcrumb\":{\"@id\":\"https:\\\/\\\/www.monaco-tribune.com\\\/en\\\/2021\\\/07\\\/the-best-things-to-do-in-monaco-this-week\\\/#breadcrumb\"},\"inLanguage\":\"en-US\",\"potentialAction\":[{\"@type\":\"ReadAction\",\"target\":[\"https:\\\/\\\/www.monaco-tribune.com\\\/en\\\/2021\\\/07\\\/the-best-things-to-do-in-monaco-this-week\\\/\"]}]},{\"@type\":\"ImageObject\",\"inLanguage\":\"en-US\",\"@id\":\"https:\\\/\\\/www.monaco-tribune.com\\\/en\\\/2021\\\/07\\\/the-best-things-to-do-in-monaco-this-week\\\/#primaryimage\",\"url\":\"https:\\\/\\\/www.monaco-tribune.com\\\/wp-content\\\/uploads\\\/2020\\\/06\\\/palais-princier-monaco-orchestre-concert.jpg\",\"contentUrl\":\"https:\\\/\\\/www.monaco-tribune.com\\\/wp-content\\\/uploads\\\/2020\\\/06\\\/palais-princier-monaco-orchestre-concert.jpg\",\"width\":1750,\"height\":1313,\"caption\":\"MC Clic\"},{\"@type\":\"BreadcrumbList\",\"@id\":\"https:\\\/\\\/www.monaco-tribune.com\\\/en\\\/2021\\\/07\\\/the-best-things-to-do-in-monaco-this-week\\\/#breadcrumb\",\"itemListElement\":[{\"@type\":\"ListItem\",\"position\":1,\"name\":\"Accueil\",\"item\":\"https:\\\/\\\/www.monaco-tribune.com\\\/en\\\/\"},{\"@type\":\"ListItem\",\"position\":2,\"name\":\"The best things to do in Monaco this week\"}]},{\"@type\":\"WebSite\",\"@id\":\"https:\\\/\\\/www.monaco-tribune.com\\\/en\\\/#website\",\"url\":\"https:\\\/\\\/www.monaco-tribune.com\\\/en\\\/\",\"name\":\"Monaco Tribune\",\"description\":\"Monaco : actualit\u00e9s \u00e9conomiques, politiques, culturelles et sportives de Monaco et de la French Riviera.\",\"publisher\":{\"@id\":\"https:\\\/\\\/www.monaco-tribune.com\\\/en\\\/#organization\"},\"potentialAction\":[{\"@type\":\"SearchAction\",\"target\":{\"@type\":\"EntryPoint\",\"urlTemplate\":\"https:\\\/\\\/www.monaco-tribune.com\\\/en\\\/?s={search_term_string}\"},\"query-input\":{\"@type\":\"PropertyValueSpecification\",\"valueRequired\":true,\"valueName\":\"search_term_string\"}}],\"inLanguage\":\"en-US\"},{\"@type\":\"Organization\",\"@id\":\"https:\\\/\\\/www.monaco-tribune.com\\\/en\\\/#organization\",\"name\":\"Monaco Tribune\",\"url\":\"https:\\\/\\\/www.monaco-tribune.com\\\/en\\\/\",\"logo\":{\"@type\":\"ImageObject\",\"inLanguage\":\"en-US\",\"@id\":\"https:\\\/\\\/www.monaco-tribune.com\\\/en\\\/#\\\/schema\\\/logo\\\/image\\\/\",\"url\":\"https:\\\/\\\/www.monaco-tribune.com\\\/wp-content\\\/uploads\\\/2022\\\/11\\\/logo-monaco-tribune.png\",\"contentUrl\":\"https:\\\/\\\/www.monaco-tribune.com\\\/wp-content\\\/uploads\\\/2022\\\/11\\\/logo-monaco-tribune.png\",\"width\":1548,\"height\":600,\"caption\":\"Monaco Tribune\"},\"image\":{\"@id\":\"https:\\\/\\\/www.monaco-tribune.com\\\/en\\\/#\\\/schema\\\/logo\\\/image\\\/\"},\"sameAs\":[\"https:\\\/\\\/www.facebook.com\\\/MonacoTribune\",\"https:\\\/\\\/x.com\\\/MonacoTribune\",\"https:\\\/\\\/www.instagram.com\\\/monacotribune\\\/\",\"https:\\\/\\\/www.linkedin.com\\\/company\\\/monaco-tribune\",\"https:\\\/\\\/www.youtube.com\\\/channel\\\/UCHle1MnG6hw1y4lWKijVbMA\"]},{\"@type\":\"Person\",\"@id\":\"https:\\\/\\\/www.monaco-tribune.com\\\/en\\\/#\\\/schema\\\/person\\\/8999750e061d77476d5caf542c77c841\",\"name\":\"Simon Zwierniak\",\"image\":{\"@type\":\"ImageObject\",\"inLanguage\":\"en-US\",\"@id\":\"https:\\\/\\\/secure.gravatar.com\\\/avatar\\\/4996370fc4436ccbc5a09f3a9d6393bb07b46b707a1982d1874380fb0c5458de?s=96&d=mm&r=g\",\"url\":\"https:\\\/\\\/secure.gravatar.com\\\/avatar\\\/4996370fc4436ccbc5a09f3a9d6393bb07b46b707a1982d1874380fb0c5458de?s=96&d=mm&r=g\",\"contentUrl\":\"https:\\\/\\\/secure.gravatar.com\\\/avatar\\\/4996370fc4436ccbc5a09f3a9d6393bb07b46b707a1982d1874380fb0c5458de?s=96&d=mm&r=g\",\"caption\":\"Simon Zwierniak\"},\"url\":\"https:\\\/\\\/www.monaco-tribune.com\\\/en\\\/author\\\/simonzwierniak\\\/\"}]}<\/script>\n<!-- \/ Yoast SEO Premium plugin. -->","yoast_head_json":{"title":"The best things to do in Monaco this week","description":"Looking for something to do between 20 and 26 July\u00a0? Look no further. From art exhibitions to plays, and a\u00a0concert that will make you gasp \u201cmamma mia\u201d,","robots":{"index":"index","follow":"follow","max-snippet":"max-snippet:-1","max-image-preview":"max-image-preview:large","max-video-preview":"max-video-preview:-1"},"canonical":"https:\/\/www.monaco-tribune.com\/en\/2021\/07\/the-best-things-to-do-in-monaco-this-week\/","og_locale":"en_US","og_type":"article","og_title":"The best things to do in Monaco this week - Monaco Tribune","og_description":"Looking for something to do between 20 and 26 July\u00a0? Look no further. From art exhibitions to plays, and a\u00a0concert that will make you gasp \u201cmamma mia\u201d,","og_url":"https:\/\/www.monaco-tribune.com\/en\/2021\/07\/the-best-things-to-do-in-monaco-this-week\/","og_site_name":"Monaco Tribune","article_publisher":"https:\/\/www.facebook.com\/MonacoTribune","article_published_time":"2021-07-20T08:20:57+00:00","article_modified_time":"2021-07-20T08:21:10+00:00","og_image":[{"width":1750,"height":1313,"url":"https:\/\/www.monaco-tribune.com\/wp-content\/uploads\/2020\/06\/palais-princier-monaco-orchestre-concert.jpg","type":"image\/jpeg"}],"author":"Simon Zwierniak","twitter_card":"summary_large_image","twitter_creator":"@MonacoTribune","twitter_site":"@MonacoTribune","schema":{"@context":"https:\/\/schema.org","@graph":[{"@type":"NewsArticle","@id":"https:\/\/www.monaco-tribune.com\/en\/2021\/07\/the-best-things-to-do-in-monaco-this-week\/#article","isPartOf":{"@id":"https:\/\/www.monaco-tribune.com\/en\/2021\/07\/the-best-things-to-do-in-monaco-this-week\/"},"author":{"name":"Simon Zwierniak","@id":"https:\/\/www.monaco-tribune.com\/en\/#\/schema\/person\/8999750e061d77476d5caf542c77c841"},"headline":"The best things to do in Monaco this week","datePublished":"2021-07-20T08:20:57+00:00","dateModified":"2021-07-20T08:21:10+00:00","mainEntityOfPage":{"@id":"https:\/\/www.monaco-tribune.com\/en\/2021\/07\/the-best-things-to-do-in-monaco-this-week\/"},"wordCount":446,"publisher":{"@id":"https:\/\/www.monaco-tribune.com\/en\/#organization"},"image":{"@id":"https:\/\/www.monaco-tribune.com\/en\/2021\/07\/the-best-things-to-do-in-monaco-this-week\/#primaryimage"},"thumbnailUrl":"https:\/\/www.monaco-tribune.com\/wp-content\/uploads\/2020\/06\/palais-princier-monaco-orchestre-concert.jpg","keywords":["Events"],"articleSection":["News","What&#039;s on"],"inLanguage":"en-US","copyrightYear":"2021","copyrightHolder":{"@id":"https:\/\/www.monaco-tribune.com\/#organization"}},{"@type":"WebPage","@id":"https:\/\/www.monaco-tribune.com\/en\/2021\/07\/the-best-things-to-do-in-monaco-this-week\/","url":"https:\/\/www.monaco-tribune.com\/en\/2021\/07\/the-best-things-to-do-in-monaco-this-week\/","name":"The best things to do in Monaco this week","isPartOf":{"@id":"https:\/\/www.monaco-tribune.com\/en\/#website"},"primaryImageOfPage":{"@id":"https:\/\/www.monaco-tribune.com\/en\/2021\/07\/the-best-things-to-do-in-monaco-this-week\/#primaryimage"},"image":{"@id":"https:\/\/www.monaco-tribune.com\/en\/2021\/07\/the-best-things-to-do-in-monaco-this-week\/#primaryimage"},"thumbnailUrl":"https:\/\/www.monaco-tribune.com\/wp-content\/uploads\/2020\/06\/palais-princier-monaco-orchestre-concert.jpg","datePublished":"2021-07-20T08:20:57+00:00","dateModified":"2021-07-20T08:21:10+00:00","description":"Looking for something to do between 20 and 26 July\u00a0? Look no further. From art exhibitions to plays, and a\u00a0concert that will make you gasp \u201cmamma mia\u201d,","breadcrumb":{"@id":"https:\/\/www.monaco-tribune.com\/en\/2021\/07\/the-best-things-to-do-in-monaco-this-week\/#breadcrumb"},"inLanguage":"en-US","potentialAction":[{"@type":"ReadAction","target":["https:\/\/www.monaco-tribune.com\/en\/2021\/07\/the-best-things-to-do-in-monaco-this-week\/"]}]},{"@type":"ImageObject","inLanguage":"en-US","@id":"https:\/\/www.monaco-tribune.com\/en\/2021\/07\/the-best-things-to-do-in-monaco-this-week\/#primaryimage","url":"https:\/\/www.monaco-tribune.com\/wp-content\/uploads\/2020\/06\/palais-princier-monaco-orchestre-concert.jpg","contentUrl":"https:\/\/www.monaco-tribune.com\/wp-content\/uploads\/2020\/06\/palais-princier-monaco-orchestre-concert.jpg","width":1750,"height":1313,"caption":"MC Clic"},{"@type":"BreadcrumbList","@id":"https:\/\/www.monaco-tribune.com\/en\/2021\/07\/the-best-things-to-do-in-monaco-this-week\/#breadcrumb","itemListElement":[{"@type":"ListItem","position":1,"name":"Accueil","item":"https:\/\/www.monaco-tribune.com\/en\/"},{"@type":"ListItem","position":2,"name":"The best things to do in Monaco this week"}]},{"@type":"WebSite","@id":"https:\/\/www.monaco-tribune.com\/en\/#website","url":"https:\/\/www.monaco-tribune.com\/en\/","name":"Monaco Tribune","description":"Monaco : actualit\u00e9s \u00e9conomiques, politiques, culturelles et sportives de Monaco et de la French Riviera.","publisher":{"@id":"https:\/\/www.monaco-tribune.com\/en\/#organization"},"potentialAction":[{"@type":"SearchAction","target":{"@type":"EntryPoint","urlTemplate":"https:\/\/www.monaco-tribune.com\/en\/?s={search_term_string}"},"query-input":{"@type":"PropertyValueSpecification","valueRequired":true,"valueName":"search_term_string"}}],"inLanguage":"en-US"},{"@type":"Organization","@id":"https:\/\/www.monaco-tribune.com\/en\/#organization","name":"Monaco Tribune","url":"https:\/\/www.monaco-tribune.com\/en\/","logo":{"@type":"ImageObject","inLanguage":"en-US","@id":"https:\/\/www.monaco-tribune.com\/en\/#\/schema\/logo\/image\/","url":"https:\/\/www.monaco-tribune.com\/wp-content\/uploads\/2022\/11\/logo-monaco-tribune.png","contentUrl":"https:\/\/www.monaco-tribune.com\/wp-content\/uploads\/2022\/11\/logo-monaco-tribune.png","width":1548,"height":600,"caption":"Monaco Tribune"},"image":{"@id":"https:\/\/www.monaco-tribune.com\/en\/#\/schema\/logo\/image\/"},"sameAs":["https:\/\/www.facebook.com\/MonacoTribune","https:\/\/x.com\/MonacoTribune","https:\/\/www.instagram.com\/monacotribune\/","https:\/\/www.linkedin.com\/company\/monaco-tribune","https:\/\/www.youtube.com\/channel\/UCHle1MnG6hw1y4lWKijVbMA"]},{"@type":"Person","@id":"https:\/\/www.monaco-tribune.com\/en\/#\/schema\/person\/8999750e061d77476d5caf542c77c841","name":"Simon Zwierniak","image":{"@type":"ImageObject","inLanguage":"en-US","@id":"https:\/\/secure.gravatar.com\/avatar\/4996370fc4436ccbc5a09f3a9d6393bb07b46b707a1982d1874380fb0c5458de?s=96&d=mm&r=g","url":"https:\/\/secure.gravatar.com\/avatar\/4996370fc4436ccbc5a09f3a9d6393bb07b46b707a1982d1874380fb0c5458de?s=96&d=mm&r=g","contentUrl":"https:\/\/secure.gravatar.com\/avatar\/4996370fc4436ccbc5a09f3a9d6393bb07b46b707a1982d1874380fb0c5458de?s=96&d=mm&r=g","caption":"Simon Zwierniak"},"url":"https:\/\/www.monaco-tribune.com\/en\/author\/simonzwierniak\/"}]}},"_links":{"self":[{"href":"https:\/\/www.monaco-tribune.com\/en\/wp-json\/wp\/v2\/posts\/87399","targetHints":{"allow":["GET"]}}],"collection":[{"href":"https:\/\/www.monaco-tribune.com\/en\/wp-json\/wp\/v2\/posts"}],"about":[{"href":"https:\/\/www.monaco-tribune.com\/en\/wp-json\/wp\/v2\/types\/post"}],"author":[{"embeddable":true,"href":"https:\/\/www.monaco-tribune.com\/en\/wp-json\/wp\/v2\/users\/54"}],"replies":[{"embeddable":true,"href":"https:\/\/www.monaco-tribune.com\/en\/wp-json\/wp\/v2\/comments?post=87399"}],"version-history":[{"count":0,"href":"https:\/\/www.monaco-tribune.com\/en\/wp-json\/wp\/v2\/posts\/87399\/revisions"}],"wp:featuredmedia":[{"embeddable":true,"href":"https:\/\/www.monaco-tribune.com\/en\/wp-json\/wp\/v2\/media\/30873"}],"wp:attachment":[{"href":"https:\/\/www.monaco-tribune.com\/en\/wp-json\/wp\/v2\/media?parent=87399"}],"wp:term":[{"taxonomy":"category","embeddable":true,"href":"https:\/\/www.monaco-tribune.com\/en\/wp-json\/wp\/v2\/categories?post=87399"},{"taxonomy":"post_tag","embeddable":true,"href":"https:\/\/www.monaco-tribune.com\/en\/wp-json\/wp\/v2\/tags?post=87399"},{"taxonomy":"sectag","embeddable":true,"href":"https:\/\/www.monaco-tribune.com\/en\/wp-json\/wp\/v2\/post_sectags?post=87399"},{"taxonomy":"format","embeddable":true,"href":"https:\/\/www.monaco-tribune.com\/en\/wp-json\/wp\/v2\/post_format?post=87399"}],"curies":[{"name":"wp","href":"https:\/\/api.w.org\/{rel}","templated":true}]}}