{"id":96400,"date":"2021-10-15T17:38:04","date_gmt":"2021-10-15T15:38:04","guid":{"rendered":"https:\/\/www.monaco-tribune.com\/2021\/10\/photos-first-images-of-prince-albert-in-the-documentary-alick-and-albert\/"},"modified":"2021-10-16T20:08:57","modified_gmt":"2021-10-16T18:08:57","slug":"photos-first-images-of-prince-albert-in-the-documentary-alick-and-albert","status":"publish","type":"post","link":"https:\/\/www.monaco-tribune.com\/en\/2021\/10\/photos-first-images-of-prince-albert-in-the-documentary-alick-and-albert\/","title":{"rendered":"PHOTOS. First images of Prince Albert in the documentary &#8220;Alick and Albert&#8221;"},"content":{"rendered":"\n<p><strong>Douglas Watkin&#8217;s film was screened at the opening of the 23rd Festival des Antipodes in Saint-Tropez. A festival dedicated to Australian and New Zealand cinema.<\/strong><\/p>\n\n<p>On the evening of Wednesday 13 October, the film Alick and Albert, a 90-minute documentary, was premiered. Here&#8217;s a look back at this screening in the heart of the Renaissance cinema in Saint-Tropez.<\/p>\n\n<figure class=\"wp-block-gallery columns-1 is-cropped wp-block-gallery-1 is-layout-flex wp-block-gallery-is-layout-flex\"><ul class=\"blocks-gallery-grid\"><li class=\"blocks-gallery-item\"><figure><img decoding=\"async\" src=\"https:\/\/www.monaco-tribune.com\/wp-content\/uploads\/2021\/10\/bd_bernard-bories-greta-morton-elangue-sonia-rolland-s.a.s.-le-prince-sylvie-siri-samuel-le-bihan-lilly-fleur-pointeaux-robert-calcagno-&#xA9;p.fitte_-1024x684.jpg\" alt=\"Alick and Albert\" data-id=\"96171\" data-full-url=\"https:\/\/www.monaco-tribune.com\/wp-content\/uploads\/2021\/10\/bd_bernard-bories-greta-morton-elangue-sonia-rolland-s.a.s.-le-prince-sylvie-siri-samuel-le-bihan-lilly-fleur-pointeaux-robert-calcagno-&#xA9;p.fitte_.jpg\" data-link=\"https:\/\/www.monaco-tribune.com\/?attachment_id=96171\" class=\"wp-image-96171\"\/><figcaption class=\"blocks-gallery-item__caption\">\u00a9P. Fitte<\/figcaption><\/figure><\/li><li class=\"blocks-gallery-item\"><figure><img decoding=\"async\" src=\"https:\/\/www.monaco-tribune.com\/wp-content\/uploads\/2021\/10\/bd_ouverture-du-festival-des-antipodes-allocution-de-s.a.s.-le-prince-albert-ii-projection-alick-and-albert-st-tropez-&#xA9;-p.-fitte-1-1024x684.jpg\" alt=\"Alick and Albert\" data-id=\"96175\" data-full-url=\"https:\/\/www.monaco-tribune.com\/wp-content\/uploads\/2021\/10\/bd_ouverture-du-festival-des-antipodes-allocution-de-s.a.s.-le-prince-albert-ii-projection-alick-and-albert-st-tropez-&#xA9;-p.-fitte-1.jpg\" data-link=\"https:\/\/www.monaco-tribune.com\/?attachment_id=96175\" class=\"wp-image-96175\"\/><figcaption class=\"blocks-gallery-item__caption\">\u00a9P. Fitte<\/figcaption><\/figure><\/li><li class=\"blocks-gallery-item\"><figure><img decoding=\"async\" src=\"https:\/\/www.monaco-tribune.com\/wp-content\/uploads\/2021\/10\/bd_robert-calcagno-s.a.s.-le-prince-albert-ii-bernard-bories-projection-alick-and-albert-festival-des-antipodes-st-tropez-&#xA9;-p.-fitte-1-1024x684.jpg\" alt=\"Alick and Albert\" data-id=\"96179\" data-full-url=\"https:\/\/www.monaco-tribune.com\/wp-content\/uploads\/2021\/10\/bd_robert-calcagno-s.a.s.-le-prince-albert-ii-bernard-bories-projection-alick-and-albert-festival-des-antipodes-st-tropez-&#xA9;-p.-fitte-1.jpg\" data-link=\"https:\/\/www.monaco-tribune.com\/?attachment_id=96179\" class=\"wp-image-96179\"\/><figcaption class=\"blocks-gallery-item__caption\">\u00a9P. Fitte<\/figcaption><\/figure><\/li><\/ul><figcaption class=\"blocks-gallery-caption\">Prince Albert II was present at the 23rd Festival des Antipodes in Saint-Tropez for the screening of the documentary Alick and Albert &#8211; \u00a9P. Fitte<\/figcaption><\/figure>\n<p>Alick and Albert tells the story of the meeting between Prince Albert II and the Australian artist Alick Tipoti in 2016, on the occasion of the exhibition &#8220;Taba Naba, Australia, Oceania, and the arts of the peoples of the sea&#8221; at the Oceanographic Museum. Two years later, their friendship took a new turn on the island of Badu, in the Torres Strait, 14,000 kilometres from the Principality.<\/p>\n\n<h2 class=\"wp-block-heading\" id=\"h-deux-hommes-li-s-par-la-protection-de-l-oc-an\">Two men bonding over the protection of the ocean<\/h2>\n\n<p>It is on this island in northern Australia that the artist and indigenous language activist welcomes Prince Albert II, and where they discuss the similarities and contrasts of their small communities, so far apart, and reflect on traditional societies and the environmental crisis they face. The two men, <a href=\"https:\/\/www.monaco-tribune.com\/en\/2021\/03\/world-ocean-summit-prince-albert-ii-calls-for-greater-awareness-of-the-value-of-oceans\/\">connected by their personal commitment to nature<\/a>, and in particular the oceans, address in this film the water pollution that threatens the people of Badu Island.<\/p>\n\n<p>On the occasion of this premiere, the Sovereign Prince stated: &#8220;Despite the differences between our respective histories, cultures and environments, we share with Alick the same universal values: the love of nature and natural ecosystems, and the importance of reconciling man and nature.&#8221;<\/p>\n\n<p>Although the release date has not yet been announced, viewers can already watch the trailer of this film whilst waiting to see it on the big screen.<\/p>\n\n<figure class=\"wp-block-embed is-type-video is-provider-youtube wp-block-embed-youtube wp-embed-aspect-16-9 wp-has-aspect-ratio\">\r\n<div class=\"wp-block-embed__wrapper\">https:\/\/www.youtube.com\/watch?v=LFmsZfDGLos<\/div><\/figure>\n","protected":false},"excerpt":{"rendered":"<p>Douglas Watkin&#8217;s film was screened at the opening of the 23rd Festival des Antipodes in Saint-Tropez. A festival dedicated to [&hellip;]<\/p>\n","protected":false},"author":60,"featured_media":96195,"comment_status":"closed","ping_status":"closed","sticky":false,"template":"","format":"standard","meta":{"_acf_changed":false,"footnotes":""},"categories":[1825,243,254],"tags":[2830],"post_sectags":[],"post_format":[2462],"class_list":["post-96400","post","type-post","status-publish","format-standard","has-post-thumbnail","hentry","category-editors-choice","category-news","category-people-en","tag-prince-albert-ii-en-2","format-photos-en"],"acf":[],"yoast_head":"<!-- This site is optimized with the Yoast SEO Premium plugin v27.5 (Yoast SEO v27.5) - https:\/\/yoast.com\/product\/yoast-seo-premium-wordpress\/ -->\n<title>PHOTOS. First images of Prince Albert in the documentary &quot;Alick and Albert&quot;<\/title>\n<meta name=\"description\" content=\"Douglas Watkin&#039;s film was screened at the opening of the 23rd Festival des Antipodes in Saint-Tropez. A festival dedicated to Australian and New Zealand\" \/>\n<meta name=\"robots\" content=\"index, follow, max-snippet:-1, max-image-preview:large, max-video-preview:-1\" \/>\n<link rel=\"canonical\" href=\"https:\/\/www.monaco-tribune.com\/en\/2021\/10\/photos-first-images-of-prince-albert-in-the-documentary-alick-and-albert\/\" \/>\n<meta property=\"og:locale\" content=\"en_US\" \/>\n<meta property=\"og:type\" content=\"article\" \/>\n<meta property=\"og:title\" content=\"PHOTOS. First images of Prince Albert in the documentary &quot;Alick and Albert&quot; - Monaco Tribune\" \/>\n<meta property=\"og:description\" content=\"Douglas Watkin&#039;s film was screened at the opening of the 23rd Festival des Antipodes in Saint-Tropez. A festival dedicated to Australian and New Zealand\" \/>\n<meta property=\"og:url\" content=\"https:\/\/www.monaco-tribune.com\/en\/2021\/10\/photos-first-images-of-prince-albert-in-the-documentary-alick-and-albert\/\" \/>\n<meta property=\"og:site_name\" content=\"Monaco Tribune\" \/>\n<meta property=\"article:publisher\" content=\"https:\/\/www.facebook.com\/MonacoTribune\" \/>\n<meta property=\"article:published_time\" content=\"2021-10-15T15:38:04+00:00\" \/>\n<meta property=\"article:modified_time\" content=\"2021-10-16T18:08:57+00:00\" \/>\n<meta property=\"og:image\" content=\"https:\/\/www.monaco-tribune.com\/wp-content\/uploads\/2021\/10\/hd_s.e.m.-stefanini-s.e.mme-gillian-bird-bernard-bories-s.a.s.-le-prince-sylvie-siri-jack-hawke-robert-calcagno_festival-des-antipodes-\u00a9p.fitte_.jpg\" \/>\n\t<meta property=\"og:image:width\" content=\"1200\" \/>\n\t<meta property=\"og:image:height\" content=\"801\" \/>\n\t<meta property=\"og:image:type\" content=\"image\/jpeg\" \/>\n<meta name=\"author\" content=\"Camille Esteve\" \/>\n<meta name=\"twitter:card\" content=\"summary_large_image\" \/>\n<meta name=\"twitter:creator\" content=\"@MonacoTribune\" \/>\n<meta name=\"twitter:site\" content=\"@MonacoTribune\" \/>\n<script type=\"application\/ld+json\" class=\"yoast-schema-graph\">{\"@context\":\"https:\\\/\\\/schema.org\",\"@graph\":[{\"@type\":\"NewsArticle\",\"@id\":\"https:\\\/\\\/www.monaco-tribune.com\\\/en\\\/2021\\\/10\\\/photos-first-images-of-prince-albert-in-the-documentary-alick-and-albert\\\/#article\",\"isPartOf\":{\"@id\":\"https:\\\/\\\/www.monaco-tribune.com\\\/en\\\/2021\\\/10\\\/photos-first-images-of-prince-albert-in-the-documentary-alick-and-albert\\\/\"},\"author\":{\"name\":\"Camille Esteve\",\"@id\":\"https:\\\/\\\/www.monaco-tribune.com\\\/en\\\/#\\\/schema\\\/person\\\/a855d420fff4d03637641d60b93ac62e\"},\"headline\":\"PHOTOS. First images of Prince Albert in the documentary &#8220;Alick and Albert&#8221;\",\"datePublished\":\"2021-10-15T15:38:04+00:00\",\"dateModified\":\"2021-10-16T18:08:57+00:00\",\"mainEntityOfPage\":{\"@id\":\"https:\\\/\\\/www.monaco-tribune.com\\\/en\\\/2021\\\/10\\\/photos-first-images-of-prince-albert-in-the-documentary-alick-and-albert\\\/\"},\"wordCount\":327,\"publisher\":{\"@id\":\"https:\\\/\\\/www.monaco-tribune.com\\\/en\\\/#organization\"},\"image\":{\"@id\":\"https:\\\/\\\/www.monaco-tribune.com\\\/en\\\/2021\\\/10\\\/photos-first-images-of-prince-albert-in-the-documentary-alick-and-albert\\\/#primaryimage\"},\"thumbnailUrl\":\"https:\\\/\\\/www.monaco-tribune.com\\\/wp-content\\\/uploads\\\/2021\\\/10\\\/hd_s.e.m.-stefanini-s.e.mme-gillian-bird-bernard-bories-s.a.s.-le-prince-sylvie-siri-jack-hawke-robert-calcagno_festival-des-antipodes-\u00a9p.fitte_.jpg\",\"keywords\":[\"Prince Albert II\"],\"articleSection\":[\"Editor&#039;s choice\",\"News\",\"Princely Family\"],\"inLanguage\":\"en-US\",\"copyrightYear\":\"2021\",\"copyrightHolder\":{\"@id\":\"https:\\\/\\\/www.monaco-tribune.com\\\/#organization\"}},{\"@type\":\"WebPage\",\"@id\":\"https:\\\/\\\/www.monaco-tribune.com\\\/en\\\/2021\\\/10\\\/photos-first-images-of-prince-albert-in-the-documentary-alick-and-albert\\\/\",\"url\":\"https:\\\/\\\/www.monaco-tribune.com\\\/en\\\/2021\\\/10\\\/photos-first-images-of-prince-albert-in-the-documentary-alick-and-albert\\\/\",\"name\":\"PHOTOS. First images of Prince Albert in the documentary \\\"Alick and Albert\\\"\",\"isPartOf\":{\"@id\":\"https:\\\/\\\/www.monaco-tribune.com\\\/en\\\/#website\"},\"primaryImageOfPage\":{\"@id\":\"https:\\\/\\\/www.monaco-tribune.com\\\/en\\\/2021\\\/10\\\/photos-first-images-of-prince-albert-in-the-documentary-alick-and-albert\\\/#primaryimage\"},\"image\":{\"@id\":\"https:\\\/\\\/www.monaco-tribune.com\\\/en\\\/2021\\\/10\\\/photos-first-images-of-prince-albert-in-the-documentary-alick-and-albert\\\/#primaryimage\"},\"thumbnailUrl\":\"https:\\\/\\\/www.monaco-tribune.com\\\/wp-content\\\/uploads\\\/2021\\\/10\\\/hd_s.e.m.-stefanini-s.e.mme-gillian-bird-bernard-bories-s.a.s.-le-prince-sylvie-siri-jack-hawke-robert-calcagno_festival-des-antipodes-\u00a9p.fitte_.jpg\",\"datePublished\":\"2021-10-15T15:38:04+00:00\",\"dateModified\":\"2021-10-16T18:08:57+00:00\",\"description\":\"Douglas Watkin's film was screened at the opening of the 23rd Festival des Antipodes in Saint-Tropez. A festival dedicated to Australian and New Zealand\",\"breadcrumb\":{\"@id\":\"https:\\\/\\\/www.monaco-tribune.com\\\/en\\\/2021\\\/10\\\/photos-first-images-of-prince-albert-in-the-documentary-alick-and-albert\\\/#breadcrumb\"},\"inLanguage\":\"en-US\",\"potentialAction\":[{\"@type\":\"ReadAction\",\"target\":[\"https:\\\/\\\/www.monaco-tribune.com\\\/en\\\/2021\\\/10\\\/photos-first-images-of-prince-albert-in-the-documentary-alick-and-albert\\\/\"]}]},{\"@type\":\"ImageObject\",\"inLanguage\":\"en-US\",\"@id\":\"https:\\\/\\\/www.monaco-tribune.com\\\/en\\\/2021\\\/10\\\/photos-first-images-of-prince-albert-in-the-documentary-alick-and-albert\\\/#primaryimage\",\"url\":\"https:\\\/\\\/www.monaco-tribune.com\\\/wp-content\\\/uploads\\\/2021\\\/10\\\/hd_s.e.m.-stefanini-s.e.mme-gillian-bird-bernard-bories-s.a.s.-le-prince-sylvie-siri-jack-hawke-robert-calcagno_festival-des-antipodes-\u00a9p.fitte_.jpg\",\"contentUrl\":\"https:\\\/\\\/www.monaco-tribune.com\\\/wp-content\\\/uploads\\\/2021\\\/10\\\/hd_s.e.m.-stefanini-s.e.mme-gillian-bird-bernard-bories-s.a.s.-le-prince-sylvie-siri-jack-hawke-robert-calcagno_festival-des-antipodes-\u00a9p.fitte_.jpg\",\"width\":1200,\"height\":801,\"caption\":\"Avant Premi\u00e8re de Alick and Albert, Saint Tropez, 23eme rencontres Internationales du Cin\u00e9ma des Antipodes, Explorations de Monaco, Mus\u00e9e Oc\u00e9anographique de Monaco\"},{\"@type\":\"BreadcrumbList\",\"@id\":\"https:\\\/\\\/www.monaco-tribune.com\\\/en\\\/2021\\\/10\\\/photos-first-images-of-prince-albert-in-the-documentary-alick-and-albert\\\/#breadcrumb\",\"itemListElement\":[{\"@type\":\"ListItem\",\"position\":1,\"name\":\"Accueil\",\"item\":\"https:\\\/\\\/www.monaco-tribune.com\\\/en\\\/\"},{\"@type\":\"ListItem\",\"position\":2,\"name\":\"PHOTOS. First images of Prince Albert in the documentary \u00ab\u00a0Alick and Albert\u00a0\u00bb\"}]},{\"@type\":\"WebSite\",\"@id\":\"https:\\\/\\\/www.monaco-tribune.com\\\/en\\\/#website\",\"url\":\"https:\\\/\\\/www.monaco-tribune.com\\\/en\\\/\",\"name\":\"Monaco Tribune\",\"description\":\"Monaco : actualit\u00e9s \u00e9conomiques, politiques, culturelles et sportives de Monaco et de la French Riviera.\",\"publisher\":{\"@id\":\"https:\\\/\\\/www.monaco-tribune.com\\\/en\\\/#organization\"},\"potentialAction\":[{\"@type\":\"SearchAction\",\"target\":{\"@type\":\"EntryPoint\",\"urlTemplate\":\"https:\\\/\\\/www.monaco-tribune.com\\\/en\\\/?s={search_term_string}\"},\"query-input\":{\"@type\":\"PropertyValueSpecification\",\"valueRequired\":true,\"valueName\":\"search_term_string\"}}],\"inLanguage\":\"en-US\"},{\"@type\":\"Organization\",\"@id\":\"https:\\\/\\\/www.monaco-tribune.com\\\/en\\\/#organization\",\"name\":\"Monaco Tribune\",\"url\":\"https:\\\/\\\/www.monaco-tribune.com\\\/en\\\/\",\"logo\":{\"@type\":\"ImageObject\",\"inLanguage\":\"en-US\",\"@id\":\"https:\\\/\\\/www.monaco-tribune.com\\\/en\\\/#\\\/schema\\\/logo\\\/image\\\/\",\"url\":\"https:\\\/\\\/www.monaco-tribune.com\\\/wp-content\\\/uploads\\\/2022\\\/11\\\/logo-monaco-tribune.png\",\"contentUrl\":\"https:\\\/\\\/www.monaco-tribune.com\\\/wp-content\\\/uploads\\\/2022\\\/11\\\/logo-monaco-tribune.png\",\"width\":1548,\"height\":600,\"caption\":\"Monaco Tribune\"},\"image\":{\"@id\":\"https:\\\/\\\/www.monaco-tribune.com\\\/en\\\/#\\\/schema\\\/logo\\\/image\\\/\"},\"sameAs\":[\"https:\\\/\\\/www.facebook.com\\\/MonacoTribune\",\"https:\\\/\\\/x.com\\\/MonacoTribune\",\"https:\\\/\\\/www.instagram.com\\\/monacotribune\\\/\",\"https:\\\/\\\/www.linkedin.com\\\/company\\\/monaco-tribune\",\"https:\\\/\\\/www.youtube.com\\\/channel\\\/UCHle1MnG6hw1y4lWKijVbMA\"]},{\"@type\":\"Person\",\"@id\":\"https:\\\/\\\/www.monaco-tribune.com\\\/en\\\/#\\\/schema\\\/person\\\/a855d420fff4d03637641d60b93ac62e\",\"name\":\"Camille Esteve\",\"image\":{\"@type\":\"ImageObject\",\"inLanguage\":\"en-US\",\"@id\":\"https:\\\/\\\/secure.gravatar.com\\\/avatar\\\/eaaa2355a7bb56c0018a391c20a55bf9b4690e3f493231dd850e612bfa6ce161?s=96&d=mm&r=g\",\"url\":\"https:\\\/\\\/secure.gravatar.com\\\/avatar\\\/eaaa2355a7bb56c0018a391c20a55bf9b4690e3f493231dd850e612bfa6ce161?s=96&d=mm&r=g\",\"contentUrl\":\"https:\\\/\\\/secure.gravatar.com\\\/avatar\\\/eaaa2355a7bb56c0018a391c20a55bf9b4690e3f493231dd850e612bfa6ce161?s=96&d=mm&r=g\",\"caption\":\"Camille Esteve\"},\"url\":\"https:\\\/\\\/www.monaco-tribune.com\\\/en\\\/author\\\/camilleesteve\\\/\"}]}<\/script>\n<!-- \/ Yoast SEO Premium plugin. -->","yoast_head_json":{"title":"PHOTOS. First images of Prince Albert in the documentary \"Alick and Albert\"","description":"Douglas Watkin's film was screened at the opening of the 23rd Festival des Antipodes in Saint-Tropez. A festival dedicated to Australian and New Zealand","robots":{"index":"index","follow":"follow","max-snippet":"max-snippet:-1","max-image-preview":"max-image-preview:large","max-video-preview":"max-video-preview:-1"},"canonical":"https:\/\/www.monaco-tribune.com\/en\/2021\/10\/photos-first-images-of-prince-albert-in-the-documentary-alick-and-albert\/","og_locale":"en_US","og_type":"article","og_title":"PHOTOS. First images of Prince Albert in the documentary \"Alick and Albert\" - Monaco Tribune","og_description":"Douglas Watkin's film was screened at the opening of the 23rd Festival des Antipodes in Saint-Tropez. A festival dedicated to Australian and New Zealand","og_url":"https:\/\/www.monaco-tribune.com\/en\/2021\/10\/photos-first-images-of-prince-albert-in-the-documentary-alick-and-albert\/","og_site_name":"Monaco Tribune","article_publisher":"https:\/\/www.facebook.com\/MonacoTribune","article_published_time":"2021-10-15T15:38:04+00:00","article_modified_time":"2021-10-16T18:08:57+00:00","og_image":[{"width":1200,"height":801,"url":"https:\/\/www.monaco-tribune.com\/wp-content\/uploads\/2021\/10\/hd_s.e.m.-stefanini-s.e.mme-gillian-bird-bernard-bories-s.a.s.-le-prince-sylvie-siri-jack-hawke-robert-calcagno_festival-des-antipodes-\u00a9p.fitte_.jpg","type":"image\/jpeg"}],"author":"Camille Esteve","twitter_card":"summary_large_image","twitter_creator":"@MonacoTribune","twitter_site":"@MonacoTribune","schema":{"@context":"https:\/\/schema.org","@graph":[{"@type":"NewsArticle","@id":"https:\/\/www.monaco-tribune.com\/en\/2021\/10\/photos-first-images-of-prince-albert-in-the-documentary-alick-and-albert\/#article","isPartOf":{"@id":"https:\/\/www.monaco-tribune.com\/en\/2021\/10\/photos-first-images-of-prince-albert-in-the-documentary-alick-and-albert\/"},"author":{"name":"Camille Esteve","@id":"https:\/\/www.monaco-tribune.com\/en\/#\/schema\/person\/a855d420fff4d03637641d60b93ac62e"},"headline":"PHOTOS. First images of Prince Albert in the documentary &#8220;Alick and Albert&#8221;","datePublished":"2021-10-15T15:38:04+00:00","dateModified":"2021-10-16T18:08:57+00:00","mainEntityOfPage":{"@id":"https:\/\/www.monaco-tribune.com\/en\/2021\/10\/photos-first-images-of-prince-albert-in-the-documentary-alick-and-albert\/"},"wordCount":327,"publisher":{"@id":"https:\/\/www.monaco-tribune.com\/en\/#organization"},"image":{"@id":"https:\/\/www.monaco-tribune.com\/en\/2021\/10\/photos-first-images-of-prince-albert-in-the-documentary-alick-and-albert\/#primaryimage"},"thumbnailUrl":"https:\/\/www.monaco-tribune.com\/wp-content\/uploads\/2021\/10\/hd_s.e.m.-stefanini-s.e.mme-gillian-bird-bernard-bories-s.a.s.-le-prince-sylvie-siri-jack-hawke-robert-calcagno_festival-des-antipodes-\u00a9p.fitte_.jpg","keywords":["Prince Albert II"],"articleSection":["Editor&#039;s choice","News","Princely Family"],"inLanguage":"en-US","copyrightYear":"2021","copyrightHolder":{"@id":"https:\/\/www.monaco-tribune.com\/#organization"}},{"@type":"WebPage","@id":"https:\/\/www.monaco-tribune.com\/en\/2021\/10\/photos-first-images-of-prince-albert-in-the-documentary-alick-and-albert\/","url":"https:\/\/www.monaco-tribune.com\/en\/2021\/10\/photos-first-images-of-prince-albert-in-the-documentary-alick-and-albert\/","name":"PHOTOS. First images of Prince Albert in the documentary \"Alick and Albert\"","isPartOf":{"@id":"https:\/\/www.monaco-tribune.com\/en\/#website"},"primaryImageOfPage":{"@id":"https:\/\/www.monaco-tribune.com\/en\/2021\/10\/photos-first-images-of-prince-albert-in-the-documentary-alick-and-albert\/#primaryimage"},"image":{"@id":"https:\/\/www.monaco-tribune.com\/en\/2021\/10\/photos-first-images-of-prince-albert-in-the-documentary-alick-and-albert\/#primaryimage"},"thumbnailUrl":"https:\/\/www.monaco-tribune.com\/wp-content\/uploads\/2021\/10\/hd_s.e.m.-stefanini-s.e.mme-gillian-bird-bernard-bories-s.a.s.-le-prince-sylvie-siri-jack-hawke-robert-calcagno_festival-des-antipodes-\u00a9p.fitte_.jpg","datePublished":"2021-10-15T15:38:04+00:00","dateModified":"2021-10-16T18:08:57+00:00","description":"Douglas Watkin's film was screened at the opening of the 23rd Festival des Antipodes in Saint-Tropez. A festival dedicated to Australian and New Zealand","breadcrumb":{"@id":"https:\/\/www.monaco-tribune.com\/en\/2021\/10\/photos-first-images-of-prince-albert-in-the-documentary-alick-and-albert\/#breadcrumb"},"inLanguage":"en-US","potentialAction":[{"@type":"ReadAction","target":["https:\/\/www.monaco-tribune.com\/en\/2021\/10\/photos-first-images-of-prince-albert-in-the-documentary-alick-and-albert\/"]}]},{"@type":"ImageObject","inLanguage":"en-US","@id":"https:\/\/www.monaco-tribune.com\/en\/2021\/10\/photos-first-images-of-prince-albert-in-the-documentary-alick-and-albert\/#primaryimage","url":"https:\/\/www.monaco-tribune.com\/wp-content\/uploads\/2021\/10\/hd_s.e.m.-stefanini-s.e.mme-gillian-bird-bernard-bories-s.a.s.-le-prince-sylvie-siri-jack-hawke-robert-calcagno_festival-des-antipodes-\u00a9p.fitte_.jpg","contentUrl":"https:\/\/www.monaco-tribune.com\/wp-content\/uploads\/2021\/10\/hd_s.e.m.-stefanini-s.e.mme-gillian-bird-bernard-bories-s.a.s.-le-prince-sylvie-siri-jack-hawke-robert-calcagno_festival-des-antipodes-\u00a9p.fitte_.jpg","width":1200,"height":801,"caption":"Avant Premi\u00e8re de Alick and Albert, Saint Tropez, 23eme rencontres Internationales du Cin\u00e9ma des Antipodes, Explorations de Monaco, Mus\u00e9e Oc\u00e9anographique de Monaco"},{"@type":"BreadcrumbList","@id":"https:\/\/www.monaco-tribune.com\/en\/2021\/10\/photos-first-images-of-prince-albert-in-the-documentary-alick-and-albert\/#breadcrumb","itemListElement":[{"@type":"ListItem","position":1,"name":"Accueil","item":"https:\/\/www.monaco-tribune.com\/en\/"},{"@type":"ListItem","position":2,"name":"PHOTOS. First images of Prince Albert in the documentary \u00ab\u00a0Alick and Albert\u00a0\u00bb"}]},{"@type":"WebSite","@id":"https:\/\/www.monaco-tribune.com\/en\/#website","url":"https:\/\/www.monaco-tribune.com\/en\/","name":"Monaco Tribune","description":"Monaco : actualit\u00e9s \u00e9conomiques, politiques, culturelles et sportives de Monaco et de la French Riviera.","publisher":{"@id":"https:\/\/www.monaco-tribune.com\/en\/#organization"},"potentialAction":[{"@type":"SearchAction","target":{"@type":"EntryPoint","urlTemplate":"https:\/\/www.monaco-tribune.com\/en\/?s={search_term_string}"},"query-input":{"@type":"PropertyValueSpecification","valueRequired":true,"valueName":"search_term_string"}}],"inLanguage":"en-US"},{"@type":"Organization","@id":"https:\/\/www.monaco-tribune.com\/en\/#organization","name":"Monaco Tribune","url":"https:\/\/www.monaco-tribune.com\/en\/","logo":{"@type":"ImageObject","inLanguage":"en-US","@id":"https:\/\/www.monaco-tribune.com\/en\/#\/schema\/logo\/image\/","url":"https:\/\/www.monaco-tribune.com\/wp-content\/uploads\/2022\/11\/logo-monaco-tribune.png","contentUrl":"https:\/\/www.monaco-tribune.com\/wp-content\/uploads\/2022\/11\/logo-monaco-tribune.png","width":1548,"height":600,"caption":"Monaco Tribune"},"image":{"@id":"https:\/\/www.monaco-tribune.com\/en\/#\/schema\/logo\/image\/"},"sameAs":["https:\/\/www.facebook.com\/MonacoTribune","https:\/\/x.com\/MonacoTribune","https:\/\/www.instagram.com\/monacotribune\/","https:\/\/www.linkedin.com\/company\/monaco-tribune","https:\/\/www.youtube.com\/channel\/UCHle1MnG6hw1y4lWKijVbMA"]},{"@type":"Person","@id":"https:\/\/www.monaco-tribune.com\/en\/#\/schema\/person\/a855d420fff4d03637641d60b93ac62e","name":"Camille Esteve","image":{"@type":"ImageObject","inLanguage":"en-US","@id":"https:\/\/secure.gravatar.com\/avatar\/eaaa2355a7bb56c0018a391c20a55bf9b4690e3f493231dd850e612bfa6ce161?s=96&d=mm&r=g","url":"https:\/\/secure.gravatar.com\/avatar\/eaaa2355a7bb56c0018a391c20a55bf9b4690e3f493231dd850e612bfa6ce161?s=96&d=mm&r=g","contentUrl":"https:\/\/secure.gravatar.com\/avatar\/eaaa2355a7bb56c0018a391c20a55bf9b4690e3f493231dd850e612bfa6ce161?s=96&d=mm&r=g","caption":"Camille Esteve"},"url":"https:\/\/www.monaco-tribune.com\/en\/author\/camilleesteve\/"}]}},"_links":{"self":[{"href":"https:\/\/www.monaco-tribune.com\/en\/wp-json\/wp\/v2\/posts\/96400","targetHints":{"allow":["GET"]}}],"collection":[{"href":"https:\/\/www.monaco-tribune.com\/en\/wp-json\/wp\/v2\/posts"}],"about":[{"href":"https:\/\/www.monaco-tribune.com\/en\/wp-json\/wp\/v2\/types\/post"}],"author":[{"embeddable":true,"href":"https:\/\/www.monaco-tribune.com\/en\/wp-json\/wp\/v2\/users\/60"}],"replies":[{"embeddable":true,"href":"https:\/\/www.monaco-tribune.com\/en\/wp-json\/wp\/v2\/comments?post=96400"}],"version-history":[{"count":0,"href":"https:\/\/www.monaco-tribune.com\/en\/wp-json\/wp\/v2\/posts\/96400\/revisions"}],"wp:featuredmedia":[{"embeddable":true,"href":"https:\/\/www.monaco-tribune.com\/en\/wp-json\/wp\/v2\/media\/96195"}],"wp:attachment":[{"href":"https:\/\/www.monaco-tribune.com\/en\/wp-json\/wp\/v2\/media?parent=96400"}],"wp:term":[{"taxonomy":"category","embeddable":true,"href":"https:\/\/www.monaco-tribune.com\/en\/wp-json\/wp\/v2\/categories?post=96400"},{"taxonomy":"post_tag","embeddable":true,"href":"https:\/\/www.monaco-tribune.com\/en\/wp-json\/wp\/v2\/tags?post=96400"},{"taxonomy":"sectag","embeddable":true,"href":"https:\/\/www.monaco-tribune.com\/en\/wp-json\/wp\/v2\/post_sectags?post=96400"},{"taxonomy":"format","embeddable":true,"href":"https:\/\/www.monaco-tribune.com\/en\/wp-json\/wp\/v2\/post_format?post=96400"}],"curies":[{"name":"wp","href":"https:\/\/api.w.org\/{rel}","templated":true}]}}