{"id":9675,"date":"2019-03-20T11:09:51","date_gmt":"2019-03-20T10:09:51","guid":{"rendered":"https:\/\/www.monaco-tribune.com\/?p=9675"},"modified":"2019-03-20T11:09:51","modified_gmt":"2019-03-20T10:09:51","slug":"39th-culinary-competition-of-the-grand-cordon-dor-of-french-cuisine","status":"publish","type":"post","link":"https:\/\/www.monaco-tribune.com\/en\/2019\/03\/39th-culinary-competition-of-the-grand-cordon-dor-of-french-cuisine\/","title":{"rendered":"39th Culinary Competition of the Grand Cordon d&#8217;Or of French Cuisine"},"content":{"rendered":"<h6>The 39th Culinary Competition of the &#8220;Grand Cordon d&#8217;Or of French Cuisine&#8221; will take place today, Wednesday, March 20th at the Lyc\u00e9e Technique and Hotelier of Monaco. It allows students of Terminale des Ecoles H\u00f4teli\u00e8res to put into practice their academic and professional achievements, to confront each other and develop their imagination and sense of taste.<\/h6>\n<p>Invitations are sent to European hotel schools to encourage students to participate in a cooking competition consisting of two dishes imposed.<\/p>\n<p>This year, the choice fell on:<\/p>\n<ul>\n<li>The stuffed wolf, three fillings, one of which is mold-based (obligatory) and two free. An emulsified sauce.<\/li>\n<li>Tatin tart, made in a traditional way.<\/li>\n<\/ul>\n<p>Six students were selected to represent the Hotel Schools:<\/p>\n<p>Mauritius, Mexico, Marseille, Bastia, Saint Chely Apchet and Monaco.<\/p>\n<p>Each student, who will have previously sent to the Technical and Hospitality College of Monaco the list of ingredients and data sheets useful for the making of his recipe, will benefit from four hours to make both dishes.<\/p>\n<p>It will be judged by two juries, one composed of &#8220;technical&#8221; chefs and who will have attended the preparation of dishes in the kitchen. The other &#8220;tasting&#8221; where we will find gastronomes and professionals of gastronomy, and whose task will be to appreciate the presentation and taste. Criteria such as budget management, hygiene, organisation, methodology and respect for culinary techniques will also be taken into account.<\/p>\n<p>This year, Didier ANIES, Meilleur Ouvrier de France 2000, Executive Chef of Kitchens at the Fairmont Hotel in Monaco, has accepted to be the sponsor of this promotion 2019. It is with his immense kindness that he will share his great professionalism and all his experience with the candidates of this 39th edition of the Culinary Competition of the Grand Cordon d&#8217;Or of French Cuisine.<\/p>\n<p>The award ceremony will take place from 18:30 at the Lyc\u00e9e Technique et H\u00f4telier de Monaco. Gastronomic dinner served by the students and their teachers at 19:30.<\/p>\n","protected":false},"excerpt":{"rendered":"<p>The 39th Culinary Competition of the &#8220;Grand Cordon d&#8217;Or of French Cuisine&#8221; will take place today, Wednesday, March 20th at [&hellip;]<\/p>\n","protected":false},"author":10,"featured_media":9676,"comment_status":"closed","ping_status":"open","sticky":false,"template":"","format":"standard","meta":{"_acf_changed":false,"footnotes":""},"categories":[243],"tags":[918],"post_sectags":[],"post_format":[],"class_list":["post-9675","post","type-post","status-publish","format-standard","has-post-thumbnail","hentry","category-news","tag-grand-cordon-dor-of-french-cuisine"],"acf":[],"yoast_head":"<!-- This site is optimized with the Yoast SEO Premium plugin v26.8 (Yoast SEO v27.5) - https:\/\/yoast.com\/product\/yoast-seo-premium-wordpress\/ -->\n<title>39th Culinary Competition of the Grand Cordon d&#039;Or of French Cuisine<\/title>\n<meta name=\"description\" content=\"The 39th Culinary Competition of the &quot;Grand Cordon d&#039;Or of French Cuisine&quot; will take place today, Wednesday, March 20th at the Lyc\u00e9e Technique and...\" \/>\n<meta name=\"robots\" content=\"index, follow, max-snippet:-1, max-image-preview:large, max-video-preview:-1\" \/>\n<link rel=\"canonical\" href=\"https:\/\/www.monaco-tribune.com\/en\/2019\/03\/39th-culinary-competition-of-the-grand-cordon-dor-of-french-cuisine\/\" \/>\n<meta property=\"og:locale\" content=\"en_US\" \/>\n<meta property=\"og:type\" content=\"article\" \/>\n<meta property=\"og:title\" content=\"39th Culinary Competition of the Grand Cordon d&#039;Or of French Cuisine - Monaco Tribune\" \/>\n<meta property=\"og:description\" content=\"The 39th Culinary Competition of the &quot;Grand Cordon d&#039;Or of French Cuisine&quot; will take place today, Wednesday, March 20th at the Lyc\u00e9e Technique and\" \/>\n<meta property=\"og:url\" content=\"https:\/\/www.monaco-tribune.com\/en\/2019\/03\/39th-culinary-competition-of-the-grand-cordon-dor-of-french-cuisine\/\" \/>\n<meta property=\"og:site_name\" content=\"Monaco Tribune\" \/>\n<meta property=\"article:publisher\" content=\"https:\/\/www.facebook.com\/MonacoTribune\" \/>\n<meta property=\"article:author\" content=\"https:\/\/www.facebook.com\/harsh.biyani.3114\" \/>\n<meta property=\"article:published_time\" content=\"2019-03-20T10:09:51+00:00\" \/>\n<meta property=\"og:image\" content=\"https:\/\/www.monaco-tribune.com\/wp-content\/uploads\/2019\/03\/39th-Culinary-Competition-of-the-Grand-Cordon-dOr-of-French-Cuisine.jpg\" \/>\n\t<meta property=\"og:image:width\" content=\"1024\" \/>\n\t<meta property=\"og:image:height\" content=\"768\" \/>\n\t<meta property=\"og:image:type\" content=\"image\/jpeg\" \/>\n<meta name=\"author\" content=\"Harsh Biyani\" \/>\n<meta name=\"twitter:card\" content=\"summary_large_image\" \/>\n<meta name=\"twitter:creator\" content=\"@HarshBiyani_\" \/>\n<meta name=\"twitter:site\" content=\"@MonacoTribune\" \/>\n<script type=\"application\/ld+json\" class=\"yoast-schema-graph\">{\"@context\":\"https:\\\/\\\/schema.org\",\"@graph\":[{\"@type\":\"NewsArticle\",\"@id\":\"https:\\\/\\\/www.monaco-tribune.com\\\/en\\\/2019\\\/03\\\/39th-culinary-competition-of-the-grand-cordon-dor-of-french-cuisine\\\/#article\",\"isPartOf\":{\"@id\":\"https:\\\/\\\/www.monaco-tribune.com\\\/en\\\/2019\\\/03\\\/39th-culinary-competition-of-the-grand-cordon-dor-of-french-cuisine\\\/\"},\"author\":{\"name\":\"Harsh Biyani\",\"@id\":\"https:\\\/\\\/www.monaco-tribune.com\\\/en\\\/#\\\/schema\\\/person\\\/def413f93bbed9f57d0f8b37577b4386\"},\"headline\":\"39th Culinary Competition of the Grand Cordon d&#8217;Or of French Cuisine\",\"datePublished\":\"2019-03-20T10:09:51+00:00\",\"mainEntityOfPage\":{\"@id\":\"https:\\\/\\\/www.monaco-tribune.com\\\/en\\\/2019\\\/03\\\/39th-culinary-competition-of-the-grand-cordon-dor-of-french-cuisine\\\/\"},\"wordCount\":336,\"publisher\":{\"@id\":\"https:\\\/\\\/www.monaco-tribune.com\\\/en\\\/#organization\"},\"image\":{\"@id\":\"https:\\\/\\\/www.monaco-tribune.com\\\/en\\\/2019\\\/03\\\/39th-culinary-competition-of-the-grand-cordon-dor-of-french-cuisine\\\/#primaryimage\"},\"thumbnailUrl\":\"https:\\\/\\\/www.monaco-tribune.com\\\/wp-content\\\/uploads\\\/2019\\\/03\\\/39th-Culinary-Competition-of-the-Grand-Cordon-dOr-of-French-Cuisine.jpg\",\"keywords\":[\"Grand Cordon d'Or of French Cuisine\"],\"articleSection\":[\"News\"],\"inLanguage\":\"en-US\",\"copyrightYear\":\"2019\",\"copyrightHolder\":{\"@id\":\"https:\\\/\\\/www.monaco-tribune.com\\\/#organization\"}},{\"@type\":\"WebPage\",\"@id\":\"https:\\\/\\\/www.monaco-tribune.com\\\/en\\\/2019\\\/03\\\/39th-culinary-competition-of-the-grand-cordon-dor-of-french-cuisine\\\/\",\"url\":\"https:\\\/\\\/www.monaco-tribune.com\\\/en\\\/2019\\\/03\\\/39th-culinary-competition-of-the-grand-cordon-dor-of-french-cuisine\\\/\",\"name\":\"39th Culinary Competition of the Grand Cordon d'Or of French Cuisine\",\"isPartOf\":{\"@id\":\"https:\\\/\\\/www.monaco-tribune.com\\\/en\\\/#website\"},\"primaryImageOfPage\":{\"@id\":\"https:\\\/\\\/www.monaco-tribune.com\\\/en\\\/2019\\\/03\\\/39th-culinary-competition-of-the-grand-cordon-dor-of-french-cuisine\\\/#primaryimage\"},\"image\":{\"@id\":\"https:\\\/\\\/www.monaco-tribune.com\\\/en\\\/2019\\\/03\\\/39th-culinary-competition-of-the-grand-cordon-dor-of-french-cuisine\\\/#primaryimage\"},\"thumbnailUrl\":\"https:\\\/\\\/www.monaco-tribune.com\\\/wp-content\\\/uploads\\\/2019\\\/03\\\/39th-Culinary-Competition-of-the-Grand-Cordon-dOr-of-French-Cuisine.jpg\",\"datePublished\":\"2019-03-20T10:09:51+00:00\",\"description\":\"The 39th Culinary Competition of the \\\"Grand Cordon d'Or of French Cuisine\\\" will take place today, Wednesday, March 20th at the Lyc\u00e9e Technique and...\",\"breadcrumb\":{\"@id\":\"https:\\\/\\\/www.monaco-tribune.com\\\/en\\\/2019\\\/03\\\/39th-culinary-competition-of-the-grand-cordon-dor-of-french-cuisine\\\/#breadcrumb\"},\"inLanguage\":\"en-US\",\"potentialAction\":[{\"@type\":\"ReadAction\",\"target\":[\"https:\\\/\\\/www.monaco-tribune.com\\\/en\\\/2019\\\/03\\\/39th-culinary-competition-of-the-grand-cordon-dor-of-french-cuisine\\\/\"]}]},{\"@type\":\"ImageObject\",\"inLanguage\":\"en-US\",\"@id\":\"https:\\\/\\\/www.monaco-tribune.com\\\/en\\\/2019\\\/03\\\/39th-culinary-competition-of-the-grand-cordon-dor-of-french-cuisine\\\/#primaryimage\",\"url\":\"https:\\\/\\\/www.monaco-tribune.com\\\/wp-content\\\/uploads\\\/2019\\\/03\\\/39th-Culinary-Competition-of-the-Grand-Cordon-dOr-of-French-Cuisine.jpg\",\"contentUrl\":\"https:\\\/\\\/www.monaco-tribune.com\\\/wp-content\\\/uploads\\\/2019\\\/03\\\/39th-Culinary-Competition-of-the-Grand-Cordon-dOr-of-French-Cuisine.jpg\",\"width\":1024,\"height\":768},{\"@type\":\"BreadcrumbList\",\"@id\":\"https:\\\/\\\/www.monaco-tribune.com\\\/en\\\/2019\\\/03\\\/39th-culinary-competition-of-the-grand-cordon-dor-of-french-cuisine\\\/#breadcrumb\",\"itemListElement\":[{\"@type\":\"ListItem\",\"position\":1,\"name\":\"Accueil\",\"item\":\"https:\\\/\\\/www.monaco-tribune.com\\\/en\\\/\"},{\"@type\":\"ListItem\",\"position\":2,\"name\":\"39th Culinary Competition of the Grand Cordon d&rsquo;Or of French Cuisine\"}]},{\"@type\":\"WebSite\",\"@id\":\"https:\\\/\\\/www.monaco-tribune.com\\\/en\\\/#website\",\"url\":\"https:\\\/\\\/www.monaco-tribune.com\\\/en\\\/\",\"name\":\"Monaco Tribune\",\"description\":\"Monaco : actualit\u00e9s \u00e9conomiques, politiques, culturelles et sportives de Monaco et de la French Riviera.\",\"publisher\":{\"@id\":\"https:\\\/\\\/www.monaco-tribune.com\\\/en\\\/#organization\"},\"potentialAction\":[{\"@type\":\"SearchAction\",\"target\":{\"@type\":\"EntryPoint\",\"urlTemplate\":\"https:\\\/\\\/www.monaco-tribune.com\\\/en\\\/?s={search_term_string}\"},\"query-input\":{\"@type\":\"PropertyValueSpecification\",\"valueRequired\":true,\"valueName\":\"search_term_string\"}}],\"inLanguage\":\"en-US\"},{\"@type\":\"Organization\",\"@id\":\"https:\\\/\\\/www.monaco-tribune.com\\\/en\\\/#organization\",\"name\":\"Monaco Tribune\",\"url\":\"https:\\\/\\\/www.monaco-tribune.com\\\/en\\\/\",\"logo\":{\"@type\":\"ImageObject\",\"inLanguage\":\"en-US\",\"@id\":\"https:\\\/\\\/www.monaco-tribune.com\\\/en\\\/#\\\/schema\\\/logo\\\/image\\\/\",\"url\":\"https:\\\/\\\/www.monaco-tribune.com\\\/wp-content\\\/uploads\\\/2022\\\/11\\\/logo-monaco-tribune.png\",\"contentUrl\":\"https:\\\/\\\/www.monaco-tribune.com\\\/wp-content\\\/uploads\\\/2022\\\/11\\\/logo-monaco-tribune.png\",\"width\":1548,\"height\":600,\"caption\":\"Monaco Tribune\"},\"image\":{\"@id\":\"https:\\\/\\\/www.monaco-tribune.com\\\/en\\\/#\\\/schema\\\/logo\\\/image\\\/\"},\"sameAs\":[\"https:\\\/\\\/www.facebook.com\\\/MonacoTribune\",\"https:\\\/\\\/x.com\\\/MonacoTribune\",\"https:\\\/\\\/www.instagram.com\\\/monacotribune\\\/\",\"https:\\\/\\\/www.linkedin.com\\\/company\\\/monaco-tribune\",\"https:\\\/\\\/www.youtube.com\\\/channel\\\/UCHle1MnG6hw1y4lWKijVbMA\"]},{\"@type\":\"Person\",\"@id\":\"https:\\\/\\\/www.monaco-tribune.com\\\/en\\\/#\\\/schema\\\/person\\\/def413f93bbed9f57d0f8b37577b4386\",\"name\":\"Harsh Biyani\",\"image\":{\"@type\":\"ImageObject\",\"inLanguage\":\"en-US\",\"@id\":\"https:\\\/\\\/secure.gravatar.com\\\/avatar\\\/b088cd60453d43bf37022104b22b0f5e6ff8e800411607df3f8f1490b85207fa?s=96&d=mm&r=g\",\"url\":\"https:\\\/\\\/secure.gravatar.com\\\/avatar\\\/b088cd60453d43bf37022104b22b0f5e6ff8e800411607df3f8f1490b85207fa?s=96&d=mm&r=g\",\"contentUrl\":\"https:\\\/\\\/secure.gravatar.com\\\/avatar\\\/b088cd60453d43bf37022104b22b0f5e6ff8e800411607df3f8f1490b85207fa?s=96&d=mm&r=g\",\"caption\":\"Harsh Biyani\"},\"description\":\"Harsh is a journalist from India who has been writing regularly since 2014. He originally focused on football before gradually shifting to other domains. Currently residing in Marseille, France, he covers politics, lifestyle, society news, and other topics for Monaco Tribune.\",\"sameAs\":[\"https:\\\/\\\/www.facebook.com\\\/harsh.biyani.3114\",\"https:\\\/\\\/x.com\\\/HarshBiyani_\"],\"url\":\"https:\\\/\\\/www.monaco-tribune.com\\\/en\\\/author\\\/harsh-biyani\\\/\"}]}<\/script>\n<!-- \/ Yoast SEO Premium plugin. -->","yoast_head_json":{"title":"39th Culinary Competition of the Grand Cordon d'Or of French Cuisine","description":"The 39th Culinary Competition of the \"Grand Cordon d'Or of French Cuisine\" will take place today, Wednesday, March 20th at the Lyc\u00e9e Technique and...","robots":{"index":"index","follow":"follow","max-snippet":"max-snippet:-1","max-image-preview":"max-image-preview:large","max-video-preview":"max-video-preview:-1"},"canonical":"https:\/\/www.monaco-tribune.com\/en\/2019\/03\/39th-culinary-competition-of-the-grand-cordon-dor-of-french-cuisine\/","og_locale":"en_US","og_type":"article","og_title":"39th Culinary Competition of the Grand Cordon d'Or of French Cuisine - Monaco Tribune","og_description":"The 39th Culinary Competition of the \"Grand Cordon d'Or of French Cuisine\" will take place today, Wednesday, March 20th at the Lyc\u00e9e Technique and","og_url":"https:\/\/www.monaco-tribune.com\/en\/2019\/03\/39th-culinary-competition-of-the-grand-cordon-dor-of-french-cuisine\/","og_site_name":"Monaco Tribune","article_publisher":"https:\/\/www.facebook.com\/MonacoTribune","article_author":"https:\/\/www.facebook.com\/harsh.biyani.3114","article_published_time":"2019-03-20T10:09:51+00:00","og_image":[{"width":1024,"height":768,"url":"https:\/\/www.monaco-tribune.com\/wp-content\/uploads\/2019\/03\/39th-Culinary-Competition-of-the-Grand-Cordon-dOr-of-French-Cuisine.jpg","type":"image\/jpeg"}],"author":"Harsh Biyani","twitter_card":"summary_large_image","twitter_creator":"@HarshBiyani_","twitter_site":"@MonacoTribune","schema":{"@context":"https:\/\/schema.org","@graph":[{"@type":"NewsArticle","@id":"https:\/\/www.monaco-tribune.com\/en\/2019\/03\/39th-culinary-competition-of-the-grand-cordon-dor-of-french-cuisine\/#article","isPartOf":{"@id":"https:\/\/www.monaco-tribune.com\/en\/2019\/03\/39th-culinary-competition-of-the-grand-cordon-dor-of-french-cuisine\/"},"author":{"name":"Harsh Biyani","@id":"https:\/\/www.monaco-tribune.com\/en\/#\/schema\/person\/def413f93bbed9f57d0f8b37577b4386"},"headline":"39th Culinary Competition of the Grand Cordon d&#8217;Or of French Cuisine","datePublished":"2019-03-20T10:09:51+00:00","mainEntityOfPage":{"@id":"https:\/\/www.monaco-tribune.com\/en\/2019\/03\/39th-culinary-competition-of-the-grand-cordon-dor-of-french-cuisine\/"},"wordCount":336,"publisher":{"@id":"https:\/\/www.monaco-tribune.com\/en\/#organization"},"image":{"@id":"https:\/\/www.monaco-tribune.com\/en\/2019\/03\/39th-culinary-competition-of-the-grand-cordon-dor-of-french-cuisine\/#primaryimage"},"thumbnailUrl":"https:\/\/www.monaco-tribune.com\/wp-content\/uploads\/2019\/03\/39th-Culinary-Competition-of-the-Grand-Cordon-dOr-of-French-Cuisine.jpg","keywords":["Grand Cordon d'Or of French Cuisine"],"articleSection":["News"],"inLanguage":"en-US","copyrightYear":"2019","copyrightHolder":{"@id":"https:\/\/www.monaco-tribune.com\/#organization"}},{"@type":"WebPage","@id":"https:\/\/www.monaco-tribune.com\/en\/2019\/03\/39th-culinary-competition-of-the-grand-cordon-dor-of-french-cuisine\/","url":"https:\/\/www.monaco-tribune.com\/en\/2019\/03\/39th-culinary-competition-of-the-grand-cordon-dor-of-french-cuisine\/","name":"39th Culinary Competition of the Grand Cordon d'Or of French Cuisine","isPartOf":{"@id":"https:\/\/www.monaco-tribune.com\/en\/#website"},"primaryImageOfPage":{"@id":"https:\/\/www.monaco-tribune.com\/en\/2019\/03\/39th-culinary-competition-of-the-grand-cordon-dor-of-french-cuisine\/#primaryimage"},"image":{"@id":"https:\/\/www.monaco-tribune.com\/en\/2019\/03\/39th-culinary-competition-of-the-grand-cordon-dor-of-french-cuisine\/#primaryimage"},"thumbnailUrl":"https:\/\/www.monaco-tribune.com\/wp-content\/uploads\/2019\/03\/39th-Culinary-Competition-of-the-Grand-Cordon-dOr-of-French-Cuisine.jpg","datePublished":"2019-03-20T10:09:51+00:00","description":"The 39th Culinary Competition of the \"Grand Cordon d'Or of French Cuisine\" will take place today, Wednesday, March 20th at the Lyc\u00e9e Technique and...","breadcrumb":{"@id":"https:\/\/www.monaco-tribune.com\/en\/2019\/03\/39th-culinary-competition-of-the-grand-cordon-dor-of-french-cuisine\/#breadcrumb"},"inLanguage":"en-US","potentialAction":[{"@type":"ReadAction","target":["https:\/\/www.monaco-tribune.com\/en\/2019\/03\/39th-culinary-competition-of-the-grand-cordon-dor-of-french-cuisine\/"]}]},{"@type":"ImageObject","inLanguage":"en-US","@id":"https:\/\/www.monaco-tribune.com\/en\/2019\/03\/39th-culinary-competition-of-the-grand-cordon-dor-of-french-cuisine\/#primaryimage","url":"https:\/\/www.monaco-tribune.com\/wp-content\/uploads\/2019\/03\/39th-Culinary-Competition-of-the-Grand-Cordon-dOr-of-French-Cuisine.jpg","contentUrl":"https:\/\/www.monaco-tribune.com\/wp-content\/uploads\/2019\/03\/39th-Culinary-Competition-of-the-Grand-Cordon-dOr-of-French-Cuisine.jpg","width":1024,"height":768},{"@type":"BreadcrumbList","@id":"https:\/\/www.monaco-tribune.com\/en\/2019\/03\/39th-culinary-competition-of-the-grand-cordon-dor-of-french-cuisine\/#breadcrumb","itemListElement":[{"@type":"ListItem","position":1,"name":"Accueil","item":"https:\/\/www.monaco-tribune.com\/en\/"},{"@type":"ListItem","position":2,"name":"39th Culinary Competition of the Grand Cordon d&rsquo;Or of French Cuisine"}]},{"@type":"WebSite","@id":"https:\/\/www.monaco-tribune.com\/en\/#website","url":"https:\/\/www.monaco-tribune.com\/en\/","name":"Monaco Tribune","description":"Monaco : actualit\u00e9s \u00e9conomiques, politiques, culturelles et sportives de Monaco et de la French Riviera.","publisher":{"@id":"https:\/\/www.monaco-tribune.com\/en\/#organization"},"potentialAction":[{"@type":"SearchAction","target":{"@type":"EntryPoint","urlTemplate":"https:\/\/www.monaco-tribune.com\/en\/?s={search_term_string}"},"query-input":{"@type":"PropertyValueSpecification","valueRequired":true,"valueName":"search_term_string"}}],"inLanguage":"en-US"},{"@type":"Organization","@id":"https:\/\/www.monaco-tribune.com\/en\/#organization","name":"Monaco Tribune","url":"https:\/\/www.monaco-tribune.com\/en\/","logo":{"@type":"ImageObject","inLanguage":"en-US","@id":"https:\/\/www.monaco-tribune.com\/en\/#\/schema\/logo\/image\/","url":"https:\/\/www.monaco-tribune.com\/wp-content\/uploads\/2022\/11\/logo-monaco-tribune.png","contentUrl":"https:\/\/www.monaco-tribune.com\/wp-content\/uploads\/2022\/11\/logo-monaco-tribune.png","width":1548,"height":600,"caption":"Monaco Tribune"},"image":{"@id":"https:\/\/www.monaco-tribune.com\/en\/#\/schema\/logo\/image\/"},"sameAs":["https:\/\/www.facebook.com\/MonacoTribune","https:\/\/x.com\/MonacoTribune","https:\/\/www.instagram.com\/monacotribune\/","https:\/\/www.linkedin.com\/company\/monaco-tribune","https:\/\/www.youtube.com\/channel\/UCHle1MnG6hw1y4lWKijVbMA"]},{"@type":"Person","@id":"https:\/\/www.monaco-tribune.com\/en\/#\/schema\/person\/def413f93bbed9f57d0f8b37577b4386","name":"Harsh Biyani","image":{"@type":"ImageObject","inLanguage":"en-US","@id":"https:\/\/secure.gravatar.com\/avatar\/b088cd60453d43bf37022104b22b0f5e6ff8e800411607df3f8f1490b85207fa?s=96&d=mm&r=g","url":"https:\/\/secure.gravatar.com\/avatar\/b088cd60453d43bf37022104b22b0f5e6ff8e800411607df3f8f1490b85207fa?s=96&d=mm&r=g","contentUrl":"https:\/\/secure.gravatar.com\/avatar\/b088cd60453d43bf37022104b22b0f5e6ff8e800411607df3f8f1490b85207fa?s=96&d=mm&r=g","caption":"Harsh Biyani"},"description":"Harsh is a journalist from India who has been writing regularly since 2014. He originally focused on football before gradually shifting to other domains. Currently residing in Marseille, France, he covers politics, lifestyle, society news, and other topics for Monaco Tribune.","sameAs":["https:\/\/www.facebook.com\/harsh.biyani.3114","https:\/\/x.com\/HarshBiyani_"],"url":"https:\/\/www.monaco-tribune.com\/en\/author\/harsh-biyani\/"}]}},"_links":{"self":[{"href":"https:\/\/www.monaco-tribune.com\/en\/wp-json\/wp\/v2\/posts\/9675","targetHints":{"allow":["GET"]}}],"collection":[{"href":"https:\/\/www.monaco-tribune.com\/en\/wp-json\/wp\/v2\/posts"}],"about":[{"href":"https:\/\/www.monaco-tribune.com\/en\/wp-json\/wp\/v2\/types\/post"}],"author":[{"embeddable":true,"href":"https:\/\/www.monaco-tribune.com\/en\/wp-json\/wp\/v2\/users\/10"}],"replies":[{"embeddable":true,"href":"https:\/\/www.monaco-tribune.com\/en\/wp-json\/wp\/v2\/comments?post=9675"}],"version-history":[{"count":0,"href":"https:\/\/www.monaco-tribune.com\/en\/wp-json\/wp\/v2\/posts\/9675\/revisions"}],"wp:featuredmedia":[{"embeddable":true,"href":"https:\/\/www.monaco-tribune.com\/en\/wp-json\/wp\/v2\/media\/9676"}],"wp:attachment":[{"href":"https:\/\/www.monaco-tribune.com\/en\/wp-json\/wp\/v2\/media?parent=9675"}],"wp:term":[{"taxonomy":"category","embeddable":true,"href":"https:\/\/www.monaco-tribune.com\/en\/wp-json\/wp\/v2\/categories?post=9675"},{"taxonomy":"post_tag","embeddable":true,"href":"https:\/\/www.monaco-tribune.com\/en\/wp-json\/wp\/v2\/tags?post=9675"},{"taxonomy":"sectag","embeddable":true,"href":"https:\/\/www.monaco-tribune.com\/en\/wp-json\/wp\/v2\/post_sectags?post=9675"},{"taxonomy":"format","embeddable":true,"href":"https:\/\/www.monaco-tribune.com\/en\/wp-json\/wp\/v2\/post_format?post=9675"}],"curies":[{"name":"wp","href":"https:\/\/api.w.org\/{rel}","templated":true}]}}