{"id":97318,"date":"2021-10-22T11:48:56","date_gmt":"2021-10-22T09:48:56","guid":{"rendered":"https:\/\/www.monaco-tribune.com\/2021\/10\/the-3-key-points-from-the-conference-on-the-future-of-television-in-monaco\/"},"modified":"2021-10-22T11:52:32","modified_gmt":"2021-10-22T09:52:32","slug":"the-3-key-points-from-the-conference-on-the-future-of-television-in-monaco","status":"publish","type":"post","link":"https:\/\/www.monaco-tribune.com\/en\/2021\/10\/the-3-key-points-from-the-conference-on-the-future-of-television-in-monaco\/","title":{"rendered":"The 3 key points from the conference on the future of television in Monaco"},"content":{"rendered":"\n<p><strong>The conference was held at the H\u00f4tel Hermitage, and hosted by Yann-Antony Nogh\u00e8s and Fran\u00e7ois Tron. \u00a0<\/strong><\/p>\n\n<p>&#8220;Monaco: what does the future hold in television?&#8221; \u00a0This is the question that the Monaco Press Club attempted to answer on Tuesday evening, during a conference led by journalists Yann-Antony Nogh\u00e8s and Fran\u00e7ois Tron. \u00a0The two leading professionals of the French-speaking audio-visual industry broached the subject of the future Monte-Carlo Riviera television channel and its international broadcasting prospects.<\/p>\n\n<h2 class=\"has-text-align-center wp-block-heading\" id=\"h-1-monaco-peut-int-resser-un-public-international\">1. Monaco can attract an international audience <\/h2>\n\n<p>Already an integral part of TV5Monde, but yet to be launched, the new Monte-Carlo Riviera channel is intended to become Monaco&#8217;s future national public television service. \u00a0For what audience? \u00a0Local? \u00a0Regional? National, or even international? \u00a0In Fran\u00e7ois Tron&#8217;s opinion, anything is possible, it all depends on the Principality&#8217;s ambitions. \u00a0\u201cThere is a public service &#8216;mission&#8217; that is carried out [by Monaco Info], providing local and regional news to a target audience that is interested in this kind of information. \u00a0But there is also a particular aspect: how Monaco is viewed, and that view is an international one. (\u2026) This is an aspect that can be built on, to give national or even international exposure to the life of the Principality,&#8221; the journalist pointed out.<\/p>\n\n<p>Comments echoed by Selim Zeghdar, manager of the Monte-Carlo Riviera: &#8220;When we are in Monaco, we think that nobody is interested in us, but when we travel, we realise that people look at us differently. \u00a0We are fortunate to have a Princely Family and a Prince who convey a positive image of the Principality everywhere. \u00a0If we take the example of China, Monaco is rather well regarded over there, and they also appreciate decorum. \u00bb<\/p>\n\n<h2 class=\"has-text-align-center wp-block-heading\" id=\"h-2-montrer-monaco-au-del-des-clich-s\">2. Show Monaco minus the clich\u00e9s<\/h2>\n\n<p>Another question was raised by Yann-Antony Nogh\u00e8s: what kind of programming would a channel like this have? \u00a0News, &#8220;obviously&#8221;, according to Fran\u00e7ois Tron. \u00a0He also mentioned sport and the local news magazine. \u00a0But in the journalist&#8217;s view, staying on set all day is not necessarily the best solution, even if it&#8217;s an option that can help keep costs down. \u00a0For local information, the journalist recommends reporting: &#8220;I was struck by the number of cultural events here. \u00a0What with the theatre, the opera &#8230; there&#8217;s practically one a day! \u00a0There&#8217;s plenty of subject material on culture, we just need to sign an agreement for the rights and the footage&#8230; \u00bb<\/p>\n\n<p>As for programming for an international audience, Yann-Antony Nogh\u00e8s is in two minds: should we focus on the &#8220;clich\u00e9s&#8221; and keep up Monaco&#8217;s image abroad or should we concentrate on what the Principality &#8220;wants to talk about&#8221;, such as energy transition or the economic sector? \u00a0According to Fran\u00e7ois Tron, it&#8217;s up to the channel and Monaco to highlight what the Principality has to offer \u201capart from Ferraris and big boats. \u00bb<\/p>\n\n<h2 class=\"has-text-align-center wp-block-heading\" id=\"h-3-int-grer-l-environnement-dans-le-contenu-ditorial\">3. Include the environment in the editorial content<\/h2>\n\n<p>Among the editorial themes that are less well known internationally, Selim Zeghdar would like to incorporate <a href=\"https:\/\/www.monaco-tribune.com\/en\/2021\/10\/sustainable-development-5-takeaways-from-the-monaco-energy-transition-conference\/\" target=\"_blank\" rel=\"noopener\">the environment<\/a> into the channel&#8217;s content: &#8220;Today, everyone is talking about the environment but there is no legitimate international channel on the subject. \u00a0And we believe that the Prince&#8217;s work, which is very positive at international level, will help us to be an environmental channel with a certain number of partnerships, such as the Discovery Channel or foundations like Di Caprio&#8217;s or the Albert II Foundation.&#8221;<\/p>\n\n<p>Finally there is the question of the budget required for creating this channel. \u00a0While the average minimum cost is usually estimated between 40 and 50 million euros, Selim Zeghdar wants to be reassuring: \u201cWe will start off gradually, with the means at our disposal&#8221;. \u00a0Those means could evolve rapidly thanks to structured advertising and to the environmental theme which, according to Selim Zeghdar, is of interest to an international audience.<\/p>\n","protected":false},"excerpt":{"rendered":"<p>The conference was held at the H\u00f4tel Hermitage, and hosted by Yann-Antony Nogh\u00e8s and Fran\u00e7ois Tron. \u00a0 &#8220;Monaco: what does [&hellip;]<\/p>\n","protected":false},"author":60,"featured_media":97003,"comment_status":"closed","ping_status":"closed","sticky":false,"template":"","format":"standard","meta":{"_acf_changed":false,"footnotes":""},"categories":[243,258],"tags":[1060],"post_sectags":[],"post_format":[2468],"class_list":["post-97318","post","type-post","status-publish","format-standard","has-post-thumbnail","hentry","category-news","category-public-life","tag-monaco-press-club","format-story"],"acf":[],"yoast_head":"<!-- This site is optimized with the Yoast SEO Premium plugin v26.8 (Yoast SEO v27.4) - https:\/\/yoast.com\/product\/yoast-seo-premium-wordpress\/ -->\n<title>The 3 key points from the conference on the future of television in Monaco<\/title>\n<meta name=\"description\" content=\"The conference was held at the H\u00f4tel Hermitage, and hosted by Yann-Antony Nogh\u00e8s and Fran\u00e7ois Tron. \u00a0 &quot;Monaco: what does the future hold in television?&quot;\" \/>\n<meta name=\"robots\" content=\"index, follow, max-snippet:-1, max-image-preview:large, max-video-preview:-1\" \/>\n<link rel=\"canonical\" href=\"https:\/\/www.monaco-tribune.com\/en\/2021\/10\/the-3-key-points-from-the-conference-on-the-future-of-television-in-monaco\/\" \/>\n<meta property=\"og:locale\" content=\"en_US\" \/>\n<meta property=\"og:type\" content=\"article\" \/>\n<meta property=\"og:title\" content=\"The 3 key points from the conference on the future of television in Monaco - Monaco Tribune\" \/>\n<meta property=\"og:description\" content=\"The conference was held at the H\u00f4tel Hermitage, and hosted by Yann-Antony Nogh\u00e8s and Fran\u00e7ois Tron. \u00a0 &quot;Monaco: what does the future hold in television?&quot;\" \/>\n<meta property=\"og:url\" content=\"https:\/\/www.monaco-tribune.com\/en\/2021\/10\/the-3-key-points-from-the-conference-on-the-future-of-television-in-monaco\/\" \/>\n<meta property=\"og:site_name\" content=\"Monaco Tribune\" \/>\n<meta property=\"article:publisher\" content=\"https:\/\/www.facebook.com\/MonacoTribune\" \/>\n<meta property=\"article:published_time\" content=\"2021-10-22T09:48:56+00:00\" \/>\n<meta property=\"article:modified_time\" content=\"2021-10-22T09:52:32+00:00\" \/>\n<meta property=\"og:image\" content=\"https:\/\/www.monaco-tribune.com\/wp-content\/uploads\/2021\/10\/monaco-press-club-e1634729846116.jpeg\" \/>\n\t<meta property=\"og:image:width\" content=\"1630\" \/>\n\t<meta property=\"og:image:height\" content=\"1116\" \/>\n\t<meta property=\"og:image:type\" content=\"image\/jpeg\" \/>\n<meta name=\"author\" content=\"Camille Esteve\" \/>\n<meta name=\"twitter:card\" content=\"summary_large_image\" \/>\n<meta name=\"twitter:creator\" content=\"@MonacoTribune\" \/>\n<meta name=\"twitter:site\" content=\"@MonacoTribune\" \/>\n<script type=\"application\/ld+json\" class=\"yoast-schema-graph\">{\"@context\":\"https:\\\/\\\/schema.org\",\"@graph\":[{\"@type\":\"NewsArticle\",\"@id\":\"https:\\\/\\\/www.monaco-tribune.com\\\/en\\\/2021\\\/10\\\/the-3-key-points-from-the-conference-on-the-future-of-television-in-monaco\\\/#article\",\"isPartOf\":{\"@id\":\"https:\\\/\\\/www.monaco-tribune.com\\\/en\\\/2021\\\/10\\\/the-3-key-points-from-the-conference-on-the-future-of-television-in-monaco\\\/\"},\"author\":{\"name\":\"Camille Esteve\",\"@id\":\"https:\\\/\\\/www.monaco-tribune.com\\\/en\\\/#\\\/schema\\\/person\\\/a855d420fff4d03637641d60b93ac62e\"},\"headline\":\"The 3 key points from the conference on the future of television in Monaco\",\"datePublished\":\"2021-10-22T09:48:56+00:00\",\"dateModified\":\"2021-10-22T09:52:32+00:00\",\"mainEntityOfPage\":{\"@id\":\"https:\\\/\\\/www.monaco-tribune.com\\\/en\\\/2021\\\/10\\\/the-3-key-points-from-the-conference-on-the-future-of-television-in-monaco\\\/\"},\"wordCount\":654,\"publisher\":{\"@id\":\"https:\\\/\\\/www.monaco-tribune.com\\\/en\\\/#organization\"},\"image\":{\"@id\":\"https:\\\/\\\/www.monaco-tribune.com\\\/en\\\/2021\\\/10\\\/the-3-key-points-from-the-conference-on-the-future-of-television-in-monaco\\\/#primaryimage\"},\"thumbnailUrl\":\"https:\\\/\\\/www.monaco-tribune.com\\\/wp-content\\\/uploads\\\/2021\\\/10\\\/monaco-press-club-e1634729846116.jpeg\",\"keywords\":[\"Monaco Press Club\"],\"articleSection\":[\"News\",\"Society\"],\"inLanguage\":\"en-US\",\"copyrightYear\":\"2021\",\"copyrightHolder\":{\"@id\":\"https:\\\/\\\/www.monaco-tribune.com\\\/#organization\"}},{\"@type\":\"WebPage\",\"@id\":\"https:\\\/\\\/www.monaco-tribune.com\\\/en\\\/2021\\\/10\\\/the-3-key-points-from-the-conference-on-the-future-of-television-in-monaco\\\/\",\"url\":\"https:\\\/\\\/www.monaco-tribune.com\\\/en\\\/2021\\\/10\\\/the-3-key-points-from-the-conference-on-the-future-of-television-in-monaco\\\/\",\"name\":\"The 3 key points from the conference on the future of television in Monaco\",\"isPartOf\":{\"@id\":\"https:\\\/\\\/www.monaco-tribune.com\\\/en\\\/#website\"},\"primaryImageOfPage\":{\"@id\":\"https:\\\/\\\/www.monaco-tribune.com\\\/en\\\/2021\\\/10\\\/the-3-key-points-from-the-conference-on-the-future-of-television-in-monaco\\\/#primaryimage\"},\"image\":{\"@id\":\"https:\\\/\\\/www.monaco-tribune.com\\\/en\\\/2021\\\/10\\\/the-3-key-points-from-the-conference-on-the-future-of-television-in-monaco\\\/#primaryimage\"},\"thumbnailUrl\":\"https:\\\/\\\/www.monaco-tribune.com\\\/wp-content\\\/uploads\\\/2021\\\/10\\\/monaco-press-club-e1634729846116.jpeg\",\"datePublished\":\"2021-10-22T09:48:56+00:00\",\"dateModified\":\"2021-10-22T09:52:32+00:00\",\"description\":\"The conference was held at the H\u00f4tel Hermitage, and hosted by Yann-Antony Nogh\u00e8s and Fran\u00e7ois Tron. \u00a0 \\\"Monaco: what does the future hold in television?\\\"\",\"breadcrumb\":{\"@id\":\"https:\\\/\\\/www.monaco-tribune.com\\\/en\\\/2021\\\/10\\\/the-3-key-points-from-the-conference-on-the-future-of-television-in-monaco\\\/#breadcrumb\"},\"inLanguage\":\"en-US\",\"potentialAction\":[{\"@type\":\"ReadAction\",\"target\":[\"https:\\\/\\\/www.monaco-tribune.com\\\/en\\\/2021\\\/10\\\/the-3-key-points-from-the-conference-on-the-future-of-television-in-monaco\\\/\"]}]},{\"@type\":\"ImageObject\",\"inLanguage\":\"en-US\",\"@id\":\"https:\\\/\\\/www.monaco-tribune.com\\\/en\\\/2021\\\/10\\\/the-3-key-points-from-the-conference-on-the-future-of-television-in-monaco\\\/#primaryimage\",\"url\":\"https:\\\/\\\/www.monaco-tribune.com\\\/wp-content\\\/uploads\\\/2021\\\/10\\\/monaco-press-club-e1634729846116.jpeg\",\"contentUrl\":\"https:\\\/\\\/www.monaco-tribune.com\\\/wp-content\\\/uploads\\\/2021\\\/10\\\/monaco-press-club-e1634729846116.jpeg\",\"width\":1630,\"height\":1116,\"caption\":\"Monaco Press Club\"},{\"@type\":\"BreadcrumbList\",\"@id\":\"https:\\\/\\\/www.monaco-tribune.com\\\/en\\\/2021\\\/10\\\/the-3-key-points-from-the-conference-on-the-future-of-television-in-monaco\\\/#breadcrumb\",\"itemListElement\":[{\"@type\":\"ListItem\",\"position\":1,\"name\":\"Accueil\",\"item\":\"https:\\\/\\\/www.monaco-tribune.com\\\/en\\\/\"},{\"@type\":\"ListItem\",\"position\":2,\"name\":\"The 3 key points from the conference on the future of television in Monaco\"}]},{\"@type\":\"WebSite\",\"@id\":\"https:\\\/\\\/www.monaco-tribune.com\\\/en\\\/#website\",\"url\":\"https:\\\/\\\/www.monaco-tribune.com\\\/en\\\/\",\"name\":\"Monaco Tribune\",\"description\":\"Monaco : actualit\u00e9s \u00e9conomiques, politiques, culturelles et sportives de Monaco et de la French Riviera.\",\"publisher\":{\"@id\":\"https:\\\/\\\/www.monaco-tribune.com\\\/en\\\/#organization\"},\"potentialAction\":[{\"@type\":\"SearchAction\",\"target\":{\"@type\":\"EntryPoint\",\"urlTemplate\":\"https:\\\/\\\/www.monaco-tribune.com\\\/en\\\/?s={search_term_string}\"},\"query-input\":{\"@type\":\"PropertyValueSpecification\",\"valueRequired\":true,\"valueName\":\"search_term_string\"}}],\"inLanguage\":\"en-US\"},{\"@type\":\"Organization\",\"@id\":\"https:\\\/\\\/www.monaco-tribune.com\\\/en\\\/#organization\",\"name\":\"Monaco Tribune\",\"url\":\"https:\\\/\\\/www.monaco-tribune.com\\\/en\\\/\",\"logo\":{\"@type\":\"ImageObject\",\"inLanguage\":\"en-US\",\"@id\":\"https:\\\/\\\/www.monaco-tribune.com\\\/en\\\/#\\\/schema\\\/logo\\\/image\\\/\",\"url\":\"https:\\\/\\\/www.monaco-tribune.com\\\/wp-content\\\/uploads\\\/2022\\\/11\\\/logo-monaco-tribune.png\",\"contentUrl\":\"https:\\\/\\\/www.monaco-tribune.com\\\/wp-content\\\/uploads\\\/2022\\\/11\\\/logo-monaco-tribune.png\",\"width\":1548,\"height\":600,\"caption\":\"Monaco Tribune\"},\"image\":{\"@id\":\"https:\\\/\\\/www.monaco-tribune.com\\\/en\\\/#\\\/schema\\\/logo\\\/image\\\/\"},\"sameAs\":[\"https:\\\/\\\/www.facebook.com\\\/MonacoTribune\",\"https:\\\/\\\/x.com\\\/MonacoTribune\",\"https:\\\/\\\/www.instagram.com\\\/monacotribune\\\/\",\"https:\\\/\\\/www.linkedin.com\\\/company\\\/monaco-tribune\",\"https:\\\/\\\/www.youtube.com\\\/channel\\\/UCHle1MnG6hw1y4lWKijVbMA\"]},{\"@type\":\"Person\",\"@id\":\"https:\\\/\\\/www.monaco-tribune.com\\\/en\\\/#\\\/schema\\\/person\\\/a855d420fff4d03637641d60b93ac62e\",\"name\":\"Camille Esteve\",\"image\":{\"@type\":\"ImageObject\",\"inLanguage\":\"en-US\",\"@id\":\"https:\\\/\\\/secure.gravatar.com\\\/avatar\\\/eaaa2355a7bb56c0018a391c20a55bf9b4690e3f493231dd850e612bfa6ce161?s=96&d=mm&r=g\",\"url\":\"https:\\\/\\\/secure.gravatar.com\\\/avatar\\\/eaaa2355a7bb56c0018a391c20a55bf9b4690e3f493231dd850e612bfa6ce161?s=96&d=mm&r=g\",\"contentUrl\":\"https:\\\/\\\/secure.gravatar.com\\\/avatar\\\/eaaa2355a7bb56c0018a391c20a55bf9b4690e3f493231dd850e612bfa6ce161?s=96&d=mm&r=g\",\"caption\":\"Camille Esteve\"},\"url\":\"https:\\\/\\\/www.monaco-tribune.com\\\/en\\\/author\\\/camilleesteve\\\/\"}]}<\/script>\n<!-- \/ Yoast SEO Premium plugin. -->","yoast_head_json":{"title":"The 3 key points from the conference on the future of television in Monaco","description":"The conference was held at the H\u00f4tel Hermitage, and hosted by Yann-Antony Nogh\u00e8s and Fran\u00e7ois Tron. \u00a0 \"Monaco: what does the future hold in television?\"","robots":{"index":"index","follow":"follow","max-snippet":"max-snippet:-1","max-image-preview":"max-image-preview:large","max-video-preview":"max-video-preview:-1"},"canonical":"https:\/\/www.monaco-tribune.com\/en\/2021\/10\/the-3-key-points-from-the-conference-on-the-future-of-television-in-monaco\/","og_locale":"en_US","og_type":"article","og_title":"The 3 key points from the conference on the future of television in Monaco - Monaco Tribune","og_description":"The conference was held at the H\u00f4tel Hermitage, and hosted by Yann-Antony Nogh\u00e8s and Fran\u00e7ois Tron. \u00a0 \"Monaco: what does the future hold in television?\"","og_url":"https:\/\/www.monaco-tribune.com\/en\/2021\/10\/the-3-key-points-from-the-conference-on-the-future-of-television-in-monaco\/","og_site_name":"Monaco Tribune","article_publisher":"https:\/\/www.facebook.com\/MonacoTribune","article_published_time":"2021-10-22T09:48:56+00:00","article_modified_time":"2021-10-22T09:52:32+00:00","og_image":[{"width":1630,"height":1116,"url":"https:\/\/www.monaco-tribune.com\/wp-content\/uploads\/2021\/10\/monaco-press-club-e1634729846116.jpeg","type":"image\/jpeg"}],"author":"Camille Esteve","twitter_card":"summary_large_image","twitter_creator":"@MonacoTribune","twitter_site":"@MonacoTribune","schema":{"@context":"https:\/\/schema.org","@graph":[{"@type":"NewsArticle","@id":"https:\/\/www.monaco-tribune.com\/en\/2021\/10\/the-3-key-points-from-the-conference-on-the-future-of-television-in-monaco\/#article","isPartOf":{"@id":"https:\/\/www.monaco-tribune.com\/en\/2021\/10\/the-3-key-points-from-the-conference-on-the-future-of-television-in-monaco\/"},"author":{"name":"Camille Esteve","@id":"https:\/\/www.monaco-tribune.com\/en\/#\/schema\/person\/a855d420fff4d03637641d60b93ac62e"},"headline":"The 3 key points from the conference on the future of television in Monaco","datePublished":"2021-10-22T09:48:56+00:00","dateModified":"2021-10-22T09:52:32+00:00","mainEntityOfPage":{"@id":"https:\/\/www.monaco-tribune.com\/en\/2021\/10\/the-3-key-points-from-the-conference-on-the-future-of-television-in-monaco\/"},"wordCount":654,"publisher":{"@id":"https:\/\/www.monaco-tribune.com\/en\/#organization"},"image":{"@id":"https:\/\/www.monaco-tribune.com\/en\/2021\/10\/the-3-key-points-from-the-conference-on-the-future-of-television-in-monaco\/#primaryimage"},"thumbnailUrl":"https:\/\/www.monaco-tribune.com\/wp-content\/uploads\/2021\/10\/monaco-press-club-e1634729846116.jpeg","keywords":["Monaco Press Club"],"articleSection":["News","Society"],"inLanguage":"en-US","copyrightYear":"2021","copyrightHolder":{"@id":"https:\/\/www.monaco-tribune.com\/#organization"}},{"@type":"WebPage","@id":"https:\/\/www.monaco-tribune.com\/en\/2021\/10\/the-3-key-points-from-the-conference-on-the-future-of-television-in-monaco\/","url":"https:\/\/www.monaco-tribune.com\/en\/2021\/10\/the-3-key-points-from-the-conference-on-the-future-of-television-in-monaco\/","name":"The 3 key points from the conference on the future of television in Monaco","isPartOf":{"@id":"https:\/\/www.monaco-tribune.com\/en\/#website"},"primaryImageOfPage":{"@id":"https:\/\/www.monaco-tribune.com\/en\/2021\/10\/the-3-key-points-from-the-conference-on-the-future-of-television-in-monaco\/#primaryimage"},"image":{"@id":"https:\/\/www.monaco-tribune.com\/en\/2021\/10\/the-3-key-points-from-the-conference-on-the-future-of-television-in-monaco\/#primaryimage"},"thumbnailUrl":"https:\/\/www.monaco-tribune.com\/wp-content\/uploads\/2021\/10\/monaco-press-club-e1634729846116.jpeg","datePublished":"2021-10-22T09:48:56+00:00","dateModified":"2021-10-22T09:52:32+00:00","description":"The conference was held at the H\u00f4tel Hermitage, and hosted by Yann-Antony Nogh\u00e8s and Fran\u00e7ois Tron. \u00a0 \"Monaco: what does the future hold in television?\"","breadcrumb":{"@id":"https:\/\/www.monaco-tribune.com\/en\/2021\/10\/the-3-key-points-from-the-conference-on-the-future-of-television-in-monaco\/#breadcrumb"},"inLanguage":"en-US","potentialAction":[{"@type":"ReadAction","target":["https:\/\/www.monaco-tribune.com\/en\/2021\/10\/the-3-key-points-from-the-conference-on-the-future-of-television-in-monaco\/"]}]},{"@type":"ImageObject","inLanguage":"en-US","@id":"https:\/\/www.monaco-tribune.com\/en\/2021\/10\/the-3-key-points-from-the-conference-on-the-future-of-television-in-monaco\/#primaryimage","url":"https:\/\/www.monaco-tribune.com\/wp-content\/uploads\/2021\/10\/monaco-press-club-e1634729846116.jpeg","contentUrl":"https:\/\/www.monaco-tribune.com\/wp-content\/uploads\/2021\/10\/monaco-press-club-e1634729846116.jpeg","width":1630,"height":1116,"caption":"Monaco Press Club"},{"@type":"BreadcrumbList","@id":"https:\/\/www.monaco-tribune.com\/en\/2021\/10\/the-3-key-points-from-the-conference-on-the-future-of-television-in-monaco\/#breadcrumb","itemListElement":[{"@type":"ListItem","position":1,"name":"Accueil","item":"https:\/\/www.monaco-tribune.com\/en\/"},{"@type":"ListItem","position":2,"name":"The 3 key points from the conference on the future of television in Monaco"}]},{"@type":"WebSite","@id":"https:\/\/www.monaco-tribune.com\/en\/#website","url":"https:\/\/www.monaco-tribune.com\/en\/","name":"Monaco Tribune","description":"Monaco : actualit\u00e9s \u00e9conomiques, politiques, culturelles et sportives de Monaco et de la French Riviera.","publisher":{"@id":"https:\/\/www.monaco-tribune.com\/en\/#organization"},"potentialAction":[{"@type":"SearchAction","target":{"@type":"EntryPoint","urlTemplate":"https:\/\/www.monaco-tribune.com\/en\/?s={search_term_string}"},"query-input":{"@type":"PropertyValueSpecification","valueRequired":true,"valueName":"search_term_string"}}],"inLanguage":"en-US"},{"@type":"Organization","@id":"https:\/\/www.monaco-tribune.com\/en\/#organization","name":"Monaco Tribune","url":"https:\/\/www.monaco-tribune.com\/en\/","logo":{"@type":"ImageObject","inLanguage":"en-US","@id":"https:\/\/www.monaco-tribune.com\/en\/#\/schema\/logo\/image\/","url":"https:\/\/www.monaco-tribune.com\/wp-content\/uploads\/2022\/11\/logo-monaco-tribune.png","contentUrl":"https:\/\/www.monaco-tribune.com\/wp-content\/uploads\/2022\/11\/logo-monaco-tribune.png","width":1548,"height":600,"caption":"Monaco Tribune"},"image":{"@id":"https:\/\/www.monaco-tribune.com\/en\/#\/schema\/logo\/image\/"},"sameAs":["https:\/\/www.facebook.com\/MonacoTribune","https:\/\/x.com\/MonacoTribune","https:\/\/www.instagram.com\/monacotribune\/","https:\/\/www.linkedin.com\/company\/monaco-tribune","https:\/\/www.youtube.com\/channel\/UCHle1MnG6hw1y4lWKijVbMA"]},{"@type":"Person","@id":"https:\/\/www.monaco-tribune.com\/en\/#\/schema\/person\/a855d420fff4d03637641d60b93ac62e","name":"Camille Esteve","image":{"@type":"ImageObject","inLanguage":"en-US","@id":"https:\/\/secure.gravatar.com\/avatar\/eaaa2355a7bb56c0018a391c20a55bf9b4690e3f493231dd850e612bfa6ce161?s=96&d=mm&r=g","url":"https:\/\/secure.gravatar.com\/avatar\/eaaa2355a7bb56c0018a391c20a55bf9b4690e3f493231dd850e612bfa6ce161?s=96&d=mm&r=g","contentUrl":"https:\/\/secure.gravatar.com\/avatar\/eaaa2355a7bb56c0018a391c20a55bf9b4690e3f493231dd850e612bfa6ce161?s=96&d=mm&r=g","caption":"Camille Esteve"},"url":"https:\/\/www.monaco-tribune.com\/en\/author\/camilleesteve\/"}]}},"_links":{"self":[{"href":"https:\/\/www.monaco-tribune.com\/en\/wp-json\/wp\/v2\/posts\/97318","targetHints":{"allow":["GET"]}}],"collection":[{"href":"https:\/\/www.monaco-tribune.com\/en\/wp-json\/wp\/v2\/posts"}],"about":[{"href":"https:\/\/www.monaco-tribune.com\/en\/wp-json\/wp\/v2\/types\/post"}],"author":[{"embeddable":true,"href":"https:\/\/www.monaco-tribune.com\/en\/wp-json\/wp\/v2\/users\/60"}],"replies":[{"embeddable":true,"href":"https:\/\/www.monaco-tribune.com\/en\/wp-json\/wp\/v2\/comments?post=97318"}],"version-history":[{"count":0,"href":"https:\/\/www.monaco-tribune.com\/en\/wp-json\/wp\/v2\/posts\/97318\/revisions"}],"wp:featuredmedia":[{"embeddable":true,"href":"https:\/\/www.monaco-tribune.com\/en\/wp-json\/wp\/v2\/media\/97003"}],"wp:attachment":[{"href":"https:\/\/www.monaco-tribune.com\/en\/wp-json\/wp\/v2\/media?parent=97318"}],"wp:term":[{"taxonomy":"category","embeddable":true,"href":"https:\/\/www.monaco-tribune.com\/en\/wp-json\/wp\/v2\/categories?post=97318"},{"taxonomy":"post_tag","embeddable":true,"href":"https:\/\/www.monaco-tribune.com\/en\/wp-json\/wp\/v2\/tags?post=97318"},{"taxonomy":"sectag","embeddable":true,"href":"https:\/\/www.monaco-tribune.com\/en\/wp-json\/wp\/v2\/post_sectags?post=97318"},{"taxonomy":"format","embeddable":true,"href":"https:\/\/www.monaco-tribune.com\/en\/wp-json\/wp\/v2\/post_format?post=97318"}],"curies":[{"name":"wp","href":"https:\/\/api.w.org\/{rel}","templated":true}]}}