{"id":100687,"date":"2021-11-23T11:09:18","date_gmt":"2021-11-23T10:09:18","guid":{"rendered":"https:\/\/www.monaco-tribune.com\/2021\/11\/corse-in-aumento-sulla-linea-3-degli-autobus\/"},"modified":"2021-11-23T11:09:23","modified_gmt":"2021-11-23T10:09:23","slug":"corse-in-aumento-sulla-linea-3-degli-autobus","status":"publish","type":"post","link":"https:\/\/www.monaco-tribune.com\/it\/2021\/11\/corse-in-aumento-sulla-linea-3-degli-autobus\/","title":{"rendered":"Corse in aumento sulla linea 3 degli autobus?"},"content":{"rendered":"\n<p><strong>Per far fronte alla crescente affluenza sulla linea Fontvieille C.Cial\/Hector Otto, dall&#8217;anno prossimo la Societ\u00e0 degli Autobus di Monaco (CAM) potrebbe inserire nuovi bus sulla linea 3. Facciamo il punto della situazione con Roland de Rechniewski, direttore operativo della CAM.<\/strong><\/p>\n\n<p>&#8220;La linea 3 \u00e8 poco servita&#8221;, &#8220;Gli autobus sono troppo piccoli&#8221;, &#8220;Sono troppo spesso pieni&#8221;, &#8220;I tempi di attesa sono lunghi&#8221;&#8230; Da qualche settimana, arrivano lamentele da parecchi utenti della linea 3 che collega il centro commerciale di Fontvieille alla Fondazione Hector Otto. Una crescente antipatia che si traduce a volte nel rifiuto degli autobus a favore di altri mezzi di trasporto.<\/p>\n\n<h2 class=\"wp-block-heading\" id=\"h-l-itin-raire-de-la-ligne-3-condamne-les-bus-trop-grands\">Un itinerario ostile agli autobus troppo grandi<\/h2>\n\n<p>&#8220;Personalmente, sono anni che non prendo il bus e che mi sposto in scooter o, a volte, in macchina&#8221; confessa Carlo Bony. &#8220;\u00c8 molto pi\u00f9 comodo e veloce.&#8221; Stessa constatazione da parte di Jean-Marc de Monigue: &#8220;Le bici del servizio di bike sharing sono meglio degli autobus!&#8221;.<\/p>\n\n<p>Consapevole della bassa frequenza su una delle tratte pi\u00f9 richieste del Principato, che raggiunge in particolare l&#8217;ospedale, il direttore operativo della CAM, Robert de Rechniewski, ha dichiarato che dovrebbero essere aggiunte pi\u00f9 corse nel 2022 per migliorare la situazione.<\/p>\n\n<p>&#8220;Rafforzeremo regolarmente le linee inserendo corse aggiuntive, in particolare durante le ore di punta&#8221; ci spiega. &#8220;Non dimentichiamo che il percorso della linea 3 \u00e8 complesso e ci impedisce di far circolare gli stessi bus usati sulla linea 1 e 2. I veicoli vanno adattati&#8221;.<\/p>\n\n<p><strong>&gt;&gt;<\/strong> <strong>LEGGI ANCHE: <\/strong><a href=\"https:\/\/www.monaco-tribune.com\/it\/2021\/05\/veicoli-elettrici-nel-principato-tutte-le-ultime-novita\/\">Veicoli elettrici nel Principato: tutte le ultime novit\u00e0<\/a><\/p>\n\n<div class=\"wp-block-image\"><figure class=\"aligncenter size-full\"><img loading=\"lazy\" decoding=\"async\" width=\"1000\" height=\"749\" src=\"https:\/\/www.monaco-tribune.com\/wp-content\/uploads\/2021\/11\/arret-de-bus-monaco.jpg\" alt=\"fermata dell'autobus monaco\" class=\"wp-image-100489\" srcset=\"https:\/\/www.monaco-tribune.com\/wp-content\/uploads\/2021\/11\/arret-de-bus-monaco.jpg 1000w, https:\/\/www.monaco-tribune.com\/wp-content\/uploads\/2021\/11\/arret-de-bus-monaco-401x300.jpg 401w, https:\/\/www.monaco-tribune.com\/wp-content\/uploads\/2021\/11\/arret-de-bus-monaco-200x150.jpg 200w, https:\/\/www.monaco-tribune.com\/wp-content\/uploads\/2021\/11\/arret-de-bus-monaco-768x575.jpg 768w, https:\/\/www.monaco-tribune.com\/wp-content\/uploads\/2021\/11\/arret-de-bus-monaco-175x131.jpg 175w\" sizes=\"auto, (max-width: 1000px) 100vw, 1000px\" \/><figcaption>&#8220;I tempi di attesa sono lunghi&#8221; \u00a9 Monaco Tribune<\/figcaption><\/figure><\/div>\n\n<h2 class=\"wp-block-heading\">Met\u00e0 flotta ibrida, in attesa dell&#8217;elettrico<\/h2>\n\n<p>A questo proposito, aspettando l&#8217;arrivo dei primi bus elettrici gi\u00e0 sperimentati con il minibus elettrico gratuito della spiaggia del Larvotto, la CAM continua a rinnovare la flotta. &#8220;Su 45 veicoli, la met\u00e0 \u00e8 gi\u00e0 ibrida&#8221; rivela Roland de Rechniewski. &#8220;Da quando sono stati consegnati gli ultimi autobus nel 2018, non ne abbiamo pi\u00f9 ordinati. In futuro, avremo solo bus ibridi ed elettrici.&#8221;<\/p>\n\n<blockquote class=\"wp-block-quote is-layout-flow wp-block-quote-is-layout-flow\"><p><em>In uno Stato piccolo come quello di Monaco&#8230;dobbiamo poter contare su una soluzione affidabile<\/em><\/p><\/blockquote>\n\n<p>Per una flotta 100% elettrica, per\u00f2, bisogna ancora aspettare. Per fare un confronto, se un bus diesel vale in media 250.000 euro (tasse escluse) e un bus ibrido 380.000 euro (tasse escluse), il prezzo dei bus elettrici sfiora il mezzo milione di euro. Per il momento, il gioco non vale ancora la candela.<\/p>\n\n<p>&#8220;In uno Stato piccolo come quello di Monaco, con traffico intenso e servizi da garantire, dobbiamo poter contare su una soluzione affidabile. Attualmente, per caricare un autobus elettrico ci sono requisiti di potenza esorbitanti. Non basta una presa da 16 ampere.&#8221; Ma come ci ha detto Roland de Rechniewski, mentre i bus elettrici si faranno attendere ancora per un po&#8217;, nel 2022 sar\u00e0 invece annunciata un&#8217;altra notizia. &#8220;Una grande novit\u00e0! Ma non posso dire di pi\u00f9, per ora.&#8221; Una cosa \u00e8 certa: la Societ\u00e0 degli Autobus di Monaco ha ancora in serbo tante sorprese.<\/p>\n\n<p><strong>&gt;&gt; LEGGI ANCHE: <\/strong><a href=\"https:\/\/www.monaco-tribune.com\/it\/2021\/05\/monapass-una-nuova-applicazione-per-la-mobilita-nel-principato\/\">Monapass: una nuova applicazione per la mobilit\u00e0 nel Principato<\/a><\/p>\n","protected":false},"excerpt":{"rendered":"<p>Per far fronte alla crescente affluenza sulla linea Fontvieille C.Cial\/Hector Otto, dall&#8217;anno prossimo la Societ\u00e0 degli Autobus di Monaco (CAM) [&hellip;]<\/p>\n","protected":false},"author":24,"featured_media":100485,"comment_status":"closed","ping_status":"closed","sticky":false,"template":"","format":"standard","meta":{"_acf_changed":false,"footnotes":""},"categories":[1826,1738,1752],"tags":[2859],"post_sectags":[],"post_format":[2477],"class_list":["post-100687","post","type-post","status-publish","format-standard","has-post-thumbnail","hentry","category-la-nostra-scelta","category-notizie","category-societa","tag-trasporto","format-info-pratiche"],"acf":[],"yoast_head":"<!-- This site is optimized with the Yoast SEO Premium plugin v26.8 (Yoast SEO v27.4) - https:\/\/yoast.com\/product\/yoast-seo-premium-wordpress\/ -->\n<title>Corse in aumento sulla linea 3 degli autobus?<\/title>\n<meta name=\"description\" content=\"Per far fronte alla crescente affluenza sulla linea Fontvieille C.Cial\/Hector Otto, dall&#039;anno prossimo la Societ\u00e0 degli Autobus di Monaco (CAM) potrebbe\" \/>\n<meta name=\"robots\" content=\"index, follow, max-snippet:-1, max-image-preview:large, max-video-preview:-1\" \/>\n<link rel=\"canonical\" href=\"https:\/\/www.monaco-tribune.com\/it\/2021\/11\/corse-in-aumento-sulla-linea-3-degli-autobus\/\" \/>\n<meta property=\"og:locale\" content=\"it_IT\" \/>\n<meta property=\"og:type\" content=\"article\" \/>\n<meta property=\"og:title\" content=\"Corse in aumento sulla linea 3 degli autobus? - Monaco Tribune\" \/>\n<meta property=\"og:description\" content=\"Per far fronte alla crescente affluenza sulla linea Fontvieille C.Cial\/Hector Otto, dall&#039;anno prossimo la Societ\u00e0 degli Autobus di Monaco (CAM) potrebbe\" \/>\n<meta property=\"og:url\" content=\"https:\/\/www.monaco-tribune.com\/it\/2021\/11\/corse-in-aumento-sulla-linea-3-degli-autobus\/\" \/>\n<meta property=\"og:site_name\" content=\"Monaco Tribune\" \/>\n<meta property=\"article:publisher\" content=\"https:\/\/www.facebook.com\/MonacoTribune\" \/>\n<meta property=\"article:published_time\" content=\"2021-11-23T10:09:18+00:00\" \/>\n<meta property=\"article:modified_time\" content=\"2021-11-23T10:09:23+00:00\" \/>\n<meta property=\"og:image\" content=\"https:\/\/www.monaco-tribune.com\/wp-content\/uploads\/2021\/11\/bus-police-monaco.jpg\" \/>\n\t<meta property=\"og:image:width\" content=\"1000\" \/>\n\t<meta property=\"og:image:height\" content=\"667\" \/>\n\t<meta property=\"og:image:type\" content=\"image\/jpeg\" \/>\n<meta name=\"author\" content=\"Romain Boisaubert\" \/>\n<meta name=\"twitter:card\" content=\"summary_large_image\" \/>\n<meta name=\"twitter:creator\" content=\"@MonacoTribune\" \/>\n<meta name=\"twitter:site\" content=\"@MonacoTribune\" \/>\n<script type=\"application\/ld+json\" class=\"yoast-schema-graph\">{\"@context\":\"https:\\\/\\\/schema.org\",\"@graph\":[{\"@type\":\"NewsArticle\",\"@id\":\"https:\\\/\\\/www.monaco-tribune.com\\\/it\\\/2021\\\/11\\\/corse-in-aumento-sulla-linea-3-degli-autobus\\\/#article\",\"isPartOf\":{\"@id\":\"https:\\\/\\\/www.monaco-tribune.com\\\/it\\\/2021\\\/11\\\/corse-in-aumento-sulla-linea-3-degli-autobus\\\/\"},\"author\":{\"name\":\"Romain Boisaubert\",\"@id\":\"https:\\\/\\\/www.monaco-tribune.com\\\/it\\\/#\\\/schema\\\/person\\\/330a3732947cf8cb41b2533a0eadd62e\"},\"headline\":\"Corse in aumento sulla linea 3 degli autobus?\",\"datePublished\":\"2021-11-23T10:09:18+00:00\",\"dateModified\":\"2021-11-23T10:09:23+00:00\",\"mainEntityOfPage\":{\"@id\":\"https:\\\/\\\/www.monaco-tribune.com\\\/it\\\/2021\\\/11\\\/corse-in-aumento-sulla-linea-3-degli-autobus\\\/\"},\"wordCount\":498,\"publisher\":{\"@id\":\"https:\\\/\\\/www.monaco-tribune.com\\\/it\\\/#organization\"},\"image\":{\"@id\":\"https:\\\/\\\/www.monaco-tribune.com\\\/it\\\/2021\\\/11\\\/corse-in-aumento-sulla-linea-3-degli-autobus\\\/#primaryimage\"},\"thumbnailUrl\":\"https:\\\/\\\/www.monaco-tribune.com\\\/wp-content\\\/uploads\\\/2021\\\/11\\\/bus-police-monaco.jpg\",\"keywords\":[\"Trasporto\"],\"articleSection\":[\"La nostra scelta\",\"Notizie\",\"Societ\u00e0\"],\"inLanguage\":\"it-IT\",\"copyrightYear\":\"2021\",\"copyrightHolder\":{\"@id\":\"https:\\\/\\\/www.monaco-tribune.com\\\/#organization\"}},{\"@type\":\"WebPage\",\"@id\":\"https:\\\/\\\/www.monaco-tribune.com\\\/it\\\/2021\\\/11\\\/corse-in-aumento-sulla-linea-3-degli-autobus\\\/\",\"url\":\"https:\\\/\\\/www.monaco-tribune.com\\\/it\\\/2021\\\/11\\\/corse-in-aumento-sulla-linea-3-degli-autobus\\\/\",\"name\":\"Corse in aumento sulla linea 3 degli autobus?\",\"isPartOf\":{\"@id\":\"https:\\\/\\\/www.monaco-tribune.com\\\/it\\\/#website\"},\"primaryImageOfPage\":{\"@id\":\"https:\\\/\\\/www.monaco-tribune.com\\\/it\\\/2021\\\/11\\\/corse-in-aumento-sulla-linea-3-degli-autobus\\\/#primaryimage\"},\"image\":{\"@id\":\"https:\\\/\\\/www.monaco-tribune.com\\\/it\\\/2021\\\/11\\\/corse-in-aumento-sulla-linea-3-degli-autobus\\\/#primaryimage\"},\"thumbnailUrl\":\"https:\\\/\\\/www.monaco-tribune.com\\\/wp-content\\\/uploads\\\/2021\\\/11\\\/bus-police-monaco.jpg\",\"datePublished\":\"2021-11-23T10:09:18+00:00\",\"dateModified\":\"2021-11-23T10:09:23+00:00\",\"description\":\"Per far fronte alla crescente affluenza sulla linea Fontvieille C.Cial\\\/Hector Otto, dall'anno prossimo la Societ\u00e0 degli Autobus di Monaco (CAM) potrebbe\",\"breadcrumb\":{\"@id\":\"https:\\\/\\\/www.monaco-tribune.com\\\/it\\\/2021\\\/11\\\/corse-in-aumento-sulla-linea-3-degli-autobus\\\/#breadcrumb\"},\"inLanguage\":\"it-IT\",\"potentialAction\":[{\"@type\":\"ReadAction\",\"target\":[\"https:\\\/\\\/www.monaco-tribune.com\\\/it\\\/2021\\\/11\\\/corse-in-aumento-sulla-linea-3-degli-autobus\\\/\"]}]},{\"@type\":\"ImageObject\",\"inLanguage\":\"it-IT\",\"@id\":\"https:\\\/\\\/www.monaco-tribune.com\\\/it\\\/2021\\\/11\\\/corse-in-aumento-sulla-linea-3-degli-autobus\\\/#primaryimage\",\"url\":\"https:\\\/\\\/www.monaco-tribune.com\\\/wp-content\\\/uploads\\\/2021\\\/11\\\/bus-police-monaco.jpg\",\"contentUrl\":\"https:\\\/\\\/www.monaco-tribune.com\\\/wp-content\\\/uploads\\\/2021\\\/11\\\/bus-police-monaco.jpg\",\"width\":1000,\"height\":667,\"caption\":\"Monaco Tribune\"},{\"@type\":\"BreadcrumbList\",\"@id\":\"https:\\\/\\\/www.monaco-tribune.com\\\/it\\\/2021\\\/11\\\/corse-in-aumento-sulla-linea-3-degli-autobus\\\/#breadcrumb\",\"itemListElement\":[{\"@type\":\"ListItem\",\"position\":1,\"name\":\"Accueil\",\"item\":\"https:\\\/\\\/www.monaco-tribune.com\\\/it\\\/\"},{\"@type\":\"ListItem\",\"position\":2,\"name\":\"Corse in aumento sulla linea 3 degli autobus?\"}]},{\"@type\":\"WebSite\",\"@id\":\"https:\\\/\\\/www.monaco-tribune.com\\\/it\\\/#website\",\"url\":\"https:\\\/\\\/www.monaco-tribune.com\\\/it\\\/\",\"name\":\"Monaco Tribune\",\"description\":\"Monaco : actualit\u00e9s \u00e9conomiques, politiques, culturelles et sportives de Monaco et de la French Riviera.\",\"publisher\":{\"@id\":\"https:\\\/\\\/www.monaco-tribune.com\\\/it\\\/#organization\"},\"potentialAction\":[{\"@type\":\"SearchAction\",\"target\":{\"@type\":\"EntryPoint\",\"urlTemplate\":\"https:\\\/\\\/www.monaco-tribune.com\\\/it\\\/?s={search_term_string}\"},\"query-input\":{\"@type\":\"PropertyValueSpecification\",\"valueRequired\":true,\"valueName\":\"search_term_string\"}}],\"inLanguage\":\"it-IT\"},{\"@type\":\"Organization\",\"@id\":\"https:\\\/\\\/www.monaco-tribune.com\\\/it\\\/#organization\",\"name\":\"Monaco Tribune\",\"url\":\"https:\\\/\\\/www.monaco-tribune.com\\\/it\\\/\",\"logo\":{\"@type\":\"ImageObject\",\"inLanguage\":\"it-IT\",\"@id\":\"https:\\\/\\\/www.monaco-tribune.com\\\/it\\\/#\\\/schema\\\/logo\\\/image\\\/\",\"url\":\"https:\\\/\\\/www.monaco-tribune.com\\\/wp-content\\\/uploads\\\/2022\\\/11\\\/logo-monaco-tribune.png\",\"contentUrl\":\"https:\\\/\\\/www.monaco-tribune.com\\\/wp-content\\\/uploads\\\/2022\\\/11\\\/logo-monaco-tribune.png\",\"width\":1548,\"height\":600,\"caption\":\"Monaco Tribune\"},\"image\":{\"@id\":\"https:\\\/\\\/www.monaco-tribune.com\\\/it\\\/#\\\/schema\\\/logo\\\/image\\\/\"},\"sameAs\":[\"https:\\\/\\\/www.facebook.com\\\/MonacoTribune\",\"https:\\\/\\\/x.com\\\/MonacoTribune\",\"https:\\\/\\\/www.instagram.com\\\/monacotribune\\\/\",\"https:\\\/\\\/www.linkedin.com\\\/company\\\/monaco-tribune\",\"https:\\\/\\\/www.youtube.com\\\/channel\\\/UCHle1MnG6hw1y4lWKijVbMA\"]},{\"@type\":\"Person\",\"@id\":\"https:\\\/\\\/www.monaco-tribune.com\\\/it\\\/#\\\/schema\\\/person\\\/330a3732947cf8cb41b2533a0eadd62e\",\"name\":\"Romain Boisaubert\",\"image\":{\"@type\":\"ImageObject\",\"inLanguage\":\"it-IT\",\"@id\":\"https:\\\/\\\/secure.gravatar.com\\\/avatar\\\/f8b90d41f1eabd1cbe4cf59e09d8db41a697d51919bf2dfe727589a24a4a4d54?s=96&d=mm&r=g\",\"url\":\"https:\\\/\\\/secure.gravatar.com\\\/avatar\\\/f8b90d41f1eabd1cbe4cf59e09d8db41a697d51919bf2dfe727589a24a4a4d54?s=96&d=mm&r=g\",\"contentUrl\":\"https:\\\/\\\/secure.gravatar.com\\\/avatar\\\/f8b90d41f1eabd1cbe4cf59e09d8db41a697d51919bf2dfe727589a24a4a4d54?s=96&d=mm&r=g\",\"caption\":\"Romain Boisaubert\"},\"description\":\"Test bio\",\"url\":\"https:\\\/\\\/www.monaco-tribune.com\\\/it\\\/author\\\/romain-boisaubert\\\/\"}]}<\/script>\n<!-- \/ Yoast SEO Premium plugin. -->","yoast_head_json":{"title":"Corse in aumento sulla linea 3 degli autobus?","description":"Per far fronte alla crescente affluenza sulla linea Fontvieille C.Cial\/Hector Otto, dall'anno prossimo la Societ\u00e0 degli Autobus di Monaco (CAM) potrebbe","robots":{"index":"index","follow":"follow","max-snippet":"max-snippet:-1","max-image-preview":"max-image-preview:large","max-video-preview":"max-video-preview:-1"},"canonical":"https:\/\/www.monaco-tribune.com\/it\/2021\/11\/corse-in-aumento-sulla-linea-3-degli-autobus\/","og_locale":"it_IT","og_type":"article","og_title":"Corse in aumento sulla linea 3 degli autobus? - Monaco Tribune","og_description":"Per far fronte alla crescente affluenza sulla linea Fontvieille C.Cial\/Hector Otto, dall'anno prossimo la Societ\u00e0 degli Autobus di Monaco (CAM) potrebbe","og_url":"https:\/\/www.monaco-tribune.com\/it\/2021\/11\/corse-in-aumento-sulla-linea-3-degli-autobus\/","og_site_name":"Monaco Tribune","article_publisher":"https:\/\/www.facebook.com\/MonacoTribune","article_published_time":"2021-11-23T10:09:18+00:00","article_modified_time":"2021-11-23T10:09:23+00:00","og_image":[{"width":1000,"height":667,"url":"https:\/\/www.monaco-tribune.com\/wp-content\/uploads\/2021\/11\/bus-police-monaco.jpg","type":"image\/jpeg"}],"author":"Romain Boisaubert","twitter_card":"summary_large_image","twitter_creator":"@MonacoTribune","twitter_site":"@MonacoTribune","schema":{"@context":"https:\/\/schema.org","@graph":[{"@type":"NewsArticle","@id":"https:\/\/www.monaco-tribune.com\/it\/2021\/11\/corse-in-aumento-sulla-linea-3-degli-autobus\/#article","isPartOf":{"@id":"https:\/\/www.monaco-tribune.com\/it\/2021\/11\/corse-in-aumento-sulla-linea-3-degli-autobus\/"},"author":{"name":"Romain Boisaubert","@id":"https:\/\/www.monaco-tribune.com\/it\/#\/schema\/person\/330a3732947cf8cb41b2533a0eadd62e"},"headline":"Corse in aumento sulla linea 3 degli autobus?","datePublished":"2021-11-23T10:09:18+00:00","dateModified":"2021-11-23T10:09:23+00:00","mainEntityOfPage":{"@id":"https:\/\/www.monaco-tribune.com\/it\/2021\/11\/corse-in-aumento-sulla-linea-3-degli-autobus\/"},"wordCount":498,"publisher":{"@id":"https:\/\/www.monaco-tribune.com\/it\/#organization"},"image":{"@id":"https:\/\/www.monaco-tribune.com\/it\/2021\/11\/corse-in-aumento-sulla-linea-3-degli-autobus\/#primaryimage"},"thumbnailUrl":"https:\/\/www.monaco-tribune.com\/wp-content\/uploads\/2021\/11\/bus-police-monaco.jpg","keywords":["Trasporto"],"articleSection":["La nostra scelta","Notizie","Societ\u00e0"],"inLanguage":"it-IT","copyrightYear":"2021","copyrightHolder":{"@id":"https:\/\/www.monaco-tribune.com\/#organization"}},{"@type":"WebPage","@id":"https:\/\/www.monaco-tribune.com\/it\/2021\/11\/corse-in-aumento-sulla-linea-3-degli-autobus\/","url":"https:\/\/www.monaco-tribune.com\/it\/2021\/11\/corse-in-aumento-sulla-linea-3-degli-autobus\/","name":"Corse in aumento sulla linea 3 degli autobus?","isPartOf":{"@id":"https:\/\/www.monaco-tribune.com\/it\/#website"},"primaryImageOfPage":{"@id":"https:\/\/www.monaco-tribune.com\/it\/2021\/11\/corse-in-aumento-sulla-linea-3-degli-autobus\/#primaryimage"},"image":{"@id":"https:\/\/www.monaco-tribune.com\/it\/2021\/11\/corse-in-aumento-sulla-linea-3-degli-autobus\/#primaryimage"},"thumbnailUrl":"https:\/\/www.monaco-tribune.com\/wp-content\/uploads\/2021\/11\/bus-police-monaco.jpg","datePublished":"2021-11-23T10:09:18+00:00","dateModified":"2021-11-23T10:09:23+00:00","description":"Per far fronte alla crescente affluenza sulla linea Fontvieille C.Cial\/Hector Otto, dall'anno prossimo la Societ\u00e0 degli Autobus di Monaco (CAM) potrebbe","breadcrumb":{"@id":"https:\/\/www.monaco-tribune.com\/it\/2021\/11\/corse-in-aumento-sulla-linea-3-degli-autobus\/#breadcrumb"},"inLanguage":"it-IT","potentialAction":[{"@type":"ReadAction","target":["https:\/\/www.monaco-tribune.com\/it\/2021\/11\/corse-in-aumento-sulla-linea-3-degli-autobus\/"]}]},{"@type":"ImageObject","inLanguage":"it-IT","@id":"https:\/\/www.monaco-tribune.com\/it\/2021\/11\/corse-in-aumento-sulla-linea-3-degli-autobus\/#primaryimage","url":"https:\/\/www.monaco-tribune.com\/wp-content\/uploads\/2021\/11\/bus-police-monaco.jpg","contentUrl":"https:\/\/www.monaco-tribune.com\/wp-content\/uploads\/2021\/11\/bus-police-monaco.jpg","width":1000,"height":667,"caption":"Monaco Tribune"},{"@type":"BreadcrumbList","@id":"https:\/\/www.monaco-tribune.com\/it\/2021\/11\/corse-in-aumento-sulla-linea-3-degli-autobus\/#breadcrumb","itemListElement":[{"@type":"ListItem","position":1,"name":"Accueil","item":"https:\/\/www.monaco-tribune.com\/it\/"},{"@type":"ListItem","position":2,"name":"Corse in aumento sulla linea 3 degli autobus?"}]},{"@type":"WebSite","@id":"https:\/\/www.monaco-tribune.com\/it\/#website","url":"https:\/\/www.monaco-tribune.com\/it\/","name":"Monaco Tribune","description":"Monaco : actualit\u00e9s \u00e9conomiques, politiques, culturelles et sportives de Monaco et de la French Riviera.","publisher":{"@id":"https:\/\/www.monaco-tribune.com\/it\/#organization"},"potentialAction":[{"@type":"SearchAction","target":{"@type":"EntryPoint","urlTemplate":"https:\/\/www.monaco-tribune.com\/it\/?s={search_term_string}"},"query-input":{"@type":"PropertyValueSpecification","valueRequired":true,"valueName":"search_term_string"}}],"inLanguage":"it-IT"},{"@type":"Organization","@id":"https:\/\/www.monaco-tribune.com\/it\/#organization","name":"Monaco Tribune","url":"https:\/\/www.monaco-tribune.com\/it\/","logo":{"@type":"ImageObject","inLanguage":"it-IT","@id":"https:\/\/www.monaco-tribune.com\/it\/#\/schema\/logo\/image\/","url":"https:\/\/www.monaco-tribune.com\/wp-content\/uploads\/2022\/11\/logo-monaco-tribune.png","contentUrl":"https:\/\/www.monaco-tribune.com\/wp-content\/uploads\/2022\/11\/logo-monaco-tribune.png","width":1548,"height":600,"caption":"Monaco Tribune"},"image":{"@id":"https:\/\/www.monaco-tribune.com\/it\/#\/schema\/logo\/image\/"},"sameAs":["https:\/\/www.facebook.com\/MonacoTribune","https:\/\/x.com\/MonacoTribune","https:\/\/www.instagram.com\/monacotribune\/","https:\/\/www.linkedin.com\/company\/monaco-tribune","https:\/\/www.youtube.com\/channel\/UCHle1MnG6hw1y4lWKijVbMA"]},{"@type":"Person","@id":"https:\/\/www.monaco-tribune.com\/it\/#\/schema\/person\/330a3732947cf8cb41b2533a0eadd62e","name":"Romain Boisaubert","image":{"@type":"ImageObject","inLanguage":"it-IT","@id":"https:\/\/secure.gravatar.com\/avatar\/f8b90d41f1eabd1cbe4cf59e09d8db41a697d51919bf2dfe727589a24a4a4d54?s=96&d=mm&r=g","url":"https:\/\/secure.gravatar.com\/avatar\/f8b90d41f1eabd1cbe4cf59e09d8db41a697d51919bf2dfe727589a24a4a4d54?s=96&d=mm&r=g","contentUrl":"https:\/\/secure.gravatar.com\/avatar\/f8b90d41f1eabd1cbe4cf59e09d8db41a697d51919bf2dfe727589a24a4a4d54?s=96&d=mm&r=g","caption":"Romain Boisaubert"},"description":"Test bio","url":"https:\/\/www.monaco-tribune.com\/it\/author\/romain-boisaubert\/"}]}},"_links":{"self":[{"href":"https:\/\/www.monaco-tribune.com\/it\/wp-json\/wp\/v2\/posts\/100687","targetHints":{"allow":["GET"]}}],"collection":[{"href":"https:\/\/www.monaco-tribune.com\/it\/wp-json\/wp\/v2\/posts"}],"about":[{"href":"https:\/\/www.monaco-tribune.com\/it\/wp-json\/wp\/v2\/types\/post"}],"author":[{"embeddable":true,"href":"https:\/\/www.monaco-tribune.com\/it\/wp-json\/wp\/v2\/users\/24"}],"replies":[{"embeddable":true,"href":"https:\/\/www.monaco-tribune.com\/it\/wp-json\/wp\/v2\/comments?post=100687"}],"version-history":[{"count":0,"href":"https:\/\/www.monaco-tribune.com\/it\/wp-json\/wp\/v2\/posts\/100687\/revisions"}],"wp:featuredmedia":[{"embeddable":true,"href":"https:\/\/www.monaco-tribune.com\/it\/wp-json\/wp\/v2\/media\/100485"}],"wp:attachment":[{"href":"https:\/\/www.monaco-tribune.com\/it\/wp-json\/wp\/v2\/media?parent=100687"}],"wp:term":[{"taxonomy":"category","embeddable":true,"href":"https:\/\/www.monaco-tribune.com\/it\/wp-json\/wp\/v2\/categories?post=100687"},{"taxonomy":"post_tag","embeddable":true,"href":"https:\/\/www.monaco-tribune.com\/it\/wp-json\/wp\/v2\/tags?post=100687"},{"taxonomy":"sectag","embeddable":true,"href":"https:\/\/www.monaco-tribune.com\/it\/wp-json\/wp\/v2\/post_sectags?post=100687"},{"taxonomy":"format","embeddable":true,"href":"https:\/\/www.monaco-tribune.com\/it\/wp-json\/wp\/v2\/post_format?post=100687"}],"curies":[{"name":"wp","href":"https:\/\/api.w.org\/{rel}","templated":true}]}}