{"id":101325,"date":"2021-11-29T17:15:36","date_gmt":"2021-11-29T16:15:36","guid":{"rendered":"https:\/\/www.monaco-tribune.com\/2021\/11\/i-vostri-migliori-consigli-su-come-ridurre-i-rifiuti-a-monaco\/"},"modified":"2021-11-30T12:49:44","modified_gmt":"2021-11-30T11:49:44","slug":"i-vostri-migliori-consigli-su-come-ridurre-i-rifiuti-a-monaco","status":"publish","type":"post","link":"https:\/\/www.monaco-tribune.com\/it\/2021\/11\/i-vostri-migliori-consigli-su-come-ridurre-i-rifiuti-a-monaco\/","title":{"rendered":"I vostri migliori consigli su come ridurre i rifiuti a Monaco"},"content":{"rendered":"\n<p><strong>In occasione della Settimana europea per la riduzione dei rifiuti, i nostri lettori hanno condiviso i loro consigli per contribuire alla salvaguardia dell&#8217;ambiente.<\/strong><\/p>\n\n\n\n<p>Anche se la Settimana europea per la riduzione dei rifiuti (EWWR) si \u00e8 conclusa domenica 28 novembre, questi piccoli gesti ecologici, segno di civilt\u00e0, dovrebbero essere adottati tutto l&#8217;anno. Come si evince dalle testimonianze dei nostri lettori, ognuno di loro ha il proprio metodo per sbarazzarsi degli imballaggi e degli altri rifiuti, che rappresentano una media di 590 kg all&#8217;anno per ogni francese.<\/p>\n\n\n\n<p>Anche quest&#8217;anno, <a href=\"https:\/\/www.monaco-tribune.com\/it\/2021\/11\/settimana-europea-per-la-riduzione-dei-rifiuti-come-partecipare-a-monaco\/\">il Principato ha partecipato con numerose iniziative<\/a>, e anche i monegaschi e i residenti danno quotidianamente il loro contributo alla causa.<\/p>\n\n\n\n<p>Per questa madre di famiglia, che ci ha contattato su <a href=\"https:\/\/www.facebook.com\/MonacoTribune\/\">Facebook<\/a>, la riduzione dei rifiuti domestici inizia senza alcun dubbio dalla raccolta differenziata: &#8220;\u00c8 la base, senza trascurare batterie, lampadine e medicinali, che vengono riciclati in modo specifico! Sono sempre a caccia di errori nel cestino, di solito commessi da mio marito, che non si stanca mai di vedermi rovistare nella nostra immondizia! Per il vetro utilizziamo <a href=\"https:\/\/www.cliiink.com\/fr\/how-it-works\">cliiink<\/a>, nostro figlio \u00e8 stato il migliore di Monaco nella sua scuola l&#8217;anno scorso. Di recente, abbiamo anche optato per prodotti per la casa ricaricabili, quindi niente pi\u00f9 bottiglie, e niente pi\u00f9 detergenti per pulire i vetri, abbiamo delle salviette che possono essere riutilizzate per 10 anni! (&#8230;) Niente pi\u00f9 insalate sottovuoto, acquistiamo verdure di stagione e da un produttore locale. C&#8217;\u00e8 ancora da lavorare, ma cerchiamo di fare la nostra parte, come il colibr\u00ec&#8221;.<\/p>\n\n\n\n<h2 class=\"wp-block-heading\" id=\"h-cerchiamo-di-usare-prodotti-senza-confezione\">&#8220;Cerchiamo di usare prodotti senza confezione&#8221;<\/h2>\n\n\n\n<p>Secondo quest&#8217;altro utente, &#8220;fare la propria parte&#8221; \u00e8 pi\u00f9 semplice a Monaco: &#8220;Differenziata, slow fashion, donazioni, compostaggio&#8230; faccio tutto! Con tutte le risorse che ci sono a Monaco, \u00e8 facile essere ecosostenibili, quindi perch\u00e9 tirarsi indietro?&#8221;<\/p>\n\n\n\n<p>Sandrine, invece, ha ben accolto l&#8217;iniziativa intrapresa dal Principato: &#8220;L&#8217;applicazione CLIIINK per riciclare il vetro: tante postazioni a Monaco, ogni bottiglia riciclata = 1 punto, poi il sito offre sconti presso numerosi rivenditori. Uso le applicazioni <a href=\"https:\/\/toogoodtogo.it\/it\">TOO GOOD TO GO<\/a> ed <a href=\"https:\/\/www.ecoslowasting.com\/it\/\">ECOSLOWASTING <\/a>(gli articoli invenduti del giorno). Al supermercato prendo pasta, riso e cereali sfusi e li metto in barattoli di vetro ermetici. Infine, butto gli imballaggi di carta\/plastica e quelli di cartone nei bidoni appositi&#8221;.<\/p>\n\n\n\n<p>Per Hilary, invece, differenziare e ridurre i rifiuti \u00e8 diventato pi\u00f9 complicato da quando&#8221;il cassonetto per i giornali e il cartone vicino a casa [sua] \u00e8 stato rimosso; non sa dove buttarli&#8221;.<\/p>\n\n\n\n<p>Cos\u00ec, in assenza di bidoni, alcuni utenti preferiscono semplicemente limitare l&#8217;uso di contenitori usa e getta, come V\u00e9ronique: &#8220;Cerchiamo di usare prodotti senza confezioni (saponi, shampoo&#8230;) o riutilizzabili (borse di stoffa, bottiglie in acciaio inossidabile&#8230;) e di non consumare troppo per non sprecare&#8221;.<\/p>\n\n\n\n<p>E per chi non sa ancora come fare, grazie al <a href=\"https:\/\/pacte-coachcarbone.mc\/\">Patto Nazionale per la transizione energetica<\/a>, Monaco aiuta i suoi cittadini a raggiungere l&#8217;obiettivo &#8220;Zero rifiuti&#8221;.<\/p>\n\n\n\n<p><strong>>> LEGGI ANCHE: <\/strong><a href=\"https:\/\/www.monaco-tribune.com\/it\/2021\/02\/una-cucina-zero-scarti-si-e-possibile\/\">Una cucina zero-scarti? S\u00ec, \u00e8 possibile<\/a><\/p>\n\n\n\n<p> <\/p>\n","protected":false},"excerpt":{"rendered":"<p>In occasione della Settimana europea per la riduzione dei rifiuti, i nostri lettori hanno condiviso i loro consigli per contribuire [&hellip;]<\/p>\n","protected":false},"author":60,"featured_media":101095,"comment_status":"closed","ping_status":"closed","sticky":false,"template":"","format":"standard","meta":{"_acf_changed":false,"footnotes":""},"categories":[1826,2433,1738,1752],"tags":[],"post_sectags":[],"post_format":[2482],"class_list":["post-101325","post","type-post","status-publish","format-standard","has-post-thumbnail","hentry","category-la-nostra-scelta","category-le-vostre-opinioni","category-notizie","category-societa","format-sondaggio"],"acf":[],"yoast_head":"<!-- This site is optimized with the Yoast SEO Premium plugin v26.8 (Yoast SEO v27.4) - https:\/\/yoast.com\/product\/yoast-seo-premium-wordpress\/ -->\n<title>I vostri migliori consigli su come ridurre i rifiuti a Monaco<\/title>\n<meta name=\"description\" content=\"In occasione della Settimana europea per la riduzione dei rifiuti, i nostri lettori hanno condiviso i loro consigli per contribuire alla salvaguardia\" \/>\n<meta name=\"robots\" content=\"index, follow, max-snippet:-1, max-image-preview:large, max-video-preview:-1\" \/>\n<link rel=\"canonical\" href=\"https:\/\/www.monaco-tribune.com\/it\/2021\/11\/i-vostri-migliori-consigli-su-come-ridurre-i-rifiuti-a-monaco\/\" \/>\n<meta property=\"og:locale\" content=\"it_IT\" \/>\n<meta property=\"og:type\" content=\"article\" \/>\n<meta property=\"og:title\" content=\"I vostri migliori consigli su come ridurre i rifiuti a Monaco - Monaco Tribune\" \/>\n<meta property=\"og:description\" content=\"In occasione della Settimana europea per la riduzione dei rifiuti, i nostri lettori hanno condiviso i loro consigli per contribuire alla salvaguardia\" \/>\n<meta property=\"og:url\" content=\"https:\/\/www.monaco-tribune.com\/it\/2021\/11\/i-vostri-migliori-consigli-su-come-ridurre-i-rifiuti-a-monaco\/\" \/>\n<meta property=\"og:site_name\" content=\"Monaco Tribune\" \/>\n<meta property=\"article:publisher\" content=\"https:\/\/www.facebook.com\/MonacoTribune\" \/>\n<meta property=\"article:published_time\" content=\"2021-11-29T16:15:36+00:00\" \/>\n<meta property=\"article:modified_time\" content=\"2021-11-30T11:49:44+00:00\" \/>\n<meta property=\"og:image\" content=\"https:\/\/www.monaco-tribune.com\/wp-content\/uploads\/2021\/11\/condamine-marche\u0301.-jpg.jpg\" \/>\n\t<meta property=\"og:image:width\" content=\"1000\" \/>\n\t<meta property=\"og:image:height\" content=\"563\" \/>\n\t<meta property=\"og:image:type\" content=\"image\/jpeg\" \/>\n<meta name=\"author\" content=\"Camille Esteve\" \/>\n<meta name=\"twitter:card\" content=\"summary_large_image\" \/>\n<meta name=\"twitter:creator\" content=\"@MonacoTribune\" \/>\n<meta name=\"twitter:site\" content=\"@MonacoTribune\" \/>\n<script type=\"application\/ld+json\" class=\"yoast-schema-graph\">{\"@context\":\"https:\\\/\\\/schema.org\",\"@graph\":[{\"@type\":\"NewsArticle\",\"@id\":\"https:\\\/\\\/www.monaco-tribune.com\\\/it\\\/2021\\\/11\\\/i-vostri-migliori-consigli-su-come-ridurre-i-rifiuti-a-monaco\\\/#article\",\"isPartOf\":{\"@id\":\"https:\\\/\\\/www.monaco-tribune.com\\\/it\\\/2021\\\/11\\\/i-vostri-migliori-consigli-su-come-ridurre-i-rifiuti-a-monaco\\\/\"},\"author\":{\"name\":\"Camille Esteve\",\"@id\":\"https:\\\/\\\/www.monaco-tribune.com\\\/it\\\/#\\\/schema\\\/person\\\/a855d420fff4d03637641d60b93ac62e\"},\"headline\":\"I vostri migliori consigli su come ridurre i rifiuti a Monaco\",\"datePublished\":\"2021-11-29T16:15:36+00:00\",\"dateModified\":\"2021-11-30T11:49:44+00:00\",\"mainEntityOfPage\":{\"@id\":\"https:\\\/\\\/www.monaco-tribune.com\\\/it\\\/2021\\\/11\\\/i-vostri-migliori-consigli-su-come-ridurre-i-rifiuti-a-monaco\\\/\"},\"wordCount\":488,\"publisher\":{\"@id\":\"https:\\\/\\\/www.monaco-tribune.com\\\/it\\\/#organization\"},\"image\":{\"@id\":\"https:\\\/\\\/www.monaco-tribune.com\\\/it\\\/2021\\\/11\\\/i-vostri-migliori-consigli-su-come-ridurre-i-rifiuti-a-monaco\\\/#primaryimage\"},\"thumbnailUrl\":\"https:\\\/\\\/www.monaco-tribune.com\\\/wp-content\\\/uploads\\\/2021\\\/11\\\/condamine-marche\u0301.-jpg.jpg\",\"articleSection\":[\"La nostra scelta\",\"Le vostre opinioni\",\"Notizie\",\"Societ\u00e0\"],\"inLanguage\":\"it-IT\",\"copyrightYear\":\"2021\",\"copyrightHolder\":{\"@id\":\"https:\\\/\\\/www.monaco-tribune.com\\\/#organization\"}},{\"@type\":\"WebPage\",\"@id\":\"https:\\\/\\\/www.monaco-tribune.com\\\/it\\\/2021\\\/11\\\/i-vostri-migliori-consigli-su-come-ridurre-i-rifiuti-a-monaco\\\/\",\"url\":\"https:\\\/\\\/www.monaco-tribune.com\\\/it\\\/2021\\\/11\\\/i-vostri-migliori-consigli-su-come-ridurre-i-rifiuti-a-monaco\\\/\",\"name\":\"I vostri migliori consigli su come ridurre i rifiuti a Monaco\",\"isPartOf\":{\"@id\":\"https:\\\/\\\/www.monaco-tribune.com\\\/it\\\/#website\"},\"primaryImageOfPage\":{\"@id\":\"https:\\\/\\\/www.monaco-tribune.com\\\/it\\\/2021\\\/11\\\/i-vostri-migliori-consigli-su-come-ridurre-i-rifiuti-a-monaco\\\/#primaryimage\"},\"image\":{\"@id\":\"https:\\\/\\\/www.monaco-tribune.com\\\/it\\\/2021\\\/11\\\/i-vostri-migliori-consigli-su-come-ridurre-i-rifiuti-a-monaco\\\/#primaryimage\"},\"thumbnailUrl\":\"https:\\\/\\\/www.monaco-tribune.com\\\/wp-content\\\/uploads\\\/2021\\\/11\\\/condamine-marche\u0301.-jpg.jpg\",\"datePublished\":\"2021-11-29T16:15:36+00:00\",\"dateModified\":\"2021-11-30T11:49:44+00:00\",\"description\":\"In occasione della Settimana europea per la riduzione dei rifiuti, i nostri lettori hanno condiviso i loro consigli per contribuire alla salvaguardia\",\"breadcrumb\":{\"@id\":\"https:\\\/\\\/www.monaco-tribune.com\\\/it\\\/2021\\\/11\\\/i-vostri-migliori-consigli-su-come-ridurre-i-rifiuti-a-monaco\\\/#breadcrumb\"},\"inLanguage\":\"it-IT\",\"potentialAction\":[{\"@type\":\"ReadAction\",\"target\":[\"https:\\\/\\\/www.monaco-tribune.com\\\/it\\\/2021\\\/11\\\/i-vostri-migliori-consigli-su-come-ridurre-i-rifiuti-a-monaco\\\/\"]}]},{\"@type\":\"ImageObject\",\"inLanguage\":\"it-IT\",\"@id\":\"https:\\\/\\\/www.monaco-tribune.com\\\/it\\\/2021\\\/11\\\/i-vostri-migliori-consigli-su-come-ridurre-i-rifiuti-a-monaco\\\/#primaryimage\",\"url\":\"https:\\\/\\\/www.monaco-tribune.com\\\/wp-content\\\/uploads\\\/2021\\\/11\\\/condamine-marche\u0301.-jpg.jpg\",\"contentUrl\":\"https:\\\/\\\/www.monaco-tribune.com\\\/wp-content\\\/uploads\\\/2021\\\/11\\\/condamine-marche\u0301.-jpg.jpg\",\"width\":1000,\"height\":563,\"caption\":\"Monaco Tribune\"},{\"@type\":\"BreadcrumbList\",\"@id\":\"https:\\\/\\\/www.monaco-tribune.com\\\/it\\\/2021\\\/11\\\/i-vostri-migliori-consigli-su-come-ridurre-i-rifiuti-a-monaco\\\/#breadcrumb\",\"itemListElement\":[{\"@type\":\"ListItem\",\"position\":1,\"name\":\"Accueil\",\"item\":\"https:\\\/\\\/www.monaco-tribune.com\\\/it\\\/\"},{\"@type\":\"ListItem\",\"position\":2,\"name\":\"I vostri migliori consigli su come ridurre i rifiuti a Monaco\"}]},{\"@type\":\"WebSite\",\"@id\":\"https:\\\/\\\/www.monaco-tribune.com\\\/it\\\/#website\",\"url\":\"https:\\\/\\\/www.monaco-tribune.com\\\/it\\\/\",\"name\":\"Monaco Tribune\",\"description\":\"Monaco : actualit\u00e9s \u00e9conomiques, politiques, culturelles et sportives de Monaco et de la French Riviera.\",\"publisher\":{\"@id\":\"https:\\\/\\\/www.monaco-tribune.com\\\/it\\\/#organization\"},\"potentialAction\":[{\"@type\":\"SearchAction\",\"target\":{\"@type\":\"EntryPoint\",\"urlTemplate\":\"https:\\\/\\\/www.monaco-tribune.com\\\/it\\\/?s={search_term_string}\"},\"query-input\":{\"@type\":\"PropertyValueSpecification\",\"valueRequired\":true,\"valueName\":\"search_term_string\"}}],\"inLanguage\":\"it-IT\"},{\"@type\":\"Organization\",\"@id\":\"https:\\\/\\\/www.monaco-tribune.com\\\/it\\\/#organization\",\"name\":\"Monaco Tribune\",\"url\":\"https:\\\/\\\/www.monaco-tribune.com\\\/it\\\/\",\"logo\":{\"@type\":\"ImageObject\",\"inLanguage\":\"it-IT\",\"@id\":\"https:\\\/\\\/www.monaco-tribune.com\\\/it\\\/#\\\/schema\\\/logo\\\/image\\\/\",\"url\":\"https:\\\/\\\/www.monaco-tribune.com\\\/wp-content\\\/uploads\\\/2022\\\/11\\\/logo-monaco-tribune.png\",\"contentUrl\":\"https:\\\/\\\/www.monaco-tribune.com\\\/wp-content\\\/uploads\\\/2022\\\/11\\\/logo-monaco-tribune.png\",\"width\":1548,\"height\":600,\"caption\":\"Monaco Tribune\"},\"image\":{\"@id\":\"https:\\\/\\\/www.monaco-tribune.com\\\/it\\\/#\\\/schema\\\/logo\\\/image\\\/\"},\"sameAs\":[\"https:\\\/\\\/www.facebook.com\\\/MonacoTribune\",\"https:\\\/\\\/x.com\\\/MonacoTribune\",\"https:\\\/\\\/www.instagram.com\\\/monacotribune\\\/\",\"https:\\\/\\\/www.linkedin.com\\\/company\\\/monaco-tribune\",\"https:\\\/\\\/www.youtube.com\\\/channel\\\/UCHle1MnG6hw1y4lWKijVbMA\"]},{\"@type\":\"Person\",\"@id\":\"https:\\\/\\\/www.monaco-tribune.com\\\/it\\\/#\\\/schema\\\/person\\\/a855d420fff4d03637641d60b93ac62e\",\"name\":\"Camille Esteve\",\"image\":{\"@type\":\"ImageObject\",\"inLanguage\":\"it-IT\",\"@id\":\"https:\\\/\\\/secure.gravatar.com\\\/avatar\\\/eaaa2355a7bb56c0018a391c20a55bf9b4690e3f493231dd850e612bfa6ce161?s=96&d=mm&r=g\",\"url\":\"https:\\\/\\\/secure.gravatar.com\\\/avatar\\\/eaaa2355a7bb56c0018a391c20a55bf9b4690e3f493231dd850e612bfa6ce161?s=96&d=mm&r=g\",\"contentUrl\":\"https:\\\/\\\/secure.gravatar.com\\\/avatar\\\/eaaa2355a7bb56c0018a391c20a55bf9b4690e3f493231dd850e612bfa6ce161?s=96&d=mm&r=g\",\"caption\":\"Camille Esteve\"},\"url\":\"https:\\\/\\\/www.monaco-tribune.com\\\/it\\\/author\\\/camilleesteve\\\/\"}]}<\/script>\n<!-- \/ Yoast SEO Premium plugin. -->","yoast_head_json":{"title":"I vostri migliori consigli su come ridurre i rifiuti a Monaco","description":"In occasione della Settimana europea per la riduzione dei rifiuti, i nostri lettori hanno condiviso i loro consigli per contribuire alla salvaguardia","robots":{"index":"index","follow":"follow","max-snippet":"max-snippet:-1","max-image-preview":"max-image-preview:large","max-video-preview":"max-video-preview:-1"},"canonical":"https:\/\/www.monaco-tribune.com\/it\/2021\/11\/i-vostri-migliori-consigli-su-come-ridurre-i-rifiuti-a-monaco\/","og_locale":"it_IT","og_type":"article","og_title":"I vostri migliori consigli su come ridurre i rifiuti a Monaco - Monaco Tribune","og_description":"In occasione della Settimana europea per la riduzione dei rifiuti, i nostri lettori hanno condiviso i loro consigli per contribuire alla salvaguardia","og_url":"https:\/\/www.monaco-tribune.com\/it\/2021\/11\/i-vostri-migliori-consigli-su-come-ridurre-i-rifiuti-a-monaco\/","og_site_name":"Monaco Tribune","article_publisher":"https:\/\/www.facebook.com\/MonacoTribune","article_published_time":"2021-11-29T16:15:36+00:00","article_modified_time":"2021-11-30T11:49:44+00:00","og_image":[{"width":1000,"height":563,"url":"https:\/\/www.monaco-tribune.com\/wp-content\/uploads\/2021\/11\/condamine-marche\u0301.-jpg.jpg","type":"image\/jpeg"}],"author":"Camille Esteve","twitter_card":"summary_large_image","twitter_creator":"@MonacoTribune","twitter_site":"@MonacoTribune","schema":{"@context":"https:\/\/schema.org","@graph":[{"@type":"NewsArticle","@id":"https:\/\/www.monaco-tribune.com\/it\/2021\/11\/i-vostri-migliori-consigli-su-come-ridurre-i-rifiuti-a-monaco\/#article","isPartOf":{"@id":"https:\/\/www.monaco-tribune.com\/it\/2021\/11\/i-vostri-migliori-consigli-su-come-ridurre-i-rifiuti-a-monaco\/"},"author":{"name":"Camille Esteve","@id":"https:\/\/www.monaco-tribune.com\/it\/#\/schema\/person\/a855d420fff4d03637641d60b93ac62e"},"headline":"I vostri migliori consigli su come ridurre i rifiuti a Monaco","datePublished":"2021-11-29T16:15:36+00:00","dateModified":"2021-11-30T11:49:44+00:00","mainEntityOfPage":{"@id":"https:\/\/www.monaco-tribune.com\/it\/2021\/11\/i-vostri-migliori-consigli-su-come-ridurre-i-rifiuti-a-monaco\/"},"wordCount":488,"publisher":{"@id":"https:\/\/www.monaco-tribune.com\/it\/#organization"},"image":{"@id":"https:\/\/www.monaco-tribune.com\/it\/2021\/11\/i-vostri-migliori-consigli-su-come-ridurre-i-rifiuti-a-monaco\/#primaryimage"},"thumbnailUrl":"https:\/\/www.monaco-tribune.com\/wp-content\/uploads\/2021\/11\/condamine-marche\u0301.-jpg.jpg","articleSection":["La nostra scelta","Le vostre opinioni","Notizie","Societ\u00e0"],"inLanguage":"it-IT","copyrightYear":"2021","copyrightHolder":{"@id":"https:\/\/www.monaco-tribune.com\/#organization"}},{"@type":"WebPage","@id":"https:\/\/www.monaco-tribune.com\/it\/2021\/11\/i-vostri-migliori-consigli-su-come-ridurre-i-rifiuti-a-monaco\/","url":"https:\/\/www.monaco-tribune.com\/it\/2021\/11\/i-vostri-migliori-consigli-su-come-ridurre-i-rifiuti-a-monaco\/","name":"I vostri migliori consigli su come ridurre i rifiuti a Monaco","isPartOf":{"@id":"https:\/\/www.monaco-tribune.com\/it\/#website"},"primaryImageOfPage":{"@id":"https:\/\/www.monaco-tribune.com\/it\/2021\/11\/i-vostri-migliori-consigli-su-come-ridurre-i-rifiuti-a-monaco\/#primaryimage"},"image":{"@id":"https:\/\/www.monaco-tribune.com\/it\/2021\/11\/i-vostri-migliori-consigli-su-come-ridurre-i-rifiuti-a-monaco\/#primaryimage"},"thumbnailUrl":"https:\/\/www.monaco-tribune.com\/wp-content\/uploads\/2021\/11\/condamine-marche\u0301.-jpg.jpg","datePublished":"2021-11-29T16:15:36+00:00","dateModified":"2021-11-30T11:49:44+00:00","description":"In occasione della Settimana europea per la riduzione dei rifiuti, i nostri lettori hanno condiviso i loro consigli per contribuire alla salvaguardia","breadcrumb":{"@id":"https:\/\/www.monaco-tribune.com\/it\/2021\/11\/i-vostri-migliori-consigli-su-come-ridurre-i-rifiuti-a-monaco\/#breadcrumb"},"inLanguage":"it-IT","potentialAction":[{"@type":"ReadAction","target":["https:\/\/www.monaco-tribune.com\/it\/2021\/11\/i-vostri-migliori-consigli-su-come-ridurre-i-rifiuti-a-monaco\/"]}]},{"@type":"ImageObject","inLanguage":"it-IT","@id":"https:\/\/www.monaco-tribune.com\/it\/2021\/11\/i-vostri-migliori-consigli-su-come-ridurre-i-rifiuti-a-monaco\/#primaryimage","url":"https:\/\/www.monaco-tribune.com\/wp-content\/uploads\/2021\/11\/condamine-marche\u0301.-jpg.jpg","contentUrl":"https:\/\/www.monaco-tribune.com\/wp-content\/uploads\/2021\/11\/condamine-marche\u0301.-jpg.jpg","width":1000,"height":563,"caption":"Monaco Tribune"},{"@type":"BreadcrumbList","@id":"https:\/\/www.monaco-tribune.com\/it\/2021\/11\/i-vostri-migliori-consigli-su-come-ridurre-i-rifiuti-a-monaco\/#breadcrumb","itemListElement":[{"@type":"ListItem","position":1,"name":"Accueil","item":"https:\/\/www.monaco-tribune.com\/it\/"},{"@type":"ListItem","position":2,"name":"I vostri migliori consigli su come ridurre i rifiuti a Monaco"}]},{"@type":"WebSite","@id":"https:\/\/www.monaco-tribune.com\/it\/#website","url":"https:\/\/www.monaco-tribune.com\/it\/","name":"Monaco Tribune","description":"Monaco : actualit\u00e9s \u00e9conomiques, politiques, culturelles et sportives de Monaco et de la French Riviera.","publisher":{"@id":"https:\/\/www.monaco-tribune.com\/it\/#organization"},"potentialAction":[{"@type":"SearchAction","target":{"@type":"EntryPoint","urlTemplate":"https:\/\/www.monaco-tribune.com\/it\/?s={search_term_string}"},"query-input":{"@type":"PropertyValueSpecification","valueRequired":true,"valueName":"search_term_string"}}],"inLanguage":"it-IT"},{"@type":"Organization","@id":"https:\/\/www.monaco-tribune.com\/it\/#organization","name":"Monaco Tribune","url":"https:\/\/www.monaco-tribune.com\/it\/","logo":{"@type":"ImageObject","inLanguage":"it-IT","@id":"https:\/\/www.monaco-tribune.com\/it\/#\/schema\/logo\/image\/","url":"https:\/\/www.monaco-tribune.com\/wp-content\/uploads\/2022\/11\/logo-monaco-tribune.png","contentUrl":"https:\/\/www.monaco-tribune.com\/wp-content\/uploads\/2022\/11\/logo-monaco-tribune.png","width":1548,"height":600,"caption":"Monaco Tribune"},"image":{"@id":"https:\/\/www.monaco-tribune.com\/it\/#\/schema\/logo\/image\/"},"sameAs":["https:\/\/www.facebook.com\/MonacoTribune","https:\/\/x.com\/MonacoTribune","https:\/\/www.instagram.com\/monacotribune\/","https:\/\/www.linkedin.com\/company\/monaco-tribune","https:\/\/www.youtube.com\/channel\/UCHle1MnG6hw1y4lWKijVbMA"]},{"@type":"Person","@id":"https:\/\/www.monaco-tribune.com\/it\/#\/schema\/person\/a855d420fff4d03637641d60b93ac62e","name":"Camille Esteve","image":{"@type":"ImageObject","inLanguage":"it-IT","@id":"https:\/\/secure.gravatar.com\/avatar\/eaaa2355a7bb56c0018a391c20a55bf9b4690e3f493231dd850e612bfa6ce161?s=96&d=mm&r=g","url":"https:\/\/secure.gravatar.com\/avatar\/eaaa2355a7bb56c0018a391c20a55bf9b4690e3f493231dd850e612bfa6ce161?s=96&d=mm&r=g","contentUrl":"https:\/\/secure.gravatar.com\/avatar\/eaaa2355a7bb56c0018a391c20a55bf9b4690e3f493231dd850e612bfa6ce161?s=96&d=mm&r=g","caption":"Camille Esteve"},"url":"https:\/\/www.monaco-tribune.com\/it\/author\/camilleesteve\/"}]}},"_links":{"self":[{"href":"https:\/\/www.monaco-tribune.com\/it\/wp-json\/wp\/v2\/posts\/101325","targetHints":{"allow":["GET"]}}],"collection":[{"href":"https:\/\/www.monaco-tribune.com\/it\/wp-json\/wp\/v2\/posts"}],"about":[{"href":"https:\/\/www.monaco-tribune.com\/it\/wp-json\/wp\/v2\/types\/post"}],"author":[{"embeddable":true,"href":"https:\/\/www.monaco-tribune.com\/it\/wp-json\/wp\/v2\/users\/60"}],"replies":[{"embeddable":true,"href":"https:\/\/www.monaco-tribune.com\/it\/wp-json\/wp\/v2\/comments?post=101325"}],"version-history":[{"count":0,"href":"https:\/\/www.monaco-tribune.com\/it\/wp-json\/wp\/v2\/posts\/101325\/revisions"}],"wp:featuredmedia":[{"embeddable":true,"href":"https:\/\/www.monaco-tribune.com\/it\/wp-json\/wp\/v2\/media\/101095"}],"wp:attachment":[{"href":"https:\/\/www.monaco-tribune.com\/it\/wp-json\/wp\/v2\/media?parent=101325"}],"wp:term":[{"taxonomy":"category","embeddable":true,"href":"https:\/\/www.monaco-tribune.com\/it\/wp-json\/wp\/v2\/categories?post=101325"},{"taxonomy":"post_tag","embeddable":true,"href":"https:\/\/www.monaco-tribune.com\/it\/wp-json\/wp\/v2\/tags?post=101325"},{"taxonomy":"sectag","embeddable":true,"href":"https:\/\/www.monaco-tribune.com\/it\/wp-json\/wp\/v2\/post_sectags?post=101325"},{"taxonomy":"format","embeddable":true,"href":"https:\/\/www.monaco-tribune.com\/it\/wp-json\/wp\/v2\/post_format?post=101325"}],"curies":[{"name":"wp","href":"https:\/\/api.w.org\/{rel}","templated":true}]}}