{"id":101903,"date":"2021-12-03T13:16:11","date_gmt":"2021-12-03T12:16:11","guid":{"rendered":"https:\/\/www.monaco-tribune.com\/2021\/12\/telethon-monaco-scopriamo-insieme-il-programma-di-questo-fine-settimana\/"},"modified":"2022-01-22T18:06:21","modified_gmt":"2022-01-22T17:06:21","slug":"telethon-monaco-scopriamo-insieme-il-programma-di-questo-fine-settimana","status":"publish","type":"post","link":"https:\/\/www.monaco-tribune.com\/it\/2021\/12\/telethon-monaco-scopriamo-insieme-il-programma-di-questo-fine-settimana\/","title":{"rendered":"Telethon Monaco: scopriamo insieme il programma di questo fine settimana"},"content":{"rendered":"\n<p><strong>Sabato 4 e domenica 5 dicembre, al Grimaldi Forum si terr\u00e0 la 35\u00aa edizione di Telethon Monaco.<\/strong><\/p>\n\n<p>\u00c8 tornato! Dopo un 2020 congelato dalla pandemia, gli organizzatori di Telethon Monaco sperano che questa edizione 2021 attiri pi\u00f9 pubblico possibile. Camille Gottlieb, figlia della Principessa St\u00e9phanie, sar\u00e0 la madrina dell&#8217;evento.<\/p>\n\n<p>Questo week end, appuntamento all&#8217;Espace Ravel del Grimaldi Forum per scoprire le numerose attivit\u00e0 in programma. Come da tradizione, troverete un grande mercatino dell&#8217;usato, con abiti per bambini e giocattoli, che consentir\u00e0 di raccogliere i fondi per Telethon. Ricordiamo che le donazioni saranno utilizzate per la ricerca e la sensibilizzazione del pubblico sulle malattie rare.<\/p>\n\n<h2 class=\"wp-block-heading\" id=\"h-un-programme-riche-et-varie\">Un programma vario e intenso<\/h2>\n\n<p>Potrete assistere a dimostrazioni di pole dance e balli country, oltre che partecipare a corsi di zumba e a una gara di skate e monopattino organizzata dall&#8217;\u00c9toile de Menton allo skate park. Per quanto riguarda i laboratori, adulti e bambini avranno l&#8217;imbarazzo della scelta: trucco, bonsai, decorazioni natalizie, street art, attivit\u00e0 da scout&#8230;<\/p>\n\n<p>Venerd\u00ec 3 dicembre, potete assistere a diversi concerti e allo spettacolo teatrale di Alice nel paese delle meraviglie, presso il Centro per i giovani Principessa St\u00e9phanie. Infine, prendete parte alla Marcia luminosa di Telethon che partir\u00e0 dal Grimaldi Forum sabato alle 19:00. Ogni partecipante ricever\u00e0 un braccialetto luminoso da indossare.<\/p>\n\n<p>Ingresso libero. Donazioni sul posto o chiamando il numero 3637.<\/p>\n","protected":false},"excerpt":{"rendered":"<p>Sabato 4 e domenica 5 dicembre, al Grimaldi Forum si terr\u00e0 la 35\u00aa edizione di Telethon Monaco. \u00c8 tornato! Dopo [&hellip;]<\/p>\n","protected":false},"author":57,"featured_media":101852,"comment_status":"closed","ping_status":"closed","sticky":false,"template":"","format":"standard","meta":{"_acf_changed":false,"footnotes":""},"categories":[1738,1752],"tags":[],"post_sectags":[],"post_format":[2471],"class_list":["post-101903","post","type-post","status-publish","format-standard","has-post-thumbnail","hentry","category-notizie","category-societa","format-evento"],"acf":[],"yoast_head":"<!-- This site is optimized with the Yoast SEO Premium plugin v26.8 (Yoast SEO v27.4) - https:\/\/yoast.com\/product\/yoast-seo-premium-wordpress\/ -->\n<title>Telethon Monaco: scopriamo insieme il programma di questo fine settimana<\/title>\n<meta name=\"description\" content=\"Sabato 4 e domenica 5 dicembre, al Grimaldi Forum si terr\u00e0 la 35\u00aa edizione di Telethon Monaco. \u00c8 tornato! Dopo un 2020 congelato dalla pandemia, gli\" \/>\n<meta name=\"robots\" content=\"index, follow, max-snippet:-1, max-image-preview:large, max-video-preview:-1\" \/>\n<link rel=\"canonical\" href=\"https:\/\/www.monaco-tribune.com\/it\/2021\/12\/telethon-monaco-scopriamo-insieme-il-programma-di-questo-fine-settimana\/\" \/>\n<meta property=\"og:locale\" content=\"it_IT\" \/>\n<meta property=\"og:type\" content=\"article\" \/>\n<meta property=\"og:title\" content=\"Telethon Monaco: scopriamo insieme il programma di questo fine settimana - Monaco Tribune\" \/>\n<meta property=\"og:description\" content=\"Sabato 4 e domenica 5 dicembre, al Grimaldi Forum si terr\u00e0 la 35\u00aa edizione di Telethon Monaco. \u00c8 tornato! Dopo un 2020 congelato dalla pandemia, gli\" \/>\n<meta property=\"og:url\" content=\"https:\/\/www.monaco-tribune.com\/it\/2021\/12\/telethon-monaco-scopriamo-insieme-il-programma-di-questo-fine-settimana\/\" \/>\n<meta property=\"og:site_name\" content=\"Monaco Tribune\" \/>\n<meta property=\"article:publisher\" content=\"https:\/\/www.facebook.com\/MonacoTribune\" \/>\n<meta property=\"article:published_time\" content=\"2021-12-03T12:16:11+00:00\" \/>\n<meta property=\"article:modified_time\" content=\"2022-01-22T17:06:21+00:00\" \/>\n<meta property=\"og:image\" content=\"https:\/\/www.monaco-tribune.com\/wp-content\/uploads\/2021\/12\/telethon-monaco.png\" \/>\n\t<meta property=\"og:image:width\" content=\"1020\" \/>\n\t<meta property=\"og:image:height\" content=\"696\" \/>\n\t<meta property=\"og:image:type\" content=\"image\/png\" \/>\n<meta name=\"author\" content=\"Josepha Toquereau\" \/>\n<meta name=\"twitter:card\" content=\"summary_large_image\" \/>\n<meta name=\"twitter:creator\" content=\"@MonacoTribune\" \/>\n<meta name=\"twitter:site\" content=\"@MonacoTribune\" \/>\n<script type=\"application\/ld+json\" class=\"yoast-schema-graph\">{\"@context\":\"https:\\\/\\\/schema.org\",\"@graph\":[{\"@type\":\"NewsArticle\",\"@id\":\"https:\\\/\\\/www.monaco-tribune.com\\\/it\\\/2021\\\/12\\\/telethon-monaco-scopriamo-insieme-il-programma-di-questo-fine-settimana\\\/#article\",\"isPartOf\":{\"@id\":\"https:\\\/\\\/www.monaco-tribune.com\\\/it\\\/2021\\\/12\\\/telethon-monaco-scopriamo-insieme-il-programma-di-questo-fine-settimana\\\/\"},\"author\":{\"name\":\"Josepha Toquereau\",\"@id\":\"https:\\\/\\\/www.monaco-tribune.com\\\/it\\\/#\\\/schema\\\/person\\\/c8eeb5e36b6ed3782736273e5eb7d764\"},\"headline\":\"Telethon Monaco: scopriamo insieme il programma di questo fine settimana\",\"datePublished\":\"2021-12-03T12:16:11+00:00\",\"dateModified\":\"2022-01-22T17:06:21+00:00\",\"mainEntityOfPage\":{\"@id\":\"https:\\\/\\\/www.monaco-tribune.com\\\/it\\\/2021\\\/12\\\/telethon-monaco-scopriamo-insieme-il-programma-di-questo-fine-settimana\\\/\"},\"wordCount\":230,\"publisher\":{\"@id\":\"https:\\\/\\\/www.monaco-tribune.com\\\/it\\\/#organization\"},\"image\":{\"@id\":\"https:\\\/\\\/www.monaco-tribune.com\\\/it\\\/2021\\\/12\\\/telethon-monaco-scopriamo-insieme-il-programma-di-questo-fine-settimana\\\/#primaryimage\"},\"thumbnailUrl\":\"https:\\\/\\\/www.monaco-tribune.com\\\/wp-content\\\/uploads\\\/2021\\\/12\\\/telethon-monaco.png\",\"articleSection\":[\"Notizie\",\"Societ\u00e0\"],\"inLanguage\":\"it-IT\",\"copyrightYear\":\"2021\",\"copyrightHolder\":{\"@id\":\"https:\\\/\\\/www.monaco-tribune.com\\\/#organization\"}},{\"@type\":\"WebPage\",\"@id\":\"https:\\\/\\\/www.monaco-tribune.com\\\/it\\\/2021\\\/12\\\/telethon-monaco-scopriamo-insieme-il-programma-di-questo-fine-settimana\\\/\",\"url\":\"https:\\\/\\\/www.monaco-tribune.com\\\/it\\\/2021\\\/12\\\/telethon-monaco-scopriamo-insieme-il-programma-di-questo-fine-settimana\\\/\",\"name\":\"Telethon Monaco: scopriamo insieme il programma di questo fine settimana\",\"isPartOf\":{\"@id\":\"https:\\\/\\\/www.monaco-tribune.com\\\/it\\\/#website\"},\"primaryImageOfPage\":{\"@id\":\"https:\\\/\\\/www.monaco-tribune.com\\\/it\\\/2021\\\/12\\\/telethon-monaco-scopriamo-insieme-il-programma-di-questo-fine-settimana\\\/#primaryimage\"},\"image\":{\"@id\":\"https:\\\/\\\/www.monaco-tribune.com\\\/it\\\/2021\\\/12\\\/telethon-monaco-scopriamo-insieme-il-programma-di-questo-fine-settimana\\\/#primaryimage\"},\"thumbnailUrl\":\"https:\\\/\\\/www.monaco-tribune.com\\\/wp-content\\\/uploads\\\/2021\\\/12\\\/telethon-monaco.png\",\"datePublished\":\"2021-12-03T12:16:11+00:00\",\"dateModified\":\"2022-01-22T17:06:21+00:00\",\"description\":\"Sabato 4 e domenica 5 dicembre, al Grimaldi Forum si terr\u00e0 la 35\u00aa edizione di Telethon Monaco. \u00c8 tornato! Dopo un 2020 congelato dalla pandemia, gli\",\"breadcrumb\":{\"@id\":\"https:\\\/\\\/www.monaco-tribune.com\\\/it\\\/2021\\\/12\\\/telethon-monaco-scopriamo-insieme-il-programma-di-questo-fine-settimana\\\/#breadcrumb\"},\"inLanguage\":\"it-IT\",\"potentialAction\":[{\"@type\":\"ReadAction\",\"target\":[\"https:\\\/\\\/www.monaco-tribune.com\\\/it\\\/2021\\\/12\\\/telethon-monaco-scopriamo-insieme-il-programma-di-questo-fine-settimana\\\/\"]}]},{\"@type\":\"ImageObject\",\"inLanguage\":\"it-IT\",\"@id\":\"https:\\\/\\\/www.monaco-tribune.com\\\/it\\\/2021\\\/12\\\/telethon-monaco-scopriamo-insieme-il-programma-di-questo-fine-settimana\\\/#primaryimage\",\"url\":\"https:\\\/\\\/www.monaco-tribune.com\\\/wp-content\\\/uploads\\\/2021\\\/12\\\/telethon-monaco.png\",\"contentUrl\":\"https:\\\/\\\/www.monaco-tribune.com\\\/wp-content\\\/uploads\\\/2021\\\/12\\\/telethon-monaco.png\",\"width\":1020,\"height\":696,\"caption\":\"T\u00e9l\u00e9thon Monaco\"},{\"@type\":\"BreadcrumbList\",\"@id\":\"https:\\\/\\\/www.monaco-tribune.com\\\/it\\\/2021\\\/12\\\/telethon-monaco-scopriamo-insieme-il-programma-di-questo-fine-settimana\\\/#breadcrumb\",\"itemListElement\":[{\"@type\":\"ListItem\",\"position\":1,\"name\":\"Accueil\",\"item\":\"https:\\\/\\\/www.monaco-tribune.com\\\/it\\\/\"},{\"@type\":\"ListItem\",\"position\":2,\"name\":\"Telethon Monaco: scopriamo insieme il programma di questo fine settimana\"}]},{\"@type\":\"WebSite\",\"@id\":\"https:\\\/\\\/www.monaco-tribune.com\\\/it\\\/#website\",\"url\":\"https:\\\/\\\/www.monaco-tribune.com\\\/it\\\/\",\"name\":\"Monaco Tribune\",\"description\":\"Monaco : actualit\u00e9s \u00e9conomiques, politiques, culturelles et sportives de Monaco et de la French Riviera.\",\"publisher\":{\"@id\":\"https:\\\/\\\/www.monaco-tribune.com\\\/it\\\/#organization\"},\"potentialAction\":[{\"@type\":\"SearchAction\",\"target\":{\"@type\":\"EntryPoint\",\"urlTemplate\":\"https:\\\/\\\/www.monaco-tribune.com\\\/it\\\/?s={search_term_string}\"},\"query-input\":{\"@type\":\"PropertyValueSpecification\",\"valueRequired\":true,\"valueName\":\"search_term_string\"}}],\"inLanguage\":\"it-IT\"},{\"@type\":\"Organization\",\"@id\":\"https:\\\/\\\/www.monaco-tribune.com\\\/it\\\/#organization\",\"name\":\"Monaco Tribune\",\"url\":\"https:\\\/\\\/www.monaco-tribune.com\\\/it\\\/\",\"logo\":{\"@type\":\"ImageObject\",\"inLanguage\":\"it-IT\",\"@id\":\"https:\\\/\\\/www.monaco-tribune.com\\\/it\\\/#\\\/schema\\\/logo\\\/image\\\/\",\"url\":\"https:\\\/\\\/www.monaco-tribune.com\\\/wp-content\\\/uploads\\\/2022\\\/11\\\/logo-monaco-tribune.png\",\"contentUrl\":\"https:\\\/\\\/www.monaco-tribune.com\\\/wp-content\\\/uploads\\\/2022\\\/11\\\/logo-monaco-tribune.png\",\"width\":1548,\"height\":600,\"caption\":\"Monaco Tribune\"},\"image\":{\"@id\":\"https:\\\/\\\/www.monaco-tribune.com\\\/it\\\/#\\\/schema\\\/logo\\\/image\\\/\"},\"sameAs\":[\"https:\\\/\\\/www.facebook.com\\\/MonacoTribune\",\"https:\\\/\\\/x.com\\\/MonacoTribune\",\"https:\\\/\\\/www.instagram.com\\\/monacotribune\\\/\",\"https:\\\/\\\/www.linkedin.com\\\/company\\\/monaco-tribune\",\"https:\\\/\\\/www.youtube.com\\\/channel\\\/UCHle1MnG6hw1y4lWKijVbMA\"]},{\"@type\":\"Person\",\"@id\":\"https:\\\/\\\/www.monaco-tribune.com\\\/it\\\/#\\\/schema\\\/person\\\/c8eeb5e36b6ed3782736273e5eb7d764\",\"name\":\"Josepha Toquereau\",\"image\":{\"@type\":\"ImageObject\",\"inLanguage\":\"it-IT\",\"@id\":\"https:\\\/\\\/secure.gravatar.com\\\/avatar\\\/3e06e87605717b00d3b9743f79fca038480454ef05226ef9de5dfa9577c3363f?s=96&d=mm&r=g\",\"url\":\"https:\\\/\\\/secure.gravatar.com\\\/avatar\\\/3e06e87605717b00d3b9743f79fca038480454ef05226ef9de5dfa9577c3363f?s=96&d=mm&r=g\",\"contentUrl\":\"https:\\\/\\\/secure.gravatar.com\\\/avatar\\\/3e06e87605717b00d3b9743f79fca038480454ef05226ef9de5dfa9577c3363f?s=96&d=mm&r=g\",\"caption\":\"Josepha Toquereau\"},\"url\":\"https:\\\/\\\/www.monaco-tribune.com\\\/it\\\/author\\\/josephatoquereau\\\/\"}]}<\/script>\n<!-- \/ Yoast SEO Premium plugin. -->","yoast_head_json":{"title":"Telethon Monaco: scopriamo insieme il programma di questo fine settimana","description":"Sabato 4 e domenica 5 dicembre, al Grimaldi Forum si terr\u00e0 la 35\u00aa edizione di Telethon Monaco. \u00c8 tornato! Dopo un 2020 congelato dalla pandemia, gli","robots":{"index":"index","follow":"follow","max-snippet":"max-snippet:-1","max-image-preview":"max-image-preview:large","max-video-preview":"max-video-preview:-1"},"canonical":"https:\/\/www.monaco-tribune.com\/it\/2021\/12\/telethon-monaco-scopriamo-insieme-il-programma-di-questo-fine-settimana\/","og_locale":"it_IT","og_type":"article","og_title":"Telethon Monaco: scopriamo insieme il programma di questo fine settimana - Monaco Tribune","og_description":"Sabato 4 e domenica 5 dicembre, al Grimaldi Forum si terr\u00e0 la 35\u00aa edizione di Telethon Monaco. \u00c8 tornato! Dopo un 2020 congelato dalla pandemia, gli","og_url":"https:\/\/www.monaco-tribune.com\/it\/2021\/12\/telethon-monaco-scopriamo-insieme-il-programma-di-questo-fine-settimana\/","og_site_name":"Monaco Tribune","article_publisher":"https:\/\/www.facebook.com\/MonacoTribune","article_published_time":"2021-12-03T12:16:11+00:00","article_modified_time":"2022-01-22T17:06:21+00:00","og_image":[{"width":1020,"height":696,"url":"https:\/\/www.monaco-tribune.com\/wp-content\/uploads\/2021\/12\/telethon-monaco.png","type":"image\/png"}],"author":"Josepha Toquereau","twitter_card":"summary_large_image","twitter_creator":"@MonacoTribune","twitter_site":"@MonacoTribune","schema":{"@context":"https:\/\/schema.org","@graph":[{"@type":"NewsArticle","@id":"https:\/\/www.monaco-tribune.com\/it\/2021\/12\/telethon-monaco-scopriamo-insieme-il-programma-di-questo-fine-settimana\/#article","isPartOf":{"@id":"https:\/\/www.monaco-tribune.com\/it\/2021\/12\/telethon-monaco-scopriamo-insieme-il-programma-di-questo-fine-settimana\/"},"author":{"name":"Josepha Toquereau","@id":"https:\/\/www.monaco-tribune.com\/it\/#\/schema\/person\/c8eeb5e36b6ed3782736273e5eb7d764"},"headline":"Telethon Monaco: scopriamo insieme il programma di questo fine settimana","datePublished":"2021-12-03T12:16:11+00:00","dateModified":"2022-01-22T17:06:21+00:00","mainEntityOfPage":{"@id":"https:\/\/www.monaco-tribune.com\/it\/2021\/12\/telethon-monaco-scopriamo-insieme-il-programma-di-questo-fine-settimana\/"},"wordCount":230,"publisher":{"@id":"https:\/\/www.monaco-tribune.com\/it\/#organization"},"image":{"@id":"https:\/\/www.monaco-tribune.com\/it\/2021\/12\/telethon-monaco-scopriamo-insieme-il-programma-di-questo-fine-settimana\/#primaryimage"},"thumbnailUrl":"https:\/\/www.monaco-tribune.com\/wp-content\/uploads\/2021\/12\/telethon-monaco.png","articleSection":["Notizie","Societ\u00e0"],"inLanguage":"it-IT","copyrightYear":"2021","copyrightHolder":{"@id":"https:\/\/www.monaco-tribune.com\/#organization"}},{"@type":"WebPage","@id":"https:\/\/www.monaco-tribune.com\/it\/2021\/12\/telethon-monaco-scopriamo-insieme-il-programma-di-questo-fine-settimana\/","url":"https:\/\/www.monaco-tribune.com\/it\/2021\/12\/telethon-monaco-scopriamo-insieme-il-programma-di-questo-fine-settimana\/","name":"Telethon Monaco: scopriamo insieme il programma di questo fine settimana","isPartOf":{"@id":"https:\/\/www.monaco-tribune.com\/it\/#website"},"primaryImageOfPage":{"@id":"https:\/\/www.monaco-tribune.com\/it\/2021\/12\/telethon-monaco-scopriamo-insieme-il-programma-di-questo-fine-settimana\/#primaryimage"},"image":{"@id":"https:\/\/www.monaco-tribune.com\/it\/2021\/12\/telethon-monaco-scopriamo-insieme-il-programma-di-questo-fine-settimana\/#primaryimage"},"thumbnailUrl":"https:\/\/www.monaco-tribune.com\/wp-content\/uploads\/2021\/12\/telethon-monaco.png","datePublished":"2021-12-03T12:16:11+00:00","dateModified":"2022-01-22T17:06:21+00:00","description":"Sabato 4 e domenica 5 dicembre, al Grimaldi Forum si terr\u00e0 la 35\u00aa edizione di Telethon Monaco. \u00c8 tornato! Dopo un 2020 congelato dalla pandemia, gli","breadcrumb":{"@id":"https:\/\/www.monaco-tribune.com\/it\/2021\/12\/telethon-monaco-scopriamo-insieme-il-programma-di-questo-fine-settimana\/#breadcrumb"},"inLanguage":"it-IT","potentialAction":[{"@type":"ReadAction","target":["https:\/\/www.monaco-tribune.com\/it\/2021\/12\/telethon-monaco-scopriamo-insieme-il-programma-di-questo-fine-settimana\/"]}]},{"@type":"ImageObject","inLanguage":"it-IT","@id":"https:\/\/www.monaco-tribune.com\/it\/2021\/12\/telethon-monaco-scopriamo-insieme-il-programma-di-questo-fine-settimana\/#primaryimage","url":"https:\/\/www.monaco-tribune.com\/wp-content\/uploads\/2021\/12\/telethon-monaco.png","contentUrl":"https:\/\/www.monaco-tribune.com\/wp-content\/uploads\/2021\/12\/telethon-monaco.png","width":1020,"height":696,"caption":"T\u00e9l\u00e9thon Monaco"},{"@type":"BreadcrumbList","@id":"https:\/\/www.monaco-tribune.com\/it\/2021\/12\/telethon-monaco-scopriamo-insieme-il-programma-di-questo-fine-settimana\/#breadcrumb","itemListElement":[{"@type":"ListItem","position":1,"name":"Accueil","item":"https:\/\/www.monaco-tribune.com\/it\/"},{"@type":"ListItem","position":2,"name":"Telethon Monaco: scopriamo insieme il programma di questo fine settimana"}]},{"@type":"WebSite","@id":"https:\/\/www.monaco-tribune.com\/it\/#website","url":"https:\/\/www.monaco-tribune.com\/it\/","name":"Monaco Tribune","description":"Monaco : actualit\u00e9s \u00e9conomiques, politiques, culturelles et sportives de Monaco et de la French Riviera.","publisher":{"@id":"https:\/\/www.monaco-tribune.com\/it\/#organization"},"potentialAction":[{"@type":"SearchAction","target":{"@type":"EntryPoint","urlTemplate":"https:\/\/www.monaco-tribune.com\/it\/?s={search_term_string}"},"query-input":{"@type":"PropertyValueSpecification","valueRequired":true,"valueName":"search_term_string"}}],"inLanguage":"it-IT"},{"@type":"Organization","@id":"https:\/\/www.monaco-tribune.com\/it\/#organization","name":"Monaco Tribune","url":"https:\/\/www.monaco-tribune.com\/it\/","logo":{"@type":"ImageObject","inLanguage":"it-IT","@id":"https:\/\/www.monaco-tribune.com\/it\/#\/schema\/logo\/image\/","url":"https:\/\/www.monaco-tribune.com\/wp-content\/uploads\/2022\/11\/logo-monaco-tribune.png","contentUrl":"https:\/\/www.monaco-tribune.com\/wp-content\/uploads\/2022\/11\/logo-monaco-tribune.png","width":1548,"height":600,"caption":"Monaco Tribune"},"image":{"@id":"https:\/\/www.monaco-tribune.com\/it\/#\/schema\/logo\/image\/"},"sameAs":["https:\/\/www.facebook.com\/MonacoTribune","https:\/\/x.com\/MonacoTribune","https:\/\/www.instagram.com\/monacotribune\/","https:\/\/www.linkedin.com\/company\/monaco-tribune","https:\/\/www.youtube.com\/channel\/UCHle1MnG6hw1y4lWKijVbMA"]},{"@type":"Person","@id":"https:\/\/www.monaco-tribune.com\/it\/#\/schema\/person\/c8eeb5e36b6ed3782736273e5eb7d764","name":"Josepha Toquereau","image":{"@type":"ImageObject","inLanguage":"it-IT","@id":"https:\/\/secure.gravatar.com\/avatar\/3e06e87605717b00d3b9743f79fca038480454ef05226ef9de5dfa9577c3363f?s=96&d=mm&r=g","url":"https:\/\/secure.gravatar.com\/avatar\/3e06e87605717b00d3b9743f79fca038480454ef05226ef9de5dfa9577c3363f?s=96&d=mm&r=g","contentUrl":"https:\/\/secure.gravatar.com\/avatar\/3e06e87605717b00d3b9743f79fca038480454ef05226ef9de5dfa9577c3363f?s=96&d=mm&r=g","caption":"Josepha Toquereau"},"url":"https:\/\/www.monaco-tribune.com\/it\/author\/josephatoquereau\/"}]}},"_links":{"self":[{"href":"https:\/\/www.monaco-tribune.com\/it\/wp-json\/wp\/v2\/posts\/101903","targetHints":{"allow":["GET"]}}],"collection":[{"href":"https:\/\/www.monaco-tribune.com\/it\/wp-json\/wp\/v2\/posts"}],"about":[{"href":"https:\/\/www.monaco-tribune.com\/it\/wp-json\/wp\/v2\/types\/post"}],"author":[{"embeddable":true,"href":"https:\/\/www.monaco-tribune.com\/it\/wp-json\/wp\/v2\/users\/57"}],"replies":[{"embeddable":true,"href":"https:\/\/www.monaco-tribune.com\/it\/wp-json\/wp\/v2\/comments?post=101903"}],"version-history":[{"count":0,"href":"https:\/\/www.monaco-tribune.com\/it\/wp-json\/wp\/v2\/posts\/101903\/revisions"}],"wp:featuredmedia":[{"embeddable":true,"href":"https:\/\/www.monaco-tribune.com\/it\/wp-json\/wp\/v2\/media\/101852"}],"wp:attachment":[{"href":"https:\/\/www.monaco-tribune.com\/it\/wp-json\/wp\/v2\/media?parent=101903"}],"wp:term":[{"taxonomy":"category","embeddable":true,"href":"https:\/\/www.monaco-tribune.com\/it\/wp-json\/wp\/v2\/categories?post=101903"},{"taxonomy":"post_tag","embeddable":true,"href":"https:\/\/www.monaco-tribune.com\/it\/wp-json\/wp\/v2\/tags?post=101903"},{"taxonomy":"sectag","embeddable":true,"href":"https:\/\/www.monaco-tribune.com\/it\/wp-json\/wp\/v2\/post_sectags?post=101903"},{"taxonomy":"format","embeddable":true,"href":"https:\/\/www.monaco-tribune.com\/it\/wp-json\/wp\/v2\/post_format?post=101903"}],"curies":[{"name":"wp","href":"https:\/\/api.w.org\/{rel}","templated":true}]}}