{"id":101929,"date":"2021-12-03T17:05:17","date_gmt":"2021-12-03T16:05:17","guid":{"rendered":"https:\/\/www.monaco-tribune.com\/2021\/12\/transizioni-tra-risparmio-economico-ed-ecologia-qual-e-la-migliore-fonte-di-energia-a-monaco\/"},"modified":"2022-01-22T18:06:13","modified_gmt":"2022-01-22T17:06:13","slug":"transizioni-tra-risparmio-economico-ed-ecologia-qual-e-la-migliore-fonte-di-energia-a-monaco","status":"publish","type":"post","link":"https:\/\/www.monaco-tribune.com\/it\/2021\/12\/transizioni-tra-risparmio-economico-ed-ecologia-qual-e-la-migliore-fonte-di-energia-a-monaco\/","title":{"rendered":"TRANSIZIONI. Tra risparmio economico ed ecologia, qual \u00e8 la migliore fonte di energia a Monaco?"},"content":{"rendered":"\n<p><strong>In questa nuova serie di articoli, Monaco Tribune esamina le varie transizioni in corso nel Principato, nei settori della tecnologia digitale, dell&#8217;energia e dei trasporti, e il loro impatto sui cittadini. Questo terzo articolo \u00e8 dedicato all&#8217;energia.<\/strong><\/p>\n\n<p>Nucleare, solare, geotermica, idroelettrica&#8230; Da quale fonte di energia proviene l&#8217;elettricit\u00e0 o il riscaldamento nel Principato? Con il suo approccio ecosostenibile, Monaco continua a lavorare per ridurre le emissioni di gas a effetto serra, in particolare quelle provenienti dagli edifici.<\/p>\n\n<p>Meno costosi ma estremamente inquinanti, i combustibili fossili (carbone, olio combustibile e nucleare) stanno ormai scomparendo dal Principato. Dal 1\u00b0 gennaio dell&#8217;anno prossimo, l&#8217;olio combustibile sar\u00e0 vietato, mentre la COP26, <a href=\"https:\/\/www.monaco-tribune.com\/it\/2021\/11\/cop26-il-principe-alberto-ii-invita-a-un-impegno-serio-per-salvaguardare-gli-oceani\/\">alla quale ha preso parte anche il Principe Alberto II<\/a>, ha affermato la volont\u00e0 di rinunciare al carbone. Solo il nucleare non sembra andare da nessuna parte e, secondo il nostro sondaggio, \u00e8 addirittura la seconda fonte di energia pi\u00f9 usata dai nostri lettori.<\/p>\n\n<p>Il primo posto, per\u00f2, sarebbe occupato dall&#8217;energia idroelettrica, una fonte rinnovabile come l&#8217;energia solare, <a href=\"https:\/\/www.monaco-tribune.com\/it\/2020\/10\/monaco-e-sempre-piu-vicina-a-raggiungere-lindipendenza-energetica\/\">eolica<\/a>, geotermica, talassotermica e quella da biomassa. Tutte fonti di energia pi\u00f9 pulite, ma anche pi\u00f9 costose, nelle quali il Principato intende investire.<\/p>\n\n<p><strong>&gt;&gt; LEGGI ANCHE: <\/strong><a href=\"https:\/\/www.monaco-tribune.com\/it\/2021\/06\/perche-il-principato-punta-sullenergia-talassotermica\/\">Perch\u00e9 il Principato scommette sull\u2019energia talassotermica?<\/a><\/p>\n\n<h2 class=\"wp-block-heading\" id=\"h-mona-residence-un-exemple-de-batiment-ecoresponsable\">MoNa R\u00e9sidence, un esempio di edificio ecologico<\/h2>\n\n<p>Anche se pu\u00f2 essere piuttosto difficile modificare le fonti energetiche degli edifici gi\u00e0 esistenti, alcune nuove costruzioni nel Principato hanno adottato un vero approccio ecologico. \u00c8 il caso di MoNa R\u00e9sidence, di propriet\u00e0 del gruppo Michel Pastor, che ha accolto i primi residenti lo scorso settembre. <\/p>\n\n<div class=\"wp-block-image\"><figure class=\"aligncenter size-large\"><img loading=\"lazy\" decoding=\"async\" width=\"1024\" height=\"931\" src=\"https:\/\/www.monaco-tribune.com\/wp-content\/uploads\/2021\/11\/mona-residence-1-1024x931.jpeg\" alt=\"Mona R&#xE9;sidence\" class=\"wp-image-101479\" srcset=\"https:\/\/www.monaco-tribune.com\/wp-content\/uploads\/2021\/11\/mona-residence-1-1024x931.jpeg 1024w, https:\/\/www.monaco-tribune.com\/wp-content\/uploads\/2021\/11\/mona-residence-1-330x300.jpeg 330w, https:\/\/www.monaco-tribune.com\/wp-content\/uploads\/2021\/11\/mona-residence-1-165x150.jpeg 165w, https:\/\/www.monaco-tribune.com\/wp-content\/uploads\/2021\/11\/mona-residence-1-768x698.jpeg 768w, https:\/\/www.monaco-tribune.com\/wp-content\/uploads\/2021\/11\/mona-residence-1-175x159.jpeg 175w, https:\/\/www.monaco-tribune.com\/wp-content\/uploads\/2021\/11\/mona-residence-1.jpeg 1200w\" sizes=\"auto, (max-width: 1024px) 100vw, 1024px\" \/><figcaption><em>SAM du Parc\/Gruppo Michel Pastor<\/em><\/figcaption><\/figure><\/div>\n\n<p>Progettato per combinare comfort ed ecologia, questo edificio di 23 piani, che comprende un cinema privato, una &#8220;kids room&#8221; e un&#8217;area benessere, utilizza l&#8217;energia geotermica e solare per l&#8217;elettricit\u00e0 e il riscaldamento. Serge Ginesy, responsabile ambientale del gruppo Michel Pastor, spiega: &#8220;Lavoriamo con sonde all&#8217;interno del terreno che permettono lo scambio di calore o freddo con il suolo&#8221;.<\/p>\n\n<p>Un sistema attentamente monitorato, che permette alle temperature di rimanere stabili tutto l&#8217;anno e riduce la necessit\u00e0 di fonti di produzione di energia. Il tetto dell&#8217;edificio, inoltre, \u00e8 coperto da pannelli solari a sostegno della geotermica, per assicurare energia continua.<\/p>\n\n<figure class=\"wp-block-gallery columns-1 is-cropped wp-block-gallery-1 is-layout-flex wp-block-gallery-is-layout-flex\"><ul class=\"blocks-gallery-grid\"><li class=\"blocks-gallery-item\"><figure><img loading=\"lazy\" decoding=\"async\" width=\"1024\" height=\"577\" src=\"https:\/\/www.monaco-tribune.com\/wp-content\/uploads\/2021\/11\/machinerie-1-1024x577.jpg\" alt=\"Mona R&#xE9;sidence\" data-id=\"101481\" data-full-url=\"https:\/\/www.monaco-tribune.com\/wp-content\/uploads\/2021\/11\/machinerie-1.jpg\" data-link=\"https:\/\/www.monaco-tribune.com\/?attachment_id=101481\" class=\"wp-image-101483\" srcset=\"https:\/\/www.monaco-tribune.com\/wp-content\/uploads\/2021\/11\/machinerie-1-1024x577.jpg 1024w, https:\/\/www.monaco-tribune.com\/wp-content\/uploads\/2021\/11\/machinerie-1-533x300.jpg 533w, https:\/\/www.monaco-tribune.com\/wp-content\/uploads\/2021\/11\/machinerie-1-266x150.jpg 266w, https:\/\/www.monaco-tribune.com\/wp-content\/uploads\/2021\/11\/machinerie-1-768x433.jpg 768w, https:\/\/www.monaco-tribune.com\/wp-content\/uploads\/2021\/11\/machinerie-1-175x99.jpg 175w, https:\/\/www.monaco-tribune.com\/wp-content\/uploads\/2021\/11\/machinerie-1.jpg 1200w\" sizes=\"auto, (max-width: 1024px) 100vw, 1024px\" \/><figcaption class=\"blocks-gallery-item__caption\"><em>Queste pompe di calore, situate nel seminterrato, permettono di alimentare l&#8217;edificio con l&#8217;energia geotermica. \/ \u00a9 SAM du Parc\/Gruppo Michel Pastor<\/em><\/figcaption><\/figure><\/li><li class=\"blocks-gallery-item\"><figure><img loading=\"lazy\" decoding=\"async\" width=\"874\" height=\"1024\" src=\"https:\/\/www.monaco-tribune.com\/wp-content\/uploads\/2021\/11\/mona_residence_panneaux_-solaires--874x1024.jpeg\" alt=\"Mona R&#xE9;sidence\" data-id=\"101485\" data-full-url=\"https:\/\/www.monaco-tribune.com\/wp-content\/uploads\/2021\/11\/mona_residence_panneaux_-solaires-.jpeg\" data-link=\"https:\/\/www.monaco-tribune.com\/?attachment_id=101485\" class=\"wp-image-101487\" srcset=\"https:\/\/www.monaco-tribune.com\/wp-content\/uploads\/2021\/11\/mona_residence_panneaux_-solaires--874x1024.jpeg 874w, https:\/\/www.monaco-tribune.com\/wp-content\/uploads\/2021\/11\/mona_residence_panneaux_-solaires--256x300.jpeg 256w, https:\/\/www.monaco-tribune.com\/wp-content\/uploads\/2021\/11\/mona_residence_panneaux_-solaires--128x150.jpeg 128w, https:\/\/www.monaco-tribune.com\/wp-content\/uploads\/2021\/11\/mona_residence_panneaux_-solaires--768x900.jpeg 768w, https:\/\/www.monaco-tribune.com\/wp-content\/uploads\/2021\/11\/mona_residence_panneaux_-solaires--154x180.jpeg 154w, https:\/\/www.monaco-tribune.com\/wp-content\/uploads\/2021\/11\/mona_residence_panneaux_-solaires-.jpeg 1200w\" sizes=\"auto, (max-width: 874px) 100vw, 874px\" \/><figcaption class=\"blocks-gallery-item__caption\"><em>Il tetto dell&#8217;edificio \u00e8 dotato di pannelli solari \/ \u00a9 SAM du Parc\/Gruppo Michel Pastor<\/em><\/figcaption><\/figure><\/li><\/ul><\/figure>\n<p>I residenti sono inoltre incoraggiati a monitorare i loro consumi. Ogni appartamento \u00e8 dotato di un&#8217;interfaccia per gestire l&#8217;energia dell&#8217;abitazione, cos\u00ec da consentire a ognuno di controllare e calcolare i livelli di consumo, la classe energetica e le emissioni di CO2. &#8220;L&#8217;idea \u00e8 di fornire ai residenti i mezzi per fare la differenza&#8221;, sottolinea Serge Ginesy.<\/p>\n\n<p>I residenti sono anche incoraggiati a fare la raccolta differenziata: vengono messi a disposizione sei bidoni per ogni abitazione, che trattano in particolare i rifiuti alimentari. Inoltre, gli elettrodomestici installati nelle cucine sono tutti di classe energetica &#8220;A&#8221;.<\/p>\n\n<p>Anche la <a href=\"https:\/\/www.monaco-tribune.com\/it\/2021\/11\/transizioni-il-futuro-dei-trasporti-nel-principato-e-elettrico\/\">questione della mobilit\u00e0<\/a> \u00e8 stata presa in considerazione: ogni posto nel garage pu\u00f2 ospitare e alimentare un&#8217;auto elettrica e c&#8217;\u00e8 tantissimo spazio per le biciclette. Il MoNa Residence ha inoltre ottenuto la certificazione <a href=\"https:\/\/www.breeam.com\/\">BREEAM<\/a>, con classificazione &#8220;eccellente&#8221;, che valuta il rendimento energetico degli edifici.<\/p>\n\n<p>Infine, tutte le piante che decorano il giardino richiedono poca acqua e, soprattutto, sono adatte al clima della Costa Azzurra. Sono state anche installate casette per gli uccelli e hotel per insetti, per prendersi cura della fauna e della flora locale.<\/p>\n\n<p><strong>&gt;&gt; LEGGI ANCHE:<\/strong> <a href=\"https:\/\/www.monaco-tribune.com\/it\/2021\/11\/i-vostri-migliori-consigli-su-come-ridurre-i-rifiuti-a-monaco\/\">I vostri migliori consigli su come ridurre i rifiuti a Monaco<\/a><\/p>\n","protected":false},"excerpt":{"rendered":"<p>In questa nuova serie di articoli, Monaco Tribune esamina le varie transizioni in corso nel Principato, nei settori della tecnologia [&hellip;]<\/p>\n","protected":false},"author":60,"featured_media":101815,"comment_status":"closed","ping_status":"closed","sticky":false,"template":"","format":"standard","meta":{"_acf_changed":false,"footnotes":""},"categories":[1826,1738,1752],"tags":[],"post_sectags":[],"post_format":[2469],"class_list":["post-101929","post","type-post","status-publish","format-standard","has-post-thumbnail","hentry","category-la-nostra-scelta","category-notizie","category-societa","format-analisi"],"acf":[],"yoast_head":"<!-- This site is optimized with the Yoast SEO Premium plugin v26.8 (Yoast SEO v27.4) - https:\/\/yoast.com\/product\/yoast-seo-premium-wordpress\/ -->\n<title>TRANSIZIONI. Tra risparmio economico ed ecologia, qual \u00e8 la migliore fonte di energia a Monaco?<\/title>\n<meta name=\"description\" content=\"In questa nuova serie di articoli, Monaco Tribune esamina le varie transizioni in corso nel Principato, nei settori della tecnologia digitale,\" \/>\n<meta name=\"robots\" content=\"index, follow, max-snippet:-1, max-image-preview:large, max-video-preview:-1\" \/>\n<link rel=\"canonical\" href=\"https:\/\/www.monaco-tribune.com\/it\/2021\/12\/transizioni-tra-risparmio-economico-ed-ecologia-qual-e-la-migliore-fonte-di-energia-a-monaco\/\" \/>\n<meta property=\"og:locale\" content=\"it_IT\" \/>\n<meta property=\"og:type\" content=\"article\" \/>\n<meta property=\"og:title\" content=\"TRANSIZIONI. Tra risparmio economico ed ecologia, qual \u00e8 la migliore fonte di energia a Monaco? - Monaco Tribune\" \/>\n<meta property=\"og:description\" content=\"In questa nuova serie di articoli, Monaco Tribune esamina le varie transizioni in corso nel Principato, nei settori della tecnologia digitale,\" \/>\n<meta property=\"og:url\" content=\"https:\/\/www.monaco-tribune.com\/it\/2021\/12\/transizioni-tra-risparmio-economico-ed-ecologia-qual-e-la-migliore-fonte-di-energia-a-monaco\/\" \/>\n<meta property=\"og:site_name\" content=\"Monaco Tribune\" \/>\n<meta property=\"article:publisher\" content=\"https:\/\/www.facebook.com\/MonacoTribune\" \/>\n<meta property=\"article:published_time\" content=\"2021-12-03T16:05:17+00:00\" \/>\n<meta property=\"article:modified_time\" content=\"2022-01-22T17:06:13+00:00\" \/>\n<meta property=\"og:image\" content=\"https:\/\/www.monaco-tribune.com\/wp-content\/uploads\/2021\/11\/monaco-energie.jpg\" \/>\n\t<meta property=\"og:image:width\" content=\"1020\" \/>\n\t<meta property=\"og:image:height\" content=\"673\" \/>\n\t<meta property=\"og:image:type\" content=\"image\/jpeg\" \/>\n<meta name=\"author\" content=\"Camille Esteve\" \/>\n<meta name=\"twitter:card\" content=\"summary_large_image\" \/>\n<meta name=\"twitter:creator\" content=\"@MonacoTribune\" \/>\n<meta name=\"twitter:site\" content=\"@MonacoTribune\" \/>\n<script type=\"application\/ld+json\" class=\"yoast-schema-graph\">{\"@context\":\"https:\\\/\\\/schema.org\",\"@graph\":[{\"@type\":\"NewsArticle\",\"@id\":\"https:\\\/\\\/www.monaco-tribune.com\\\/it\\\/2021\\\/12\\\/transizioni-tra-risparmio-economico-ed-ecologia-qual-e-la-migliore-fonte-di-energia-a-monaco\\\/#article\",\"isPartOf\":{\"@id\":\"https:\\\/\\\/www.monaco-tribune.com\\\/it\\\/2021\\\/12\\\/transizioni-tra-risparmio-economico-ed-ecologia-qual-e-la-migliore-fonte-di-energia-a-monaco\\\/\"},\"author\":{\"name\":\"Camille Esteve\",\"@id\":\"https:\\\/\\\/www.monaco-tribune.com\\\/it\\\/#\\\/schema\\\/person\\\/a855d420fff4d03637641d60b93ac62e\"},\"headline\":\"TRANSIZIONI. Tra risparmio economico ed ecologia, qual \u00e8 la migliore fonte di energia a Monaco?\",\"datePublished\":\"2021-12-03T16:05:17+00:00\",\"dateModified\":\"2022-01-22T17:06:13+00:00\",\"mainEntityOfPage\":{\"@id\":\"https:\\\/\\\/www.monaco-tribune.com\\\/it\\\/2021\\\/12\\\/transizioni-tra-risparmio-economico-ed-ecologia-qual-e-la-migliore-fonte-di-energia-a-monaco\\\/\"},\"wordCount\":613,\"publisher\":{\"@id\":\"https:\\\/\\\/www.monaco-tribune.com\\\/it\\\/#organization\"},\"image\":{\"@id\":\"https:\\\/\\\/www.monaco-tribune.com\\\/it\\\/2021\\\/12\\\/transizioni-tra-risparmio-economico-ed-ecologia-qual-e-la-migliore-fonte-di-energia-a-monaco\\\/#primaryimage\"},\"thumbnailUrl\":\"https:\\\/\\\/www.monaco-tribune.com\\\/wp-content\\\/uploads\\\/2021\\\/11\\\/monaco-energie.jpg\",\"articleSection\":[\"La nostra scelta\",\"Notizie\",\"Societ\u00e0\"],\"inLanguage\":\"it-IT\",\"copyrightYear\":\"2021\",\"copyrightHolder\":{\"@id\":\"https:\\\/\\\/www.monaco-tribune.com\\\/#organization\"}},{\"@type\":\"WebPage\",\"@id\":\"https:\\\/\\\/www.monaco-tribune.com\\\/it\\\/2021\\\/12\\\/transizioni-tra-risparmio-economico-ed-ecologia-qual-e-la-migliore-fonte-di-energia-a-monaco\\\/\",\"url\":\"https:\\\/\\\/www.monaco-tribune.com\\\/it\\\/2021\\\/12\\\/transizioni-tra-risparmio-economico-ed-ecologia-qual-e-la-migliore-fonte-di-energia-a-monaco\\\/\",\"name\":\"TRANSIZIONI. Tra risparmio economico ed ecologia, qual \u00e8 la migliore fonte di energia a Monaco?\",\"isPartOf\":{\"@id\":\"https:\\\/\\\/www.monaco-tribune.com\\\/it\\\/#website\"},\"primaryImageOfPage\":{\"@id\":\"https:\\\/\\\/www.monaco-tribune.com\\\/it\\\/2021\\\/12\\\/transizioni-tra-risparmio-economico-ed-ecologia-qual-e-la-migliore-fonte-di-energia-a-monaco\\\/#primaryimage\"},\"image\":{\"@id\":\"https:\\\/\\\/www.monaco-tribune.com\\\/it\\\/2021\\\/12\\\/transizioni-tra-risparmio-economico-ed-ecologia-qual-e-la-migliore-fonte-di-energia-a-monaco\\\/#primaryimage\"},\"thumbnailUrl\":\"https:\\\/\\\/www.monaco-tribune.com\\\/wp-content\\\/uploads\\\/2021\\\/11\\\/monaco-energie.jpg\",\"datePublished\":\"2021-12-03T16:05:17+00:00\",\"dateModified\":\"2022-01-22T17:06:13+00:00\",\"description\":\"In questa nuova serie di articoli, Monaco Tribune esamina le varie transizioni in corso nel Principato, nei settori della tecnologia digitale,\",\"breadcrumb\":{\"@id\":\"https:\\\/\\\/www.monaco-tribune.com\\\/it\\\/2021\\\/12\\\/transizioni-tra-risparmio-economico-ed-ecologia-qual-e-la-migliore-fonte-di-energia-a-monaco\\\/#breadcrumb\"},\"inLanguage\":\"it-IT\",\"potentialAction\":[{\"@type\":\"ReadAction\",\"target\":[\"https:\\\/\\\/www.monaco-tribune.com\\\/it\\\/2021\\\/12\\\/transizioni-tra-risparmio-economico-ed-ecologia-qual-e-la-migliore-fonte-di-energia-a-monaco\\\/\"]}]},{\"@type\":\"ImageObject\",\"inLanguage\":\"it-IT\",\"@id\":\"https:\\\/\\\/www.monaco-tribune.com\\\/it\\\/2021\\\/12\\\/transizioni-tra-risparmio-economico-ed-ecologia-qual-e-la-migliore-fonte-di-energia-a-monaco\\\/#primaryimage\",\"url\":\"https:\\\/\\\/www.monaco-tribune.com\\\/wp-content\\\/uploads\\\/2021\\\/11\\\/monaco-energie.jpg\",\"contentUrl\":\"https:\\\/\\\/www.monaco-tribune.com\\\/wp-content\\\/uploads\\\/2021\\\/11\\\/monaco-energie.jpg\",\"width\":1020,\"height\":673,\"caption\":\"Pixabay\"},{\"@type\":\"BreadcrumbList\",\"@id\":\"https:\\\/\\\/www.monaco-tribune.com\\\/it\\\/2021\\\/12\\\/transizioni-tra-risparmio-economico-ed-ecologia-qual-e-la-migliore-fonte-di-energia-a-monaco\\\/#breadcrumb\",\"itemListElement\":[{\"@type\":\"ListItem\",\"position\":1,\"name\":\"Accueil\",\"item\":\"https:\\\/\\\/www.monaco-tribune.com\\\/it\\\/\"},{\"@type\":\"ListItem\",\"position\":2,\"name\":\"TRANSIZIONI. Tra risparmio economico ed ecologia, qual \u00e8 la migliore fonte di energia a Monaco?\"}]},{\"@type\":\"WebSite\",\"@id\":\"https:\\\/\\\/www.monaco-tribune.com\\\/it\\\/#website\",\"url\":\"https:\\\/\\\/www.monaco-tribune.com\\\/it\\\/\",\"name\":\"Monaco Tribune\",\"description\":\"Monaco : actualit\u00e9s \u00e9conomiques, politiques, culturelles et sportives de Monaco et de la French Riviera.\",\"publisher\":{\"@id\":\"https:\\\/\\\/www.monaco-tribune.com\\\/it\\\/#organization\"},\"potentialAction\":[{\"@type\":\"SearchAction\",\"target\":{\"@type\":\"EntryPoint\",\"urlTemplate\":\"https:\\\/\\\/www.monaco-tribune.com\\\/it\\\/?s={search_term_string}\"},\"query-input\":{\"@type\":\"PropertyValueSpecification\",\"valueRequired\":true,\"valueName\":\"search_term_string\"}}],\"inLanguage\":\"it-IT\"},{\"@type\":\"Organization\",\"@id\":\"https:\\\/\\\/www.monaco-tribune.com\\\/it\\\/#organization\",\"name\":\"Monaco Tribune\",\"url\":\"https:\\\/\\\/www.monaco-tribune.com\\\/it\\\/\",\"logo\":{\"@type\":\"ImageObject\",\"inLanguage\":\"it-IT\",\"@id\":\"https:\\\/\\\/www.monaco-tribune.com\\\/it\\\/#\\\/schema\\\/logo\\\/image\\\/\",\"url\":\"https:\\\/\\\/www.monaco-tribune.com\\\/wp-content\\\/uploads\\\/2022\\\/11\\\/logo-monaco-tribune.png\",\"contentUrl\":\"https:\\\/\\\/www.monaco-tribune.com\\\/wp-content\\\/uploads\\\/2022\\\/11\\\/logo-monaco-tribune.png\",\"width\":1548,\"height\":600,\"caption\":\"Monaco Tribune\"},\"image\":{\"@id\":\"https:\\\/\\\/www.monaco-tribune.com\\\/it\\\/#\\\/schema\\\/logo\\\/image\\\/\"},\"sameAs\":[\"https:\\\/\\\/www.facebook.com\\\/MonacoTribune\",\"https:\\\/\\\/x.com\\\/MonacoTribune\",\"https:\\\/\\\/www.instagram.com\\\/monacotribune\\\/\",\"https:\\\/\\\/www.linkedin.com\\\/company\\\/monaco-tribune\",\"https:\\\/\\\/www.youtube.com\\\/channel\\\/UCHle1MnG6hw1y4lWKijVbMA\"]},{\"@type\":\"Person\",\"@id\":\"https:\\\/\\\/www.monaco-tribune.com\\\/it\\\/#\\\/schema\\\/person\\\/a855d420fff4d03637641d60b93ac62e\",\"name\":\"Camille Esteve\",\"image\":{\"@type\":\"ImageObject\",\"inLanguage\":\"it-IT\",\"@id\":\"https:\\\/\\\/secure.gravatar.com\\\/avatar\\\/eaaa2355a7bb56c0018a391c20a55bf9b4690e3f493231dd850e612bfa6ce161?s=96&d=mm&r=g\",\"url\":\"https:\\\/\\\/secure.gravatar.com\\\/avatar\\\/eaaa2355a7bb56c0018a391c20a55bf9b4690e3f493231dd850e612bfa6ce161?s=96&d=mm&r=g\",\"contentUrl\":\"https:\\\/\\\/secure.gravatar.com\\\/avatar\\\/eaaa2355a7bb56c0018a391c20a55bf9b4690e3f493231dd850e612bfa6ce161?s=96&d=mm&r=g\",\"caption\":\"Camille Esteve\"},\"url\":\"https:\\\/\\\/www.monaco-tribune.com\\\/it\\\/author\\\/camilleesteve\\\/\"}]}<\/script>\n<!-- \/ Yoast SEO Premium plugin. -->","yoast_head_json":{"title":"TRANSIZIONI. Tra risparmio economico ed ecologia, qual \u00e8 la migliore fonte di energia a Monaco?","description":"In questa nuova serie di articoli, Monaco Tribune esamina le varie transizioni in corso nel Principato, nei settori della tecnologia digitale,","robots":{"index":"index","follow":"follow","max-snippet":"max-snippet:-1","max-image-preview":"max-image-preview:large","max-video-preview":"max-video-preview:-1"},"canonical":"https:\/\/www.monaco-tribune.com\/it\/2021\/12\/transizioni-tra-risparmio-economico-ed-ecologia-qual-e-la-migliore-fonte-di-energia-a-monaco\/","og_locale":"it_IT","og_type":"article","og_title":"TRANSIZIONI. Tra risparmio economico ed ecologia, qual \u00e8 la migliore fonte di energia a Monaco? - Monaco Tribune","og_description":"In questa nuova serie di articoli, Monaco Tribune esamina le varie transizioni in corso nel Principato, nei settori della tecnologia digitale,","og_url":"https:\/\/www.monaco-tribune.com\/it\/2021\/12\/transizioni-tra-risparmio-economico-ed-ecologia-qual-e-la-migliore-fonte-di-energia-a-monaco\/","og_site_name":"Monaco Tribune","article_publisher":"https:\/\/www.facebook.com\/MonacoTribune","article_published_time":"2021-12-03T16:05:17+00:00","article_modified_time":"2022-01-22T17:06:13+00:00","og_image":[{"width":1020,"height":673,"url":"https:\/\/www.monaco-tribune.com\/wp-content\/uploads\/2021\/11\/monaco-energie.jpg","type":"image\/jpeg"}],"author":"Camille Esteve","twitter_card":"summary_large_image","twitter_creator":"@MonacoTribune","twitter_site":"@MonacoTribune","schema":{"@context":"https:\/\/schema.org","@graph":[{"@type":"NewsArticle","@id":"https:\/\/www.monaco-tribune.com\/it\/2021\/12\/transizioni-tra-risparmio-economico-ed-ecologia-qual-e-la-migliore-fonte-di-energia-a-monaco\/#article","isPartOf":{"@id":"https:\/\/www.monaco-tribune.com\/it\/2021\/12\/transizioni-tra-risparmio-economico-ed-ecologia-qual-e-la-migliore-fonte-di-energia-a-monaco\/"},"author":{"name":"Camille Esteve","@id":"https:\/\/www.monaco-tribune.com\/it\/#\/schema\/person\/a855d420fff4d03637641d60b93ac62e"},"headline":"TRANSIZIONI. Tra risparmio economico ed ecologia, qual \u00e8 la migliore fonte di energia a Monaco?","datePublished":"2021-12-03T16:05:17+00:00","dateModified":"2022-01-22T17:06:13+00:00","mainEntityOfPage":{"@id":"https:\/\/www.monaco-tribune.com\/it\/2021\/12\/transizioni-tra-risparmio-economico-ed-ecologia-qual-e-la-migliore-fonte-di-energia-a-monaco\/"},"wordCount":613,"publisher":{"@id":"https:\/\/www.monaco-tribune.com\/it\/#organization"},"image":{"@id":"https:\/\/www.monaco-tribune.com\/it\/2021\/12\/transizioni-tra-risparmio-economico-ed-ecologia-qual-e-la-migliore-fonte-di-energia-a-monaco\/#primaryimage"},"thumbnailUrl":"https:\/\/www.monaco-tribune.com\/wp-content\/uploads\/2021\/11\/monaco-energie.jpg","articleSection":["La nostra scelta","Notizie","Societ\u00e0"],"inLanguage":"it-IT","copyrightYear":"2021","copyrightHolder":{"@id":"https:\/\/www.monaco-tribune.com\/#organization"}},{"@type":"WebPage","@id":"https:\/\/www.monaco-tribune.com\/it\/2021\/12\/transizioni-tra-risparmio-economico-ed-ecologia-qual-e-la-migliore-fonte-di-energia-a-monaco\/","url":"https:\/\/www.monaco-tribune.com\/it\/2021\/12\/transizioni-tra-risparmio-economico-ed-ecologia-qual-e-la-migliore-fonte-di-energia-a-monaco\/","name":"TRANSIZIONI. Tra risparmio economico ed ecologia, qual \u00e8 la migliore fonte di energia a Monaco?","isPartOf":{"@id":"https:\/\/www.monaco-tribune.com\/it\/#website"},"primaryImageOfPage":{"@id":"https:\/\/www.monaco-tribune.com\/it\/2021\/12\/transizioni-tra-risparmio-economico-ed-ecologia-qual-e-la-migliore-fonte-di-energia-a-monaco\/#primaryimage"},"image":{"@id":"https:\/\/www.monaco-tribune.com\/it\/2021\/12\/transizioni-tra-risparmio-economico-ed-ecologia-qual-e-la-migliore-fonte-di-energia-a-monaco\/#primaryimage"},"thumbnailUrl":"https:\/\/www.monaco-tribune.com\/wp-content\/uploads\/2021\/11\/monaco-energie.jpg","datePublished":"2021-12-03T16:05:17+00:00","dateModified":"2022-01-22T17:06:13+00:00","description":"In questa nuova serie di articoli, Monaco Tribune esamina le varie transizioni in corso nel Principato, nei settori della tecnologia digitale,","breadcrumb":{"@id":"https:\/\/www.monaco-tribune.com\/it\/2021\/12\/transizioni-tra-risparmio-economico-ed-ecologia-qual-e-la-migliore-fonte-di-energia-a-monaco\/#breadcrumb"},"inLanguage":"it-IT","potentialAction":[{"@type":"ReadAction","target":["https:\/\/www.monaco-tribune.com\/it\/2021\/12\/transizioni-tra-risparmio-economico-ed-ecologia-qual-e-la-migliore-fonte-di-energia-a-monaco\/"]}]},{"@type":"ImageObject","inLanguage":"it-IT","@id":"https:\/\/www.monaco-tribune.com\/it\/2021\/12\/transizioni-tra-risparmio-economico-ed-ecologia-qual-e-la-migliore-fonte-di-energia-a-monaco\/#primaryimage","url":"https:\/\/www.monaco-tribune.com\/wp-content\/uploads\/2021\/11\/monaco-energie.jpg","contentUrl":"https:\/\/www.monaco-tribune.com\/wp-content\/uploads\/2021\/11\/monaco-energie.jpg","width":1020,"height":673,"caption":"Pixabay"},{"@type":"BreadcrumbList","@id":"https:\/\/www.monaco-tribune.com\/it\/2021\/12\/transizioni-tra-risparmio-economico-ed-ecologia-qual-e-la-migliore-fonte-di-energia-a-monaco\/#breadcrumb","itemListElement":[{"@type":"ListItem","position":1,"name":"Accueil","item":"https:\/\/www.monaco-tribune.com\/it\/"},{"@type":"ListItem","position":2,"name":"TRANSIZIONI. Tra risparmio economico ed ecologia, qual \u00e8 la migliore fonte di energia a Monaco?"}]},{"@type":"WebSite","@id":"https:\/\/www.monaco-tribune.com\/it\/#website","url":"https:\/\/www.monaco-tribune.com\/it\/","name":"Monaco Tribune","description":"Monaco : actualit\u00e9s \u00e9conomiques, politiques, culturelles et sportives de Monaco et de la French Riviera.","publisher":{"@id":"https:\/\/www.monaco-tribune.com\/it\/#organization"},"potentialAction":[{"@type":"SearchAction","target":{"@type":"EntryPoint","urlTemplate":"https:\/\/www.monaco-tribune.com\/it\/?s={search_term_string}"},"query-input":{"@type":"PropertyValueSpecification","valueRequired":true,"valueName":"search_term_string"}}],"inLanguage":"it-IT"},{"@type":"Organization","@id":"https:\/\/www.monaco-tribune.com\/it\/#organization","name":"Monaco Tribune","url":"https:\/\/www.monaco-tribune.com\/it\/","logo":{"@type":"ImageObject","inLanguage":"it-IT","@id":"https:\/\/www.monaco-tribune.com\/it\/#\/schema\/logo\/image\/","url":"https:\/\/www.monaco-tribune.com\/wp-content\/uploads\/2022\/11\/logo-monaco-tribune.png","contentUrl":"https:\/\/www.monaco-tribune.com\/wp-content\/uploads\/2022\/11\/logo-monaco-tribune.png","width":1548,"height":600,"caption":"Monaco Tribune"},"image":{"@id":"https:\/\/www.monaco-tribune.com\/it\/#\/schema\/logo\/image\/"},"sameAs":["https:\/\/www.facebook.com\/MonacoTribune","https:\/\/x.com\/MonacoTribune","https:\/\/www.instagram.com\/monacotribune\/","https:\/\/www.linkedin.com\/company\/monaco-tribune","https:\/\/www.youtube.com\/channel\/UCHle1MnG6hw1y4lWKijVbMA"]},{"@type":"Person","@id":"https:\/\/www.monaco-tribune.com\/it\/#\/schema\/person\/a855d420fff4d03637641d60b93ac62e","name":"Camille Esteve","image":{"@type":"ImageObject","inLanguage":"it-IT","@id":"https:\/\/secure.gravatar.com\/avatar\/eaaa2355a7bb56c0018a391c20a55bf9b4690e3f493231dd850e612bfa6ce161?s=96&d=mm&r=g","url":"https:\/\/secure.gravatar.com\/avatar\/eaaa2355a7bb56c0018a391c20a55bf9b4690e3f493231dd850e612bfa6ce161?s=96&d=mm&r=g","contentUrl":"https:\/\/secure.gravatar.com\/avatar\/eaaa2355a7bb56c0018a391c20a55bf9b4690e3f493231dd850e612bfa6ce161?s=96&d=mm&r=g","caption":"Camille Esteve"},"url":"https:\/\/www.monaco-tribune.com\/it\/author\/camilleesteve\/"}]}},"_links":{"self":[{"href":"https:\/\/www.monaco-tribune.com\/it\/wp-json\/wp\/v2\/posts\/101929","targetHints":{"allow":["GET"]}}],"collection":[{"href":"https:\/\/www.monaco-tribune.com\/it\/wp-json\/wp\/v2\/posts"}],"about":[{"href":"https:\/\/www.monaco-tribune.com\/it\/wp-json\/wp\/v2\/types\/post"}],"author":[{"embeddable":true,"href":"https:\/\/www.monaco-tribune.com\/it\/wp-json\/wp\/v2\/users\/60"}],"replies":[{"embeddable":true,"href":"https:\/\/www.monaco-tribune.com\/it\/wp-json\/wp\/v2\/comments?post=101929"}],"version-history":[{"count":0,"href":"https:\/\/www.monaco-tribune.com\/it\/wp-json\/wp\/v2\/posts\/101929\/revisions"}],"wp:featuredmedia":[{"embeddable":true,"href":"https:\/\/www.monaco-tribune.com\/it\/wp-json\/wp\/v2\/media\/101815"}],"wp:attachment":[{"href":"https:\/\/www.monaco-tribune.com\/it\/wp-json\/wp\/v2\/media?parent=101929"}],"wp:term":[{"taxonomy":"category","embeddable":true,"href":"https:\/\/www.monaco-tribune.com\/it\/wp-json\/wp\/v2\/categories?post=101929"},{"taxonomy":"post_tag","embeddable":true,"href":"https:\/\/www.monaco-tribune.com\/it\/wp-json\/wp\/v2\/tags?post=101929"},{"taxonomy":"sectag","embeddable":true,"href":"https:\/\/www.monaco-tribune.com\/it\/wp-json\/wp\/v2\/post_sectags?post=101929"},{"taxonomy":"format","embeddable":true,"href":"https:\/\/www.monaco-tribune.com\/it\/wp-json\/wp\/v2\/post_format?post=101929"}],"curies":[{"name":"wp","href":"https:\/\/api.w.org\/{rel}","templated":true}]}}