{"id":102218,"date":"2021-12-07T12:16:07","date_gmt":"2021-12-07T11:16:07","guid":{"rendered":"https:\/\/www.monaco-tribune.com\/2021\/12\/il-centro-scientifico-di-monaco-passa-al-fotovoltaico\/"},"modified":"2022-01-22T18:06:07","modified_gmt":"2022-01-22T17:06:07","slug":"il-centro-scientifico-di-monaco-passa-al-fotovoltaico","status":"publish","type":"post","link":"https:\/\/www.monaco-tribune.com\/it\/2021\/12\/il-centro-scientifico-di-monaco-passa-al-fotovoltaico\/","title":{"rendered":"Il Centro Scientifico di Monaco passa al fotovoltaico"},"content":{"rendered":"\n<p><strong>Sono stati installati quasi 450 pannelli che dovrebbero fornire 250 MWh di elettricit\u00e0 all&#8217;anno.<\/strong><\/p>\n\n<p><a href=\"https:\/\/www.monaco-tribune.com\/it\/2021\/12\/transizioni-tra-risparmio-economico-ed-ecologia-qual-e-la-migliore-fonte-di-energia-a-monaco\/\">Monaco continua la sua transizione energetica<\/a>. Il Centro Scientifico di Monaco (CSM) \u00e8 il 27\u00b0 e ultimo edificio pubblico di Monaco a beneficiare del fondo verde nazionale nel 2021. \u00c8 anche il secondo edificio ad aver optato per i pannelli fotovoltaici questo dicembre, il primo \u00e8 stato l&#8217;istituto scolastico FANB pochi giorni fa.<\/p>\n\n<p>Il Principato ha investito circa 400.000 euro perch\u00e9 questo progetto andasse in porto. I 443 pannelli fotovoltaici sono stati installati a luglio e sono stati inaugurati luned\u00ec alla presenza del Principe Alberto II, del Consigliere di Governo-Ministro dell&#8217;interno, Patrice Cellario, e del Consigliere del Dipartimento dei Lavori pubblici, dell&#8217;Ambiente e dell&#8217;Urbanistica, C\u00e9line Caron-Dagioni.<\/p>\n\n<p>Questi pannelli ora coprono 1.000m\u00b2 del CSM e produrranno il 25% del suo consumo, permettendo di risparmiare 20,5 tonnellate di CO2 all&#8217;anno. Si tratta quindi di un investimento a lungo termine, che non si ripagher\u00e0 prima di otto anni, ma che \u00e8 in linea con la volont\u00e0 del Principato di raggiungere la carbon neutrality entro il 2050.<\/p>\n\n<p>Oltre a questa novit\u00e0, il CSM ha firmato il <a href=\"https:\/\/www.monaco-tribune.com\/it\/2021\/10\/sviluppo-sostenibile-5-punti-chiave-della-conferenza-sulla-transizione-energetica-di-monaco\/\">Patto nazionale per la transizione energetica<\/a>. Il presidente spera cos\u00ec che anche i suoi membri aderiscano a titolo individuale entro il 2022.<\/p>\n\n<p>&gt;&gt; LEGGI ANCHE: <a href=\"https:\/\/www.monaco-tribune.com\/it\/2021\/12\/monaco-ha-tutte-le-carte-in-regola-per-giocare-un-ruolo-chiave-nella-transizione-energetica-globale\/\">\u201cMonaco ha tutte le carte in regola per giocare un ruolo chiave nella transizione energetica globale\u201d<\/a><\/p>\n\n<div class=\"wp-block-image\"><figure class=\"aligncenter size-large\"><img loading=\"lazy\" decoding=\"async\" width=\"1024\" height=\"683\" src=\"https:\/\/www.monaco-tribune.com\/wp-content\/uploads\/2021\/12\/panneaux-1-1024x683.jpeg\" alt=\"pannelli fotovoltaici CSM\" class=\"wp-image-102188\" srcset=\"https:\/\/www.monaco-tribune.com\/wp-content\/uploads\/2021\/12\/panneaux-1-1024x683.jpeg 1024w, https:\/\/www.monaco-tribune.com\/wp-content\/uploads\/2021\/12\/panneaux-1-450x300.jpeg 450w, https:\/\/www.monaco-tribune.com\/wp-content\/uploads\/2021\/12\/panneaux-1-225x150.jpeg 225w, https:\/\/www.monaco-tribune.com\/wp-content\/uploads\/2021\/12\/panneaux-1-768x512.jpeg 768w, https:\/\/www.monaco-tribune.com\/wp-content\/uploads\/2021\/12\/panneaux-1-175x117.jpeg 175w, https:\/\/www.monaco-tribune.com\/wp-content\/uploads\/2021\/12\/panneaux-1.jpeg 1200w\" sizes=\"auto, (max-width: 1024px) 100vw, 1024px\" \/><figcaption>Direzione della Comunicazione \/ Michael Alesi<\/figcaption><\/figure><\/div>\n","protected":false},"excerpt":{"rendered":"<p>Sono stati installati quasi 450 pannelli che dovrebbero fornire 250 MWh di elettricit\u00e0 all&#8217;anno. Monaco continua la sua transizione energetica. [&hellip;]<\/p>\n","protected":false},"author":60,"featured_media":102192,"comment_status":"closed","ping_status":"closed","sticky":false,"template":"","format":"standard","meta":{"_acf_changed":false,"footnotes":""},"categories":[1839,1738],"tags":[],"post_sectags":[],"post_format":[2478],"class_list":["post-102218","post","type-post","status-publish","format-standard","has-post-thumbnail","hentry","category-green","category-notizie","format-notizia"],"acf":[],"yoast_head":"<!-- This site is optimized with the Yoast SEO Premium plugin v26.8 (Yoast SEO v27.5) - https:\/\/yoast.com\/product\/yoast-seo-premium-wordpress\/ -->\n<title>Il Centro Scientifico di Monaco passa al fotovoltaico<\/title>\n<meta name=\"description\" content=\"Sono stati installati quasi 450 pannelli che dovrebbero fornire 250 MWh di elettricit\u00e0 all&#039;anno. Monaco continua la sua transizione energetica. Il Centro\" \/>\n<meta name=\"robots\" content=\"index, follow, max-snippet:-1, max-image-preview:large, max-video-preview:-1\" \/>\n<link rel=\"canonical\" href=\"https:\/\/www.monaco-tribune.com\/it\/2021\/12\/il-centro-scientifico-di-monaco-passa-al-fotovoltaico\/\" \/>\n<meta property=\"og:locale\" content=\"it_IT\" \/>\n<meta property=\"og:type\" content=\"article\" \/>\n<meta property=\"og:title\" content=\"Il Centro Scientifico di Monaco passa al fotovoltaico - Monaco Tribune\" \/>\n<meta property=\"og:description\" content=\"Sono stati installati quasi 450 pannelli che dovrebbero fornire 250 MWh di elettricit\u00e0 all&#039;anno. Monaco continua la sua transizione energetica. Il Centro\" \/>\n<meta property=\"og:url\" content=\"https:\/\/www.monaco-tribune.com\/it\/2021\/12\/il-centro-scientifico-di-monaco-passa-al-fotovoltaico\/\" \/>\n<meta property=\"og:site_name\" content=\"Monaco Tribune\" \/>\n<meta property=\"article:publisher\" content=\"https:\/\/www.facebook.com\/MonacoTribune\" \/>\n<meta property=\"article:published_time\" content=\"2021-12-07T11:16:07+00:00\" \/>\n<meta property=\"article:modified_time\" content=\"2022-01-22T17:06:07+00:00\" \/>\n<meta property=\"og:image\" content=\"https:\/\/www.monaco-tribune.com\/wp-content\/uploads\/2021\/12\/panneaux-2-.jpeg\" \/>\n\t<meta property=\"og:image:width\" content=\"1200\" \/>\n\t<meta property=\"og:image:height\" content=\"800\" \/>\n\t<meta property=\"og:image:type\" content=\"image\/jpeg\" \/>\n<meta name=\"author\" content=\"Camille Esteve\" \/>\n<meta name=\"twitter:card\" content=\"summary_large_image\" \/>\n<meta name=\"twitter:creator\" content=\"@MonacoTribune\" \/>\n<meta name=\"twitter:site\" content=\"@MonacoTribune\" \/>\n<script type=\"application\/ld+json\" class=\"yoast-schema-graph\">{\"@context\":\"https:\\\/\\\/schema.org\",\"@graph\":[{\"@type\":\"NewsArticle\",\"@id\":\"https:\\\/\\\/www.monaco-tribune.com\\\/it\\\/2021\\\/12\\\/il-centro-scientifico-di-monaco-passa-al-fotovoltaico\\\/#article\",\"isPartOf\":{\"@id\":\"https:\\\/\\\/www.monaco-tribune.com\\\/it\\\/2021\\\/12\\\/il-centro-scientifico-di-monaco-passa-al-fotovoltaico\\\/\"},\"author\":{\"name\":\"Camille Esteve\",\"@id\":\"https:\\\/\\\/www.monaco-tribune.com\\\/it\\\/#\\\/schema\\\/person\\\/a855d420fff4d03637641d60b93ac62e\"},\"headline\":\"Il Centro Scientifico di Monaco passa al fotovoltaico\",\"datePublished\":\"2021-12-07T11:16:07+00:00\",\"dateModified\":\"2022-01-22T17:06:07+00:00\",\"mainEntityOfPage\":{\"@id\":\"https:\\\/\\\/www.monaco-tribune.com\\\/it\\\/2021\\\/12\\\/il-centro-scientifico-di-monaco-passa-al-fotovoltaico\\\/\"},\"wordCount\":234,\"publisher\":{\"@id\":\"https:\\\/\\\/www.monaco-tribune.com\\\/it\\\/#organization\"},\"image\":{\"@id\":\"https:\\\/\\\/www.monaco-tribune.com\\\/it\\\/2021\\\/12\\\/il-centro-scientifico-di-monaco-passa-al-fotovoltaico\\\/#primaryimage\"},\"thumbnailUrl\":\"https:\\\/\\\/www.monaco-tribune.com\\\/wp-content\\\/uploads\\\/2021\\\/12\\\/panneaux-2-.jpeg\",\"articleSection\":[\"Green\",\"Notizie\"],\"inLanguage\":\"it-IT\",\"copyrightYear\":\"2021\",\"copyrightHolder\":{\"@id\":\"https:\\\/\\\/www.monaco-tribune.com\\\/#organization\"}},{\"@type\":\"WebPage\",\"@id\":\"https:\\\/\\\/www.monaco-tribune.com\\\/it\\\/2021\\\/12\\\/il-centro-scientifico-di-monaco-passa-al-fotovoltaico\\\/\",\"url\":\"https:\\\/\\\/www.monaco-tribune.com\\\/it\\\/2021\\\/12\\\/il-centro-scientifico-di-monaco-passa-al-fotovoltaico\\\/\",\"name\":\"Il Centro Scientifico di Monaco passa al fotovoltaico\",\"isPartOf\":{\"@id\":\"https:\\\/\\\/www.monaco-tribune.com\\\/it\\\/#website\"},\"primaryImageOfPage\":{\"@id\":\"https:\\\/\\\/www.monaco-tribune.com\\\/it\\\/2021\\\/12\\\/il-centro-scientifico-di-monaco-passa-al-fotovoltaico\\\/#primaryimage\"},\"image\":{\"@id\":\"https:\\\/\\\/www.monaco-tribune.com\\\/it\\\/2021\\\/12\\\/il-centro-scientifico-di-monaco-passa-al-fotovoltaico\\\/#primaryimage\"},\"thumbnailUrl\":\"https:\\\/\\\/www.monaco-tribune.com\\\/wp-content\\\/uploads\\\/2021\\\/12\\\/panneaux-2-.jpeg\",\"datePublished\":\"2021-12-07T11:16:07+00:00\",\"dateModified\":\"2022-01-22T17:06:07+00:00\",\"description\":\"Sono stati installati quasi 450 pannelli che dovrebbero fornire 250 MWh di elettricit\u00e0 all'anno. Monaco continua la sua transizione energetica. Il Centro\",\"breadcrumb\":{\"@id\":\"https:\\\/\\\/www.monaco-tribune.com\\\/it\\\/2021\\\/12\\\/il-centro-scientifico-di-monaco-passa-al-fotovoltaico\\\/#breadcrumb\"},\"inLanguage\":\"it-IT\",\"potentialAction\":[{\"@type\":\"ReadAction\",\"target\":[\"https:\\\/\\\/www.monaco-tribune.com\\\/it\\\/2021\\\/12\\\/il-centro-scientifico-di-monaco-passa-al-fotovoltaico\\\/\"]}]},{\"@type\":\"ImageObject\",\"inLanguage\":\"it-IT\",\"@id\":\"https:\\\/\\\/www.monaco-tribune.com\\\/it\\\/2021\\\/12\\\/il-centro-scientifico-di-monaco-passa-al-fotovoltaico\\\/#primaryimage\",\"url\":\"https:\\\/\\\/www.monaco-tribune.com\\\/wp-content\\\/uploads\\\/2021\\\/12\\\/panneaux-2-.jpeg\",\"contentUrl\":\"https:\\\/\\\/www.monaco-tribune.com\\\/wp-content\\\/uploads\\\/2021\\\/12\\\/panneaux-2-.jpeg\",\"width\":1200,\"height\":800,\"caption\":\"Direction de la Communication \\\/ Michael Alesi\"},{\"@type\":\"BreadcrumbList\",\"@id\":\"https:\\\/\\\/www.monaco-tribune.com\\\/it\\\/2021\\\/12\\\/il-centro-scientifico-di-monaco-passa-al-fotovoltaico\\\/#breadcrumb\",\"itemListElement\":[{\"@type\":\"ListItem\",\"position\":1,\"name\":\"Accueil\",\"item\":\"https:\\\/\\\/www.monaco-tribune.com\\\/it\\\/\"},{\"@type\":\"ListItem\",\"position\":2,\"name\":\"Il Centro Scientifico di Monaco passa al fotovoltaico\"}]},{\"@type\":\"WebSite\",\"@id\":\"https:\\\/\\\/www.monaco-tribune.com\\\/it\\\/#website\",\"url\":\"https:\\\/\\\/www.monaco-tribune.com\\\/it\\\/\",\"name\":\"Monaco Tribune\",\"description\":\"Monaco : actualit\u00e9s \u00e9conomiques, politiques, culturelles et sportives de Monaco et de la French Riviera.\",\"publisher\":{\"@id\":\"https:\\\/\\\/www.monaco-tribune.com\\\/it\\\/#organization\"},\"potentialAction\":[{\"@type\":\"SearchAction\",\"target\":{\"@type\":\"EntryPoint\",\"urlTemplate\":\"https:\\\/\\\/www.monaco-tribune.com\\\/it\\\/?s={search_term_string}\"},\"query-input\":{\"@type\":\"PropertyValueSpecification\",\"valueRequired\":true,\"valueName\":\"search_term_string\"}}],\"inLanguage\":\"it-IT\"},{\"@type\":\"Organization\",\"@id\":\"https:\\\/\\\/www.monaco-tribune.com\\\/it\\\/#organization\",\"name\":\"Monaco Tribune\",\"url\":\"https:\\\/\\\/www.monaco-tribune.com\\\/it\\\/\",\"logo\":{\"@type\":\"ImageObject\",\"inLanguage\":\"it-IT\",\"@id\":\"https:\\\/\\\/www.monaco-tribune.com\\\/it\\\/#\\\/schema\\\/logo\\\/image\\\/\",\"url\":\"https:\\\/\\\/www.monaco-tribune.com\\\/wp-content\\\/uploads\\\/2022\\\/11\\\/logo-monaco-tribune.png\",\"contentUrl\":\"https:\\\/\\\/www.monaco-tribune.com\\\/wp-content\\\/uploads\\\/2022\\\/11\\\/logo-monaco-tribune.png\",\"width\":1548,\"height\":600,\"caption\":\"Monaco Tribune\"},\"image\":{\"@id\":\"https:\\\/\\\/www.monaco-tribune.com\\\/it\\\/#\\\/schema\\\/logo\\\/image\\\/\"},\"sameAs\":[\"https:\\\/\\\/www.facebook.com\\\/MonacoTribune\",\"https:\\\/\\\/x.com\\\/MonacoTribune\",\"https:\\\/\\\/www.instagram.com\\\/monacotribune\\\/\",\"https:\\\/\\\/www.linkedin.com\\\/company\\\/monaco-tribune\",\"https:\\\/\\\/www.youtube.com\\\/channel\\\/UCHle1MnG6hw1y4lWKijVbMA\"]},{\"@type\":\"Person\",\"@id\":\"https:\\\/\\\/www.monaco-tribune.com\\\/it\\\/#\\\/schema\\\/person\\\/a855d420fff4d03637641d60b93ac62e\",\"name\":\"Camille Esteve\",\"image\":{\"@type\":\"ImageObject\",\"inLanguage\":\"it-IT\",\"@id\":\"https:\\\/\\\/secure.gravatar.com\\\/avatar\\\/eaaa2355a7bb56c0018a391c20a55bf9b4690e3f493231dd850e612bfa6ce161?s=96&d=mm&r=g\",\"url\":\"https:\\\/\\\/secure.gravatar.com\\\/avatar\\\/eaaa2355a7bb56c0018a391c20a55bf9b4690e3f493231dd850e612bfa6ce161?s=96&d=mm&r=g\",\"contentUrl\":\"https:\\\/\\\/secure.gravatar.com\\\/avatar\\\/eaaa2355a7bb56c0018a391c20a55bf9b4690e3f493231dd850e612bfa6ce161?s=96&d=mm&r=g\",\"caption\":\"Camille Esteve\"},\"url\":\"https:\\\/\\\/www.monaco-tribune.com\\\/it\\\/author\\\/camilleesteve\\\/\"}]}<\/script>\n<!-- \/ Yoast SEO Premium plugin. -->","yoast_head_json":{"title":"Il Centro Scientifico di Monaco passa al fotovoltaico","description":"Sono stati installati quasi 450 pannelli che dovrebbero fornire 250 MWh di elettricit\u00e0 all'anno. Monaco continua la sua transizione energetica. Il Centro","robots":{"index":"index","follow":"follow","max-snippet":"max-snippet:-1","max-image-preview":"max-image-preview:large","max-video-preview":"max-video-preview:-1"},"canonical":"https:\/\/www.monaco-tribune.com\/it\/2021\/12\/il-centro-scientifico-di-monaco-passa-al-fotovoltaico\/","og_locale":"it_IT","og_type":"article","og_title":"Il Centro Scientifico di Monaco passa al fotovoltaico - Monaco Tribune","og_description":"Sono stati installati quasi 450 pannelli che dovrebbero fornire 250 MWh di elettricit\u00e0 all'anno. Monaco continua la sua transizione energetica. Il Centro","og_url":"https:\/\/www.monaco-tribune.com\/it\/2021\/12\/il-centro-scientifico-di-monaco-passa-al-fotovoltaico\/","og_site_name":"Monaco Tribune","article_publisher":"https:\/\/www.facebook.com\/MonacoTribune","article_published_time":"2021-12-07T11:16:07+00:00","article_modified_time":"2022-01-22T17:06:07+00:00","og_image":[{"width":1200,"height":800,"url":"https:\/\/www.monaco-tribune.com\/wp-content\/uploads\/2021\/12\/panneaux-2-.jpeg","type":"image\/jpeg"}],"author":"Camille Esteve","twitter_card":"summary_large_image","twitter_creator":"@MonacoTribune","twitter_site":"@MonacoTribune","schema":{"@context":"https:\/\/schema.org","@graph":[{"@type":"NewsArticle","@id":"https:\/\/www.monaco-tribune.com\/it\/2021\/12\/il-centro-scientifico-di-monaco-passa-al-fotovoltaico\/#article","isPartOf":{"@id":"https:\/\/www.monaco-tribune.com\/it\/2021\/12\/il-centro-scientifico-di-monaco-passa-al-fotovoltaico\/"},"author":{"name":"Camille Esteve","@id":"https:\/\/www.monaco-tribune.com\/it\/#\/schema\/person\/a855d420fff4d03637641d60b93ac62e"},"headline":"Il Centro Scientifico di Monaco passa al fotovoltaico","datePublished":"2021-12-07T11:16:07+00:00","dateModified":"2022-01-22T17:06:07+00:00","mainEntityOfPage":{"@id":"https:\/\/www.monaco-tribune.com\/it\/2021\/12\/il-centro-scientifico-di-monaco-passa-al-fotovoltaico\/"},"wordCount":234,"publisher":{"@id":"https:\/\/www.monaco-tribune.com\/it\/#organization"},"image":{"@id":"https:\/\/www.monaco-tribune.com\/it\/2021\/12\/il-centro-scientifico-di-monaco-passa-al-fotovoltaico\/#primaryimage"},"thumbnailUrl":"https:\/\/www.monaco-tribune.com\/wp-content\/uploads\/2021\/12\/panneaux-2-.jpeg","articleSection":["Green","Notizie"],"inLanguage":"it-IT","copyrightYear":"2021","copyrightHolder":{"@id":"https:\/\/www.monaco-tribune.com\/#organization"}},{"@type":"WebPage","@id":"https:\/\/www.monaco-tribune.com\/it\/2021\/12\/il-centro-scientifico-di-monaco-passa-al-fotovoltaico\/","url":"https:\/\/www.monaco-tribune.com\/it\/2021\/12\/il-centro-scientifico-di-monaco-passa-al-fotovoltaico\/","name":"Il Centro Scientifico di Monaco passa al fotovoltaico","isPartOf":{"@id":"https:\/\/www.monaco-tribune.com\/it\/#website"},"primaryImageOfPage":{"@id":"https:\/\/www.monaco-tribune.com\/it\/2021\/12\/il-centro-scientifico-di-monaco-passa-al-fotovoltaico\/#primaryimage"},"image":{"@id":"https:\/\/www.monaco-tribune.com\/it\/2021\/12\/il-centro-scientifico-di-monaco-passa-al-fotovoltaico\/#primaryimage"},"thumbnailUrl":"https:\/\/www.monaco-tribune.com\/wp-content\/uploads\/2021\/12\/panneaux-2-.jpeg","datePublished":"2021-12-07T11:16:07+00:00","dateModified":"2022-01-22T17:06:07+00:00","description":"Sono stati installati quasi 450 pannelli che dovrebbero fornire 250 MWh di elettricit\u00e0 all'anno. Monaco continua la sua transizione energetica. Il Centro","breadcrumb":{"@id":"https:\/\/www.monaco-tribune.com\/it\/2021\/12\/il-centro-scientifico-di-monaco-passa-al-fotovoltaico\/#breadcrumb"},"inLanguage":"it-IT","potentialAction":[{"@type":"ReadAction","target":["https:\/\/www.monaco-tribune.com\/it\/2021\/12\/il-centro-scientifico-di-monaco-passa-al-fotovoltaico\/"]}]},{"@type":"ImageObject","inLanguage":"it-IT","@id":"https:\/\/www.monaco-tribune.com\/it\/2021\/12\/il-centro-scientifico-di-monaco-passa-al-fotovoltaico\/#primaryimage","url":"https:\/\/www.monaco-tribune.com\/wp-content\/uploads\/2021\/12\/panneaux-2-.jpeg","contentUrl":"https:\/\/www.monaco-tribune.com\/wp-content\/uploads\/2021\/12\/panneaux-2-.jpeg","width":1200,"height":800,"caption":"Direction de la Communication \/ Michael Alesi"},{"@type":"BreadcrumbList","@id":"https:\/\/www.monaco-tribune.com\/it\/2021\/12\/il-centro-scientifico-di-monaco-passa-al-fotovoltaico\/#breadcrumb","itemListElement":[{"@type":"ListItem","position":1,"name":"Accueil","item":"https:\/\/www.monaco-tribune.com\/it\/"},{"@type":"ListItem","position":2,"name":"Il Centro Scientifico di Monaco passa al fotovoltaico"}]},{"@type":"WebSite","@id":"https:\/\/www.monaco-tribune.com\/it\/#website","url":"https:\/\/www.monaco-tribune.com\/it\/","name":"Monaco Tribune","description":"Monaco : actualit\u00e9s \u00e9conomiques, politiques, culturelles et sportives de Monaco et de la French Riviera.","publisher":{"@id":"https:\/\/www.monaco-tribune.com\/it\/#organization"},"potentialAction":[{"@type":"SearchAction","target":{"@type":"EntryPoint","urlTemplate":"https:\/\/www.monaco-tribune.com\/it\/?s={search_term_string}"},"query-input":{"@type":"PropertyValueSpecification","valueRequired":true,"valueName":"search_term_string"}}],"inLanguage":"it-IT"},{"@type":"Organization","@id":"https:\/\/www.monaco-tribune.com\/it\/#organization","name":"Monaco Tribune","url":"https:\/\/www.monaco-tribune.com\/it\/","logo":{"@type":"ImageObject","inLanguage":"it-IT","@id":"https:\/\/www.monaco-tribune.com\/it\/#\/schema\/logo\/image\/","url":"https:\/\/www.monaco-tribune.com\/wp-content\/uploads\/2022\/11\/logo-monaco-tribune.png","contentUrl":"https:\/\/www.monaco-tribune.com\/wp-content\/uploads\/2022\/11\/logo-monaco-tribune.png","width":1548,"height":600,"caption":"Monaco Tribune"},"image":{"@id":"https:\/\/www.monaco-tribune.com\/it\/#\/schema\/logo\/image\/"},"sameAs":["https:\/\/www.facebook.com\/MonacoTribune","https:\/\/x.com\/MonacoTribune","https:\/\/www.instagram.com\/monacotribune\/","https:\/\/www.linkedin.com\/company\/monaco-tribune","https:\/\/www.youtube.com\/channel\/UCHle1MnG6hw1y4lWKijVbMA"]},{"@type":"Person","@id":"https:\/\/www.monaco-tribune.com\/it\/#\/schema\/person\/a855d420fff4d03637641d60b93ac62e","name":"Camille Esteve","image":{"@type":"ImageObject","inLanguage":"it-IT","@id":"https:\/\/secure.gravatar.com\/avatar\/eaaa2355a7bb56c0018a391c20a55bf9b4690e3f493231dd850e612bfa6ce161?s=96&d=mm&r=g","url":"https:\/\/secure.gravatar.com\/avatar\/eaaa2355a7bb56c0018a391c20a55bf9b4690e3f493231dd850e612bfa6ce161?s=96&d=mm&r=g","contentUrl":"https:\/\/secure.gravatar.com\/avatar\/eaaa2355a7bb56c0018a391c20a55bf9b4690e3f493231dd850e612bfa6ce161?s=96&d=mm&r=g","caption":"Camille Esteve"},"url":"https:\/\/www.monaco-tribune.com\/it\/author\/camilleesteve\/"}]}},"_links":{"self":[{"href":"https:\/\/www.monaco-tribune.com\/it\/wp-json\/wp\/v2\/posts\/102218","targetHints":{"allow":["GET"]}}],"collection":[{"href":"https:\/\/www.monaco-tribune.com\/it\/wp-json\/wp\/v2\/posts"}],"about":[{"href":"https:\/\/www.monaco-tribune.com\/it\/wp-json\/wp\/v2\/types\/post"}],"author":[{"embeddable":true,"href":"https:\/\/www.monaco-tribune.com\/it\/wp-json\/wp\/v2\/users\/60"}],"replies":[{"embeddable":true,"href":"https:\/\/www.monaco-tribune.com\/it\/wp-json\/wp\/v2\/comments?post=102218"}],"version-history":[{"count":0,"href":"https:\/\/www.monaco-tribune.com\/it\/wp-json\/wp\/v2\/posts\/102218\/revisions"}],"wp:featuredmedia":[{"embeddable":true,"href":"https:\/\/www.monaco-tribune.com\/it\/wp-json\/wp\/v2\/media\/102192"}],"wp:attachment":[{"href":"https:\/\/www.monaco-tribune.com\/it\/wp-json\/wp\/v2\/media?parent=102218"}],"wp:term":[{"taxonomy":"category","embeddable":true,"href":"https:\/\/www.monaco-tribune.com\/it\/wp-json\/wp\/v2\/categories?post=102218"},{"taxonomy":"post_tag","embeddable":true,"href":"https:\/\/www.monaco-tribune.com\/it\/wp-json\/wp\/v2\/tags?post=102218"},{"taxonomy":"sectag","embeddable":true,"href":"https:\/\/www.monaco-tribune.com\/it\/wp-json\/wp\/v2\/post_sectags?post=102218"},{"taxonomy":"format","embeddable":true,"href":"https:\/\/www.monaco-tribune.com\/it\/wp-json\/wp\/v2\/post_format?post=102218"}],"curies":[{"name":"wp","href":"https:\/\/api.w.org\/{rel}","templated":true}]}}