{"id":102359,"date":"2021-12-07T19:42:10","date_gmt":"2021-12-07T18:42:10","guid":{"rendered":"https:\/\/www.monaco-tribune.com\/2021\/12\/tutto-quello-che-ce-da-sapere-su-villaggio-di-natale-di-monaco\/"},"modified":"2022-01-22T18:05:55","modified_gmt":"2022-01-22T17:05:55","slug":"tutto-quello-che-ce-da-sapere-su-villaggio-di-natale-di-monaco","status":"publish","type":"post","link":"https:\/\/www.monaco-tribune.com\/it\/2021\/12\/tutto-quello-che-ce-da-sapere-su-villaggio-di-natale-di-monaco\/","title":{"rendered":"Tutto quello che c&#8217;\u00e8 da sapere su Villaggio di Natale di Monaco"},"content":{"rendered":"\n<p><strong>Il Villaggio di Natale ha aperto i battenti il 3 dicembre e rester\u00e0 nel Principato fino al 2 gennaio incluso. Il tema di quest&#8217;anno \u00e8 &#8220;Natale in Canada&#8221;.<\/strong><\/p>\n\n<p>Gli splendidi paesaggi e le affascinanti tradizioni del Canada vi aspettano. \u00c8 questa, infatti, la destinazione oltreoceano scelta come tema per il Villaggio di Natale 2021. Inaugurato venerd\u00ec scorso alla presenza del Sovrano, il villaggio promette di far sognare grandi e piccini con i suoi <a href=\"https:\/\/www.monaco-tribune.com\/it\/2020\/12\/video-la-magia-del-natale-conquista-il-principato\/\">addobbi<\/a>, i 20 chalet con pietanze prelibate, i 17 stand con prodotti artigianali e le giostre per bambini. La pista di pattinaggio rester\u00e0 aperta fino al 27 febbraio.<\/p>\n\n<h2 class=\"wp-block-heading\" id=\"h-quelles-mesures-sanitaires\">E le misure sanitarie?<\/h2>\n\n<p>Il Villaggio di Natale attira sicuramente molte persone e per questo necessita di una serie di restrizioni per contenere la pandemia da Covid-19. Tutti i maggiori di 16 anni dovranno presentare un pass sanitario valido all&#8217;ingresso. Inoltre, dai 5 anni in su \u00e8 obbligatorio anche l&#8217;uso della mascherina.<\/p>\n\n<p>Nei cinque punti di accesso sono stati posizionati dei tappeti che permetteranno di conteggiare in tempo reali il numero di visitatori. Non appena verr\u00e0 raggiunta la capienza massima, l&#8217;ingresso sar\u00e0 sospeso fino a quando l&#8217;affluenza non sar\u00e0 diminuita.<\/p>\n\n<p>Inoltre, non sar\u00e0 possibile passeggiare tra gli stand mangiando e bevendo. Per gustare churros e vin brul\u00e9, dovrete sedervi a uno dei tavoli dell&#8217;area ristorazione.<\/p>\n\n<p>&gt;&gt; LEGGI ANCHE:<a href=\"https:\/\/www.monaco-tribune.com\/it\/2021\/12\/la-pista-di-pattinaggio-di-monaco-e-tornata\/\"> La pista di pattinaggio di Monaco \u00e8 tornata<\/a><\/p>\n","protected":false},"excerpt":{"rendered":"<p>Il Villaggio di Natale ha aperto i battenti il 3 dicembre e rester\u00e0 nel Principato fino al 2 gennaio incluso. [&hellip;]<\/p>\n","protected":false},"author":57,"featured_media":102202,"comment_status":"closed","ping_status":"closed","sticky":false,"template":"","format":"standard","meta":{"_acf_changed":false,"footnotes":""},"categories":[1740,1826,1738],"tags":[2890],"post_sectags":[],"post_format":[2477],"class_list":["post-102359","post","type-post","status-publish","format-standard","has-post-thumbnail","hentry","category-cosa-fare","category-la-nostra-scelta","category-notizie","tag-eventi","format-info-pratiche"],"acf":[],"yoast_head":"<!-- This site is optimized with the Yoast SEO Premium plugin v26.8 (Yoast SEO v27.5) - https:\/\/yoast.com\/product\/yoast-seo-premium-wordpress\/ -->\n<title>Tutto quello che c&#039;\u00e8 da sapere su Villaggio di Natale di Monaco<\/title>\n<meta name=\"description\" content=\"Il Villaggio di Natale ha aperto i battenti il 3 dicembre e rester\u00e0 nel Principato fino al 2 gennaio incluso. Il tema di quest&#039;anno \u00e8 &quot;Natale in Canada&quot;.\" \/>\n<meta name=\"robots\" content=\"index, follow, max-snippet:-1, max-image-preview:large, max-video-preview:-1\" \/>\n<link rel=\"canonical\" href=\"https:\/\/www.monaco-tribune.com\/it\/2021\/12\/tutto-quello-che-ce-da-sapere-su-villaggio-di-natale-di-monaco\/\" \/>\n<meta property=\"og:locale\" content=\"it_IT\" \/>\n<meta property=\"og:type\" content=\"article\" \/>\n<meta property=\"og:title\" content=\"Tutto quello che c&#039;\u00e8 da sapere su Villaggio di Natale di Monaco - Monaco Tribune\" \/>\n<meta property=\"og:description\" content=\"Il Villaggio di Natale ha aperto i battenti il 3 dicembre e rester\u00e0 nel Principato fino al 2 gennaio incluso. Il tema di quest&#039;anno \u00e8 &quot;Natale in Canada&quot;.\" \/>\n<meta property=\"og:url\" content=\"https:\/\/www.monaco-tribune.com\/it\/2021\/12\/tutto-quello-che-ce-da-sapere-su-villaggio-di-natale-di-monaco\/\" \/>\n<meta property=\"og:site_name\" content=\"Monaco Tribune\" \/>\n<meta property=\"article:publisher\" content=\"https:\/\/www.facebook.com\/MonacoTribune\" \/>\n<meta property=\"article:published_time\" content=\"2021-12-07T18:42:10+00:00\" \/>\n<meta property=\"article:modified_time\" content=\"2022-01-22T17:05:55+00:00\" \/>\n<meta property=\"og:image\" content=\"https:\/\/www.monaco-tribune.com\/wp-content\/uploads\/2021\/12\/village-de-noel-monaco.jpeg\" \/>\n\t<meta property=\"og:image:width\" content=\"1020\" \/>\n\t<meta property=\"og:image:height\" content=\"680\" \/>\n\t<meta property=\"og:image:type\" content=\"image\/jpeg\" \/>\n<meta name=\"author\" content=\"Josepha Toquereau\" \/>\n<meta name=\"twitter:card\" content=\"summary_large_image\" \/>\n<meta name=\"twitter:creator\" content=\"@MonacoTribune\" \/>\n<meta name=\"twitter:site\" content=\"@MonacoTribune\" \/>\n<script type=\"application\/ld+json\" class=\"yoast-schema-graph\">{\"@context\":\"https:\\\/\\\/schema.org\",\"@graph\":[{\"@type\":\"NewsArticle\",\"@id\":\"https:\\\/\\\/www.monaco-tribune.com\\\/it\\\/2021\\\/12\\\/tutto-quello-che-ce-da-sapere-su-villaggio-di-natale-di-monaco\\\/#article\",\"isPartOf\":{\"@id\":\"https:\\\/\\\/www.monaco-tribune.com\\\/it\\\/2021\\\/12\\\/tutto-quello-che-ce-da-sapere-su-villaggio-di-natale-di-monaco\\\/\"},\"author\":{\"name\":\"Josepha Toquereau\",\"@id\":\"https:\\\/\\\/www.monaco-tribune.com\\\/it\\\/#\\\/schema\\\/person\\\/c8eeb5e36b6ed3782736273e5eb7d764\"},\"headline\":\"Tutto quello che c&#8217;\u00e8 da sapere su Villaggio di Natale di Monaco\",\"datePublished\":\"2021-12-07T18:42:10+00:00\",\"dateModified\":\"2022-01-22T17:05:55+00:00\",\"mainEntityOfPage\":{\"@id\":\"https:\\\/\\\/www.monaco-tribune.com\\\/it\\\/2021\\\/12\\\/tutto-quello-che-ce-da-sapere-su-villaggio-di-natale-di-monaco\\\/\"},\"wordCount\":234,\"publisher\":{\"@id\":\"https:\\\/\\\/www.monaco-tribune.com\\\/it\\\/#organization\"},\"image\":{\"@id\":\"https:\\\/\\\/www.monaco-tribune.com\\\/it\\\/2021\\\/12\\\/tutto-quello-che-ce-da-sapere-su-villaggio-di-natale-di-monaco\\\/#primaryimage\"},\"thumbnailUrl\":\"https:\\\/\\\/www.monaco-tribune.com\\\/wp-content\\\/uploads\\\/2021\\\/12\\\/village-de-noel-monaco.jpeg\",\"keywords\":[\"Eventi\"],\"articleSection\":[\"Cosa fare\",\"La nostra scelta\",\"Notizie\"],\"inLanguage\":\"it-IT\",\"copyrightYear\":\"2021\",\"copyrightHolder\":{\"@id\":\"https:\\\/\\\/www.monaco-tribune.com\\\/#organization\"}},{\"@type\":\"WebPage\",\"@id\":\"https:\\\/\\\/www.monaco-tribune.com\\\/it\\\/2021\\\/12\\\/tutto-quello-che-ce-da-sapere-su-villaggio-di-natale-di-monaco\\\/\",\"url\":\"https:\\\/\\\/www.monaco-tribune.com\\\/it\\\/2021\\\/12\\\/tutto-quello-che-ce-da-sapere-su-villaggio-di-natale-di-monaco\\\/\",\"name\":\"Tutto quello che c'\u00e8 da sapere su Villaggio di Natale di Monaco\",\"isPartOf\":{\"@id\":\"https:\\\/\\\/www.monaco-tribune.com\\\/it\\\/#website\"},\"primaryImageOfPage\":{\"@id\":\"https:\\\/\\\/www.monaco-tribune.com\\\/it\\\/2021\\\/12\\\/tutto-quello-che-ce-da-sapere-su-villaggio-di-natale-di-monaco\\\/#primaryimage\"},\"image\":{\"@id\":\"https:\\\/\\\/www.monaco-tribune.com\\\/it\\\/2021\\\/12\\\/tutto-quello-che-ce-da-sapere-su-villaggio-di-natale-di-monaco\\\/#primaryimage\"},\"thumbnailUrl\":\"https:\\\/\\\/www.monaco-tribune.com\\\/wp-content\\\/uploads\\\/2021\\\/12\\\/village-de-noel-monaco.jpeg\",\"datePublished\":\"2021-12-07T18:42:10+00:00\",\"dateModified\":\"2022-01-22T17:05:55+00:00\",\"description\":\"Il Villaggio di Natale ha aperto i battenti il 3 dicembre e rester\u00e0 nel Principato fino al 2 gennaio incluso. Il tema di quest'anno \u00e8 \\\"Natale in Canada\\\".\",\"breadcrumb\":{\"@id\":\"https:\\\/\\\/www.monaco-tribune.com\\\/it\\\/2021\\\/12\\\/tutto-quello-che-ce-da-sapere-su-villaggio-di-natale-di-monaco\\\/#breadcrumb\"},\"inLanguage\":\"it-IT\",\"potentialAction\":[{\"@type\":\"ReadAction\",\"target\":[\"https:\\\/\\\/www.monaco-tribune.com\\\/it\\\/2021\\\/12\\\/tutto-quello-che-ce-da-sapere-su-villaggio-di-natale-di-monaco\\\/\"]}]},{\"@type\":\"ImageObject\",\"inLanguage\":\"it-IT\",\"@id\":\"https:\\\/\\\/www.monaco-tribune.com\\\/it\\\/2021\\\/12\\\/tutto-quello-che-ce-da-sapere-su-villaggio-di-natale-di-monaco\\\/#primaryimage\",\"url\":\"https:\\\/\\\/www.monaco-tribune.com\\\/wp-content\\\/uploads\\\/2021\\\/12\\\/village-de-noel-monaco.jpeg\",\"contentUrl\":\"https:\\\/\\\/www.monaco-tribune.com\\\/wp-content\\\/uploads\\\/2021\\\/12\\\/village-de-noel-monaco.jpeg\",\"width\":1020,\"height\":680,\"caption\":\"Mairie de Monaco \\\/\"},{\"@type\":\"BreadcrumbList\",\"@id\":\"https:\\\/\\\/www.monaco-tribune.com\\\/it\\\/2021\\\/12\\\/tutto-quello-che-ce-da-sapere-su-villaggio-di-natale-di-monaco\\\/#breadcrumb\",\"itemListElement\":[{\"@type\":\"ListItem\",\"position\":1,\"name\":\"Accueil\",\"item\":\"https:\\\/\\\/www.monaco-tribune.com\\\/it\\\/\"},{\"@type\":\"ListItem\",\"position\":2,\"name\":\"Tutto quello che c&rsquo;\u00e8 da sapere su Villaggio di Natale di Monaco\"}]},{\"@type\":\"WebSite\",\"@id\":\"https:\\\/\\\/www.monaco-tribune.com\\\/it\\\/#website\",\"url\":\"https:\\\/\\\/www.monaco-tribune.com\\\/it\\\/\",\"name\":\"Monaco Tribune\",\"description\":\"Monaco : actualit\u00e9s \u00e9conomiques, politiques, culturelles et sportives de Monaco et de la French Riviera.\",\"publisher\":{\"@id\":\"https:\\\/\\\/www.monaco-tribune.com\\\/it\\\/#organization\"},\"potentialAction\":[{\"@type\":\"SearchAction\",\"target\":{\"@type\":\"EntryPoint\",\"urlTemplate\":\"https:\\\/\\\/www.monaco-tribune.com\\\/it\\\/?s={search_term_string}\"},\"query-input\":{\"@type\":\"PropertyValueSpecification\",\"valueRequired\":true,\"valueName\":\"search_term_string\"}}],\"inLanguage\":\"it-IT\"},{\"@type\":\"Organization\",\"@id\":\"https:\\\/\\\/www.monaco-tribune.com\\\/it\\\/#organization\",\"name\":\"Monaco Tribune\",\"url\":\"https:\\\/\\\/www.monaco-tribune.com\\\/it\\\/\",\"logo\":{\"@type\":\"ImageObject\",\"inLanguage\":\"it-IT\",\"@id\":\"https:\\\/\\\/www.monaco-tribune.com\\\/it\\\/#\\\/schema\\\/logo\\\/image\\\/\",\"url\":\"https:\\\/\\\/www.monaco-tribune.com\\\/wp-content\\\/uploads\\\/2022\\\/11\\\/logo-monaco-tribune.png\",\"contentUrl\":\"https:\\\/\\\/www.monaco-tribune.com\\\/wp-content\\\/uploads\\\/2022\\\/11\\\/logo-monaco-tribune.png\",\"width\":1548,\"height\":600,\"caption\":\"Monaco Tribune\"},\"image\":{\"@id\":\"https:\\\/\\\/www.monaco-tribune.com\\\/it\\\/#\\\/schema\\\/logo\\\/image\\\/\"},\"sameAs\":[\"https:\\\/\\\/www.facebook.com\\\/MonacoTribune\",\"https:\\\/\\\/x.com\\\/MonacoTribune\",\"https:\\\/\\\/www.instagram.com\\\/monacotribune\\\/\",\"https:\\\/\\\/www.linkedin.com\\\/company\\\/monaco-tribune\",\"https:\\\/\\\/www.youtube.com\\\/channel\\\/UCHle1MnG6hw1y4lWKijVbMA\"]},{\"@type\":\"Person\",\"@id\":\"https:\\\/\\\/www.monaco-tribune.com\\\/it\\\/#\\\/schema\\\/person\\\/c8eeb5e36b6ed3782736273e5eb7d764\",\"name\":\"Josepha Toquereau\",\"image\":{\"@type\":\"ImageObject\",\"inLanguage\":\"it-IT\",\"@id\":\"https:\\\/\\\/secure.gravatar.com\\\/avatar\\\/3e06e87605717b00d3b9743f79fca038480454ef05226ef9de5dfa9577c3363f?s=96&d=mm&r=g\",\"url\":\"https:\\\/\\\/secure.gravatar.com\\\/avatar\\\/3e06e87605717b00d3b9743f79fca038480454ef05226ef9de5dfa9577c3363f?s=96&d=mm&r=g\",\"contentUrl\":\"https:\\\/\\\/secure.gravatar.com\\\/avatar\\\/3e06e87605717b00d3b9743f79fca038480454ef05226ef9de5dfa9577c3363f?s=96&d=mm&r=g\",\"caption\":\"Josepha Toquereau\"},\"url\":\"https:\\\/\\\/www.monaco-tribune.com\\\/it\\\/author\\\/josephatoquereau\\\/\"}]}<\/script>\n<!-- \/ Yoast SEO Premium plugin. -->","yoast_head_json":{"title":"Tutto quello che c'\u00e8 da sapere su Villaggio di Natale di Monaco","description":"Il Villaggio di Natale ha aperto i battenti il 3 dicembre e rester\u00e0 nel Principato fino al 2 gennaio incluso. Il tema di quest'anno \u00e8 \"Natale in Canada\".","robots":{"index":"index","follow":"follow","max-snippet":"max-snippet:-1","max-image-preview":"max-image-preview:large","max-video-preview":"max-video-preview:-1"},"canonical":"https:\/\/www.monaco-tribune.com\/it\/2021\/12\/tutto-quello-che-ce-da-sapere-su-villaggio-di-natale-di-monaco\/","og_locale":"it_IT","og_type":"article","og_title":"Tutto quello che c'\u00e8 da sapere su Villaggio di Natale di Monaco - Monaco Tribune","og_description":"Il Villaggio di Natale ha aperto i battenti il 3 dicembre e rester\u00e0 nel Principato fino al 2 gennaio incluso. Il tema di quest'anno \u00e8 \"Natale in Canada\".","og_url":"https:\/\/www.monaco-tribune.com\/it\/2021\/12\/tutto-quello-che-ce-da-sapere-su-villaggio-di-natale-di-monaco\/","og_site_name":"Monaco Tribune","article_publisher":"https:\/\/www.facebook.com\/MonacoTribune","article_published_time":"2021-12-07T18:42:10+00:00","article_modified_time":"2022-01-22T17:05:55+00:00","og_image":[{"width":1020,"height":680,"url":"https:\/\/www.monaco-tribune.com\/wp-content\/uploads\/2021\/12\/village-de-noel-monaco.jpeg","type":"image\/jpeg"}],"author":"Josepha Toquereau","twitter_card":"summary_large_image","twitter_creator":"@MonacoTribune","twitter_site":"@MonacoTribune","schema":{"@context":"https:\/\/schema.org","@graph":[{"@type":"NewsArticle","@id":"https:\/\/www.monaco-tribune.com\/it\/2021\/12\/tutto-quello-che-ce-da-sapere-su-villaggio-di-natale-di-monaco\/#article","isPartOf":{"@id":"https:\/\/www.monaco-tribune.com\/it\/2021\/12\/tutto-quello-che-ce-da-sapere-su-villaggio-di-natale-di-monaco\/"},"author":{"name":"Josepha Toquereau","@id":"https:\/\/www.monaco-tribune.com\/it\/#\/schema\/person\/c8eeb5e36b6ed3782736273e5eb7d764"},"headline":"Tutto quello che c&#8217;\u00e8 da sapere su Villaggio di Natale di Monaco","datePublished":"2021-12-07T18:42:10+00:00","dateModified":"2022-01-22T17:05:55+00:00","mainEntityOfPage":{"@id":"https:\/\/www.monaco-tribune.com\/it\/2021\/12\/tutto-quello-che-ce-da-sapere-su-villaggio-di-natale-di-monaco\/"},"wordCount":234,"publisher":{"@id":"https:\/\/www.monaco-tribune.com\/it\/#organization"},"image":{"@id":"https:\/\/www.monaco-tribune.com\/it\/2021\/12\/tutto-quello-che-ce-da-sapere-su-villaggio-di-natale-di-monaco\/#primaryimage"},"thumbnailUrl":"https:\/\/www.monaco-tribune.com\/wp-content\/uploads\/2021\/12\/village-de-noel-monaco.jpeg","keywords":["Eventi"],"articleSection":["Cosa fare","La nostra scelta","Notizie"],"inLanguage":"it-IT","copyrightYear":"2021","copyrightHolder":{"@id":"https:\/\/www.monaco-tribune.com\/#organization"}},{"@type":"WebPage","@id":"https:\/\/www.monaco-tribune.com\/it\/2021\/12\/tutto-quello-che-ce-da-sapere-su-villaggio-di-natale-di-monaco\/","url":"https:\/\/www.monaco-tribune.com\/it\/2021\/12\/tutto-quello-che-ce-da-sapere-su-villaggio-di-natale-di-monaco\/","name":"Tutto quello che c'\u00e8 da sapere su Villaggio di Natale di Monaco","isPartOf":{"@id":"https:\/\/www.monaco-tribune.com\/it\/#website"},"primaryImageOfPage":{"@id":"https:\/\/www.monaco-tribune.com\/it\/2021\/12\/tutto-quello-che-ce-da-sapere-su-villaggio-di-natale-di-monaco\/#primaryimage"},"image":{"@id":"https:\/\/www.monaco-tribune.com\/it\/2021\/12\/tutto-quello-che-ce-da-sapere-su-villaggio-di-natale-di-monaco\/#primaryimage"},"thumbnailUrl":"https:\/\/www.monaco-tribune.com\/wp-content\/uploads\/2021\/12\/village-de-noel-monaco.jpeg","datePublished":"2021-12-07T18:42:10+00:00","dateModified":"2022-01-22T17:05:55+00:00","description":"Il Villaggio di Natale ha aperto i battenti il 3 dicembre e rester\u00e0 nel Principato fino al 2 gennaio incluso. Il tema di quest'anno \u00e8 \"Natale in Canada\".","breadcrumb":{"@id":"https:\/\/www.monaco-tribune.com\/it\/2021\/12\/tutto-quello-che-ce-da-sapere-su-villaggio-di-natale-di-monaco\/#breadcrumb"},"inLanguage":"it-IT","potentialAction":[{"@type":"ReadAction","target":["https:\/\/www.monaco-tribune.com\/it\/2021\/12\/tutto-quello-che-ce-da-sapere-su-villaggio-di-natale-di-monaco\/"]}]},{"@type":"ImageObject","inLanguage":"it-IT","@id":"https:\/\/www.monaco-tribune.com\/it\/2021\/12\/tutto-quello-che-ce-da-sapere-su-villaggio-di-natale-di-monaco\/#primaryimage","url":"https:\/\/www.monaco-tribune.com\/wp-content\/uploads\/2021\/12\/village-de-noel-monaco.jpeg","contentUrl":"https:\/\/www.monaco-tribune.com\/wp-content\/uploads\/2021\/12\/village-de-noel-monaco.jpeg","width":1020,"height":680,"caption":"Mairie de Monaco \/"},{"@type":"BreadcrumbList","@id":"https:\/\/www.monaco-tribune.com\/it\/2021\/12\/tutto-quello-che-ce-da-sapere-su-villaggio-di-natale-di-monaco\/#breadcrumb","itemListElement":[{"@type":"ListItem","position":1,"name":"Accueil","item":"https:\/\/www.monaco-tribune.com\/it\/"},{"@type":"ListItem","position":2,"name":"Tutto quello che c&rsquo;\u00e8 da sapere su Villaggio di Natale di Monaco"}]},{"@type":"WebSite","@id":"https:\/\/www.monaco-tribune.com\/it\/#website","url":"https:\/\/www.monaco-tribune.com\/it\/","name":"Monaco Tribune","description":"Monaco : actualit\u00e9s \u00e9conomiques, politiques, culturelles et sportives de Monaco et de la French Riviera.","publisher":{"@id":"https:\/\/www.monaco-tribune.com\/it\/#organization"},"potentialAction":[{"@type":"SearchAction","target":{"@type":"EntryPoint","urlTemplate":"https:\/\/www.monaco-tribune.com\/it\/?s={search_term_string}"},"query-input":{"@type":"PropertyValueSpecification","valueRequired":true,"valueName":"search_term_string"}}],"inLanguage":"it-IT"},{"@type":"Organization","@id":"https:\/\/www.monaco-tribune.com\/it\/#organization","name":"Monaco Tribune","url":"https:\/\/www.monaco-tribune.com\/it\/","logo":{"@type":"ImageObject","inLanguage":"it-IT","@id":"https:\/\/www.monaco-tribune.com\/it\/#\/schema\/logo\/image\/","url":"https:\/\/www.monaco-tribune.com\/wp-content\/uploads\/2022\/11\/logo-monaco-tribune.png","contentUrl":"https:\/\/www.monaco-tribune.com\/wp-content\/uploads\/2022\/11\/logo-monaco-tribune.png","width":1548,"height":600,"caption":"Monaco Tribune"},"image":{"@id":"https:\/\/www.monaco-tribune.com\/it\/#\/schema\/logo\/image\/"},"sameAs":["https:\/\/www.facebook.com\/MonacoTribune","https:\/\/x.com\/MonacoTribune","https:\/\/www.instagram.com\/monacotribune\/","https:\/\/www.linkedin.com\/company\/monaco-tribune","https:\/\/www.youtube.com\/channel\/UCHle1MnG6hw1y4lWKijVbMA"]},{"@type":"Person","@id":"https:\/\/www.monaco-tribune.com\/it\/#\/schema\/person\/c8eeb5e36b6ed3782736273e5eb7d764","name":"Josepha Toquereau","image":{"@type":"ImageObject","inLanguage":"it-IT","@id":"https:\/\/secure.gravatar.com\/avatar\/3e06e87605717b00d3b9743f79fca038480454ef05226ef9de5dfa9577c3363f?s=96&d=mm&r=g","url":"https:\/\/secure.gravatar.com\/avatar\/3e06e87605717b00d3b9743f79fca038480454ef05226ef9de5dfa9577c3363f?s=96&d=mm&r=g","contentUrl":"https:\/\/secure.gravatar.com\/avatar\/3e06e87605717b00d3b9743f79fca038480454ef05226ef9de5dfa9577c3363f?s=96&d=mm&r=g","caption":"Josepha Toquereau"},"url":"https:\/\/www.monaco-tribune.com\/it\/author\/josephatoquereau\/"}]}},"_links":{"self":[{"href":"https:\/\/www.monaco-tribune.com\/it\/wp-json\/wp\/v2\/posts\/102359","targetHints":{"allow":["GET"]}}],"collection":[{"href":"https:\/\/www.monaco-tribune.com\/it\/wp-json\/wp\/v2\/posts"}],"about":[{"href":"https:\/\/www.monaco-tribune.com\/it\/wp-json\/wp\/v2\/types\/post"}],"author":[{"embeddable":true,"href":"https:\/\/www.monaco-tribune.com\/it\/wp-json\/wp\/v2\/users\/57"}],"replies":[{"embeddable":true,"href":"https:\/\/www.monaco-tribune.com\/it\/wp-json\/wp\/v2\/comments?post=102359"}],"version-history":[{"count":0,"href":"https:\/\/www.monaco-tribune.com\/it\/wp-json\/wp\/v2\/posts\/102359\/revisions"}],"wp:featuredmedia":[{"embeddable":true,"href":"https:\/\/www.monaco-tribune.com\/it\/wp-json\/wp\/v2\/media\/102202"}],"wp:attachment":[{"href":"https:\/\/www.monaco-tribune.com\/it\/wp-json\/wp\/v2\/media?parent=102359"}],"wp:term":[{"taxonomy":"category","embeddable":true,"href":"https:\/\/www.monaco-tribune.com\/it\/wp-json\/wp\/v2\/categories?post=102359"},{"taxonomy":"post_tag","embeddable":true,"href":"https:\/\/www.monaco-tribune.com\/it\/wp-json\/wp\/v2\/tags?post=102359"},{"taxonomy":"sectag","embeddable":true,"href":"https:\/\/www.monaco-tribune.com\/it\/wp-json\/wp\/v2\/post_sectags?post=102359"},{"taxonomy":"format","embeddable":true,"href":"https:\/\/www.monaco-tribune.com\/it\/wp-json\/wp\/v2\/post_format?post=102359"}],"curies":[{"name":"wp","href":"https:\/\/api.w.org\/{rel}","templated":true}]}}