{"id":102862,"date":"2021-12-10T17:57:00","date_gmt":"2021-12-10T16:57:00","guid":{"rendered":"https:\/\/www.monaco-tribune.com\/2021\/12\/autobus-gratuiti-trattamento-dei-rifiuti-alloggi-notizie-dallultima-sessione-del-consiglio-nazionale\/"},"modified":"2022-01-22T18:05:33","modified_gmt":"2022-01-22T17:05:33","slug":"autobus-gratuiti-trattamento-dei-rifiuti-alloggi-notizie-dallultima-sessione-del-consiglio-nazionale","status":"publish","type":"post","link":"https:\/\/www.monaco-tribune.com\/it\/2021\/12\/autobus-gratuiti-trattamento-dei-rifiuti-alloggi-notizie-dallultima-sessione-del-consiglio-nazionale\/","title":{"rendered":"Autobus gratuiti, trattamento dei rifiuti, alloggi&#8230; Notizie dall&#8217;ultima sessione del Consiglio Nazionale"},"content":{"rendered":"\n<p><strong>La riunione del Consiglio Nazionale del 6 dicembre, la prima delle quattro dedicate alla revisione del bilancio 2022, ha affrontato diverse tematiche. La riunione si \u00e8 aperta con una notizia positiva: un&#8217;eccedenza di bilancio di 2,9 milioni di euro nonostante la crisi sanitaria.<\/strong><\/p>\n\n<p>Prossimamente, Monaco avr\u00e0 un nuovo impianto di trattamento dei rifiuti. Il progetto \u00e8 stato ben accolto, visto che \u00e8 molto meno inquinante rispetto all&#8217;impianto attuale, costruito nel 1980. La struttura dovrebbe sorgere nel futuro &#8220;\u00eelot Charles III&#8221;.<\/p>\n\n<p>Tra la fine del 2022 e la fine del 2023, verranno realizzate 600 abitazioni aggiuntive. Tuttavia, a causa del ritardo nella consegna del progetto Bel Air, i consiglieri temono una carenza di case popolari entro il 2025. Il Ministro di Stato, Pierre Dartout, ha anche confermato l&#8217;intenzione del Governo del Principe di realizzare un&#8217;operazione immobiliare per gli<em> <a href=\"https:\/\/www.monaco-tribune.com\/it\/2021\/08\/incontro-geraldine-gallo-motillon-difendere-i-valori-e-i-diritti-dei-figli-di-monaco\/\">Enfants du Pays<\/a><\/em>, cos\u00ec da permettergli di trovare dimora a un prezzo ragionevole.<\/p>\n\n<p>Sono stati confermati anche altri progetti, come la consegna del&#8217;<a href=\"https:\/\/www.monaco-tribune.com\/it\/2021\/09\/foto-5-cantieri-che-rivoluzioneranno-la-monaco-di-domani\/\">Ilot Pasteur<\/a> nel 2024, che ospiter\u00e0 una scuola media e alcuni uffici amministrativi. Sar\u00e0 anche introdotta una novit\u00e0 per quanto riguarda gli autobus: su richiesta del Consiglio Nazionale le corse saranno gratuite. Un&#8217;iniziativa temporanea, per\u00f2, per testare la proposta nei mesi di ottobre e novembre 2022.<\/p>\n\n<p>Infine, i consiglieri sono rimasti soddisfatti dal numero di candidati che hanno fatto domanda per la Scuola di Gioco della SBM. Ne sono stati selezionati circa 20, su 40, che inizieranno la formazione a gennaio.<\/p>\n","protected":false},"excerpt":{"rendered":"<p>La riunione del Consiglio Nazionale del 6 dicembre, la prima delle quattro dedicate alla revisione del bilancio 2022, ha affrontato [&hellip;]<\/p>\n","protected":false},"author":60,"featured_media":102650,"comment_status":"closed","ping_status":"closed","sticky":false,"template":"","format":"standard","meta":{"_acf_changed":false,"footnotes":""},"categories":[1826,1738,1752],"tags":[],"post_sectags":[],"post_format":[2486],"class_list":["post-102862","post","type-post","status-publish","format-standard","has-post-thumbnail","hentry","category-la-nostra-scelta","category-notizie","category-societa","format-servizio"],"acf":[],"yoast_head":"<!-- This site is optimized with the Yoast SEO Premium plugin v27.5 (Yoast SEO v27.5) - https:\/\/yoast.com\/product\/yoast-seo-premium-wordpress\/ -->\n<title>Autobus gratuiti, trattamento dei rifiuti, alloggi... Notizie dall&#039;ultima sessione del Consiglio Nazionale<\/title>\n<meta name=\"description\" content=\"La riunione del Consiglio Nazionale del 6 dicembre, la prima delle quattro dedicate alla revisione del bilancio 2022, ha affrontato diverse tematiche. La\" \/>\n<meta name=\"robots\" content=\"index, follow, max-snippet:-1, max-image-preview:large, max-video-preview:-1\" \/>\n<link rel=\"canonical\" href=\"https:\/\/www.monaco-tribune.com\/it\/2021\/12\/autobus-gratuiti-trattamento-dei-rifiuti-alloggi-notizie-dallultima-sessione-del-consiglio-nazionale\/\" \/>\n<meta property=\"og:locale\" content=\"it_IT\" \/>\n<meta property=\"og:type\" content=\"article\" \/>\n<meta property=\"og:title\" content=\"Autobus gratuiti, trattamento dei rifiuti, alloggi... Notizie dall&#039;ultima sessione del Consiglio Nazionale - Monaco Tribune\" \/>\n<meta property=\"og:description\" content=\"La riunione del Consiglio Nazionale del 6 dicembre, la prima delle quattro dedicate alla revisione del bilancio 2022, ha affrontato diverse tematiche. La\" \/>\n<meta property=\"og:url\" content=\"https:\/\/www.monaco-tribune.com\/it\/2021\/12\/autobus-gratuiti-trattamento-dei-rifiuti-alloggi-notizie-dallultima-sessione-del-consiglio-nazionale\/\" \/>\n<meta property=\"og:site_name\" content=\"Monaco Tribune\" \/>\n<meta property=\"article:publisher\" content=\"https:\/\/www.facebook.com\/MonacoTribune\" \/>\n<meta property=\"article:published_time\" content=\"2021-12-10T16:57:00+00:00\" \/>\n<meta property=\"article:modified_time\" content=\"2022-01-22T17:05:33+00:00\" \/>\n<meta property=\"og:image\" content=\"https:\/\/www.monaco-tribune.com\/wp-content\/uploads\/2021\/12\/valeri-ste\u0301phane-se\u0301ance-budge\u0301taire-6-de\u0301cembre-2021-2.jpg\" \/>\n\t<meta property=\"og:image:width\" content=\"1200\" \/>\n\t<meta property=\"og:image:height\" content=\"800\" \/>\n\t<meta property=\"og:image:type\" content=\"image\/jpeg\" \/>\n<meta name=\"author\" content=\"Camille Esteve\" \/>\n<meta name=\"twitter:card\" content=\"summary_large_image\" \/>\n<meta name=\"twitter:creator\" content=\"@MonacoTribune\" \/>\n<meta name=\"twitter:site\" content=\"@MonacoTribune\" \/>\n<script type=\"application\/ld+json\" class=\"yoast-schema-graph\">{\"@context\":\"https:\\\/\\\/schema.org\",\"@graph\":[{\"@type\":\"NewsArticle\",\"@id\":\"https:\\\/\\\/www.monaco-tribune.com\\\/it\\\/2021\\\/12\\\/autobus-gratuiti-trattamento-dei-rifiuti-alloggi-notizie-dallultima-sessione-del-consiglio-nazionale\\\/#article\",\"isPartOf\":{\"@id\":\"https:\\\/\\\/www.monaco-tribune.com\\\/it\\\/2021\\\/12\\\/autobus-gratuiti-trattamento-dei-rifiuti-alloggi-notizie-dallultima-sessione-del-consiglio-nazionale\\\/\"},\"author\":{\"name\":\"Camille Esteve\",\"@id\":\"https:\\\/\\\/www.monaco-tribune.com\\\/it\\\/#\\\/schema\\\/person\\\/a855d420fff4d03637641d60b93ac62e\"},\"headline\":\"Autobus gratuiti, trattamento dei rifiuti, alloggi&#8230; Notizie dall&#8217;ultima sessione del Consiglio Nazionale\",\"datePublished\":\"2021-12-10T16:57:00+00:00\",\"dateModified\":\"2022-01-22T17:05:33+00:00\",\"mainEntityOfPage\":{\"@id\":\"https:\\\/\\\/www.monaco-tribune.com\\\/it\\\/2021\\\/12\\\/autobus-gratuiti-trattamento-dei-rifiuti-alloggi-notizie-dallultima-sessione-del-consiglio-nazionale\\\/\"},\"wordCount\":244,\"publisher\":{\"@id\":\"https:\\\/\\\/www.monaco-tribune.com\\\/it\\\/#organization\"},\"image\":{\"@id\":\"https:\\\/\\\/www.monaco-tribune.com\\\/it\\\/2021\\\/12\\\/autobus-gratuiti-trattamento-dei-rifiuti-alloggi-notizie-dallultima-sessione-del-consiglio-nazionale\\\/#primaryimage\"},\"thumbnailUrl\":\"https:\\\/\\\/www.monaco-tribune.com\\\/wp-content\\\/uploads\\\/2021\\\/12\\\/valeri-ste\u0301phane-se\u0301ance-budge\u0301taire-6-de\u0301cembre-2021-2.jpg\",\"articleSection\":[\"La nostra scelta\",\"Notizie\",\"Societ\u00e0\"],\"inLanguage\":\"it-IT\",\"copyrightYear\":\"2021\",\"copyrightHolder\":{\"@id\":\"https:\\\/\\\/www.monaco-tribune.com\\\/#organization\"}},{\"@type\":\"WebPage\",\"@id\":\"https:\\\/\\\/www.monaco-tribune.com\\\/it\\\/2021\\\/12\\\/autobus-gratuiti-trattamento-dei-rifiuti-alloggi-notizie-dallultima-sessione-del-consiglio-nazionale\\\/\",\"url\":\"https:\\\/\\\/www.monaco-tribune.com\\\/it\\\/2021\\\/12\\\/autobus-gratuiti-trattamento-dei-rifiuti-alloggi-notizie-dallultima-sessione-del-consiglio-nazionale\\\/\",\"name\":\"Autobus gratuiti, trattamento dei rifiuti, alloggi... Notizie dall'ultima sessione del Consiglio Nazionale\",\"isPartOf\":{\"@id\":\"https:\\\/\\\/www.monaco-tribune.com\\\/it\\\/#website\"},\"primaryImageOfPage\":{\"@id\":\"https:\\\/\\\/www.monaco-tribune.com\\\/it\\\/2021\\\/12\\\/autobus-gratuiti-trattamento-dei-rifiuti-alloggi-notizie-dallultima-sessione-del-consiglio-nazionale\\\/#primaryimage\"},\"image\":{\"@id\":\"https:\\\/\\\/www.monaco-tribune.com\\\/it\\\/2021\\\/12\\\/autobus-gratuiti-trattamento-dei-rifiuti-alloggi-notizie-dallultima-sessione-del-consiglio-nazionale\\\/#primaryimage\"},\"thumbnailUrl\":\"https:\\\/\\\/www.monaco-tribune.com\\\/wp-content\\\/uploads\\\/2021\\\/12\\\/valeri-ste\u0301phane-se\u0301ance-budge\u0301taire-6-de\u0301cembre-2021-2.jpg\",\"datePublished\":\"2021-12-10T16:57:00+00:00\",\"dateModified\":\"2022-01-22T17:05:33+00:00\",\"description\":\"La riunione del Consiglio Nazionale del 6 dicembre, la prima delle quattro dedicate alla revisione del bilancio 2022, ha affrontato diverse tematiche. La\",\"breadcrumb\":{\"@id\":\"https:\\\/\\\/www.monaco-tribune.com\\\/it\\\/2021\\\/12\\\/autobus-gratuiti-trattamento-dei-rifiuti-alloggi-notizie-dallultima-sessione-del-consiglio-nazionale\\\/#breadcrumb\"},\"inLanguage\":\"it-IT\",\"potentialAction\":[{\"@type\":\"ReadAction\",\"target\":[\"https:\\\/\\\/www.monaco-tribune.com\\\/it\\\/2021\\\/12\\\/autobus-gratuiti-trattamento-dei-rifiuti-alloggi-notizie-dallultima-sessione-del-consiglio-nazionale\\\/\"]}]},{\"@type\":\"ImageObject\",\"inLanguage\":\"it-IT\",\"@id\":\"https:\\\/\\\/www.monaco-tribune.com\\\/it\\\/2021\\\/12\\\/autobus-gratuiti-trattamento-dei-rifiuti-alloggi-notizie-dallultima-sessione-del-consiglio-nazionale\\\/#primaryimage\",\"url\":\"https:\\\/\\\/www.monaco-tribune.com\\\/wp-content\\\/uploads\\\/2021\\\/12\\\/valeri-ste\u0301phane-se\u0301ance-budge\u0301taire-6-de\u0301cembre-2021-2.jpg\",\"contentUrl\":\"https:\\\/\\\/www.monaco-tribune.com\\\/wp-content\\\/uploads\\\/2021\\\/12\\\/valeri-ste\u0301phane-se\u0301ance-budge\u0301taire-6-de\u0301cembre-2021-2.jpg\",\"width\":1200,\"height\":800,\"caption\":\"Consiglio nazionale di Monaco\"},{\"@type\":\"BreadcrumbList\",\"@id\":\"https:\\\/\\\/www.monaco-tribune.com\\\/it\\\/2021\\\/12\\\/autobus-gratuiti-trattamento-dei-rifiuti-alloggi-notizie-dallultima-sessione-del-consiglio-nazionale\\\/#breadcrumb\",\"itemListElement\":[{\"@type\":\"ListItem\",\"position\":1,\"name\":\"Accueil\",\"item\":\"https:\\\/\\\/www.monaco-tribune.com\\\/it\\\/\"},{\"@type\":\"ListItem\",\"position\":2,\"name\":\"Autobus gratuiti, trattamento dei rifiuti, alloggi&#8230; Notizie dall&rsquo;ultima sessione del Consiglio Nazionale\"}]},{\"@type\":\"WebSite\",\"@id\":\"https:\\\/\\\/www.monaco-tribune.com\\\/it\\\/#website\",\"url\":\"https:\\\/\\\/www.monaco-tribune.com\\\/it\\\/\",\"name\":\"Monaco Tribune\",\"description\":\"Monaco : actualit\u00e9s \u00e9conomiques, politiques, culturelles et sportives de Monaco et de la French Riviera.\",\"publisher\":{\"@id\":\"https:\\\/\\\/www.monaco-tribune.com\\\/it\\\/#organization\"},\"potentialAction\":[{\"@type\":\"SearchAction\",\"target\":{\"@type\":\"EntryPoint\",\"urlTemplate\":\"https:\\\/\\\/www.monaco-tribune.com\\\/it\\\/?s={search_term_string}\"},\"query-input\":{\"@type\":\"PropertyValueSpecification\",\"valueRequired\":true,\"valueName\":\"search_term_string\"}}],\"inLanguage\":\"it-IT\"},{\"@type\":\"Organization\",\"@id\":\"https:\\\/\\\/www.monaco-tribune.com\\\/it\\\/#organization\",\"name\":\"Monaco Tribune\",\"url\":\"https:\\\/\\\/www.monaco-tribune.com\\\/it\\\/\",\"logo\":{\"@type\":\"ImageObject\",\"inLanguage\":\"it-IT\",\"@id\":\"https:\\\/\\\/www.monaco-tribune.com\\\/it\\\/#\\\/schema\\\/logo\\\/image\\\/\",\"url\":\"https:\\\/\\\/www.monaco-tribune.com\\\/wp-content\\\/uploads\\\/2022\\\/11\\\/logo-monaco-tribune.png\",\"contentUrl\":\"https:\\\/\\\/www.monaco-tribune.com\\\/wp-content\\\/uploads\\\/2022\\\/11\\\/logo-monaco-tribune.png\",\"width\":1548,\"height\":600,\"caption\":\"Monaco Tribune\"},\"image\":{\"@id\":\"https:\\\/\\\/www.monaco-tribune.com\\\/it\\\/#\\\/schema\\\/logo\\\/image\\\/\"},\"sameAs\":[\"https:\\\/\\\/www.facebook.com\\\/MonacoTribune\",\"https:\\\/\\\/x.com\\\/MonacoTribune\",\"https:\\\/\\\/www.instagram.com\\\/monacotribune\\\/\",\"https:\\\/\\\/www.linkedin.com\\\/company\\\/monaco-tribune\",\"https:\\\/\\\/www.youtube.com\\\/channel\\\/UCHle1MnG6hw1y4lWKijVbMA\"]},{\"@type\":\"Person\",\"@id\":\"https:\\\/\\\/www.monaco-tribune.com\\\/it\\\/#\\\/schema\\\/person\\\/a855d420fff4d03637641d60b93ac62e\",\"name\":\"Camille Esteve\",\"image\":{\"@type\":\"ImageObject\",\"inLanguage\":\"it-IT\",\"@id\":\"https:\\\/\\\/secure.gravatar.com\\\/avatar\\\/eaaa2355a7bb56c0018a391c20a55bf9b4690e3f493231dd850e612bfa6ce161?s=96&d=mm&r=g\",\"url\":\"https:\\\/\\\/secure.gravatar.com\\\/avatar\\\/eaaa2355a7bb56c0018a391c20a55bf9b4690e3f493231dd850e612bfa6ce161?s=96&d=mm&r=g\",\"contentUrl\":\"https:\\\/\\\/secure.gravatar.com\\\/avatar\\\/eaaa2355a7bb56c0018a391c20a55bf9b4690e3f493231dd850e612bfa6ce161?s=96&d=mm&r=g\",\"caption\":\"Camille Esteve\"},\"url\":\"https:\\\/\\\/www.monaco-tribune.com\\\/it\\\/author\\\/camilleesteve\\\/\"}]}<\/script>\n<!-- \/ Yoast SEO Premium plugin. -->","yoast_head_json":{"title":"Autobus gratuiti, trattamento dei rifiuti, alloggi... Notizie dall'ultima sessione del Consiglio Nazionale","description":"La riunione del Consiglio Nazionale del 6 dicembre, la prima delle quattro dedicate alla revisione del bilancio 2022, ha affrontato diverse tematiche. La","robots":{"index":"index","follow":"follow","max-snippet":"max-snippet:-1","max-image-preview":"max-image-preview:large","max-video-preview":"max-video-preview:-1"},"canonical":"https:\/\/www.monaco-tribune.com\/it\/2021\/12\/autobus-gratuiti-trattamento-dei-rifiuti-alloggi-notizie-dallultima-sessione-del-consiglio-nazionale\/","og_locale":"it_IT","og_type":"article","og_title":"Autobus gratuiti, trattamento dei rifiuti, alloggi... Notizie dall'ultima sessione del Consiglio Nazionale - Monaco Tribune","og_description":"La riunione del Consiglio Nazionale del 6 dicembre, la prima delle quattro dedicate alla revisione del bilancio 2022, ha affrontato diverse tematiche. La","og_url":"https:\/\/www.monaco-tribune.com\/it\/2021\/12\/autobus-gratuiti-trattamento-dei-rifiuti-alloggi-notizie-dallultima-sessione-del-consiglio-nazionale\/","og_site_name":"Monaco Tribune","article_publisher":"https:\/\/www.facebook.com\/MonacoTribune","article_published_time":"2021-12-10T16:57:00+00:00","article_modified_time":"2022-01-22T17:05:33+00:00","og_image":[{"width":1200,"height":800,"url":"https:\/\/www.monaco-tribune.com\/wp-content\/uploads\/2021\/12\/valeri-ste\u0301phane-se\u0301ance-budge\u0301taire-6-de\u0301cembre-2021-2.jpg","type":"image\/jpeg"}],"author":"Camille Esteve","twitter_card":"summary_large_image","twitter_creator":"@MonacoTribune","twitter_site":"@MonacoTribune","schema":{"@context":"https:\/\/schema.org","@graph":[{"@type":"NewsArticle","@id":"https:\/\/www.monaco-tribune.com\/it\/2021\/12\/autobus-gratuiti-trattamento-dei-rifiuti-alloggi-notizie-dallultima-sessione-del-consiglio-nazionale\/#article","isPartOf":{"@id":"https:\/\/www.monaco-tribune.com\/it\/2021\/12\/autobus-gratuiti-trattamento-dei-rifiuti-alloggi-notizie-dallultima-sessione-del-consiglio-nazionale\/"},"author":{"name":"Camille Esteve","@id":"https:\/\/www.monaco-tribune.com\/it\/#\/schema\/person\/a855d420fff4d03637641d60b93ac62e"},"headline":"Autobus gratuiti, trattamento dei rifiuti, alloggi&#8230; Notizie dall&#8217;ultima sessione del Consiglio Nazionale","datePublished":"2021-12-10T16:57:00+00:00","dateModified":"2022-01-22T17:05:33+00:00","mainEntityOfPage":{"@id":"https:\/\/www.monaco-tribune.com\/it\/2021\/12\/autobus-gratuiti-trattamento-dei-rifiuti-alloggi-notizie-dallultima-sessione-del-consiglio-nazionale\/"},"wordCount":244,"publisher":{"@id":"https:\/\/www.monaco-tribune.com\/it\/#organization"},"image":{"@id":"https:\/\/www.monaco-tribune.com\/it\/2021\/12\/autobus-gratuiti-trattamento-dei-rifiuti-alloggi-notizie-dallultima-sessione-del-consiglio-nazionale\/#primaryimage"},"thumbnailUrl":"https:\/\/www.monaco-tribune.com\/wp-content\/uploads\/2021\/12\/valeri-ste\u0301phane-se\u0301ance-budge\u0301taire-6-de\u0301cembre-2021-2.jpg","articleSection":["La nostra scelta","Notizie","Societ\u00e0"],"inLanguage":"it-IT","copyrightYear":"2021","copyrightHolder":{"@id":"https:\/\/www.monaco-tribune.com\/#organization"}},{"@type":"WebPage","@id":"https:\/\/www.monaco-tribune.com\/it\/2021\/12\/autobus-gratuiti-trattamento-dei-rifiuti-alloggi-notizie-dallultima-sessione-del-consiglio-nazionale\/","url":"https:\/\/www.monaco-tribune.com\/it\/2021\/12\/autobus-gratuiti-trattamento-dei-rifiuti-alloggi-notizie-dallultima-sessione-del-consiglio-nazionale\/","name":"Autobus gratuiti, trattamento dei rifiuti, alloggi... Notizie dall'ultima sessione del Consiglio Nazionale","isPartOf":{"@id":"https:\/\/www.monaco-tribune.com\/it\/#website"},"primaryImageOfPage":{"@id":"https:\/\/www.monaco-tribune.com\/it\/2021\/12\/autobus-gratuiti-trattamento-dei-rifiuti-alloggi-notizie-dallultima-sessione-del-consiglio-nazionale\/#primaryimage"},"image":{"@id":"https:\/\/www.monaco-tribune.com\/it\/2021\/12\/autobus-gratuiti-trattamento-dei-rifiuti-alloggi-notizie-dallultima-sessione-del-consiglio-nazionale\/#primaryimage"},"thumbnailUrl":"https:\/\/www.monaco-tribune.com\/wp-content\/uploads\/2021\/12\/valeri-ste\u0301phane-se\u0301ance-budge\u0301taire-6-de\u0301cembre-2021-2.jpg","datePublished":"2021-12-10T16:57:00+00:00","dateModified":"2022-01-22T17:05:33+00:00","description":"La riunione del Consiglio Nazionale del 6 dicembre, la prima delle quattro dedicate alla revisione del bilancio 2022, ha affrontato diverse tematiche. La","breadcrumb":{"@id":"https:\/\/www.monaco-tribune.com\/it\/2021\/12\/autobus-gratuiti-trattamento-dei-rifiuti-alloggi-notizie-dallultima-sessione-del-consiglio-nazionale\/#breadcrumb"},"inLanguage":"it-IT","potentialAction":[{"@type":"ReadAction","target":["https:\/\/www.monaco-tribune.com\/it\/2021\/12\/autobus-gratuiti-trattamento-dei-rifiuti-alloggi-notizie-dallultima-sessione-del-consiglio-nazionale\/"]}]},{"@type":"ImageObject","inLanguage":"it-IT","@id":"https:\/\/www.monaco-tribune.com\/it\/2021\/12\/autobus-gratuiti-trattamento-dei-rifiuti-alloggi-notizie-dallultima-sessione-del-consiglio-nazionale\/#primaryimage","url":"https:\/\/www.monaco-tribune.com\/wp-content\/uploads\/2021\/12\/valeri-ste\u0301phane-se\u0301ance-budge\u0301taire-6-de\u0301cembre-2021-2.jpg","contentUrl":"https:\/\/www.monaco-tribune.com\/wp-content\/uploads\/2021\/12\/valeri-ste\u0301phane-se\u0301ance-budge\u0301taire-6-de\u0301cembre-2021-2.jpg","width":1200,"height":800,"caption":"Consiglio nazionale di Monaco"},{"@type":"BreadcrumbList","@id":"https:\/\/www.monaco-tribune.com\/it\/2021\/12\/autobus-gratuiti-trattamento-dei-rifiuti-alloggi-notizie-dallultima-sessione-del-consiglio-nazionale\/#breadcrumb","itemListElement":[{"@type":"ListItem","position":1,"name":"Accueil","item":"https:\/\/www.monaco-tribune.com\/it\/"},{"@type":"ListItem","position":2,"name":"Autobus gratuiti, trattamento dei rifiuti, alloggi&#8230; Notizie dall&rsquo;ultima sessione del Consiglio Nazionale"}]},{"@type":"WebSite","@id":"https:\/\/www.monaco-tribune.com\/it\/#website","url":"https:\/\/www.monaco-tribune.com\/it\/","name":"Monaco Tribune","description":"Monaco : actualit\u00e9s \u00e9conomiques, politiques, culturelles et sportives de Monaco et de la French Riviera.","publisher":{"@id":"https:\/\/www.monaco-tribune.com\/it\/#organization"},"potentialAction":[{"@type":"SearchAction","target":{"@type":"EntryPoint","urlTemplate":"https:\/\/www.monaco-tribune.com\/it\/?s={search_term_string}"},"query-input":{"@type":"PropertyValueSpecification","valueRequired":true,"valueName":"search_term_string"}}],"inLanguage":"it-IT"},{"@type":"Organization","@id":"https:\/\/www.monaco-tribune.com\/it\/#organization","name":"Monaco Tribune","url":"https:\/\/www.monaco-tribune.com\/it\/","logo":{"@type":"ImageObject","inLanguage":"it-IT","@id":"https:\/\/www.monaco-tribune.com\/it\/#\/schema\/logo\/image\/","url":"https:\/\/www.monaco-tribune.com\/wp-content\/uploads\/2022\/11\/logo-monaco-tribune.png","contentUrl":"https:\/\/www.monaco-tribune.com\/wp-content\/uploads\/2022\/11\/logo-monaco-tribune.png","width":1548,"height":600,"caption":"Monaco Tribune"},"image":{"@id":"https:\/\/www.monaco-tribune.com\/it\/#\/schema\/logo\/image\/"},"sameAs":["https:\/\/www.facebook.com\/MonacoTribune","https:\/\/x.com\/MonacoTribune","https:\/\/www.instagram.com\/monacotribune\/","https:\/\/www.linkedin.com\/company\/monaco-tribune","https:\/\/www.youtube.com\/channel\/UCHle1MnG6hw1y4lWKijVbMA"]},{"@type":"Person","@id":"https:\/\/www.monaco-tribune.com\/it\/#\/schema\/person\/a855d420fff4d03637641d60b93ac62e","name":"Camille Esteve","image":{"@type":"ImageObject","inLanguage":"it-IT","@id":"https:\/\/secure.gravatar.com\/avatar\/eaaa2355a7bb56c0018a391c20a55bf9b4690e3f493231dd850e612bfa6ce161?s=96&d=mm&r=g","url":"https:\/\/secure.gravatar.com\/avatar\/eaaa2355a7bb56c0018a391c20a55bf9b4690e3f493231dd850e612bfa6ce161?s=96&d=mm&r=g","contentUrl":"https:\/\/secure.gravatar.com\/avatar\/eaaa2355a7bb56c0018a391c20a55bf9b4690e3f493231dd850e612bfa6ce161?s=96&d=mm&r=g","caption":"Camille Esteve"},"url":"https:\/\/www.monaco-tribune.com\/it\/author\/camilleesteve\/"}]}},"_links":{"self":[{"href":"https:\/\/www.monaco-tribune.com\/it\/wp-json\/wp\/v2\/posts\/102862","targetHints":{"allow":["GET"]}}],"collection":[{"href":"https:\/\/www.monaco-tribune.com\/it\/wp-json\/wp\/v2\/posts"}],"about":[{"href":"https:\/\/www.monaco-tribune.com\/it\/wp-json\/wp\/v2\/types\/post"}],"author":[{"embeddable":true,"href":"https:\/\/www.monaco-tribune.com\/it\/wp-json\/wp\/v2\/users\/60"}],"replies":[{"embeddable":true,"href":"https:\/\/www.monaco-tribune.com\/it\/wp-json\/wp\/v2\/comments?post=102862"}],"version-history":[{"count":0,"href":"https:\/\/www.monaco-tribune.com\/it\/wp-json\/wp\/v2\/posts\/102862\/revisions"}],"wp:featuredmedia":[{"embeddable":true,"href":"https:\/\/www.monaco-tribune.com\/it\/wp-json\/wp\/v2\/media\/102650"}],"wp:attachment":[{"href":"https:\/\/www.monaco-tribune.com\/it\/wp-json\/wp\/v2\/media?parent=102862"}],"wp:term":[{"taxonomy":"category","embeddable":true,"href":"https:\/\/www.monaco-tribune.com\/it\/wp-json\/wp\/v2\/categories?post=102862"},{"taxonomy":"post_tag","embeddable":true,"href":"https:\/\/www.monaco-tribune.com\/it\/wp-json\/wp\/v2\/tags?post=102862"},{"taxonomy":"sectag","embeddable":true,"href":"https:\/\/www.monaco-tribune.com\/it\/wp-json\/wp\/v2\/post_sectags?post=102862"},{"taxonomy":"format","embeddable":true,"href":"https:\/\/www.monaco-tribune.com\/it\/wp-json\/wp\/v2\/post_format?post=102862"}],"curies":[{"name":"wp","href":"https:\/\/api.w.org\/{rel}","templated":true}]}}