{"id":102948,"date":"2021-12-13T10:30:29","date_gmt":"2021-12-13T09:30:29","guid":{"rendered":"https:\/\/www.monaco-tribune.com\/2021\/12\/monte-carlo-riviera-tv-si-unisce-ufficialmente-a-tv5-monde\/"},"modified":"2022-01-22T18:05:32","modified_gmt":"2022-01-22T17:05:32","slug":"monte-carlo-riviera-tv-si-unisce-ufficialmente-a-tv5-monde","status":"publish","type":"post","link":"https:\/\/www.monaco-tribune.com\/it\/2021\/12\/monte-carlo-riviera-tv-si-unisce-ufficialmente-a-tv5-monde\/","title":{"rendered":"Monte-Carlo Riviera TV si unisce ufficialmente a TV5 Monde"},"content":{"rendered":"\n<p><strong>Il nuovo canale televisivo pubblico, dedicato al Principato, sar\u00e0 trasmesso in 200 paesi.<\/strong><\/p>\n\n<p>\u00c8 ufficiale! Gioved\u00ec 9 dicembre, l&#8217;adesione di Monaco a TV5 \u00e8 stata formalizzata con la firma della Carta di TV5 da parte di Laurent Anselmi, Consigliere del Governo &#8211; Ministro delle relazioni Estere e della Cooperazione, alla presenza del principe Alberto II. Con questa firma, Monaco occupa ora un posto nel consiglio di amministrazione della rete televisiva, a fianco degli altri membri: Francia, Svizzera, Canada e Belgio.<\/p>\n\n<p>Con un lancio previsto per settembre 2022, il nuovo canale Monte-Carlo Riviera andr\u00e0 in onda in 200 paesi, cio\u00e8 in 404 milioni di case con un pubblico di 60 milioni di telespettatori.<\/p>\n\n<p>Anche se i programmi devono ancora essere definiti, si sa gi\u00e0 che il canale mander\u00e0 in onda un telegiornale (trasmesso una volta al giorno da TV5 Monde), oltre a diversi talk show e documentari su vari argomenti, come l&#8217;ambiente, la cultura, lo sport e il digitale, che a volte potrebbero essere trasmessi anche su TV5 Monde.<\/p>\n\n<p><strong>&gt;&gt; LEGGI ANCHE: <\/strong><a href=\"https:\/\/www.monaco-tribune.com\/it\/2021\/10\/i-3-punti-chiave-della-conferenza-sul-futuro-della-televisione-a-monaco\/\">I 3 punti chiave della conferenza sul futuro della televisione a Monaco<\/a><\/p>\n","protected":false},"excerpt":{"rendered":"<p>Il nuovo canale televisivo pubblico, dedicato al Principato, sar\u00e0 trasmesso in 200 paesi. \u00c8 ufficiale! Gioved\u00ec 9 dicembre, l&#8217;adesione di [&hellip;]<\/p>\n","protected":false},"author":60,"featured_media":84718,"comment_status":"closed","ping_status":"closed","sticky":false,"template":"","format":"standard","meta":{"_acf_changed":false,"footnotes":""},"categories":[1739,1738],"tags":[],"post_sectags":[],"post_format":[2478],"class_list":["post-102948","post","type-post","status-publish","format-standard","has-post-thumbnail","hentry","category-business-it","category-notizie","format-notizia"],"acf":[],"yoast_head":"<!-- This site is optimized with the Yoast SEO Premium plugin v26.8 (Yoast SEO v27.4) - https:\/\/yoast.com\/product\/yoast-seo-premium-wordpress\/ -->\n<title>Monte-Carlo Riviera TV si unisce ufficialmente a TV5 Monde<\/title>\n<meta name=\"description\" content=\"Il nuovo canale televisivo pubblico, dedicato al Principato, sar\u00e0 trasmesso in 200 paesi. \u00c8 ufficiale! Gioved\u00ec 9 dicembre, l&#039;adesione di Monaco a TV5 \u00e8\" \/>\n<meta name=\"robots\" content=\"index, follow, max-snippet:-1, max-image-preview:large, max-video-preview:-1\" \/>\n<link rel=\"canonical\" href=\"https:\/\/www.monaco-tribune.com\/it\/2021\/12\/monte-carlo-riviera-tv-si-unisce-ufficialmente-a-tv5-monde\/\" \/>\n<meta property=\"og:locale\" content=\"it_IT\" \/>\n<meta property=\"og:type\" content=\"article\" \/>\n<meta property=\"og:title\" content=\"Monte-Carlo Riviera TV si unisce ufficialmente a TV5 Monde - Monaco Tribune\" \/>\n<meta property=\"og:description\" content=\"Il nuovo canale televisivo pubblico, dedicato al Principato, sar\u00e0 trasmesso in 200 paesi. \u00c8 ufficiale! Gioved\u00ec 9 dicembre, l&#039;adesione di Monaco a TV5 \u00e8\" \/>\n<meta property=\"og:url\" content=\"https:\/\/www.monaco-tribune.com\/it\/2021\/12\/monte-carlo-riviera-tv-si-unisce-ufficialmente-a-tv5-monde\/\" \/>\n<meta property=\"og:site_name\" content=\"Monaco Tribune\" \/>\n<meta property=\"article:publisher\" content=\"https:\/\/www.facebook.com\/MonacoTribune\" \/>\n<meta property=\"article:published_time\" content=\"2021-12-13T09:30:29+00:00\" \/>\n<meta property=\"article:modified_time\" content=\"2022-01-22T17:05:32+00:00\" \/>\n<meta property=\"og:image\" content=\"https:\/\/www.monaco-tribune.com\/wp-content\/uploads\/2021\/06\/monaco-photo.jpg\" \/>\n\t<meta property=\"og:image:width\" content=\"1500\" \/>\n\t<meta property=\"og:image:height\" content=\"844\" \/>\n\t<meta property=\"og:image:type\" content=\"image\/jpeg\" \/>\n<meta name=\"author\" content=\"Camille Esteve\" \/>\n<meta name=\"twitter:card\" content=\"summary_large_image\" \/>\n<meta name=\"twitter:creator\" content=\"@MonacoTribune\" \/>\n<meta name=\"twitter:site\" content=\"@MonacoTribune\" \/>\n<script type=\"application\/ld+json\" class=\"yoast-schema-graph\">{\"@context\":\"https:\\\/\\\/schema.org\",\"@graph\":[{\"@type\":\"NewsArticle\",\"@id\":\"https:\\\/\\\/www.monaco-tribune.com\\\/it\\\/2021\\\/12\\\/monte-carlo-riviera-tv-si-unisce-ufficialmente-a-tv5-monde\\\/#article\",\"isPartOf\":{\"@id\":\"https:\\\/\\\/www.monaco-tribune.com\\\/it\\\/2021\\\/12\\\/monte-carlo-riviera-tv-si-unisce-ufficialmente-a-tv5-monde\\\/\"},\"author\":{\"name\":\"Camille Esteve\",\"@id\":\"https:\\\/\\\/www.monaco-tribune.com\\\/it\\\/#\\\/schema\\\/person\\\/a855d420fff4d03637641d60b93ac62e\"},\"headline\":\"Monte-Carlo Riviera TV si unisce ufficialmente a TV5 Monde\",\"datePublished\":\"2021-12-13T09:30:29+00:00\",\"dateModified\":\"2022-01-22T17:05:32+00:00\",\"mainEntityOfPage\":{\"@id\":\"https:\\\/\\\/www.monaco-tribune.com\\\/it\\\/2021\\\/12\\\/monte-carlo-riviera-tv-si-unisce-ufficialmente-a-tv5-monde\\\/\"},\"wordCount\":186,\"publisher\":{\"@id\":\"https:\\\/\\\/www.monaco-tribune.com\\\/it\\\/#organization\"},\"image\":{\"@id\":\"https:\\\/\\\/www.monaco-tribune.com\\\/it\\\/2021\\\/12\\\/monte-carlo-riviera-tv-si-unisce-ufficialmente-a-tv5-monde\\\/#primaryimage\"},\"thumbnailUrl\":\"https:\\\/\\\/www.monaco-tribune.com\\\/wp-content\\\/uploads\\\/2021\\\/06\\\/monaco-photo.jpg\",\"articleSection\":[\"Business\",\"Notizie\"],\"inLanguage\":\"it-IT\",\"copyrightYear\":\"2021\",\"copyrightHolder\":{\"@id\":\"https:\\\/\\\/www.monaco-tribune.com\\\/#organization\"}},{\"@type\":\"WebPage\",\"@id\":\"https:\\\/\\\/www.monaco-tribune.com\\\/it\\\/2021\\\/12\\\/monte-carlo-riviera-tv-si-unisce-ufficialmente-a-tv5-monde\\\/\",\"url\":\"https:\\\/\\\/www.monaco-tribune.com\\\/it\\\/2021\\\/12\\\/monte-carlo-riviera-tv-si-unisce-ufficialmente-a-tv5-monde\\\/\",\"name\":\"Monte-Carlo Riviera TV si unisce ufficialmente a TV5 Monde\",\"isPartOf\":{\"@id\":\"https:\\\/\\\/www.monaco-tribune.com\\\/it\\\/#website\"},\"primaryImageOfPage\":{\"@id\":\"https:\\\/\\\/www.monaco-tribune.com\\\/it\\\/2021\\\/12\\\/monte-carlo-riviera-tv-si-unisce-ufficialmente-a-tv5-monde\\\/#primaryimage\"},\"image\":{\"@id\":\"https:\\\/\\\/www.monaco-tribune.com\\\/it\\\/2021\\\/12\\\/monte-carlo-riviera-tv-si-unisce-ufficialmente-a-tv5-monde\\\/#primaryimage\"},\"thumbnailUrl\":\"https:\\\/\\\/www.monaco-tribune.com\\\/wp-content\\\/uploads\\\/2021\\\/06\\\/monaco-photo.jpg\",\"datePublished\":\"2021-12-13T09:30:29+00:00\",\"dateModified\":\"2022-01-22T17:05:32+00:00\",\"description\":\"Il nuovo canale televisivo pubblico, dedicato al Principato, sar\u00e0 trasmesso in 200 paesi. \u00c8 ufficiale! Gioved\u00ec 9 dicembre, l'adesione di Monaco a TV5 \u00e8\",\"breadcrumb\":{\"@id\":\"https:\\\/\\\/www.monaco-tribune.com\\\/it\\\/2021\\\/12\\\/monte-carlo-riviera-tv-si-unisce-ufficialmente-a-tv5-monde\\\/#breadcrumb\"},\"inLanguage\":\"it-IT\",\"potentialAction\":[{\"@type\":\"ReadAction\",\"target\":[\"https:\\\/\\\/www.monaco-tribune.com\\\/it\\\/2021\\\/12\\\/monte-carlo-riviera-tv-si-unisce-ufficialmente-a-tv5-monde\\\/\"]}]},{\"@type\":\"ImageObject\",\"inLanguage\":\"it-IT\",\"@id\":\"https:\\\/\\\/www.monaco-tribune.com\\\/it\\\/2021\\\/12\\\/monte-carlo-riviera-tv-si-unisce-ufficialmente-a-tv5-monde\\\/#primaryimage\",\"url\":\"https:\\\/\\\/www.monaco-tribune.com\\\/wp-content\\\/uploads\\\/2021\\\/06\\\/monaco-photo.jpg\",\"contentUrl\":\"https:\\\/\\\/www.monaco-tribune.com\\\/wp-content\\\/uploads\\\/2021\\\/06\\\/monaco-photo.jpg\",\"width\":1500,\"height\":844,\"caption\":\"Il Port Hercule a Monaco \u00a9 Aliz\u00e9e Mosconi\"},{\"@type\":\"BreadcrumbList\",\"@id\":\"https:\\\/\\\/www.monaco-tribune.com\\\/it\\\/2021\\\/12\\\/monte-carlo-riviera-tv-si-unisce-ufficialmente-a-tv5-monde\\\/#breadcrumb\",\"itemListElement\":[{\"@type\":\"ListItem\",\"position\":1,\"name\":\"Accueil\",\"item\":\"https:\\\/\\\/www.monaco-tribune.com\\\/it\\\/\"},{\"@type\":\"ListItem\",\"position\":2,\"name\":\"Monte-Carlo Riviera TV si unisce ufficialmente a TV5 Monde\"}]},{\"@type\":\"WebSite\",\"@id\":\"https:\\\/\\\/www.monaco-tribune.com\\\/it\\\/#website\",\"url\":\"https:\\\/\\\/www.monaco-tribune.com\\\/it\\\/\",\"name\":\"Monaco Tribune\",\"description\":\"Monaco : actualit\u00e9s \u00e9conomiques, politiques, culturelles et sportives de Monaco et de la French Riviera.\",\"publisher\":{\"@id\":\"https:\\\/\\\/www.monaco-tribune.com\\\/it\\\/#organization\"},\"potentialAction\":[{\"@type\":\"SearchAction\",\"target\":{\"@type\":\"EntryPoint\",\"urlTemplate\":\"https:\\\/\\\/www.monaco-tribune.com\\\/it\\\/?s={search_term_string}\"},\"query-input\":{\"@type\":\"PropertyValueSpecification\",\"valueRequired\":true,\"valueName\":\"search_term_string\"}}],\"inLanguage\":\"it-IT\"},{\"@type\":\"Organization\",\"@id\":\"https:\\\/\\\/www.monaco-tribune.com\\\/it\\\/#organization\",\"name\":\"Monaco Tribune\",\"url\":\"https:\\\/\\\/www.monaco-tribune.com\\\/it\\\/\",\"logo\":{\"@type\":\"ImageObject\",\"inLanguage\":\"it-IT\",\"@id\":\"https:\\\/\\\/www.monaco-tribune.com\\\/it\\\/#\\\/schema\\\/logo\\\/image\\\/\",\"url\":\"https:\\\/\\\/www.monaco-tribune.com\\\/wp-content\\\/uploads\\\/2022\\\/11\\\/logo-monaco-tribune.png\",\"contentUrl\":\"https:\\\/\\\/www.monaco-tribune.com\\\/wp-content\\\/uploads\\\/2022\\\/11\\\/logo-monaco-tribune.png\",\"width\":1548,\"height\":600,\"caption\":\"Monaco Tribune\"},\"image\":{\"@id\":\"https:\\\/\\\/www.monaco-tribune.com\\\/it\\\/#\\\/schema\\\/logo\\\/image\\\/\"},\"sameAs\":[\"https:\\\/\\\/www.facebook.com\\\/MonacoTribune\",\"https:\\\/\\\/x.com\\\/MonacoTribune\",\"https:\\\/\\\/www.instagram.com\\\/monacotribune\\\/\",\"https:\\\/\\\/www.linkedin.com\\\/company\\\/monaco-tribune\",\"https:\\\/\\\/www.youtube.com\\\/channel\\\/UCHle1MnG6hw1y4lWKijVbMA\"]},{\"@type\":\"Person\",\"@id\":\"https:\\\/\\\/www.monaco-tribune.com\\\/it\\\/#\\\/schema\\\/person\\\/a855d420fff4d03637641d60b93ac62e\",\"name\":\"Camille Esteve\",\"image\":{\"@type\":\"ImageObject\",\"inLanguage\":\"it-IT\",\"@id\":\"https:\\\/\\\/secure.gravatar.com\\\/avatar\\\/eaaa2355a7bb56c0018a391c20a55bf9b4690e3f493231dd850e612bfa6ce161?s=96&d=mm&r=g\",\"url\":\"https:\\\/\\\/secure.gravatar.com\\\/avatar\\\/eaaa2355a7bb56c0018a391c20a55bf9b4690e3f493231dd850e612bfa6ce161?s=96&d=mm&r=g\",\"contentUrl\":\"https:\\\/\\\/secure.gravatar.com\\\/avatar\\\/eaaa2355a7bb56c0018a391c20a55bf9b4690e3f493231dd850e612bfa6ce161?s=96&d=mm&r=g\",\"caption\":\"Camille Esteve\"},\"url\":\"https:\\\/\\\/www.monaco-tribune.com\\\/it\\\/author\\\/camilleesteve\\\/\"}]}<\/script>\n<!-- \/ Yoast SEO Premium plugin. -->","yoast_head_json":{"title":"Monte-Carlo Riviera TV si unisce ufficialmente a TV5 Monde","description":"Il nuovo canale televisivo pubblico, dedicato al Principato, sar\u00e0 trasmesso in 200 paesi. \u00c8 ufficiale! Gioved\u00ec 9 dicembre, l'adesione di Monaco a TV5 \u00e8","robots":{"index":"index","follow":"follow","max-snippet":"max-snippet:-1","max-image-preview":"max-image-preview:large","max-video-preview":"max-video-preview:-1"},"canonical":"https:\/\/www.monaco-tribune.com\/it\/2021\/12\/monte-carlo-riviera-tv-si-unisce-ufficialmente-a-tv5-monde\/","og_locale":"it_IT","og_type":"article","og_title":"Monte-Carlo Riviera TV si unisce ufficialmente a TV5 Monde - Monaco Tribune","og_description":"Il nuovo canale televisivo pubblico, dedicato al Principato, sar\u00e0 trasmesso in 200 paesi. \u00c8 ufficiale! Gioved\u00ec 9 dicembre, l'adesione di Monaco a TV5 \u00e8","og_url":"https:\/\/www.monaco-tribune.com\/it\/2021\/12\/monte-carlo-riviera-tv-si-unisce-ufficialmente-a-tv5-monde\/","og_site_name":"Monaco Tribune","article_publisher":"https:\/\/www.facebook.com\/MonacoTribune","article_published_time":"2021-12-13T09:30:29+00:00","article_modified_time":"2022-01-22T17:05:32+00:00","og_image":[{"width":1500,"height":844,"url":"https:\/\/www.monaco-tribune.com\/wp-content\/uploads\/2021\/06\/monaco-photo.jpg","type":"image\/jpeg"}],"author":"Camille Esteve","twitter_card":"summary_large_image","twitter_creator":"@MonacoTribune","twitter_site":"@MonacoTribune","schema":{"@context":"https:\/\/schema.org","@graph":[{"@type":"NewsArticle","@id":"https:\/\/www.monaco-tribune.com\/it\/2021\/12\/monte-carlo-riviera-tv-si-unisce-ufficialmente-a-tv5-monde\/#article","isPartOf":{"@id":"https:\/\/www.monaco-tribune.com\/it\/2021\/12\/monte-carlo-riviera-tv-si-unisce-ufficialmente-a-tv5-monde\/"},"author":{"name":"Camille Esteve","@id":"https:\/\/www.monaco-tribune.com\/it\/#\/schema\/person\/a855d420fff4d03637641d60b93ac62e"},"headline":"Monte-Carlo Riviera TV si unisce ufficialmente a TV5 Monde","datePublished":"2021-12-13T09:30:29+00:00","dateModified":"2022-01-22T17:05:32+00:00","mainEntityOfPage":{"@id":"https:\/\/www.monaco-tribune.com\/it\/2021\/12\/monte-carlo-riviera-tv-si-unisce-ufficialmente-a-tv5-monde\/"},"wordCount":186,"publisher":{"@id":"https:\/\/www.monaco-tribune.com\/it\/#organization"},"image":{"@id":"https:\/\/www.monaco-tribune.com\/it\/2021\/12\/monte-carlo-riviera-tv-si-unisce-ufficialmente-a-tv5-monde\/#primaryimage"},"thumbnailUrl":"https:\/\/www.monaco-tribune.com\/wp-content\/uploads\/2021\/06\/monaco-photo.jpg","articleSection":["Business","Notizie"],"inLanguage":"it-IT","copyrightYear":"2021","copyrightHolder":{"@id":"https:\/\/www.monaco-tribune.com\/#organization"}},{"@type":"WebPage","@id":"https:\/\/www.monaco-tribune.com\/it\/2021\/12\/monte-carlo-riviera-tv-si-unisce-ufficialmente-a-tv5-monde\/","url":"https:\/\/www.monaco-tribune.com\/it\/2021\/12\/monte-carlo-riviera-tv-si-unisce-ufficialmente-a-tv5-monde\/","name":"Monte-Carlo Riviera TV si unisce ufficialmente a TV5 Monde","isPartOf":{"@id":"https:\/\/www.monaco-tribune.com\/it\/#website"},"primaryImageOfPage":{"@id":"https:\/\/www.monaco-tribune.com\/it\/2021\/12\/monte-carlo-riviera-tv-si-unisce-ufficialmente-a-tv5-monde\/#primaryimage"},"image":{"@id":"https:\/\/www.monaco-tribune.com\/it\/2021\/12\/monte-carlo-riviera-tv-si-unisce-ufficialmente-a-tv5-monde\/#primaryimage"},"thumbnailUrl":"https:\/\/www.monaco-tribune.com\/wp-content\/uploads\/2021\/06\/monaco-photo.jpg","datePublished":"2021-12-13T09:30:29+00:00","dateModified":"2022-01-22T17:05:32+00:00","description":"Il nuovo canale televisivo pubblico, dedicato al Principato, sar\u00e0 trasmesso in 200 paesi. \u00c8 ufficiale! Gioved\u00ec 9 dicembre, l'adesione di Monaco a TV5 \u00e8","breadcrumb":{"@id":"https:\/\/www.monaco-tribune.com\/it\/2021\/12\/monte-carlo-riviera-tv-si-unisce-ufficialmente-a-tv5-monde\/#breadcrumb"},"inLanguage":"it-IT","potentialAction":[{"@type":"ReadAction","target":["https:\/\/www.monaco-tribune.com\/it\/2021\/12\/monte-carlo-riviera-tv-si-unisce-ufficialmente-a-tv5-monde\/"]}]},{"@type":"ImageObject","inLanguage":"it-IT","@id":"https:\/\/www.monaco-tribune.com\/it\/2021\/12\/monte-carlo-riviera-tv-si-unisce-ufficialmente-a-tv5-monde\/#primaryimage","url":"https:\/\/www.monaco-tribune.com\/wp-content\/uploads\/2021\/06\/monaco-photo.jpg","contentUrl":"https:\/\/www.monaco-tribune.com\/wp-content\/uploads\/2021\/06\/monaco-photo.jpg","width":1500,"height":844,"caption":"Il Port Hercule a Monaco \u00a9 Aliz\u00e9e Mosconi"},{"@type":"BreadcrumbList","@id":"https:\/\/www.monaco-tribune.com\/it\/2021\/12\/monte-carlo-riviera-tv-si-unisce-ufficialmente-a-tv5-monde\/#breadcrumb","itemListElement":[{"@type":"ListItem","position":1,"name":"Accueil","item":"https:\/\/www.monaco-tribune.com\/it\/"},{"@type":"ListItem","position":2,"name":"Monte-Carlo Riviera TV si unisce ufficialmente a TV5 Monde"}]},{"@type":"WebSite","@id":"https:\/\/www.monaco-tribune.com\/it\/#website","url":"https:\/\/www.monaco-tribune.com\/it\/","name":"Monaco Tribune","description":"Monaco : actualit\u00e9s \u00e9conomiques, politiques, culturelles et sportives de Monaco et de la French Riviera.","publisher":{"@id":"https:\/\/www.monaco-tribune.com\/it\/#organization"},"potentialAction":[{"@type":"SearchAction","target":{"@type":"EntryPoint","urlTemplate":"https:\/\/www.monaco-tribune.com\/it\/?s={search_term_string}"},"query-input":{"@type":"PropertyValueSpecification","valueRequired":true,"valueName":"search_term_string"}}],"inLanguage":"it-IT"},{"@type":"Organization","@id":"https:\/\/www.monaco-tribune.com\/it\/#organization","name":"Monaco Tribune","url":"https:\/\/www.monaco-tribune.com\/it\/","logo":{"@type":"ImageObject","inLanguage":"it-IT","@id":"https:\/\/www.monaco-tribune.com\/it\/#\/schema\/logo\/image\/","url":"https:\/\/www.monaco-tribune.com\/wp-content\/uploads\/2022\/11\/logo-monaco-tribune.png","contentUrl":"https:\/\/www.monaco-tribune.com\/wp-content\/uploads\/2022\/11\/logo-monaco-tribune.png","width":1548,"height":600,"caption":"Monaco Tribune"},"image":{"@id":"https:\/\/www.monaco-tribune.com\/it\/#\/schema\/logo\/image\/"},"sameAs":["https:\/\/www.facebook.com\/MonacoTribune","https:\/\/x.com\/MonacoTribune","https:\/\/www.instagram.com\/monacotribune\/","https:\/\/www.linkedin.com\/company\/monaco-tribune","https:\/\/www.youtube.com\/channel\/UCHle1MnG6hw1y4lWKijVbMA"]},{"@type":"Person","@id":"https:\/\/www.monaco-tribune.com\/it\/#\/schema\/person\/a855d420fff4d03637641d60b93ac62e","name":"Camille Esteve","image":{"@type":"ImageObject","inLanguage":"it-IT","@id":"https:\/\/secure.gravatar.com\/avatar\/eaaa2355a7bb56c0018a391c20a55bf9b4690e3f493231dd850e612bfa6ce161?s=96&d=mm&r=g","url":"https:\/\/secure.gravatar.com\/avatar\/eaaa2355a7bb56c0018a391c20a55bf9b4690e3f493231dd850e612bfa6ce161?s=96&d=mm&r=g","contentUrl":"https:\/\/secure.gravatar.com\/avatar\/eaaa2355a7bb56c0018a391c20a55bf9b4690e3f493231dd850e612bfa6ce161?s=96&d=mm&r=g","caption":"Camille Esteve"},"url":"https:\/\/www.monaco-tribune.com\/it\/author\/camilleesteve\/"}]}},"_links":{"self":[{"href":"https:\/\/www.monaco-tribune.com\/it\/wp-json\/wp\/v2\/posts\/102948","targetHints":{"allow":["GET"]}}],"collection":[{"href":"https:\/\/www.monaco-tribune.com\/it\/wp-json\/wp\/v2\/posts"}],"about":[{"href":"https:\/\/www.monaco-tribune.com\/it\/wp-json\/wp\/v2\/types\/post"}],"author":[{"embeddable":true,"href":"https:\/\/www.monaco-tribune.com\/it\/wp-json\/wp\/v2\/users\/60"}],"replies":[{"embeddable":true,"href":"https:\/\/www.monaco-tribune.com\/it\/wp-json\/wp\/v2\/comments?post=102948"}],"version-history":[{"count":0,"href":"https:\/\/www.monaco-tribune.com\/it\/wp-json\/wp\/v2\/posts\/102948\/revisions"}],"wp:featuredmedia":[{"embeddable":true,"href":"https:\/\/www.monaco-tribune.com\/it\/wp-json\/wp\/v2\/media\/84718"}],"wp:attachment":[{"href":"https:\/\/www.monaco-tribune.com\/it\/wp-json\/wp\/v2\/media?parent=102948"}],"wp:term":[{"taxonomy":"category","embeddable":true,"href":"https:\/\/www.monaco-tribune.com\/it\/wp-json\/wp\/v2\/categories?post=102948"},{"taxonomy":"post_tag","embeddable":true,"href":"https:\/\/www.monaco-tribune.com\/it\/wp-json\/wp\/v2\/tags?post=102948"},{"taxonomy":"sectag","embeddable":true,"href":"https:\/\/www.monaco-tribune.com\/it\/wp-json\/wp\/v2\/post_sectags?post=102948"},{"taxonomy":"format","embeddable":true,"href":"https:\/\/www.monaco-tribune.com\/it\/wp-json\/wp\/v2\/post_format?post=102948"}],"curies":[{"name":"wp","href":"https:\/\/api.w.org\/{rel}","templated":true}]}}