{"id":104219,"date":"2021-12-20T17:18:00","date_gmt":"2021-12-20T16:18:00","guid":{"rendered":"https:\/\/www.monaco-tribune.com\/2021\/12\/foto-le-piu-belle-decorazioni-natalizie-dei-fioristi-di-monaco\/"},"modified":"2022-01-22T18:04:22","modified_gmt":"2022-01-22T17:04:22","slug":"foto-le-piu-belle-decorazioni-natalizie-dei-fioristi-di-monaco","status":"publish","type":"post","link":"https:\/\/www.monaco-tribune.com\/it\/2021\/12\/foto-le-piu-belle-decorazioni-natalizie-dei-fioristi-di-monaco\/","title":{"rendered":"FOTO. Le pi\u00f9 belle decorazioni natalizie dei fioristi di Monaco"},"content":{"rendered":"\n<p><strong>Il team di Monaco Tribune si \u00e8 recato da cinque fioristi del Principato per scoprire il meglio degli addobbi natalizi.<\/strong><\/p>\n\n<p>Le feste sono sempre pi\u00f9 vicine e i negozianti ne approfittano per sfoggiare la loro creativit\u00e0 e abbellire i negozi. I fioristi non sono da meno: alberi a tema, animali della foresta, composizioni colorate&#8230; Una breve panoramica di cinque fioristi di Monaco che hanno reso omaggio al Natale, ognuno a modo suo.<\/p>\n\n<h2 class=\"has-text-align-center wp-block-heading\" id=\"h-marco-traverso-l-art-du-sapin-thematise\">Marco Traverso: l&#8217;arte dell&#8217;albero a tema<\/h2>\n\n<p>Quando apriamo le porte di questo negozio caldo e intimo vicino al mercato della Condamine, dove gli orsacchiotti di peluche fanno la guardia, percepiamo subito la creativit\u00e0 dell&#8217;azienda Traverso, stabilitasi nel Principato 35 anni fa. Qui, ogni albero di Natale ha un tema ben preciso. Giocattoli, &#8220;black&#8221;, natura, sirene, chakra, cani, Londra&#8230; Tutta la squadra si lascia trasportare dall&#8217;immaginazione per rendere unico ogni albero. Per le composizioni floreali:&#8221;Consigliamo fiori di stagione, misti a fiori secchi&#8221;, afferma Marco Traverso. E con l&#8217;avvicinarsi delle festivit\u00e0, i fiori pi\u00f9 gettonati sono soprattutto tulipani, ranuncoli, eucalipti, la skimmia e la rosa Ecuador, che resiste bene al clima.<\/p>\n\n<figure class=\"wp-block-gallery columns-1 is-cropped wp-block-gallery-1 is-layout-flex wp-block-gallery-is-layout-flex\"><ul class=\"blocks-gallery-grid\"><li class=\"blocks-gallery-item\"><figure><img loading=\"lazy\" decoding=\"async\" width=\"683\" height=\"1024\" src=\"https:\/\/www.monaco-tribune.com\/wp-content\/uploads\/2021\/12\/dsc_0400-2-683x1024.jpeg\" alt=\"Marco Traverso\" data-id=\"103988\" data-full-url=\"https:\/\/www.monaco-tribune.com\/wp-content\/uploads\/2021\/12\/dsc_0400-2.jpeg\" data-link=\"https:\/\/www.monaco-tribune.com\/?attachment_id=103988\" class=\"wp-image-103990\" srcset=\"https:\/\/www.monaco-tribune.com\/wp-content\/uploads\/2021\/12\/dsc_0400-2-683x1024.jpeg 683w, https:\/\/www.monaco-tribune.com\/wp-content\/uploads\/2021\/12\/dsc_0400-2-200x300.jpeg 200w, https:\/\/www.monaco-tribune.com\/wp-content\/uploads\/2021\/12\/dsc_0400-2-100x150.jpeg 100w, https:\/\/www.monaco-tribune.com\/wp-content\/uploads\/2021\/12\/dsc_0400-2-768x1152.jpeg 768w, https:\/\/www.monaco-tribune.com\/wp-content\/uploads\/2021\/12\/dsc_0400-2-1024x1536.jpeg 1024w, https:\/\/www.monaco-tribune.com\/wp-content\/uploads\/2021\/12\/dsc_0400-2-120x180.jpeg 120w, https:\/\/www.monaco-tribune.com\/wp-content\/uploads\/2021\/12\/dsc_0400-2.jpeg 1080w\" sizes=\"auto, (max-width: 683px) 100vw, 683px\" \/><\/figure><\/li><li class=\"blocks-gallery-item\"><figure><img loading=\"lazy\" decoding=\"async\" width=\"683\" height=\"1024\" src=\"https:\/\/www.monaco-tribune.com\/wp-content\/uploads\/2021\/12\/dsc_0384-1-683x1024.jpeg\" alt=\"Marco Traverso\" data-id=\"103980\" data-full-url=\"https:\/\/www.monaco-tribune.com\/wp-content\/uploads\/2021\/12\/dsc_0384-1.jpeg\" data-link=\"https:\/\/www.monaco-tribune.com\/?attachment_id=103980\" class=\"wp-image-103982\" srcset=\"https:\/\/www.monaco-tribune.com\/wp-content\/uploads\/2021\/12\/dsc_0384-1-683x1024.jpeg 683w, https:\/\/www.monaco-tribune.com\/wp-content\/uploads\/2021\/12\/dsc_0384-1-200x300.jpeg 200w, https:\/\/www.monaco-tribune.com\/wp-content\/uploads\/2021\/12\/dsc_0384-1-100x150.jpeg 100w, https:\/\/www.monaco-tribune.com\/wp-content\/uploads\/2021\/12\/dsc_0384-1-768x1152.jpeg 768w, https:\/\/www.monaco-tribune.com\/wp-content\/uploads\/2021\/12\/dsc_0384-1-1024x1536.jpeg 1024w, https:\/\/www.monaco-tribune.com\/wp-content\/uploads\/2021\/12\/dsc_0384-1-120x180.jpeg 120w, https:\/\/www.monaco-tribune.com\/wp-content\/uploads\/2021\/12\/dsc_0384-1.jpeg 1080w\" sizes=\"auto, (max-width: 683px) 100vw, 683px\" \/><\/figure><\/li><\/ul><\/figure>\n\n<h2 class=\"has-text-align-center wp-block-heading\" id=\"h-narmino-la-feerie-au-rendez-vous\">Narmino: un luogo da favola<\/h2>\n\n<p>Questo negozio in Rue Grimaldi non passa di certo inosservato. Con una vetrina ricca di decorazioni, per le feste il negozio Narmino si \u00e8 trasformato in un universo magico, interamente progettato dal direttore artistico della casa: Fredo. Volpi, cerbiatti e altri animali della foresta abitano questo luogo magico, che lascia molto spazio all&#8217;immaginazione. Charl\u00e8ne, la giovane fiorista del negozio, conferma che la tendenza di quest&#8217;anno \u00e8 il tema della natura: &#8220;Lavoriamo sugli alberi, sui rami&#8230;Quest&#8217;anno, c&#8217;\u00e8 una grande richiesta di bouquet con rami di abete e animaletti: niente pi\u00f9 lustrini o strass per esempio&#8221;.<\/p>\n\n<figure class=\"wp-block-gallery aligncenter columns-1 is-cropped wp-block-gallery-2 is-layout-flex wp-block-gallery-is-layout-flex\"><ul class=\"blocks-gallery-grid\"><li class=\"blocks-gallery-item\"><figure><img loading=\"lazy\" decoding=\"async\" width=\"1024\" height=\"683\" src=\"https:\/\/www.monaco-tribune.com\/wp-content\/uploads\/2021\/12\/dsc_0443-1024x683.jpeg\" alt=\"Narmino\" data-id=\"103998\" data-full-url=\"https:\/\/www.monaco-tribune.com\/wp-content\/uploads\/2021\/12\/dsc_0443.jpeg\" data-link=\"https:\/\/www.monaco-tribune.com\/?attachment_id=103998\" class=\"wp-image-104000\" srcset=\"https:\/\/www.monaco-tribune.com\/wp-content\/uploads\/2021\/12\/dsc_0443-1024x683.jpeg 1024w, https:\/\/www.monaco-tribune.com\/wp-content\/uploads\/2021\/12\/dsc_0443-450x300.jpeg 450w, https:\/\/www.monaco-tribune.com\/wp-content\/uploads\/2021\/12\/dsc_0443-225x150.jpeg 225w, https:\/\/www.monaco-tribune.com\/wp-content\/uploads\/2021\/12\/dsc_0443-768x512.jpeg 768w, https:\/\/www.monaco-tribune.com\/wp-content\/uploads\/2021\/12\/dsc_0443-1536x1024.jpeg 1536w, https:\/\/www.monaco-tribune.com\/wp-content\/uploads\/2021\/12\/dsc_0443-175x117.jpeg 175w, https:\/\/www.monaco-tribune.com\/wp-content\/uploads\/2021\/12\/dsc_0443.jpeg 1620w\" sizes=\"auto, (max-width: 1024px) 100vw, 1024px\" \/><\/figure><\/li><li class=\"blocks-gallery-item\"><figure><img loading=\"lazy\" decoding=\"async\" width=\"683\" height=\"1024\" src=\"https:\/\/www.monaco-tribune.com\/wp-content\/uploads\/2021\/12\/dsc_0419-1-683x1024.jpeg\" alt=\"Narmino\" data-id=\"104002\" data-full-url=\"https:\/\/www.monaco-tribune.com\/wp-content\/uploads\/2021\/12\/dsc_0419-1.jpeg\" data-link=\"https:\/\/www.monaco-tribune.com\/?attachment_id=104002\" class=\"wp-image-104004\" srcset=\"https:\/\/www.monaco-tribune.com\/wp-content\/uploads\/2021\/12\/dsc_0419-1-683x1024.jpeg 683w, https:\/\/www.monaco-tribune.com\/wp-content\/uploads\/2021\/12\/dsc_0419-1-200x300.jpeg 200w, https:\/\/www.monaco-tribune.com\/wp-content\/uploads\/2021\/12\/dsc_0419-1-100x150.jpeg 100w, https:\/\/www.monaco-tribune.com\/wp-content\/uploads\/2021\/12\/dsc_0419-1-768x1152.jpeg 768w, https:\/\/www.monaco-tribune.com\/wp-content\/uploads\/2021\/12\/dsc_0419-1-1024x1536.jpeg 1024w, https:\/\/www.monaco-tribune.com\/wp-content\/uploads\/2021\/12\/dsc_0419-1-120x180.jpeg 120w, https:\/\/www.monaco-tribune.com\/wp-content\/uploads\/2021\/12\/dsc_0419-1.jpeg 1080w\" sizes=\"auto, (max-width: 683px) 100vw, 683px\" \/><\/figure><\/li><\/ul><\/figure>\n\n<h2 class=\"has-text-align-center wp-block-heading\" id=\"h-stan-fleurs-sobriete-et-elegance\">Stan Fleurs: sobriet\u00e0 ed eleganza<\/h2>\n\n<p>Per queste feste, il negozio Stan Fleurs ha trovato un posto a Place du Casino. Combinando decorazioni semplici ma eleganti, molto richieste per le vetrine dei negozi, per addobbare le porte o come centrotavola, Stan Fleurs lavora anche con fiori di stagione. Amelia, la fiorista, ci d\u00e0 qualche dettaglio in pi\u00f9: &#8220;Lavoriamo molto con anemoni, ranuncoli, amaryllis, ma anche con la poinsettia, ovvero la stella di Natale, o la meno conosciuta rosa di Natale, una pianta da giardino di grande successo e molto resistente&#8221;.<\/p>\n\n<figure class=\"wp-block-gallery columns-1 is-cropped wp-block-gallery-3 is-layout-flex wp-block-gallery-is-layout-flex\"><ul class=\"blocks-gallery-grid\"><li class=\"blocks-gallery-item\"><figure><img loading=\"lazy\" decoding=\"async\" width=\"1024\" height=\"683\" src=\"https:\/\/www.monaco-tribune.com\/wp-content\/uploads\/2021\/12\/dsc_0444-1024x683.jpeg\" alt=\"stan fleurs\" data-id=\"104006\" data-full-url=\"https:\/\/www.monaco-tribune.com\/wp-content\/uploads\/2021\/12\/dsc_0444.jpeg\" data-link=\"https:\/\/www.monaco-tribune.com\/?attachment_id=104006\" class=\"wp-image-104008\" srcset=\"https:\/\/www.monaco-tribune.com\/wp-content\/uploads\/2021\/12\/dsc_0444-1024x683.jpeg 1024w, https:\/\/www.monaco-tribune.com\/wp-content\/uploads\/2021\/12\/dsc_0444-450x300.jpeg 450w, https:\/\/www.monaco-tribune.com\/wp-content\/uploads\/2021\/12\/dsc_0444-225x150.jpeg 225w, https:\/\/www.monaco-tribune.com\/wp-content\/uploads\/2021\/12\/dsc_0444-768x512.jpeg 768w, https:\/\/www.monaco-tribune.com\/wp-content\/uploads\/2021\/12\/dsc_0444-1536x1024.jpeg 1536w, https:\/\/www.monaco-tribune.com\/wp-content\/uploads\/2021\/12\/dsc_0444-175x117.jpeg 175w, https:\/\/www.monaco-tribune.com\/wp-content\/uploads\/2021\/12\/dsc_0444.jpeg 1620w\" sizes=\"auto, (max-width: 1024px) 100vw, 1024px\" \/><\/figure><\/li><li class=\"blocks-gallery-item\"><figure><img loading=\"lazy\" decoding=\"async\" width=\"1024\" height=\"683\" src=\"https:\/\/www.monaco-tribune.com\/wp-content\/uploads\/2021\/12\/dsc_0451-1024x683.jpeg\" alt=\"stan fleurs\" data-id=\"104010\" data-full-url=\"https:\/\/www.monaco-tribune.com\/wp-content\/uploads\/2021\/12\/dsc_0451.jpeg\" data-link=\"https:\/\/www.monaco-tribune.com\/?attachment_id=104010\" class=\"wp-image-104012\" srcset=\"https:\/\/www.monaco-tribune.com\/wp-content\/uploads\/2021\/12\/dsc_0451-1024x683.jpeg 1024w, https:\/\/www.monaco-tribune.com\/wp-content\/uploads\/2021\/12\/dsc_0451-450x300.jpeg 450w, https:\/\/www.monaco-tribune.com\/wp-content\/uploads\/2021\/12\/dsc_0451-225x150.jpeg 225w, https:\/\/www.monaco-tribune.com\/wp-content\/uploads\/2021\/12\/dsc_0451-768x512.jpeg 768w, https:\/\/www.monaco-tribune.com\/wp-content\/uploads\/2021\/12\/dsc_0451-1536x1024.jpeg 1536w, https:\/\/www.monaco-tribune.com\/wp-content\/uploads\/2021\/12\/dsc_0451-175x117.jpeg 175w, https:\/\/www.monaco-tribune.com\/wp-content\/uploads\/2021\/12\/dsc_0451.jpeg 1620w\" sizes=\"auto, (max-width: 1024px) 100vw, 1024px\" \/><\/figure><\/li><\/ul><\/figure>\n\n<h2 class=\"has-text-align-center wp-block-heading\" id=\"h-gastaldi-fleurs-la-tradition-avant-tout\">Gastaldi Fleurs: la tradizione prima di tutto<\/h2>\n\n<p>Niente paura per gli amanti della tradizione, da Gastaldi Fluers, sul Boulevard des Moulins, il rosso, il verde e l&#8217;oro sono i protagonisti. Con il suo esercito di Babbo Natale e schiaccianoci, il negozio soddisfa i gusti dei clienti pi\u00f9 classici. La fiorista conferma: &#8220;ci chiedono soprattutto rosso e oro, paillette, alberi di Natale ricostruiti, ghirlande, stelle di Natale&#8230; Per quanto riguarda le composizioni, le richieste vanno pi\u00f9 su rami, amaryllis e foglie oro e argento&#8230; Qualsiasi cosa che sappia di festa!&#8221;<\/p>\n\n<figure class=\"wp-block-gallery columns-1 is-cropped wp-block-gallery-4 is-layout-flex wp-block-gallery-is-layout-flex\"><ul class=\"blocks-gallery-grid\"><li class=\"blocks-gallery-item\"><figure><img decoding=\"async\" src=\"https:\/\/www.monaco-tribune.com\/wp-content\/uploads\/2021\/12\/dsc_0460-e1639759940621.jpeg\" alt=\"Gastaldi fleurs\" data-id=\"104014\" data-full-url=\"https:\/\/www.monaco-tribune.com\/wp-content\/uploads\/2021\/12\/dsc_0460-e1639759940621.jpeg\" data-link=\"https:\/\/www.monaco-tribune.com\/?attachment_id=104014\" class=\"wp-image-104016\"\/><\/figure><\/li><li class=\"blocks-gallery-item\"><figure><img loading=\"lazy\" decoding=\"async\" width=\"1024\" height=\"683\" src=\"https:\/\/www.monaco-tribune.com\/wp-content\/uploads\/2021\/12\/dsc_0466-1-1024x683.jpeg\" alt=\"Gastaldi fleurs\" data-id=\"104022\" data-full-url=\"https:\/\/www.monaco-tribune.com\/wp-content\/uploads\/2021\/12\/dsc_0466-1.jpeg\" data-link=\"https:\/\/www.monaco-tribune.com\/?attachment_id=104022\" class=\"wp-image-104024\" srcset=\"https:\/\/www.monaco-tribune.com\/wp-content\/uploads\/2021\/12\/dsc_0466-1-1024x683.jpeg 1024w, https:\/\/www.monaco-tribune.com\/wp-content\/uploads\/2021\/12\/dsc_0466-1-450x300.jpeg 450w, https:\/\/www.monaco-tribune.com\/wp-content\/uploads\/2021\/12\/dsc_0466-1-225x150.jpeg 225w, https:\/\/www.monaco-tribune.com\/wp-content\/uploads\/2021\/12\/dsc_0466-1-768x512.jpeg 768w, https:\/\/www.monaco-tribune.com\/wp-content\/uploads\/2021\/12\/dsc_0466-1-1536x1024.jpeg 1536w, https:\/\/www.monaco-tribune.com\/wp-content\/uploads\/2021\/12\/dsc_0466-1-175x117.jpeg 175w, https:\/\/www.monaco-tribune.com\/wp-content\/uploads\/2021\/12\/dsc_0466-1.jpeg 1620w\" sizes=\"auto, (max-width: 1024px) 100vw, 1024px\" \/><\/figure><\/li><\/ul><\/figure>\n\n<h2 class=\"has-text-align-center wp-block-heading\" id=\"h-fleurisia-un-noel-blanc\">Fleurisia: un bianco Natale<\/h2>\n\n<p>L&#8217;ultima tappa del nostro tour dei fioristi \u00e8 il negozio Fleurisia sul Boulevard d&#8217;Italie. Addio rosso e oro, quest&#8217;anno Miranda e il suo team puntano su una nota chiara ed elegante, il Bianco Natale. &#8220;Abbiamo creato un universo molto prezioso&#8221;, spiega il manager. &#8220;Ci diamo parecchio da fare ogni anno per creare qualcosa di magico. La vetrina, il tema, sono la nostra forza. Ma lavoriamo su richiesta e non riceviamo richieste pi\u00f9 frequenti di altre.&#8221; E se si fa attenzione, si vede subito che semplicit\u00e0 non vuol dire mancanza di dettagli, anzi. Basta guardare gli animaletti spesso presenti nelle composizioni.<\/p>\n\n<figure class=\"wp-block-gallery aligncenter columns-1 is-cropped wp-block-gallery-5 is-layout-flex wp-block-gallery-is-layout-flex\"><ul class=\"blocks-gallery-grid\"><li class=\"blocks-gallery-item\"><figure><img loading=\"lazy\" decoding=\"async\" width=\"1024\" height=\"683\" src=\"https:\/\/www.monaco-tribune.com\/wp-content\/uploads\/2021\/12\/dsc_0486-1024x683.jpeg\" alt=\"Fleurisia\" data-id=\"104026\" data-full-url=\"https:\/\/www.monaco-tribune.com\/wp-content\/uploads\/2021\/12\/dsc_0486.jpeg\" data-link=\"https:\/\/www.monaco-tribune.com\/?attachment_id=104026\" class=\"wp-image-104028\" srcset=\"https:\/\/www.monaco-tribune.com\/wp-content\/uploads\/2021\/12\/dsc_0486-1024x683.jpeg 1024w, https:\/\/www.monaco-tribune.com\/wp-content\/uploads\/2021\/12\/dsc_0486-450x300.jpeg 450w, https:\/\/www.monaco-tribune.com\/wp-content\/uploads\/2021\/12\/dsc_0486-225x150.jpeg 225w, https:\/\/www.monaco-tribune.com\/wp-content\/uploads\/2021\/12\/dsc_0486-768x512.jpeg 768w, https:\/\/www.monaco-tribune.com\/wp-content\/uploads\/2021\/12\/dsc_0486-1536x1024.jpeg 1536w, https:\/\/www.monaco-tribune.com\/wp-content\/uploads\/2021\/12\/dsc_0486-175x117.jpeg 175w, https:\/\/www.monaco-tribune.com\/wp-content\/uploads\/2021\/12\/dsc_0486.jpeg 1620w\" sizes=\"auto, (max-width: 1024px) 100vw, 1024px\" \/><\/figure><\/li><li class=\"blocks-gallery-item\"><figure><img loading=\"lazy\" decoding=\"async\" width=\"1024\" height=\"683\" src=\"https:\/\/www.monaco-tribune.com\/wp-content\/uploads\/2021\/12\/dsc_0504-1024x683.jpeg\" alt=\"Fleurisia\" data-id=\"104030\" data-full-url=\"https:\/\/www.monaco-tribune.com\/wp-content\/uploads\/2021\/12\/dsc_0504.jpeg\" data-link=\"https:\/\/www.monaco-tribune.com\/?attachment_id=104030\" class=\"wp-image-104032\" srcset=\"https:\/\/www.monaco-tribune.com\/wp-content\/uploads\/2021\/12\/dsc_0504-1024x683.jpeg 1024w, https:\/\/www.monaco-tribune.com\/wp-content\/uploads\/2021\/12\/dsc_0504-450x300.jpeg 450w, https:\/\/www.monaco-tribune.com\/wp-content\/uploads\/2021\/12\/dsc_0504-225x150.jpeg 225w, https:\/\/www.monaco-tribune.com\/wp-content\/uploads\/2021\/12\/dsc_0504-768x512.jpeg 768w, https:\/\/www.monaco-tribune.com\/wp-content\/uploads\/2021\/12\/dsc_0504-1536x1024.jpeg 1536w, https:\/\/www.monaco-tribune.com\/wp-content\/uploads\/2021\/12\/dsc_0504-175x117.jpeg 175w, https:\/\/www.monaco-tribune.com\/wp-content\/uploads\/2021\/12\/dsc_0504.jpeg 1620w\" sizes=\"auto, (max-width: 1024px) 100vw, 1024px\" \/><\/figure><\/li><\/ul><\/figure>\n\n<p>Foto \u00a9 Camille Esteve<\/p>\n","protected":false},"excerpt":{"rendered":"<p>Il team di Monaco Tribune si \u00e8 recato da cinque fioristi del Principato per scoprire il meglio degli addobbi natalizi. [&hellip;]<\/p>\n","protected":false},"author":60,"featured_media":104050,"comment_status":"closed","ping_status":"closed","sticky":false,"template":"","format":"standard","meta":{"_acf_changed":false,"footnotes":""},"categories":[1740,1826,1738],"tags":[],"post_sectags":[],"post_format":[2474],"class_list":["post-104219","post","type-post","status-publish","format-standard","has-post-thumbnail","hentry","category-cosa-fare","category-la-nostra-scelta","category-notizie","format-foto"],"acf":[],"yoast_head":"<!-- This site is optimized with the Yoast SEO Premium plugin v26.8 (Yoast SEO v27.5) - https:\/\/yoast.com\/product\/yoast-seo-premium-wordpress\/ -->\n<title>FOTO. Le pi\u00f9 belle decorazioni natalizie dei fioristi di Monaco<\/title>\n<meta name=\"description\" content=\"Il team di Monaco Tribune si \u00e8 recato da cinque fioristi del Principato per scoprire il meglio degli addobbi natalizi. Le feste sono sempre pi\u00f9 vicine e i\" \/>\n<meta name=\"robots\" content=\"index, follow, max-snippet:-1, max-image-preview:large, max-video-preview:-1\" \/>\n<link rel=\"canonical\" href=\"https:\/\/www.monaco-tribune.com\/it\/2021\/12\/foto-le-piu-belle-decorazioni-natalizie-dei-fioristi-di-monaco\/\" \/>\n<meta property=\"og:locale\" content=\"it_IT\" \/>\n<meta property=\"og:type\" content=\"article\" \/>\n<meta property=\"og:title\" content=\"FOTO. Le pi\u00f9 belle decorazioni natalizie dei fioristi di Monaco - Monaco Tribune\" \/>\n<meta property=\"og:description\" content=\"Il team di Monaco Tribune si \u00e8 recato da cinque fioristi del Principato per scoprire il meglio degli addobbi natalizi. Le feste sono sempre pi\u00f9 vicine e i\" \/>\n<meta property=\"og:url\" content=\"https:\/\/www.monaco-tribune.com\/it\/2021\/12\/foto-le-piu-belle-decorazioni-natalizie-dei-fioristi-di-monaco\/\" \/>\n<meta property=\"og:site_name\" content=\"Monaco Tribune\" \/>\n<meta property=\"article:publisher\" content=\"https:\/\/www.facebook.com\/MonacoTribune\" \/>\n<meta property=\"article:published_time\" content=\"2021-12-20T16:18:00+00:00\" \/>\n<meta property=\"article:modified_time\" content=\"2022-01-22T17:04:22+00:00\" \/>\n<meta property=\"og:image\" content=\"https:\/\/www.monaco-tribune.com\/wp-content\/uploads\/2021\/12\/dsc_0489-e1639761957348.jpeg\" \/>\n\t<meta property=\"og:image:width\" content=\"1620\" \/>\n\t<meta property=\"og:image:height\" content=\"1080\" \/>\n\t<meta property=\"og:image:type\" content=\"image\/jpeg\" \/>\n<meta name=\"author\" content=\"Camille Esteve\" \/>\n<meta name=\"twitter:card\" content=\"summary_large_image\" \/>\n<meta name=\"twitter:creator\" content=\"@MonacoTribune\" \/>\n<meta name=\"twitter:site\" content=\"@MonacoTribune\" \/>\n<script type=\"application\/ld+json\" class=\"yoast-schema-graph\">{\"@context\":\"https:\\\/\\\/schema.org\",\"@graph\":[{\"@type\":\"NewsArticle\",\"@id\":\"https:\\\/\\\/www.monaco-tribune.com\\\/it\\\/2021\\\/12\\\/foto-le-piu-belle-decorazioni-natalizie-dei-fioristi-di-monaco\\\/#article\",\"isPartOf\":{\"@id\":\"https:\\\/\\\/www.monaco-tribune.com\\\/it\\\/2021\\\/12\\\/foto-le-piu-belle-decorazioni-natalizie-dei-fioristi-di-monaco\\\/\"},\"author\":{\"name\":\"Camille Esteve\",\"@id\":\"https:\\\/\\\/www.monaco-tribune.com\\\/it\\\/#\\\/schema\\\/person\\\/a855d420fff4d03637641d60b93ac62e\"},\"headline\":\"FOTO. Le pi\u00f9 belle decorazioni natalizie dei fioristi di Monaco\",\"datePublished\":\"2021-12-20T16:18:00+00:00\",\"dateModified\":\"2022-01-22T17:04:22+00:00\",\"mainEntityOfPage\":{\"@id\":\"https:\\\/\\\/www.monaco-tribune.com\\\/it\\\/2021\\\/12\\\/foto-le-piu-belle-decorazioni-natalizie-dei-fioristi-di-monaco\\\/\"},\"wordCount\":585,\"publisher\":{\"@id\":\"https:\\\/\\\/www.monaco-tribune.com\\\/it\\\/#organization\"},\"image\":{\"@id\":\"https:\\\/\\\/www.monaco-tribune.com\\\/it\\\/2021\\\/12\\\/foto-le-piu-belle-decorazioni-natalizie-dei-fioristi-di-monaco\\\/#primaryimage\"},\"thumbnailUrl\":\"https:\\\/\\\/www.monaco-tribune.com\\\/wp-content\\\/uploads\\\/2021\\\/12\\\/dsc_0489-e1639761957348.jpeg\",\"articleSection\":[\"Cosa fare\",\"La nostra scelta\",\"Notizie\"],\"inLanguage\":\"it-IT\",\"copyrightYear\":\"2021\",\"copyrightHolder\":{\"@id\":\"https:\\\/\\\/www.monaco-tribune.com\\\/#organization\"}},{\"@type\":\"WebPage\",\"@id\":\"https:\\\/\\\/www.monaco-tribune.com\\\/it\\\/2021\\\/12\\\/foto-le-piu-belle-decorazioni-natalizie-dei-fioristi-di-monaco\\\/\",\"url\":\"https:\\\/\\\/www.monaco-tribune.com\\\/it\\\/2021\\\/12\\\/foto-le-piu-belle-decorazioni-natalizie-dei-fioristi-di-monaco\\\/\",\"name\":\"FOTO. Le pi\u00f9 belle decorazioni natalizie dei fioristi di Monaco\",\"isPartOf\":{\"@id\":\"https:\\\/\\\/www.monaco-tribune.com\\\/it\\\/#website\"},\"primaryImageOfPage\":{\"@id\":\"https:\\\/\\\/www.monaco-tribune.com\\\/it\\\/2021\\\/12\\\/foto-le-piu-belle-decorazioni-natalizie-dei-fioristi-di-monaco\\\/#primaryimage\"},\"image\":{\"@id\":\"https:\\\/\\\/www.monaco-tribune.com\\\/it\\\/2021\\\/12\\\/foto-le-piu-belle-decorazioni-natalizie-dei-fioristi-di-monaco\\\/#primaryimage\"},\"thumbnailUrl\":\"https:\\\/\\\/www.monaco-tribune.com\\\/wp-content\\\/uploads\\\/2021\\\/12\\\/dsc_0489-e1639761957348.jpeg\",\"datePublished\":\"2021-12-20T16:18:00+00:00\",\"dateModified\":\"2022-01-22T17:04:22+00:00\",\"description\":\"Il team di Monaco Tribune si \u00e8 recato da cinque fioristi del Principato per scoprire il meglio degli addobbi natalizi. Le feste sono sempre pi\u00f9 vicine e i\",\"breadcrumb\":{\"@id\":\"https:\\\/\\\/www.monaco-tribune.com\\\/it\\\/2021\\\/12\\\/foto-le-piu-belle-decorazioni-natalizie-dei-fioristi-di-monaco\\\/#breadcrumb\"},\"inLanguage\":\"it-IT\",\"potentialAction\":[{\"@type\":\"ReadAction\",\"target\":[\"https:\\\/\\\/www.monaco-tribune.com\\\/it\\\/2021\\\/12\\\/foto-le-piu-belle-decorazioni-natalizie-dei-fioristi-di-monaco\\\/\"]}]},{\"@type\":\"ImageObject\",\"inLanguage\":\"it-IT\",\"@id\":\"https:\\\/\\\/www.monaco-tribune.com\\\/it\\\/2021\\\/12\\\/foto-le-piu-belle-decorazioni-natalizie-dei-fioristi-di-monaco\\\/#primaryimage\",\"url\":\"https:\\\/\\\/www.monaco-tribune.com\\\/wp-content\\\/uploads\\\/2021\\\/12\\\/dsc_0489-e1639761957348.jpeg\",\"contentUrl\":\"https:\\\/\\\/www.monaco-tribune.com\\\/wp-content\\\/uploads\\\/2021\\\/12\\\/dsc_0489-e1639761957348.jpeg\",\"width\":1620,\"height\":1080,\"caption\":\"Camille Esteve\"},{\"@type\":\"BreadcrumbList\",\"@id\":\"https:\\\/\\\/www.monaco-tribune.com\\\/it\\\/2021\\\/12\\\/foto-le-piu-belle-decorazioni-natalizie-dei-fioristi-di-monaco\\\/#breadcrumb\",\"itemListElement\":[{\"@type\":\"ListItem\",\"position\":1,\"name\":\"Accueil\",\"item\":\"https:\\\/\\\/www.monaco-tribune.com\\\/it\\\/\"},{\"@type\":\"ListItem\",\"position\":2,\"name\":\"FOTO. Le pi\u00f9 belle decorazioni natalizie dei fioristi di Monaco\"}]},{\"@type\":\"WebSite\",\"@id\":\"https:\\\/\\\/www.monaco-tribune.com\\\/it\\\/#website\",\"url\":\"https:\\\/\\\/www.monaco-tribune.com\\\/it\\\/\",\"name\":\"Monaco Tribune\",\"description\":\"Monaco : actualit\u00e9s \u00e9conomiques, politiques, culturelles et sportives de Monaco et de la French Riviera.\",\"publisher\":{\"@id\":\"https:\\\/\\\/www.monaco-tribune.com\\\/it\\\/#organization\"},\"potentialAction\":[{\"@type\":\"SearchAction\",\"target\":{\"@type\":\"EntryPoint\",\"urlTemplate\":\"https:\\\/\\\/www.monaco-tribune.com\\\/it\\\/?s={search_term_string}\"},\"query-input\":{\"@type\":\"PropertyValueSpecification\",\"valueRequired\":true,\"valueName\":\"search_term_string\"}}],\"inLanguage\":\"it-IT\"},{\"@type\":\"Organization\",\"@id\":\"https:\\\/\\\/www.monaco-tribune.com\\\/it\\\/#organization\",\"name\":\"Monaco Tribune\",\"url\":\"https:\\\/\\\/www.monaco-tribune.com\\\/it\\\/\",\"logo\":{\"@type\":\"ImageObject\",\"inLanguage\":\"it-IT\",\"@id\":\"https:\\\/\\\/www.monaco-tribune.com\\\/it\\\/#\\\/schema\\\/logo\\\/image\\\/\",\"url\":\"https:\\\/\\\/www.monaco-tribune.com\\\/wp-content\\\/uploads\\\/2022\\\/11\\\/logo-monaco-tribune.png\",\"contentUrl\":\"https:\\\/\\\/www.monaco-tribune.com\\\/wp-content\\\/uploads\\\/2022\\\/11\\\/logo-monaco-tribune.png\",\"width\":1548,\"height\":600,\"caption\":\"Monaco Tribune\"},\"image\":{\"@id\":\"https:\\\/\\\/www.monaco-tribune.com\\\/it\\\/#\\\/schema\\\/logo\\\/image\\\/\"},\"sameAs\":[\"https:\\\/\\\/www.facebook.com\\\/MonacoTribune\",\"https:\\\/\\\/x.com\\\/MonacoTribune\",\"https:\\\/\\\/www.instagram.com\\\/monacotribune\\\/\",\"https:\\\/\\\/www.linkedin.com\\\/company\\\/monaco-tribune\",\"https:\\\/\\\/www.youtube.com\\\/channel\\\/UCHle1MnG6hw1y4lWKijVbMA\"]},{\"@type\":\"Person\",\"@id\":\"https:\\\/\\\/www.monaco-tribune.com\\\/it\\\/#\\\/schema\\\/person\\\/a855d420fff4d03637641d60b93ac62e\",\"name\":\"Camille Esteve\",\"image\":{\"@type\":\"ImageObject\",\"inLanguage\":\"it-IT\",\"@id\":\"https:\\\/\\\/secure.gravatar.com\\\/avatar\\\/eaaa2355a7bb56c0018a391c20a55bf9b4690e3f493231dd850e612bfa6ce161?s=96&d=mm&r=g\",\"url\":\"https:\\\/\\\/secure.gravatar.com\\\/avatar\\\/eaaa2355a7bb56c0018a391c20a55bf9b4690e3f493231dd850e612bfa6ce161?s=96&d=mm&r=g\",\"contentUrl\":\"https:\\\/\\\/secure.gravatar.com\\\/avatar\\\/eaaa2355a7bb56c0018a391c20a55bf9b4690e3f493231dd850e612bfa6ce161?s=96&d=mm&r=g\",\"caption\":\"Camille Esteve\"},\"url\":\"https:\\\/\\\/www.monaco-tribune.com\\\/it\\\/author\\\/camilleesteve\\\/\"}]}<\/script>\n<!-- \/ Yoast SEO Premium plugin. -->","yoast_head_json":{"title":"FOTO. Le pi\u00f9 belle decorazioni natalizie dei fioristi di Monaco","description":"Il team di Monaco Tribune si \u00e8 recato da cinque fioristi del Principato per scoprire il meglio degli addobbi natalizi. Le feste sono sempre pi\u00f9 vicine e i","robots":{"index":"index","follow":"follow","max-snippet":"max-snippet:-1","max-image-preview":"max-image-preview:large","max-video-preview":"max-video-preview:-1"},"canonical":"https:\/\/www.monaco-tribune.com\/it\/2021\/12\/foto-le-piu-belle-decorazioni-natalizie-dei-fioristi-di-monaco\/","og_locale":"it_IT","og_type":"article","og_title":"FOTO. Le pi\u00f9 belle decorazioni natalizie dei fioristi di Monaco - Monaco Tribune","og_description":"Il team di Monaco Tribune si \u00e8 recato da cinque fioristi del Principato per scoprire il meglio degli addobbi natalizi. Le feste sono sempre pi\u00f9 vicine e i","og_url":"https:\/\/www.monaco-tribune.com\/it\/2021\/12\/foto-le-piu-belle-decorazioni-natalizie-dei-fioristi-di-monaco\/","og_site_name":"Monaco Tribune","article_publisher":"https:\/\/www.facebook.com\/MonacoTribune","article_published_time":"2021-12-20T16:18:00+00:00","article_modified_time":"2022-01-22T17:04:22+00:00","og_image":[{"width":1620,"height":1080,"url":"https:\/\/www.monaco-tribune.com\/wp-content\/uploads\/2021\/12\/dsc_0489-e1639761957348.jpeg","type":"image\/jpeg"}],"author":"Camille Esteve","twitter_card":"summary_large_image","twitter_creator":"@MonacoTribune","twitter_site":"@MonacoTribune","schema":{"@context":"https:\/\/schema.org","@graph":[{"@type":"NewsArticle","@id":"https:\/\/www.monaco-tribune.com\/it\/2021\/12\/foto-le-piu-belle-decorazioni-natalizie-dei-fioristi-di-monaco\/#article","isPartOf":{"@id":"https:\/\/www.monaco-tribune.com\/it\/2021\/12\/foto-le-piu-belle-decorazioni-natalizie-dei-fioristi-di-monaco\/"},"author":{"name":"Camille Esteve","@id":"https:\/\/www.monaco-tribune.com\/it\/#\/schema\/person\/a855d420fff4d03637641d60b93ac62e"},"headline":"FOTO. Le pi\u00f9 belle decorazioni natalizie dei fioristi di Monaco","datePublished":"2021-12-20T16:18:00+00:00","dateModified":"2022-01-22T17:04:22+00:00","mainEntityOfPage":{"@id":"https:\/\/www.monaco-tribune.com\/it\/2021\/12\/foto-le-piu-belle-decorazioni-natalizie-dei-fioristi-di-monaco\/"},"wordCount":585,"publisher":{"@id":"https:\/\/www.monaco-tribune.com\/it\/#organization"},"image":{"@id":"https:\/\/www.monaco-tribune.com\/it\/2021\/12\/foto-le-piu-belle-decorazioni-natalizie-dei-fioristi-di-monaco\/#primaryimage"},"thumbnailUrl":"https:\/\/www.monaco-tribune.com\/wp-content\/uploads\/2021\/12\/dsc_0489-e1639761957348.jpeg","articleSection":["Cosa fare","La nostra scelta","Notizie"],"inLanguage":"it-IT","copyrightYear":"2021","copyrightHolder":{"@id":"https:\/\/www.monaco-tribune.com\/#organization"}},{"@type":"WebPage","@id":"https:\/\/www.monaco-tribune.com\/it\/2021\/12\/foto-le-piu-belle-decorazioni-natalizie-dei-fioristi-di-monaco\/","url":"https:\/\/www.monaco-tribune.com\/it\/2021\/12\/foto-le-piu-belle-decorazioni-natalizie-dei-fioristi-di-monaco\/","name":"FOTO. Le pi\u00f9 belle decorazioni natalizie dei fioristi di Monaco","isPartOf":{"@id":"https:\/\/www.monaco-tribune.com\/it\/#website"},"primaryImageOfPage":{"@id":"https:\/\/www.monaco-tribune.com\/it\/2021\/12\/foto-le-piu-belle-decorazioni-natalizie-dei-fioristi-di-monaco\/#primaryimage"},"image":{"@id":"https:\/\/www.monaco-tribune.com\/it\/2021\/12\/foto-le-piu-belle-decorazioni-natalizie-dei-fioristi-di-monaco\/#primaryimage"},"thumbnailUrl":"https:\/\/www.monaco-tribune.com\/wp-content\/uploads\/2021\/12\/dsc_0489-e1639761957348.jpeg","datePublished":"2021-12-20T16:18:00+00:00","dateModified":"2022-01-22T17:04:22+00:00","description":"Il team di Monaco Tribune si \u00e8 recato da cinque fioristi del Principato per scoprire il meglio degli addobbi natalizi. Le feste sono sempre pi\u00f9 vicine e i","breadcrumb":{"@id":"https:\/\/www.monaco-tribune.com\/it\/2021\/12\/foto-le-piu-belle-decorazioni-natalizie-dei-fioristi-di-monaco\/#breadcrumb"},"inLanguage":"it-IT","potentialAction":[{"@type":"ReadAction","target":["https:\/\/www.monaco-tribune.com\/it\/2021\/12\/foto-le-piu-belle-decorazioni-natalizie-dei-fioristi-di-monaco\/"]}]},{"@type":"ImageObject","inLanguage":"it-IT","@id":"https:\/\/www.monaco-tribune.com\/it\/2021\/12\/foto-le-piu-belle-decorazioni-natalizie-dei-fioristi-di-monaco\/#primaryimage","url":"https:\/\/www.monaco-tribune.com\/wp-content\/uploads\/2021\/12\/dsc_0489-e1639761957348.jpeg","contentUrl":"https:\/\/www.monaco-tribune.com\/wp-content\/uploads\/2021\/12\/dsc_0489-e1639761957348.jpeg","width":1620,"height":1080,"caption":"Camille Esteve"},{"@type":"BreadcrumbList","@id":"https:\/\/www.monaco-tribune.com\/it\/2021\/12\/foto-le-piu-belle-decorazioni-natalizie-dei-fioristi-di-monaco\/#breadcrumb","itemListElement":[{"@type":"ListItem","position":1,"name":"Accueil","item":"https:\/\/www.monaco-tribune.com\/it\/"},{"@type":"ListItem","position":2,"name":"FOTO. Le pi\u00f9 belle decorazioni natalizie dei fioristi di Monaco"}]},{"@type":"WebSite","@id":"https:\/\/www.monaco-tribune.com\/it\/#website","url":"https:\/\/www.monaco-tribune.com\/it\/","name":"Monaco Tribune","description":"Monaco : actualit\u00e9s \u00e9conomiques, politiques, culturelles et sportives de Monaco et de la French Riviera.","publisher":{"@id":"https:\/\/www.monaco-tribune.com\/it\/#organization"},"potentialAction":[{"@type":"SearchAction","target":{"@type":"EntryPoint","urlTemplate":"https:\/\/www.monaco-tribune.com\/it\/?s={search_term_string}"},"query-input":{"@type":"PropertyValueSpecification","valueRequired":true,"valueName":"search_term_string"}}],"inLanguage":"it-IT"},{"@type":"Organization","@id":"https:\/\/www.monaco-tribune.com\/it\/#organization","name":"Monaco Tribune","url":"https:\/\/www.monaco-tribune.com\/it\/","logo":{"@type":"ImageObject","inLanguage":"it-IT","@id":"https:\/\/www.monaco-tribune.com\/it\/#\/schema\/logo\/image\/","url":"https:\/\/www.monaco-tribune.com\/wp-content\/uploads\/2022\/11\/logo-monaco-tribune.png","contentUrl":"https:\/\/www.monaco-tribune.com\/wp-content\/uploads\/2022\/11\/logo-monaco-tribune.png","width":1548,"height":600,"caption":"Monaco Tribune"},"image":{"@id":"https:\/\/www.monaco-tribune.com\/it\/#\/schema\/logo\/image\/"},"sameAs":["https:\/\/www.facebook.com\/MonacoTribune","https:\/\/x.com\/MonacoTribune","https:\/\/www.instagram.com\/monacotribune\/","https:\/\/www.linkedin.com\/company\/monaco-tribune","https:\/\/www.youtube.com\/channel\/UCHle1MnG6hw1y4lWKijVbMA"]},{"@type":"Person","@id":"https:\/\/www.monaco-tribune.com\/it\/#\/schema\/person\/a855d420fff4d03637641d60b93ac62e","name":"Camille Esteve","image":{"@type":"ImageObject","inLanguage":"it-IT","@id":"https:\/\/secure.gravatar.com\/avatar\/eaaa2355a7bb56c0018a391c20a55bf9b4690e3f493231dd850e612bfa6ce161?s=96&d=mm&r=g","url":"https:\/\/secure.gravatar.com\/avatar\/eaaa2355a7bb56c0018a391c20a55bf9b4690e3f493231dd850e612bfa6ce161?s=96&d=mm&r=g","contentUrl":"https:\/\/secure.gravatar.com\/avatar\/eaaa2355a7bb56c0018a391c20a55bf9b4690e3f493231dd850e612bfa6ce161?s=96&d=mm&r=g","caption":"Camille Esteve"},"url":"https:\/\/www.monaco-tribune.com\/it\/author\/camilleesteve\/"}]}},"_links":{"self":[{"href":"https:\/\/www.monaco-tribune.com\/it\/wp-json\/wp\/v2\/posts\/104219","targetHints":{"allow":["GET"]}}],"collection":[{"href":"https:\/\/www.monaco-tribune.com\/it\/wp-json\/wp\/v2\/posts"}],"about":[{"href":"https:\/\/www.monaco-tribune.com\/it\/wp-json\/wp\/v2\/types\/post"}],"author":[{"embeddable":true,"href":"https:\/\/www.monaco-tribune.com\/it\/wp-json\/wp\/v2\/users\/60"}],"replies":[{"embeddable":true,"href":"https:\/\/www.monaco-tribune.com\/it\/wp-json\/wp\/v2\/comments?post=104219"}],"version-history":[{"count":0,"href":"https:\/\/www.monaco-tribune.com\/it\/wp-json\/wp\/v2\/posts\/104219\/revisions"}],"wp:featuredmedia":[{"embeddable":true,"href":"https:\/\/www.monaco-tribune.com\/it\/wp-json\/wp\/v2\/media\/104050"}],"wp:attachment":[{"href":"https:\/\/www.monaco-tribune.com\/it\/wp-json\/wp\/v2\/media?parent=104219"}],"wp:term":[{"taxonomy":"category","embeddable":true,"href":"https:\/\/www.monaco-tribune.com\/it\/wp-json\/wp\/v2\/categories?post=104219"},{"taxonomy":"post_tag","embeddable":true,"href":"https:\/\/www.monaco-tribune.com\/it\/wp-json\/wp\/v2\/tags?post=104219"},{"taxonomy":"sectag","embeddable":true,"href":"https:\/\/www.monaco-tribune.com\/it\/wp-json\/wp\/v2\/post_sectags?post=104219"},{"taxonomy":"format","embeddable":true,"href":"https:\/\/www.monaco-tribune.com\/it\/wp-json\/wp\/v2\/post_format?post=104219"}],"curies":[{"name":"wp","href":"https:\/\/api.w.org\/{rel}","templated":true}]}}