{"id":104315,"date":"2024-01-07T10:56:05","date_gmt":"2024-01-07T08:56:05","guid":{"rendered":"https:\/\/www.monaco-tribune.com\/2021\/12\/julien-bravetti-il-nuovo-volto-di-chez-roger\/"},"modified":"2024-01-10T19:00:24","modified_gmt":"2024-01-10T17:00:24","slug":"julien-bravetti-il-nuovo-volto-di-chez-roger","status":"publish","type":"post","link":"https:\/\/www.monaco-tribune.com\/it\/2024\/01\/julien-bravetti-il-nuovo-volto-di-chez-roger\/","title":{"rendered":"Julien Bravetti, il volto dietro l&#8217;imperdibile &#8220;Chez Roger&#8221;"},"content":{"rendered":"\n<p><strong>Dopo un percorso ben lontano dalla socca e dalla<\/strong> <strong>pissaladi\u00e8re, pietanze tipiche della Costa Azzurra, Julien ha deciso d&#8217;intraprendere una bella avventura: rilevare il locale di suo suocero al mercato della Condamine.<\/strong><\/p>\n\n<p>\u00c8 una delle istituzioni del Principato. &#8220;Chez Roger&#8221;,<a href=\"https:\/\/www.monaco-tribune.com\/it\/2021\/11\/place-darmes-luogo-simbolico-della-vita-monegasca\/\"> nel mercato della Condamine<\/a>, soddisfa ogni giorno i palati dei suoi clienti con socca (una sorta di farinata di ceci) e pissaladi\u00e8re (una focaccia saporita e gustosa), tutte fatte a mano. Ma dal 2019, Roger ha lasciato il posto al genero Julien, che gestisce la preparazione dei piatti, il locale e le vendite.<\/p>\n\n<p>Niente sembrava far presagire a Julien, originario di Villefranche, che sarebbe finito a lavorare in questo ambito. &#8220;Ho seguito un percorso insolito&#8221;, racconta. &#8220;Ho fatto l&#8217;istituto tecnico industriale con diploma in elettrotecnica. Ma alla fine non mi \u00e8 piaciuto per niente. Poi ho fatto una scuola di economia a Nizza, specializzazione marketing. Ma non assumeva nessuno in questo settore&#8221;.<\/p>\n\n<p>Dopo una carriera da rappresentante nel mondo degli eventi e una formazione in assicurazioni e gestione del patrimonio, Julien Bravetti riesce finalmente a trovare il suo posto: consulente bancario a Monaco presso la Soci\u00e9t\u00e9 G\u00e9n\u00e9rale della Condamine e poi di Fontvieille.<\/p>\n\n<h2 class=\"wp-block-heading\" id=\"h-une-institution-nee-grace-a-la-famille-princiere\">Un&#8217;istituzione nata grazie alla Famiglia Principesca<\/h2>\n\n<p>Dieci anni dopo, il ragazzo prende tutta un&#8217;altra strada e decide di rilevare il locale di suo suocero Roger. &#8220;Chez Roger&#8221; \u00e8 un&#8217;istituzione a Monaco dal 1976 e sembra che ci sia lo zampino della Famiglia Principesca.<\/p>\n\n<p>&#8220;Mio suocero raccontava spesso questo aneddoto&#8221;, dice Julien. &#8220;Aveva incontrato il Principe Ranieri che gli aveva detto: &#8216;Allora caro mio? Che cosa sai fare?&#8217; Mio suocero aveva risposto: &#8216;so fare la socca e la pissaladi\u00e8re&#8217;. Il Principe l&#8217;ha aiutato e incoraggiato e da quel momento sono stati sempre legati. (&#8230;) Roger raccontava di quando il Principe Alberto II, da bambino, veniva con suo padre e si sedeva sul bancone per mangiare la socca&#8221;.<\/p>\n\n<p>Questo legame tra la Famiglia Principesca e &#8220;Chez Roger&#8221; non si \u00e8 mai spezzato. Quarant&#8217;anni dopo, il Principe Alberto II ci ha tenuto a essere presente al passaggio di testimone da Roger a suo genero.<\/p>\n<div class=\"wp-block-image\">\n<figure class=\"aligncenter size-large\"><img loading=\"lazy\" decoding=\"async\" width=\"1024\" height=\"791\" src=\"https:\/\/www.monaco-tribune.com\/wp-content\/uploads\/2021\/12\/camscanner-12-16-2021-15.04n_1-1024x791.jpg\" alt=\"Chez Roger\" class=\"wp-image-104094\" srcset=\"https:\/\/www.monaco-tribune.com\/wp-content\/uploads\/2021\/12\/camscanner-12-16-2021-15.04n_1-1024x791.jpg 1024w, https:\/\/www.monaco-tribune.com\/wp-content\/uploads\/2021\/12\/camscanner-12-16-2021-15.04n_1-388x300.jpg 388w, https:\/\/www.monaco-tribune.com\/wp-content\/uploads\/2021\/12\/camscanner-12-16-2021-15.04n_1-194x150.jpg 194w, https:\/\/www.monaco-tribune.com\/wp-content\/uploads\/2021\/12\/camscanner-12-16-2021-15.04n_1-768x593.jpg 768w, https:\/\/www.monaco-tribune.com\/wp-content\/uploads\/2021\/12\/camscanner-12-16-2021-15.04n_1-175x135.jpg 175w, https:\/\/www.monaco-tribune.com\/wp-content\/uploads\/2021\/12\/camscanner-12-16-2021-15.04n_1.jpg 1200w\" sizes=\"auto, (max-width: 1024px) 100vw, 1024px\" \/><figcaption class=\"wp-element-caption\"><em>Il Principe Alberto II con Roger (sulla sinistra) e Julien (sulla destra) &#8211; DR<\/em><\/figcaption><\/figure>\n<\/div>\n<p><strong>LEGGI ANCHE:<\/strong> <a href=\"https:\/\/www.monaco-tribune.com\/it\/2021\/11\/alexander-moghadam-il-principe-dei-tappeti-iraniani-a-monaco\/\">Alexander Moghadam, il principe dei tappeti iraniani a Monaco<\/a><\/p>\n\n<h2 class=\"wp-block-heading\" id=\"h-une-affaire-restee-familiale\">Un affare di famiglia<\/h2>\n\n<p>Questo passaggio, per\u00f2, non \u00e8 avvenuta in maniera del tutto spontanea. Julien racconta che non \u00e8 stato facile convincere Roger a cedergli la sua attivit\u00e0, quando, nel 2017 ha scoperto di avere un cancro.<\/p>\n\n<p>&#8220;Quando si \u00e8 ammalato, \u00e8 rimasto chiuso per undici mesi. Ma non voleva che rilevassi il suo locale, quindi ho insistito perch\u00e9 non volevo che andasse perso. Durante la chiusura, c&#8217;\u00e8 stato un impeto di solidariet\u00e0, per incoraggiarlo, spingerlo a riaprire. Tutti dicevano che la socca del mercato era un&#8217;istituzione, che le persone c&#8217;erano cresciute&#8230; Quando ha finalmente riaperto, era molto stanco e aveva bisogno di qualcuno. Ho lasciato la banca e pochi giorni dopo ho iniziato&#8221;.<\/p>\n\n<p>Per un anno e mezzo, suocero e genero hanno lavorato insieme. Completamente nuovo al mondo delle prelibatezze della Costa Azzurra, Julien impara tutto quello che pu\u00f2 a fianco del suocero. Un&#8217;avventura che lascia molti perplessi: &#8220;aveva un caratteraccio, mio suocero. Molti pensavano che non saremmo andati d&#8217;accordo. Ma in realt\u00e0 \u00e8 andata benissimo&#8221; racconta Julien.<\/p>\n\n<h2 class=\"wp-block-heading\" id=\"h-un-savoir-faire-traditionnel-et-authentique\">Un savoir-faire tradizionale e autentico<\/h2>\n\n<p>\u00c8 quindi con l&#8217;animo sereno che Roger consegna le chiavi della sua attivit\u00e0 al genero prima di ritirarsi definitivamente, troppo indebolito dalla malattia. Dopo la morte del suocero a gennaio 2019, Julien Bravetti ha fatto in modo di non perdere il savoir-faire del suo mentore, per garantire ai clienti la stessa qualit\u00e0 dei prodotti.<\/p>\n\n<p>&#8220;Non ho cambiato niente. Era proprio quello che volevo: permettere alle persone di trovare esattamente quello che faceva Roger. Le mie pissaladi\u00e8re sono stese a mano, tutte le cipolle sono fresche, sbucciate ogni giorno&#8230; Ho voluto conservare l&#8217;autenticit\u00e0&#8221;.<\/p>\n<div class=\"wp-block-image\">\n<figure class=\"aligncenter size-large\"><img loading=\"lazy\" decoding=\"async\" width=\"1024\" height=\"683\" src=\"https:\/\/www.monaco-tribune.com\/wp-content\/uploads\/2021\/12\/dsc_0362-1024x683.jpg\" alt=\"Chez Roger\" class=\"wp-image-104098\" srcset=\"https:\/\/www.monaco-tribune.com\/wp-content\/uploads\/2021\/12\/dsc_0362-1024x683.jpg 1024w, https:\/\/www.monaco-tribune.com\/wp-content\/uploads\/2021\/12\/dsc_0362-450x300.jpg 450w, https:\/\/www.monaco-tribune.com\/wp-content\/uploads\/2021\/12\/dsc_0362-225x150.jpg 225w, https:\/\/www.monaco-tribune.com\/wp-content\/uploads\/2021\/12\/dsc_0362-768x512.jpg 768w, https:\/\/www.monaco-tribune.com\/wp-content\/uploads\/2021\/12\/dsc_0362-175x117.jpg 175w, https:\/\/www.monaco-tribune.com\/wp-content\/uploads\/2021\/12\/dsc_0362.jpg 1200w\" sizes=\"auto, (max-width: 1024px) 100vw, 1024px\" \/><figcaption class=\"wp-element-caption\"><em>Da Chez Roger, il prodotto di punta \u00e8 la pissaladi\u00e8re monegasca con base al pomodoro &#8211; \u00a9 Camille Esteve<\/em><\/figcaption><\/figure>\n<\/div>\n<p>I clienti, in gran parte rimasti fedeli all&#8217;istituzione, si sono sentiti rassicurati dalla produzione tradizionale e dal vedere un volto familiare. Felice di servire una clientela locale e regolare, Julien Bravetti non prevede di lasciare Monaco n\u00e9 di aprire altrove: &#8220;Devo esserci io. Questo \u00e8 il mio bambino, sto bene dove sono&#8221;, confessa.<\/p>\n\n<p><strong>LEGGI ANCHE: <\/strong><a href=\"https:\/\/www.monaco-tribune.com\/it\/2021\/11\/la-migliore-pasta-di-monaco-da-cesano\/\">La migliore pasta di Monaco? Da Cesano!<\/a><\/p>\n\n<p>Unico rimpianto in questo percorso straordinario? Non aver avuto il tempo di imparare a cucinare altre pietanze, come gli aveva promesso Roger, panettiere di formazione. &#8220;\u00c8 un peccato, ci siamo persi qualcosa. Una volta che avr\u00f2 rinnovato lo stand, perch\u00e9 non proporre uno o due piatti in pi\u00f9?&#8221; Un progetto che, promette Julien, sar\u00e0 sempre nel rispetto della tradizione, del fatto a mano e della maestria di suo suocero.<\/p>\n","protected":false},"excerpt":{"rendered":"<p>Dopo un percorso ben lontano dalla socca e dalla pissaladi\u00e8re, pietanze tipiche della Costa Azzurra, Julien ha deciso d&#8217;intraprendere una [&hellip;]<\/p>\n","protected":false},"author":60,"featured_media":104088,"comment_status":"closed","ping_status":"closed","sticky":false,"template":"","format":"standard","meta":{"_acf_changed":false,"footnotes":""},"categories":[1739,2175,1738],"tags":[2936],"post_sectags":[],"post_format":[2480],"class_list":["post-104315","post","type-post","status-publish","format-standard","has-post-thumbnail","hentry","category-business-it","category-dossier-it","category-notizie","tag-commercio-locale","format-profilo"],"acf":[],"yoast_head":"<!-- This site is optimized with the Yoast SEO Premium plugin v26.8 (Yoast SEO v27.5) - https:\/\/yoast.com\/product\/yoast-seo-premium-wordpress\/ -->\n<title>Julien Bravetti, il volto dietro l&#039;imperdibile &quot;Chez Roger&quot;<\/title>\n<meta name=\"description\" content=\"Dopo un percorso ben lontano dalla socca e dalla pissaladi\u00e8re, pietanze tipiche della Costa Azzurra, Julien ha deciso d&#039;intraprendere una bella avventura:\" \/>\n<meta name=\"robots\" content=\"index, follow, max-snippet:-1, max-image-preview:large, max-video-preview:-1\" \/>\n<link rel=\"canonical\" href=\"https:\/\/www.monaco-tribune.com\/it\/2024\/01\/julien-bravetti-il-nuovo-volto-di-chez-roger\/\" \/>\n<meta property=\"og:locale\" content=\"it_IT\" \/>\n<meta property=\"og:type\" content=\"article\" \/>\n<meta property=\"og:title\" content=\"Julien Bravetti, il volto dietro l&#039;imperdibile &quot;Chez Roger&quot; - Monaco Tribune\" \/>\n<meta property=\"og:description\" content=\"Dopo un percorso ben lontano dalla socca e dalla pissaladi\u00e8re, pietanze tipiche della Costa Azzurra, Julien ha deciso d&#039;intraprendere una bella avventura:\" \/>\n<meta property=\"og:url\" content=\"https:\/\/www.monaco-tribune.com\/it\/2024\/01\/julien-bravetti-il-nuovo-volto-di-chez-roger\/\" \/>\n<meta property=\"og:site_name\" content=\"Monaco Tribune\" \/>\n<meta property=\"article:publisher\" content=\"https:\/\/www.facebook.com\/MonacoTribune\" \/>\n<meta property=\"article:published_time\" content=\"2024-01-07T08:56:05+00:00\" \/>\n<meta property=\"article:modified_time\" content=\"2024-01-10T17:00:24+00:00\" \/>\n<meta property=\"og:image\" content=\"https:\/\/www.monaco-tribune.com\/wp-content\/uploads\/2021\/12\/dsc_0359.jpg\" \/>\n\t<meta property=\"og:image:width\" content=\"1200\" \/>\n\t<meta property=\"og:image:height\" content=\"800\" \/>\n\t<meta property=\"og:image:type\" content=\"image\/jpeg\" \/>\n<meta name=\"author\" content=\"Camille Esteve\" \/>\n<meta name=\"twitter:card\" content=\"summary_large_image\" \/>\n<meta name=\"twitter:creator\" content=\"@MonacoTribune\" \/>\n<meta name=\"twitter:site\" content=\"@MonacoTribune\" \/>\n<script type=\"application\/ld+json\" class=\"yoast-schema-graph\">{\"@context\":\"https:\\\/\\\/schema.org\",\"@graph\":[{\"@type\":\"NewsArticle\",\"@id\":\"https:\\\/\\\/www.monaco-tribune.com\\\/it\\\/2024\\\/01\\\/julien-bravetti-il-nuovo-volto-di-chez-roger\\\/#article\",\"isPartOf\":{\"@id\":\"https:\\\/\\\/www.monaco-tribune.com\\\/it\\\/2024\\\/01\\\/julien-bravetti-il-nuovo-volto-di-chez-roger\\\/\"},\"author\":{\"name\":\"Camille Esteve\",\"@id\":\"https:\\\/\\\/www.monaco-tribune.com\\\/it\\\/#\\\/schema\\\/person\\\/a855d420fff4d03637641d60b93ac62e\"},\"headline\":\"Julien Bravetti, il volto dietro l&#8217;imperdibile &#8220;Chez Roger&#8221;\",\"datePublished\":\"2024-01-07T08:56:05+00:00\",\"dateModified\":\"2024-01-10T17:00:24+00:00\",\"mainEntityOfPage\":{\"@id\":\"https:\\\/\\\/www.monaco-tribune.com\\\/it\\\/2024\\\/01\\\/julien-bravetti-il-nuovo-volto-di-chez-roger\\\/\"},\"wordCount\":798,\"publisher\":{\"@id\":\"https:\\\/\\\/www.monaco-tribune.com\\\/it\\\/#organization\"},\"image\":{\"@id\":\"https:\\\/\\\/www.monaco-tribune.com\\\/it\\\/2024\\\/01\\\/julien-bravetti-il-nuovo-volto-di-chez-roger\\\/#primaryimage\"},\"thumbnailUrl\":\"https:\\\/\\\/www.monaco-tribune.com\\\/wp-content\\\/uploads\\\/2021\\\/12\\\/dsc_0359.jpg\",\"keywords\":[\"Commercio locale\"],\"articleSection\":[\"Business\",\"Dossier\",\"Notizie\"],\"inLanguage\":\"it-IT\",\"copyrightYear\":\"2024\",\"copyrightHolder\":{\"@id\":\"https:\\\/\\\/www.monaco-tribune.com\\\/#organization\"}},{\"@type\":\"WebPage\",\"@id\":\"https:\\\/\\\/www.monaco-tribune.com\\\/it\\\/2024\\\/01\\\/julien-bravetti-il-nuovo-volto-di-chez-roger\\\/\",\"url\":\"https:\\\/\\\/www.monaco-tribune.com\\\/it\\\/2024\\\/01\\\/julien-bravetti-il-nuovo-volto-di-chez-roger\\\/\",\"name\":\"Julien Bravetti, il volto dietro l'imperdibile \\\"Chez Roger\\\"\",\"isPartOf\":{\"@id\":\"https:\\\/\\\/www.monaco-tribune.com\\\/it\\\/#website\"},\"primaryImageOfPage\":{\"@id\":\"https:\\\/\\\/www.monaco-tribune.com\\\/it\\\/2024\\\/01\\\/julien-bravetti-il-nuovo-volto-di-chez-roger\\\/#primaryimage\"},\"image\":{\"@id\":\"https:\\\/\\\/www.monaco-tribune.com\\\/it\\\/2024\\\/01\\\/julien-bravetti-il-nuovo-volto-di-chez-roger\\\/#primaryimage\"},\"thumbnailUrl\":\"https:\\\/\\\/www.monaco-tribune.com\\\/wp-content\\\/uploads\\\/2021\\\/12\\\/dsc_0359.jpg\",\"datePublished\":\"2024-01-07T08:56:05+00:00\",\"dateModified\":\"2024-01-10T17:00:24+00:00\",\"description\":\"Dopo un percorso ben lontano dalla socca e dalla pissaladi\u00e8re, pietanze tipiche della Costa Azzurra, Julien ha deciso d'intraprendere una bella avventura:\",\"breadcrumb\":{\"@id\":\"https:\\\/\\\/www.monaco-tribune.com\\\/it\\\/2024\\\/01\\\/julien-bravetti-il-nuovo-volto-di-chez-roger\\\/#breadcrumb\"},\"inLanguage\":\"it-IT\",\"potentialAction\":[{\"@type\":\"ReadAction\",\"target\":[\"https:\\\/\\\/www.monaco-tribune.com\\\/it\\\/2024\\\/01\\\/julien-bravetti-il-nuovo-volto-di-chez-roger\\\/\"]}]},{\"@type\":\"ImageObject\",\"inLanguage\":\"it-IT\",\"@id\":\"https:\\\/\\\/www.monaco-tribune.com\\\/it\\\/2024\\\/01\\\/julien-bravetti-il-nuovo-volto-di-chez-roger\\\/#primaryimage\",\"url\":\"https:\\\/\\\/www.monaco-tribune.com\\\/wp-content\\\/uploads\\\/2021\\\/12\\\/dsc_0359.jpg\",\"contentUrl\":\"https:\\\/\\\/www.monaco-tribune.com\\\/wp-content\\\/uploads\\\/2021\\\/12\\\/dsc_0359.jpg\",\"width\":1200,\"height\":800,\"caption\":\"Camille Esteve\"},{\"@type\":\"BreadcrumbList\",\"@id\":\"https:\\\/\\\/www.monaco-tribune.com\\\/it\\\/2024\\\/01\\\/julien-bravetti-il-nuovo-volto-di-chez-roger\\\/#breadcrumb\",\"itemListElement\":[{\"@type\":\"ListItem\",\"position\":1,\"name\":\"Accueil\",\"item\":\"https:\\\/\\\/www.monaco-tribune.com\\\/it\\\/\"},{\"@type\":\"ListItem\",\"position\":2,\"name\":\"Julien Bravetti, il volto dietro l&#8217;imperdibile &#8220;Chez Roger&#8221;\"}]},{\"@type\":\"WebSite\",\"@id\":\"https:\\\/\\\/www.monaco-tribune.com\\\/it\\\/#website\",\"url\":\"https:\\\/\\\/www.monaco-tribune.com\\\/it\\\/\",\"name\":\"Monaco Tribune\",\"description\":\"Monaco : actualit\u00e9s \u00e9conomiques, politiques, culturelles et sportives de Monaco et de la French Riviera.\",\"publisher\":{\"@id\":\"https:\\\/\\\/www.monaco-tribune.com\\\/it\\\/#organization\"},\"potentialAction\":[{\"@type\":\"SearchAction\",\"target\":{\"@type\":\"EntryPoint\",\"urlTemplate\":\"https:\\\/\\\/www.monaco-tribune.com\\\/it\\\/?s={search_term_string}\"},\"query-input\":{\"@type\":\"PropertyValueSpecification\",\"valueRequired\":true,\"valueName\":\"search_term_string\"}}],\"inLanguage\":\"it-IT\"},{\"@type\":\"Organization\",\"@id\":\"https:\\\/\\\/www.monaco-tribune.com\\\/it\\\/#organization\",\"name\":\"Monaco Tribune\",\"url\":\"https:\\\/\\\/www.monaco-tribune.com\\\/it\\\/\",\"logo\":{\"@type\":\"ImageObject\",\"inLanguage\":\"it-IT\",\"@id\":\"https:\\\/\\\/www.monaco-tribune.com\\\/it\\\/#\\\/schema\\\/logo\\\/image\\\/\",\"url\":\"https:\\\/\\\/www.monaco-tribune.com\\\/wp-content\\\/uploads\\\/2022\\\/11\\\/logo-monaco-tribune.png\",\"contentUrl\":\"https:\\\/\\\/www.monaco-tribune.com\\\/wp-content\\\/uploads\\\/2022\\\/11\\\/logo-monaco-tribune.png\",\"width\":1548,\"height\":600,\"caption\":\"Monaco Tribune\"},\"image\":{\"@id\":\"https:\\\/\\\/www.monaco-tribune.com\\\/it\\\/#\\\/schema\\\/logo\\\/image\\\/\"},\"sameAs\":[\"https:\\\/\\\/www.facebook.com\\\/MonacoTribune\",\"https:\\\/\\\/x.com\\\/MonacoTribune\",\"https:\\\/\\\/www.instagram.com\\\/monacotribune\\\/\",\"https:\\\/\\\/www.linkedin.com\\\/company\\\/monaco-tribune\",\"https:\\\/\\\/www.youtube.com\\\/channel\\\/UCHle1MnG6hw1y4lWKijVbMA\"]},{\"@type\":\"Person\",\"@id\":\"https:\\\/\\\/www.monaco-tribune.com\\\/it\\\/#\\\/schema\\\/person\\\/a855d420fff4d03637641d60b93ac62e\",\"name\":\"Camille Esteve\",\"image\":{\"@type\":\"ImageObject\",\"inLanguage\":\"it-IT\",\"@id\":\"https:\\\/\\\/secure.gravatar.com\\\/avatar\\\/eaaa2355a7bb56c0018a391c20a55bf9b4690e3f493231dd850e612bfa6ce161?s=96&d=mm&r=g\",\"url\":\"https:\\\/\\\/secure.gravatar.com\\\/avatar\\\/eaaa2355a7bb56c0018a391c20a55bf9b4690e3f493231dd850e612bfa6ce161?s=96&d=mm&r=g\",\"contentUrl\":\"https:\\\/\\\/secure.gravatar.com\\\/avatar\\\/eaaa2355a7bb56c0018a391c20a55bf9b4690e3f493231dd850e612bfa6ce161?s=96&d=mm&r=g\",\"caption\":\"Camille Esteve\"},\"url\":\"https:\\\/\\\/www.monaco-tribune.com\\\/it\\\/author\\\/camilleesteve\\\/\"}]}<\/script>\n<!-- \/ Yoast SEO Premium plugin. -->","yoast_head_json":{"title":"Julien Bravetti, il volto dietro l'imperdibile \"Chez Roger\"","description":"Dopo un percorso ben lontano dalla socca e dalla pissaladi\u00e8re, pietanze tipiche della Costa Azzurra, Julien ha deciso d'intraprendere una bella avventura:","robots":{"index":"index","follow":"follow","max-snippet":"max-snippet:-1","max-image-preview":"max-image-preview:large","max-video-preview":"max-video-preview:-1"},"canonical":"https:\/\/www.monaco-tribune.com\/it\/2024\/01\/julien-bravetti-il-nuovo-volto-di-chez-roger\/","og_locale":"it_IT","og_type":"article","og_title":"Julien Bravetti, il volto dietro l'imperdibile \"Chez Roger\" - Monaco Tribune","og_description":"Dopo un percorso ben lontano dalla socca e dalla pissaladi\u00e8re, pietanze tipiche della Costa Azzurra, Julien ha deciso d'intraprendere una bella avventura:","og_url":"https:\/\/www.monaco-tribune.com\/it\/2024\/01\/julien-bravetti-il-nuovo-volto-di-chez-roger\/","og_site_name":"Monaco Tribune","article_publisher":"https:\/\/www.facebook.com\/MonacoTribune","article_published_time":"2024-01-07T08:56:05+00:00","article_modified_time":"2024-01-10T17:00:24+00:00","og_image":[{"width":1200,"height":800,"url":"https:\/\/www.monaco-tribune.com\/wp-content\/uploads\/2021\/12\/dsc_0359.jpg","type":"image\/jpeg"}],"author":"Camille Esteve","twitter_card":"summary_large_image","twitter_creator":"@MonacoTribune","twitter_site":"@MonacoTribune","schema":{"@context":"https:\/\/schema.org","@graph":[{"@type":"NewsArticle","@id":"https:\/\/www.monaco-tribune.com\/it\/2024\/01\/julien-bravetti-il-nuovo-volto-di-chez-roger\/#article","isPartOf":{"@id":"https:\/\/www.monaco-tribune.com\/it\/2024\/01\/julien-bravetti-il-nuovo-volto-di-chez-roger\/"},"author":{"name":"Camille Esteve","@id":"https:\/\/www.monaco-tribune.com\/it\/#\/schema\/person\/a855d420fff4d03637641d60b93ac62e"},"headline":"Julien Bravetti, il volto dietro l&#8217;imperdibile &#8220;Chez Roger&#8221;","datePublished":"2024-01-07T08:56:05+00:00","dateModified":"2024-01-10T17:00:24+00:00","mainEntityOfPage":{"@id":"https:\/\/www.monaco-tribune.com\/it\/2024\/01\/julien-bravetti-il-nuovo-volto-di-chez-roger\/"},"wordCount":798,"publisher":{"@id":"https:\/\/www.monaco-tribune.com\/it\/#organization"},"image":{"@id":"https:\/\/www.monaco-tribune.com\/it\/2024\/01\/julien-bravetti-il-nuovo-volto-di-chez-roger\/#primaryimage"},"thumbnailUrl":"https:\/\/www.monaco-tribune.com\/wp-content\/uploads\/2021\/12\/dsc_0359.jpg","keywords":["Commercio locale"],"articleSection":["Business","Dossier","Notizie"],"inLanguage":"it-IT","copyrightYear":"2024","copyrightHolder":{"@id":"https:\/\/www.monaco-tribune.com\/#organization"}},{"@type":"WebPage","@id":"https:\/\/www.monaco-tribune.com\/it\/2024\/01\/julien-bravetti-il-nuovo-volto-di-chez-roger\/","url":"https:\/\/www.monaco-tribune.com\/it\/2024\/01\/julien-bravetti-il-nuovo-volto-di-chez-roger\/","name":"Julien Bravetti, il volto dietro l'imperdibile \"Chez Roger\"","isPartOf":{"@id":"https:\/\/www.monaco-tribune.com\/it\/#website"},"primaryImageOfPage":{"@id":"https:\/\/www.monaco-tribune.com\/it\/2024\/01\/julien-bravetti-il-nuovo-volto-di-chez-roger\/#primaryimage"},"image":{"@id":"https:\/\/www.monaco-tribune.com\/it\/2024\/01\/julien-bravetti-il-nuovo-volto-di-chez-roger\/#primaryimage"},"thumbnailUrl":"https:\/\/www.monaco-tribune.com\/wp-content\/uploads\/2021\/12\/dsc_0359.jpg","datePublished":"2024-01-07T08:56:05+00:00","dateModified":"2024-01-10T17:00:24+00:00","description":"Dopo un percorso ben lontano dalla socca e dalla pissaladi\u00e8re, pietanze tipiche della Costa Azzurra, Julien ha deciso d'intraprendere una bella avventura:","breadcrumb":{"@id":"https:\/\/www.monaco-tribune.com\/it\/2024\/01\/julien-bravetti-il-nuovo-volto-di-chez-roger\/#breadcrumb"},"inLanguage":"it-IT","potentialAction":[{"@type":"ReadAction","target":["https:\/\/www.monaco-tribune.com\/it\/2024\/01\/julien-bravetti-il-nuovo-volto-di-chez-roger\/"]}]},{"@type":"ImageObject","inLanguage":"it-IT","@id":"https:\/\/www.monaco-tribune.com\/it\/2024\/01\/julien-bravetti-il-nuovo-volto-di-chez-roger\/#primaryimage","url":"https:\/\/www.monaco-tribune.com\/wp-content\/uploads\/2021\/12\/dsc_0359.jpg","contentUrl":"https:\/\/www.monaco-tribune.com\/wp-content\/uploads\/2021\/12\/dsc_0359.jpg","width":1200,"height":800,"caption":"Camille Esteve"},{"@type":"BreadcrumbList","@id":"https:\/\/www.monaco-tribune.com\/it\/2024\/01\/julien-bravetti-il-nuovo-volto-di-chez-roger\/#breadcrumb","itemListElement":[{"@type":"ListItem","position":1,"name":"Accueil","item":"https:\/\/www.monaco-tribune.com\/it\/"},{"@type":"ListItem","position":2,"name":"Julien Bravetti, il volto dietro l&#8217;imperdibile &#8220;Chez Roger&#8221;"}]},{"@type":"WebSite","@id":"https:\/\/www.monaco-tribune.com\/it\/#website","url":"https:\/\/www.monaco-tribune.com\/it\/","name":"Monaco Tribune","description":"Monaco : actualit\u00e9s \u00e9conomiques, politiques, culturelles et sportives de Monaco et de la French Riviera.","publisher":{"@id":"https:\/\/www.monaco-tribune.com\/it\/#organization"},"potentialAction":[{"@type":"SearchAction","target":{"@type":"EntryPoint","urlTemplate":"https:\/\/www.monaco-tribune.com\/it\/?s={search_term_string}"},"query-input":{"@type":"PropertyValueSpecification","valueRequired":true,"valueName":"search_term_string"}}],"inLanguage":"it-IT"},{"@type":"Organization","@id":"https:\/\/www.monaco-tribune.com\/it\/#organization","name":"Monaco Tribune","url":"https:\/\/www.monaco-tribune.com\/it\/","logo":{"@type":"ImageObject","inLanguage":"it-IT","@id":"https:\/\/www.monaco-tribune.com\/it\/#\/schema\/logo\/image\/","url":"https:\/\/www.monaco-tribune.com\/wp-content\/uploads\/2022\/11\/logo-monaco-tribune.png","contentUrl":"https:\/\/www.monaco-tribune.com\/wp-content\/uploads\/2022\/11\/logo-monaco-tribune.png","width":1548,"height":600,"caption":"Monaco Tribune"},"image":{"@id":"https:\/\/www.monaco-tribune.com\/it\/#\/schema\/logo\/image\/"},"sameAs":["https:\/\/www.facebook.com\/MonacoTribune","https:\/\/x.com\/MonacoTribune","https:\/\/www.instagram.com\/monacotribune\/","https:\/\/www.linkedin.com\/company\/monaco-tribune","https:\/\/www.youtube.com\/channel\/UCHle1MnG6hw1y4lWKijVbMA"]},{"@type":"Person","@id":"https:\/\/www.monaco-tribune.com\/it\/#\/schema\/person\/a855d420fff4d03637641d60b93ac62e","name":"Camille Esteve","image":{"@type":"ImageObject","inLanguage":"it-IT","@id":"https:\/\/secure.gravatar.com\/avatar\/eaaa2355a7bb56c0018a391c20a55bf9b4690e3f493231dd850e612bfa6ce161?s=96&d=mm&r=g","url":"https:\/\/secure.gravatar.com\/avatar\/eaaa2355a7bb56c0018a391c20a55bf9b4690e3f493231dd850e612bfa6ce161?s=96&d=mm&r=g","contentUrl":"https:\/\/secure.gravatar.com\/avatar\/eaaa2355a7bb56c0018a391c20a55bf9b4690e3f493231dd850e612bfa6ce161?s=96&d=mm&r=g","caption":"Camille Esteve"},"url":"https:\/\/www.monaco-tribune.com\/it\/author\/camilleesteve\/"}]}},"_links":{"self":[{"href":"https:\/\/www.monaco-tribune.com\/it\/wp-json\/wp\/v2\/posts\/104315","targetHints":{"allow":["GET"]}}],"collection":[{"href":"https:\/\/www.monaco-tribune.com\/it\/wp-json\/wp\/v2\/posts"}],"about":[{"href":"https:\/\/www.monaco-tribune.com\/it\/wp-json\/wp\/v2\/types\/post"}],"author":[{"embeddable":true,"href":"https:\/\/www.monaco-tribune.com\/it\/wp-json\/wp\/v2\/users\/60"}],"replies":[{"embeddable":true,"href":"https:\/\/www.monaco-tribune.com\/it\/wp-json\/wp\/v2\/comments?post=104315"}],"version-history":[{"count":2,"href":"https:\/\/www.monaco-tribune.com\/it\/wp-json\/wp\/v2\/posts\/104315\/revisions"}],"predecessor-version":[{"id":210830,"href":"https:\/\/www.monaco-tribune.com\/it\/wp-json\/wp\/v2\/posts\/104315\/revisions\/210830"}],"wp:featuredmedia":[{"embeddable":true,"href":"https:\/\/www.monaco-tribune.com\/it\/wp-json\/wp\/v2\/media\/104088"}],"wp:attachment":[{"href":"https:\/\/www.monaco-tribune.com\/it\/wp-json\/wp\/v2\/media?parent=104315"}],"wp:term":[{"taxonomy":"category","embeddable":true,"href":"https:\/\/www.monaco-tribune.com\/it\/wp-json\/wp\/v2\/categories?post=104315"},{"taxonomy":"post_tag","embeddable":true,"href":"https:\/\/www.monaco-tribune.com\/it\/wp-json\/wp\/v2\/tags?post=104315"},{"taxonomy":"sectag","embeddable":true,"href":"https:\/\/www.monaco-tribune.com\/it\/wp-json\/wp\/v2\/post_sectags?post=104315"},{"taxonomy":"format","embeddable":true,"href":"https:\/\/www.monaco-tribune.com\/it\/wp-json\/wp\/v2\/post_format?post=104315"}],"curies":[{"name":"wp","href":"https:\/\/api.w.org\/{rel}","templated":true}]}}