{"id":104498,"date":"2021-12-21T18:24:01","date_gmt":"2021-12-21T17:24:01","guid":{"rendered":"https:\/\/www.monaco-tribune.com\/2021\/12\/le-foto-piu-belle-degli-addobbi-natalizi-scattate-da-voi\/"},"modified":"2022-01-22T18:03:49","modified_gmt":"2022-01-22T17:03:49","slug":"le-foto-piu-belle-degli-addobbi-natalizi-scattate-da-voi","status":"publish","type":"post","link":"https:\/\/www.monaco-tribune.com\/it\/2021\/12\/le-foto-piu-belle-degli-addobbi-natalizi-scattate-da-voi\/","title":{"rendered":"Le foto pi\u00f9 belle degli addobbi natalizi scattate da voi"},"content":{"rendered":"\n<p><strong>Siete stati pi\u00f9 di 80 a inviarci le splendide foto degli addobbi natalizi, sia a casa vostra che per le strade del Principato. Ecco una piccola selezione degli scatti che ci hanno colpito quest&#8217;anno.<\/strong><\/p>\n\n<h2 class=\"has-text-align-center wp-block-heading\" id=\"h-des-sapins-originaux\">Alberi originali<\/h2>\n\n<p>Non c&#8217;\u00e8 Natale, senza albero, \u00e8 chiaro! Tra le numerose foto ricevute, due alberi rivaleggiavano per originalit\u00e0. Prima, quello di Lise, sorteggiata dal nostro concorso, che ha trasformato il tradizionale re della foresta in un vero e proprio abito da sera. Poi c&#8217;\u00e8 quello di Anne-Sophie, che invece \u00e8 un albero a testa in gi\u00f9. Vi gira un po&#8217; la testa?<\/p>\n\n<figure class=\"wp-block-gallery columns-1 is-cropped wp-block-gallery-1 is-layout-flex wp-block-gallery-is-layout-flex\"><ul class=\"blocks-gallery-grid\"><li class=\"blocks-gallery-item\"><figure><img loading=\"lazy\" decoding=\"async\" width=\"440\" height=\"722\" src=\"https:\/\/www.monaco-tribune.com\/wp-content\/uploads\/2021\/12\/facebook-24.jpeg\" alt=\"Concorso addobbi di Natale\" data-id=\"104382\" data-full-url=\"https:\/\/www.monaco-tribune.com\/wp-content\/uploads\/2021\/12\/facebook-24.jpeg\" data-link=\"https:\/\/www.monaco-tribune.com\/?attachment_id=104382\" class=\"wp-image-104384\" srcset=\"https:\/\/www.monaco-tribune.com\/wp-content\/uploads\/2021\/12\/facebook-24.jpeg 440w, https:\/\/www.monaco-tribune.com\/wp-content\/uploads\/2021\/12\/facebook-24-183x300.jpeg 183w, https:\/\/www.monaco-tribune.com\/wp-content\/uploads\/2021\/12\/facebook-24-91x150.jpeg 91w, https:\/\/www.monaco-tribune.com\/wp-content\/uploads\/2021\/12\/facebook-24-110x180.jpeg 110w\" sizes=\"auto, (max-width: 440px) 100vw, 440px\" \/><figcaption class=\"blocks-gallery-item__caption\"><em>\u00a9 Lise Bricoux<\/em><\/figcaption><\/figure><\/li><li class=\"blocks-gallery-item\"><figure><img loading=\"lazy\" decoding=\"async\" width=\"720\" height=\"960\" src=\"https:\/\/www.monaco-tribune.com\/wp-content\/uploads\/2021\/12\/facebook-2.jpeg\" alt=\"Concorso addobbi di Natale\" data-id=\"104378\" data-full-url=\"https:\/\/www.monaco-tribune.com\/wp-content\/uploads\/2021\/12\/facebook-2.jpeg\" data-link=\"https:\/\/www.monaco-tribune.com\/?attachment_id=104378\" class=\"wp-image-104380\" srcset=\"https:\/\/www.monaco-tribune.com\/wp-content\/uploads\/2021\/12\/facebook-2.jpeg 720w, https:\/\/www.monaco-tribune.com\/wp-content\/uploads\/2021\/12\/facebook-2-225x300.jpeg 225w, https:\/\/www.monaco-tribune.com\/wp-content\/uploads\/2021\/12\/facebook-2-113x150.jpeg 113w, https:\/\/www.monaco-tribune.com\/wp-content\/uploads\/2021\/12\/facebook-2-135x180.jpeg 135w\" sizes=\"auto, (max-width: 720px) 100vw, 720px\" \/><figcaption class=\"blocks-gallery-item__caption\"><em>\u00a9 Anne-Sophie Mlpt<\/em><\/figcaption><\/figure><\/li><\/ul><\/figure>\n\n<h2 class=\"has-text-align-center wp-block-heading\" id=\"h-les-animaux-sont-a-la-fete\">Animali vestiti a festa<\/h2>\n\n<p>Cosa sarebbe un Capodanno senza i nostri amici a quattro zampe? Per l&#8217;occasione, Iuli ha messo in posa il suo spitz nano davanti all&#8217;albero. Dina, <a href=\"https:\/\/www.monaco-tribune.com\/it\/2021\/11\/concorso-le-vostre-foto-per-il-concorso-di-halloween-2021\/\">ex vincitrice del nostro concorso fotografico di Halloween<\/a>, ha agghindato i suoi due cani per le feste e li ha messi a fare da guardia all&#8217;albero.<\/p>\n\n<figure class=\"wp-block-gallery columns-1 is-cropped wp-block-gallery-2 is-layout-flex wp-block-gallery-is-layout-flex\"><ul class=\"blocks-gallery-grid\"><li class=\"blocks-gallery-item\"><figure><img loading=\"lazy\" decoding=\"async\" width=\"532\" height=\"717\" src=\"https:\/\/www.monaco-tribune.com\/wp-content\/uploads\/2021\/12\/facebook-17.jpeg\" alt=\"Concorso addobbi di Natale\" data-id=\"104374\" data-full-url=\"https:\/\/www.monaco-tribune.com\/wp-content\/uploads\/2021\/12\/facebook-17.jpeg\" data-link=\"https:\/\/www.monaco-tribune.com\/?attachment_id=104374\" class=\"wp-image-104376\" srcset=\"https:\/\/www.monaco-tribune.com\/wp-content\/uploads\/2021\/12\/facebook-17.jpeg 532w, https:\/\/www.monaco-tribune.com\/wp-content\/uploads\/2021\/12\/facebook-17-223x300.jpeg 223w, https:\/\/www.monaco-tribune.com\/wp-content\/uploads\/2021\/12\/facebook-17-111x150.jpeg 111w, https:\/\/www.monaco-tribune.com\/wp-content\/uploads\/2021\/12\/facebook-17-134x180.jpeg 134w\" sizes=\"auto, (max-width: 532px) 100vw, 532px\" \/><figcaption class=\"blocks-gallery-item__caption\"><em>\u00a9 Iuli Constantin<\/em><\/figcaption><\/figure><\/li><li class=\"blocks-gallery-item\"><figure><img loading=\"lazy\" decoding=\"async\" width=\"720\" height=\"960\" src=\"https:\/\/www.monaco-tribune.com\/wp-content\/uploads\/2021\/12\/facebook-3.jpeg\" alt=\"Concorso addobbi di Natale\" data-id=\"104370\" data-full-url=\"https:\/\/www.monaco-tribune.com\/wp-content\/uploads\/2021\/12\/facebook-3.jpeg\" data-link=\"https:\/\/www.monaco-tribune.com\/?attachment_id=104370\" class=\"wp-image-104372\" srcset=\"https:\/\/www.monaco-tribune.com\/wp-content\/uploads\/2021\/12\/facebook-3.jpeg 720w, https:\/\/www.monaco-tribune.com\/wp-content\/uploads\/2021\/12\/facebook-3-225x300.jpeg 225w, https:\/\/www.monaco-tribune.com\/wp-content\/uploads\/2021\/12\/facebook-3-113x150.jpeg 113w, https:\/\/www.monaco-tribune.com\/wp-content\/uploads\/2021\/12\/facebook-3-135x180.jpeg 135w\" sizes=\"auto, (max-width: 720px) 100vw, 720px\" \/><figcaption class=\"blocks-gallery-item__caption\"><em>\u00a9 Dina Schweiz<\/em><\/figcaption><\/figure><\/li><\/ul><\/figure>\n\n<h2 class=\"has-text-align-center wp-block-heading\" id=\"h-le-sens-du-detail-a-l-interieur\">I dettagli che contano all&#8217;interno&#8230;<\/h2>\n\n<p>Alcuni dei nostri lettori non si sono limitati all&#8217;albero e hanno portato la magia del Natale anche nei dettagli pi\u00f9 piccoli. Marie, per esempio, ha creato una ruota panoramica di cartone. Ha poi riempito ogni piccola cabina con una sorpresa per dare vita a un calendario dell&#8217;avvento. Sandy, invece, ha gi\u00e0 preparato la tavola a tema Babbo Natale, compresi i portatovaglioli a forma di maniche.<\/p>\n\n<figure class=\"wp-block-gallery columns-1 is-cropped wp-block-gallery-3 is-layout-flex wp-block-gallery-is-layout-flex\"><ul class=\"blocks-gallery-grid\"><li class=\"blocks-gallery-item\"><figure><img loading=\"lazy\" decoding=\"async\" width=\"1024\" height=\"768\" src=\"https:\/\/www.monaco-tribune.com\/wp-content\/uploads\/2021\/12\/facebook-18-1024x768.jpeg\" alt=\"Concorso addobbi di Natale\" data-id=\"104386\" data-full-url=\"https:\/\/www.monaco-tribune.com\/wp-content\/uploads\/2021\/12\/facebook-18.jpeg\" data-link=\"https:\/\/www.monaco-tribune.com\/?attachment_id=104386\" class=\"wp-image-104388\" srcset=\"https:\/\/www.monaco-tribune.com\/wp-content\/uploads\/2021\/12\/facebook-18-1024x768.jpeg 1024w, https:\/\/www.monaco-tribune.com\/wp-content\/uploads\/2021\/12\/facebook-18-400x300.jpeg 400w, https:\/\/www.monaco-tribune.com\/wp-content\/uploads\/2021\/12\/facebook-18-200x150.jpeg 200w, https:\/\/www.monaco-tribune.com\/wp-content\/uploads\/2021\/12\/facebook-18-768x576.jpeg 768w, https:\/\/www.monaco-tribune.com\/wp-content\/uploads\/2021\/12\/facebook-18-175x131.jpeg 175w, https:\/\/www.monaco-tribune.com\/wp-content\/uploads\/2021\/12\/facebook-18.jpeg 1200w\" sizes=\"auto, (max-width: 1024px) 100vw, 1024px\" \/><figcaption class=\"blocks-gallery-item__caption\"><em>\u00a9 Ma Rie<\/em><\/figcaption><\/figure><\/li><li class=\"blocks-gallery-item\"><figure><img loading=\"lazy\" decoding=\"async\" width=\"960\" height=\"720\" src=\"https:\/\/www.monaco-tribune.com\/wp-content\/uploads\/2021\/12\/facebook-35.jpeg\" alt=\"Concorso addobbi di Natale\" data-id=\"104390\" data-full-url=\"https:\/\/www.monaco-tribune.com\/wp-content\/uploads\/2021\/12\/facebook-35.jpeg\" data-link=\"https:\/\/www.monaco-tribune.com\/?attachment_id=104390\" class=\"wp-image-104392\" srcset=\"https:\/\/www.monaco-tribune.com\/wp-content\/uploads\/2021\/12\/facebook-35.jpeg 960w, https:\/\/www.monaco-tribune.com\/wp-content\/uploads\/2021\/12\/facebook-35-400x300.jpeg 400w, https:\/\/www.monaco-tribune.com\/wp-content\/uploads\/2021\/12\/facebook-35-200x150.jpeg 200w, https:\/\/www.monaco-tribune.com\/wp-content\/uploads\/2021\/12\/facebook-35-768x576.jpeg 768w, https:\/\/www.monaco-tribune.com\/wp-content\/uploads\/2021\/12\/facebook-35-175x131.jpeg 175w\" sizes=\"auto, (max-width: 960px) 100vw, 960px\" \/><figcaption class=\"blocks-gallery-item__caption\"><em>\u00a9 Sandy Biagi<\/em><\/figcaption><\/figure><\/li><\/ul><\/figure>\n\n<h2 class=\"has-text-align-center wp-block-heading\" id=\"h-et-a-l-exterieur\">&#8230;e all&#8217;esterno<\/h2>\n\n<p>E poich\u00e9 la magia del Natale non si limita al soggiorno, i nostri lettori hanno anche decorato la parte esterna. ChloLu ha impreziosito la porta d&#8217;ingresso con ghirlande, un Babbo Natale e animaletti della foresta. Isadora ci invita davanti al suo chalet di legno per ammirare il suo magnifico abete.<\/p>\n\n<figure class=\"wp-block-gallery columns-1 is-cropped wp-block-gallery-4 is-layout-flex wp-block-gallery-is-layout-flex\"><ul class=\"blocks-gallery-grid\"><li class=\"blocks-gallery-item\"><figure><img loading=\"lazy\" decoding=\"async\" width=\"719\" height=\"960\" src=\"https:\/\/www.monaco-tribune.com\/wp-content\/uploads\/2021\/12\/facebook-27.jpeg\" alt=\"Concorso addobbi di Natale\" data-id=\"104394\" data-full-url=\"https:\/\/www.monaco-tribune.com\/wp-content\/uploads\/2021\/12\/facebook-27.jpeg\" data-link=\"https:\/\/www.monaco-tribune.com\/?attachment_id=104394\" class=\"wp-image-104396\" srcset=\"https:\/\/www.monaco-tribune.com\/wp-content\/uploads\/2021\/12\/facebook-27.jpeg 719w, https:\/\/www.monaco-tribune.com\/wp-content\/uploads\/2021\/12\/facebook-27-225x300.jpeg 225w, https:\/\/www.monaco-tribune.com\/wp-content\/uploads\/2021\/12\/facebook-27-112x150.jpeg 112w, https:\/\/www.monaco-tribune.com\/wp-content\/uploads\/2021\/12\/facebook-27-135x180.jpeg 135w\" sizes=\"auto, (max-width: 719px) 100vw, 719px\" \/><figcaption class=\"blocks-gallery-item__caption\"><em>\u00a9 ChloLu Mc<\/em><\/figcaption><\/figure><\/li><li class=\"blocks-gallery-item\"><figure><img loading=\"lazy\" decoding=\"async\" width=\"719\" height=\"960\" src=\"https:\/\/www.monaco-tribune.com\/wp-content\/uploads\/2021\/12\/facebook-38.jpeg\" alt=\"Concorso addobbi di Natale\" data-id=\"104398\" data-full-url=\"https:\/\/www.monaco-tribune.com\/wp-content\/uploads\/2021\/12\/facebook-38.jpeg\" data-link=\"https:\/\/www.monaco-tribune.com\/?attachment_id=104398\" class=\"wp-image-104400\" srcset=\"https:\/\/www.monaco-tribune.com\/wp-content\/uploads\/2021\/12\/facebook-38.jpeg 719w, https:\/\/www.monaco-tribune.com\/wp-content\/uploads\/2021\/12\/facebook-38-225x300.jpeg 225w, https:\/\/www.monaco-tribune.com\/wp-content\/uploads\/2021\/12\/facebook-38-112x150.jpeg 112w, https:\/\/www.monaco-tribune.com\/wp-content\/uploads\/2021\/12\/facebook-38-135x180.jpeg 135w\" sizes=\"auto, (max-width: 719px) 100vw, 719px\" \/><figcaption class=\"blocks-gallery-item__caption\"><em>\u00a9 Isadora Guriec<\/em><\/figcaption><\/figure><\/li><\/ul><\/figure>\n\n<h2 class=\"has-text-align-center wp-block-heading\" id=\"h-monaco-se-pare-de-lumieres\">Monaco vestita a festa<\/h2>\n\n<p>Infine, avete anche condiviso i vostri scatti pi\u00f9 belli del Principato. Tra questi, Beli ha immortalato le luci del Casin\u00f2 di Monte-Carlo di notte. Forse vi sarete anche imbattuti nell&#8217;auto di Sacha, addobbata con luci e rami di abete: decorazioni in movimento che potrete scorgere per tutta Monaco!<\/p>\n\n<figure class=\"wp-block-gallery columns-1 is-cropped wp-block-gallery-5 is-layout-flex wp-block-gallery-is-layout-flex\"><ul class=\"blocks-gallery-grid\"><li class=\"blocks-gallery-item\"><figure><img loading=\"lazy\" decoding=\"async\" width=\"1024\" height=\"768\" src=\"https:\/\/www.monaco-tribune.com\/wp-content\/uploads\/2021\/12\/facebook-6-1024x768.jpeg\" alt=\"Concorso addobbi di Natale\" data-id=\"104406\" data-full-url=\"https:\/\/www.monaco-tribune.com\/wp-content\/uploads\/2021\/12\/facebook-6.jpeg\" data-link=\"https:\/\/www.monaco-tribune.com\/?attachment_id=104406\" class=\"wp-image-104408\" srcset=\"https:\/\/www.monaco-tribune.com\/wp-content\/uploads\/2021\/12\/facebook-6-1024x768.jpeg 1024w, https:\/\/www.monaco-tribune.com\/wp-content\/uploads\/2021\/12\/facebook-6-400x300.jpeg 400w, https:\/\/www.monaco-tribune.com\/wp-content\/uploads\/2021\/12\/facebook-6-200x150.jpeg 200w, https:\/\/www.monaco-tribune.com\/wp-content\/uploads\/2021\/12\/facebook-6-768x576.jpeg 768w, https:\/\/www.monaco-tribune.com\/wp-content\/uploads\/2021\/12\/facebook-6-175x131.jpeg 175w, https:\/\/www.monaco-tribune.com\/wp-content\/uploads\/2021\/12\/facebook-6.jpeg 1200w\" sizes=\"auto, (max-width: 1024px) 100vw, 1024px\" \/><figcaption class=\"blocks-gallery-item__caption\"><em>\u00a9 Beli Nice<\/em><\/figcaption><\/figure><\/li><li class=\"blocks-gallery-item\"><figure><img loading=\"lazy\" decoding=\"async\" width=\"768\" height=\"1024\" src=\"https:\/\/www.monaco-tribune.com\/wp-content\/uploads\/2021\/12\/mail-3-768x1024.jpeg\" alt=\"Concorso addobbi di Natale\" data-id=\"104410\" data-full-url=\"https:\/\/www.monaco-tribune.com\/wp-content\/uploads\/2021\/12\/mail-3.jpeg\" data-link=\"https:\/\/www.monaco-tribune.com\/?attachment_id=104410\" class=\"wp-image-104412\" srcset=\"https:\/\/www.monaco-tribune.com\/wp-content\/uploads\/2021\/12\/mail-3-768x1024.jpeg 768w, https:\/\/www.monaco-tribune.com\/wp-content\/uploads\/2021\/12\/mail-3-225x300.jpeg 225w, https:\/\/www.monaco-tribune.com\/wp-content\/uploads\/2021\/12\/mail-3-113x150.jpeg 113w, https:\/\/www.monaco-tribune.com\/wp-content\/uploads\/2021\/12\/mail-3-1152x1536.jpeg 1152w, https:\/\/www.monaco-tribune.com\/wp-content\/uploads\/2021\/12\/mail-3-135x180.jpeg 135w, https:\/\/www.monaco-tribune.com\/wp-content\/uploads\/2021\/12\/mail-3.jpeg 1200w\" sizes=\"auto, (max-width: 768px) 100vw, 768px\" \/><figcaption class=\"blocks-gallery-item__caption\"><em>\u00a9 Sacha Rigoli<\/em><\/figcaption><\/figure><\/li><\/ul><\/figure>\n\n<p><strong>LEGGI ANCHE:<\/strong> <a href=\"https:\/\/www.monaco-tribune.com\/it\/2021\/12\/foto-le-piu-belle-decorazioni-natalizie-dei-fioristi-di-monaco\/\">FOTO. Le pi\u00f9 belle decorazioni natalizie dei fioristi di Monaco<\/a><\/p>\n","protected":false},"excerpt":{"rendered":"<p>Siete stati pi\u00f9 di 80 a inviarci le splendide foto degli addobbi natalizi, sia a casa vostra che per le [&hellip;]<\/p>\n","protected":false},"author":60,"featured_media":104430,"comment_status":"closed","ping_status":"closed","sticky":false,"template":"","format":"standard","meta":{"_acf_changed":false,"footnotes":""},"categories":[1826,2433,1738],"tags":[],"post_sectags":[],"post_format":[2470],"class_list":["post-104498","post","type-post","status-publish","format-standard","has-post-thumbnail","hentry","category-la-nostra-scelta","category-le-vostre-opinioni","category-notizie","format-concorso"],"acf":[],"yoast_head":"<!-- This site is optimized with the Yoast SEO Premium plugin v26.8 (Yoast SEO v27.4) - https:\/\/yoast.com\/product\/yoast-seo-premium-wordpress\/ -->\n<title>Le foto pi\u00f9 belle degli addobbi natalizi scattate da voi<\/title>\n<meta name=\"description\" content=\"Siete stati pi\u00f9 di 80 a inviarci le splendide foto degli addobbi natalizi, sia a casa vostra che per le strade del Principato. Ecco una piccola selezione\" \/>\n<meta name=\"robots\" content=\"index, follow, max-snippet:-1, max-image-preview:large, max-video-preview:-1\" \/>\n<link rel=\"canonical\" href=\"https:\/\/www.monaco-tribune.com\/it\/2021\/12\/le-foto-piu-belle-degli-addobbi-natalizi-scattate-da-voi\/\" \/>\n<meta property=\"og:locale\" content=\"it_IT\" \/>\n<meta property=\"og:type\" content=\"article\" \/>\n<meta property=\"og:title\" content=\"Le foto pi\u00f9 belle degli addobbi natalizi scattate da voi - Monaco Tribune\" \/>\n<meta property=\"og:description\" content=\"Siete stati pi\u00f9 di 80 a inviarci le splendide foto degli addobbi natalizi, sia a casa vostra che per le strade del Principato. Ecco una piccola selezione\" \/>\n<meta property=\"og:url\" content=\"https:\/\/www.monaco-tribune.com\/it\/2021\/12\/le-foto-piu-belle-degli-addobbi-natalizi-scattate-da-voi\/\" \/>\n<meta property=\"og:site_name\" content=\"Monaco Tribune\" \/>\n<meta property=\"article:publisher\" content=\"https:\/\/www.facebook.com\/MonacoTribune\" \/>\n<meta property=\"article:published_time\" content=\"2021-12-21T17:24:01+00:00\" \/>\n<meta property=\"article:modified_time\" content=\"2022-01-22T17:03:49+00:00\" \/>\n<meta property=\"og:image\" content=\"https:\/\/www.monaco-tribune.com\/wp-content\/uploads\/2021\/12\/couverture-facebook-des-photos-de-service-de-the\u0301-a\u0300-trois-panneaux-1-1.png\" \/>\n\t<meta property=\"og:image:width\" content=\"1200\" \/>\n\t<meta property=\"og:image:height\" content=\"676\" \/>\n\t<meta property=\"og:image:type\" content=\"image\/png\" \/>\n<meta name=\"author\" content=\"Camille Esteve\" \/>\n<meta name=\"twitter:card\" content=\"summary_large_image\" \/>\n<meta name=\"twitter:creator\" content=\"@MonacoTribune\" \/>\n<meta name=\"twitter:site\" content=\"@MonacoTribune\" \/>\n<script type=\"application\/ld+json\" class=\"yoast-schema-graph\">{\"@context\":\"https:\\\/\\\/schema.org\",\"@graph\":[{\"@type\":\"NewsArticle\",\"@id\":\"https:\\\/\\\/www.monaco-tribune.com\\\/it\\\/2021\\\/12\\\/le-foto-piu-belle-degli-addobbi-natalizi-scattate-da-voi\\\/#article\",\"isPartOf\":{\"@id\":\"https:\\\/\\\/www.monaco-tribune.com\\\/it\\\/2021\\\/12\\\/le-foto-piu-belle-degli-addobbi-natalizi-scattate-da-voi\\\/\"},\"author\":{\"name\":\"Camille Esteve\",\"@id\":\"https:\\\/\\\/www.monaco-tribune.com\\\/it\\\/#\\\/schema\\\/person\\\/a855d420fff4d03637641d60b93ac62e\"},\"headline\":\"Le foto pi\u00f9 belle degli addobbi natalizi scattate da voi\",\"datePublished\":\"2021-12-21T17:24:01+00:00\",\"dateModified\":\"2022-01-22T17:03:49+00:00\",\"mainEntityOfPage\":{\"@id\":\"https:\\\/\\\/www.monaco-tribune.com\\\/it\\\/2021\\\/12\\\/le-foto-piu-belle-degli-addobbi-natalizi-scattate-da-voi\\\/\"},\"wordCount\":375,\"publisher\":{\"@id\":\"https:\\\/\\\/www.monaco-tribune.com\\\/it\\\/#organization\"},\"image\":{\"@id\":\"https:\\\/\\\/www.monaco-tribune.com\\\/it\\\/2021\\\/12\\\/le-foto-piu-belle-degli-addobbi-natalizi-scattate-da-voi\\\/#primaryimage\"},\"thumbnailUrl\":\"https:\\\/\\\/www.monaco-tribune.com\\\/wp-content\\\/uploads\\\/2021\\\/12\\\/couverture-facebook-des-photos-de-service-de-the\u0301-a\u0300-trois-panneaux-1-1.png\",\"articleSection\":[\"La nostra scelta\",\"Le vostre opinioni\",\"Notizie\"],\"inLanguage\":\"it-IT\",\"copyrightYear\":\"2021\",\"copyrightHolder\":{\"@id\":\"https:\\\/\\\/www.monaco-tribune.com\\\/#organization\"}},{\"@type\":\"WebPage\",\"@id\":\"https:\\\/\\\/www.monaco-tribune.com\\\/it\\\/2021\\\/12\\\/le-foto-piu-belle-degli-addobbi-natalizi-scattate-da-voi\\\/\",\"url\":\"https:\\\/\\\/www.monaco-tribune.com\\\/it\\\/2021\\\/12\\\/le-foto-piu-belle-degli-addobbi-natalizi-scattate-da-voi\\\/\",\"name\":\"Le foto pi\u00f9 belle degli addobbi natalizi scattate da voi\",\"isPartOf\":{\"@id\":\"https:\\\/\\\/www.monaco-tribune.com\\\/it\\\/#website\"},\"primaryImageOfPage\":{\"@id\":\"https:\\\/\\\/www.monaco-tribune.com\\\/it\\\/2021\\\/12\\\/le-foto-piu-belle-degli-addobbi-natalizi-scattate-da-voi\\\/#primaryimage\"},\"image\":{\"@id\":\"https:\\\/\\\/www.monaco-tribune.com\\\/it\\\/2021\\\/12\\\/le-foto-piu-belle-degli-addobbi-natalizi-scattate-da-voi\\\/#primaryimage\"},\"thumbnailUrl\":\"https:\\\/\\\/www.monaco-tribune.com\\\/wp-content\\\/uploads\\\/2021\\\/12\\\/couverture-facebook-des-photos-de-service-de-the\u0301-a\u0300-trois-panneaux-1-1.png\",\"datePublished\":\"2021-12-21T17:24:01+00:00\",\"dateModified\":\"2022-01-22T17:03:49+00:00\",\"description\":\"Siete stati pi\u00f9 di 80 a inviarci le splendide foto degli addobbi natalizi, sia a casa vostra che per le strade del Principato. Ecco una piccola selezione\",\"breadcrumb\":{\"@id\":\"https:\\\/\\\/www.monaco-tribune.com\\\/it\\\/2021\\\/12\\\/le-foto-piu-belle-degli-addobbi-natalizi-scattate-da-voi\\\/#breadcrumb\"},\"inLanguage\":\"it-IT\",\"potentialAction\":[{\"@type\":\"ReadAction\",\"target\":[\"https:\\\/\\\/www.monaco-tribune.com\\\/it\\\/2021\\\/12\\\/le-foto-piu-belle-degli-addobbi-natalizi-scattate-da-voi\\\/\"]}]},{\"@type\":\"ImageObject\",\"inLanguage\":\"it-IT\",\"@id\":\"https:\\\/\\\/www.monaco-tribune.com\\\/it\\\/2021\\\/12\\\/le-foto-piu-belle-degli-addobbi-natalizi-scattate-da-voi\\\/#primaryimage\",\"url\":\"https:\\\/\\\/www.monaco-tribune.com\\\/wp-content\\\/uploads\\\/2021\\\/12\\\/couverture-facebook-des-photos-de-service-de-the\u0301-a\u0300-trois-panneaux-1-1.png\",\"contentUrl\":\"https:\\\/\\\/www.monaco-tribune.com\\\/wp-content\\\/uploads\\\/2021\\\/12\\\/couverture-facebook-des-photos-de-service-de-the\u0301-a\u0300-trois-panneaux-1-1.png\",\"width\":1200,\"height\":676,\"caption\":\"Lise Bricoux - Iuli Constantin - Isadora Guriec\"},{\"@type\":\"BreadcrumbList\",\"@id\":\"https:\\\/\\\/www.monaco-tribune.com\\\/it\\\/2021\\\/12\\\/le-foto-piu-belle-degli-addobbi-natalizi-scattate-da-voi\\\/#breadcrumb\",\"itemListElement\":[{\"@type\":\"ListItem\",\"position\":1,\"name\":\"Accueil\",\"item\":\"https:\\\/\\\/www.monaco-tribune.com\\\/it\\\/\"},{\"@type\":\"ListItem\",\"position\":2,\"name\":\"Le foto pi\u00f9 belle degli addobbi natalizi scattate da voi\"}]},{\"@type\":\"WebSite\",\"@id\":\"https:\\\/\\\/www.monaco-tribune.com\\\/it\\\/#website\",\"url\":\"https:\\\/\\\/www.monaco-tribune.com\\\/it\\\/\",\"name\":\"Monaco Tribune\",\"description\":\"Monaco : actualit\u00e9s \u00e9conomiques, politiques, culturelles et sportives de Monaco et de la French Riviera.\",\"publisher\":{\"@id\":\"https:\\\/\\\/www.monaco-tribune.com\\\/it\\\/#organization\"},\"potentialAction\":[{\"@type\":\"SearchAction\",\"target\":{\"@type\":\"EntryPoint\",\"urlTemplate\":\"https:\\\/\\\/www.monaco-tribune.com\\\/it\\\/?s={search_term_string}\"},\"query-input\":{\"@type\":\"PropertyValueSpecification\",\"valueRequired\":true,\"valueName\":\"search_term_string\"}}],\"inLanguage\":\"it-IT\"},{\"@type\":\"Organization\",\"@id\":\"https:\\\/\\\/www.monaco-tribune.com\\\/it\\\/#organization\",\"name\":\"Monaco Tribune\",\"url\":\"https:\\\/\\\/www.monaco-tribune.com\\\/it\\\/\",\"logo\":{\"@type\":\"ImageObject\",\"inLanguage\":\"it-IT\",\"@id\":\"https:\\\/\\\/www.monaco-tribune.com\\\/it\\\/#\\\/schema\\\/logo\\\/image\\\/\",\"url\":\"https:\\\/\\\/www.monaco-tribune.com\\\/wp-content\\\/uploads\\\/2022\\\/11\\\/logo-monaco-tribune.png\",\"contentUrl\":\"https:\\\/\\\/www.monaco-tribune.com\\\/wp-content\\\/uploads\\\/2022\\\/11\\\/logo-monaco-tribune.png\",\"width\":1548,\"height\":600,\"caption\":\"Monaco Tribune\"},\"image\":{\"@id\":\"https:\\\/\\\/www.monaco-tribune.com\\\/it\\\/#\\\/schema\\\/logo\\\/image\\\/\"},\"sameAs\":[\"https:\\\/\\\/www.facebook.com\\\/MonacoTribune\",\"https:\\\/\\\/x.com\\\/MonacoTribune\",\"https:\\\/\\\/www.instagram.com\\\/monacotribune\\\/\",\"https:\\\/\\\/www.linkedin.com\\\/company\\\/monaco-tribune\",\"https:\\\/\\\/www.youtube.com\\\/channel\\\/UCHle1MnG6hw1y4lWKijVbMA\"]},{\"@type\":\"Person\",\"@id\":\"https:\\\/\\\/www.monaco-tribune.com\\\/it\\\/#\\\/schema\\\/person\\\/a855d420fff4d03637641d60b93ac62e\",\"name\":\"Camille Esteve\",\"image\":{\"@type\":\"ImageObject\",\"inLanguage\":\"it-IT\",\"@id\":\"https:\\\/\\\/secure.gravatar.com\\\/avatar\\\/eaaa2355a7bb56c0018a391c20a55bf9b4690e3f493231dd850e612bfa6ce161?s=96&d=mm&r=g\",\"url\":\"https:\\\/\\\/secure.gravatar.com\\\/avatar\\\/eaaa2355a7bb56c0018a391c20a55bf9b4690e3f493231dd850e612bfa6ce161?s=96&d=mm&r=g\",\"contentUrl\":\"https:\\\/\\\/secure.gravatar.com\\\/avatar\\\/eaaa2355a7bb56c0018a391c20a55bf9b4690e3f493231dd850e612bfa6ce161?s=96&d=mm&r=g\",\"caption\":\"Camille Esteve\"},\"url\":\"https:\\\/\\\/www.monaco-tribune.com\\\/it\\\/author\\\/camilleesteve\\\/\"}]}<\/script>\n<!-- \/ Yoast SEO Premium plugin. -->","yoast_head_json":{"title":"Le foto pi\u00f9 belle degli addobbi natalizi scattate da voi","description":"Siete stati pi\u00f9 di 80 a inviarci le splendide foto degli addobbi natalizi, sia a casa vostra che per le strade del Principato. Ecco una piccola selezione","robots":{"index":"index","follow":"follow","max-snippet":"max-snippet:-1","max-image-preview":"max-image-preview:large","max-video-preview":"max-video-preview:-1"},"canonical":"https:\/\/www.monaco-tribune.com\/it\/2021\/12\/le-foto-piu-belle-degli-addobbi-natalizi-scattate-da-voi\/","og_locale":"it_IT","og_type":"article","og_title":"Le foto pi\u00f9 belle degli addobbi natalizi scattate da voi - Monaco Tribune","og_description":"Siete stati pi\u00f9 di 80 a inviarci le splendide foto degli addobbi natalizi, sia a casa vostra che per le strade del Principato. Ecco una piccola selezione","og_url":"https:\/\/www.monaco-tribune.com\/it\/2021\/12\/le-foto-piu-belle-degli-addobbi-natalizi-scattate-da-voi\/","og_site_name":"Monaco Tribune","article_publisher":"https:\/\/www.facebook.com\/MonacoTribune","article_published_time":"2021-12-21T17:24:01+00:00","article_modified_time":"2022-01-22T17:03:49+00:00","og_image":[{"width":1200,"height":676,"url":"https:\/\/www.monaco-tribune.com\/wp-content\/uploads\/2021\/12\/couverture-facebook-des-photos-de-service-de-the\u0301-a\u0300-trois-panneaux-1-1.png","type":"image\/png"}],"author":"Camille Esteve","twitter_card":"summary_large_image","twitter_creator":"@MonacoTribune","twitter_site":"@MonacoTribune","schema":{"@context":"https:\/\/schema.org","@graph":[{"@type":"NewsArticle","@id":"https:\/\/www.monaco-tribune.com\/it\/2021\/12\/le-foto-piu-belle-degli-addobbi-natalizi-scattate-da-voi\/#article","isPartOf":{"@id":"https:\/\/www.monaco-tribune.com\/it\/2021\/12\/le-foto-piu-belle-degli-addobbi-natalizi-scattate-da-voi\/"},"author":{"name":"Camille Esteve","@id":"https:\/\/www.monaco-tribune.com\/it\/#\/schema\/person\/a855d420fff4d03637641d60b93ac62e"},"headline":"Le foto pi\u00f9 belle degli addobbi natalizi scattate da voi","datePublished":"2021-12-21T17:24:01+00:00","dateModified":"2022-01-22T17:03:49+00:00","mainEntityOfPage":{"@id":"https:\/\/www.monaco-tribune.com\/it\/2021\/12\/le-foto-piu-belle-degli-addobbi-natalizi-scattate-da-voi\/"},"wordCount":375,"publisher":{"@id":"https:\/\/www.monaco-tribune.com\/it\/#organization"},"image":{"@id":"https:\/\/www.monaco-tribune.com\/it\/2021\/12\/le-foto-piu-belle-degli-addobbi-natalizi-scattate-da-voi\/#primaryimage"},"thumbnailUrl":"https:\/\/www.monaco-tribune.com\/wp-content\/uploads\/2021\/12\/couverture-facebook-des-photos-de-service-de-the\u0301-a\u0300-trois-panneaux-1-1.png","articleSection":["La nostra scelta","Le vostre opinioni","Notizie"],"inLanguage":"it-IT","copyrightYear":"2021","copyrightHolder":{"@id":"https:\/\/www.monaco-tribune.com\/#organization"}},{"@type":"WebPage","@id":"https:\/\/www.monaco-tribune.com\/it\/2021\/12\/le-foto-piu-belle-degli-addobbi-natalizi-scattate-da-voi\/","url":"https:\/\/www.monaco-tribune.com\/it\/2021\/12\/le-foto-piu-belle-degli-addobbi-natalizi-scattate-da-voi\/","name":"Le foto pi\u00f9 belle degli addobbi natalizi scattate da voi","isPartOf":{"@id":"https:\/\/www.monaco-tribune.com\/it\/#website"},"primaryImageOfPage":{"@id":"https:\/\/www.monaco-tribune.com\/it\/2021\/12\/le-foto-piu-belle-degli-addobbi-natalizi-scattate-da-voi\/#primaryimage"},"image":{"@id":"https:\/\/www.monaco-tribune.com\/it\/2021\/12\/le-foto-piu-belle-degli-addobbi-natalizi-scattate-da-voi\/#primaryimage"},"thumbnailUrl":"https:\/\/www.monaco-tribune.com\/wp-content\/uploads\/2021\/12\/couverture-facebook-des-photos-de-service-de-the\u0301-a\u0300-trois-panneaux-1-1.png","datePublished":"2021-12-21T17:24:01+00:00","dateModified":"2022-01-22T17:03:49+00:00","description":"Siete stati pi\u00f9 di 80 a inviarci le splendide foto degli addobbi natalizi, sia a casa vostra che per le strade del Principato. Ecco una piccola selezione","breadcrumb":{"@id":"https:\/\/www.monaco-tribune.com\/it\/2021\/12\/le-foto-piu-belle-degli-addobbi-natalizi-scattate-da-voi\/#breadcrumb"},"inLanguage":"it-IT","potentialAction":[{"@type":"ReadAction","target":["https:\/\/www.monaco-tribune.com\/it\/2021\/12\/le-foto-piu-belle-degli-addobbi-natalizi-scattate-da-voi\/"]}]},{"@type":"ImageObject","inLanguage":"it-IT","@id":"https:\/\/www.monaco-tribune.com\/it\/2021\/12\/le-foto-piu-belle-degli-addobbi-natalizi-scattate-da-voi\/#primaryimage","url":"https:\/\/www.monaco-tribune.com\/wp-content\/uploads\/2021\/12\/couverture-facebook-des-photos-de-service-de-the\u0301-a\u0300-trois-panneaux-1-1.png","contentUrl":"https:\/\/www.monaco-tribune.com\/wp-content\/uploads\/2021\/12\/couverture-facebook-des-photos-de-service-de-the\u0301-a\u0300-trois-panneaux-1-1.png","width":1200,"height":676,"caption":"Lise Bricoux - Iuli Constantin - Isadora Guriec"},{"@type":"BreadcrumbList","@id":"https:\/\/www.monaco-tribune.com\/it\/2021\/12\/le-foto-piu-belle-degli-addobbi-natalizi-scattate-da-voi\/#breadcrumb","itemListElement":[{"@type":"ListItem","position":1,"name":"Accueil","item":"https:\/\/www.monaco-tribune.com\/it\/"},{"@type":"ListItem","position":2,"name":"Le foto pi\u00f9 belle degli addobbi natalizi scattate da voi"}]},{"@type":"WebSite","@id":"https:\/\/www.monaco-tribune.com\/it\/#website","url":"https:\/\/www.monaco-tribune.com\/it\/","name":"Monaco Tribune","description":"Monaco : actualit\u00e9s \u00e9conomiques, politiques, culturelles et sportives de Monaco et de la French Riviera.","publisher":{"@id":"https:\/\/www.monaco-tribune.com\/it\/#organization"},"potentialAction":[{"@type":"SearchAction","target":{"@type":"EntryPoint","urlTemplate":"https:\/\/www.monaco-tribune.com\/it\/?s={search_term_string}"},"query-input":{"@type":"PropertyValueSpecification","valueRequired":true,"valueName":"search_term_string"}}],"inLanguage":"it-IT"},{"@type":"Organization","@id":"https:\/\/www.monaco-tribune.com\/it\/#organization","name":"Monaco Tribune","url":"https:\/\/www.monaco-tribune.com\/it\/","logo":{"@type":"ImageObject","inLanguage":"it-IT","@id":"https:\/\/www.monaco-tribune.com\/it\/#\/schema\/logo\/image\/","url":"https:\/\/www.monaco-tribune.com\/wp-content\/uploads\/2022\/11\/logo-monaco-tribune.png","contentUrl":"https:\/\/www.monaco-tribune.com\/wp-content\/uploads\/2022\/11\/logo-monaco-tribune.png","width":1548,"height":600,"caption":"Monaco Tribune"},"image":{"@id":"https:\/\/www.monaco-tribune.com\/it\/#\/schema\/logo\/image\/"},"sameAs":["https:\/\/www.facebook.com\/MonacoTribune","https:\/\/x.com\/MonacoTribune","https:\/\/www.instagram.com\/monacotribune\/","https:\/\/www.linkedin.com\/company\/monaco-tribune","https:\/\/www.youtube.com\/channel\/UCHle1MnG6hw1y4lWKijVbMA"]},{"@type":"Person","@id":"https:\/\/www.monaco-tribune.com\/it\/#\/schema\/person\/a855d420fff4d03637641d60b93ac62e","name":"Camille Esteve","image":{"@type":"ImageObject","inLanguage":"it-IT","@id":"https:\/\/secure.gravatar.com\/avatar\/eaaa2355a7bb56c0018a391c20a55bf9b4690e3f493231dd850e612bfa6ce161?s=96&d=mm&r=g","url":"https:\/\/secure.gravatar.com\/avatar\/eaaa2355a7bb56c0018a391c20a55bf9b4690e3f493231dd850e612bfa6ce161?s=96&d=mm&r=g","contentUrl":"https:\/\/secure.gravatar.com\/avatar\/eaaa2355a7bb56c0018a391c20a55bf9b4690e3f493231dd850e612bfa6ce161?s=96&d=mm&r=g","caption":"Camille Esteve"},"url":"https:\/\/www.monaco-tribune.com\/it\/author\/camilleesteve\/"}]}},"_links":{"self":[{"href":"https:\/\/www.monaco-tribune.com\/it\/wp-json\/wp\/v2\/posts\/104498","targetHints":{"allow":["GET"]}}],"collection":[{"href":"https:\/\/www.monaco-tribune.com\/it\/wp-json\/wp\/v2\/posts"}],"about":[{"href":"https:\/\/www.monaco-tribune.com\/it\/wp-json\/wp\/v2\/types\/post"}],"author":[{"embeddable":true,"href":"https:\/\/www.monaco-tribune.com\/it\/wp-json\/wp\/v2\/users\/60"}],"replies":[{"embeddable":true,"href":"https:\/\/www.monaco-tribune.com\/it\/wp-json\/wp\/v2\/comments?post=104498"}],"version-history":[{"count":0,"href":"https:\/\/www.monaco-tribune.com\/it\/wp-json\/wp\/v2\/posts\/104498\/revisions"}],"wp:featuredmedia":[{"embeddable":true,"href":"https:\/\/www.monaco-tribune.com\/it\/wp-json\/wp\/v2\/media\/104430"}],"wp:attachment":[{"href":"https:\/\/www.monaco-tribune.com\/it\/wp-json\/wp\/v2\/media?parent=104498"}],"wp:term":[{"taxonomy":"category","embeddable":true,"href":"https:\/\/www.monaco-tribune.com\/it\/wp-json\/wp\/v2\/categories?post=104498"},{"taxonomy":"post_tag","embeddable":true,"href":"https:\/\/www.monaco-tribune.com\/it\/wp-json\/wp\/v2\/tags?post=104498"},{"taxonomy":"sectag","embeddable":true,"href":"https:\/\/www.monaco-tribune.com\/it\/wp-json\/wp\/v2\/post_sectags?post=104498"},{"taxonomy":"format","embeddable":true,"href":"https:\/\/www.monaco-tribune.com\/it\/wp-json\/wp\/v2\/post_format?post=104498"}],"curies":[{"name":"wp","href":"https:\/\/api.w.org\/{rel}","templated":true}]}}