{"id":105157,"date":"2021-12-29T14:05:01","date_gmt":"2021-12-29T13:05:01","guid":{"rendered":"https:\/\/www.monaco-tribune.com\/2021\/12\/as-monaco-i-ricordi-del-2021-e-le-aspettative-per-il-2022\/"},"modified":"2022-01-22T18:02:49","modified_gmt":"2022-01-22T17:02:49","slug":"as-monaco-i-ricordi-del-2021-e-le-aspettative-per-il-2022","status":"publish","type":"post","link":"https:\/\/www.monaco-tribune.com\/it\/2021\/12\/as-monaco-i-ricordi-del-2021-e-le-aspettative-per-il-2022\/","title":{"rendered":"AS Monaco: i ricordi del 2021 e le aspettative per il 2022"},"content":{"rendered":"\n<p><strong>L&#8217;AS Monaco ha appena concluso il 2021 con una promettente vittoria contro lo Stade Rennais (2-1). Dopo un inizio di stagione difficile, gli uomini di Niko Kovac si sono ripresi alla grande. Ma sar\u00e0 sufficiente a replicare la seconda met\u00e0 della stagione dell&#8217;anno scorso, che li ha visti competere per il titolo e finire sul podio?<\/strong><\/p>\n\n<p>&#8220;Possiamo andare in vacanza con un sorriso&#8221;, ha detto Aurelien Tchouameni dopo la vittoria sullo Stade Rennais mercoled\u00ec sera. &#8220;La squadra sta migliorando sempre di pi\u00f9. \u00c8 di buon auspicio per il 2022&#8221;. La seconda parte della stagione, quindi, lascia ben sperare.<\/p>\n\n<p>E non \u00e8 certo il discorso del vicepresidente dell&#8217;ASM, Oleg Petrov, a spegnere la speranza. &#8220;Il nostro obiettivo \u00e8 chiaro e non \u00e8 cambiato: puntiamo al podio alla fine della stagione. Poi vogliamo arrivare il pi\u00f9 lontano possibile in Europa League, dove, ripeto, abbiamo giocato un&#8217;ottima fase a gironi&#8221;.<\/p>\n\n<h2 class=\"wp-block-heading\" id=\"h-des-objectifs-eleves-en-ligue-europa\">Grandi obiettivi in Europa League<\/h2>\n\n<p>Con un sesto posto un po&#8217; deludente, come confermano le parole di Oleg Petrov, &#8220;in campionato speravamo di meglio&#8221;, i dirigenti si augurano che l&#8217;AS Monaco ripeta le performance della seconda met\u00e0 della scorsa stagione, che ha visto gli uomini di Niko Kovac ottenere risultati incredibili. Ma l&#8217;obiettivo non \u00e8 solo questo, \u00e8 anche dare il meglio in Europa League.<\/p>\n\n<blockquote class=\"wp-block-quote is-layout-flow wp-block-quote-is-layout-flow\"><p>Abbiamo avuto difficolt\u00e0 a tenere il passo con le partite ogni tre giorni<\/p><cite>Paul Mitchell <\/cite><\/blockquote>\n\n<p>Per il suo ritorno in Coppa Europa, nonostante la mancata qualificazione alla Champions League, l&#8217;AS Monaco ha dato davvero il meglio nella fase a gironi. La squadra \u00e8 rimasta imbattuta nonostante gli avversari, il Real Sociedad e il PSV Eindhoven, fossero pi\u00f9 che temibili sulla carta. Primi del loro gruppo e direttamente qualificati per i sedicesimi di finale, i monegaschi puntano in alto nella competizione e sperano di arrivare fino in fondo.<\/p>\n\n<p><strong>LEGGI ANCHE:<\/strong> <a href=\"https:\/\/www.monaco-tribune.com\/it\/2021\/12\/ligue-1-la-vittoria-contro-il-rennes-e-il-miglior-regalo-che-las-monaco-potesse-fare-ai-suoi-tifosi\/\">Ligue 1: la vittoria contro il Rennes \u00e8 il miglior regalo che l\u2019AS Monaco potesse fare ai suoi tifosi<\/a><\/p>\n\n<p>Una competizione che per\u00f2 ha provato fisicamente i giocatori, come sottolinea Paul Mitchell: &#8220;Abbiamo avuto difficolt\u00e0 a tenere il passo con le partite ogni tre giorni&#8221;, ammette il direttore sportivo dell&#8217;AS Monaco. &#8220;Alcuni giocatori, infatti, non avevano mai giocato con questi ritmi. Ma con il passare del tempo, i calciatori e lo staff hanno trovato un equilibrio migliore. Ora, grazie alla qualificazione diretta agli ottavi di finale, fino a marzo potremo concentrarci solo sul campionato&#8221;.<\/p>\n\n<h2 class=\"wp-block-heading\">In campionato si punta al podio<\/h2>\n\n<p>Quest&#8217;anno, l&#8217;obiettivo dell&#8217;AS Monaco \u00e8 anche quello di chiudere la stagione con una qualifica per la Champions League. Dopo essere stato eliminato nei play-off contro lo Shakhtar Donetsk, quest&#8217;anno il Monaco ha dimostrato di meritare un posto nella pi\u00f9 grande competizione europea.<\/p>\n\n<blockquote class=\"wp-block-quote is-layout-flow wp-block-quote-is-layout-flow\"><p>Penso che la crudelt\u00e0 della nostra eliminazione in Champions League sia stata piuttosto palese<\/p><cite>Paul Mitchell<\/cite><\/blockquote>\n\n<p>&#8220;Penso che la crudelt\u00e0 della nostra eliminazione in Champions League sia stata piuttosto palese&#8221;, ha detto Paul Mitchell, &#8220;In 15 anni non ho mai visto una sconfitta cos\u00ec amara dopo una performance cos\u00ec fantastica. Ma questo \u00e8 il calcio, succede. Ed \u00e8 uno dei motivi per cui amiamo questo sport&#8221;.<\/p>\n\n<p><strong>LEGGI ANCHE:<\/strong> <a href=\"https:\/\/www.monaco-tribune.com\/it\/2021\/08\/intervista-laurent-maire-presidente-del-club-dei-supporters-di-monaco\/\">INTERVISTA. Laurent Maire, presidente del Club dei tifosi dell\u2019AS Monaco<\/a><\/p>\n\n<p>Nella conferenza stampa dopo la vittoria sul Rennes, Niko Kovac ha ricordato tutti gli aspetti positivi del 2021, anno in cui l&#8217;ASM ha vissuto una prima stagione da sogno sulla Rocca. &#8220;La scorsa stagione ci siamo classificati terzi in campionato e siamo anche arrivati in finale nella Coppa di Francia. Ora ci stiamo avvicinando al podio e ci siamo qualificati per i sedicesimi di finale in Europa League. \u00c8 stato un anno grandioso&#8221;. Speriamo che il prossimo non sia da meno.<\/p>\n\n<div class=\"wp-block-image\"><figure class=\"aligncenter size-full\"><img loading=\"lazy\" decoding=\"async\" width=\"1020\" height=\"572\" src=\"https:\/\/www.monaco-tribune.com\/wp-content\/uploads\/2021\/12\/as-monaco-dix-ans.jpeg\" alt=\"\" class=\"wp-image-105106\" srcset=\"https:\/\/www.monaco-tribune.com\/wp-content\/uploads\/2021\/12\/as-monaco-dix-ans.jpeg 1020w, https:\/\/www.monaco-tribune.com\/wp-content\/uploads\/2021\/12\/as-monaco-dix-ans-535x300.jpeg 535w, https:\/\/www.monaco-tribune.com\/wp-content\/uploads\/2021\/12\/as-monaco-dix-ans-267x150.jpeg 267w, https:\/\/www.monaco-tribune.com\/wp-content\/uploads\/2021\/12\/as-monaco-dix-ans-768x431.jpeg 768w, https:\/\/www.monaco-tribune.com\/wp-content\/uploads\/2021\/12\/as-monaco-dix-ans-175x98.jpeg 175w\" sizes=\"auto, (max-width: 1020px) 100vw, 1020px\" \/><figcaption>\u00a9 AS Monaco<\/figcaption><\/figure><\/div>\n\n<h2 class=\"wp-block-heading\">Il messaggio di Dmitri Rybolovlev ai tifosi<\/h2>\n\n<p>Il presidente dell&#8217;AS Monaco ha indirizzato una lettera ai tifosi del club per ringraziarli del supporto. Dmitri Rybolovlev ha ripercorso il &#8220;nuovo capitolo&#8221; della sua &#8220;vita&#8221; che &#8220;\u00e8 iniziato il 23 dicembre 2011&#8221;. Dalla promozione in Ligue 1, al titolo del 2017, alle avventure in Coppa Europa, il presidente dell&#8217;ASM ha voluto ricordare &#8220;queste formidabili imprese&#8221; che fanno &#8220;ormai parte della storia del club&#8221;.<\/p>\n\n<blockquote class=\"wp-block-quote is-layout-flow wp-block-quote-is-layout-flow\"><p>Far crescere costantemente l&#8217;AS Monaco \u00e8 l&#8217;obiettivo che mi sono posto fin dall&#8217;inizio di questa avventura. Potete contare sulla mia determinazione, continuer\u00f2 su questa strada<\/p><cite>Dmitry Rybolovlev<\/cite><\/blockquote>\n\n<p>La roccia dell&#8217;AS Monaco ha ammesso che non avrebbe mai immaginato di &#8220;vivere tante emozioni forti e segnanti&#8221;. Dal suo arrivo al club, Dmitri Rybolovlev ha contribuito allo sviluppo di numerosi progetti, il pi\u00f9 grande \u00e8 sicuramente il <a href=\"https:\/\/www.monaco-tribune.com\/it\/2021\/04\/nuove-notizie-sul-centro-di-allenamento-dellas-monaco\/\">Centro di allenamento &#8220;La Turbie&#8221;<\/a>. &#8220;Far crescere costantemente l&#8217;AS Monaco \u00e8 l&#8217;obiettivo che mi sono posto fin dall&#8217;inizio di questa avventura. Potete contare sulla mia determinazione, continuer\u00f2 su questa strada&#8221;, ha affermato prima di ringraziare i tifosi dell&#8217;ASM.<\/p>\n\n<p>&#8220;In questi anni, mi sono reso conto di quanto l&#8217;AS Monaco non sia una squadra come le altre, di quanto sia speciale il legame che vi unisce alla nostra squadra, sia nel Principato che negli stadi di Ligue 1 e d&#8217;Europa, dove riempite regolarmente gli spalti dei visitatori. Vi ringrazio sinceramente per il sostegno che date ogni giorno ai Rossobianchi. Sono proprio questa passione e questa lealt\u00e0 a spingermi a mettercela tutta ogni giorno&#8221;.<\/p>\n\n<p><strong>LEGGI ANCHE:<\/strong> <a href=\"https:\/\/www.asmonaco.com\/lettre-de-dmitry-rybolovlev-aux-supporters\/\">Lettera di Dmitri Rybolovlev ai tifosi<\/a><\/p>\n","protected":false},"excerpt":{"rendered":"<p>L&#8217;AS Monaco ha appena concluso il 2021 con una promettente vittoria contro lo Stade Rennais (2-1). Dopo un inizio di [&hellip;]<\/p>\n","protected":false},"author":24,"featured_media":105013,"comment_status":"closed","ping_status":"closed","sticky":false,"template":"","format":"standard","meta":{"_acf_changed":false,"footnotes":""},"categories":[1826,1738,1743],"tags":[2846],"post_sectags":[],"post_format":[2486],"class_list":["post-105157","post","type-post","status-publish","format-standard","has-post-thumbnail","hentry","category-la-nostra-scelta","category-notizie","category-sport-it","tag-as-monaco-it-2","format-servizio"],"acf":[],"yoast_head":"<!-- This site is optimized with the Yoast SEO Premium plugin v27.5 (Yoast SEO v27.5) - https:\/\/yoast.com\/product\/yoast-seo-premium-wordpress\/ -->\n<title>AS Monaco: i ricordi del 2021 e le aspettative per il 2022<\/title>\n<meta name=\"description\" content=\"L&#039;AS Monaco ha appena concluso il 2021 con una promettente vittoria contro lo Stade Rennais (2-1). Dopo un inizio di stagione difficile, gli uomini di\" \/>\n<meta name=\"robots\" content=\"index, follow, max-snippet:-1, max-image-preview:large, max-video-preview:-1\" \/>\n<link rel=\"canonical\" href=\"https:\/\/www.monaco-tribune.com\/it\/2021\/12\/as-monaco-i-ricordi-del-2021-e-le-aspettative-per-il-2022\/\" \/>\n<meta property=\"og:locale\" content=\"it_IT\" \/>\n<meta property=\"og:type\" content=\"article\" \/>\n<meta property=\"og:title\" content=\"AS Monaco: i ricordi del 2021 e le aspettative per il 2022 - Monaco Tribune\" \/>\n<meta property=\"og:description\" content=\"L&#039;AS Monaco ha appena concluso il 2021 con una promettente vittoria contro lo Stade Rennais (2-1). Dopo un inizio di stagione difficile, gli uomini di\" \/>\n<meta property=\"og:url\" content=\"https:\/\/www.monaco-tribune.com\/it\/2021\/12\/as-monaco-i-ricordi-del-2021-e-le-aspettative-per-il-2022\/\" \/>\n<meta property=\"og:site_name\" content=\"Monaco Tribune\" \/>\n<meta property=\"article:publisher\" content=\"https:\/\/www.facebook.com\/MonacoTribune\" \/>\n<meta property=\"article:published_time\" content=\"2021-12-29T13:05:01+00:00\" \/>\n<meta property=\"article:modified_time\" content=\"2022-01-22T17:02:49+00:00\" \/>\n<meta property=\"og:image\" content=\"https:\/\/www.monaco-tribune.com\/wp-content\/uploads\/2021\/12\/as-monaco-1.jpg\" \/>\n\t<meta property=\"og:image:width\" content=\"1024\" \/>\n\t<meta property=\"og:image:height\" content=\"574\" \/>\n\t<meta property=\"og:image:type\" content=\"image\/jpeg\" \/>\n<meta name=\"author\" content=\"Romain Boisaubert\" \/>\n<meta name=\"twitter:card\" content=\"summary_large_image\" \/>\n<meta name=\"twitter:creator\" content=\"@MonacoTribune\" \/>\n<meta name=\"twitter:site\" content=\"@MonacoTribune\" \/>\n<script type=\"application\/ld+json\" class=\"yoast-schema-graph\">{\"@context\":\"https:\\\/\\\/schema.org\",\"@graph\":[{\"@type\":\"NewsArticle\",\"@id\":\"https:\\\/\\\/www.monaco-tribune.com\\\/it\\\/2021\\\/12\\\/as-monaco-i-ricordi-del-2021-e-le-aspettative-per-il-2022\\\/#article\",\"isPartOf\":{\"@id\":\"https:\\\/\\\/www.monaco-tribune.com\\\/it\\\/2021\\\/12\\\/as-monaco-i-ricordi-del-2021-e-le-aspettative-per-il-2022\\\/\"},\"author\":{\"name\":\"Romain Boisaubert\",\"@id\":\"https:\\\/\\\/www.monaco-tribune.com\\\/it\\\/#\\\/schema\\\/person\\\/330a3732947cf8cb41b2533a0eadd62e\"},\"headline\":\"AS Monaco: i ricordi del 2021 e le aspettative per il 2022\",\"datePublished\":\"2021-12-29T13:05:01+00:00\",\"dateModified\":\"2022-01-22T17:02:49+00:00\",\"mainEntityOfPage\":{\"@id\":\"https:\\\/\\\/www.monaco-tribune.com\\\/it\\\/2021\\\/12\\\/as-monaco-i-ricordi-del-2021-e-le-aspettative-per-il-2022\\\/\"},\"wordCount\":871,\"publisher\":{\"@id\":\"https:\\\/\\\/www.monaco-tribune.com\\\/it\\\/#organization\"},\"image\":{\"@id\":\"https:\\\/\\\/www.monaco-tribune.com\\\/it\\\/2021\\\/12\\\/as-monaco-i-ricordi-del-2021-e-le-aspettative-per-il-2022\\\/#primaryimage\"},\"thumbnailUrl\":\"https:\\\/\\\/www.monaco-tribune.com\\\/wp-content\\\/uploads\\\/2021\\\/12\\\/as-monaco-1.jpg\",\"keywords\":[\"AS Monaco\"],\"articleSection\":[\"La nostra scelta\",\"Notizie\",\"Sport\"],\"inLanguage\":\"it-IT\",\"copyrightYear\":\"2021\",\"copyrightHolder\":{\"@id\":\"https:\\\/\\\/www.monaco-tribune.com\\\/#organization\"}},{\"@type\":\"WebPage\",\"@id\":\"https:\\\/\\\/www.monaco-tribune.com\\\/it\\\/2021\\\/12\\\/as-monaco-i-ricordi-del-2021-e-le-aspettative-per-il-2022\\\/\",\"url\":\"https:\\\/\\\/www.monaco-tribune.com\\\/it\\\/2021\\\/12\\\/as-monaco-i-ricordi-del-2021-e-le-aspettative-per-il-2022\\\/\",\"name\":\"AS Monaco: i ricordi del 2021 e le aspettative per il 2022\",\"isPartOf\":{\"@id\":\"https:\\\/\\\/www.monaco-tribune.com\\\/it\\\/#website\"},\"primaryImageOfPage\":{\"@id\":\"https:\\\/\\\/www.monaco-tribune.com\\\/it\\\/2021\\\/12\\\/as-monaco-i-ricordi-del-2021-e-le-aspettative-per-il-2022\\\/#primaryimage\"},\"image\":{\"@id\":\"https:\\\/\\\/www.monaco-tribune.com\\\/it\\\/2021\\\/12\\\/as-monaco-i-ricordi-del-2021-e-le-aspettative-per-il-2022\\\/#primaryimage\"},\"thumbnailUrl\":\"https:\\\/\\\/www.monaco-tribune.com\\\/wp-content\\\/uploads\\\/2021\\\/12\\\/as-monaco-1.jpg\",\"datePublished\":\"2021-12-29T13:05:01+00:00\",\"dateModified\":\"2022-01-22T17:02:49+00:00\",\"description\":\"L'AS Monaco ha appena concluso il 2021 con una promettente vittoria contro lo Stade Rennais (2-1). Dopo un inizio di stagione difficile, gli uomini di\",\"breadcrumb\":{\"@id\":\"https:\\\/\\\/www.monaco-tribune.com\\\/it\\\/2021\\\/12\\\/as-monaco-i-ricordi-del-2021-e-le-aspettative-per-il-2022\\\/#breadcrumb\"},\"inLanguage\":\"it-IT\",\"potentialAction\":[{\"@type\":\"ReadAction\",\"target\":[\"https:\\\/\\\/www.monaco-tribune.com\\\/it\\\/2021\\\/12\\\/as-monaco-i-ricordi-del-2021-e-le-aspettative-per-il-2022\\\/\"]}]},{\"@type\":\"ImageObject\",\"inLanguage\":\"it-IT\",\"@id\":\"https:\\\/\\\/www.monaco-tribune.com\\\/it\\\/2021\\\/12\\\/as-monaco-i-ricordi-del-2021-e-le-aspettative-per-il-2022\\\/#primaryimage\",\"url\":\"https:\\\/\\\/www.monaco-tribune.com\\\/wp-content\\\/uploads\\\/2021\\\/12\\\/as-monaco-1.jpg\",\"contentUrl\":\"https:\\\/\\\/www.monaco-tribune.com\\\/wp-content\\\/uploads\\\/2021\\\/12\\\/as-monaco-1.jpg\",\"width\":1024,\"height\":574,\"caption\":\"AS Monaco\"},{\"@type\":\"BreadcrumbList\",\"@id\":\"https:\\\/\\\/www.monaco-tribune.com\\\/it\\\/2021\\\/12\\\/as-monaco-i-ricordi-del-2021-e-le-aspettative-per-il-2022\\\/#breadcrumb\",\"itemListElement\":[{\"@type\":\"ListItem\",\"position\":1,\"name\":\"Accueil\",\"item\":\"https:\\\/\\\/www.monaco-tribune.com\\\/it\\\/\"},{\"@type\":\"ListItem\",\"position\":2,\"name\":\"AS Monaco: i ricordi del 2021 e le aspettative per il 2022\"}]},{\"@type\":\"WebSite\",\"@id\":\"https:\\\/\\\/www.monaco-tribune.com\\\/it\\\/#website\",\"url\":\"https:\\\/\\\/www.monaco-tribune.com\\\/it\\\/\",\"name\":\"Monaco Tribune\",\"description\":\"Monaco : actualit\u00e9s \u00e9conomiques, politiques, culturelles et sportives de Monaco et de la French Riviera.\",\"publisher\":{\"@id\":\"https:\\\/\\\/www.monaco-tribune.com\\\/it\\\/#organization\"},\"potentialAction\":[{\"@type\":\"SearchAction\",\"target\":{\"@type\":\"EntryPoint\",\"urlTemplate\":\"https:\\\/\\\/www.monaco-tribune.com\\\/it\\\/?s={search_term_string}\"},\"query-input\":{\"@type\":\"PropertyValueSpecification\",\"valueRequired\":true,\"valueName\":\"search_term_string\"}}],\"inLanguage\":\"it-IT\"},{\"@type\":\"Organization\",\"@id\":\"https:\\\/\\\/www.monaco-tribune.com\\\/it\\\/#organization\",\"name\":\"Monaco Tribune\",\"url\":\"https:\\\/\\\/www.monaco-tribune.com\\\/it\\\/\",\"logo\":{\"@type\":\"ImageObject\",\"inLanguage\":\"it-IT\",\"@id\":\"https:\\\/\\\/www.monaco-tribune.com\\\/it\\\/#\\\/schema\\\/logo\\\/image\\\/\",\"url\":\"https:\\\/\\\/www.monaco-tribune.com\\\/wp-content\\\/uploads\\\/2022\\\/11\\\/logo-monaco-tribune.png\",\"contentUrl\":\"https:\\\/\\\/www.monaco-tribune.com\\\/wp-content\\\/uploads\\\/2022\\\/11\\\/logo-monaco-tribune.png\",\"width\":1548,\"height\":600,\"caption\":\"Monaco Tribune\"},\"image\":{\"@id\":\"https:\\\/\\\/www.monaco-tribune.com\\\/it\\\/#\\\/schema\\\/logo\\\/image\\\/\"},\"sameAs\":[\"https:\\\/\\\/www.facebook.com\\\/MonacoTribune\",\"https:\\\/\\\/x.com\\\/MonacoTribune\",\"https:\\\/\\\/www.instagram.com\\\/monacotribune\\\/\",\"https:\\\/\\\/www.linkedin.com\\\/company\\\/monaco-tribune\",\"https:\\\/\\\/www.youtube.com\\\/channel\\\/UCHle1MnG6hw1y4lWKijVbMA\"]},{\"@type\":\"Person\",\"@id\":\"https:\\\/\\\/www.monaco-tribune.com\\\/it\\\/#\\\/schema\\\/person\\\/330a3732947cf8cb41b2533a0eadd62e\",\"name\":\"Romain Boisaubert\",\"image\":{\"@type\":\"ImageObject\",\"inLanguage\":\"it-IT\",\"@id\":\"https:\\\/\\\/secure.gravatar.com\\\/avatar\\\/f8b90d41f1eabd1cbe4cf59e09d8db41a697d51919bf2dfe727589a24a4a4d54?s=96&d=mm&r=g\",\"url\":\"https:\\\/\\\/secure.gravatar.com\\\/avatar\\\/f8b90d41f1eabd1cbe4cf59e09d8db41a697d51919bf2dfe727589a24a4a4d54?s=96&d=mm&r=g\",\"contentUrl\":\"https:\\\/\\\/secure.gravatar.com\\\/avatar\\\/f8b90d41f1eabd1cbe4cf59e09d8db41a697d51919bf2dfe727589a24a4a4d54?s=96&d=mm&r=g\",\"caption\":\"Romain Boisaubert\"},\"description\":\"Test bio\",\"url\":\"https:\\\/\\\/www.monaco-tribune.com\\\/it\\\/author\\\/romain-boisaubert\\\/\"}]}<\/script>\n<!-- \/ Yoast SEO Premium plugin. -->","yoast_head_json":{"title":"AS Monaco: i ricordi del 2021 e le aspettative per il 2022","description":"L'AS Monaco ha appena concluso il 2021 con una promettente vittoria contro lo Stade Rennais (2-1). Dopo un inizio di stagione difficile, gli uomini di","robots":{"index":"index","follow":"follow","max-snippet":"max-snippet:-1","max-image-preview":"max-image-preview:large","max-video-preview":"max-video-preview:-1"},"canonical":"https:\/\/www.monaco-tribune.com\/it\/2021\/12\/as-monaco-i-ricordi-del-2021-e-le-aspettative-per-il-2022\/","og_locale":"it_IT","og_type":"article","og_title":"AS Monaco: i ricordi del 2021 e le aspettative per il 2022 - Monaco Tribune","og_description":"L'AS Monaco ha appena concluso il 2021 con una promettente vittoria contro lo Stade Rennais (2-1). Dopo un inizio di stagione difficile, gli uomini di","og_url":"https:\/\/www.monaco-tribune.com\/it\/2021\/12\/as-monaco-i-ricordi-del-2021-e-le-aspettative-per-il-2022\/","og_site_name":"Monaco Tribune","article_publisher":"https:\/\/www.facebook.com\/MonacoTribune","article_published_time":"2021-12-29T13:05:01+00:00","article_modified_time":"2022-01-22T17:02:49+00:00","og_image":[{"width":1024,"height":574,"url":"https:\/\/www.monaco-tribune.com\/wp-content\/uploads\/2021\/12\/as-monaco-1.jpg","type":"image\/jpeg"}],"author":"Romain Boisaubert","twitter_card":"summary_large_image","twitter_creator":"@MonacoTribune","twitter_site":"@MonacoTribune","schema":{"@context":"https:\/\/schema.org","@graph":[{"@type":"NewsArticle","@id":"https:\/\/www.monaco-tribune.com\/it\/2021\/12\/as-monaco-i-ricordi-del-2021-e-le-aspettative-per-il-2022\/#article","isPartOf":{"@id":"https:\/\/www.monaco-tribune.com\/it\/2021\/12\/as-monaco-i-ricordi-del-2021-e-le-aspettative-per-il-2022\/"},"author":{"name":"Romain Boisaubert","@id":"https:\/\/www.monaco-tribune.com\/it\/#\/schema\/person\/330a3732947cf8cb41b2533a0eadd62e"},"headline":"AS Monaco: i ricordi del 2021 e le aspettative per il 2022","datePublished":"2021-12-29T13:05:01+00:00","dateModified":"2022-01-22T17:02:49+00:00","mainEntityOfPage":{"@id":"https:\/\/www.monaco-tribune.com\/it\/2021\/12\/as-monaco-i-ricordi-del-2021-e-le-aspettative-per-il-2022\/"},"wordCount":871,"publisher":{"@id":"https:\/\/www.monaco-tribune.com\/it\/#organization"},"image":{"@id":"https:\/\/www.monaco-tribune.com\/it\/2021\/12\/as-monaco-i-ricordi-del-2021-e-le-aspettative-per-il-2022\/#primaryimage"},"thumbnailUrl":"https:\/\/www.monaco-tribune.com\/wp-content\/uploads\/2021\/12\/as-monaco-1.jpg","keywords":["AS Monaco"],"articleSection":["La nostra scelta","Notizie","Sport"],"inLanguage":"it-IT","copyrightYear":"2021","copyrightHolder":{"@id":"https:\/\/www.monaco-tribune.com\/#organization"}},{"@type":"WebPage","@id":"https:\/\/www.monaco-tribune.com\/it\/2021\/12\/as-monaco-i-ricordi-del-2021-e-le-aspettative-per-il-2022\/","url":"https:\/\/www.monaco-tribune.com\/it\/2021\/12\/as-monaco-i-ricordi-del-2021-e-le-aspettative-per-il-2022\/","name":"AS Monaco: i ricordi del 2021 e le aspettative per il 2022","isPartOf":{"@id":"https:\/\/www.monaco-tribune.com\/it\/#website"},"primaryImageOfPage":{"@id":"https:\/\/www.monaco-tribune.com\/it\/2021\/12\/as-monaco-i-ricordi-del-2021-e-le-aspettative-per-il-2022\/#primaryimage"},"image":{"@id":"https:\/\/www.monaco-tribune.com\/it\/2021\/12\/as-monaco-i-ricordi-del-2021-e-le-aspettative-per-il-2022\/#primaryimage"},"thumbnailUrl":"https:\/\/www.monaco-tribune.com\/wp-content\/uploads\/2021\/12\/as-monaco-1.jpg","datePublished":"2021-12-29T13:05:01+00:00","dateModified":"2022-01-22T17:02:49+00:00","description":"L'AS Monaco ha appena concluso il 2021 con una promettente vittoria contro lo Stade Rennais (2-1). Dopo un inizio di stagione difficile, gli uomini di","breadcrumb":{"@id":"https:\/\/www.monaco-tribune.com\/it\/2021\/12\/as-monaco-i-ricordi-del-2021-e-le-aspettative-per-il-2022\/#breadcrumb"},"inLanguage":"it-IT","potentialAction":[{"@type":"ReadAction","target":["https:\/\/www.monaco-tribune.com\/it\/2021\/12\/as-monaco-i-ricordi-del-2021-e-le-aspettative-per-il-2022\/"]}]},{"@type":"ImageObject","inLanguage":"it-IT","@id":"https:\/\/www.monaco-tribune.com\/it\/2021\/12\/as-monaco-i-ricordi-del-2021-e-le-aspettative-per-il-2022\/#primaryimage","url":"https:\/\/www.monaco-tribune.com\/wp-content\/uploads\/2021\/12\/as-monaco-1.jpg","contentUrl":"https:\/\/www.monaco-tribune.com\/wp-content\/uploads\/2021\/12\/as-monaco-1.jpg","width":1024,"height":574,"caption":"AS Monaco"},{"@type":"BreadcrumbList","@id":"https:\/\/www.monaco-tribune.com\/it\/2021\/12\/as-monaco-i-ricordi-del-2021-e-le-aspettative-per-il-2022\/#breadcrumb","itemListElement":[{"@type":"ListItem","position":1,"name":"Accueil","item":"https:\/\/www.monaco-tribune.com\/it\/"},{"@type":"ListItem","position":2,"name":"AS Monaco: i ricordi del 2021 e le aspettative per il 2022"}]},{"@type":"WebSite","@id":"https:\/\/www.monaco-tribune.com\/it\/#website","url":"https:\/\/www.monaco-tribune.com\/it\/","name":"Monaco Tribune","description":"Monaco : actualit\u00e9s \u00e9conomiques, politiques, culturelles et sportives de Monaco et de la French Riviera.","publisher":{"@id":"https:\/\/www.monaco-tribune.com\/it\/#organization"},"potentialAction":[{"@type":"SearchAction","target":{"@type":"EntryPoint","urlTemplate":"https:\/\/www.monaco-tribune.com\/it\/?s={search_term_string}"},"query-input":{"@type":"PropertyValueSpecification","valueRequired":true,"valueName":"search_term_string"}}],"inLanguage":"it-IT"},{"@type":"Organization","@id":"https:\/\/www.monaco-tribune.com\/it\/#organization","name":"Monaco Tribune","url":"https:\/\/www.monaco-tribune.com\/it\/","logo":{"@type":"ImageObject","inLanguage":"it-IT","@id":"https:\/\/www.monaco-tribune.com\/it\/#\/schema\/logo\/image\/","url":"https:\/\/www.monaco-tribune.com\/wp-content\/uploads\/2022\/11\/logo-monaco-tribune.png","contentUrl":"https:\/\/www.monaco-tribune.com\/wp-content\/uploads\/2022\/11\/logo-monaco-tribune.png","width":1548,"height":600,"caption":"Monaco Tribune"},"image":{"@id":"https:\/\/www.monaco-tribune.com\/it\/#\/schema\/logo\/image\/"},"sameAs":["https:\/\/www.facebook.com\/MonacoTribune","https:\/\/x.com\/MonacoTribune","https:\/\/www.instagram.com\/monacotribune\/","https:\/\/www.linkedin.com\/company\/monaco-tribune","https:\/\/www.youtube.com\/channel\/UCHle1MnG6hw1y4lWKijVbMA"]},{"@type":"Person","@id":"https:\/\/www.monaco-tribune.com\/it\/#\/schema\/person\/330a3732947cf8cb41b2533a0eadd62e","name":"Romain Boisaubert","image":{"@type":"ImageObject","inLanguage":"it-IT","@id":"https:\/\/secure.gravatar.com\/avatar\/f8b90d41f1eabd1cbe4cf59e09d8db41a697d51919bf2dfe727589a24a4a4d54?s=96&d=mm&r=g","url":"https:\/\/secure.gravatar.com\/avatar\/f8b90d41f1eabd1cbe4cf59e09d8db41a697d51919bf2dfe727589a24a4a4d54?s=96&d=mm&r=g","contentUrl":"https:\/\/secure.gravatar.com\/avatar\/f8b90d41f1eabd1cbe4cf59e09d8db41a697d51919bf2dfe727589a24a4a4d54?s=96&d=mm&r=g","caption":"Romain Boisaubert"},"description":"Test bio","url":"https:\/\/www.monaco-tribune.com\/it\/author\/romain-boisaubert\/"}]}},"_links":{"self":[{"href":"https:\/\/www.monaco-tribune.com\/it\/wp-json\/wp\/v2\/posts\/105157","targetHints":{"allow":["GET"]}}],"collection":[{"href":"https:\/\/www.monaco-tribune.com\/it\/wp-json\/wp\/v2\/posts"}],"about":[{"href":"https:\/\/www.monaco-tribune.com\/it\/wp-json\/wp\/v2\/types\/post"}],"author":[{"embeddable":true,"href":"https:\/\/www.monaco-tribune.com\/it\/wp-json\/wp\/v2\/users\/24"}],"replies":[{"embeddable":true,"href":"https:\/\/www.monaco-tribune.com\/it\/wp-json\/wp\/v2\/comments?post=105157"}],"version-history":[{"count":0,"href":"https:\/\/www.monaco-tribune.com\/it\/wp-json\/wp\/v2\/posts\/105157\/revisions"}],"wp:featuredmedia":[{"embeddable":true,"href":"https:\/\/www.monaco-tribune.com\/it\/wp-json\/wp\/v2\/media\/105013"}],"wp:attachment":[{"href":"https:\/\/www.monaco-tribune.com\/it\/wp-json\/wp\/v2\/media?parent=105157"}],"wp:term":[{"taxonomy":"category","embeddable":true,"href":"https:\/\/www.monaco-tribune.com\/it\/wp-json\/wp\/v2\/categories?post=105157"},{"taxonomy":"post_tag","embeddable":true,"href":"https:\/\/www.monaco-tribune.com\/it\/wp-json\/wp\/v2\/tags?post=105157"},{"taxonomy":"sectag","embeddable":true,"href":"https:\/\/www.monaco-tribune.com\/it\/wp-json\/wp\/v2\/post_sectags?post=105157"},{"taxonomy":"format","embeddable":true,"href":"https:\/\/www.monaco-tribune.com\/it\/wp-json\/wp\/v2\/post_format?post=105157"}],"curies":[{"name":"wp","href":"https:\/\/api.w.org\/{rel}","templated":true}]}}