{"id":105776,"date":"2022-01-07T10:13:04","date_gmt":"2022-01-07T09:13:04","guid":{"rendered":"https:\/\/www.monaco-tribune.com\/2022\/01\/lestate-del-grimaldi-forum-una-mostra-evento-su-christian-louboutin\/"},"modified":"2022-01-22T18:02:11","modified_gmt":"2022-01-22T17:02:11","slug":"lestate-del-grimaldi-forum-una-mostra-evento-su-christian-louboutin","status":"publish","type":"post","link":"https:\/\/www.monaco-tribune.com\/it\/2022\/01\/lestate-del-grimaldi-forum-una-mostra-evento-su-christian-louboutin\/","title":{"rendered":"L&#8217;estate del Grimaldi Forum: una mostra evento su Christian Louboutin"},"content":{"rendered":"\n<p><strong>Dal 9 luglio al 22 agosto, vi aspetta la tanto attesa mostra<\/strong> <strong>\u201cChristian Louboutin, L\u2019Exhibition[niste]\u201d.<\/strong><\/p>\n\n<p>Creativo, eccessivo, eccentrico, spettacolare, visionario&#8230; Sono solo alcuni degli aggettivi usati per definire lo stilista Christian Louboutin! Quest&#8217;estate, al Grimaldi Forum, sar\u00e0 lui il protagonista della mostra \u201cChristian Louboutin, L\u2019Exhibition[niste]\u201d.<\/p>\n\n<p>Un&#8217;esposizione gi\u00e0 presentata nel 2020 al Palais de la Porte Dor\u00e9e di Parigi, ma che ora \u00e8 stata ripensata appositamente per il Principato da Olivier Gabet. Si tratta di una retrospettiva che rende omaggio all&#8217;incredibile lavoro di Christian Louboutin in uno spazio di 2.000 mq.<\/p>\n\n<p>Gli amanti delle scarpe di classe potranno ammirare modelli unici e pezzi iconici. Saranno presenti i diversi temi che hanno ispirato lo stilista: l&#8217;oceano, il balletto russo, la pop art, le arti africane e non solo. Scoprirete anche alcuni progetti portati avanti da Louboutin in collaborazione con artisti del calibro di David Lynch, Blanca Li e Allen Jones.<\/p>\n\n<h2 class=\"wp-block-heading\" id=\"h-et-en-attendant\">Come ingannare l&#8217;attesa?<\/h2>\n\n<p>Da qui a quest&#8217;estate, il Grimaldi Forum ha in serbo molte altre sorprese da non perdere&#8230; Il programma della stagione 2021-2022 prevede <a href=\"https:\/\/www.monaco-tribune.com\/it\/2021\/12\/scioglimento-dei-ghiacciai-carla-bruni-monopattini-elettrici-le-notizie-principali-del-principato\/\">il concerto di Carla Bruni il 7 gennaio<\/a>\u00a0e quello di Yarol Poupaud il 24 marzo. Il 7 e il 19 maggio, \u00e8 il turno di Christophe Ma\u00e9 e Iggy Pop, mentre il 6 luglio tocca a Francis Cabrel.<\/p>\n\n<p>Al teatro Principessa Grace, invece, potrete assistere al concerto dei &#8220;Virtuoses&#8221; il 3 giugno e allo spettacolo \u201cUn Chalet \u00e0 Gstaad&#8221; il 22 marzo.<\/p>\n","protected":false},"excerpt":{"rendered":"<p>Dal 9 luglio al 22 agosto, vi aspetta la tanto attesa mostra \u201cChristian Louboutin, L\u2019Exhibition[niste]\u201d. Creativo, eccessivo, eccentrico, spettacolare, visionario&#8230; [&hellip;]<\/p>\n","protected":false},"author":57,"featured_media":105685,"comment_status":"closed","ping_status":"closed","sticky":false,"template":"","format":"standard","meta":{"_acf_changed":false,"footnotes":""},"categories":[1738],"tags":[],"post_sectags":[],"post_format":[2478],"class_list":["post-105776","post","type-post","status-publish","format-standard","has-post-thumbnail","hentry","category-notizie","format-notizia"],"acf":[],"yoast_head":"<!-- This site is optimized with the Yoast SEO Premium plugin v26.8 (Yoast SEO v27.4) - https:\/\/yoast.com\/product\/yoast-seo-premium-wordpress\/ -->\n<title>L&#039;estate del Grimaldi Forum: una mostra evento su Christian Louboutin<\/title>\n<meta name=\"description\" content=\"Dal 9 luglio al 22 agosto, vi aspetta la tanto attesa mostra \u201cChristian Louboutin, L\u2019Exhibition\u201d. Creativo, eccessivo, eccentrico, spettacolare,\" \/>\n<meta name=\"robots\" content=\"index, follow, max-snippet:-1, max-image-preview:large, max-video-preview:-1\" \/>\n<link rel=\"canonical\" href=\"https:\/\/www.monaco-tribune.com\/it\/2022\/01\/lestate-del-grimaldi-forum-una-mostra-evento-su-christian-louboutin\/\" \/>\n<meta property=\"og:locale\" content=\"it_IT\" \/>\n<meta property=\"og:type\" content=\"article\" \/>\n<meta property=\"og:title\" content=\"L&#039;estate del Grimaldi Forum: una mostra evento su Christian Louboutin - Monaco Tribune\" \/>\n<meta property=\"og:description\" content=\"Dal 9 luglio al 22 agosto, vi aspetta la tanto attesa mostra \u201cChristian Louboutin, L\u2019Exhibition\u201d. Creativo, eccessivo, eccentrico, spettacolare,\" \/>\n<meta property=\"og:url\" content=\"https:\/\/www.monaco-tribune.com\/it\/2022\/01\/lestate-del-grimaldi-forum-una-mostra-evento-su-christian-louboutin\/\" \/>\n<meta property=\"og:site_name\" content=\"Monaco Tribune\" \/>\n<meta property=\"article:publisher\" content=\"https:\/\/www.facebook.com\/MonacoTribune\" \/>\n<meta property=\"article:published_time\" content=\"2022-01-07T09:13:04+00:00\" \/>\n<meta property=\"article:modified_time\" content=\"2022-01-22T17:02:11+00:00\" \/>\n<meta property=\"og:image\" content=\"https:\/\/www.monaco-tribune.com\/wp-content\/uploads\/2022\/01\/monaco-christian-louboutin.jpeg\" \/>\n\t<meta property=\"og:image:width\" content=\"909\" \/>\n\t<meta property=\"og:image:height\" content=\"506\" \/>\n\t<meta property=\"og:image:type\" content=\"image\/jpeg\" \/>\n<meta name=\"author\" content=\"Josepha Toquereau\" \/>\n<meta name=\"twitter:card\" content=\"summary_large_image\" \/>\n<meta name=\"twitter:creator\" content=\"@MonacoTribune\" \/>\n<meta name=\"twitter:site\" content=\"@MonacoTribune\" \/>\n<script type=\"application\/ld+json\" class=\"yoast-schema-graph\">{\"@context\":\"https:\\\/\\\/schema.org\",\"@graph\":[{\"@type\":\"NewsArticle\",\"@id\":\"https:\\\/\\\/www.monaco-tribune.com\\\/it\\\/2022\\\/01\\\/lestate-del-grimaldi-forum-una-mostra-evento-su-christian-louboutin\\\/#article\",\"isPartOf\":{\"@id\":\"https:\\\/\\\/www.monaco-tribune.com\\\/it\\\/2022\\\/01\\\/lestate-del-grimaldi-forum-una-mostra-evento-su-christian-louboutin\\\/\"},\"author\":{\"name\":\"Josepha Toquereau\",\"@id\":\"https:\\\/\\\/www.monaco-tribune.com\\\/it\\\/#\\\/schema\\\/person\\\/c8eeb5e36b6ed3782736273e5eb7d764\"},\"headline\":\"L&#8217;estate del Grimaldi Forum: una mostra evento su Christian Louboutin\",\"datePublished\":\"2022-01-07T09:13:04+00:00\",\"dateModified\":\"2022-01-22T17:02:11+00:00\",\"mainEntityOfPage\":{\"@id\":\"https:\\\/\\\/www.monaco-tribune.com\\\/it\\\/2022\\\/01\\\/lestate-del-grimaldi-forum-una-mostra-evento-su-christian-louboutin\\\/\"},\"wordCount\":244,\"publisher\":{\"@id\":\"https:\\\/\\\/www.monaco-tribune.com\\\/it\\\/#organization\"},\"image\":{\"@id\":\"https:\\\/\\\/www.monaco-tribune.com\\\/it\\\/2022\\\/01\\\/lestate-del-grimaldi-forum-una-mostra-evento-su-christian-louboutin\\\/#primaryimage\"},\"thumbnailUrl\":\"https:\\\/\\\/www.monaco-tribune.com\\\/wp-content\\\/uploads\\\/2022\\\/01\\\/monaco-christian-louboutin.jpeg\",\"articleSection\":[\"Notizie\"],\"inLanguage\":\"it-IT\",\"copyrightYear\":\"2022\",\"copyrightHolder\":{\"@id\":\"https:\\\/\\\/www.monaco-tribune.com\\\/#organization\"}},{\"@type\":\"WebPage\",\"@id\":\"https:\\\/\\\/www.monaco-tribune.com\\\/it\\\/2022\\\/01\\\/lestate-del-grimaldi-forum-una-mostra-evento-su-christian-louboutin\\\/\",\"url\":\"https:\\\/\\\/www.monaco-tribune.com\\\/it\\\/2022\\\/01\\\/lestate-del-grimaldi-forum-una-mostra-evento-su-christian-louboutin\\\/\",\"name\":\"L'estate del Grimaldi Forum: una mostra evento su Christian Louboutin\",\"isPartOf\":{\"@id\":\"https:\\\/\\\/www.monaco-tribune.com\\\/it\\\/#website\"},\"primaryImageOfPage\":{\"@id\":\"https:\\\/\\\/www.monaco-tribune.com\\\/it\\\/2022\\\/01\\\/lestate-del-grimaldi-forum-una-mostra-evento-su-christian-louboutin\\\/#primaryimage\"},\"image\":{\"@id\":\"https:\\\/\\\/www.monaco-tribune.com\\\/it\\\/2022\\\/01\\\/lestate-del-grimaldi-forum-una-mostra-evento-su-christian-louboutin\\\/#primaryimage\"},\"thumbnailUrl\":\"https:\\\/\\\/www.monaco-tribune.com\\\/wp-content\\\/uploads\\\/2022\\\/01\\\/monaco-christian-louboutin.jpeg\",\"datePublished\":\"2022-01-07T09:13:04+00:00\",\"dateModified\":\"2022-01-22T17:02:11+00:00\",\"description\":\"Dal 9 luglio al 22 agosto, vi aspetta la tanto attesa mostra \u201cChristian Louboutin, L\u2019Exhibition\u201d. Creativo, eccessivo, eccentrico, spettacolare,\",\"breadcrumb\":{\"@id\":\"https:\\\/\\\/www.monaco-tribune.com\\\/it\\\/2022\\\/01\\\/lestate-del-grimaldi-forum-una-mostra-evento-su-christian-louboutin\\\/#breadcrumb\"},\"inLanguage\":\"it-IT\",\"potentialAction\":[{\"@type\":\"ReadAction\",\"target\":[\"https:\\\/\\\/www.monaco-tribune.com\\\/it\\\/2022\\\/01\\\/lestate-del-grimaldi-forum-una-mostra-evento-su-christian-louboutin\\\/\"]}]},{\"@type\":\"ImageObject\",\"inLanguage\":\"it-IT\",\"@id\":\"https:\\\/\\\/www.monaco-tribune.com\\\/it\\\/2022\\\/01\\\/lestate-del-grimaldi-forum-una-mostra-evento-su-christian-louboutin\\\/#primaryimage\",\"url\":\"https:\\\/\\\/www.monaco-tribune.com\\\/wp-content\\\/uploads\\\/2022\\\/01\\\/monaco-christian-louboutin.jpeg\",\"contentUrl\":\"https:\\\/\\\/www.monaco-tribune.com\\\/wp-content\\\/uploads\\\/2022\\\/01\\\/monaco-christian-louboutin.jpeg\",\"width\":909,\"height\":506,\"caption\":\"Grimaldi Forum\"},{\"@type\":\"BreadcrumbList\",\"@id\":\"https:\\\/\\\/www.monaco-tribune.com\\\/it\\\/2022\\\/01\\\/lestate-del-grimaldi-forum-una-mostra-evento-su-christian-louboutin\\\/#breadcrumb\",\"itemListElement\":[{\"@type\":\"ListItem\",\"position\":1,\"name\":\"Accueil\",\"item\":\"https:\\\/\\\/www.monaco-tribune.com\\\/it\\\/\"},{\"@type\":\"ListItem\",\"position\":2,\"name\":\"L&rsquo;estate del Grimaldi Forum: una mostra evento su Christian Louboutin\"}]},{\"@type\":\"WebSite\",\"@id\":\"https:\\\/\\\/www.monaco-tribune.com\\\/it\\\/#website\",\"url\":\"https:\\\/\\\/www.monaco-tribune.com\\\/it\\\/\",\"name\":\"Monaco Tribune\",\"description\":\"Monaco : actualit\u00e9s \u00e9conomiques, politiques, culturelles et sportives de Monaco et de la French Riviera.\",\"publisher\":{\"@id\":\"https:\\\/\\\/www.monaco-tribune.com\\\/it\\\/#organization\"},\"potentialAction\":[{\"@type\":\"SearchAction\",\"target\":{\"@type\":\"EntryPoint\",\"urlTemplate\":\"https:\\\/\\\/www.monaco-tribune.com\\\/it\\\/?s={search_term_string}\"},\"query-input\":{\"@type\":\"PropertyValueSpecification\",\"valueRequired\":true,\"valueName\":\"search_term_string\"}}],\"inLanguage\":\"it-IT\"},{\"@type\":\"Organization\",\"@id\":\"https:\\\/\\\/www.monaco-tribune.com\\\/it\\\/#organization\",\"name\":\"Monaco Tribune\",\"url\":\"https:\\\/\\\/www.monaco-tribune.com\\\/it\\\/\",\"logo\":{\"@type\":\"ImageObject\",\"inLanguage\":\"it-IT\",\"@id\":\"https:\\\/\\\/www.monaco-tribune.com\\\/it\\\/#\\\/schema\\\/logo\\\/image\\\/\",\"url\":\"https:\\\/\\\/www.monaco-tribune.com\\\/wp-content\\\/uploads\\\/2022\\\/11\\\/logo-monaco-tribune.png\",\"contentUrl\":\"https:\\\/\\\/www.monaco-tribune.com\\\/wp-content\\\/uploads\\\/2022\\\/11\\\/logo-monaco-tribune.png\",\"width\":1548,\"height\":600,\"caption\":\"Monaco Tribune\"},\"image\":{\"@id\":\"https:\\\/\\\/www.monaco-tribune.com\\\/it\\\/#\\\/schema\\\/logo\\\/image\\\/\"},\"sameAs\":[\"https:\\\/\\\/www.facebook.com\\\/MonacoTribune\",\"https:\\\/\\\/x.com\\\/MonacoTribune\",\"https:\\\/\\\/www.instagram.com\\\/monacotribune\\\/\",\"https:\\\/\\\/www.linkedin.com\\\/company\\\/monaco-tribune\",\"https:\\\/\\\/www.youtube.com\\\/channel\\\/UCHle1MnG6hw1y4lWKijVbMA\"]},{\"@type\":\"Person\",\"@id\":\"https:\\\/\\\/www.monaco-tribune.com\\\/it\\\/#\\\/schema\\\/person\\\/c8eeb5e36b6ed3782736273e5eb7d764\",\"name\":\"Josepha Toquereau\",\"image\":{\"@type\":\"ImageObject\",\"inLanguage\":\"it-IT\",\"@id\":\"https:\\\/\\\/secure.gravatar.com\\\/avatar\\\/3e06e87605717b00d3b9743f79fca038480454ef05226ef9de5dfa9577c3363f?s=96&d=mm&r=g\",\"url\":\"https:\\\/\\\/secure.gravatar.com\\\/avatar\\\/3e06e87605717b00d3b9743f79fca038480454ef05226ef9de5dfa9577c3363f?s=96&d=mm&r=g\",\"contentUrl\":\"https:\\\/\\\/secure.gravatar.com\\\/avatar\\\/3e06e87605717b00d3b9743f79fca038480454ef05226ef9de5dfa9577c3363f?s=96&d=mm&r=g\",\"caption\":\"Josepha Toquereau\"},\"url\":\"https:\\\/\\\/www.monaco-tribune.com\\\/it\\\/author\\\/josephatoquereau\\\/\"}]}<\/script>\n<!-- \/ Yoast SEO Premium plugin. -->","yoast_head_json":{"title":"L'estate del Grimaldi Forum: una mostra evento su Christian Louboutin","description":"Dal 9 luglio al 22 agosto, vi aspetta la tanto attesa mostra \u201cChristian Louboutin, L\u2019Exhibition\u201d. Creativo, eccessivo, eccentrico, spettacolare,","robots":{"index":"index","follow":"follow","max-snippet":"max-snippet:-1","max-image-preview":"max-image-preview:large","max-video-preview":"max-video-preview:-1"},"canonical":"https:\/\/www.monaco-tribune.com\/it\/2022\/01\/lestate-del-grimaldi-forum-una-mostra-evento-su-christian-louboutin\/","og_locale":"it_IT","og_type":"article","og_title":"L'estate del Grimaldi Forum: una mostra evento su Christian Louboutin - Monaco Tribune","og_description":"Dal 9 luglio al 22 agosto, vi aspetta la tanto attesa mostra \u201cChristian Louboutin, L\u2019Exhibition\u201d. Creativo, eccessivo, eccentrico, spettacolare,","og_url":"https:\/\/www.monaco-tribune.com\/it\/2022\/01\/lestate-del-grimaldi-forum-una-mostra-evento-su-christian-louboutin\/","og_site_name":"Monaco Tribune","article_publisher":"https:\/\/www.facebook.com\/MonacoTribune","article_published_time":"2022-01-07T09:13:04+00:00","article_modified_time":"2022-01-22T17:02:11+00:00","og_image":[{"width":909,"height":506,"url":"https:\/\/www.monaco-tribune.com\/wp-content\/uploads\/2022\/01\/monaco-christian-louboutin.jpeg","type":"image\/jpeg"}],"author":"Josepha Toquereau","twitter_card":"summary_large_image","twitter_creator":"@MonacoTribune","twitter_site":"@MonacoTribune","schema":{"@context":"https:\/\/schema.org","@graph":[{"@type":"NewsArticle","@id":"https:\/\/www.monaco-tribune.com\/it\/2022\/01\/lestate-del-grimaldi-forum-una-mostra-evento-su-christian-louboutin\/#article","isPartOf":{"@id":"https:\/\/www.monaco-tribune.com\/it\/2022\/01\/lestate-del-grimaldi-forum-una-mostra-evento-su-christian-louboutin\/"},"author":{"name":"Josepha Toquereau","@id":"https:\/\/www.monaco-tribune.com\/it\/#\/schema\/person\/c8eeb5e36b6ed3782736273e5eb7d764"},"headline":"L&#8217;estate del Grimaldi Forum: una mostra evento su Christian Louboutin","datePublished":"2022-01-07T09:13:04+00:00","dateModified":"2022-01-22T17:02:11+00:00","mainEntityOfPage":{"@id":"https:\/\/www.monaco-tribune.com\/it\/2022\/01\/lestate-del-grimaldi-forum-una-mostra-evento-su-christian-louboutin\/"},"wordCount":244,"publisher":{"@id":"https:\/\/www.monaco-tribune.com\/it\/#organization"},"image":{"@id":"https:\/\/www.monaco-tribune.com\/it\/2022\/01\/lestate-del-grimaldi-forum-una-mostra-evento-su-christian-louboutin\/#primaryimage"},"thumbnailUrl":"https:\/\/www.monaco-tribune.com\/wp-content\/uploads\/2022\/01\/monaco-christian-louboutin.jpeg","articleSection":["Notizie"],"inLanguage":"it-IT","copyrightYear":"2022","copyrightHolder":{"@id":"https:\/\/www.monaco-tribune.com\/#organization"}},{"@type":"WebPage","@id":"https:\/\/www.monaco-tribune.com\/it\/2022\/01\/lestate-del-grimaldi-forum-una-mostra-evento-su-christian-louboutin\/","url":"https:\/\/www.monaco-tribune.com\/it\/2022\/01\/lestate-del-grimaldi-forum-una-mostra-evento-su-christian-louboutin\/","name":"L'estate del Grimaldi Forum: una mostra evento su Christian Louboutin","isPartOf":{"@id":"https:\/\/www.monaco-tribune.com\/it\/#website"},"primaryImageOfPage":{"@id":"https:\/\/www.monaco-tribune.com\/it\/2022\/01\/lestate-del-grimaldi-forum-una-mostra-evento-su-christian-louboutin\/#primaryimage"},"image":{"@id":"https:\/\/www.monaco-tribune.com\/it\/2022\/01\/lestate-del-grimaldi-forum-una-mostra-evento-su-christian-louboutin\/#primaryimage"},"thumbnailUrl":"https:\/\/www.monaco-tribune.com\/wp-content\/uploads\/2022\/01\/monaco-christian-louboutin.jpeg","datePublished":"2022-01-07T09:13:04+00:00","dateModified":"2022-01-22T17:02:11+00:00","description":"Dal 9 luglio al 22 agosto, vi aspetta la tanto attesa mostra \u201cChristian Louboutin, L\u2019Exhibition\u201d. Creativo, eccessivo, eccentrico, spettacolare,","breadcrumb":{"@id":"https:\/\/www.monaco-tribune.com\/it\/2022\/01\/lestate-del-grimaldi-forum-una-mostra-evento-su-christian-louboutin\/#breadcrumb"},"inLanguage":"it-IT","potentialAction":[{"@type":"ReadAction","target":["https:\/\/www.monaco-tribune.com\/it\/2022\/01\/lestate-del-grimaldi-forum-una-mostra-evento-su-christian-louboutin\/"]}]},{"@type":"ImageObject","inLanguage":"it-IT","@id":"https:\/\/www.monaco-tribune.com\/it\/2022\/01\/lestate-del-grimaldi-forum-una-mostra-evento-su-christian-louboutin\/#primaryimage","url":"https:\/\/www.monaco-tribune.com\/wp-content\/uploads\/2022\/01\/monaco-christian-louboutin.jpeg","contentUrl":"https:\/\/www.monaco-tribune.com\/wp-content\/uploads\/2022\/01\/monaco-christian-louboutin.jpeg","width":909,"height":506,"caption":"Grimaldi Forum"},{"@type":"BreadcrumbList","@id":"https:\/\/www.monaco-tribune.com\/it\/2022\/01\/lestate-del-grimaldi-forum-una-mostra-evento-su-christian-louboutin\/#breadcrumb","itemListElement":[{"@type":"ListItem","position":1,"name":"Accueil","item":"https:\/\/www.monaco-tribune.com\/it\/"},{"@type":"ListItem","position":2,"name":"L&rsquo;estate del Grimaldi Forum: una mostra evento su Christian Louboutin"}]},{"@type":"WebSite","@id":"https:\/\/www.monaco-tribune.com\/it\/#website","url":"https:\/\/www.monaco-tribune.com\/it\/","name":"Monaco Tribune","description":"Monaco : actualit\u00e9s \u00e9conomiques, politiques, culturelles et sportives de Monaco et de la French Riviera.","publisher":{"@id":"https:\/\/www.monaco-tribune.com\/it\/#organization"},"potentialAction":[{"@type":"SearchAction","target":{"@type":"EntryPoint","urlTemplate":"https:\/\/www.monaco-tribune.com\/it\/?s={search_term_string}"},"query-input":{"@type":"PropertyValueSpecification","valueRequired":true,"valueName":"search_term_string"}}],"inLanguage":"it-IT"},{"@type":"Organization","@id":"https:\/\/www.monaco-tribune.com\/it\/#organization","name":"Monaco Tribune","url":"https:\/\/www.monaco-tribune.com\/it\/","logo":{"@type":"ImageObject","inLanguage":"it-IT","@id":"https:\/\/www.monaco-tribune.com\/it\/#\/schema\/logo\/image\/","url":"https:\/\/www.monaco-tribune.com\/wp-content\/uploads\/2022\/11\/logo-monaco-tribune.png","contentUrl":"https:\/\/www.monaco-tribune.com\/wp-content\/uploads\/2022\/11\/logo-monaco-tribune.png","width":1548,"height":600,"caption":"Monaco Tribune"},"image":{"@id":"https:\/\/www.monaco-tribune.com\/it\/#\/schema\/logo\/image\/"},"sameAs":["https:\/\/www.facebook.com\/MonacoTribune","https:\/\/x.com\/MonacoTribune","https:\/\/www.instagram.com\/monacotribune\/","https:\/\/www.linkedin.com\/company\/monaco-tribune","https:\/\/www.youtube.com\/channel\/UCHle1MnG6hw1y4lWKijVbMA"]},{"@type":"Person","@id":"https:\/\/www.monaco-tribune.com\/it\/#\/schema\/person\/c8eeb5e36b6ed3782736273e5eb7d764","name":"Josepha Toquereau","image":{"@type":"ImageObject","inLanguage":"it-IT","@id":"https:\/\/secure.gravatar.com\/avatar\/3e06e87605717b00d3b9743f79fca038480454ef05226ef9de5dfa9577c3363f?s=96&d=mm&r=g","url":"https:\/\/secure.gravatar.com\/avatar\/3e06e87605717b00d3b9743f79fca038480454ef05226ef9de5dfa9577c3363f?s=96&d=mm&r=g","contentUrl":"https:\/\/secure.gravatar.com\/avatar\/3e06e87605717b00d3b9743f79fca038480454ef05226ef9de5dfa9577c3363f?s=96&d=mm&r=g","caption":"Josepha Toquereau"},"url":"https:\/\/www.monaco-tribune.com\/it\/author\/josephatoquereau\/"}]}},"_links":{"self":[{"href":"https:\/\/www.monaco-tribune.com\/it\/wp-json\/wp\/v2\/posts\/105776","targetHints":{"allow":["GET"]}}],"collection":[{"href":"https:\/\/www.monaco-tribune.com\/it\/wp-json\/wp\/v2\/posts"}],"about":[{"href":"https:\/\/www.monaco-tribune.com\/it\/wp-json\/wp\/v2\/types\/post"}],"author":[{"embeddable":true,"href":"https:\/\/www.monaco-tribune.com\/it\/wp-json\/wp\/v2\/users\/57"}],"replies":[{"embeddable":true,"href":"https:\/\/www.monaco-tribune.com\/it\/wp-json\/wp\/v2\/comments?post=105776"}],"version-history":[{"count":0,"href":"https:\/\/www.monaco-tribune.com\/it\/wp-json\/wp\/v2\/posts\/105776\/revisions"}],"wp:featuredmedia":[{"embeddable":true,"href":"https:\/\/www.monaco-tribune.com\/it\/wp-json\/wp\/v2\/media\/105685"}],"wp:attachment":[{"href":"https:\/\/www.monaco-tribune.com\/it\/wp-json\/wp\/v2\/media?parent=105776"}],"wp:term":[{"taxonomy":"category","embeddable":true,"href":"https:\/\/www.monaco-tribune.com\/it\/wp-json\/wp\/v2\/categories?post=105776"},{"taxonomy":"post_tag","embeddable":true,"href":"https:\/\/www.monaco-tribune.com\/it\/wp-json\/wp\/v2\/tags?post=105776"},{"taxonomy":"sectag","embeddable":true,"href":"https:\/\/www.monaco-tribune.com\/it\/wp-json\/wp\/v2\/post_sectags?post=105776"},{"taxonomy":"format","embeddable":true,"href":"https:\/\/www.monaco-tribune.com\/it\/wp-json\/wp\/v2\/post_format?post=105776"}],"curies":[{"name":"wp","href":"https:\/\/api.w.org\/{rel}","templated":true}]}}