{"id":105849,"date":"2022-01-07T15:03:49","date_gmt":"2022-01-07T14:03:49","guid":{"rendered":"https:\/\/www.monaco-tribune.com\/2022\/01\/carla-bruni-saldi-e-filosofia-cosa-fare-a-monaco-questo-week-end-e-la-settimana-prossima\/"},"modified":"2022-01-22T18:02:10","modified_gmt":"2022-01-22T17:02:10","slug":"carla-bruni-saldi-e-filosofia-cosa-fare-a-monaco-questo-week-end-e-la-settimana-prossima","status":"publish","type":"post","link":"https:\/\/www.monaco-tribune.com\/it\/2022\/01\/carla-bruni-saldi-e-filosofia-cosa-fare-a-monaco-questo-week-end-e-la-settimana-prossima\/","title":{"rendered":"Carla Bruni, saldi e filosofia&#8230; Cosa fare a Monaco questo week end e la settimana prossima"},"content":{"rendered":"\n<p><strong>I consigli della redazione su cosa fare nel Principato dal 7 al 13 gennaio.<\/strong><\/p>\n\n<h4 class=\"wp-block-heading\" id=\"h-vendredi-7-janvier\">Venerd\u00ec 7 gennaio<\/h4>\n\n<p>Questo venerd\u00ec alle 20:30, si terr\u00e0 il concerto di Carla Bruni al Grimaldi Forum. La cantante presenter\u00e0 il suo nuovo album con canzoni originali, composte in collaborazione con Calogero, Julien Clerc e Michel Amsellem. C&#8217;\u00e8 ancora qualche posto e <a href=\"https:\/\/montecarloticket.com\/0526\/fChoixSeance.aspx?idstructure=0526&amp;EventId=833&amp;request=QcE+w0WHSuCzWDnDWpkYGsQqvYDsJea2aZd\/BWumjn0P4paW9VHq7EePp3XHTD0Tygw+rnczGQs=&amp;yymm=202201\">potete prenotare online<\/a>.<\/p>\n\n<h4 class=\"wp-block-heading\" id=\"h-samedi-8-janvier\">Sabato 8 gennaio<\/h4>\n\n<p>A Monaco \u00e8 gi\u00e0 tempo di saldi! Approfittatene per farvi un regalo a un prezzo scontato e per sostenere l&#8217;economia locale con<a href=\"https:\/\/www.monaco-tribune.com\/it\/2021\/12\/perche-lapplicazione-carlo-e-diventata-indispensabile-nel-periodo-di-natale\/\"> l&#8217;applicazione Carlo App<\/a>. Con oltre 300 commercianti partner nel Principato, sicuramente troverete quello che fa per voi senza lasciarvi scappare il cashback.<\/p>\n\n<h4 class=\"wp-block-heading\" id=\"h-dimanche-9-janvier\">Domenica 9 gennaio<\/h4>\n\n<p>Perch\u00e9 non approfittare dell&#8217;ingresso gratuito domenicale per scoprire le mostre del Nuovo Museo Nazionale di Monaco? Villa Sauber e Villa Paloma ospitano al momento <a href=\"https:\/\/www.monaco-tribune.com\/it\/2021\/12\/due-mostre-da-scoprire-al-nuovo-museo-nazionale-di-monaco\/\">due esposizioni originali<\/a>: &#8220;Monaco-Alessandria, Il grande viaggio&#8221; e &#8220;Tremori&#8221;.<\/p>\n\n<h4 class=\"wp-block-heading\" id=\"h-lundi-10-janvier\">Luned\u00ec 10 gennaio<\/h4>\n\n<p>Per iniziare la settimana con il piede giusto, l&#8217;Associazione Monegasca per la Conoscenza delle Arti propone una conferenze dedicata al cubismo: appuntamento alle 18:30 al Th\u00e9\u00e2tre des Vari\u00e9t\u00e9. Il professore e storico d&#8217;arte Serge Legat esaminer\u00e0 i grandi nomi del movimento, come Pablo Picasso, Paul C\u00e9zanne e Georges Braque.<\/p>\n\n<p><em><a href=\"https:\/\/mailchi.mp\/d76013b9e613\/amca-confrence-peindre-la-musique-le-2-dcembre-2019-18-h-30-au-thtre-des-varits-monaco-10496540?fbclid=IwAR2GFFjTM1SkN2aOU4Y9qsth27MkDX8l7LrpZEms8LlYQwuMG1nf-Y3Uho4\">Maggiori informazioni<\/a><\/em><\/p>\n\n<h4 class=\"wp-block-heading\" id=\"h-mardi-11-janvier\">Marted\u00ec 11 gennaio<\/h4>\n\n<p id=\"h-\">Anche se l&#8217;Epifania \u00e8 ormai passata, possiamo ancora concederci qualche leccornia! Nelle pasticcerie di Monaco trovate ancora la Galette des Rois, una torta tradizionale di questa festivit\u00e0. La parte pi\u00f9 difficile sar\u00e0 scegliere quale versione. brioche o ripiene di crema frangipane?<\/p>\n\n<h4 class=\"wp-block-heading\" id=\"h-mercredi-12-janvier\">Mercoled\u00ec 12 gennaio<\/h4>\n\n<p>Il Th\u00e9\u00e2tre des Muses si prepara ad accogliere i pi\u00f9 piccoli dai 5 anni in su. Alle 14:30, c&#8217;\u00e8 in programma la storia di un principe, che non \u00e8 n\u00e9 bello, n\u00e9 forte, n\u00e9 ricco, e decide di incontrare il famoso mago Merlino, per ottenere il fascino di un vero principe. Ma niente va come previsto in questo regno incantato&#8230;<\/p>\n\n<p><em><a href=\"https:\/\/my.weezevent.com\/au-royaume-de-merlin\">Maggiori informazioni<\/a><\/em><\/p>\n\n<h4 class=\"wp-block-heading\" id=\"h-jeudi-13-janvier\">Gioved\u00ec 13 gennaio<\/h4>\n\n<p>Concludiamo in bellezza con una riflessione: &#8220;In cosa credere? A chi credere?&#8221; Gli Incontri Filosofici di Monaco si tengono al Liceo tecnico e alberghiero alle ore 19:00, in compagnia di Robert Maggiori, membro fondatore degli incontri, di Camille Riquier e del sociologo Laurent Cordonier. I tre dibatteranno sul concetto di credenza, trattando il tema della religione, delle superstizioni o ancora della fiducia nel prossimo.<\/p>\n\n<p><em><a href=\"https:\/\/philomonaco.com\/\">Maggiori informazioni<\/a><\/em><\/p>\n","protected":false},"excerpt":{"rendered":"<p>I consigli della redazione su cosa fare nel Principato dal 7 al 13 gennaio. Venerd\u00ec 7 gennaio Questo venerd\u00ec alle [&hellip;]<\/p>\n","protected":false},"author":60,"featured_media":105701,"comment_status":"closed","ping_status":"closed","sticky":false,"template":"","format":"standard","meta":{"_acf_changed":false,"footnotes":""},"categories":[1740,1826,1738],"tags":[2890],"post_sectags":[],"post_format":[2471],"class_list":["post-105849","post","type-post","status-publish","format-standard","has-post-thumbnail","hentry","category-cosa-fare","category-la-nostra-scelta","category-notizie","tag-eventi","format-evento"],"acf":[],"yoast_head":"<!-- This site is optimized with the Yoast SEO Premium plugin v26.8 (Yoast SEO v27.4) - https:\/\/yoast.com\/product\/yoast-seo-premium-wordpress\/ -->\n<title>Carla Bruni, saldi e filosofia... Cosa fare a Monaco questo week end e la settimana prossima<\/title>\n<meta name=\"description\" content=\"I consigli della redazione su cosa fare nel Principato dal 7 al 13 gennaio. Venerd\u00ec 7 gennaio Questo venerd\u00ec alle 20:30, si terr\u00e0 il concerto di Carla\" \/>\n<meta name=\"robots\" content=\"index, follow, max-snippet:-1, max-image-preview:large, max-video-preview:-1\" \/>\n<link rel=\"canonical\" href=\"https:\/\/www.monaco-tribune.com\/it\/2022\/01\/carla-bruni-saldi-e-filosofia-cosa-fare-a-monaco-questo-week-end-e-la-settimana-prossima\/\" \/>\n<meta property=\"og:locale\" content=\"it_IT\" \/>\n<meta property=\"og:type\" content=\"article\" \/>\n<meta property=\"og:title\" content=\"Carla Bruni, saldi e filosofia... Cosa fare a Monaco questo week end e la settimana prossima - Monaco Tribune\" \/>\n<meta property=\"og:description\" content=\"I consigli della redazione su cosa fare nel Principato dal 7 al 13 gennaio. Venerd\u00ec 7 gennaio Questo venerd\u00ec alle 20:30, si terr\u00e0 il concerto di Carla\" \/>\n<meta property=\"og:url\" content=\"https:\/\/www.monaco-tribune.com\/it\/2022\/01\/carla-bruni-saldi-e-filosofia-cosa-fare-a-monaco-questo-week-end-e-la-settimana-prossima\/\" \/>\n<meta property=\"og:site_name\" content=\"Monaco Tribune\" \/>\n<meta property=\"article:publisher\" content=\"https:\/\/www.facebook.com\/MonacoTribune\" \/>\n<meta property=\"article:published_time\" content=\"2022-01-07T14:03:49+00:00\" \/>\n<meta property=\"article:modified_time\" content=\"2022-01-22T17:02:10+00:00\" \/>\n<meta property=\"og:image\" content=\"https:\/\/www.monaco-tribune.com\/wp-content\/uploads\/2022\/01\/capture-de\u0301cran-2022-01-06-a\u0300-12.10.29.png\" \/>\n\t<meta property=\"og:image:width\" content=\"1193\" \/>\n\t<meta property=\"og:image:height\" content=\"811\" \/>\n\t<meta property=\"og:image:type\" content=\"image\/png\" \/>\n<meta name=\"author\" content=\"Camille Esteve\" \/>\n<meta name=\"twitter:card\" content=\"summary_large_image\" \/>\n<meta name=\"twitter:creator\" content=\"@MonacoTribune\" \/>\n<meta name=\"twitter:site\" content=\"@MonacoTribune\" \/>\n<script type=\"application\/ld+json\" class=\"yoast-schema-graph\">{\"@context\":\"https:\\\/\\\/schema.org\",\"@graph\":[{\"@type\":\"NewsArticle\",\"@id\":\"https:\\\/\\\/www.monaco-tribune.com\\\/it\\\/2022\\\/01\\\/carla-bruni-saldi-e-filosofia-cosa-fare-a-monaco-questo-week-end-e-la-settimana-prossima\\\/#article\",\"isPartOf\":{\"@id\":\"https:\\\/\\\/www.monaco-tribune.com\\\/it\\\/2022\\\/01\\\/carla-bruni-saldi-e-filosofia-cosa-fare-a-monaco-questo-week-end-e-la-settimana-prossima\\\/\"},\"author\":{\"name\":\"Camille Esteve\",\"@id\":\"https:\\\/\\\/www.monaco-tribune.com\\\/it\\\/#\\\/schema\\\/person\\\/a855d420fff4d03637641d60b93ac62e\"},\"headline\":\"Carla Bruni, saldi e filosofia&#8230; Cosa fare a Monaco questo week end e la settimana prossima\",\"datePublished\":\"2022-01-07T14:03:49+00:00\",\"dateModified\":\"2022-01-22T17:02:10+00:00\",\"mainEntityOfPage\":{\"@id\":\"https:\\\/\\\/www.monaco-tribune.com\\\/it\\\/2022\\\/01\\\/carla-bruni-saldi-e-filosofia-cosa-fare-a-monaco-questo-week-end-e-la-settimana-prossima\\\/\"},\"wordCount\":382,\"publisher\":{\"@id\":\"https:\\\/\\\/www.monaco-tribune.com\\\/it\\\/#organization\"},\"image\":{\"@id\":\"https:\\\/\\\/www.monaco-tribune.com\\\/it\\\/2022\\\/01\\\/carla-bruni-saldi-e-filosofia-cosa-fare-a-monaco-questo-week-end-e-la-settimana-prossima\\\/#primaryimage\"},\"thumbnailUrl\":\"https:\\\/\\\/www.monaco-tribune.com\\\/wp-content\\\/uploads\\\/2022\\\/01\\\/capture-de\u0301cran-2022-01-06-a\u0300-12.10.29.png\",\"keywords\":[\"Eventi\"],\"articleSection\":[\"Cosa fare\",\"La nostra scelta\",\"Notizie\"],\"inLanguage\":\"it-IT\",\"copyrightYear\":\"2022\",\"copyrightHolder\":{\"@id\":\"https:\\\/\\\/www.monaco-tribune.com\\\/#organization\"}},{\"@type\":\"WebPage\",\"@id\":\"https:\\\/\\\/www.monaco-tribune.com\\\/it\\\/2022\\\/01\\\/carla-bruni-saldi-e-filosofia-cosa-fare-a-monaco-questo-week-end-e-la-settimana-prossima\\\/\",\"url\":\"https:\\\/\\\/www.monaco-tribune.com\\\/it\\\/2022\\\/01\\\/carla-bruni-saldi-e-filosofia-cosa-fare-a-monaco-questo-week-end-e-la-settimana-prossima\\\/\",\"name\":\"Carla Bruni, saldi e filosofia... Cosa fare a Monaco questo week end e la settimana prossima\",\"isPartOf\":{\"@id\":\"https:\\\/\\\/www.monaco-tribune.com\\\/it\\\/#website\"},\"primaryImageOfPage\":{\"@id\":\"https:\\\/\\\/www.monaco-tribune.com\\\/it\\\/2022\\\/01\\\/carla-bruni-saldi-e-filosofia-cosa-fare-a-monaco-questo-week-end-e-la-settimana-prossima\\\/#primaryimage\"},\"image\":{\"@id\":\"https:\\\/\\\/www.monaco-tribune.com\\\/it\\\/2022\\\/01\\\/carla-bruni-saldi-e-filosofia-cosa-fare-a-monaco-questo-week-end-e-la-settimana-prossima\\\/#primaryimage\"},\"thumbnailUrl\":\"https:\\\/\\\/www.monaco-tribune.com\\\/wp-content\\\/uploads\\\/2022\\\/01\\\/capture-de\u0301cran-2022-01-06-a\u0300-12.10.29.png\",\"datePublished\":\"2022-01-07T14:03:49+00:00\",\"dateModified\":\"2022-01-22T17:02:10+00:00\",\"description\":\"I consigli della redazione su cosa fare nel Principato dal 7 al 13 gennaio. Venerd\u00ec 7 gennaio Questo venerd\u00ec alle 20:30, si terr\u00e0 il concerto di Carla\",\"breadcrumb\":{\"@id\":\"https:\\\/\\\/www.monaco-tribune.com\\\/it\\\/2022\\\/01\\\/carla-bruni-saldi-e-filosofia-cosa-fare-a-monaco-questo-week-end-e-la-settimana-prossima\\\/#breadcrumb\"},\"inLanguage\":\"it-IT\",\"potentialAction\":[{\"@type\":\"ReadAction\",\"target\":[\"https:\\\/\\\/www.monaco-tribune.com\\\/it\\\/2022\\\/01\\\/carla-bruni-saldi-e-filosofia-cosa-fare-a-monaco-questo-week-end-e-la-settimana-prossima\\\/\"]}]},{\"@type\":\"ImageObject\",\"inLanguage\":\"it-IT\",\"@id\":\"https:\\\/\\\/www.monaco-tribune.com\\\/it\\\/2022\\\/01\\\/carla-bruni-saldi-e-filosofia-cosa-fare-a-monaco-questo-week-end-e-la-settimana-prossima\\\/#primaryimage\",\"url\":\"https:\\\/\\\/www.monaco-tribune.com\\\/wp-content\\\/uploads\\\/2022\\\/01\\\/capture-de\u0301cran-2022-01-06-a\u0300-12.10.29.png\",\"contentUrl\":\"https:\\\/\\\/www.monaco-tribune.com\\\/wp-content\\\/uploads\\\/2022\\\/01\\\/capture-de\u0301cran-2022-01-06-a\u0300-12.10.29.png\",\"width\":1193,\"height\":811,\"caption\":\"DR\"},{\"@type\":\"BreadcrumbList\",\"@id\":\"https:\\\/\\\/www.monaco-tribune.com\\\/it\\\/2022\\\/01\\\/carla-bruni-saldi-e-filosofia-cosa-fare-a-monaco-questo-week-end-e-la-settimana-prossima\\\/#breadcrumb\",\"itemListElement\":[{\"@type\":\"ListItem\",\"position\":1,\"name\":\"Accueil\",\"item\":\"https:\\\/\\\/www.monaco-tribune.com\\\/it\\\/\"},{\"@type\":\"ListItem\",\"position\":2,\"name\":\"Carla Bruni, saldi e filosofia&#8230; Cosa fare a Monaco questo week end e la settimana prossima\"}]},{\"@type\":\"WebSite\",\"@id\":\"https:\\\/\\\/www.monaco-tribune.com\\\/it\\\/#website\",\"url\":\"https:\\\/\\\/www.monaco-tribune.com\\\/it\\\/\",\"name\":\"Monaco Tribune\",\"description\":\"Monaco : actualit\u00e9s \u00e9conomiques, politiques, culturelles et sportives de Monaco et de la French Riviera.\",\"publisher\":{\"@id\":\"https:\\\/\\\/www.monaco-tribune.com\\\/it\\\/#organization\"},\"potentialAction\":[{\"@type\":\"SearchAction\",\"target\":{\"@type\":\"EntryPoint\",\"urlTemplate\":\"https:\\\/\\\/www.monaco-tribune.com\\\/it\\\/?s={search_term_string}\"},\"query-input\":{\"@type\":\"PropertyValueSpecification\",\"valueRequired\":true,\"valueName\":\"search_term_string\"}}],\"inLanguage\":\"it-IT\"},{\"@type\":\"Organization\",\"@id\":\"https:\\\/\\\/www.monaco-tribune.com\\\/it\\\/#organization\",\"name\":\"Monaco Tribune\",\"url\":\"https:\\\/\\\/www.monaco-tribune.com\\\/it\\\/\",\"logo\":{\"@type\":\"ImageObject\",\"inLanguage\":\"it-IT\",\"@id\":\"https:\\\/\\\/www.monaco-tribune.com\\\/it\\\/#\\\/schema\\\/logo\\\/image\\\/\",\"url\":\"https:\\\/\\\/www.monaco-tribune.com\\\/wp-content\\\/uploads\\\/2022\\\/11\\\/logo-monaco-tribune.png\",\"contentUrl\":\"https:\\\/\\\/www.monaco-tribune.com\\\/wp-content\\\/uploads\\\/2022\\\/11\\\/logo-monaco-tribune.png\",\"width\":1548,\"height\":600,\"caption\":\"Monaco Tribune\"},\"image\":{\"@id\":\"https:\\\/\\\/www.monaco-tribune.com\\\/it\\\/#\\\/schema\\\/logo\\\/image\\\/\"},\"sameAs\":[\"https:\\\/\\\/www.facebook.com\\\/MonacoTribune\",\"https:\\\/\\\/x.com\\\/MonacoTribune\",\"https:\\\/\\\/www.instagram.com\\\/monacotribune\\\/\",\"https:\\\/\\\/www.linkedin.com\\\/company\\\/monaco-tribune\",\"https:\\\/\\\/www.youtube.com\\\/channel\\\/UCHle1MnG6hw1y4lWKijVbMA\"]},{\"@type\":\"Person\",\"@id\":\"https:\\\/\\\/www.monaco-tribune.com\\\/it\\\/#\\\/schema\\\/person\\\/a855d420fff4d03637641d60b93ac62e\",\"name\":\"Camille Esteve\",\"image\":{\"@type\":\"ImageObject\",\"inLanguage\":\"it-IT\",\"@id\":\"https:\\\/\\\/secure.gravatar.com\\\/avatar\\\/eaaa2355a7bb56c0018a391c20a55bf9b4690e3f493231dd850e612bfa6ce161?s=96&d=mm&r=g\",\"url\":\"https:\\\/\\\/secure.gravatar.com\\\/avatar\\\/eaaa2355a7bb56c0018a391c20a55bf9b4690e3f493231dd850e612bfa6ce161?s=96&d=mm&r=g\",\"contentUrl\":\"https:\\\/\\\/secure.gravatar.com\\\/avatar\\\/eaaa2355a7bb56c0018a391c20a55bf9b4690e3f493231dd850e612bfa6ce161?s=96&d=mm&r=g\",\"caption\":\"Camille Esteve\"},\"url\":\"https:\\\/\\\/www.monaco-tribune.com\\\/it\\\/author\\\/camilleesteve\\\/\"}]}<\/script>\n<!-- \/ Yoast SEO Premium plugin. -->","yoast_head_json":{"title":"Carla Bruni, saldi e filosofia... Cosa fare a Monaco questo week end e la settimana prossima","description":"I consigli della redazione su cosa fare nel Principato dal 7 al 13 gennaio. Venerd\u00ec 7 gennaio Questo venerd\u00ec alle 20:30, si terr\u00e0 il concerto di Carla","robots":{"index":"index","follow":"follow","max-snippet":"max-snippet:-1","max-image-preview":"max-image-preview:large","max-video-preview":"max-video-preview:-1"},"canonical":"https:\/\/www.monaco-tribune.com\/it\/2022\/01\/carla-bruni-saldi-e-filosofia-cosa-fare-a-monaco-questo-week-end-e-la-settimana-prossima\/","og_locale":"it_IT","og_type":"article","og_title":"Carla Bruni, saldi e filosofia... Cosa fare a Monaco questo week end e la settimana prossima - Monaco Tribune","og_description":"I consigli della redazione su cosa fare nel Principato dal 7 al 13 gennaio. Venerd\u00ec 7 gennaio Questo venerd\u00ec alle 20:30, si terr\u00e0 il concerto di Carla","og_url":"https:\/\/www.monaco-tribune.com\/it\/2022\/01\/carla-bruni-saldi-e-filosofia-cosa-fare-a-monaco-questo-week-end-e-la-settimana-prossima\/","og_site_name":"Monaco Tribune","article_publisher":"https:\/\/www.facebook.com\/MonacoTribune","article_published_time":"2022-01-07T14:03:49+00:00","article_modified_time":"2022-01-22T17:02:10+00:00","og_image":[{"width":1193,"height":811,"url":"https:\/\/www.monaco-tribune.com\/wp-content\/uploads\/2022\/01\/capture-de\u0301cran-2022-01-06-a\u0300-12.10.29.png","type":"image\/png"}],"author":"Camille Esteve","twitter_card":"summary_large_image","twitter_creator":"@MonacoTribune","twitter_site":"@MonacoTribune","schema":{"@context":"https:\/\/schema.org","@graph":[{"@type":"NewsArticle","@id":"https:\/\/www.monaco-tribune.com\/it\/2022\/01\/carla-bruni-saldi-e-filosofia-cosa-fare-a-monaco-questo-week-end-e-la-settimana-prossima\/#article","isPartOf":{"@id":"https:\/\/www.monaco-tribune.com\/it\/2022\/01\/carla-bruni-saldi-e-filosofia-cosa-fare-a-monaco-questo-week-end-e-la-settimana-prossima\/"},"author":{"name":"Camille Esteve","@id":"https:\/\/www.monaco-tribune.com\/it\/#\/schema\/person\/a855d420fff4d03637641d60b93ac62e"},"headline":"Carla Bruni, saldi e filosofia&#8230; Cosa fare a Monaco questo week end e la settimana prossima","datePublished":"2022-01-07T14:03:49+00:00","dateModified":"2022-01-22T17:02:10+00:00","mainEntityOfPage":{"@id":"https:\/\/www.monaco-tribune.com\/it\/2022\/01\/carla-bruni-saldi-e-filosofia-cosa-fare-a-monaco-questo-week-end-e-la-settimana-prossima\/"},"wordCount":382,"publisher":{"@id":"https:\/\/www.monaco-tribune.com\/it\/#organization"},"image":{"@id":"https:\/\/www.monaco-tribune.com\/it\/2022\/01\/carla-bruni-saldi-e-filosofia-cosa-fare-a-monaco-questo-week-end-e-la-settimana-prossima\/#primaryimage"},"thumbnailUrl":"https:\/\/www.monaco-tribune.com\/wp-content\/uploads\/2022\/01\/capture-de\u0301cran-2022-01-06-a\u0300-12.10.29.png","keywords":["Eventi"],"articleSection":["Cosa fare","La nostra scelta","Notizie"],"inLanguage":"it-IT","copyrightYear":"2022","copyrightHolder":{"@id":"https:\/\/www.monaco-tribune.com\/#organization"}},{"@type":"WebPage","@id":"https:\/\/www.monaco-tribune.com\/it\/2022\/01\/carla-bruni-saldi-e-filosofia-cosa-fare-a-monaco-questo-week-end-e-la-settimana-prossima\/","url":"https:\/\/www.monaco-tribune.com\/it\/2022\/01\/carla-bruni-saldi-e-filosofia-cosa-fare-a-monaco-questo-week-end-e-la-settimana-prossima\/","name":"Carla Bruni, saldi e filosofia... Cosa fare a Monaco questo week end e la settimana prossima","isPartOf":{"@id":"https:\/\/www.monaco-tribune.com\/it\/#website"},"primaryImageOfPage":{"@id":"https:\/\/www.monaco-tribune.com\/it\/2022\/01\/carla-bruni-saldi-e-filosofia-cosa-fare-a-monaco-questo-week-end-e-la-settimana-prossima\/#primaryimage"},"image":{"@id":"https:\/\/www.monaco-tribune.com\/it\/2022\/01\/carla-bruni-saldi-e-filosofia-cosa-fare-a-monaco-questo-week-end-e-la-settimana-prossima\/#primaryimage"},"thumbnailUrl":"https:\/\/www.monaco-tribune.com\/wp-content\/uploads\/2022\/01\/capture-de\u0301cran-2022-01-06-a\u0300-12.10.29.png","datePublished":"2022-01-07T14:03:49+00:00","dateModified":"2022-01-22T17:02:10+00:00","description":"I consigli della redazione su cosa fare nel Principato dal 7 al 13 gennaio. Venerd\u00ec 7 gennaio Questo venerd\u00ec alle 20:30, si terr\u00e0 il concerto di Carla","breadcrumb":{"@id":"https:\/\/www.monaco-tribune.com\/it\/2022\/01\/carla-bruni-saldi-e-filosofia-cosa-fare-a-monaco-questo-week-end-e-la-settimana-prossima\/#breadcrumb"},"inLanguage":"it-IT","potentialAction":[{"@type":"ReadAction","target":["https:\/\/www.monaco-tribune.com\/it\/2022\/01\/carla-bruni-saldi-e-filosofia-cosa-fare-a-monaco-questo-week-end-e-la-settimana-prossima\/"]}]},{"@type":"ImageObject","inLanguage":"it-IT","@id":"https:\/\/www.monaco-tribune.com\/it\/2022\/01\/carla-bruni-saldi-e-filosofia-cosa-fare-a-monaco-questo-week-end-e-la-settimana-prossima\/#primaryimage","url":"https:\/\/www.monaco-tribune.com\/wp-content\/uploads\/2022\/01\/capture-de\u0301cran-2022-01-06-a\u0300-12.10.29.png","contentUrl":"https:\/\/www.monaco-tribune.com\/wp-content\/uploads\/2022\/01\/capture-de\u0301cran-2022-01-06-a\u0300-12.10.29.png","width":1193,"height":811,"caption":"DR"},{"@type":"BreadcrumbList","@id":"https:\/\/www.monaco-tribune.com\/it\/2022\/01\/carla-bruni-saldi-e-filosofia-cosa-fare-a-monaco-questo-week-end-e-la-settimana-prossima\/#breadcrumb","itemListElement":[{"@type":"ListItem","position":1,"name":"Accueil","item":"https:\/\/www.monaco-tribune.com\/it\/"},{"@type":"ListItem","position":2,"name":"Carla Bruni, saldi e filosofia&#8230; Cosa fare a Monaco questo week end e la settimana prossima"}]},{"@type":"WebSite","@id":"https:\/\/www.monaco-tribune.com\/it\/#website","url":"https:\/\/www.monaco-tribune.com\/it\/","name":"Monaco Tribune","description":"Monaco : actualit\u00e9s \u00e9conomiques, politiques, culturelles et sportives de Monaco et de la French Riviera.","publisher":{"@id":"https:\/\/www.monaco-tribune.com\/it\/#organization"},"potentialAction":[{"@type":"SearchAction","target":{"@type":"EntryPoint","urlTemplate":"https:\/\/www.monaco-tribune.com\/it\/?s={search_term_string}"},"query-input":{"@type":"PropertyValueSpecification","valueRequired":true,"valueName":"search_term_string"}}],"inLanguage":"it-IT"},{"@type":"Organization","@id":"https:\/\/www.monaco-tribune.com\/it\/#organization","name":"Monaco Tribune","url":"https:\/\/www.monaco-tribune.com\/it\/","logo":{"@type":"ImageObject","inLanguage":"it-IT","@id":"https:\/\/www.monaco-tribune.com\/it\/#\/schema\/logo\/image\/","url":"https:\/\/www.monaco-tribune.com\/wp-content\/uploads\/2022\/11\/logo-monaco-tribune.png","contentUrl":"https:\/\/www.monaco-tribune.com\/wp-content\/uploads\/2022\/11\/logo-monaco-tribune.png","width":1548,"height":600,"caption":"Monaco Tribune"},"image":{"@id":"https:\/\/www.monaco-tribune.com\/it\/#\/schema\/logo\/image\/"},"sameAs":["https:\/\/www.facebook.com\/MonacoTribune","https:\/\/x.com\/MonacoTribune","https:\/\/www.instagram.com\/monacotribune\/","https:\/\/www.linkedin.com\/company\/monaco-tribune","https:\/\/www.youtube.com\/channel\/UCHle1MnG6hw1y4lWKijVbMA"]},{"@type":"Person","@id":"https:\/\/www.monaco-tribune.com\/it\/#\/schema\/person\/a855d420fff4d03637641d60b93ac62e","name":"Camille Esteve","image":{"@type":"ImageObject","inLanguage":"it-IT","@id":"https:\/\/secure.gravatar.com\/avatar\/eaaa2355a7bb56c0018a391c20a55bf9b4690e3f493231dd850e612bfa6ce161?s=96&d=mm&r=g","url":"https:\/\/secure.gravatar.com\/avatar\/eaaa2355a7bb56c0018a391c20a55bf9b4690e3f493231dd850e612bfa6ce161?s=96&d=mm&r=g","contentUrl":"https:\/\/secure.gravatar.com\/avatar\/eaaa2355a7bb56c0018a391c20a55bf9b4690e3f493231dd850e612bfa6ce161?s=96&d=mm&r=g","caption":"Camille Esteve"},"url":"https:\/\/www.monaco-tribune.com\/it\/author\/camilleesteve\/"}]}},"_links":{"self":[{"href":"https:\/\/www.monaco-tribune.com\/it\/wp-json\/wp\/v2\/posts\/105849","targetHints":{"allow":["GET"]}}],"collection":[{"href":"https:\/\/www.monaco-tribune.com\/it\/wp-json\/wp\/v2\/posts"}],"about":[{"href":"https:\/\/www.monaco-tribune.com\/it\/wp-json\/wp\/v2\/types\/post"}],"author":[{"embeddable":true,"href":"https:\/\/www.monaco-tribune.com\/it\/wp-json\/wp\/v2\/users\/60"}],"replies":[{"embeddable":true,"href":"https:\/\/www.monaco-tribune.com\/it\/wp-json\/wp\/v2\/comments?post=105849"}],"version-history":[{"count":0,"href":"https:\/\/www.monaco-tribune.com\/it\/wp-json\/wp\/v2\/posts\/105849\/revisions"}],"wp:featuredmedia":[{"embeddable":true,"href":"https:\/\/www.monaco-tribune.com\/it\/wp-json\/wp\/v2\/media\/105701"}],"wp:attachment":[{"href":"https:\/\/www.monaco-tribune.com\/it\/wp-json\/wp\/v2\/media?parent=105849"}],"wp:term":[{"taxonomy":"category","embeddable":true,"href":"https:\/\/www.monaco-tribune.com\/it\/wp-json\/wp\/v2\/categories?post=105849"},{"taxonomy":"post_tag","embeddable":true,"href":"https:\/\/www.monaco-tribune.com\/it\/wp-json\/wp\/v2\/tags?post=105849"},{"taxonomy":"sectag","embeddable":true,"href":"https:\/\/www.monaco-tribune.com\/it\/wp-json\/wp\/v2\/post_sectags?post=105849"},{"taxonomy":"format","embeddable":true,"href":"https:\/\/www.monaco-tribune.com\/it\/wp-json\/wp\/v2\/post_format?post=105849"}],"curies":[{"name":"wp","href":"https:\/\/api.w.org\/{rel}","templated":true}]}}