{"id":105861,"date":"2022-01-07T15:53:45","date_gmt":"2022-01-07T14:53:45","guid":{"rendered":"https:\/\/www.monaco-tribune.com\/2022\/01\/un-anno-allinsegna-del-gusto-con-la-sbm\/"},"modified":"2022-01-22T18:02:09","modified_gmt":"2022-01-22T17:02:09","slug":"un-anno-allinsegna-del-gusto-con-la-sbm","status":"publish","type":"post","link":"https:\/\/www.monaco-tribune.com\/it\/2022\/01\/un-anno-allinsegna-del-gusto-con-la-sbm\/","title":{"rendered":"Un anno all&#8217;insegna del gusto con la SBM!"},"content":{"rendered":"\n<p><strong>In questo inizio 2022, i ristoranti della Soci\u00e9t\u00e9 des Bains de Mer propongono un&#8217;offerta varia e invitante.<\/strong><\/p>\n\n<p>Il 2022 comincia in bellezza e si preannuncia un anno all&#8217;insegna del gusto! La SBM pensa sempre ai monegaschi con le sue proposte gastronomiche, cos\u00ec abbiamo pensato di condividere con voi come potrebbe essere una giornata ideale.<\/p>\n\n<p>Cominciamo dal brunch con l&#8217;abbondante buffet dell&#8217;Hotel Hermitage Monte-Carlo o del ristorante del Caf\u00e9 de Paris Monte-Carlo. Lo &#8220;Champagne Brunch Party&#8221; del Monte-Carlo Bay Hotel &amp; Resort, invece, \u00e8 l&#8217;ideale per i pi\u00f9 festaioli!<\/p>\n\n<p>Per pranzo, lasciatevi tentare dal men\u00f9 gourmet dello chef Dominique Lory, da gustare al ristorante Louis XV &#8211; Alain Ducasse. Carni d&#8217;eccezione, pesce pregiato e verdure locali sono cucinati in grande stile e accompagnati da una selezione di vini scelta con cura del sommelier. Se dopo le feste preferite fare un po&#8217; di detox, non perdetevi il ristorante L\u2019Hirondelle con i suoi piatti healthy ma gustosi.<\/p>\n\n<h2 class=\"wp-block-heading\" id=\"h-prets-pour-la-deuxieme-partie-de-journee\">Pronti per la seconda parte della giornata?<\/h2>\n\n<p>Proseguiamo facendo una piccola pausa da dedicare ai pi\u00f9 piccoli. Per un momento indimenticabile, regalategli il corso di magia del Monte-Carlo Bay H\u00f4tel &amp; Resort. La domenica pomeriggio, il famoso mago Simeon Wolfgang tiene diversi workshop personalizzati dove insegna l&#8217;arte della prestidigitazione e tutto quello che la riguarda: teatro, danza, comicit\u00e0, costumi e attrezzatura&#8230;<\/p>\n\n<p>Con il calar del sole \u00e8 subito ora dell&#8217;aperitivo! Nella terrazza riscaldata del Blue Gin godrete di una vista meravigliosa sul Mediterraneo. Dal gioved\u00ec al sabato sera, il lounge bar propone un men\u00f9 tutto nuovo con sushi, sashimi e maki per gli amanti della cucina giapponese.<\/p>\n\n<p>Un altro consiglio per la cena? Il Blue Bay ha riaperto i battenti. Lo chef stellato <a href=\"https:\/\/www.monaco-tribune.com\/it\/2020\/01\/marcel-ravin-lautodidatta-stellato\/\">Marcel Ravin<\/a> ci guida in un viaggio culinario alla scoperta di sapori locali e caraibici. Lasciatevi sorprendere dagli spaghetti di papaya verde alla carbonara o dal dessert al cioccolato e maracuja, circondati da un arredo che ricorda i fondali marini.<\/p>\n\n<p>Certo, non vi consigliamo di seguire questo programma alla lettera o rischierete un&#8217;overdose culinaria&#8230; Godetevi questi piaceri nel corso del mese di gennaio per un inizio d&#8217;anno in pompa magna!<\/p>\n\n<p><a href=\"https:\/\/www.montecarlosbm.com\/it\"><i>Maggiori informazioni<\/i><\/a><\/p>\n","protected":false},"excerpt":{"rendered":"<p>In questo inizio 2022, i ristoranti della Soci\u00e9t\u00e9 des Bains de Mer propongono un&#8217;offerta varia e invitante. Il 2022 comincia [&hellip;]<\/p>\n","protected":false},"author":57,"featured_media":29529,"comment_status":"closed","ping_status":"closed","sticky":false,"template":"","format":"standard","meta":{"_acf_changed":false,"footnotes":""},"categories":[1740,1738],"tags":[2872],"post_sectags":[],"post_format":[2478],"class_list":["post-105861","post","type-post","status-publish","format-standard","has-post-thumbnail","hentry","category-cosa-fare","category-notizie","tag-gastronomia","format-notizia"],"acf":[],"yoast_head":"<!-- This site is optimized with the Yoast SEO Premium plugin v26.8 (Yoast SEO v27.4) - https:\/\/yoast.com\/product\/yoast-seo-premium-wordpress\/ -->\n<title>Un anno all&#039;insegna del gusto con la SBM!<\/title>\n<meta name=\"description\" content=\"In questo inizio 2022, i ristoranti della Soci\u00e9t\u00e9 des Bains de Mer propongono un&#039;offerta varia e invitante. Il 2022 comincia in bellezza e si preannuncia\" \/>\n<meta name=\"robots\" content=\"index, follow, max-snippet:-1, max-image-preview:large, max-video-preview:-1\" \/>\n<link rel=\"canonical\" href=\"https:\/\/www.monaco-tribune.com\/it\/2022\/01\/un-anno-allinsegna-del-gusto-con-la-sbm\/\" \/>\n<meta property=\"og:locale\" content=\"it_IT\" \/>\n<meta property=\"og:type\" content=\"article\" \/>\n<meta property=\"og:title\" content=\"Un anno all&#039;insegna del gusto con la SBM! - Monaco Tribune\" \/>\n<meta property=\"og:description\" content=\"In questo inizio 2022, i ristoranti della Soci\u00e9t\u00e9 des Bains de Mer propongono un&#039;offerta varia e invitante. Il 2022 comincia in bellezza e si preannuncia\" \/>\n<meta property=\"og:url\" content=\"https:\/\/www.monaco-tribune.com\/it\/2022\/01\/un-anno-allinsegna-del-gusto-con-la-sbm\/\" \/>\n<meta property=\"og:site_name\" content=\"Monaco Tribune\" \/>\n<meta property=\"article:publisher\" content=\"https:\/\/www.facebook.com\/MonacoTribune\" \/>\n<meta property=\"article:published_time\" content=\"2022-01-07T14:53:45+00:00\" \/>\n<meta property=\"article:modified_time\" content=\"2022-01-22T17:02:09+00:00\" \/>\n<meta property=\"og:image\" content=\"https:\/\/www.monaco-tribune.com\/wp-content\/uploads\/2020\/06\/alain-ducasse-louis-xv-monaco-sbm.jpeg\" \/>\n\t<meta property=\"og:image:width\" content=\"1920\" \/>\n\t<meta property=\"og:image:height\" content=\"1085\" \/>\n\t<meta property=\"og:image:type\" content=\"image\/jpeg\" \/>\n<meta name=\"author\" content=\"Josepha Toquereau\" \/>\n<meta name=\"twitter:card\" content=\"summary_large_image\" \/>\n<meta name=\"twitter:creator\" content=\"@MonacoTribune\" \/>\n<meta name=\"twitter:site\" content=\"@MonacoTribune\" \/>\n<script type=\"application\/ld+json\" class=\"yoast-schema-graph\">{\"@context\":\"https:\\\/\\\/schema.org\",\"@graph\":[{\"@type\":\"NewsArticle\",\"@id\":\"https:\\\/\\\/www.monaco-tribune.com\\\/it\\\/2022\\\/01\\\/un-anno-allinsegna-del-gusto-con-la-sbm\\\/#article\",\"isPartOf\":{\"@id\":\"https:\\\/\\\/www.monaco-tribune.com\\\/it\\\/2022\\\/01\\\/un-anno-allinsegna-del-gusto-con-la-sbm\\\/\"},\"author\":{\"name\":\"Josepha Toquereau\",\"@id\":\"https:\\\/\\\/www.monaco-tribune.com\\\/it\\\/#\\\/schema\\\/person\\\/c8eeb5e36b6ed3782736273e5eb7d764\"},\"headline\":\"Un anno all&#8217;insegna del gusto con la SBM!\",\"datePublished\":\"2022-01-07T14:53:45+00:00\",\"dateModified\":\"2022-01-22T17:02:09+00:00\",\"mainEntityOfPage\":{\"@id\":\"https:\\\/\\\/www.monaco-tribune.com\\\/it\\\/2022\\\/01\\\/un-anno-allinsegna-del-gusto-con-la-sbm\\\/\"},\"wordCount\":367,\"publisher\":{\"@id\":\"https:\\\/\\\/www.monaco-tribune.com\\\/it\\\/#organization\"},\"image\":{\"@id\":\"https:\\\/\\\/www.monaco-tribune.com\\\/it\\\/2022\\\/01\\\/un-anno-allinsegna-del-gusto-con-la-sbm\\\/#primaryimage\"},\"thumbnailUrl\":\"https:\\\/\\\/www.monaco-tribune.com\\\/wp-content\\\/uploads\\\/2020\\\/06\\\/alain-ducasse-louis-xv-monaco-sbm.jpeg\",\"keywords\":[\"Gastronomia\"],\"articleSection\":[\"Cosa fare\",\"Notizie\"],\"inLanguage\":\"it-IT\",\"copyrightYear\":\"2022\",\"copyrightHolder\":{\"@id\":\"https:\\\/\\\/www.monaco-tribune.com\\\/#organization\"}},{\"@type\":\"WebPage\",\"@id\":\"https:\\\/\\\/www.monaco-tribune.com\\\/it\\\/2022\\\/01\\\/un-anno-allinsegna-del-gusto-con-la-sbm\\\/\",\"url\":\"https:\\\/\\\/www.monaco-tribune.com\\\/it\\\/2022\\\/01\\\/un-anno-allinsegna-del-gusto-con-la-sbm\\\/\",\"name\":\"Un anno all'insegna del gusto con la SBM!\",\"isPartOf\":{\"@id\":\"https:\\\/\\\/www.monaco-tribune.com\\\/it\\\/#website\"},\"primaryImageOfPage\":{\"@id\":\"https:\\\/\\\/www.monaco-tribune.com\\\/it\\\/2022\\\/01\\\/un-anno-allinsegna-del-gusto-con-la-sbm\\\/#primaryimage\"},\"image\":{\"@id\":\"https:\\\/\\\/www.monaco-tribune.com\\\/it\\\/2022\\\/01\\\/un-anno-allinsegna-del-gusto-con-la-sbm\\\/#primaryimage\"},\"thumbnailUrl\":\"https:\\\/\\\/www.monaco-tribune.com\\\/wp-content\\\/uploads\\\/2020\\\/06\\\/alain-ducasse-louis-xv-monaco-sbm.jpeg\",\"datePublished\":\"2022-01-07T14:53:45+00:00\",\"dateModified\":\"2022-01-22T17:02:09+00:00\",\"description\":\"In questo inizio 2022, i ristoranti della Soci\u00e9t\u00e9 des Bains de Mer propongono un'offerta varia e invitante. Il 2022 comincia in bellezza e si preannuncia\",\"breadcrumb\":{\"@id\":\"https:\\\/\\\/www.monaco-tribune.com\\\/it\\\/2022\\\/01\\\/un-anno-allinsegna-del-gusto-con-la-sbm\\\/#breadcrumb\"},\"inLanguage\":\"it-IT\",\"potentialAction\":[{\"@type\":\"ReadAction\",\"target\":[\"https:\\\/\\\/www.monaco-tribune.com\\\/it\\\/2022\\\/01\\\/un-anno-allinsegna-del-gusto-con-la-sbm\\\/\"]}]},{\"@type\":\"ImageObject\",\"inLanguage\":\"it-IT\",\"@id\":\"https:\\\/\\\/www.monaco-tribune.com\\\/it\\\/2022\\\/01\\\/un-anno-allinsegna-del-gusto-con-la-sbm\\\/#primaryimage\",\"url\":\"https:\\\/\\\/www.monaco-tribune.com\\\/wp-content\\\/uploads\\\/2020\\\/06\\\/alain-ducasse-louis-xv-monaco-sbm.jpeg\",\"contentUrl\":\"https:\\\/\\\/www.monaco-tribune.com\\\/wp-content\\\/uploads\\\/2020\\\/06\\\/alain-ducasse-louis-xv-monaco-sbm.jpeg\",\"width\":1920,\"height\":1085,\"caption\":\"Le Louis XV Alain Ducasse \u00a9 Monte-Carlo Soci\u00e9t\u00e9 des Bains de Mer\"},{\"@type\":\"BreadcrumbList\",\"@id\":\"https:\\\/\\\/www.monaco-tribune.com\\\/it\\\/2022\\\/01\\\/un-anno-allinsegna-del-gusto-con-la-sbm\\\/#breadcrumb\",\"itemListElement\":[{\"@type\":\"ListItem\",\"position\":1,\"name\":\"Accueil\",\"item\":\"https:\\\/\\\/www.monaco-tribune.com\\\/it\\\/\"},{\"@type\":\"ListItem\",\"position\":2,\"name\":\"Un anno all&rsquo;insegna del gusto con la SBM!\"}]},{\"@type\":\"WebSite\",\"@id\":\"https:\\\/\\\/www.monaco-tribune.com\\\/it\\\/#website\",\"url\":\"https:\\\/\\\/www.monaco-tribune.com\\\/it\\\/\",\"name\":\"Monaco Tribune\",\"description\":\"Monaco : actualit\u00e9s \u00e9conomiques, politiques, culturelles et sportives de Monaco et de la French Riviera.\",\"publisher\":{\"@id\":\"https:\\\/\\\/www.monaco-tribune.com\\\/it\\\/#organization\"},\"potentialAction\":[{\"@type\":\"SearchAction\",\"target\":{\"@type\":\"EntryPoint\",\"urlTemplate\":\"https:\\\/\\\/www.monaco-tribune.com\\\/it\\\/?s={search_term_string}\"},\"query-input\":{\"@type\":\"PropertyValueSpecification\",\"valueRequired\":true,\"valueName\":\"search_term_string\"}}],\"inLanguage\":\"it-IT\"},{\"@type\":\"Organization\",\"@id\":\"https:\\\/\\\/www.monaco-tribune.com\\\/it\\\/#organization\",\"name\":\"Monaco Tribune\",\"url\":\"https:\\\/\\\/www.monaco-tribune.com\\\/it\\\/\",\"logo\":{\"@type\":\"ImageObject\",\"inLanguage\":\"it-IT\",\"@id\":\"https:\\\/\\\/www.monaco-tribune.com\\\/it\\\/#\\\/schema\\\/logo\\\/image\\\/\",\"url\":\"https:\\\/\\\/www.monaco-tribune.com\\\/wp-content\\\/uploads\\\/2022\\\/11\\\/logo-monaco-tribune.png\",\"contentUrl\":\"https:\\\/\\\/www.monaco-tribune.com\\\/wp-content\\\/uploads\\\/2022\\\/11\\\/logo-monaco-tribune.png\",\"width\":1548,\"height\":600,\"caption\":\"Monaco Tribune\"},\"image\":{\"@id\":\"https:\\\/\\\/www.monaco-tribune.com\\\/it\\\/#\\\/schema\\\/logo\\\/image\\\/\"},\"sameAs\":[\"https:\\\/\\\/www.facebook.com\\\/MonacoTribune\",\"https:\\\/\\\/x.com\\\/MonacoTribune\",\"https:\\\/\\\/www.instagram.com\\\/monacotribune\\\/\",\"https:\\\/\\\/www.linkedin.com\\\/company\\\/monaco-tribune\",\"https:\\\/\\\/www.youtube.com\\\/channel\\\/UCHle1MnG6hw1y4lWKijVbMA\"]},{\"@type\":\"Person\",\"@id\":\"https:\\\/\\\/www.monaco-tribune.com\\\/it\\\/#\\\/schema\\\/person\\\/c8eeb5e36b6ed3782736273e5eb7d764\",\"name\":\"Josepha Toquereau\",\"image\":{\"@type\":\"ImageObject\",\"inLanguage\":\"it-IT\",\"@id\":\"https:\\\/\\\/secure.gravatar.com\\\/avatar\\\/3e06e87605717b00d3b9743f79fca038480454ef05226ef9de5dfa9577c3363f?s=96&d=mm&r=g\",\"url\":\"https:\\\/\\\/secure.gravatar.com\\\/avatar\\\/3e06e87605717b00d3b9743f79fca038480454ef05226ef9de5dfa9577c3363f?s=96&d=mm&r=g\",\"contentUrl\":\"https:\\\/\\\/secure.gravatar.com\\\/avatar\\\/3e06e87605717b00d3b9743f79fca038480454ef05226ef9de5dfa9577c3363f?s=96&d=mm&r=g\",\"caption\":\"Josepha Toquereau\"},\"url\":\"https:\\\/\\\/www.monaco-tribune.com\\\/it\\\/author\\\/josephatoquereau\\\/\"}]}<\/script>\n<!-- \/ Yoast SEO Premium plugin. -->","yoast_head_json":{"title":"Un anno all'insegna del gusto con la SBM!","description":"In questo inizio 2022, i ristoranti della Soci\u00e9t\u00e9 des Bains de Mer propongono un'offerta varia e invitante. Il 2022 comincia in bellezza e si preannuncia","robots":{"index":"index","follow":"follow","max-snippet":"max-snippet:-1","max-image-preview":"max-image-preview:large","max-video-preview":"max-video-preview:-1"},"canonical":"https:\/\/www.monaco-tribune.com\/it\/2022\/01\/un-anno-allinsegna-del-gusto-con-la-sbm\/","og_locale":"it_IT","og_type":"article","og_title":"Un anno all'insegna del gusto con la SBM! - Monaco Tribune","og_description":"In questo inizio 2022, i ristoranti della Soci\u00e9t\u00e9 des Bains de Mer propongono un'offerta varia e invitante. Il 2022 comincia in bellezza e si preannuncia","og_url":"https:\/\/www.monaco-tribune.com\/it\/2022\/01\/un-anno-allinsegna-del-gusto-con-la-sbm\/","og_site_name":"Monaco Tribune","article_publisher":"https:\/\/www.facebook.com\/MonacoTribune","article_published_time":"2022-01-07T14:53:45+00:00","article_modified_time":"2022-01-22T17:02:09+00:00","og_image":[{"width":1920,"height":1085,"url":"https:\/\/www.monaco-tribune.com\/wp-content\/uploads\/2020\/06\/alain-ducasse-louis-xv-monaco-sbm.jpeg","type":"image\/jpeg"}],"author":"Josepha Toquereau","twitter_card":"summary_large_image","twitter_creator":"@MonacoTribune","twitter_site":"@MonacoTribune","schema":{"@context":"https:\/\/schema.org","@graph":[{"@type":"NewsArticle","@id":"https:\/\/www.monaco-tribune.com\/it\/2022\/01\/un-anno-allinsegna-del-gusto-con-la-sbm\/#article","isPartOf":{"@id":"https:\/\/www.monaco-tribune.com\/it\/2022\/01\/un-anno-allinsegna-del-gusto-con-la-sbm\/"},"author":{"name":"Josepha Toquereau","@id":"https:\/\/www.monaco-tribune.com\/it\/#\/schema\/person\/c8eeb5e36b6ed3782736273e5eb7d764"},"headline":"Un anno all&#8217;insegna del gusto con la SBM!","datePublished":"2022-01-07T14:53:45+00:00","dateModified":"2022-01-22T17:02:09+00:00","mainEntityOfPage":{"@id":"https:\/\/www.monaco-tribune.com\/it\/2022\/01\/un-anno-allinsegna-del-gusto-con-la-sbm\/"},"wordCount":367,"publisher":{"@id":"https:\/\/www.monaco-tribune.com\/it\/#organization"},"image":{"@id":"https:\/\/www.monaco-tribune.com\/it\/2022\/01\/un-anno-allinsegna-del-gusto-con-la-sbm\/#primaryimage"},"thumbnailUrl":"https:\/\/www.monaco-tribune.com\/wp-content\/uploads\/2020\/06\/alain-ducasse-louis-xv-monaco-sbm.jpeg","keywords":["Gastronomia"],"articleSection":["Cosa fare","Notizie"],"inLanguage":"it-IT","copyrightYear":"2022","copyrightHolder":{"@id":"https:\/\/www.monaco-tribune.com\/#organization"}},{"@type":"WebPage","@id":"https:\/\/www.monaco-tribune.com\/it\/2022\/01\/un-anno-allinsegna-del-gusto-con-la-sbm\/","url":"https:\/\/www.monaco-tribune.com\/it\/2022\/01\/un-anno-allinsegna-del-gusto-con-la-sbm\/","name":"Un anno all'insegna del gusto con la SBM!","isPartOf":{"@id":"https:\/\/www.monaco-tribune.com\/it\/#website"},"primaryImageOfPage":{"@id":"https:\/\/www.monaco-tribune.com\/it\/2022\/01\/un-anno-allinsegna-del-gusto-con-la-sbm\/#primaryimage"},"image":{"@id":"https:\/\/www.monaco-tribune.com\/it\/2022\/01\/un-anno-allinsegna-del-gusto-con-la-sbm\/#primaryimage"},"thumbnailUrl":"https:\/\/www.monaco-tribune.com\/wp-content\/uploads\/2020\/06\/alain-ducasse-louis-xv-monaco-sbm.jpeg","datePublished":"2022-01-07T14:53:45+00:00","dateModified":"2022-01-22T17:02:09+00:00","description":"In questo inizio 2022, i ristoranti della Soci\u00e9t\u00e9 des Bains de Mer propongono un'offerta varia e invitante. Il 2022 comincia in bellezza e si preannuncia","breadcrumb":{"@id":"https:\/\/www.monaco-tribune.com\/it\/2022\/01\/un-anno-allinsegna-del-gusto-con-la-sbm\/#breadcrumb"},"inLanguage":"it-IT","potentialAction":[{"@type":"ReadAction","target":["https:\/\/www.monaco-tribune.com\/it\/2022\/01\/un-anno-allinsegna-del-gusto-con-la-sbm\/"]}]},{"@type":"ImageObject","inLanguage":"it-IT","@id":"https:\/\/www.monaco-tribune.com\/it\/2022\/01\/un-anno-allinsegna-del-gusto-con-la-sbm\/#primaryimage","url":"https:\/\/www.monaco-tribune.com\/wp-content\/uploads\/2020\/06\/alain-ducasse-louis-xv-monaco-sbm.jpeg","contentUrl":"https:\/\/www.monaco-tribune.com\/wp-content\/uploads\/2020\/06\/alain-ducasse-louis-xv-monaco-sbm.jpeg","width":1920,"height":1085,"caption":"Le Louis XV Alain Ducasse \u00a9 Monte-Carlo Soci\u00e9t\u00e9 des Bains de Mer"},{"@type":"BreadcrumbList","@id":"https:\/\/www.monaco-tribune.com\/it\/2022\/01\/un-anno-allinsegna-del-gusto-con-la-sbm\/#breadcrumb","itemListElement":[{"@type":"ListItem","position":1,"name":"Accueil","item":"https:\/\/www.monaco-tribune.com\/it\/"},{"@type":"ListItem","position":2,"name":"Un anno all&rsquo;insegna del gusto con la SBM!"}]},{"@type":"WebSite","@id":"https:\/\/www.monaco-tribune.com\/it\/#website","url":"https:\/\/www.monaco-tribune.com\/it\/","name":"Monaco Tribune","description":"Monaco : actualit\u00e9s \u00e9conomiques, politiques, culturelles et sportives de Monaco et de la French Riviera.","publisher":{"@id":"https:\/\/www.monaco-tribune.com\/it\/#organization"},"potentialAction":[{"@type":"SearchAction","target":{"@type":"EntryPoint","urlTemplate":"https:\/\/www.monaco-tribune.com\/it\/?s={search_term_string}"},"query-input":{"@type":"PropertyValueSpecification","valueRequired":true,"valueName":"search_term_string"}}],"inLanguage":"it-IT"},{"@type":"Organization","@id":"https:\/\/www.monaco-tribune.com\/it\/#organization","name":"Monaco Tribune","url":"https:\/\/www.monaco-tribune.com\/it\/","logo":{"@type":"ImageObject","inLanguage":"it-IT","@id":"https:\/\/www.monaco-tribune.com\/it\/#\/schema\/logo\/image\/","url":"https:\/\/www.monaco-tribune.com\/wp-content\/uploads\/2022\/11\/logo-monaco-tribune.png","contentUrl":"https:\/\/www.monaco-tribune.com\/wp-content\/uploads\/2022\/11\/logo-monaco-tribune.png","width":1548,"height":600,"caption":"Monaco Tribune"},"image":{"@id":"https:\/\/www.monaco-tribune.com\/it\/#\/schema\/logo\/image\/"},"sameAs":["https:\/\/www.facebook.com\/MonacoTribune","https:\/\/x.com\/MonacoTribune","https:\/\/www.instagram.com\/monacotribune\/","https:\/\/www.linkedin.com\/company\/monaco-tribune","https:\/\/www.youtube.com\/channel\/UCHle1MnG6hw1y4lWKijVbMA"]},{"@type":"Person","@id":"https:\/\/www.monaco-tribune.com\/it\/#\/schema\/person\/c8eeb5e36b6ed3782736273e5eb7d764","name":"Josepha Toquereau","image":{"@type":"ImageObject","inLanguage":"it-IT","@id":"https:\/\/secure.gravatar.com\/avatar\/3e06e87605717b00d3b9743f79fca038480454ef05226ef9de5dfa9577c3363f?s=96&d=mm&r=g","url":"https:\/\/secure.gravatar.com\/avatar\/3e06e87605717b00d3b9743f79fca038480454ef05226ef9de5dfa9577c3363f?s=96&d=mm&r=g","contentUrl":"https:\/\/secure.gravatar.com\/avatar\/3e06e87605717b00d3b9743f79fca038480454ef05226ef9de5dfa9577c3363f?s=96&d=mm&r=g","caption":"Josepha Toquereau"},"url":"https:\/\/www.monaco-tribune.com\/it\/author\/josephatoquereau\/"}]}},"_links":{"self":[{"href":"https:\/\/www.monaco-tribune.com\/it\/wp-json\/wp\/v2\/posts\/105861","targetHints":{"allow":["GET"]}}],"collection":[{"href":"https:\/\/www.monaco-tribune.com\/it\/wp-json\/wp\/v2\/posts"}],"about":[{"href":"https:\/\/www.monaco-tribune.com\/it\/wp-json\/wp\/v2\/types\/post"}],"author":[{"embeddable":true,"href":"https:\/\/www.monaco-tribune.com\/it\/wp-json\/wp\/v2\/users\/57"}],"replies":[{"embeddable":true,"href":"https:\/\/www.monaco-tribune.com\/it\/wp-json\/wp\/v2\/comments?post=105861"}],"version-history":[{"count":0,"href":"https:\/\/www.monaco-tribune.com\/it\/wp-json\/wp\/v2\/posts\/105861\/revisions"}],"wp:featuredmedia":[{"embeddable":true,"href":"https:\/\/www.monaco-tribune.com\/it\/wp-json\/wp\/v2\/media\/29529"}],"wp:attachment":[{"href":"https:\/\/www.monaco-tribune.com\/it\/wp-json\/wp\/v2\/media?parent=105861"}],"wp:term":[{"taxonomy":"category","embeddable":true,"href":"https:\/\/www.monaco-tribune.com\/it\/wp-json\/wp\/v2\/categories?post=105861"},{"taxonomy":"post_tag","embeddable":true,"href":"https:\/\/www.monaco-tribune.com\/it\/wp-json\/wp\/v2\/tags?post=105861"},{"taxonomy":"sectag","embeddable":true,"href":"https:\/\/www.monaco-tribune.com\/it\/wp-json\/wp\/v2\/post_sectags?post=105861"},{"taxonomy":"format","embeddable":true,"href":"https:\/\/www.monaco-tribune.com\/it\/wp-json\/wp\/v2\/post_format?post=105861"}],"curies":[{"name":"wp","href":"https:\/\/api.w.org\/{rel}","templated":true}]}}