{"id":106296,"date":"2022-01-12T11:15:46","date_gmt":"2022-01-12T10:15:46","guid":{"rendered":"https:\/\/www.monaco-tribune.com\/2022\/01\/i-10-nomi-piu-usati-a-monaco-nel-2021\/"},"modified":"2022-01-22T18:01:44","modified_gmt":"2022-01-22T17:01:44","slug":"i-10-nomi-piu-usati-a-monaco-nel-2021","status":"publish","type":"post","link":"https:\/\/www.monaco-tribune.com\/it\/2022\/01\/i-10-nomi-piu-usati-a-monaco-nel-2021\/","title":{"rendered":"I 10 nomi pi\u00f9 usati a Monaco nel 2021"},"content":{"rendered":"\n<p><strong>Il Comune di Monaco ha pubblicato le statistiche sulle nascite dell&#8217;anno scorso.<\/strong><\/p>\n\n<p>Come ogni anno, il Comune di Monaco ha pubblicato i dati dello stato civile per l&#8217;anno appena trascorso. Nel 2021, nel Principato sono venuti al mondo 976 neonati, contro i 911 del 2020, per un totale di 498 maschietti e 478 femminucce.<\/p>\n\n<p>Per quanto riguarda i nomi pi\u00f9 diffusi, <a href=\"https:\/\/www.monaco-tribune.com\/it\/2021\/01\/la-top-10-dei-nomi-piu-popolari-a-monaco-nel-2020\/\">tre di questi rientravano gi\u00e0 nella top 10 del 2020<\/a>.<\/p>\n\n<h2 class=\"wp-block-heading\" id=\"h-le-top-5-pour-les-filles\">Top 5 nomi femminili<\/h2>\n\n<ul class=\"wp-block-list\"><li><strong>Victoria<\/strong> &#8211; Gi\u00e0 al primo posto nel 2020, Victoria \u00e8 il femminile di Victor che in latino significa &#8220;vincitore&#8221;.<\/li><li><strong>Louise<\/strong> &#8211; Deriva dall&#8217;antico nome germanico Hlodwig che sembrerebbe significare &#8220;gloriosa combattente&#8221;.<\/li><li><strong>Lena\u00a0<\/strong>&#8211; L\u00e9na \u00e8 il diminutivo di H\u00e9l\u00e8ne, nome proveniente dal greco <em>h\u00e9l\u0113<\/em> che vuol dire &#8220;fulgore solare&#8221; o &#8220;splendore&#8221;.<\/li><li><strong>L\u00e9a\u00a0<\/strong>&#8211; Un nome ebraico, derivato da <em>le&#8217;ah<\/em>, che ha diversi possibili significati. Quello pi\u00f9 diffuso, per\u00f2, \u00e8 sicuramente &#8220;leonessa&#8221;.<\/li><li><strong>Anna<\/strong> &#8211; Di origine ebraica, Anna deriva da Hannah e significa &#8220;grazia&#8221;.<\/li><\/ul>\n\n<h2 class=\"wp-block-heading\" id=\"h-le-top-5-pour-les-garcons\">Top 5 nomi maschili<\/h2>\n\n<ul class=\"wp-block-list\"><li><strong>Gabriel <\/strong>&#8211; Gi\u00e0 molto popolare nel 2020, Gabriel deriva dall&#8217;unione tra il temine ebraico &#8220;forza&#8221; e quello per indicare &#8220;Dio&#8221;.<\/li><li><strong>Matteo<\/strong> &#8211; Deriva dal nome ebraico Mattatyahu e significa &#8220;dono di Dio&#8221;.<\/li><li><strong>L\u00e9o\u00a0<\/strong>&#8211; Particolarmente gettonato anche nel 2020, L\u00e9o, diminutivo di L\u00e9on e L\u00e9onard, significa &#8220;leone&#8221; in latino.<\/li><li><strong>Louis<\/strong> &#8211; Derivato da Clodoveo, anch&#8217;esso proveniente dal germanico Hlodwig, Louis significa &#8220;illustre combattente&#8221;.<\/li><li><strong>Rapha\u00ebl\u00a0<\/strong>&#8211; Nome di origine ebraica con il significato di &#8220;Dio ha guarito&#8221;.<\/li><\/ul>\n","protected":false},"excerpt":{"rendered":"<p>Il Comune di Monaco ha pubblicato le statistiche sulle nascite dell&#8217;anno scorso. Come ogni anno, il Comune di Monaco ha [&hellip;]<\/p>\n","protected":false},"author":60,"featured_media":106977,"comment_status":"closed","ping_status":"closed","sticky":false,"template":"","format":"standard","meta":{"_acf_changed":false,"footnotes":""},"categories":[1826,1738,1752],"tags":[],"post_sectags":[],"post_format":[2478],"class_list":["post-106296","post","type-post","status-publish","format-standard","has-post-thumbnail","hentry","category-la-nostra-scelta","category-notizie","category-societa","format-notizia"],"acf":[],"yoast_head":"<!-- This site is optimized with the Yoast SEO Premium plugin v26.8 (Yoast SEO v27.4) - https:\/\/yoast.com\/product\/yoast-seo-premium-wordpress\/ -->\n<title>I 10 nomi pi\u00f9 usati a Monaco nel 2021<\/title>\n<meta name=\"description\" content=\"Il Comune di Monaco ha pubblicato le statistiche sulle nascite dell&#039;anno scorso. Come ogni anno, il Comune di Monaco ha pubblicato i dati dello stato\" \/>\n<meta name=\"robots\" content=\"index, follow, max-snippet:-1, max-image-preview:large, max-video-preview:-1\" \/>\n<link rel=\"canonical\" href=\"https:\/\/www.monaco-tribune.com\/it\/2022\/01\/i-10-nomi-piu-usati-a-monaco-nel-2021\/\" \/>\n<meta property=\"og:locale\" content=\"it_IT\" \/>\n<meta property=\"og:type\" content=\"article\" \/>\n<meta property=\"og:title\" content=\"I 10 nomi pi\u00f9 usati a Monaco nel 2021 - Monaco Tribune\" \/>\n<meta property=\"og:description\" content=\"Il Comune di Monaco ha pubblicato le statistiche sulle nascite dell&#039;anno scorso. Come ogni anno, il Comune di Monaco ha pubblicato i dati dello stato\" \/>\n<meta property=\"og:url\" content=\"https:\/\/www.monaco-tribune.com\/it\/2022\/01\/i-10-nomi-piu-usati-a-monaco-nel-2021\/\" \/>\n<meta property=\"og:site_name\" content=\"Monaco Tribune\" \/>\n<meta property=\"article:publisher\" content=\"https:\/\/www.facebook.com\/MonacoTribune\" \/>\n<meta property=\"article:published_time\" content=\"2022-01-12T10:15:46+00:00\" \/>\n<meta property=\"article:modified_time\" content=\"2022-01-22T17:01:44+00:00\" \/>\n<meta property=\"og:image\" content=\"https:\/\/www.monaco-tribune.com\/wp-content\/uploads\/2022\/01\/maternite-princesse-stephanie-monaco.jpeg\" \/>\n\t<meta property=\"og:image:width\" content=\"1020\" \/>\n\t<meta property=\"og:image:height\" content=\"680\" \/>\n\t<meta property=\"og:image:type\" content=\"image\/jpeg\" \/>\n<meta name=\"author\" content=\"Camille Esteve\" \/>\n<meta name=\"twitter:card\" content=\"summary_large_image\" \/>\n<meta name=\"twitter:creator\" content=\"@MonacoTribune\" \/>\n<meta name=\"twitter:site\" content=\"@MonacoTribune\" \/>\n<script type=\"application\/ld+json\" class=\"yoast-schema-graph\">{\"@context\":\"https:\\\/\\\/schema.org\",\"@graph\":[{\"@type\":\"NewsArticle\",\"@id\":\"https:\\\/\\\/www.monaco-tribune.com\\\/it\\\/2022\\\/01\\\/i-10-nomi-piu-usati-a-monaco-nel-2021\\\/#article\",\"isPartOf\":{\"@id\":\"https:\\\/\\\/www.monaco-tribune.com\\\/it\\\/2022\\\/01\\\/i-10-nomi-piu-usati-a-monaco-nel-2021\\\/\"},\"author\":{\"name\":\"Camille Esteve\",\"@id\":\"https:\\\/\\\/www.monaco-tribune.com\\\/it\\\/#\\\/schema\\\/person\\\/a855d420fff4d03637641d60b93ac62e\"},\"headline\":\"I 10 nomi pi\u00f9 usati a Monaco nel 2021\",\"datePublished\":\"2022-01-12T10:15:46+00:00\",\"dateModified\":\"2022-01-22T17:01:44+00:00\",\"mainEntityOfPage\":{\"@id\":\"https:\\\/\\\/www.monaco-tribune.com\\\/it\\\/2022\\\/01\\\/i-10-nomi-piu-usati-a-monaco-nel-2021\\\/\"},\"wordCount\":245,\"publisher\":{\"@id\":\"https:\\\/\\\/www.monaco-tribune.com\\\/it\\\/#organization\"},\"image\":{\"@id\":\"https:\\\/\\\/www.monaco-tribune.com\\\/it\\\/2022\\\/01\\\/i-10-nomi-piu-usati-a-monaco-nel-2021\\\/#primaryimage\"},\"thumbnailUrl\":\"https:\\\/\\\/www.monaco-tribune.com\\\/wp-content\\\/uploads\\\/2022\\\/01\\\/maternite-princesse-stephanie-monaco.jpeg\",\"articleSection\":[\"La nostra scelta\",\"Notizie\",\"Societ\u00e0\"],\"inLanguage\":\"it-IT\",\"copyrightYear\":\"2022\",\"copyrightHolder\":{\"@id\":\"https:\\\/\\\/www.monaco-tribune.com\\\/#organization\"}},{\"@type\":\"WebPage\",\"@id\":\"https:\\\/\\\/www.monaco-tribune.com\\\/it\\\/2022\\\/01\\\/i-10-nomi-piu-usati-a-monaco-nel-2021\\\/\",\"url\":\"https:\\\/\\\/www.monaco-tribune.com\\\/it\\\/2022\\\/01\\\/i-10-nomi-piu-usati-a-monaco-nel-2021\\\/\",\"name\":\"I 10 nomi pi\u00f9 usati a Monaco nel 2021\",\"isPartOf\":{\"@id\":\"https:\\\/\\\/www.monaco-tribune.com\\\/it\\\/#website\"},\"primaryImageOfPage\":{\"@id\":\"https:\\\/\\\/www.monaco-tribune.com\\\/it\\\/2022\\\/01\\\/i-10-nomi-piu-usati-a-monaco-nel-2021\\\/#primaryimage\"},\"image\":{\"@id\":\"https:\\\/\\\/www.monaco-tribune.com\\\/it\\\/2022\\\/01\\\/i-10-nomi-piu-usati-a-monaco-nel-2021\\\/#primaryimage\"},\"thumbnailUrl\":\"https:\\\/\\\/www.monaco-tribune.com\\\/wp-content\\\/uploads\\\/2022\\\/01\\\/maternite-princesse-stephanie-monaco.jpeg\",\"datePublished\":\"2022-01-12T10:15:46+00:00\",\"dateModified\":\"2022-01-22T17:01:44+00:00\",\"description\":\"Il Comune di Monaco ha pubblicato le statistiche sulle nascite dell'anno scorso. Come ogni anno, il Comune di Monaco ha pubblicato i dati dello stato\",\"breadcrumb\":{\"@id\":\"https:\\\/\\\/www.monaco-tribune.com\\\/it\\\/2022\\\/01\\\/i-10-nomi-piu-usati-a-monaco-nel-2021\\\/#breadcrumb\"},\"inLanguage\":\"it-IT\",\"potentialAction\":[{\"@type\":\"ReadAction\",\"target\":[\"https:\\\/\\\/www.monaco-tribune.com\\\/it\\\/2022\\\/01\\\/i-10-nomi-piu-usati-a-monaco-nel-2021\\\/\"]}]},{\"@type\":\"ImageObject\",\"inLanguage\":\"it-IT\",\"@id\":\"https:\\\/\\\/www.monaco-tribune.com\\\/it\\\/2022\\\/01\\\/i-10-nomi-piu-usati-a-monaco-nel-2021\\\/#primaryimage\",\"url\":\"https:\\\/\\\/www.monaco-tribune.com\\\/wp-content\\\/uploads\\\/2022\\\/01\\\/maternite-princesse-stephanie-monaco.jpeg\",\"contentUrl\":\"https:\\\/\\\/www.monaco-tribune.com\\\/wp-content\\\/uploads\\\/2022\\\/01\\\/maternite-princesse-stephanie-monaco.jpeg\",\"width\":1020,\"height\":680,\"caption\":\"Fr\u00e9d\u00e9ric Nebinger \\\/ Palais Princier\"},{\"@type\":\"BreadcrumbList\",\"@id\":\"https:\\\/\\\/www.monaco-tribune.com\\\/it\\\/2022\\\/01\\\/i-10-nomi-piu-usati-a-monaco-nel-2021\\\/#breadcrumb\",\"itemListElement\":[{\"@type\":\"ListItem\",\"position\":1,\"name\":\"Accueil\",\"item\":\"https:\\\/\\\/www.monaco-tribune.com\\\/it\\\/\"},{\"@type\":\"ListItem\",\"position\":2,\"name\":\"I 10 nomi pi\u00f9 usati a Monaco nel 2021\"}]},{\"@type\":\"WebSite\",\"@id\":\"https:\\\/\\\/www.monaco-tribune.com\\\/it\\\/#website\",\"url\":\"https:\\\/\\\/www.monaco-tribune.com\\\/it\\\/\",\"name\":\"Monaco Tribune\",\"description\":\"Monaco : actualit\u00e9s \u00e9conomiques, politiques, culturelles et sportives de Monaco et de la French Riviera.\",\"publisher\":{\"@id\":\"https:\\\/\\\/www.monaco-tribune.com\\\/it\\\/#organization\"},\"potentialAction\":[{\"@type\":\"SearchAction\",\"target\":{\"@type\":\"EntryPoint\",\"urlTemplate\":\"https:\\\/\\\/www.monaco-tribune.com\\\/it\\\/?s={search_term_string}\"},\"query-input\":{\"@type\":\"PropertyValueSpecification\",\"valueRequired\":true,\"valueName\":\"search_term_string\"}}],\"inLanguage\":\"it-IT\"},{\"@type\":\"Organization\",\"@id\":\"https:\\\/\\\/www.monaco-tribune.com\\\/it\\\/#organization\",\"name\":\"Monaco Tribune\",\"url\":\"https:\\\/\\\/www.monaco-tribune.com\\\/it\\\/\",\"logo\":{\"@type\":\"ImageObject\",\"inLanguage\":\"it-IT\",\"@id\":\"https:\\\/\\\/www.monaco-tribune.com\\\/it\\\/#\\\/schema\\\/logo\\\/image\\\/\",\"url\":\"https:\\\/\\\/www.monaco-tribune.com\\\/wp-content\\\/uploads\\\/2022\\\/11\\\/logo-monaco-tribune.png\",\"contentUrl\":\"https:\\\/\\\/www.monaco-tribune.com\\\/wp-content\\\/uploads\\\/2022\\\/11\\\/logo-monaco-tribune.png\",\"width\":1548,\"height\":600,\"caption\":\"Monaco Tribune\"},\"image\":{\"@id\":\"https:\\\/\\\/www.monaco-tribune.com\\\/it\\\/#\\\/schema\\\/logo\\\/image\\\/\"},\"sameAs\":[\"https:\\\/\\\/www.facebook.com\\\/MonacoTribune\",\"https:\\\/\\\/x.com\\\/MonacoTribune\",\"https:\\\/\\\/www.instagram.com\\\/monacotribune\\\/\",\"https:\\\/\\\/www.linkedin.com\\\/company\\\/monaco-tribune\",\"https:\\\/\\\/www.youtube.com\\\/channel\\\/UCHle1MnG6hw1y4lWKijVbMA\"]},{\"@type\":\"Person\",\"@id\":\"https:\\\/\\\/www.monaco-tribune.com\\\/it\\\/#\\\/schema\\\/person\\\/a855d420fff4d03637641d60b93ac62e\",\"name\":\"Camille Esteve\",\"image\":{\"@type\":\"ImageObject\",\"inLanguage\":\"it-IT\",\"@id\":\"https:\\\/\\\/secure.gravatar.com\\\/avatar\\\/eaaa2355a7bb56c0018a391c20a55bf9b4690e3f493231dd850e612bfa6ce161?s=96&d=mm&r=g\",\"url\":\"https:\\\/\\\/secure.gravatar.com\\\/avatar\\\/eaaa2355a7bb56c0018a391c20a55bf9b4690e3f493231dd850e612bfa6ce161?s=96&d=mm&r=g\",\"contentUrl\":\"https:\\\/\\\/secure.gravatar.com\\\/avatar\\\/eaaa2355a7bb56c0018a391c20a55bf9b4690e3f493231dd850e612bfa6ce161?s=96&d=mm&r=g\",\"caption\":\"Camille Esteve\"},\"url\":\"https:\\\/\\\/www.monaco-tribune.com\\\/it\\\/author\\\/camilleesteve\\\/\"}]}<\/script>\n<!-- \/ Yoast SEO Premium plugin. -->","yoast_head_json":{"title":"I 10 nomi pi\u00f9 usati a Monaco nel 2021","description":"Il Comune di Monaco ha pubblicato le statistiche sulle nascite dell'anno scorso. Come ogni anno, il Comune di Monaco ha pubblicato i dati dello stato","robots":{"index":"index","follow":"follow","max-snippet":"max-snippet:-1","max-image-preview":"max-image-preview:large","max-video-preview":"max-video-preview:-1"},"canonical":"https:\/\/www.monaco-tribune.com\/it\/2022\/01\/i-10-nomi-piu-usati-a-monaco-nel-2021\/","og_locale":"it_IT","og_type":"article","og_title":"I 10 nomi pi\u00f9 usati a Monaco nel 2021 - Monaco Tribune","og_description":"Il Comune di Monaco ha pubblicato le statistiche sulle nascite dell'anno scorso. Come ogni anno, il Comune di Monaco ha pubblicato i dati dello stato","og_url":"https:\/\/www.monaco-tribune.com\/it\/2022\/01\/i-10-nomi-piu-usati-a-monaco-nel-2021\/","og_site_name":"Monaco Tribune","article_publisher":"https:\/\/www.facebook.com\/MonacoTribune","article_published_time":"2022-01-12T10:15:46+00:00","article_modified_time":"2022-01-22T17:01:44+00:00","og_image":[{"width":1020,"height":680,"url":"https:\/\/www.monaco-tribune.com\/wp-content\/uploads\/2022\/01\/maternite-princesse-stephanie-monaco.jpeg","type":"image\/jpeg"}],"author":"Camille Esteve","twitter_card":"summary_large_image","twitter_creator":"@MonacoTribune","twitter_site":"@MonacoTribune","schema":{"@context":"https:\/\/schema.org","@graph":[{"@type":"NewsArticle","@id":"https:\/\/www.monaco-tribune.com\/it\/2022\/01\/i-10-nomi-piu-usati-a-monaco-nel-2021\/#article","isPartOf":{"@id":"https:\/\/www.monaco-tribune.com\/it\/2022\/01\/i-10-nomi-piu-usati-a-monaco-nel-2021\/"},"author":{"name":"Camille Esteve","@id":"https:\/\/www.monaco-tribune.com\/it\/#\/schema\/person\/a855d420fff4d03637641d60b93ac62e"},"headline":"I 10 nomi pi\u00f9 usati a Monaco nel 2021","datePublished":"2022-01-12T10:15:46+00:00","dateModified":"2022-01-22T17:01:44+00:00","mainEntityOfPage":{"@id":"https:\/\/www.monaco-tribune.com\/it\/2022\/01\/i-10-nomi-piu-usati-a-monaco-nel-2021\/"},"wordCount":245,"publisher":{"@id":"https:\/\/www.monaco-tribune.com\/it\/#organization"},"image":{"@id":"https:\/\/www.monaco-tribune.com\/it\/2022\/01\/i-10-nomi-piu-usati-a-monaco-nel-2021\/#primaryimage"},"thumbnailUrl":"https:\/\/www.monaco-tribune.com\/wp-content\/uploads\/2022\/01\/maternite-princesse-stephanie-monaco.jpeg","articleSection":["La nostra scelta","Notizie","Societ\u00e0"],"inLanguage":"it-IT","copyrightYear":"2022","copyrightHolder":{"@id":"https:\/\/www.monaco-tribune.com\/#organization"}},{"@type":"WebPage","@id":"https:\/\/www.monaco-tribune.com\/it\/2022\/01\/i-10-nomi-piu-usati-a-monaco-nel-2021\/","url":"https:\/\/www.monaco-tribune.com\/it\/2022\/01\/i-10-nomi-piu-usati-a-monaco-nel-2021\/","name":"I 10 nomi pi\u00f9 usati a Monaco nel 2021","isPartOf":{"@id":"https:\/\/www.monaco-tribune.com\/it\/#website"},"primaryImageOfPage":{"@id":"https:\/\/www.monaco-tribune.com\/it\/2022\/01\/i-10-nomi-piu-usati-a-monaco-nel-2021\/#primaryimage"},"image":{"@id":"https:\/\/www.monaco-tribune.com\/it\/2022\/01\/i-10-nomi-piu-usati-a-monaco-nel-2021\/#primaryimage"},"thumbnailUrl":"https:\/\/www.monaco-tribune.com\/wp-content\/uploads\/2022\/01\/maternite-princesse-stephanie-monaco.jpeg","datePublished":"2022-01-12T10:15:46+00:00","dateModified":"2022-01-22T17:01:44+00:00","description":"Il Comune di Monaco ha pubblicato le statistiche sulle nascite dell'anno scorso. Come ogni anno, il Comune di Monaco ha pubblicato i dati dello stato","breadcrumb":{"@id":"https:\/\/www.monaco-tribune.com\/it\/2022\/01\/i-10-nomi-piu-usati-a-monaco-nel-2021\/#breadcrumb"},"inLanguage":"it-IT","potentialAction":[{"@type":"ReadAction","target":["https:\/\/www.monaco-tribune.com\/it\/2022\/01\/i-10-nomi-piu-usati-a-monaco-nel-2021\/"]}]},{"@type":"ImageObject","inLanguage":"it-IT","@id":"https:\/\/www.monaco-tribune.com\/it\/2022\/01\/i-10-nomi-piu-usati-a-monaco-nel-2021\/#primaryimage","url":"https:\/\/www.monaco-tribune.com\/wp-content\/uploads\/2022\/01\/maternite-princesse-stephanie-monaco.jpeg","contentUrl":"https:\/\/www.monaco-tribune.com\/wp-content\/uploads\/2022\/01\/maternite-princesse-stephanie-monaco.jpeg","width":1020,"height":680,"caption":"Fr\u00e9d\u00e9ric Nebinger \/ Palais Princier"},{"@type":"BreadcrumbList","@id":"https:\/\/www.monaco-tribune.com\/it\/2022\/01\/i-10-nomi-piu-usati-a-monaco-nel-2021\/#breadcrumb","itemListElement":[{"@type":"ListItem","position":1,"name":"Accueil","item":"https:\/\/www.monaco-tribune.com\/it\/"},{"@type":"ListItem","position":2,"name":"I 10 nomi pi\u00f9 usati a Monaco nel 2021"}]},{"@type":"WebSite","@id":"https:\/\/www.monaco-tribune.com\/it\/#website","url":"https:\/\/www.monaco-tribune.com\/it\/","name":"Monaco Tribune","description":"Monaco : actualit\u00e9s \u00e9conomiques, politiques, culturelles et sportives de Monaco et de la French Riviera.","publisher":{"@id":"https:\/\/www.monaco-tribune.com\/it\/#organization"},"potentialAction":[{"@type":"SearchAction","target":{"@type":"EntryPoint","urlTemplate":"https:\/\/www.monaco-tribune.com\/it\/?s={search_term_string}"},"query-input":{"@type":"PropertyValueSpecification","valueRequired":true,"valueName":"search_term_string"}}],"inLanguage":"it-IT"},{"@type":"Organization","@id":"https:\/\/www.monaco-tribune.com\/it\/#organization","name":"Monaco Tribune","url":"https:\/\/www.monaco-tribune.com\/it\/","logo":{"@type":"ImageObject","inLanguage":"it-IT","@id":"https:\/\/www.monaco-tribune.com\/it\/#\/schema\/logo\/image\/","url":"https:\/\/www.monaco-tribune.com\/wp-content\/uploads\/2022\/11\/logo-monaco-tribune.png","contentUrl":"https:\/\/www.monaco-tribune.com\/wp-content\/uploads\/2022\/11\/logo-monaco-tribune.png","width":1548,"height":600,"caption":"Monaco Tribune"},"image":{"@id":"https:\/\/www.monaco-tribune.com\/it\/#\/schema\/logo\/image\/"},"sameAs":["https:\/\/www.facebook.com\/MonacoTribune","https:\/\/x.com\/MonacoTribune","https:\/\/www.instagram.com\/monacotribune\/","https:\/\/www.linkedin.com\/company\/monaco-tribune","https:\/\/www.youtube.com\/channel\/UCHle1MnG6hw1y4lWKijVbMA"]},{"@type":"Person","@id":"https:\/\/www.monaco-tribune.com\/it\/#\/schema\/person\/a855d420fff4d03637641d60b93ac62e","name":"Camille Esteve","image":{"@type":"ImageObject","inLanguage":"it-IT","@id":"https:\/\/secure.gravatar.com\/avatar\/eaaa2355a7bb56c0018a391c20a55bf9b4690e3f493231dd850e612bfa6ce161?s=96&d=mm&r=g","url":"https:\/\/secure.gravatar.com\/avatar\/eaaa2355a7bb56c0018a391c20a55bf9b4690e3f493231dd850e612bfa6ce161?s=96&d=mm&r=g","contentUrl":"https:\/\/secure.gravatar.com\/avatar\/eaaa2355a7bb56c0018a391c20a55bf9b4690e3f493231dd850e612bfa6ce161?s=96&d=mm&r=g","caption":"Camille Esteve"},"url":"https:\/\/www.monaco-tribune.com\/it\/author\/camilleesteve\/"}]}},"_links":{"self":[{"href":"https:\/\/www.monaco-tribune.com\/it\/wp-json\/wp\/v2\/posts\/106296","targetHints":{"allow":["GET"]}}],"collection":[{"href":"https:\/\/www.monaco-tribune.com\/it\/wp-json\/wp\/v2\/posts"}],"about":[{"href":"https:\/\/www.monaco-tribune.com\/it\/wp-json\/wp\/v2\/types\/post"}],"author":[{"embeddable":true,"href":"https:\/\/www.monaco-tribune.com\/it\/wp-json\/wp\/v2\/users\/60"}],"replies":[{"embeddable":true,"href":"https:\/\/www.monaco-tribune.com\/it\/wp-json\/wp\/v2\/comments?post=106296"}],"version-history":[{"count":0,"href":"https:\/\/www.monaco-tribune.com\/it\/wp-json\/wp\/v2\/posts\/106296\/revisions"}],"wp:featuredmedia":[{"embeddable":true,"href":"https:\/\/www.monaco-tribune.com\/it\/wp-json\/wp\/v2\/media\/106977"}],"wp:attachment":[{"href":"https:\/\/www.monaco-tribune.com\/it\/wp-json\/wp\/v2\/media?parent=106296"}],"wp:term":[{"taxonomy":"category","embeddable":true,"href":"https:\/\/www.monaco-tribune.com\/it\/wp-json\/wp\/v2\/categories?post=106296"},{"taxonomy":"post_tag","embeddable":true,"href":"https:\/\/www.monaco-tribune.com\/it\/wp-json\/wp\/v2\/tags?post=106296"},{"taxonomy":"sectag","embeddable":true,"href":"https:\/\/www.monaco-tribune.com\/it\/wp-json\/wp\/v2\/post_sectags?post=106296"},{"taxonomy":"format","embeddable":true,"href":"https:\/\/www.monaco-tribune.com\/it\/wp-json\/wp\/v2\/post_format?post=106296"}],"curies":[{"name":"wp","href":"https:\/\/api.w.org\/{rel}","templated":true}]}}