{"id":107188,"date":"2022-01-18T12:52:32","date_gmt":"2022-01-18T11:52:32","guid":{"rendered":"https:\/\/www.monaco-tribune.com\/2022\/01\/bilancio-2022-quali-sono-gli-ambiti-principali-votati-dal-consiglio-nazionale\/"},"modified":"2022-01-22T18:00:53","modified_gmt":"2022-01-22T17:00:53","slug":"bilancio-2022-quali-sono-gli-ambiti-principali-votati-dal-consiglio-nazionale","status":"publish","type":"post","link":"https:\/\/www.monaco-tribune.com\/it\/2022\/01\/bilancio-2022-quali-sono-gli-ambiti-principali-votati-dal-consiglio-nazionale\/","title":{"rendered":"Bilancio 2022: quali sono gli ambiti principali votati dal Consiglio Nazionale?"},"content":{"rendered":"\n<p><strong>Quest&#8217;anno il bilancio sar\u00e0 principalmente destinato al Piano nazionale per l&#8217;edilizia abitativa.<\/strong><\/p>\n\n<p>Con un budget di 1,8 miliardi di euro per l&#8217;anno corrente, un fondo di riserva di 6 miliardi di euro e la previsione di un utile in attivo, il Consiglio nazionale ha avviato una serie di progetti importanti. Balthazar Seydoux, presidente della Commissione per le finanze e l&#8217;economia nazionale, ha accettato di rispondere alle nostre domande.<\/p>\n\n<h2 class=\"has-text-align-center wp-block-heading\" id=\"h-600-nouveaux-logements-pour-les-monegasques\">600 nuove case per i monegaschi<\/h2>\n\n<p>\u00c8 una delle misure chiave annunciate dal Consiglio nazionale: nell&#8217;ambito del Piano nazionale per l&#8217;edilizia abitativa, entro la fine del 2023 saranno consegnate pi\u00f9 di 600 case popolari &#8220;al fine di ridurne la carenza&#8221;, spiega Balthazar Seydoux. Precisa inoltre che \u201c\u00e8 stato lanciato il bando per l&#8217;edificio Testimonio&#8221;. Una costruzione che disporr\u00e0 di 180 appartamenti con consegna prevista per l&#8217;ultimo trimestre del 2022.<\/p>\n\n<p>L&#8217;argomento ha acceso parecchi dibattiti tra il Consiglio nazionale e il Governo. \u201c\u00c8 emerso che dopo questa prima fase [di consegna dell&#8217;edificio Testimonio], ci sarebbe stato un intervallo di quasi tre anni tra le ultime consegne di questa prima fase e quelle successive. I deputati hanno ritenuto inaccettabile questa situazione e il voto sul bilancio \u00e8 stato subordinato alla ricezione di proposte che colmassero le necessit\u00e0 abitative durante questo periodo al fine di evitare l&#8217;interruzione delle consegne&#8221;, precisa Balthazar Seydoux. &#8220;Il Governo ha quindi rielaborato un piano che consente di programmare le consegne in modo da evitare che si torni a un periodo di scarsit\u00e0&#8221;.<\/p>\n\n<h2 class=\"has-text-align-center wp-block-heading\" id=\"h-un-nouveau-college-en-principaute\">Una nuova scuola nel Principato<\/h2>\n\n<p>Pronta ad accogliere gli studenti all&#8217;inizio dell&#8217;anno scolastico 2024, questa nuova scuola sorger\u00e0 sull&#8217;\u00eelot Pasteur. Balthazar Seydoux assicura che si trover\u00e0 &#8220;in un&#8217;area completamente rinnovata e sar\u00e0 una struttura didattica all&#8217;avanguardia per tutti i nostri adolescenti&#8221;. L&#8217;edificio dovrebbe essere in grado di accogliere 1.500 studenti e dovrebbe disporre di una piscina e una palestra.<\/p>\n\n<p>L&#8217;\u00eelot Pasteur dovrebbe anche ospitare un parcheggio pubblico e 7.560 mq di uffici.<\/p>\n\n<p><strong>LEGGI ANCHE: <\/strong><a href=\"https:\/\/www.monaco-tribune.com\/it\/2021\/09\/foto-5-cantieri-che-rivoluzioneranno-la-monaco-di-domani\/\">FOTO. 5 cantieri che rivoluzioneranno la Monaco di domani<\/a><\/p>\n\n<h2 class=\"has-text-align-center wp-block-heading\" id=\"h-un-centre-de-traitement-des-dechets-plus-performant\">Un centro di trattamento dei rifiuti pi\u00f9 efficiente<\/h2>\n\n<p>Parte del bilancio 2022 sar\u00e0 inoltre destinata al progetto Symbiose: un nuovo centro di trattamento e recupero dei rifiuti sull&#8217;\u00eelot Pasteur che sostituir\u00e0 l&#8217;attuale inceneritore nel quartiere di Fontvieille, la cui chiusura definitiva \u00e8 prevista nel 2026. \u201cL&#8217;obiettivo di questo progetto \u00e8 sostituire l&#8217;attuale impianto, ma anche utilizzare tutte le tecnologie disponibili per renderlo efficiente, al fine di limitare il pi\u00f9 possibile le emissioni di CO2 e dei gas nocivi in generale&#8221;.<\/p>\n\n<h2 class=\"has-text-align-center wp-block-heading\" id=\"h-un-hopital-flambant-neuf\">Un ospedale nuovo di zecca<\/h2>\n\n<p>Ultimo punto che rientra nel bilancio 2022 \u00e8 il proseguimento dei lavori di costruzione del nuovo CHPG che, come promette Balthazar Seydoux, &#8220;consentir\u00e0 a Monaco di dotarsi di una struttura sanitaria di altissimo livello e al Principato di perseguire l&#8217;eccellenza medica, in termini di attrezzature e cura dei pazienti&#8221;. La fine dei lavori \u00e8 prevista per il 2032, ma i primi locali dovrebbero essere consegnati nel 2026.<\/p>\n\n<div class=\"wp-block-image\"><figure class=\"aligncenter size-full\"><img loading=\"lazy\" decoding=\"async\" width=\"682\" height=\"384\" src=\"https:\/\/www.monaco-tribune.com\/wp-content\/uploads\/2021\/09\/nouveau-centre-hospitalier-princesse-grace-chantier.jpg\" alt=\"nuovo-centro-ospedaliero-principessa-grace-cantiere\" class=\"wp-image-94821\" srcset=\"https:\/\/www.monaco-tribune.com\/wp-content\/uploads\/2021\/09\/nouveau-centre-hospitalier-princesse-grace-chantier.jpg 682w, https:\/\/www.monaco-tribune.com\/wp-content\/uploads\/2021\/09\/nouveau-centre-hospitalier-princesse-grace-chantier-533x300.jpg 533w, https:\/\/www.monaco-tribune.com\/wp-content\/uploads\/2021\/09\/nouveau-centre-hospitalier-princesse-grace-chantier-266x150.jpg 266w, https:\/\/www.monaco-tribune.com\/wp-content\/uploads\/2021\/09\/nouveau-centre-hospitalier-princesse-grace-chantier-175x99.jpg 175w\" sizes=\"auto, (max-width: 682px) 100vw, 682px\" \/><figcaption><em>\u00a9 Simon Zwierniak \/ MonacoTribune<\/em><\/figcaption><\/figure><\/div>\n\n<p>Nel frattempo, il Consiglio nazionale \u00e8 ancora in attesa della conferma di altri progetti, che potrebbero poi essere inseriti nel bilancio. Tra questi, <a href=\"https:\/\/www.monaco-tribune.com\/it\/2021\/09\/buone-notizie-il-sindaco-di-nizza-rilancia-il-progetto-della-navetta-tra-nizza-e-cap-dail\/\">la tanto attesa navetta marittima tra Nizza e Cap d&#8217;Ail<\/a>, &#8220;di cui Monaco \u00e8 principale parte azionaria, e che \u00e8 in attesa di un nuovo bando&#8221;. Anche i bus gratuiti potrebbero rientrare nel bilancio. La prova di due mesi \u00e8 gi\u00e0 stata confermata, ma \u201cl\u2019obiettivo \u00e8 di assicurare l&#8217;accesso gratuito permanente per tutti nel lungo periodo&#8221;.<\/p>\n\n<p><strong>LEGGI ANCHE:<\/strong> <a href=\"https:\/\/www.monaco-tribune.com\/it\/2022\/01\/dieci-grandi-novita-a-monaco-nel-2022-bus-gratuito-nazionalita-ristoranti-e-non-solo\/\">Dieci grandi novit\u00e0 a Monaco nel 2022: bus gratuito, nazionalit\u00e0, ristoranti e non solo<\/a><\/p>\n","protected":false},"excerpt":{"rendered":"<p>Quest&#8217;anno il bilancio sar\u00e0 principalmente destinato al Piano nazionale per l&#8217;edilizia abitativa. Con un budget di 1,8 miliardi di euro [&hellip;]<\/p>\n","protected":false},"author":60,"featured_media":102650,"comment_status":"closed","ping_status":"closed","sticky":false,"template":"","format":"standard","meta":{"_acf_changed":false,"footnotes":""},"categories":[1826,1738,1752],"tags":[],"post_sectags":[],"post_format":[2486],"class_list":["post-107188","post","type-post","status-publish","format-standard","has-post-thumbnail","hentry","category-la-nostra-scelta","category-notizie","category-societa","format-servizio"],"acf":[],"yoast_head":"<!-- This site is optimized with the Yoast SEO Premium plugin v26.8 (Yoast SEO v27.5) - https:\/\/yoast.com\/product\/yoast-seo-premium-wordpress\/ -->\n<title>Bilancio 2022: quali sono gli ambiti principali votati dal Consiglio Nazionale?<\/title>\n<meta name=\"description\" content=\"Quest&#039;anno il bilancio sar\u00e0 principalmente destinato al Piano nazionale per l&#039;edilizia abitativa. Con un budget di 1,8 miliardi di euro per l&#039;anno\" \/>\n<meta name=\"robots\" content=\"index, follow, max-snippet:-1, max-image-preview:large, max-video-preview:-1\" \/>\n<link rel=\"canonical\" href=\"https:\/\/www.monaco-tribune.com\/it\/2022\/01\/bilancio-2022-quali-sono-gli-ambiti-principali-votati-dal-consiglio-nazionale\/\" \/>\n<meta property=\"og:locale\" content=\"it_IT\" \/>\n<meta property=\"og:type\" content=\"article\" \/>\n<meta property=\"og:title\" content=\"Bilancio 2022: quali sono gli ambiti principali votati dal Consiglio Nazionale? - Monaco Tribune\" \/>\n<meta property=\"og:description\" content=\"Quest&#039;anno il bilancio sar\u00e0 principalmente destinato al Piano nazionale per l&#039;edilizia abitativa. Con un budget di 1,8 miliardi di euro per l&#039;anno\" \/>\n<meta property=\"og:url\" content=\"https:\/\/www.monaco-tribune.com\/it\/2022\/01\/bilancio-2022-quali-sono-gli-ambiti-principali-votati-dal-consiglio-nazionale\/\" \/>\n<meta property=\"og:site_name\" content=\"Monaco Tribune\" \/>\n<meta property=\"article:publisher\" content=\"https:\/\/www.facebook.com\/MonacoTribune\" \/>\n<meta property=\"article:published_time\" content=\"2022-01-18T11:52:32+00:00\" \/>\n<meta property=\"article:modified_time\" content=\"2022-01-22T17:00:53+00:00\" \/>\n<meta property=\"og:image\" content=\"https:\/\/www.monaco-tribune.com\/wp-content\/uploads\/2021\/12\/valeri-ste\u0301phane-se\u0301ance-budge\u0301taire-6-de\u0301cembre-2021-2.jpg\" \/>\n\t<meta property=\"og:image:width\" content=\"1200\" \/>\n\t<meta property=\"og:image:height\" content=\"800\" \/>\n\t<meta property=\"og:image:type\" content=\"image\/jpeg\" \/>\n<meta name=\"author\" content=\"Camille Esteve\" \/>\n<meta name=\"twitter:card\" content=\"summary_large_image\" \/>\n<meta name=\"twitter:creator\" content=\"@MonacoTribune\" \/>\n<meta name=\"twitter:site\" content=\"@MonacoTribune\" \/>\n<script type=\"application\/ld+json\" class=\"yoast-schema-graph\">{\"@context\":\"https:\\\/\\\/schema.org\",\"@graph\":[{\"@type\":\"NewsArticle\",\"@id\":\"https:\\\/\\\/www.monaco-tribune.com\\\/it\\\/2022\\\/01\\\/bilancio-2022-quali-sono-gli-ambiti-principali-votati-dal-consiglio-nazionale\\\/#article\",\"isPartOf\":{\"@id\":\"https:\\\/\\\/www.monaco-tribune.com\\\/it\\\/2022\\\/01\\\/bilancio-2022-quali-sono-gli-ambiti-principali-votati-dal-consiglio-nazionale\\\/\"},\"author\":{\"name\":\"Camille Esteve\",\"@id\":\"https:\\\/\\\/www.monaco-tribune.com\\\/it\\\/#\\\/schema\\\/person\\\/a855d420fff4d03637641d60b93ac62e\"},\"headline\":\"Bilancio 2022: quali sono gli ambiti principali votati dal Consiglio Nazionale?\",\"datePublished\":\"2022-01-18T11:52:32+00:00\",\"dateModified\":\"2022-01-22T17:00:53+00:00\",\"mainEntityOfPage\":{\"@id\":\"https:\\\/\\\/www.monaco-tribune.com\\\/it\\\/2022\\\/01\\\/bilancio-2022-quali-sono-gli-ambiti-principali-votati-dal-consiglio-nazionale\\\/\"},\"wordCount\":581,\"publisher\":{\"@id\":\"https:\\\/\\\/www.monaco-tribune.com\\\/it\\\/#organization\"},\"image\":{\"@id\":\"https:\\\/\\\/www.monaco-tribune.com\\\/it\\\/2022\\\/01\\\/bilancio-2022-quali-sono-gli-ambiti-principali-votati-dal-consiglio-nazionale\\\/#primaryimage\"},\"thumbnailUrl\":\"https:\\\/\\\/www.monaco-tribune.com\\\/wp-content\\\/uploads\\\/2021\\\/12\\\/valeri-ste\u0301phane-se\u0301ance-budge\u0301taire-6-de\u0301cembre-2021-2.jpg\",\"articleSection\":[\"La nostra scelta\",\"Notizie\",\"Societ\u00e0\"],\"inLanguage\":\"it-IT\",\"copyrightYear\":\"2022\",\"copyrightHolder\":{\"@id\":\"https:\\\/\\\/www.monaco-tribune.com\\\/#organization\"}},{\"@type\":\"WebPage\",\"@id\":\"https:\\\/\\\/www.monaco-tribune.com\\\/it\\\/2022\\\/01\\\/bilancio-2022-quali-sono-gli-ambiti-principali-votati-dal-consiglio-nazionale\\\/\",\"url\":\"https:\\\/\\\/www.monaco-tribune.com\\\/it\\\/2022\\\/01\\\/bilancio-2022-quali-sono-gli-ambiti-principali-votati-dal-consiglio-nazionale\\\/\",\"name\":\"Bilancio 2022: quali sono gli ambiti principali votati dal Consiglio Nazionale?\",\"isPartOf\":{\"@id\":\"https:\\\/\\\/www.monaco-tribune.com\\\/it\\\/#website\"},\"primaryImageOfPage\":{\"@id\":\"https:\\\/\\\/www.monaco-tribune.com\\\/it\\\/2022\\\/01\\\/bilancio-2022-quali-sono-gli-ambiti-principali-votati-dal-consiglio-nazionale\\\/#primaryimage\"},\"image\":{\"@id\":\"https:\\\/\\\/www.monaco-tribune.com\\\/it\\\/2022\\\/01\\\/bilancio-2022-quali-sono-gli-ambiti-principali-votati-dal-consiglio-nazionale\\\/#primaryimage\"},\"thumbnailUrl\":\"https:\\\/\\\/www.monaco-tribune.com\\\/wp-content\\\/uploads\\\/2021\\\/12\\\/valeri-ste\u0301phane-se\u0301ance-budge\u0301taire-6-de\u0301cembre-2021-2.jpg\",\"datePublished\":\"2022-01-18T11:52:32+00:00\",\"dateModified\":\"2022-01-22T17:00:53+00:00\",\"description\":\"Quest'anno il bilancio sar\u00e0 principalmente destinato al Piano nazionale per l'edilizia abitativa. Con un budget di 1,8 miliardi di euro per l'anno\",\"breadcrumb\":{\"@id\":\"https:\\\/\\\/www.monaco-tribune.com\\\/it\\\/2022\\\/01\\\/bilancio-2022-quali-sono-gli-ambiti-principali-votati-dal-consiglio-nazionale\\\/#breadcrumb\"},\"inLanguage\":\"it-IT\",\"potentialAction\":[{\"@type\":\"ReadAction\",\"target\":[\"https:\\\/\\\/www.monaco-tribune.com\\\/it\\\/2022\\\/01\\\/bilancio-2022-quali-sono-gli-ambiti-principali-votati-dal-consiglio-nazionale\\\/\"]}]},{\"@type\":\"ImageObject\",\"inLanguage\":\"it-IT\",\"@id\":\"https:\\\/\\\/www.monaco-tribune.com\\\/it\\\/2022\\\/01\\\/bilancio-2022-quali-sono-gli-ambiti-principali-votati-dal-consiglio-nazionale\\\/#primaryimage\",\"url\":\"https:\\\/\\\/www.monaco-tribune.com\\\/wp-content\\\/uploads\\\/2021\\\/12\\\/valeri-ste\u0301phane-se\u0301ance-budge\u0301taire-6-de\u0301cembre-2021-2.jpg\",\"contentUrl\":\"https:\\\/\\\/www.monaco-tribune.com\\\/wp-content\\\/uploads\\\/2021\\\/12\\\/valeri-ste\u0301phane-se\u0301ance-budge\u0301taire-6-de\u0301cembre-2021-2.jpg\",\"width\":1200,\"height\":800,\"caption\":\"Consiglio nazionale di Monaco\"},{\"@type\":\"BreadcrumbList\",\"@id\":\"https:\\\/\\\/www.monaco-tribune.com\\\/it\\\/2022\\\/01\\\/bilancio-2022-quali-sono-gli-ambiti-principali-votati-dal-consiglio-nazionale\\\/#breadcrumb\",\"itemListElement\":[{\"@type\":\"ListItem\",\"position\":1,\"name\":\"Accueil\",\"item\":\"https:\\\/\\\/www.monaco-tribune.com\\\/it\\\/\"},{\"@type\":\"ListItem\",\"position\":2,\"name\":\"Bilancio 2022: quali sono gli ambiti principali votati dal Consiglio Nazionale?\"}]},{\"@type\":\"WebSite\",\"@id\":\"https:\\\/\\\/www.monaco-tribune.com\\\/it\\\/#website\",\"url\":\"https:\\\/\\\/www.monaco-tribune.com\\\/it\\\/\",\"name\":\"Monaco Tribune\",\"description\":\"Monaco : actualit\u00e9s \u00e9conomiques, politiques, culturelles et sportives de Monaco et de la French Riviera.\",\"publisher\":{\"@id\":\"https:\\\/\\\/www.monaco-tribune.com\\\/it\\\/#organization\"},\"potentialAction\":[{\"@type\":\"SearchAction\",\"target\":{\"@type\":\"EntryPoint\",\"urlTemplate\":\"https:\\\/\\\/www.monaco-tribune.com\\\/it\\\/?s={search_term_string}\"},\"query-input\":{\"@type\":\"PropertyValueSpecification\",\"valueRequired\":true,\"valueName\":\"search_term_string\"}}],\"inLanguage\":\"it-IT\"},{\"@type\":\"Organization\",\"@id\":\"https:\\\/\\\/www.monaco-tribune.com\\\/it\\\/#organization\",\"name\":\"Monaco Tribune\",\"url\":\"https:\\\/\\\/www.monaco-tribune.com\\\/it\\\/\",\"logo\":{\"@type\":\"ImageObject\",\"inLanguage\":\"it-IT\",\"@id\":\"https:\\\/\\\/www.monaco-tribune.com\\\/it\\\/#\\\/schema\\\/logo\\\/image\\\/\",\"url\":\"https:\\\/\\\/www.monaco-tribune.com\\\/wp-content\\\/uploads\\\/2022\\\/11\\\/logo-monaco-tribune.png\",\"contentUrl\":\"https:\\\/\\\/www.monaco-tribune.com\\\/wp-content\\\/uploads\\\/2022\\\/11\\\/logo-monaco-tribune.png\",\"width\":1548,\"height\":600,\"caption\":\"Monaco Tribune\"},\"image\":{\"@id\":\"https:\\\/\\\/www.monaco-tribune.com\\\/it\\\/#\\\/schema\\\/logo\\\/image\\\/\"},\"sameAs\":[\"https:\\\/\\\/www.facebook.com\\\/MonacoTribune\",\"https:\\\/\\\/x.com\\\/MonacoTribune\",\"https:\\\/\\\/www.instagram.com\\\/monacotribune\\\/\",\"https:\\\/\\\/www.linkedin.com\\\/company\\\/monaco-tribune\",\"https:\\\/\\\/www.youtube.com\\\/channel\\\/UCHle1MnG6hw1y4lWKijVbMA\"]},{\"@type\":\"Person\",\"@id\":\"https:\\\/\\\/www.monaco-tribune.com\\\/it\\\/#\\\/schema\\\/person\\\/a855d420fff4d03637641d60b93ac62e\",\"name\":\"Camille Esteve\",\"image\":{\"@type\":\"ImageObject\",\"inLanguage\":\"it-IT\",\"@id\":\"https:\\\/\\\/secure.gravatar.com\\\/avatar\\\/eaaa2355a7bb56c0018a391c20a55bf9b4690e3f493231dd850e612bfa6ce161?s=96&d=mm&r=g\",\"url\":\"https:\\\/\\\/secure.gravatar.com\\\/avatar\\\/eaaa2355a7bb56c0018a391c20a55bf9b4690e3f493231dd850e612bfa6ce161?s=96&d=mm&r=g\",\"contentUrl\":\"https:\\\/\\\/secure.gravatar.com\\\/avatar\\\/eaaa2355a7bb56c0018a391c20a55bf9b4690e3f493231dd850e612bfa6ce161?s=96&d=mm&r=g\",\"caption\":\"Camille Esteve\"},\"url\":\"https:\\\/\\\/www.monaco-tribune.com\\\/it\\\/author\\\/camilleesteve\\\/\"}]}<\/script>\n<!-- \/ Yoast SEO Premium plugin. -->","yoast_head_json":{"title":"Bilancio 2022: quali sono gli ambiti principali votati dal Consiglio Nazionale?","description":"Quest'anno il bilancio sar\u00e0 principalmente destinato al Piano nazionale per l'edilizia abitativa. Con un budget di 1,8 miliardi di euro per l'anno","robots":{"index":"index","follow":"follow","max-snippet":"max-snippet:-1","max-image-preview":"max-image-preview:large","max-video-preview":"max-video-preview:-1"},"canonical":"https:\/\/www.monaco-tribune.com\/it\/2022\/01\/bilancio-2022-quali-sono-gli-ambiti-principali-votati-dal-consiglio-nazionale\/","og_locale":"it_IT","og_type":"article","og_title":"Bilancio 2022: quali sono gli ambiti principali votati dal Consiglio Nazionale? - Monaco Tribune","og_description":"Quest'anno il bilancio sar\u00e0 principalmente destinato al Piano nazionale per l'edilizia abitativa. Con un budget di 1,8 miliardi di euro per l'anno","og_url":"https:\/\/www.monaco-tribune.com\/it\/2022\/01\/bilancio-2022-quali-sono-gli-ambiti-principali-votati-dal-consiglio-nazionale\/","og_site_name":"Monaco Tribune","article_publisher":"https:\/\/www.facebook.com\/MonacoTribune","article_published_time":"2022-01-18T11:52:32+00:00","article_modified_time":"2022-01-22T17:00:53+00:00","og_image":[{"width":1200,"height":800,"url":"https:\/\/www.monaco-tribune.com\/wp-content\/uploads\/2021\/12\/valeri-ste\u0301phane-se\u0301ance-budge\u0301taire-6-de\u0301cembre-2021-2.jpg","type":"image\/jpeg"}],"author":"Camille Esteve","twitter_card":"summary_large_image","twitter_creator":"@MonacoTribune","twitter_site":"@MonacoTribune","schema":{"@context":"https:\/\/schema.org","@graph":[{"@type":"NewsArticle","@id":"https:\/\/www.monaco-tribune.com\/it\/2022\/01\/bilancio-2022-quali-sono-gli-ambiti-principali-votati-dal-consiglio-nazionale\/#article","isPartOf":{"@id":"https:\/\/www.monaco-tribune.com\/it\/2022\/01\/bilancio-2022-quali-sono-gli-ambiti-principali-votati-dal-consiglio-nazionale\/"},"author":{"name":"Camille Esteve","@id":"https:\/\/www.monaco-tribune.com\/it\/#\/schema\/person\/a855d420fff4d03637641d60b93ac62e"},"headline":"Bilancio 2022: quali sono gli ambiti principali votati dal Consiglio Nazionale?","datePublished":"2022-01-18T11:52:32+00:00","dateModified":"2022-01-22T17:00:53+00:00","mainEntityOfPage":{"@id":"https:\/\/www.monaco-tribune.com\/it\/2022\/01\/bilancio-2022-quali-sono-gli-ambiti-principali-votati-dal-consiglio-nazionale\/"},"wordCount":581,"publisher":{"@id":"https:\/\/www.monaco-tribune.com\/it\/#organization"},"image":{"@id":"https:\/\/www.monaco-tribune.com\/it\/2022\/01\/bilancio-2022-quali-sono-gli-ambiti-principali-votati-dal-consiglio-nazionale\/#primaryimage"},"thumbnailUrl":"https:\/\/www.monaco-tribune.com\/wp-content\/uploads\/2021\/12\/valeri-ste\u0301phane-se\u0301ance-budge\u0301taire-6-de\u0301cembre-2021-2.jpg","articleSection":["La nostra scelta","Notizie","Societ\u00e0"],"inLanguage":"it-IT","copyrightYear":"2022","copyrightHolder":{"@id":"https:\/\/www.monaco-tribune.com\/#organization"}},{"@type":"WebPage","@id":"https:\/\/www.monaco-tribune.com\/it\/2022\/01\/bilancio-2022-quali-sono-gli-ambiti-principali-votati-dal-consiglio-nazionale\/","url":"https:\/\/www.monaco-tribune.com\/it\/2022\/01\/bilancio-2022-quali-sono-gli-ambiti-principali-votati-dal-consiglio-nazionale\/","name":"Bilancio 2022: quali sono gli ambiti principali votati dal Consiglio Nazionale?","isPartOf":{"@id":"https:\/\/www.monaco-tribune.com\/it\/#website"},"primaryImageOfPage":{"@id":"https:\/\/www.monaco-tribune.com\/it\/2022\/01\/bilancio-2022-quali-sono-gli-ambiti-principali-votati-dal-consiglio-nazionale\/#primaryimage"},"image":{"@id":"https:\/\/www.monaco-tribune.com\/it\/2022\/01\/bilancio-2022-quali-sono-gli-ambiti-principali-votati-dal-consiglio-nazionale\/#primaryimage"},"thumbnailUrl":"https:\/\/www.monaco-tribune.com\/wp-content\/uploads\/2021\/12\/valeri-ste\u0301phane-se\u0301ance-budge\u0301taire-6-de\u0301cembre-2021-2.jpg","datePublished":"2022-01-18T11:52:32+00:00","dateModified":"2022-01-22T17:00:53+00:00","description":"Quest'anno il bilancio sar\u00e0 principalmente destinato al Piano nazionale per l'edilizia abitativa. Con un budget di 1,8 miliardi di euro per l'anno","breadcrumb":{"@id":"https:\/\/www.monaco-tribune.com\/it\/2022\/01\/bilancio-2022-quali-sono-gli-ambiti-principali-votati-dal-consiglio-nazionale\/#breadcrumb"},"inLanguage":"it-IT","potentialAction":[{"@type":"ReadAction","target":["https:\/\/www.monaco-tribune.com\/it\/2022\/01\/bilancio-2022-quali-sono-gli-ambiti-principali-votati-dal-consiglio-nazionale\/"]}]},{"@type":"ImageObject","inLanguage":"it-IT","@id":"https:\/\/www.monaco-tribune.com\/it\/2022\/01\/bilancio-2022-quali-sono-gli-ambiti-principali-votati-dal-consiglio-nazionale\/#primaryimage","url":"https:\/\/www.monaco-tribune.com\/wp-content\/uploads\/2021\/12\/valeri-ste\u0301phane-se\u0301ance-budge\u0301taire-6-de\u0301cembre-2021-2.jpg","contentUrl":"https:\/\/www.monaco-tribune.com\/wp-content\/uploads\/2021\/12\/valeri-ste\u0301phane-se\u0301ance-budge\u0301taire-6-de\u0301cembre-2021-2.jpg","width":1200,"height":800,"caption":"Consiglio nazionale di Monaco"},{"@type":"BreadcrumbList","@id":"https:\/\/www.monaco-tribune.com\/it\/2022\/01\/bilancio-2022-quali-sono-gli-ambiti-principali-votati-dal-consiglio-nazionale\/#breadcrumb","itemListElement":[{"@type":"ListItem","position":1,"name":"Accueil","item":"https:\/\/www.monaco-tribune.com\/it\/"},{"@type":"ListItem","position":2,"name":"Bilancio 2022: quali sono gli ambiti principali votati dal Consiglio Nazionale?"}]},{"@type":"WebSite","@id":"https:\/\/www.monaco-tribune.com\/it\/#website","url":"https:\/\/www.monaco-tribune.com\/it\/","name":"Monaco Tribune","description":"Monaco : actualit\u00e9s \u00e9conomiques, politiques, culturelles et sportives de Monaco et de la French Riviera.","publisher":{"@id":"https:\/\/www.monaco-tribune.com\/it\/#organization"},"potentialAction":[{"@type":"SearchAction","target":{"@type":"EntryPoint","urlTemplate":"https:\/\/www.monaco-tribune.com\/it\/?s={search_term_string}"},"query-input":{"@type":"PropertyValueSpecification","valueRequired":true,"valueName":"search_term_string"}}],"inLanguage":"it-IT"},{"@type":"Organization","@id":"https:\/\/www.monaco-tribune.com\/it\/#organization","name":"Monaco Tribune","url":"https:\/\/www.monaco-tribune.com\/it\/","logo":{"@type":"ImageObject","inLanguage":"it-IT","@id":"https:\/\/www.monaco-tribune.com\/it\/#\/schema\/logo\/image\/","url":"https:\/\/www.monaco-tribune.com\/wp-content\/uploads\/2022\/11\/logo-monaco-tribune.png","contentUrl":"https:\/\/www.monaco-tribune.com\/wp-content\/uploads\/2022\/11\/logo-monaco-tribune.png","width":1548,"height":600,"caption":"Monaco Tribune"},"image":{"@id":"https:\/\/www.monaco-tribune.com\/it\/#\/schema\/logo\/image\/"},"sameAs":["https:\/\/www.facebook.com\/MonacoTribune","https:\/\/x.com\/MonacoTribune","https:\/\/www.instagram.com\/monacotribune\/","https:\/\/www.linkedin.com\/company\/monaco-tribune","https:\/\/www.youtube.com\/channel\/UCHle1MnG6hw1y4lWKijVbMA"]},{"@type":"Person","@id":"https:\/\/www.monaco-tribune.com\/it\/#\/schema\/person\/a855d420fff4d03637641d60b93ac62e","name":"Camille Esteve","image":{"@type":"ImageObject","inLanguage":"it-IT","@id":"https:\/\/secure.gravatar.com\/avatar\/eaaa2355a7bb56c0018a391c20a55bf9b4690e3f493231dd850e612bfa6ce161?s=96&d=mm&r=g","url":"https:\/\/secure.gravatar.com\/avatar\/eaaa2355a7bb56c0018a391c20a55bf9b4690e3f493231dd850e612bfa6ce161?s=96&d=mm&r=g","contentUrl":"https:\/\/secure.gravatar.com\/avatar\/eaaa2355a7bb56c0018a391c20a55bf9b4690e3f493231dd850e612bfa6ce161?s=96&d=mm&r=g","caption":"Camille Esteve"},"url":"https:\/\/www.monaco-tribune.com\/it\/author\/camilleesteve\/"}]}},"_links":{"self":[{"href":"https:\/\/www.monaco-tribune.com\/it\/wp-json\/wp\/v2\/posts\/107188","targetHints":{"allow":["GET"]}}],"collection":[{"href":"https:\/\/www.monaco-tribune.com\/it\/wp-json\/wp\/v2\/posts"}],"about":[{"href":"https:\/\/www.monaco-tribune.com\/it\/wp-json\/wp\/v2\/types\/post"}],"author":[{"embeddable":true,"href":"https:\/\/www.monaco-tribune.com\/it\/wp-json\/wp\/v2\/users\/60"}],"replies":[{"embeddable":true,"href":"https:\/\/www.monaco-tribune.com\/it\/wp-json\/wp\/v2\/comments?post=107188"}],"version-history":[{"count":0,"href":"https:\/\/www.monaco-tribune.com\/it\/wp-json\/wp\/v2\/posts\/107188\/revisions"}],"wp:featuredmedia":[{"embeddable":true,"href":"https:\/\/www.monaco-tribune.com\/it\/wp-json\/wp\/v2\/media\/102650"}],"wp:attachment":[{"href":"https:\/\/www.monaco-tribune.com\/it\/wp-json\/wp\/v2\/media?parent=107188"}],"wp:term":[{"taxonomy":"category","embeddable":true,"href":"https:\/\/www.monaco-tribune.com\/it\/wp-json\/wp\/v2\/categories?post=107188"},{"taxonomy":"post_tag","embeddable":true,"href":"https:\/\/www.monaco-tribune.com\/it\/wp-json\/wp\/v2\/tags?post=107188"},{"taxonomy":"sectag","embeddable":true,"href":"https:\/\/www.monaco-tribune.com\/it\/wp-json\/wp\/v2\/post_sectags?post=107188"},{"taxonomy":"format","embeddable":true,"href":"https:\/\/www.monaco-tribune.com\/it\/wp-json\/wp\/v2\/post_format?post=107188"}],"curies":[{"name":"wp","href":"https:\/\/api.w.org\/{rel}","templated":true}]}}