{"id":107331,"date":"2022-01-18T18:53:36","date_gmt":"2022-01-18T17:53:36","guid":{"rendered":"https:\/\/www.monaco-tribune.com\/2022\/01\/terzo-mandato-per-chantal-ravera-alla-guida-di-women-world-leaders-monaco\/"},"modified":"2022-01-22T18:00:48","modified_gmt":"2022-01-22T17:00:48","slug":"terzo-mandato-per-chantal-ravera-alla-guida-di-women-world-leaders-monaco","status":"publish","type":"post","link":"https:\/\/www.monaco-tribune.com\/it\/2022\/01\/terzo-mandato-per-chantal-ravera-alla-guida-di-women-world-leaders-monaco\/","title":{"rendered":"Terzo mandato per Chantal Ravera alla guida di Women World Leaders Monaco"},"content":{"rendered":"\n<p><strong>L&#8217;Assemblea Generale dell&#8217;Association Femmes Leaders Mondiales Monaco (FLMM) ha rieletto Chantal Ravera alla presidenza per altri tre anni.<\/strong><\/p>\n\n<p>\u00c8 stato un atto di fiducia all&#8217;unanimit\u00e0. Chantal Ravera assumer\u00e0 nuovamente il ruolo di presidente dell&#8217;associazione FLMM dal 2022 al 2025. Ricopre la posizione dal 2016 e questo sar\u00e0 il suo terzo mandato della durata di tre anni.<\/p>\n\n<p>L&#8217;associazione FLMM \u00e8 stata fondata nel 2010 sotto la presidenza onoraria della Principessa St\u00e9phanie e punta all&#8217;uguaglianza di genere in tutti gli ambiti, sia nella vita professionale che privata.<\/p>\n\n<h2 class=\"wp-block-heading\" id=\"h-prevenir-les-maladies-cardiovasculaires\">Prevenire le malattie cardiovascolari<\/h2>\n\n<p>I 152 membri dell&#8217;associazione sono divisi in 20 commissioni tematiche: Istruzione, Adozione, Salute\u2026 L&#8217;obiettivo dell&#8217;organizzazione \u00e8 quindi far sentire la propria voce e combattere le discriminazioni ancora presenti in troppi ambiti.<\/p>\n\n<p>Attualmente, la FLMM si occupa di sensibilizzare le donne sui pericoli e sui sintomi, spesso trascurati, delle malattie cardiovascolari. Con il sostegno del Centro Cardio-Toracico di Monaco e del Centro Ospedaliero Principessa Grace, sono stati redatti alcuni opuscoli sulla prevenzione. 30.000 copie di questi documenti d&#8217;interesse pubblico saranno presto distribuite alle donne del Principato.<\/p>\n","protected":false},"excerpt":{"rendered":"<p>L&#8217;Assemblea Generale dell&#8217;Association Femmes Leaders Mondiales Monaco (FLMM) ha rieletto Chantal Ravera alla presidenza per altri tre anni. \u00c8 stato [&hellip;]<\/p>\n","protected":false},"author":57,"featured_media":107161,"comment_status":"closed","ping_status":"closed","sticky":false,"template":"","format":"standard","meta":{"_acf_changed":false,"footnotes":""},"categories":[1739,1738],"tags":[],"post_sectags":[],"post_format":[2478],"class_list":["post-107331","post","type-post","status-publish","format-standard","has-post-thumbnail","hentry","category-business-it","category-notizie","format-notizia"],"acf":[],"yoast_head":"<!-- This site is optimized with the Yoast SEO Premium plugin v27.5 (Yoast SEO v27.5) - https:\/\/yoast.com\/product\/yoast-seo-premium-wordpress\/ -->\n<title>Terzo mandato per Chantal Ravera alla guida di Women World Leaders Monaco<\/title>\n<meta name=\"description\" content=\"L&#039;Assemblea Generale dell&#039;Association Femmes Leaders Mondiales Monaco (FLMM) ha rieletto Chantal Ravera alla presidenza per altri tre anni. \u00c8 stato un\" \/>\n<meta name=\"robots\" content=\"index, follow, max-snippet:-1, max-image-preview:large, max-video-preview:-1\" \/>\n<link rel=\"canonical\" href=\"https:\/\/www.monaco-tribune.com\/it\/2022\/01\/terzo-mandato-per-chantal-ravera-alla-guida-di-women-world-leaders-monaco\/\" \/>\n<meta property=\"og:locale\" content=\"it_IT\" \/>\n<meta property=\"og:type\" content=\"article\" \/>\n<meta property=\"og:title\" content=\"Terzo mandato per Chantal Ravera alla guida di Women World Leaders Monaco - Monaco Tribune\" \/>\n<meta property=\"og:description\" content=\"L&#039;Assemblea Generale dell&#039;Association Femmes Leaders Mondiales Monaco (FLMM) ha rieletto Chantal Ravera alla presidenza per altri tre anni. \u00c8 stato un\" \/>\n<meta property=\"og:url\" content=\"https:\/\/www.monaco-tribune.com\/it\/2022\/01\/terzo-mandato-per-chantal-ravera-alla-guida-di-women-world-leaders-monaco\/\" \/>\n<meta property=\"og:site_name\" content=\"Monaco Tribune\" \/>\n<meta property=\"article:publisher\" content=\"https:\/\/www.facebook.com\/MonacoTribune\" \/>\n<meta property=\"article:published_time\" content=\"2022-01-18T17:53:36+00:00\" \/>\n<meta property=\"article:modified_time\" content=\"2022-01-22T17:00:48+00:00\" \/>\n<meta property=\"og:image\" content=\"https:\/\/www.monaco-tribune.com\/wp-content\/uploads\/2022\/01\/chantal-ravera-femmes-leaders-mondiales-monaco.jpeg\" \/>\n\t<meta property=\"og:image:width\" content=\"800\" \/>\n\t<meta property=\"og:image:height\" content=\"500\" \/>\n\t<meta property=\"og:image:type\" content=\"image\/jpeg\" \/>\n<meta name=\"author\" content=\"Josepha Toquereau\" \/>\n<meta name=\"twitter:card\" content=\"summary_large_image\" \/>\n<meta name=\"twitter:creator\" content=\"@MonacoTribune\" \/>\n<meta name=\"twitter:site\" content=\"@MonacoTribune\" \/>\n<script type=\"application\/ld+json\" class=\"yoast-schema-graph\">{\"@context\":\"https:\\\/\\\/schema.org\",\"@graph\":[{\"@type\":\"NewsArticle\",\"@id\":\"https:\\\/\\\/www.monaco-tribune.com\\\/it\\\/2022\\\/01\\\/terzo-mandato-per-chantal-ravera-alla-guida-di-women-world-leaders-monaco\\\/#article\",\"isPartOf\":{\"@id\":\"https:\\\/\\\/www.monaco-tribune.com\\\/it\\\/2022\\\/01\\\/terzo-mandato-per-chantal-ravera-alla-guida-di-women-world-leaders-monaco\\\/\"},\"author\":{\"name\":\"Josepha Toquereau\",\"@id\":\"https:\\\/\\\/www.monaco-tribune.com\\\/it\\\/#\\\/schema\\\/person\\\/c8eeb5e36b6ed3782736273e5eb7d764\"},\"headline\":\"Terzo mandato per Chantal Ravera alla guida di Women World Leaders Monaco\",\"datePublished\":\"2022-01-18T17:53:36+00:00\",\"dateModified\":\"2022-01-22T17:00:48+00:00\",\"mainEntityOfPage\":{\"@id\":\"https:\\\/\\\/www.monaco-tribune.com\\\/it\\\/2022\\\/01\\\/terzo-mandato-per-chantal-ravera-alla-guida-di-women-world-leaders-monaco\\\/\"},\"wordCount\":187,\"publisher\":{\"@id\":\"https:\\\/\\\/www.monaco-tribune.com\\\/it\\\/#organization\"},\"image\":{\"@id\":\"https:\\\/\\\/www.monaco-tribune.com\\\/it\\\/2022\\\/01\\\/terzo-mandato-per-chantal-ravera-alla-guida-di-women-world-leaders-monaco\\\/#primaryimage\"},\"thumbnailUrl\":\"https:\\\/\\\/www.monaco-tribune.com\\\/wp-content\\\/uploads\\\/2022\\\/01\\\/chantal-ravera-femmes-leaders-mondiales-monaco.jpeg\",\"articleSection\":[\"Business\",\"Notizie\"],\"inLanguage\":\"it-IT\",\"copyrightYear\":\"2022\",\"copyrightHolder\":{\"@id\":\"https:\\\/\\\/www.monaco-tribune.com\\\/#organization\"}},{\"@type\":\"WebPage\",\"@id\":\"https:\\\/\\\/www.monaco-tribune.com\\\/it\\\/2022\\\/01\\\/terzo-mandato-per-chantal-ravera-alla-guida-di-women-world-leaders-monaco\\\/\",\"url\":\"https:\\\/\\\/www.monaco-tribune.com\\\/it\\\/2022\\\/01\\\/terzo-mandato-per-chantal-ravera-alla-guida-di-women-world-leaders-monaco\\\/\",\"name\":\"Terzo mandato per Chantal Ravera alla guida di Women World Leaders Monaco\",\"isPartOf\":{\"@id\":\"https:\\\/\\\/www.monaco-tribune.com\\\/it\\\/#website\"},\"primaryImageOfPage\":{\"@id\":\"https:\\\/\\\/www.monaco-tribune.com\\\/it\\\/2022\\\/01\\\/terzo-mandato-per-chantal-ravera-alla-guida-di-women-world-leaders-monaco\\\/#primaryimage\"},\"image\":{\"@id\":\"https:\\\/\\\/www.monaco-tribune.com\\\/it\\\/2022\\\/01\\\/terzo-mandato-per-chantal-ravera-alla-guida-di-women-world-leaders-monaco\\\/#primaryimage\"},\"thumbnailUrl\":\"https:\\\/\\\/www.monaco-tribune.com\\\/wp-content\\\/uploads\\\/2022\\\/01\\\/chantal-ravera-femmes-leaders-mondiales-monaco.jpeg\",\"datePublished\":\"2022-01-18T17:53:36+00:00\",\"dateModified\":\"2022-01-22T17:00:48+00:00\",\"description\":\"L'Assemblea Generale dell'Association Femmes Leaders Mondiales Monaco (FLMM) ha rieletto Chantal Ravera alla presidenza per altri tre anni. \u00c8 stato un\",\"breadcrumb\":{\"@id\":\"https:\\\/\\\/www.monaco-tribune.com\\\/it\\\/2022\\\/01\\\/terzo-mandato-per-chantal-ravera-alla-guida-di-women-world-leaders-monaco\\\/#breadcrumb\"},\"inLanguage\":\"it-IT\",\"potentialAction\":[{\"@type\":\"ReadAction\",\"target\":[\"https:\\\/\\\/www.monaco-tribune.com\\\/it\\\/2022\\\/01\\\/terzo-mandato-per-chantal-ravera-alla-guida-di-women-world-leaders-monaco\\\/\"]}]},{\"@type\":\"ImageObject\",\"inLanguage\":\"it-IT\",\"@id\":\"https:\\\/\\\/www.monaco-tribune.com\\\/it\\\/2022\\\/01\\\/terzo-mandato-per-chantal-ravera-alla-guida-di-women-world-leaders-monaco\\\/#primaryimage\",\"url\":\"https:\\\/\\\/www.monaco-tribune.com\\\/wp-content\\\/uploads\\\/2022\\\/01\\\/chantal-ravera-femmes-leaders-mondiales-monaco.jpeg\",\"contentUrl\":\"https:\\\/\\\/www.monaco-tribune.com\\\/wp-content\\\/uploads\\\/2022\\\/01\\\/chantal-ravera-femmes-leaders-mondiales-monaco.jpeg\",\"width\":800,\"height\":500,\"caption\":\"Chantal Ravera \\\/ Les Femmes Leaders Mondiales Monaco\"},{\"@type\":\"BreadcrumbList\",\"@id\":\"https:\\\/\\\/www.monaco-tribune.com\\\/it\\\/2022\\\/01\\\/terzo-mandato-per-chantal-ravera-alla-guida-di-women-world-leaders-monaco\\\/#breadcrumb\",\"itemListElement\":[{\"@type\":\"ListItem\",\"position\":1,\"name\":\"Accueil\",\"item\":\"https:\\\/\\\/www.monaco-tribune.com\\\/it\\\/\"},{\"@type\":\"ListItem\",\"position\":2,\"name\":\"Terzo mandato per Chantal Ravera alla guida di Women World Leaders Monaco\"}]},{\"@type\":\"WebSite\",\"@id\":\"https:\\\/\\\/www.monaco-tribune.com\\\/it\\\/#website\",\"url\":\"https:\\\/\\\/www.monaco-tribune.com\\\/it\\\/\",\"name\":\"Monaco Tribune\",\"description\":\"Monaco : actualit\u00e9s \u00e9conomiques, politiques, culturelles et sportives de Monaco et de la French Riviera.\",\"publisher\":{\"@id\":\"https:\\\/\\\/www.monaco-tribune.com\\\/it\\\/#organization\"},\"potentialAction\":[{\"@type\":\"SearchAction\",\"target\":{\"@type\":\"EntryPoint\",\"urlTemplate\":\"https:\\\/\\\/www.monaco-tribune.com\\\/it\\\/?s={search_term_string}\"},\"query-input\":{\"@type\":\"PropertyValueSpecification\",\"valueRequired\":true,\"valueName\":\"search_term_string\"}}],\"inLanguage\":\"it-IT\"},{\"@type\":\"Organization\",\"@id\":\"https:\\\/\\\/www.monaco-tribune.com\\\/it\\\/#organization\",\"name\":\"Monaco Tribune\",\"url\":\"https:\\\/\\\/www.monaco-tribune.com\\\/it\\\/\",\"logo\":{\"@type\":\"ImageObject\",\"inLanguage\":\"it-IT\",\"@id\":\"https:\\\/\\\/www.monaco-tribune.com\\\/it\\\/#\\\/schema\\\/logo\\\/image\\\/\",\"url\":\"https:\\\/\\\/www.monaco-tribune.com\\\/wp-content\\\/uploads\\\/2022\\\/11\\\/logo-monaco-tribune.png\",\"contentUrl\":\"https:\\\/\\\/www.monaco-tribune.com\\\/wp-content\\\/uploads\\\/2022\\\/11\\\/logo-monaco-tribune.png\",\"width\":1548,\"height\":600,\"caption\":\"Monaco Tribune\"},\"image\":{\"@id\":\"https:\\\/\\\/www.monaco-tribune.com\\\/it\\\/#\\\/schema\\\/logo\\\/image\\\/\"},\"sameAs\":[\"https:\\\/\\\/www.facebook.com\\\/MonacoTribune\",\"https:\\\/\\\/x.com\\\/MonacoTribune\",\"https:\\\/\\\/www.instagram.com\\\/monacotribune\\\/\",\"https:\\\/\\\/www.linkedin.com\\\/company\\\/monaco-tribune\",\"https:\\\/\\\/www.youtube.com\\\/channel\\\/UCHle1MnG6hw1y4lWKijVbMA\"]},{\"@type\":\"Person\",\"@id\":\"https:\\\/\\\/www.monaco-tribune.com\\\/it\\\/#\\\/schema\\\/person\\\/c8eeb5e36b6ed3782736273e5eb7d764\",\"name\":\"Josepha Toquereau\",\"image\":{\"@type\":\"ImageObject\",\"inLanguage\":\"it-IT\",\"@id\":\"https:\\\/\\\/secure.gravatar.com\\\/avatar\\\/3e06e87605717b00d3b9743f79fca038480454ef05226ef9de5dfa9577c3363f?s=96&d=mm&r=g\",\"url\":\"https:\\\/\\\/secure.gravatar.com\\\/avatar\\\/3e06e87605717b00d3b9743f79fca038480454ef05226ef9de5dfa9577c3363f?s=96&d=mm&r=g\",\"contentUrl\":\"https:\\\/\\\/secure.gravatar.com\\\/avatar\\\/3e06e87605717b00d3b9743f79fca038480454ef05226ef9de5dfa9577c3363f?s=96&d=mm&r=g\",\"caption\":\"Josepha Toquereau\"},\"url\":\"https:\\\/\\\/www.monaco-tribune.com\\\/it\\\/author\\\/josephatoquereau\\\/\"}]}<\/script>\n<!-- \/ Yoast SEO Premium plugin. -->","yoast_head_json":{"title":"Terzo mandato per Chantal Ravera alla guida di Women World Leaders Monaco","description":"L'Assemblea Generale dell'Association Femmes Leaders Mondiales Monaco (FLMM) ha rieletto Chantal Ravera alla presidenza per altri tre anni. \u00c8 stato un","robots":{"index":"index","follow":"follow","max-snippet":"max-snippet:-1","max-image-preview":"max-image-preview:large","max-video-preview":"max-video-preview:-1"},"canonical":"https:\/\/www.monaco-tribune.com\/it\/2022\/01\/terzo-mandato-per-chantal-ravera-alla-guida-di-women-world-leaders-monaco\/","og_locale":"it_IT","og_type":"article","og_title":"Terzo mandato per Chantal Ravera alla guida di Women World Leaders Monaco - Monaco Tribune","og_description":"L'Assemblea Generale dell'Association Femmes Leaders Mondiales Monaco (FLMM) ha rieletto Chantal Ravera alla presidenza per altri tre anni. \u00c8 stato un","og_url":"https:\/\/www.monaco-tribune.com\/it\/2022\/01\/terzo-mandato-per-chantal-ravera-alla-guida-di-women-world-leaders-monaco\/","og_site_name":"Monaco Tribune","article_publisher":"https:\/\/www.facebook.com\/MonacoTribune","article_published_time":"2022-01-18T17:53:36+00:00","article_modified_time":"2022-01-22T17:00:48+00:00","og_image":[{"width":800,"height":500,"url":"https:\/\/www.monaco-tribune.com\/wp-content\/uploads\/2022\/01\/chantal-ravera-femmes-leaders-mondiales-monaco.jpeg","type":"image\/jpeg"}],"author":"Josepha Toquereau","twitter_card":"summary_large_image","twitter_creator":"@MonacoTribune","twitter_site":"@MonacoTribune","schema":{"@context":"https:\/\/schema.org","@graph":[{"@type":"NewsArticle","@id":"https:\/\/www.monaco-tribune.com\/it\/2022\/01\/terzo-mandato-per-chantal-ravera-alla-guida-di-women-world-leaders-monaco\/#article","isPartOf":{"@id":"https:\/\/www.monaco-tribune.com\/it\/2022\/01\/terzo-mandato-per-chantal-ravera-alla-guida-di-women-world-leaders-monaco\/"},"author":{"name":"Josepha Toquereau","@id":"https:\/\/www.monaco-tribune.com\/it\/#\/schema\/person\/c8eeb5e36b6ed3782736273e5eb7d764"},"headline":"Terzo mandato per Chantal Ravera alla guida di Women World Leaders Monaco","datePublished":"2022-01-18T17:53:36+00:00","dateModified":"2022-01-22T17:00:48+00:00","mainEntityOfPage":{"@id":"https:\/\/www.monaco-tribune.com\/it\/2022\/01\/terzo-mandato-per-chantal-ravera-alla-guida-di-women-world-leaders-monaco\/"},"wordCount":187,"publisher":{"@id":"https:\/\/www.monaco-tribune.com\/it\/#organization"},"image":{"@id":"https:\/\/www.monaco-tribune.com\/it\/2022\/01\/terzo-mandato-per-chantal-ravera-alla-guida-di-women-world-leaders-monaco\/#primaryimage"},"thumbnailUrl":"https:\/\/www.monaco-tribune.com\/wp-content\/uploads\/2022\/01\/chantal-ravera-femmes-leaders-mondiales-monaco.jpeg","articleSection":["Business","Notizie"],"inLanguage":"it-IT","copyrightYear":"2022","copyrightHolder":{"@id":"https:\/\/www.monaco-tribune.com\/#organization"}},{"@type":"WebPage","@id":"https:\/\/www.monaco-tribune.com\/it\/2022\/01\/terzo-mandato-per-chantal-ravera-alla-guida-di-women-world-leaders-monaco\/","url":"https:\/\/www.monaco-tribune.com\/it\/2022\/01\/terzo-mandato-per-chantal-ravera-alla-guida-di-women-world-leaders-monaco\/","name":"Terzo mandato per Chantal Ravera alla guida di Women World Leaders Monaco","isPartOf":{"@id":"https:\/\/www.monaco-tribune.com\/it\/#website"},"primaryImageOfPage":{"@id":"https:\/\/www.monaco-tribune.com\/it\/2022\/01\/terzo-mandato-per-chantal-ravera-alla-guida-di-women-world-leaders-monaco\/#primaryimage"},"image":{"@id":"https:\/\/www.monaco-tribune.com\/it\/2022\/01\/terzo-mandato-per-chantal-ravera-alla-guida-di-women-world-leaders-monaco\/#primaryimage"},"thumbnailUrl":"https:\/\/www.monaco-tribune.com\/wp-content\/uploads\/2022\/01\/chantal-ravera-femmes-leaders-mondiales-monaco.jpeg","datePublished":"2022-01-18T17:53:36+00:00","dateModified":"2022-01-22T17:00:48+00:00","description":"L'Assemblea Generale dell'Association Femmes Leaders Mondiales Monaco (FLMM) ha rieletto Chantal Ravera alla presidenza per altri tre anni. \u00c8 stato un","breadcrumb":{"@id":"https:\/\/www.monaco-tribune.com\/it\/2022\/01\/terzo-mandato-per-chantal-ravera-alla-guida-di-women-world-leaders-monaco\/#breadcrumb"},"inLanguage":"it-IT","potentialAction":[{"@type":"ReadAction","target":["https:\/\/www.monaco-tribune.com\/it\/2022\/01\/terzo-mandato-per-chantal-ravera-alla-guida-di-women-world-leaders-monaco\/"]}]},{"@type":"ImageObject","inLanguage":"it-IT","@id":"https:\/\/www.monaco-tribune.com\/it\/2022\/01\/terzo-mandato-per-chantal-ravera-alla-guida-di-women-world-leaders-monaco\/#primaryimage","url":"https:\/\/www.monaco-tribune.com\/wp-content\/uploads\/2022\/01\/chantal-ravera-femmes-leaders-mondiales-monaco.jpeg","contentUrl":"https:\/\/www.monaco-tribune.com\/wp-content\/uploads\/2022\/01\/chantal-ravera-femmes-leaders-mondiales-monaco.jpeg","width":800,"height":500,"caption":"Chantal Ravera \/ Les Femmes Leaders Mondiales Monaco"},{"@type":"BreadcrumbList","@id":"https:\/\/www.monaco-tribune.com\/it\/2022\/01\/terzo-mandato-per-chantal-ravera-alla-guida-di-women-world-leaders-monaco\/#breadcrumb","itemListElement":[{"@type":"ListItem","position":1,"name":"Accueil","item":"https:\/\/www.monaco-tribune.com\/it\/"},{"@type":"ListItem","position":2,"name":"Terzo mandato per Chantal Ravera alla guida di Women World Leaders Monaco"}]},{"@type":"WebSite","@id":"https:\/\/www.monaco-tribune.com\/it\/#website","url":"https:\/\/www.monaco-tribune.com\/it\/","name":"Monaco Tribune","description":"Monaco : actualit\u00e9s \u00e9conomiques, politiques, culturelles et sportives de Monaco et de la French Riviera.","publisher":{"@id":"https:\/\/www.monaco-tribune.com\/it\/#organization"},"potentialAction":[{"@type":"SearchAction","target":{"@type":"EntryPoint","urlTemplate":"https:\/\/www.monaco-tribune.com\/it\/?s={search_term_string}"},"query-input":{"@type":"PropertyValueSpecification","valueRequired":true,"valueName":"search_term_string"}}],"inLanguage":"it-IT"},{"@type":"Organization","@id":"https:\/\/www.monaco-tribune.com\/it\/#organization","name":"Monaco Tribune","url":"https:\/\/www.monaco-tribune.com\/it\/","logo":{"@type":"ImageObject","inLanguage":"it-IT","@id":"https:\/\/www.monaco-tribune.com\/it\/#\/schema\/logo\/image\/","url":"https:\/\/www.monaco-tribune.com\/wp-content\/uploads\/2022\/11\/logo-monaco-tribune.png","contentUrl":"https:\/\/www.monaco-tribune.com\/wp-content\/uploads\/2022\/11\/logo-monaco-tribune.png","width":1548,"height":600,"caption":"Monaco Tribune"},"image":{"@id":"https:\/\/www.monaco-tribune.com\/it\/#\/schema\/logo\/image\/"},"sameAs":["https:\/\/www.facebook.com\/MonacoTribune","https:\/\/x.com\/MonacoTribune","https:\/\/www.instagram.com\/monacotribune\/","https:\/\/www.linkedin.com\/company\/monaco-tribune","https:\/\/www.youtube.com\/channel\/UCHle1MnG6hw1y4lWKijVbMA"]},{"@type":"Person","@id":"https:\/\/www.monaco-tribune.com\/it\/#\/schema\/person\/c8eeb5e36b6ed3782736273e5eb7d764","name":"Josepha Toquereau","image":{"@type":"ImageObject","inLanguage":"it-IT","@id":"https:\/\/secure.gravatar.com\/avatar\/3e06e87605717b00d3b9743f79fca038480454ef05226ef9de5dfa9577c3363f?s=96&d=mm&r=g","url":"https:\/\/secure.gravatar.com\/avatar\/3e06e87605717b00d3b9743f79fca038480454ef05226ef9de5dfa9577c3363f?s=96&d=mm&r=g","contentUrl":"https:\/\/secure.gravatar.com\/avatar\/3e06e87605717b00d3b9743f79fca038480454ef05226ef9de5dfa9577c3363f?s=96&d=mm&r=g","caption":"Josepha Toquereau"},"url":"https:\/\/www.monaco-tribune.com\/it\/author\/josephatoquereau\/"}]}},"_links":{"self":[{"href":"https:\/\/www.monaco-tribune.com\/it\/wp-json\/wp\/v2\/posts\/107331","targetHints":{"allow":["GET"]}}],"collection":[{"href":"https:\/\/www.monaco-tribune.com\/it\/wp-json\/wp\/v2\/posts"}],"about":[{"href":"https:\/\/www.monaco-tribune.com\/it\/wp-json\/wp\/v2\/types\/post"}],"author":[{"embeddable":true,"href":"https:\/\/www.monaco-tribune.com\/it\/wp-json\/wp\/v2\/users\/57"}],"replies":[{"embeddable":true,"href":"https:\/\/www.monaco-tribune.com\/it\/wp-json\/wp\/v2\/comments?post=107331"}],"version-history":[{"count":0,"href":"https:\/\/www.monaco-tribune.com\/it\/wp-json\/wp\/v2\/posts\/107331\/revisions"}],"wp:featuredmedia":[{"embeddable":true,"href":"https:\/\/www.monaco-tribune.com\/it\/wp-json\/wp\/v2\/media\/107161"}],"wp:attachment":[{"href":"https:\/\/www.monaco-tribune.com\/it\/wp-json\/wp\/v2\/media?parent=107331"}],"wp:term":[{"taxonomy":"category","embeddable":true,"href":"https:\/\/www.monaco-tribune.com\/it\/wp-json\/wp\/v2\/categories?post=107331"},{"taxonomy":"post_tag","embeddable":true,"href":"https:\/\/www.monaco-tribune.com\/it\/wp-json\/wp\/v2\/tags?post=107331"},{"taxonomy":"sectag","embeddable":true,"href":"https:\/\/www.monaco-tribune.com\/it\/wp-json\/wp\/v2\/post_sectags?post=107331"},{"taxonomy":"format","embeddable":true,"href":"https:\/\/www.monaco-tribune.com\/it\/wp-json\/wp\/v2\/post_format?post=107331"}],"curies":[{"name":"wp","href":"https:\/\/api.w.org\/{rel}","templated":true}]}}