{"id":107797,"date":"2022-01-21T12:58:24","date_gmt":"2022-01-21T11:58:24","guid":{"rendered":"https:\/\/www.monaco-tribune.com\/2022\/01\/il-governo-riattiva-i-sussidi-per-affrontare-lemergenza-covid-19\/"},"modified":"2022-01-22T18:00:15","modified_gmt":"2022-01-22T17:00:15","slug":"il-governo-riattiva-i-sussidi-per-affrontare-lemergenza-covid-19","status":"publish","type":"post","link":"https:\/\/www.monaco-tribune.com\/it\/2022\/01\/il-governo-riattiva-i-sussidi-per-affrontare-lemergenza-covid-19\/","title":{"rendered":"Il Governo riattiva i sussidi per affrontare l&#8217;emergenza Covid-19"},"content":{"rendered":"\n<p><strong>Da gioved\u00ec il governo ha reintrodotto alcune misure a sostegno dell&#8217;economia e dell&#8217;occupazione.<\/strong><\/p>\n\n<p>L&#8217;obiettivo \u00e8 quello di aiutare i settori pi\u00f9 colpiti dalla crisi sanitaria. Fino alla fine del mese di febbraio, l&#8217;industria degli eventi, del turismo, della ristorazione e anche alcuni negozi potranno beneficiare di quelle misure gi\u00e0 attuate in precedenza.<\/p>\n\n<ul class=\"wp-block-list\"><li>I sussidi per contrastare la disoccupazione (Ch\u00f4mage Total Temporaire Renforc\u00e9) tornano alle stesse condizioni di prima. Per poterli richiedere, i settori interessati dovranno aver subito una perdita del 30% del fatturato rispetto allo stesso periodo nel 2019.<\/li><\/ul>\n\n<ul class=\"wp-block-list\"><li>L&#8217;esonero parziale dai contributi del datore di lavoro \u00e8 stato riattivato per chi, nel mese di gennaio, ha subito un calo del fatturato (che deve essere inferiore a cinque milioni di euro) di almeno il 20% rispetto allo stesso periodo nel 2020. Viene mantenuto l&#8217;impegno a non licenziare i dipendenti per un anno (eccetto per fatti gravi o imprevisti).<\/li><\/ul>\n\n<ul class=\"wp-block-list\"><li>Infine, la &#8220;Cellule Covid19 Entreprises&#8221; (Unit\u00e0 Covid19 per le aziende) ricontatter\u00e0 le imprese che hanno usufruito dell&#8217;aiuto della Commissione per il sostegno alla ripresa economica nel 2021, per fare il punto della situazione. Le aziende dovranno dimostrare di aver subito un calo del fatturato del 40% nel gennaio 2022 rispetto al gennaio 2020.<\/li><\/ul>\n","protected":false},"excerpt":{"rendered":"<p>Da gioved\u00ec il governo ha reintrodotto alcune misure a sostegno dell&#8217;economia e dell&#8217;occupazione. L&#8217;obiettivo \u00e8 quello di aiutare i settori [&hellip;]<\/p>\n","protected":false},"author":60,"featured_media":79889,"comment_status":"closed","ping_status":"closed","sticky":false,"template":"","format":"standard","meta":{"_acf_changed":false,"footnotes":""},"categories":[1826,1738,1752],"tags":[2886],"post_sectags":[],"post_format":[2478],"class_list":["post-107797","post","type-post","status-publish","format-standard","has-post-thumbnail","hentry","category-la-nostra-scelta","category-notizie","category-societa","tag-covid-19-it","format-notizia"],"acf":[],"yoast_head":"<!-- This site is optimized with the Yoast SEO Premium plugin v27.5 (Yoast SEO v27.5) - https:\/\/yoast.com\/product\/yoast-seo-premium-wordpress\/ -->\n<title>Il Governo riattiva i sussidi per affrontare l&#039;emergenza Covid-19<\/title>\n<meta name=\"description\" content=\"Da gioved\u00ec il governo ha reintrodotto alcune misure a sostegno dell&#039;economia e dell&#039;occupazione. L&#039;obiettivo \u00e8 quello di aiutare i settori pi\u00f9 colpiti\" \/>\n<meta name=\"robots\" content=\"index, follow, max-snippet:-1, max-image-preview:large, max-video-preview:-1\" \/>\n<link rel=\"canonical\" href=\"https:\/\/www.monaco-tribune.com\/it\/2022\/01\/il-governo-riattiva-i-sussidi-per-affrontare-lemergenza-covid-19\/\" \/>\n<meta property=\"og:locale\" content=\"it_IT\" \/>\n<meta property=\"og:type\" content=\"article\" \/>\n<meta property=\"og:title\" content=\"Il Governo riattiva i sussidi per affrontare l&#039;emergenza Covid-19 - Monaco Tribune\" \/>\n<meta property=\"og:description\" content=\"Da gioved\u00ec il governo ha reintrodotto alcune misure a sostegno dell&#039;economia e dell&#039;occupazione. L&#039;obiettivo \u00e8 quello di aiutare i settori pi\u00f9 colpiti\" \/>\n<meta property=\"og:url\" content=\"https:\/\/www.monaco-tribune.com\/it\/2022\/01\/il-governo-riattiva-i-sussidi-per-affrontare-lemergenza-covid-19\/\" \/>\n<meta property=\"og:site_name\" content=\"Monaco Tribune\" \/>\n<meta property=\"article:publisher\" content=\"https:\/\/www.facebook.com\/MonacoTribune\" \/>\n<meta property=\"article:published_time\" content=\"2022-01-21T11:58:24+00:00\" \/>\n<meta property=\"article:modified_time\" content=\"2022-01-22T17:00:15+00:00\" \/>\n<meta property=\"og:image\" content=\"https:\/\/www.monaco-tribune.com\/wp-content\/uploads\/2021\/05\/restaurants-monaco.jpeg\" \/>\n\t<meta property=\"og:image:width\" content=\"1024\" \/>\n\t<meta property=\"og:image:height\" content=\"683\" \/>\n\t<meta property=\"og:image:type\" content=\"image\/jpeg\" \/>\n<meta name=\"author\" content=\"Camille Esteve\" \/>\n<meta name=\"twitter:card\" content=\"summary_large_image\" \/>\n<meta name=\"twitter:creator\" content=\"@MonacoTribune\" \/>\n<meta name=\"twitter:site\" content=\"@MonacoTribune\" \/>\n<script type=\"application\/ld+json\" class=\"yoast-schema-graph\">{\"@context\":\"https:\\\/\\\/schema.org\",\"@graph\":[{\"@type\":\"NewsArticle\",\"@id\":\"https:\\\/\\\/www.monaco-tribune.com\\\/it\\\/2022\\\/01\\\/il-governo-riattiva-i-sussidi-per-affrontare-lemergenza-covid-19\\\/#article\",\"isPartOf\":{\"@id\":\"https:\\\/\\\/www.monaco-tribune.com\\\/it\\\/2022\\\/01\\\/il-governo-riattiva-i-sussidi-per-affrontare-lemergenza-covid-19\\\/\"},\"author\":{\"name\":\"Camille Esteve\",\"@id\":\"https:\\\/\\\/www.monaco-tribune.com\\\/it\\\/#\\\/schema\\\/person\\\/a855d420fff4d03637641d60b93ac62e\"},\"headline\":\"Il Governo riattiva i sussidi per affrontare l&#8217;emergenza Covid-19\",\"datePublished\":\"2022-01-21T11:58:24+00:00\",\"dateModified\":\"2022-01-22T17:00:15+00:00\",\"mainEntityOfPage\":{\"@id\":\"https:\\\/\\\/www.monaco-tribune.com\\\/it\\\/2022\\\/01\\\/il-governo-riattiva-i-sussidi-per-affrontare-lemergenza-covid-19\\\/\"},\"wordCount\":209,\"publisher\":{\"@id\":\"https:\\\/\\\/www.monaco-tribune.com\\\/it\\\/#organization\"},\"image\":{\"@id\":\"https:\\\/\\\/www.monaco-tribune.com\\\/it\\\/2022\\\/01\\\/il-governo-riattiva-i-sussidi-per-affrontare-lemergenza-covid-19\\\/#primaryimage\"},\"thumbnailUrl\":\"https:\\\/\\\/www.monaco-tribune.com\\\/wp-content\\\/uploads\\\/2021\\\/05\\\/restaurants-monaco.jpeg\",\"keywords\":[\"Covid-19\"],\"articleSection\":[\"La nostra scelta\",\"Notizie\",\"Societ\u00e0\"],\"inLanguage\":\"it-IT\",\"copyrightYear\":\"2022\",\"copyrightHolder\":{\"@id\":\"https:\\\/\\\/www.monaco-tribune.com\\\/#organization\"}},{\"@type\":\"WebPage\",\"@id\":\"https:\\\/\\\/www.monaco-tribune.com\\\/it\\\/2022\\\/01\\\/il-governo-riattiva-i-sussidi-per-affrontare-lemergenza-covid-19\\\/\",\"url\":\"https:\\\/\\\/www.monaco-tribune.com\\\/it\\\/2022\\\/01\\\/il-governo-riattiva-i-sussidi-per-affrontare-lemergenza-covid-19\\\/\",\"name\":\"Il Governo riattiva i sussidi per affrontare l'emergenza Covid-19\",\"isPartOf\":{\"@id\":\"https:\\\/\\\/www.monaco-tribune.com\\\/it\\\/#website\"},\"primaryImageOfPage\":{\"@id\":\"https:\\\/\\\/www.monaco-tribune.com\\\/it\\\/2022\\\/01\\\/il-governo-riattiva-i-sussidi-per-affrontare-lemergenza-covid-19\\\/#primaryimage\"},\"image\":{\"@id\":\"https:\\\/\\\/www.monaco-tribune.com\\\/it\\\/2022\\\/01\\\/il-governo-riattiva-i-sussidi-per-affrontare-lemergenza-covid-19\\\/#primaryimage\"},\"thumbnailUrl\":\"https:\\\/\\\/www.monaco-tribune.com\\\/wp-content\\\/uploads\\\/2021\\\/05\\\/restaurants-monaco.jpeg\",\"datePublished\":\"2022-01-21T11:58:24+00:00\",\"dateModified\":\"2022-01-22T17:00:15+00:00\",\"description\":\"Da gioved\u00ec il governo ha reintrodotto alcune misure a sostegno dell'economia e dell'occupazione. L'obiettivo \u00e8 quello di aiutare i settori pi\u00f9 colpiti\",\"breadcrumb\":{\"@id\":\"https:\\\/\\\/www.monaco-tribune.com\\\/it\\\/2022\\\/01\\\/il-governo-riattiva-i-sussidi-per-affrontare-lemergenza-covid-19\\\/#breadcrumb\"},\"inLanguage\":\"it-IT\",\"potentialAction\":[{\"@type\":\"ReadAction\",\"target\":[\"https:\\\/\\\/www.monaco-tribune.com\\\/it\\\/2022\\\/01\\\/il-governo-riattiva-i-sussidi-per-affrontare-lemergenza-covid-19\\\/\"]}]},{\"@type\":\"ImageObject\",\"inLanguage\":\"it-IT\",\"@id\":\"https:\\\/\\\/www.monaco-tribune.com\\\/it\\\/2022\\\/01\\\/il-governo-riattiva-i-sussidi-per-affrontare-lemergenza-covid-19\\\/#primaryimage\",\"url\":\"https:\\\/\\\/www.monaco-tribune.com\\\/wp-content\\\/uploads\\\/2021\\\/05\\\/restaurants-monaco.jpeg\",\"contentUrl\":\"https:\\\/\\\/www.monaco-tribune.com\\\/wp-content\\\/uploads\\\/2021\\\/05\\\/restaurants-monaco.jpeg\",\"width\":1024,\"height\":683,\"caption\":\"Monaco Tribune\"},{\"@type\":\"BreadcrumbList\",\"@id\":\"https:\\\/\\\/www.monaco-tribune.com\\\/it\\\/2022\\\/01\\\/il-governo-riattiva-i-sussidi-per-affrontare-lemergenza-covid-19\\\/#breadcrumb\",\"itemListElement\":[{\"@type\":\"ListItem\",\"position\":1,\"name\":\"Accueil\",\"item\":\"https:\\\/\\\/www.monaco-tribune.com\\\/it\\\/\"},{\"@type\":\"ListItem\",\"position\":2,\"name\":\"Il Governo riattiva i sussidi per affrontare l&#8217;emergenza Covid-19\"}]},{\"@type\":\"WebSite\",\"@id\":\"https:\\\/\\\/www.monaco-tribune.com\\\/it\\\/#website\",\"url\":\"https:\\\/\\\/www.monaco-tribune.com\\\/it\\\/\",\"name\":\"Monaco Tribune\",\"description\":\"Monaco : actualit\u00e9s \u00e9conomiques, politiques, culturelles et sportives de Monaco et de la French Riviera.\",\"publisher\":{\"@id\":\"https:\\\/\\\/www.monaco-tribune.com\\\/it\\\/#organization\"},\"potentialAction\":[{\"@type\":\"SearchAction\",\"target\":{\"@type\":\"EntryPoint\",\"urlTemplate\":\"https:\\\/\\\/www.monaco-tribune.com\\\/it\\\/?s={search_term_string}\"},\"query-input\":{\"@type\":\"PropertyValueSpecification\",\"valueRequired\":true,\"valueName\":\"search_term_string\"}}],\"inLanguage\":\"it-IT\"},{\"@type\":\"Organization\",\"@id\":\"https:\\\/\\\/www.monaco-tribune.com\\\/it\\\/#organization\",\"name\":\"Monaco Tribune\",\"url\":\"https:\\\/\\\/www.monaco-tribune.com\\\/it\\\/\",\"logo\":{\"@type\":\"ImageObject\",\"inLanguage\":\"it-IT\",\"@id\":\"https:\\\/\\\/www.monaco-tribune.com\\\/it\\\/#\\\/schema\\\/logo\\\/image\\\/\",\"url\":\"https:\\\/\\\/www.monaco-tribune.com\\\/wp-content\\\/uploads\\\/2022\\\/11\\\/logo-monaco-tribune.png\",\"contentUrl\":\"https:\\\/\\\/www.monaco-tribune.com\\\/wp-content\\\/uploads\\\/2022\\\/11\\\/logo-monaco-tribune.png\",\"width\":1548,\"height\":600,\"caption\":\"Monaco Tribune\"},\"image\":{\"@id\":\"https:\\\/\\\/www.monaco-tribune.com\\\/it\\\/#\\\/schema\\\/logo\\\/image\\\/\"},\"sameAs\":[\"https:\\\/\\\/www.facebook.com\\\/MonacoTribune\",\"https:\\\/\\\/x.com\\\/MonacoTribune\",\"https:\\\/\\\/www.instagram.com\\\/monacotribune\\\/\",\"https:\\\/\\\/www.linkedin.com\\\/company\\\/monaco-tribune\",\"https:\\\/\\\/www.youtube.com\\\/channel\\\/UCHle1MnG6hw1y4lWKijVbMA\"]},{\"@type\":\"Person\",\"@id\":\"https:\\\/\\\/www.monaco-tribune.com\\\/it\\\/#\\\/schema\\\/person\\\/a855d420fff4d03637641d60b93ac62e\",\"name\":\"Camille Esteve\",\"image\":{\"@type\":\"ImageObject\",\"inLanguage\":\"it-IT\",\"@id\":\"https:\\\/\\\/secure.gravatar.com\\\/avatar\\\/eaaa2355a7bb56c0018a391c20a55bf9b4690e3f493231dd850e612bfa6ce161?s=96&d=mm&r=g\",\"url\":\"https:\\\/\\\/secure.gravatar.com\\\/avatar\\\/eaaa2355a7bb56c0018a391c20a55bf9b4690e3f493231dd850e612bfa6ce161?s=96&d=mm&r=g\",\"contentUrl\":\"https:\\\/\\\/secure.gravatar.com\\\/avatar\\\/eaaa2355a7bb56c0018a391c20a55bf9b4690e3f493231dd850e612bfa6ce161?s=96&d=mm&r=g\",\"caption\":\"Camille Esteve\"},\"url\":\"https:\\\/\\\/www.monaco-tribune.com\\\/it\\\/author\\\/camilleesteve\\\/\"}]}<\/script>\n<!-- \/ Yoast SEO Premium plugin. -->","yoast_head_json":{"title":"Il Governo riattiva i sussidi per affrontare l'emergenza Covid-19","description":"Da gioved\u00ec il governo ha reintrodotto alcune misure a sostegno dell'economia e dell'occupazione. L'obiettivo \u00e8 quello di aiutare i settori pi\u00f9 colpiti","robots":{"index":"index","follow":"follow","max-snippet":"max-snippet:-1","max-image-preview":"max-image-preview:large","max-video-preview":"max-video-preview:-1"},"canonical":"https:\/\/www.monaco-tribune.com\/it\/2022\/01\/il-governo-riattiva-i-sussidi-per-affrontare-lemergenza-covid-19\/","og_locale":"it_IT","og_type":"article","og_title":"Il Governo riattiva i sussidi per affrontare l'emergenza Covid-19 - Monaco Tribune","og_description":"Da gioved\u00ec il governo ha reintrodotto alcune misure a sostegno dell'economia e dell'occupazione. L'obiettivo \u00e8 quello di aiutare i settori pi\u00f9 colpiti","og_url":"https:\/\/www.monaco-tribune.com\/it\/2022\/01\/il-governo-riattiva-i-sussidi-per-affrontare-lemergenza-covid-19\/","og_site_name":"Monaco Tribune","article_publisher":"https:\/\/www.facebook.com\/MonacoTribune","article_published_time":"2022-01-21T11:58:24+00:00","article_modified_time":"2022-01-22T17:00:15+00:00","og_image":[{"width":1024,"height":683,"url":"https:\/\/www.monaco-tribune.com\/wp-content\/uploads\/2021\/05\/restaurants-monaco.jpeg","type":"image\/jpeg"}],"author":"Camille Esteve","twitter_card":"summary_large_image","twitter_creator":"@MonacoTribune","twitter_site":"@MonacoTribune","schema":{"@context":"https:\/\/schema.org","@graph":[{"@type":"NewsArticle","@id":"https:\/\/www.monaco-tribune.com\/it\/2022\/01\/il-governo-riattiva-i-sussidi-per-affrontare-lemergenza-covid-19\/#article","isPartOf":{"@id":"https:\/\/www.monaco-tribune.com\/it\/2022\/01\/il-governo-riattiva-i-sussidi-per-affrontare-lemergenza-covid-19\/"},"author":{"name":"Camille Esteve","@id":"https:\/\/www.monaco-tribune.com\/it\/#\/schema\/person\/a855d420fff4d03637641d60b93ac62e"},"headline":"Il Governo riattiva i sussidi per affrontare l&#8217;emergenza Covid-19","datePublished":"2022-01-21T11:58:24+00:00","dateModified":"2022-01-22T17:00:15+00:00","mainEntityOfPage":{"@id":"https:\/\/www.monaco-tribune.com\/it\/2022\/01\/il-governo-riattiva-i-sussidi-per-affrontare-lemergenza-covid-19\/"},"wordCount":209,"publisher":{"@id":"https:\/\/www.monaco-tribune.com\/it\/#organization"},"image":{"@id":"https:\/\/www.monaco-tribune.com\/it\/2022\/01\/il-governo-riattiva-i-sussidi-per-affrontare-lemergenza-covid-19\/#primaryimage"},"thumbnailUrl":"https:\/\/www.monaco-tribune.com\/wp-content\/uploads\/2021\/05\/restaurants-monaco.jpeg","keywords":["Covid-19"],"articleSection":["La nostra scelta","Notizie","Societ\u00e0"],"inLanguage":"it-IT","copyrightYear":"2022","copyrightHolder":{"@id":"https:\/\/www.monaco-tribune.com\/#organization"}},{"@type":"WebPage","@id":"https:\/\/www.monaco-tribune.com\/it\/2022\/01\/il-governo-riattiva-i-sussidi-per-affrontare-lemergenza-covid-19\/","url":"https:\/\/www.monaco-tribune.com\/it\/2022\/01\/il-governo-riattiva-i-sussidi-per-affrontare-lemergenza-covid-19\/","name":"Il Governo riattiva i sussidi per affrontare l'emergenza Covid-19","isPartOf":{"@id":"https:\/\/www.monaco-tribune.com\/it\/#website"},"primaryImageOfPage":{"@id":"https:\/\/www.monaco-tribune.com\/it\/2022\/01\/il-governo-riattiva-i-sussidi-per-affrontare-lemergenza-covid-19\/#primaryimage"},"image":{"@id":"https:\/\/www.monaco-tribune.com\/it\/2022\/01\/il-governo-riattiva-i-sussidi-per-affrontare-lemergenza-covid-19\/#primaryimage"},"thumbnailUrl":"https:\/\/www.monaco-tribune.com\/wp-content\/uploads\/2021\/05\/restaurants-monaco.jpeg","datePublished":"2022-01-21T11:58:24+00:00","dateModified":"2022-01-22T17:00:15+00:00","description":"Da gioved\u00ec il governo ha reintrodotto alcune misure a sostegno dell'economia e dell'occupazione. L'obiettivo \u00e8 quello di aiutare i settori pi\u00f9 colpiti","breadcrumb":{"@id":"https:\/\/www.monaco-tribune.com\/it\/2022\/01\/il-governo-riattiva-i-sussidi-per-affrontare-lemergenza-covid-19\/#breadcrumb"},"inLanguage":"it-IT","potentialAction":[{"@type":"ReadAction","target":["https:\/\/www.monaco-tribune.com\/it\/2022\/01\/il-governo-riattiva-i-sussidi-per-affrontare-lemergenza-covid-19\/"]}]},{"@type":"ImageObject","inLanguage":"it-IT","@id":"https:\/\/www.monaco-tribune.com\/it\/2022\/01\/il-governo-riattiva-i-sussidi-per-affrontare-lemergenza-covid-19\/#primaryimage","url":"https:\/\/www.monaco-tribune.com\/wp-content\/uploads\/2021\/05\/restaurants-monaco.jpeg","contentUrl":"https:\/\/www.monaco-tribune.com\/wp-content\/uploads\/2021\/05\/restaurants-monaco.jpeg","width":1024,"height":683,"caption":"Monaco Tribune"},{"@type":"BreadcrumbList","@id":"https:\/\/www.monaco-tribune.com\/it\/2022\/01\/il-governo-riattiva-i-sussidi-per-affrontare-lemergenza-covid-19\/#breadcrumb","itemListElement":[{"@type":"ListItem","position":1,"name":"Accueil","item":"https:\/\/www.monaco-tribune.com\/it\/"},{"@type":"ListItem","position":2,"name":"Il Governo riattiva i sussidi per affrontare l&#8217;emergenza Covid-19"}]},{"@type":"WebSite","@id":"https:\/\/www.monaco-tribune.com\/it\/#website","url":"https:\/\/www.monaco-tribune.com\/it\/","name":"Monaco Tribune","description":"Monaco : actualit\u00e9s \u00e9conomiques, politiques, culturelles et sportives de Monaco et de la French Riviera.","publisher":{"@id":"https:\/\/www.monaco-tribune.com\/it\/#organization"},"potentialAction":[{"@type":"SearchAction","target":{"@type":"EntryPoint","urlTemplate":"https:\/\/www.monaco-tribune.com\/it\/?s={search_term_string}"},"query-input":{"@type":"PropertyValueSpecification","valueRequired":true,"valueName":"search_term_string"}}],"inLanguage":"it-IT"},{"@type":"Organization","@id":"https:\/\/www.monaco-tribune.com\/it\/#organization","name":"Monaco Tribune","url":"https:\/\/www.monaco-tribune.com\/it\/","logo":{"@type":"ImageObject","inLanguage":"it-IT","@id":"https:\/\/www.monaco-tribune.com\/it\/#\/schema\/logo\/image\/","url":"https:\/\/www.monaco-tribune.com\/wp-content\/uploads\/2022\/11\/logo-monaco-tribune.png","contentUrl":"https:\/\/www.monaco-tribune.com\/wp-content\/uploads\/2022\/11\/logo-monaco-tribune.png","width":1548,"height":600,"caption":"Monaco Tribune"},"image":{"@id":"https:\/\/www.monaco-tribune.com\/it\/#\/schema\/logo\/image\/"},"sameAs":["https:\/\/www.facebook.com\/MonacoTribune","https:\/\/x.com\/MonacoTribune","https:\/\/www.instagram.com\/monacotribune\/","https:\/\/www.linkedin.com\/company\/monaco-tribune","https:\/\/www.youtube.com\/channel\/UCHle1MnG6hw1y4lWKijVbMA"]},{"@type":"Person","@id":"https:\/\/www.monaco-tribune.com\/it\/#\/schema\/person\/a855d420fff4d03637641d60b93ac62e","name":"Camille Esteve","image":{"@type":"ImageObject","inLanguage":"it-IT","@id":"https:\/\/secure.gravatar.com\/avatar\/eaaa2355a7bb56c0018a391c20a55bf9b4690e3f493231dd850e612bfa6ce161?s=96&d=mm&r=g","url":"https:\/\/secure.gravatar.com\/avatar\/eaaa2355a7bb56c0018a391c20a55bf9b4690e3f493231dd850e612bfa6ce161?s=96&d=mm&r=g","contentUrl":"https:\/\/secure.gravatar.com\/avatar\/eaaa2355a7bb56c0018a391c20a55bf9b4690e3f493231dd850e612bfa6ce161?s=96&d=mm&r=g","caption":"Camille Esteve"},"url":"https:\/\/www.monaco-tribune.com\/it\/author\/camilleesteve\/"}]}},"_links":{"self":[{"href":"https:\/\/www.monaco-tribune.com\/it\/wp-json\/wp\/v2\/posts\/107797","targetHints":{"allow":["GET"]}}],"collection":[{"href":"https:\/\/www.monaco-tribune.com\/it\/wp-json\/wp\/v2\/posts"}],"about":[{"href":"https:\/\/www.monaco-tribune.com\/it\/wp-json\/wp\/v2\/types\/post"}],"author":[{"embeddable":true,"href":"https:\/\/www.monaco-tribune.com\/it\/wp-json\/wp\/v2\/users\/60"}],"replies":[{"embeddable":true,"href":"https:\/\/www.monaco-tribune.com\/it\/wp-json\/wp\/v2\/comments?post=107797"}],"version-history":[{"count":0,"href":"https:\/\/www.monaco-tribune.com\/it\/wp-json\/wp\/v2\/posts\/107797\/revisions"}],"wp:featuredmedia":[{"embeddable":true,"href":"https:\/\/www.monaco-tribune.com\/it\/wp-json\/wp\/v2\/media\/79889"}],"wp:attachment":[{"href":"https:\/\/www.monaco-tribune.com\/it\/wp-json\/wp\/v2\/media?parent=107797"}],"wp:term":[{"taxonomy":"category","embeddable":true,"href":"https:\/\/www.monaco-tribune.com\/it\/wp-json\/wp\/v2\/categories?post=107797"},{"taxonomy":"post_tag","embeddable":true,"href":"https:\/\/www.monaco-tribune.com\/it\/wp-json\/wp\/v2\/tags?post=107797"},{"taxonomy":"sectag","embeddable":true,"href":"https:\/\/www.monaco-tribune.com\/it\/wp-json\/wp\/v2\/post_sectags?post=107797"},{"taxonomy":"format","embeddable":true,"href":"https:\/\/www.monaco-tribune.com\/it\/wp-json\/wp\/v2\/post_format?post=107797"}],"curies":[{"name":"wp","href":"https:\/\/api.w.org\/{rel}","templated":true}]}}