{"id":108141,"date":"2022-01-24T11:36:06","date_gmt":"2022-01-24T10:36:06","guid":{"rendered":"https:\/\/www.monaco-tribune.com\/2022\/01\/i-momenti-salienti-del-90-rally-di-monte-carlo\/"},"modified":"2022-01-24T11:36:12","modified_gmt":"2022-01-24T10:36:12","slug":"i-momenti-salienti-del-90-rally-di-monte-carlo","status":"publish","type":"post","link":"https:\/\/www.monaco-tribune.com\/it\/2022\/01\/i-momenti-salienti-del-90-rally-di-monte-carlo\/","title":{"rendered":"I momenti salienti del 90\u00b0 Rally di Monte-Carlo"},"content":{"rendered":"\n<p><strong>Il 90\u00b0 Rally di Monte-Carlo si \u00e8 concluso questa domenica con la vittoria di S\u00e9bastien Loeb (Ford Puma), ora al suo ottavo titolo nel Principato. Ecco i momenti salienti della mitica gara monegasca.<\/strong><\/p>\n\n<h2 class=\"wp-block-heading\">Un incredibile duello tra Loeb e Ogier<\/h2>\n\n<p>I due pi\u00f9 grandi piloti della disciplina non hanno mai mollato, dimostrando ancora una volta che, nonostante il peso degli anni, si pu\u00f2 ancora contare su di loro. Nella battaglia tra i due S\u00e9bastien, \u00e8 stato il pi\u00f9 anziano dei due, Loeb, a conquistare la vittoria dopo un incredibile duello con l\u2019avversario.<\/p>\n\n<p>Autore dei primi due scratch durante le due speciali notturne di gioved\u00ec sera, S\u00e9bastien Ogier ha poi visto S\u00e9bastien Loeb prendere il comando del rally con quattro migliori tempi consecutivi durante le speciali SS3, SS4, SS5 e SS6.<\/p>\n\n<p><strong>LEGGI ANCHE<\/strong>: <a href=\"https:\/\/www.monaco-tribune.com\/it\/2022\/01\/rally-monte-carlo-2022-chi-sono-i-favoriti\/\">Rally Monte-Carlo 2022: chi sono i favoriti?<\/a><\/p>\n\n<p>Nonostante il campione del mondo in carica, che quest&#8217;anno parteciper\u00e0 solo ad alcuni rally, abbia ripreso il controllo al termine di una giornata di sabato perfetta, Loeb \u00e8 tornato in testa domenica, dopo che Ogier ha forato una gomma nella penultima prova.<\/p>\n\n<p>Portando a casa questo nuovo successo, l&#8217;80\u00b0 nel WRC ma soprattutto l&#8217;8\u00b0 a Monte-Carlo, il nove volte campione del mondo di rally torna al livello di Ogier nel palmare del Rally di Monte-Carlo. E se si sfidassero anche l&#8217;anno prossimo per tentare di conquistare la 9\u00aa vittoria nel Principato? \u00c8 quello che il pubblico sogna.<\/p>\n\n<figure class=\"wp-block-embed aligncenter is-type-rich is-provider-twitter wp-block-embed-twitter\">\r\n<div class=\"wp-block-embed__wrapper\">https:\/\/twitter.com\/SebastienLoeb\/status\/1485241513932214272<\/div><\/figure>\n\n<p><strong>S\u00e9bastien Loeb (Ford Puma):<\/strong> \u201c\u00c8 una sensazione incredibile, era passato cos\u00ec tanto tempo. Speravo di riuscire a stare al passo, ma di l\u00ec alla vittoria\u2026 \u00c8 stato inaspettato! Seb ci \u00e8 venuto un po&#8217; in aiuto con la gomma forata, era davvero forte, ma \u00e8 stata una bella lotta. Ci siamo divertiti, la macchina era fantastica. Finire con una vittoria \u00e8 semplicemente grandioso\u201d.<\/p>\n\n<p><strong>S\u00e9bastien Ogier (Toyota Yaris):<\/strong> \u201c\u00c8 un peccato che sia andata cos\u00ec, ma questo \u00e8 il gioco, questi sono gli sport automobilistici. Possiamo camminare a testa alta. Era quasi fatta ma sfortunatamente abbiamo bucato&#8221;.<\/p>\n\n<h2 class=\"wp-block-heading\" id=\"h-une-ambiance-incroyable-sur-les-routes\">Sulle strade, un&#8217;atmosfera incredibile<\/h2>\n\n<p>Fuochi d&#8217;artificio, fumogeni, grida, sorrisi, gente&#8230; Gli appassionati di rally hanno acceso l&#8217;entroterra durante le prime due tappe, disputate in notturna, di questo 90\u00b0 Rally di Monte-Carlo.<\/p>\n\n<p><strong>LEGGI ANCHE<\/strong>: <a href=\"http:\/\/monaco-tribune.com\/it\/2022\/01\/jean-michel-matas-e-lui-il-boss-dei-commissari-dellautomobile-club-de-monaco\/\">Jean-Michel Matas, \u00e8 lui il \u201cboss\u201d dei Commissari dell\u2019Automobile Club de Monaco<\/a><\/p>\n\n<p>Accorsi in gran numero, gli spettatori hanno sicuramente sognato al passaggio dei due S\u00e9bastien, Loeb e Ogier. L&#8217;incredibile atmosfera che si respirava sul ciglio della strada non si \u00e8 spenta per tutto il week end.<\/p>\n\n<p>Alle prime luci del mattino di venerd\u00ec, sono stati in molti a radunarsi per la seconda giornata di gare, in particolare nei pressi di Valberg. Una cosa \u00e8 certa, il fascino del mitico rally monegasco non si \u00e8 ancora spento.<\/p>\n\n<figure class=\"wp-block-embed aligncenter is-type-rich is-provider-twitter wp-block-embed-twitter\"><div class=\"wp-block-embed__wrapper\">\r\nhttps:\/\/twitter.com\/rzredj\/status\/1484411306136453122\r\n<\/div><\/figure>\r\n\n<h2 class=\"wp-block-heading\">Il ritorno alle origini \u00e8 stato un successo<\/h2>\n\n<p>Dopo diverse edizioni nei pressi di Gap (dal 2014 la maggior parte delle tappe del Rally di Monte-Carlo sono state disputate nelle Alte Alpi), il ritorno nell&#8217;entroterra monegasco non poteva andare meglio: la corsa sulle strade ripide delle Alpi Marittime e delle Alpi dell&#8217;Alta Provenza non ha mancato di adrenalina.<\/p>\n\n<p><strong>LEGGI ANCHE: <\/strong><a href=\"https:\/\/www.monaco-tribune.com\/it\/2022\/01\/rally-di-monte-carlo-una-nuova-generazione-di-vetture-ibride\/\">Rally di Monte-Carlo: una nuova generazione di vetture ibride<\/a><\/p>\n\n<p>Oltre al mitico e gi\u00e0 testato Col du Turini, i piloti hanno attraversato il temibile Col de Fontbelle, ma anche il Col du Buis. Un percorso che \u00e8 stato modificato per il 95% rispetto alla scorsa edizione, ma che non ha di certo deluso. Anzi.<\/p>\n\n<figure class=\"wp-block-embed aligncenter is-type-rich is-provider-twitter wp-block-embed-twitter\"><div class=\"wp-block-embed__wrapper\">\r\n<blockquote class=\"twitter-tweet\" data-width=\"500\" data-dnt=\"true\"><p lang=\"fr\" dir=\"ltr\">\u2705 Cinq sp\u00e9ciales du Rallye Monte Carlo aujourd\u2019hui dans les <a href=\"https:\/\/twitter.com\/hashtag\/alpesdehauteprovence?src=hash&amp;ref_src=twsrc%5Etfw\">#alpesdehauteprovence<\/a> et toujours nos 2 \ud83c\uddeb\ud83c\uddf7 fran\u00e7ais en t\u00eate \ud83d\udcaa\ud83d\udc4f!!\u2066<a href=\"https:\/\/twitter.com\/SebastienLoeb?ref_src=twsrc%5Etfw\">@SebastienLoeb<\/a>\u2069 \u2066<a href=\"https:\/\/twitter.com\/SebOgier?ref_src=twsrc%5Etfw\">@SebOgier<\/a>\u2069 <a href=\"https:\/\/twitter.com\/hashtag\/WRC?src=hash&amp;ref_src=twsrc%5Etfw\">#WRC<\/a> <a href=\"https:\/\/twitter.com\/hashtag\/RallyeMonteCarlo?src=hash&amp;ref_src=twsrc%5Etfw\">#RallyeMonteCarlo<\/a> <a href=\"https:\/\/twitter.com\/hashtag\/irresistiblealpesdehauteprovence?src=hash&amp;ref_src=twsrc%5Etfw\">#irresistiblealpesdehauteprovence<\/a> \u2066<a href=\"https:\/\/twitter.com\/CanalplusSport?ref_src=twsrc%5Etfw\">@CanalplusSport<\/a>\u2069 \u2066<a href=\"https:\/\/twitter.com\/ACM_Media?ref_src=twsrc%5Etfw\">@ACM_Media<\/a>\u2069 <a href=\"https:\/\/t.co\/IvmBu6JCT3\">pic.twitter.com\/IvmBu6JCT3<\/a><\/p>&mdash; Alpes de Haute Provence (@AlpesProvence04) <a href=\"https:\/\/twitter.com\/AlpesProvence04\/status\/1484851806358360067?ref_src=twsrc%5Etfw\">January 22, 2022<\/a><\/blockquote><script async src=\"https:\/\/platform.twitter.com\/widgets.js\" charset=\"utf-8\"><\/script>\r\n<\/div><\/figure>\r\n","protected":false},"excerpt":{"rendered":"<p>Il 90\u00b0 Rally di Monte-Carlo si \u00e8 concluso questa domenica con la vittoria di S\u00e9bastien Loeb (Ford Puma), ora al [&hellip;]<\/p>\n","protected":false},"author":24,"featured_media":108054,"comment_status":"closed","ping_status":"closed","sticky":false,"template":"","format":"standard","meta":{"_acf_changed":false,"footnotes":""},"categories":[1826,1738,1743],"tags":[],"post_sectags":[],"post_format":[2478],"class_list":["post-108141","post","type-post","status-publish","format-standard","has-post-thumbnail","hentry","category-la-nostra-scelta","category-notizie","category-sport-it","format-notizia"],"acf":[],"yoast_head":"<!-- This site is optimized with the Yoast SEO Premium plugin v26.8 (Yoast SEO v27.4) - https:\/\/yoast.com\/product\/yoast-seo-premium-wordpress\/ -->\n<title>I momenti salienti del 90\u00b0 Rally di Monte-Carlo<\/title>\n<meta name=\"description\" content=\"Il 90\u00b0 Rally di Monte-Carlo si \u00e8 concluso questa domenica con la vittoria di S\u00e9bastien Loeb (Ford Puma), ora al suo ottavo titolo nel Principato. Ecco i\" \/>\n<meta name=\"robots\" content=\"index, follow, max-snippet:-1, max-image-preview:large, max-video-preview:-1\" \/>\n<link rel=\"canonical\" href=\"https:\/\/www.monaco-tribune.com\/it\/2022\/01\/i-momenti-salienti-del-90-rally-di-monte-carlo\/\" \/>\n<meta property=\"og:locale\" content=\"it_IT\" \/>\n<meta property=\"og:type\" content=\"article\" \/>\n<meta property=\"og:title\" content=\"I momenti salienti del 90\u00b0 Rally di Monte-Carlo - Monaco Tribune\" \/>\n<meta property=\"og:description\" content=\"Il 90\u00b0 Rally di Monte-Carlo si \u00e8 concluso questa domenica con la vittoria di S\u00e9bastien Loeb (Ford Puma), ora al suo ottavo titolo nel Principato. Ecco i\" \/>\n<meta property=\"og:url\" content=\"https:\/\/www.monaco-tribune.com\/it\/2022\/01\/i-momenti-salienti-del-90-rally-di-monte-carlo\/\" \/>\n<meta property=\"og:site_name\" content=\"Monaco Tribune\" \/>\n<meta property=\"article:publisher\" content=\"https:\/\/www.facebook.com\/MonacoTribune\" \/>\n<meta property=\"article:published_time\" content=\"2022-01-24T10:36:06+00:00\" \/>\n<meta property=\"article:modified_time\" content=\"2022-01-24T10:36:12+00:00\" \/>\n<meta property=\"og:image\" content=\"https:\/\/www.monaco-tribune.com\/wp-content\/uploads\/2022\/01\/sebastien-loeb-ford-rallye-monte-carlo-min.jpeg\" \/>\n\t<meta property=\"og:image:width\" content=\"1275\" \/>\n\t<meta property=\"og:image:height\" content=\"746\" \/>\n\t<meta property=\"og:image:type\" content=\"image\/jpeg\" \/>\n<meta name=\"author\" content=\"Romain Boisaubert\" \/>\n<meta name=\"twitter:card\" content=\"summary_large_image\" \/>\n<meta name=\"twitter:creator\" content=\"@MonacoTribune\" \/>\n<meta name=\"twitter:site\" content=\"@MonacoTribune\" \/>\n<script type=\"application\/ld+json\" class=\"yoast-schema-graph\">{\"@context\":\"https:\\\/\\\/schema.org\",\"@graph\":[{\"@type\":\"NewsArticle\",\"@id\":\"https:\\\/\\\/www.monaco-tribune.com\\\/it\\\/2022\\\/01\\\/i-momenti-salienti-del-90-rally-di-monte-carlo\\\/#article\",\"isPartOf\":{\"@id\":\"https:\\\/\\\/www.monaco-tribune.com\\\/it\\\/2022\\\/01\\\/i-momenti-salienti-del-90-rally-di-monte-carlo\\\/\"},\"author\":{\"name\":\"Romain Boisaubert\",\"@id\":\"https:\\\/\\\/www.monaco-tribune.com\\\/it\\\/#\\\/schema\\\/person\\\/330a3732947cf8cb41b2533a0eadd62e\"},\"headline\":\"I momenti salienti del 90\u00b0 Rally di Monte-Carlo\",\"datePublished\":\"2022-01-24T10:36:06+00:00\",\"dateModified\":\"2022-01-24T10:36:12+00:00\",\"mainEntityOfPage\":{\"@id\":\"https:\\\/\\\/www.monaco-tribune.com\\\/it\\\/2022\\\/01\\\/i-momenti-salienti-del-90-rally-di-monte-carlo\\\/\"},\"wordCount\":582,\"publisher\":{\"@id\":\"https:\\\/\\\/www.monaco-tribune.com\\\/it\\\/#organization\"},\"image\":{\"@id\":\"https:\\\/\\\/www.monaco-tribune.com\\\/it\\\/2022\\\/01\\\/i-momenti-salienti-del-90-rally-di-monte-carlo\\\/#primaryimage\"},\"thumbnailUrl\":\"https:\\\/\\\/www.monaco-tribune.com\\\/wp-content\\\/uploads\\\/2022\\\/01\\\/sebastien-loeb-ford-rallye-monte-carlo-min.jpeg\",\"articleSection\":[\"La nostra scelta\",\"Notizie\",\"Sport\"],\"inLanguage\":\"it-IT\",\"copyrightYear\":\"2022\",\"copyrightHolder\":{\"@id\":\"https:\\\/\\\/www.monaco-tribune.com\\\/#organization\"}},{\"@type\":\"WebPage\",\"@id\":\"https:\\\/\\\/www.monaco-tribune.com\\\/it\\\/2022\\\/01\\\/i-momenti-salienti-del-90-rally-di-monte-carlo\\\/\",\"url\":\"https:\\\/\\\/www.monaco-tribune.com\\\/it\\\/2022\\\/01\\\/i-momenti-salienti-del-90-rally-di-monte-carlo\\\/\",\"name\":\"I momenti salienti del 90\u00b0 Rally di Monte-Carlo\",\"isPartOf\":{\"@id\":\"https:\\\/\\\/www.monaco-tribune.com\\\/it\\\/#website\"},\"primaryImageOfPage\":{\"@id\":\"https:\\\/\\\/www.monaco-tribune.com\\\/it\\\/2022\\\/01\\\/i-momenti-salienti-del-90-rally-di-monte-carlo\\\/#primaryimage\"},\"image\":{\"@id\":\"https:\\\/\\\/www.monaco-tribune.com\\\/it\\\/2022\\\/01\\\/i-momenti-salienti-del-90-rally-di-monte-carlo\\\/#primaryimage\"},\"thumbnailUrl\":\"https:\\\/\\\/www.monaco-tribune.com\\\/wp-content\\\/uploads\\\/2022\\\/01\\\/sebastien-loeb-ford-rallye-monte-carlo-min.jpeg\",\"datePublished\":\"2022-01-24T10:36:06+00:00\",\"dateModified\":\"2022-01-24T10:36:12+00:00\",\"description\":\"Il 90\u00b0 Rally di Monte-Carlo si \u00e8 concluso questa domenica con la vittoria di S\u00e9bastien Loeb (Ford Puma), ora al suo ottavo titolo nel Principato. Ecco i\",\"breadcrumb\":{\"@id\":\"https:\\\/\\\/www.monaco-tribune.com\\\/it\\\/2022\\\/01\\\/i-momenti-salienti-del-90-rally-di-monte-carlo\\\/#breadcrumb\"},\"inLanguage\":\"it-IT\",\"potentialAction\":[{\"@type\":\"ReadAction\",\"target\":[\"https:\\\/\\\/www.monaco-tribune.com\\\/it\\\/2022\\\/01\\\/i-momenti-salienti-del-90-rally-di-monte-carlo\\\/\"]}]},{\"@type\":\"ImageObject\",\"inLanguage\":\"it-IT\",\"@id\":\"https:\\\/\\\/www.monaco-tribune.com\\\/it\\\/2022\\\/01\\\/i-momenti-salienti-del-90-rally-di-monte-carlo\\\/#primaryimage\",\"url\":\"https:\\\/\\\/www.monaco-tribune.com\\\/wp-content\\\/uploads\\\/2022\\\/01\\\/sebastien-loeb-ford-rallye-monte-carlo-min.jpeg\",\"contentUrl\":\"https:\\\/\\\/www.monaco-tribune.com\\\/wp-content\\\/uploads\\\/2022\\\/01\\\/sebastien-loeb-ford-rallye-monte-carlo-min.jpeg\",\"width\":1275,\"height\":746,\"caption\":\"WRC\"},{\"@type\":\"BreadcrumbList\",\"@id\":\"https:\\\/\\\/www.monaco-tribune.com\\\/it\\\/2022\\\/01\\\/i-momenti-salienti-del-90-rally-di-monte-carlo\\\/#breadcrumb\",\"itemListElement\":[{\"@type\":\"ListItem\",\"position\":1,\"name\":\"Accueil\",\"item\":\"https:\\\/\\\/www.monaco-tribune.com\\\/it\\\/\"},{\"@type\":\"ListItem\",\"position\":2,\"name\":\"I momenti salienti del 90\u00b0 Rally di Monte-Carlo\"}]},{\"@type\":\"WebSite\",\"@id\":\"https:\\\/\\\/www.monaco-tribune.com\\\/it\\\/#website\",\"url\":\"https:\\\/\\\/www.monaco-tribune.com\\\/it\\\/\",\"name\":\"Monaco Tribune\",\"description\":\"Monaco : actualit\u00e9s \u00e9conomiques, politiques, culturelles et sportives de Monaco et de la French Riviera.\",\"publisher\":{\"@id\":\"https:\\\/\\\/www.monaco-tribune.com\\\/it\\\/#organization\"},\"potentialAction\":[{\"@type\":\"SearchAction\",\"target\":{\"@type\":\"EntryPoint\",\"urlTemplate\":\"https:\\\/\\\/www.monaco-tribune.com\\\/it\\\/?s={search_term_string}\"},\"query-input\":{\"@type\":\"PropertyValueSpecification\",\"valueRequired\":true,\"valueName\":\"search_term_string\"}}],\"inLanguage\":\"it-IT\"},{\"@type\":\"Organization\",\"@id\":\"https:\\\/\\\/www.monaco-tribune.com\\\/it\\\/#organization\",\"name\":\"Monaco Tribune\",\"url\":\"https:\\\/\\\/www.monaco-tribune.com\\\/it\\\/\",\"logo\":{\"@type\":\"ImageObject\",\"inLanguage\":\"it-IT\",\"@id\":\"https:\\\/\\\/www.monaco-tribune.com\\\/it\\\/#\\\/schema\\\/logo\\\/image\\\/\",\"url\":\"https:\\\/\\\/www.monaco-tribune.com\\\/wp-content\\\/uploads\\\/2022\\\/11\\\/logo-monaco-tribune.png\",\"contentUrl\":\"https:\\\/\\\/www.monaco-tribune.com\\\/wp-content\\\/uploads\\\/2022\\\/11\\\/logo-monaco-tribune.png\",\"width\":1548,\"height\":600,\"caption\":\"Monaco Tribune\"},\"image\":{\"@id\":\"https:\\\/\\\/www.monaco-tribune.com\\\/it\\\/#\\\/schema\\\/logo\\\/image\\\/\"},\"sameAs\":[\"https:\\\/\\\/www.facebook.com\\\/MonacoTribune\",\"https:\\\/\\\/x.com\\\/MonacoTribune\",\"https:\\\/\\\/www.instagram.com\\\/monacotribune\\\/\",\"https:\\\/\\\/www.linkedin.com\\\/company\\\/monaco-tribune\",\"https:\\\/\\\/www.youtube.com\\\/channel\\\/UCHle1MnG6hw1y4lWKijVbMA\"]},{\"@type\":\"Person\",\"@id\":\"https:\\\/\\\/www.monaco-tribune.com\\\/it\\\/#\\\/schema\\\/person\\\/330a3732947cf8cb41b2533a0eadd62e\",\"name\":\"Romain Boisaubert\",\"image\":{\"@type\":\"ImageObject\",\"inLanguage\":\"it-IT\",\"@id\":\"https:\\\/\\\/secure.gravatar.com\\\/avatar\\\/f8b90d41f1eabd1cbe4cf59e09d8db41a697d51919bf2dfe727589a24a4a4d54?s=96&d=mm&r=g\",\"url\":\"https:\\\/\\\/secure.gravatar.com\\\/avatar\\\/f8b90d41f1eabd1cbe4cf59e09d8db41a697d51919bf2dfe727589a24a4a4d54?s=96&d=mm&r=g\",\"contentUrl\":\"https:\\\/\\\/secure.gravatar.com\\\/avatar\\\/f8b90d41f1eabd1cbe4cf59e09d8db41a697d51919bf2dfe727589a24a4a4d54?s=96&d=mm&r=g\",\"caption\":\"Romain Boisaubert\"},\"description\":\"Test bio\",\"url\":\"https:\\\/\\\/www.monaco-tribune.com\\\/it\\\/author\\\/romain-boisaubert\\\/\"}]}<\/script>\n<!-- \/ Yoast SEO Premium plugin. -->","yoast_head_json":{"title":"I momenti salienti del 90\u00b0 Rally di Monte-Carlo","description":"Il 90\u00b0 Rally di Monte-Carlo si \u00e8 concluso questa domenica con la vittoria di S\u00e9bastien Loeb (Ford Puma), ora al suo ottavo titolo nel Principato. Ecco i","robots":{"index":"index","follow":"follow","max-snippet":"max-snippet:-1","max-image-preview":"max-image-preview:large","max-video-preview":"max-video-preview:-1"},"canonical":"https:\/\/www.monaco-tribune.com\/it\/2022\/01\/i-momenti-salienti-del-90-rally-di-monte-carlo\/","og_locale":"it_IT","og_type":"article","og_title":"I momenti salienti del 90\u00b0 Rally di Monte-Carlo - Monaco Tribune","og_description":"Il 90\u00b0 Rally di Monte-Carlo si \u00e8 concluso questa domenica con la vittoria di S\u00e9bastien Loeb (Ford Puma), ora al suo ottavo titolo nel Principato. Ecco i","og_url":"https:\/\/www.monaco-tribune.com\/it\/2022\/01\/i-momenti-salienti-del-90-rally-di-monte-carlo\/","og_site_name":"Monaco Tribune","article_publisher":"https:\/\/www.facebook.com\/MonacoTribune","article_published_time":"2022-01-24T10:36:06+00:00","article_modified_time":"2022-01-24T10:36:12+00:00","og_image":[{"width":1275,"height":746,"url":"https:\/\/www.monaco-tribune.com\/wp-content\/uploads\/2022\/01\/sebastien-loeb-ford-rallye-monte-carlo-min.jpeg","type":"image\/jpeg"}],"author":"Romain Boisaubert","twitter_card":"summary_large_image","twitter_creator":"@MonacoTribune","twitter_site":"@MonacoTribune","schema":{"@context":"https:\/\/schema.org","@graph":[{"@type":"NewsArticle","@id":"https:\/\/www.monaco-tribune.com\/it\/2022\/01\/i-momenti-salienti-del-90-rally-di-monte-carlo\/#article","isPartOf":{"@id":"https:\/\/www.monaco-tribune.com\/it\/2022\/01\/i-momenti-salienti-del-90-rally-di-monte-carlo\/"},"author":{"name":"Romain Boisaubert","@id":"https:\/\/www.monaco-tribune.com\/it\/#\/schema\/person\/330a3732947cf8cb41b2533a0eadd62e"},"headline":"I momenti salienti del 90\u00b0 Rally di Monte-Carlo","datePublished":"2022-01-24T10:36:06+00:00","dateModified":"2022-01-24T10:36:12+00:00","mainEntityOfPage":{"@id":"https:\/\/www.monaco-tribune.com\/it\/2022\/01\/i-momenti-salienti-del-90-rally-di-monte-carlo\/"},"wordCount":582,"publisher":{"@id":"https:\/\/www.monaco-tribune.com\/it\/#organization"},"image":{"@id":"https:\/\/www.monaco-tribune.com\/it\/2022\/01\/i-momenti-salienti-del-90-rally-di-monte-carlo\/#primaryimage"},"thumbnailUrl":"https:\/\/www.monaco-tribune.com\/wp-content\/uploads\/2022\/01\/sebastien-loeb-ford-rallye-monte-carlo-min.jpeg","articleSection":["La nostra scelta","Notizie","Sport"],"inLanguage":"it-IT","copyrightYear":"2022","copyrightHolder":{"@id":"https:\/\/www.monaco-tribune.com\/#organization"}},{"@type":"WebPage","@id":"https:\/\/www.monaco-tribune.com\/it\/2022\/01\/i-momenti-salienti-del-90-rally-di-monte-carlo\/","url":"https:\/\/www.monaco-tribune.com\/it\/2022\/01\/i-momenti-salienti-del-90-rally-di-monte-carlo\/","name":"I momenti salienti del 90\u00b0 Rally di Monte-Carlo","isPartOf":{"@id":"https:\/\/www.monaco-tribune.com\/it\/#website"},"primaryImageOfPage":{"@id":"https:\/\/www.monaco-tribune.com\/it\/2022\/01\/i-momenti-salienti-del-90-rally-di-monte-carlo\/#primaryimage"},"image":{"@id":"https:\/\/www.monaco-tribune.com\/it\/2022\/01\/i-momenti-salienti-del-90-rally-di-monte-carlo\/#primaryimage"},"thumbnailUrl":"https:\/\/www.monaco-tribune.com\/wp-content\/uploads\/2022\/01\/sebastien-loeb-ford-rallye-monte-carlo-min.jpeg","datePublished":"2022-01-24T10:36:06+00:00","dateModified":"2022-01-24T10:36:12+00:00","description":"Il 90\u00b0 Rally di Monte-Carlo si \u00e8 concluso questa domenica con la vittoria di S\u00e9bastien Loeb (Ford Puma), ora al suo ottavo titolo nel Principato. Ecco i","breadcrumb":{"@id":"https:\/\/www.monaco-tribune.com\/it\/2022\/01\/i-momenti-salienti-del-90-rally-di-monte-carlo\/#breadcrumb"},"inLanguage":"it-IT","potentialAction":[{"@type":"ReadAction","target":["https:\/\/www.monaco-tribune.com\/it\/2022\/01\/i-momenti-salienti-del-90-rally-di-monte-carlo\/"]}]},{"@type":"ImageObject","inLanguage":"it-IT","@id":"https:\/\/www.monaco-tribune.com\/it\/2022\/01\/i-momenti-salienti-del-90-rally-di-monte-carlo\/#primaryimage","url":"https:\/\/www.monaco-tribune.com\/wp-content\/uploads\/2022\/01\/sebastien-loeb-ford-rallye-monte-carlo-min.jpeg","contentUrl":"https:\/\/www.monaco-tribune.com\/wp-content\/uploads\/2022\/01\/sebastien-loeb-ford-rallye-monte-carlo-min.jpeg","width":1275,"height":746,"caption":"WRC"},{"@type":"BreadcrumbList","@id":"https:\/\/www.monaco-tribune.com\/it\/2022\/01\/i-momenti-salienti-del-90-rally-di-monte-carlo\/#breadcrumb","itemListElement":[{"@type":"ListItem","position":1,"name":"Accueil","item":"https:\/\/www.monaco-tribune.com\/it\/"},{"@type":"ListItem","position":2,"name":"I momenti salienti del 90\u00b0 Rally di Monte-Carlo"}]},{"@type":"WebSite","@id":"https:\/\/www.monaco-tribune.com\/it\/#website","url":"https:\/\/www.monaco-tribune.com\/it\/","name":"Monaco Tribune","description":"Monaco : actualit\u00e9s \u00e9conomiques, politiques, culturelles et sportives de Monaco et de la French Riviera.","publisher":{"@id":"https:\/\/www.monaco-tribune.com\/it\/#organization"},"potentialAction":[{"@type":"SearchAction","target":{"@type":"EntryPoint","urlTemplate":"https:\/\/www.monaco-tribune.com\/it\/?s={search_term_string}"},"query-input":{"@type":"PropertyValueSpecification","valueRequired":true,"valueName":"search_term_string"}}],"inLanguage":"it-IT"},{"@type":"Organization","@id":"https:\/\/www.monaco-tribune.com\/it\/#organization","name":"Monaco Tribune","url":"https:\/\/www.monaco-tribune.com\/it\/","logo":{"@type":"ImageObject","inLanguage":"it-IT","@id":"https:\/\/www.monaco-tribune.com\/it\/#\/schema\/logo\/image\/","url":"https:\/\/www.monaco-tribune.com\/wp-content\/uploads\/2022\/11\/logo-monaco-tribune.png","contentUrl":"https:\/\/www.monaco-tribune.com\/wp-content\/uploads\/2022\/11\/logo-monaco-tribune.png","width":1548,"height":600,"caption":"Monaco Tribune"},"image":{"@id":"https:\/\/www.monaco-tribune.com\/it\/#\/schema\/logo\/image\/"},"sameAs":["https:\/\/www.facebook.com\/MonacoTribune","https:\/\/x.com\/MonacoTribune","https:\/\/www.instagram.com\/monacotribune\/","https:\/\/www.linkedin.com\/company\/monaco-tribune","https:\/\/www.youtube.com\/channel\/UCHle1MnG6hw1y4lWKijVbMA"]},{"@type":"Person","@id":"https:\/\/www.monaco-tribune.com\/it\/#\/schema\/person\/330a3732947cf8cb41b2533a0eadd62e","name":"Romain Boisaubert","image":{"@type":"ImageObject","inLanguage":"it-IT","@id":"https:\/\/secure.gravatar.com\/avatar\/f8b90d41f1eabd1cbe4cf59e09d8db41a697d51919bf2dfe727589a24a4a4d54?s=96&d=mm&r=g","url":"https:\/\/secure.gravatar.com\/avatar\/f8b90d41f1eabd1cbe4cf59e09d8db41a697d51919bf2dfe727589a24a4a4d54?s=96&d=mm&r=g","contentUrl":"https:\/\/secure.gravatar.com\/avatar\/f8b90d41f1eabd1cbe4cf59e09d8db41a697d51919bf2dfe727589a24a4a4d54?s=96&d=mm&r=g","caption":"Romain Boisaubert"},"description":"Test bio","url":"https:\/\/www.monaco-tribune.com\/it\/author\/romain-boisaubert\/"}]}},"_links":{"self":[{"href":"https:\/\/www.monaco-tribune.com\/it\/wp-json\/wp\/v2\/posts\/108141","targetHints":{"allow":["GET"]}}],"collection":[{"href":"https:\/\/www.monaco-tribune.com\/it\/wp-json\/wp\/v2\/posts"}],"about":[{"href":"https:\/\/www.monaco-tribune.com\/it\/wp-json\/wp\/v2\/types\/post"}],"author":[{"embeddable":true,"href":"https:\/\/www.monaco-tribune.com\/it\/wp-json\/wp\/v2\/users\/24"}],"replies":[{"embeddable":true,"href":"https:\/\/www.monaco-tribune.com\/it\/wp-json\/wp\/v2\/comments?post=108141"}],"version-history":[{"count":0,"href":"https:\/\/www.monaco-tribune.com\/it\/wp-json\/wp\/v2\/posts\/108141\/revisions"}],"wp:featuredmedia":[{"embeddable":true,"href":"https:\/\/www.monaco-tribune.com\/it\/wp-json\/wp\/v2\/media\/108054"}],"wp:attachment":[{"href":"https:\/\/www.monaco-tribune.com\/it\/wp-json\/wp\/v2\/media?parent=108141"}],"wp:term":[{"taxonomy":"category","embeddable":true,"href":"https:\/\/www.monaco-tribune.com\/it\/wp-json\/wp\/v2\/categories?post=108141"},{"taxonomy":"post_tag","embeddable":true,"href":"https:\/\/www.monaco-tribune.com\/it\/wp-json\/wp\/v2\/tags?post=108141"},{"taxonomy":"sectag","embeddable":true,"href":"https:\/\/www.monaco-tribune.com\/it\/wp-json\/wp\/v2\/post_sectags?post=108141"},{"taxonomy":"format","embeddable":true,"href":"https:\/\/www.monaco-tribune.com\/it\/wp-json\/wp\/v2\/post_format?post=108141"}],"curies":[{"name":"wp","href":"https:\/\/api.w.org\/{rel}","templated":true}]}}